{"id":31119,"date":"2025-03-14T15:25:38","date_gmt":"2025-03-14T14:25:38","guid":{"rendered":"https:\/\/www.revuemusicale.ch\/?p=31119"},"modified":"2025-05-06T10:53:27","modified_gmt":"2025-05-06T08:53:27","slug":"trente-ans-dexcellence","status":"publish","type":"post","link":"https:\/\/www.revuemusicale.ch\/en\/critiques\/disques\/2025\/03\/trente-ans-dexcellence","title":{"rendered":"Thirty years of excellence"},"content":{"rendered":"<figure id=\"attachment_31121\" aria-describedby=\"caption-attachment-31121\" style=\"width: 903px\" class=\"wp-caption alignleft\"><img loading=\"lazy\" decoding=\"async\" class=\"wp-image-31121 size-full\" src=\"https:\/\/www.revuemusicale.ch\/wp-content\/uploads\/2025\/03\/Schweizer-Jugendchor_klein.jpg\" alt=\"\" width=\"903\" height=\"602\" srcset=\"https:\/\/www.revuemusicale.ch\/wp-content\/uploads\/2025\/03\/Schweizer-Jugendchor_klein.jpg 903w, https:\/\/www.revuemusicale.ch\/wp-content\/uploads\/2025\/03\/Schweizer-Jugendchor_klein-300x200.jpg 300w, https:\/\/www.revuemusicale.ch\/wp-content\/uploads\/2025\/03\/Schweizer-Jugendchor_klein-600x400.jpg 600w, https:\/\/www.revuemusicale.ch\/wp-content\/uploads\/2025\/03\/Schweizer-Jugendchor_klein-768x512.jpg 768w, https:\/\/www.revuemusicale.ch\/wp-content\/uploads\/2025\/03\/Schweizer-Jugendchor_klein-18x12.jpg 18w, https:\/\/www.revuemusicale.ch\/wp-content\/uploads\/2025\/03\/Schweizer-Jugendchor_klein-263x175.jpg 263w, https:\/\/www.revuemusicale.ch\/wp-content\/uploads\/2025\/03\/Schweizer-Jugendchor_klein-525x350.jpg 525w\" sizes=\"auto, (max-width: 903px) 100vw, 903px\" \/><figcaption id=\"caption-attachment-31121\" class=\"wp-caption-text\">The Swiss Youth Choir with Nicolas Fink (center, in black). Photo: DR<\/figcaption><\/figure>\n<p>The quality of the work done for the next generation of musicians can be seen both in the public schools, music schools and youth ensembles that form the base of the pyramid, and in the results achieved by the top ensembles, which bring together what must be called the elite of today's young generation, representing the top of the pyramid.<\/p>\n<p>Thirty years after its foundation, the Swiss Youth Choir has recorded a monumental selection of three sacred a cappella works by Swiss composers of the 20th century.<sup>\u00e8me<\/sup> century, and demonstrates that work at the top is assured. Its impressive quality under the direction of conductor Nicolas Fink offers not only the pleasure of listening, but also the joy of optimism about the future of state-of-the-art choral singing.<\/p>\n<p>The choir's vocal substance is flawless: young, supple voices, technically highly advanced without being overworked, are ideal for merging and remaining homogeneous even in virtuoso or delicate moments; they thus retain a natural quality that costs professional choirs a lot of work. Nicolas Fink is an ideal guide to help young musicians realize their enormous potential, thanks to his broad international experience and technical sovereignty; it's fortunate that he's willing to put his talent at the service of the next generation.<\/p>\n<p>Surrounded by Willy Burkhardt (whose <em>Kleiner Psalter<\/em> is \"small\" in name only) and by Frank Martin with his <em>Mass for double choir<\/em>we discover an excellent new work by Cyrill Sch\u00fcrch, Psalm 19 <em>Heaven in every place<\/em>. This is not the first collaboration between composer and choir, and from the outset we notice a shared desire to exploit all the possibilities of this exceptional ensemble, and to push back its technical limits even further: the tessituras of all the voices are extreme, the harmonies and rhythms are complex, and the composition follows the expression of the text in its slightest nuances.<\/p>\n<p>This ensemble deserves our unreserved congratulations on its thirtieth anniversary, and our best wishes for a bright and fruitful future.<img loading=\"lazy\" decoding=\"async\" class=\"aligncenter wp-image-31124 size-medium\" src=\"https:\/\/www.revuemusicale.ch\/wp-content\/uploads\/2025\/03\/03_crit_cd_Chamot-300x300.jpg\" alt=\"\" width=\"300\" height=\"300\" srcset=\"https:\/\/www.revuemusicale.ch\/wp-content\/uploads\/2025\/03\/03_crit_cd_Chamot-300x300.jpg 300w, https:\/\/www.revuemusicale.ch\/wp-content\/uploads\/2025\/03\/03_crit_cd_Chamot-1024x1024.jpg 1024w, https:\/\/www.revuemusicale.ch\/wp-content\/uploads\/2025\/03\/03_crit_cd_Chamot-768x768.jpg 768w, https:\/\/www.revuemusicale.ch\/wp-content\/uploads\/2025\/03\/03_crit_cd_Chamot-1536x1536.jpg 1536w, https:\/\/www.revuemusicale.ch\/wp-content\/uploads\/2025\/03\/03_crit_cd_Chamot-2048x2048.jpg 2048w, https:\/\/www.revuemusicale.ch\/wp-content\/uploads\/2025\/03\/03_crit_cd_Chamot-12x12.jpg 12w, https:\/\/www.revuemusicale.ch\/wp-content\/uploads\/2025\/03\/03_crit_cd_Chamot-175x175.jpg 175w, https:\/\/www.revuemusicale.ch\/wp-content\/uploads\/2025\/03\/03_crit_cd_Chamot-350x350.jpg 350w, https:\/\/www.revuemusicale.ch\/wp-content\/uploads\/2025\/03\/03_crit_cd_Chamot-800x800.jpg 800w, https:\/\/www.revuemusicale.ch\/wp-content\/uploads\/2025\/03\/03_crit_cd_Chamot-920x920.jpg 920w, https:\/\/www.revuemusicale.ch\/wp-content\/uploads\/2025\/03\/03_crit_cd_Chamot-1400x1400.jpg 1400w, https:\/\/www.revuemusicale.ch\/wp-content\/uploads\/2025\/03\/03_crit_cd_Chamot-150x150.jpg 150w, https:\/\/www.revuemusicale.ch\/wp-content\/uploads\/2025\/03\/03_crit_cd_Chamot-100x100.jpg 100w, https:\/\/www.revuemusicale.ch\/wp-content\/uploads\/2025\/03\/03_crit_cd_Chamot-24x24.jpg 24w, https:\/\/www.revuemusicale.ch\/wp-content\/uploads\/2025\/03\/03_crit_cd_Chamot-48x48.jpg 48w, https:\/\/www.revuemusicale.ch\/wp-content\/uploads\/2025\/03\/03_crit_cd_Chamot-96x96.jpg 96w, https:\/\/www.revuemusicale.ch\/wp-content\/uploads\/2025\/03\/03_crit_cd_Chamot-250x250.jpg 250w, https:\/\/www.revuemusicale.ch\/wp-content\/uploads\/2025\/03\/03_crit_cd_Chamot.jpg 1000w\" sizes=\"auto, (max-width: 300px) 100vw, 300px\" \/><\/p>\n<p><em>Mass for double choir. A cappella works by Frank Martin, Willy Burkhard and Cyrill Sch\u00fcrch. Swiss Youth Choir. Zytglogge<\/em><\/p>","protected":false},"excerpt":{"rendered":"<p>The Swiss Youth Choir has recorded sacred a cappella works by Frank Martin, Willy Burkhard and Cyrill Sch\u00fcrch. <\/p>","protected":false},"author":1,"featured_media":31121,"comment_status":"closed","ping_status":"closed","sticky":false,"template":"","format":"standard","meta":{"_acf_changed":false,"_relevanssi_hide_post":"","_relevanssi_hide_content":"","_relevanssi_pin_for_all":"","_relevanssi_pin_keywords":"","_relevanssi_unpin_keywords":"","_relevanssi_related_keywords":"","_relevanssi_related_include_ids":"","_relevanssi_related_exclude_ids":"","_relevanssi_related_no_append":"","_relevanssi_related_not_related":"","_relevanssi_related_posts":"","_relevanssi_noindex_reason":"","pgc_sgb_lightbox_settings":"","footnotes":""},"categories":[1614,1615],"tags":[2148,2152,2150,2149,2151],"class_list":["post-31119","post","type-post","status-publish","format-standard","has-post-thumbnail","hentry","category-critiques","category-disques","tag-choeur-suisse-des-jeunes","tag-cyrill-schurch","tag-frank-martin","tag-nicolas-fink","tag-willy-burkhard"],"acf":[],"yoast_head":"<!-- This site is optimized with the Yoast SEO plugin v27.3 - https:\/\/yoast.com\/product\/yoast-seo-wordpress\/ -->\n<title>Trente ans d&#039;excellence - Revue Musicale Suisse<\/title>\n<meta name=\"robots\" content=\"index, follow, max-snippet:-1, max-image-preview:large, max-video-preview:-1\" \/>\n<link rel=\"canonical\" href=\"https:\/\/www.revuemusicale.ch\/en\/critiques\/disques\/2025\/03\/trente-ans-dexcellence\/\" \/>\n<meta property=\"og:locale\" content=\"en_US\" \/>\n<meta property=\"og:type\" content=\"article\" \/>\n<meta property=\"og:title\" content=\"Trente ans d&#039;excellence - Revue Musicale Suisse\" \/>\n<meta property=\"og:description\" content=\"Le Ch\u0153ur Suisse des Jeunes a enregistr\u00e9 des \u0153uvres sacr\u00e9es a cappella de Frank Martin, Willy Burkhard et Cyrill Sch\u00fcrch.\" \/>\n<meta property=\"og:url\" content=\"https:\/\/www.revuemusicale.ch\/en\/critiques\/disques\/2025\/03\/trente-ans-dexcellence\/\" \/>\n<meta property=\"og:site_name\" content=\"Revue Musicale Suisse\" \/>\n<meta property=\"article:publisher\" content=\"https:\/\/www.facebook.com\/SchweizerMusikzeitung\/\" \/>\n<meta property=\"article:published_time\" content=\"2025-03-14T14:25:38+00:00\" \/>\n<meta property=\"article:modified_time\" content=\"2025-05-06T08:53:27+00:00\" \/>\n<meta property=\"og:image\" content=\"https:\/\/www.revuemusicale.ch\/wp-content\/uploads\/2025\/03\/Schweizer-Jugendchor_klein.jpg\" \/>\n\t<meta property=\"og:image:width\" content=\"903\" \/>\n\t<meta property=\"og:image:height\" content=\"602\" \/>\n\t<meta property=\"og:image:type\" content=\"image\/jpeg\" \/>\n<meta name=\"author\" content=\"Musikzeitung-Redaktion\" \/>\n<meta name=\"twitter:card\" content=\"summary_large_image\" \/>\n<meta name=\"twitter:creator\" content=\"@smusikzeitung\" \/>\n<meta name=\"twitter:site\" content=\"@smusikzeitung\" \/>\n<meta name=\"twitter:label1\" content=\"Written by\" \/>\n\t<meta name=\"twitter:data1\" content=\"Musikzeitung-Redaktion\" \/>\n\t<meta name=\"twitter:label2\" content=\"Est. reading time\" \/>\n\t<meta name=\"twitter:data2\" content=\"3 minutes\" \/>\n<script type=\"application\/ld+json\" class=\"yoast-schema-graph\">{\"@context\":\"https:\\\/\\\/schema.org\",\"@graph\":[{\"@type\":\"Article\",\"@id\":\"https:\\\/\\\/www.revuemusicale.ch\\\/critiques\\\/disques\\\/2025\\\/03\\\/trente-ans-dexcellence#article\",\"isPartOf\":{\"@id\":\"https:\\\/\\\/www.revuemusicale.ch\\\/critiques\\\/disques\\\/2025\\\/03\\\/trente-ans-dexcellence\"},\"author\":{\"name\":\"Musikzeitung-Redaktion\",\"@id\":\"https:\\\/\\\/www.revuemusicale.ch\\\/#\\\/schema\\\/person\\\/b2fd892c800856270b9dcc6001265712\"},\"headline\":\"Trente ans d&rsquo;excellence\",\"datePublished\":\"2025-03-14T14:25:38+00:00\",\"dateModified\":\"2025-05-06T08:53:27+00:00\",\"mainEntityOfPage\":{\"@id\":\"https:\\\/\\\/www.revuemusicale.ch\\\/critiques\\\/disques\\\/2025\\\/03\\\/trente-ans-dexcellence\"},\"wordCount\":424,\"publisher\":{\"@id\":\"https:\\\/\\\/www.revuemusicale.ch\\\/#organization\"},\"image\":{\"@id\":\"https:\\\/\\\/www.revuemusicale.ch\\\/critiques\\\/disques\\\/2025\\\/03\\\/trente-ans-dexcellence#primaryimage\"},\"thumbnailUrl\":\"https:\\\/\\\/www.revuemusicale.ch\\\/wp-content\\\/uploads\\\/2025\\\/03\\\/Schweizer-Jugendchor_klein.jpg\",\"keywords\":[\"Ch\u0153ur Suisse des Jeunes\",\"Cyrill Sch\u00fcrch\",\"Frank Martin\",\"Nicolas Fink\",\"Willy Burkhard\"],\"articleSection\":[\"Critiques\",\"Disques\"],\"inLanguage\":\"en-US\"},{\"@type\":\"WebPage\",\"@id\":\"https:\\\/\\\/www.revuemusicale.ch\\\/critiques\\\/disques\\\/2025\\\/03\\\/trente-ans-dexcellence\",\"url\":\"https:\\\/\\\/www.revuemusicale.ch\\\/critiques\\\/disques\\\/2025\\\/03\\\/trente-ans-dexcellence\",\"name\":\"Trente ans d'excellence - Revue Musicale Suisse\",\"isPartOf\":{\"@id\":\"https:\\\/\\\/www.revuemusicale.ch\\\/#website\"},\"primaryImageOfPage\":{\"@id\":\"https:\\\/\\\/www.revuemusicale.ch\\\/critiques\\\/disques\\\/2025\\\/03\\\/trente-ans-dexcellence#primaryimage\"},\"image\":{\"@id\":\"https:\\\/\\\/www.revuemusicale.ch\\\/critiques\\\/disques\\\/2025\\\/03\\\/trente-ans-dexcellence#primaryimage\"},\"thumbnailUrl\":\"https:\\\/\\\/www.revuemusicale.ch\\\/wp-content\\\/uploads\\\/2025\\\/03\\\/Schweizer-Jugendchor_klein.jpg\",\"datePublished\":\"2025-03-14T14:25:38+00:00\",\"dateModified\":\"2025-05-06T08:53:27+00:00\",\"breadcrumb\":{\"@id\":\"https:\\\/\\\/www.revuemusicale.ch\\\/critiques\\\/disques\\\/2025\\\/03\\\/trente-ans-dexcellence#breadcrumb\"},\"inLanguage\":\"en-US\",\"potentialAction\":[{\"@type\":\"ReadAction\",\"target\":[\"https:\\\/\\\/www.revuemusicale.ch\\\/critiques\\\/disques\\\/2025\\\/03\\\/trente-ans-dexcellence\"]}]},{\"@type\":\"ImageObject\",\"inLanguage\":\"en-US\",\"@id\":\"https:\\\/\\\/www.revuemusicale.ch\\\/critiques\\\/disques\\\/2025\\\/03\\\/trente-ans-dexcellence#primaryimage\",\"url\":\"https:\\\/\\\/www.revuemusicale.ch\\\/wp-content\\\/uploads\\\/2025\\\/03\\\/Schweizer-Jugendchor_klein.jpg\",\"contentUrl\":\"https:\\\/\\\/www.revuemusicale.ch\\\/wp-content\\\/uploads\\\/2025\\\/03\\\/Schweizer-Jugendchor_klein.jpg\",\"width\":903,\"height\":602},{\"@type\":\"BreadcrumbList\",\"@id\":\"https:\\\/\\\/www.revuemusicale.ch\\\/critiques\\\/disques\\\/2025\\\/03\\\/trente-ans-dexcellence#breadcrumb\",\"itemListElement\":[{\"@type\":\"ListItem\",\"position\":1,\"name\":\"Home\",\"item\":\"https:\\\/\\\/www.revuemusicale.ch\\\/\"},{\"@type\":\"ListItem\",\"position\":2,\"name\":\"Trente ans d&rsquo;excellence\"}]},{\"@type\":\"WebSite\",\"@id\":\"https:\\\/\\\/www.revuemusicale.ch\\\/#website\",\"url\":\"https:\\\/\\\/www.revuemusicale.ch\\\/\",\"name\":\"Revue Musicale Suisse\",\"description\":\"\",\"publisher\":{\"@id\":\"https:\\\/\\\/www.revuemusicale.ch\\\/#organization\"},\"potentialAction\":[{\"@type\":\"SearchAction\",\"target\":{\"@type\":\"EntryPoint\",\"urlTemplate\":\"https:\\\/\\\/www.revuemusicale.ch\\\/?s={search_term_string}\"},\"query-input\":{\"@type\":\"PropertyValueSpecification\",\"valueRequired\":true,\"valueName\":\"search_term_string\"}}],\"inLanguage\":\"en-US\"},{\"@type\":\"Organization\",\"@id\":\"https:\\\/\\\/www.revuemusicale.ch\\\/#organization\",\"name\":\"Revue Musicale Suisse\",\"url\":\"https:\\\/\\\/www.revuemusicale.ch\\\/\",\"logo\":{\"@type\":\"ImageObject\",\"inLanguage\":\"en-US\",\"@id\":\"https:\\\/\\\/www.revuemusicale.ch\\\/#\\\/schema\\\/logo\\\/image\\\/\",\"url\":\"https:\\\/\\\/www.revuemusicale.ch\\\/wp-content\\\/uploads\\\/2023\\\/01\\\/logo_revuemusicale_musikzeitung.jpg\",\"contentUrl\":\"https:\\\/\\\/www.revuemusicale.ch\\\/wp-content\\\/uploads\\\/2023\\\/01\\\/logo_revuemusicale_musikzeitung.jpg\",\"width\":1200,\"height\":243,\"caption\":\"Revue Musicale Suisse\"},\"image\":{\"@id\":\"https:\\\/\\\/www.revuemusicale.ch\\\/#\\\/schema\\\/logo\\\/image\\\/\"},\"sameAs\":[\"https:\\\/\\\/www.facebook.com\\\/SchweizerMusikzeitung\\\/\",\"https:\\\/\\\/x.com\\\/smusikzeitung\",\"https:\\\/\\\/www.instagram.com\\\/musikzeitung.ch\\\/?hl=de\"]},{\"@type\":\"Person\",\"@id\":\"https:\\\/\\\/www.revuemusicale.ch\\\/#\\\/schema\\\/person\\\/b2fd892c800856270b9dcc6001265712\",\"name\":\"Musikzeitung-Redaktion\",\"image\":{\"@type\":\"ImageObject\",\"inLanguage\":\"en-US\",\"@id\":\"https:\\\/\\\/secure.gravatar.com\\\/avatar\\\/0c7e6a405862e402eb76a70f8a26fc732d07c32931e9fae9ab1582911d2e8a3b?s=96&d=mm&r=g\",\"url\":\"https:\\\/\\\/secure.gravatar.com\\\/avatar\\\/0c7e6a405862e402eb76a70f8a26fc732d07c32931e9fae9ab1582911d2e8a3b?s=96&d=mm&r=g\",\"contentUrl\":\"https:\\\/\\\/secure.gravatar.com\\\/avatar\\\/0c7e6a405862e402eb76a70f8a26fc732d07c32931e9fae9ab1582911d2e8a3b?s=96&d=mm&r=g\",\"caption\":\"Musikzeitung-Redaktion\"},\"sameAs\":[\"http:\\\/\\\/wundo-docker.io\"],\"url\":\"https:\\\/\\\/www.revuemusicale.ch\\\/en\\\/author\\\/admin\"}]}<\/script>\n<!-- \/ Yoast SEO plugin. -->","yoast_head_json":{"title":"Trente ans d'excellence - Revue Musicale Suisse","robots":{"index":"index","follow":"follow","max-snippet":"max-snippet:-1","max-image-preview":"max-image-preview:large","max-video-preview":"max-video-preview:-1"},"canonical":"https:\/\/www.revuemusicale.ch\/en\/critiques\/disques\/2025\/03\/trente-ans-dexcellence\/","og_locale":"en_US","og_type":"article","og_title":"Trente ans d'excellence - Revue Musicale Suisse","og_description":"Le Ch\u0153ur Suisse des Jeunes a enregistr\u00e9 des \u0153uvres sacr\u00e9es a cappella de Frank Martin, Willy Burkhard et Cyrill Sch\u00fcrch.","og_url":"https:\/\/www.revuemusicale.ch\/en\/critiques\/disques\/2025\/03\/trente-ans-dexcellence\/","og_site_name":"Revue Musicale Suisse","article_publisher":"https:\/\/www.facebook.com\/SchweizerMusikzeitung\/","article_published_time":"2025-03-14T14:25:38+00:00","article_modified_time":"2025-05-06T08:53:27+00:00","og_image":[{"width":903,"height":602,"url":"https:\/\/www.revuemusicale.ch\/wp-content\/uploads\/2025\/03\/Schweizer-Jugendchor_klein.jpg","type":"image\/jpeg"}],"author":"Musikzeitung-Redaktion","twitter_card":"summary_large_image","twitter_creator":"@smusikzeitung","twitter_site":"@smusikzeitung","twitter_misc":{"Written by":"Musikzeitung-Redaktion","Est. reading time":"3 minutes"},"schema":{"@context":"https:\/\/schema.org","@graph":[{"@type":"Article","@id":"https:\/\/www.revuemusicale.ch\/critiques\/disques\/2025\/03\/trente-ans-dexcellence#article","isPartOf":{"@id":"https:\/\/www.revuemusicale.ch\/critiques\/disques\/2025\/03\/trente-ans-dexcellence"},"author":{"name":"Musikzeitung-Redaktion","@id":"https:\/\/www.revuemusicale.ch\/#\/schema\/person\/b2fd892c800856270b9dcc6001265712"},"headline":"Trente ans d&rsquo;excellence","datePublished":"2025-03-14T14:25:38+00:00","dateModified":"2025-05-06T08:53:27+00:00","mainEntityOfPage":{"@id":"https:\/\/www.revuemusicale.ch\/critiques\/disques\/2025\/03\/trente-ans-dexcellence"},"wordCount":424,"publisher":{"@id":"https:\/\/www.revuemusicale.ch\/#organization"},"image":{"@id":"https:\/\/www.revuemusicale.ch\/critiques\/disques\/2025\/03\/trente-ans-dexcellence#primaryimage"},"thumbnailUrl":"https:\/\/www.revuemusicale.ch\/wp-content\/uploads\/2025\/03\/Schweizer-Jugendchor_klein.jpg","keywords":["Ch\u0153ur Suisse des Jeunes","Cyrill Sch\u00fcrch","Frank Martin","Nicolas Fink","Willy Burkhard"],"articleSection":["Critiques","Disques"],"inLanguage":"en-US"},{"@type":"WebPage","@id":"https:\/\/www.revuemusicale.ch\/critiques\/disques\/2025\/03\/trente-ans-dexcellence","url":"https:\/\/www.revuemusicale.ch\/critiques\/disques\/2025\/03\/trente-ans-dexcellence","name":"Trente ans d'excellence - Revue Musicale Suisse","isPartOf":{"@id":"https:\/\/www.revuemusicale.ch\/#website"},"primaryImageOfPage":{"@id":"https:\/\/www.revuemusicale.ch\/critiques\/disques\/2025\/03\/trente-ans-dexcellence#primaryimage"},"image":{"@id":"https:\/\/www.revuemusicale.ch\/critiques\/disques\/2025\/03\/trente-ans-dexcellence#primaryimage"},"thumbnailUrl":"https:\/\/www.revuemusicale.ch\/wp-content\/uploads\/2025\/03\/Schweizer-Jugendchor_klein.jpg","datePublished":"2025-03-14T14:25:38+00:00","dateModified":"2025-05-06T08:53:27+00:00","breadcrumb":{"@id":"https:\/\/www.revuemusicale.ch\/critiques\/disques\/2025\/03\/trente-ans-dexcellence#breadcrumb"},"inLanguage":"en-US","potentialAction":[{"@type":"ReadAction","target":["https:\/\/www.revuemusicale.ch\/critiques\/disques\/2025\/03\/trente-ans-dexcellence"]}]},{"@type":"ImageObject","inLanguage":"en-US","@id":"https:\/\/www.revuemusicale.ch\/critiques\/disques\/2025\/03\/trente-ans-dexcellence#primaryimage","url":"https:\/\/www.revuemusicale.ch\/wp-content\/uploads\/2025\/03\/Schweizer-Jugendchor_klein.jpg","contentUrl":"https:\/\/www.revuemusicale.ch\/wp-content\/uploads\/2025\/03\/Schweizer-Jugendchor_klein.jpg","width":903,"height":602},{"@type":"BreadcrumbList","@id":"https:\/\/www.revuemusicale.ch\/critiques\/disques\/2025\/03\/trente-ans-dexcellence#breadcrumb","itemListElement":[{"@type":"ListItem","position":1,"name":"Home","item":"https:\/\/www.revuemusicale.ch\/"},{"@type":"ListItem","position":2,"name":"Trente ans d&rsquo;excellence"}]},{"@type":"WebSite","@id":"https:\/\/www.revuemusicale.ch\/#website","url":"https:\/\/www.revuemusicale.ch\/","name":"Swiss Music Review","description":"","publisher":{"@id":"https:\/\/www.revuemusicale.ch\/#organization"},"potentialAction":[{"@type":"SearchAction","target":{"@type":"EntryPoint","urlTemplate":"https:\/\/www.revuemusicale.ch\/?s={search_term_string}"},"query-input":{"@type":"PropertyValueSpecification","valueRequired":true,"valueName":"search_term_string"}}],"inLanguage":"en-US"},{"@type":"Organization","@id":"https:\/\/www.revuemusicale.ch\/#organization","name":"Swiss Music Review","url":"https:\/\/www.revuemusicale.ch\/","logo":{"@type":"ImageObject","inLanguage":"en-US","@id":"https:\/\/www.revuemusicale.ch\/#\/schema\/logo\/image\/","url":"https:\/\/www.revuemusicale.ch\/wp-content\/uploads\/2023\/01\/logo_revuemusicale_musikzeitung.jpg","contentUrl":"https:\/\/www.revuemusicale.ch\/wp-content\/uploads\/2023\/01\/logo_revuemusicale_musikzeitung.jpg","width":1200,"height":243,"caption":"Revue Musicale Suisse"},"image":{"@id":"https:\/\/www.revuemusicale.ch\/#\/schema\/logo\/image\/"},"sameAs":["https:\/\/www.facebook.com\/SchweizerMusikzeitung\/","https:\/\/x.com\/smusikzeitung","https:\/\/www.instagram.com\/musikzeitung.ch\/?hl=de"]},{"@type":"Person","@id":"https:\/\/www.revuemusicale.ch\/#\/schema\/person\/b2fd892c800856270b9dcc6001265712","name":"Musikzeitung-Redaktion","image":{"@type":"ImageObject","inLanguage":"en-US","@id":"https:\/\/secure.gravatar.com\/avatar\/0c7e6a405862e402eb76a70f8a26fc732d07c32931e9fae9ab1582911d2e8a3b?s=96&d=mm&r=g","url":"https:\/\/secure.gravatar.com\/avatar\/0c7e6a405862e402eb76a70f8a26fc732d07c32931e9fae9ab1582911d2e8a3b?s=96&d=mm&r=g","contentUrl":"https:\/\/secure.gravatar.com\/avatar\/0c7e6a405862e402eb76a70f8a26fc732d07c32931e9fae9ab1582911d2e8a3b?s=96&d=mm&r=g","caption":"Musikzeitung-Redaktion"},"sameAs":["http:\/\/wundo-docker.io"],"url":"https:\/\/www.revuemusicale.ch\/en\/author\/admin"}]}},"publishpress_future_action":{"enabled":false,"date":"1970-01-01 01:00:00","action":"change-status","newStatus":"draft","terms":[],"taxonomy":"category","extraData":[]},"publishpress_future_workflow_manual_trigger":{"enabledWorkflows":[]},"_links":{"self":[{"href":"https:\/\/www.revuemusicale.ch\/en\/wp-json\/wp\/v2\/posts\/31119","targetHints":{"allow":["GET"]}}],"collection":[{"href":"https:\/\/www.revuemusicale.ch\/en\/wp-json\/wp\/v2\/posts"}],"about":[{"href":"https:\/\/www.revuemusicale.ch\/en\/wp-json\/wp\/v2\/types\/post"}],"author":[{"embeddable":true,"href":"https:\/\/www.revuemusicale.ch\/en\/wp-json\/wp\/v2\/users\/1"}],"replies":[{"embeddable":true,"href":"https:\/\/www.revuemusicale.ch\/en\/wp-json\/wp\/v2\/comments?post=31119"}],"version-history":[{"count":7,"href":"https:\/\/www.revuemusicale.ch\/en\/wp-json\/wp\/v2\/posts\/31119\/revisions"}],"predecessor-version":[{"id":31161,"href":"https:\/\/www.revuemusicale.ch\/en\/wp-json\/wp\/v2\/posts\/31119\/revisions\/31161"}],"wp:featuredmedia":[{"embeddable":true,"href":"https:\/\/www.revuemusicale.ch\/en\/wp-json\/wp\/v2\/media\/31121"}],"wp:attachment":[{"href":"https:\/\/www.revuemusicale.ch\/en\/wp-json\/wp\/v2\/media?parent=31119"}],"wp:term":[{"taxonomy":"category","embeddable":true,"href":"https:\/\/www.revuemusicale.ch\/en\/wp-json\/wp\/v2\/categories?post=31119"},{"taxonomy":"post_tag","embeddable":true,"href":"https:\/\/www.revuemusicale.ch\/en\/wp-json\/wp\/v2\/tags?post=31119"}],"curies":[{"name":"wp","href":"https:\/\/api.w.org\/{rel}","templated":true}]}}