{"id":31142,"date":"2025-03-13T16:21:11","date_gmt":"2025-03-13T15:21:11","guid":{"rendered":"https:\/\/www.revuemusicale.ch\/?p=31142"},"modified":"2025-03-13T16:21:43","modified_gmt":"2025-03-13T15:21:43","slug":"50-ans-au-service-de-la-sspm-vaud","status":"publish","type":"post","link":"https:\/\/www.revuemusicale.ch\/en\/basis\/sspm\/2025\/03\/50-ans-au-service-de-la-sspm-vaud","title":{"rendered":"50 years of service to the SSPM - Vaud!"},"content":{"rendered":"<p>I joined the SSPM-Vaud in 1967 after obtaining my piano teaching diploma. Before that, thanks to a CFC in business administration and a stay in England, I had a very interesting and well-paid job as a trilingual secretary. I started teaching at the Conservatoire de Vevey, which was a dependency of the Institut de Ribaupierre in Lausanne. The salary there was miserable, so I went into private practice. It still wasn't enough. Things changed when the SSPM-Vaud organized a training course to teach the Willems method, enabling us to teach groups of students. I'll be eternally grateful to the SSPM-Vaud for approaching Jacques Chapuis and Edgar Willems to train us to teach music education using this method. The SSPM-Vaud was a pioneer in this field in the canton of Vaud. This enabled us to take care of very young pupils aged 4-5, to whom we gave a musical education to develop ear training and rhythm. This training still exists today, and gives pupils a good foundation on which to begin learning the instrument that interests them.<\/p>\n<p>Following some disastrous experiences in the organization of exams, I took a stand, with the result that I was offered the job. So I was already involved in examinations before joining the committee. I joined the committee in 1975, at an extraordinary AGM when the entire committee resigned. A new committee was elected, but things went wrong when it came to electing the president: we wanted Claire Buenzod. What a horror: a woman! It took lengthy discussions before the meeting finally agreed to elect Claire Buenzod as president.<\/p>\n<p>Since then, I've been in charge of the Vaud section's secretariat. My training as a commercial employee enables me to carry out tasks with a certain typing facility. It's always nice to feel useful. I still enjoy putting my skills to work for our section.<\/p>\n<p>In 1976, I had the opportunity to take part, as hostess, in ISME, the International Society for Music Education organized by the SSPM. I had the privilege of meeting Dimitri Kabalewsky and Dimitri Shostakovich! They looked very sheepish, having no money to pay the registration fee! The president immediately intervened and I was able to give them the documents. As they didn't speak English, I hummed Kabalewsky's Toccatina, which immediately lightened the mood and I saw them smile; they looked very happy.<\/p>\n<p>It is difficult to summarize the highlights of all these years. The negotiations to obtain recognition from the State of Vaud, and consequently a subsidy to finance the annual examinations, lasted from 1977 to 1985. Indeed, public opinion on our profession regarded it as \"hardly a profession\" and saw no need to subsidize music teaching \"since it's a leisure activity\". In 1997, despite the Canton's financial difficulties and thanks to the tenacity of President Claire Grin, we were able to continue receiving the subsidy of Fr. 5,000.<br \/>\nOur outreach work brought us to the attention of the DFJC (Department of Education, Youth and Culture). So, in 2009, we were invited to meet State Councillor Anne-Catherine Lyon. During the consultation she had organized, President Marc-Henri Aubert and part of the committee were asked to give our opinion on the draft law on music schools. We affirmed our support for the AVEM-SSP positions. We made it clear that we want to be recognized as partners in the Vaud music education landscape.<\/p>\n<p>Thanks to the government's support, we are able to organize our annual examinations with a certain degree of serenity. Over the past 50 years, these examinations have changed a great deal. In my early days, to avoid favoritism, students presented themselves anonymously and the teacher was not present at the deliberations. This gave the impression of being judged by a secret court. Nowadays, teachers attend their students' performances and take part in the deliberations. This way of proceeding establishes a constructive dialogue for both the students and their teacher.<\/p>\n<p>From 2010 to the present day, we've been able to carry on organizing our events with peace of mind. I'm very happy to be able to contribute to the realization of our section's various projects and to the good understanding that reigns within the committee.<\/p>\n<p>There's always room for improvement, and I wish the section every success in continuing its activities with enthusiasm and a constructive spirit.<\/p>\n<p><em>Interview by Guy Fasel, President of SSPM-Vaud<\/em><\/p>","protected":false},"excerpt":{"rendered":"<p>This year, the SSPM - Vaud section celebrates 50 years of activity by their loyal secretary. It was in 1975 that Th\u00e9r\u00e8se Durrer joined the SSPM - Vaud committee, and since then she has served as secretary with energy, efficiency and dedication right up to the present day. She shares some of her memories with us.<\/p>","protected":false},"author":21898,"featured_media":31143,"comment_status":"closed","ping_status":"closed","sticky":false,"template":"","format":"standard","meta":{"_acf_changed":false,"_relevanssi_hide_post":"","_relevanssi_hide_content":"","_relevanssi_pin_for_all":"","_relevanssi_pin_keywords":"","_relevanssi_unpin_keywords":"","_relevanssi_related_keywords":"","_relevanssi_related_include_ids":"","_relevanssi_related_exclude_ids":"","_relevanssi_related_no_append":"","_relevanssi_related_not_related":"","_relevanssi_related_posts":"","_relevanssi_noindex_reason":"","pgc_sgb_lightbox_settings":"","footnotes":""},"categories":[51],"tags":[],"class_list":["post-31142","post","type-post","status-publish","format-standard","has-post-thumbnail","hentry","category-sspm"],"acf":[],"yoast_head":"<!-- This site is optimized with the Yoast SEO plugin v27.3 - https:\/\/yoast.com\/product\/yoast-seo-wordpress\/ -->\n<title>50 ans au service de la SSPM - Vaud! - Revue Musicale Suisse<\/title>\n<meta name=\"robots\" content=\"index, follow, max-snippet:-1, max-image-preview:large, max-video-preview:-1\" \/>\n<link rel=\"canonical\" href=\"https:\/\/www.revuemusicale.ch\/en\/basis\/sspm\/2025\/03\/50-ans-au-service-de-la-sspm-vaud\/\" \/>\n<meta property=\"og:locale\" content=\"en_US\" \/>\n<meta property=\"og:type\" content=\"article\" \/>\n<meta property=\"og:title\" content=\"50 ans au service de la SSPM - Vaud! - Revue Musicale Suisse\" \/>\n<meta property=\"og:description\" content=\"La section vaudoise de la SSPM c\u00e9l\u00e8bre cette ann\u00e9e les 50 ans d\u2019activit\u00e9 de leur fid\u00e8le secr\u00e9taire. C\u2019est en 1975, en effet, que Th\u00e9r\u00e8se Durrer a rejoint le comit\u00e9 de la SSPM - Vaud et d\u00e8s lors elle en a assum\u00e9 le secr\u00e9tariat avec toute son \u00e9nergie, son efficacit\u00e9 et son d\u00e9vouement jusqu\u2019\u00e0 aujourd\u2019hui. Elle nous livre quelques souvenirs.\" \/>\n<meta property=\"og:url\" content=\"https:\/\/www.revuemusicale.ch\/en\/basis\/sspm\/2025\/03\/50-ans-au-service-de-la-sspm-vaud\/\" \/>\n<meta property=\"og:site_name\" content=\"Revue Musicale Suisse\" \/>\n<meta property=\"article:publisher\" content=\"https:\/\/www.facebook.com\/SchweizerMusikzeitung\/\" \/>\n<meta property=\"article:published_time\" content=\"2025-03-13T15:21:11+00:00\" \/>\n<meta property=\"article:modified_time\" content=\"2025-03-13T15:21:43+00:00\" \/>\n<meta property=\"og:image\" content=\"https:\/\/www.revuemusicale.ch\/wp-content\/uploads\/2025\/03\/Therese-Durrer-e1741879257262.jpg\" \/>\n\t<meta property=\"og:image:width\" content=\"2997\" \/>\n\t<meta property=\"og:image:height\" content=\"2426\" \/>\n\t<meta property=\"og:image:type\" content=\"image\/jpeg\" \/>\n<meta name=\"author\" content=\"Marianne W\u00e4lchli\" \/>\n<meta name=\"twitter:card\" content=\"summary_large_image\" \/>\n<meta name=\"twitter:creator\" content=\"@smusikzeitung\" \/>\n<meta name=\"twitter:site\" content=\"@smusikzeitung\" \/>\n<meta name=\"twitter:label1\" content=\"Written by\" \/>\n\t<meta name=\"twitter:data1\" content=\"Marianne W\u00e4lchli\" \/>\n\t<meta name=\"twitter:label2\" content=\"Est. reading time\" \/>\n\t<meta name=\"twitter:data2\" content=\"4 minutes\" \/>\n<script type=\"application\/ld+json\" class=\"yoast-schema-graph\">{\"@context\":\"https:\\\/\\\/schema.org\",\"@graph\":[{\"@type\":\"Article\",\"@id\":\"https:\\\/\\\/www.revuemusicale.ch\\\/basis\\\/sspm\\\/2025\\\/03\\\/50-ans-au-service-de-la-sspm-vaud#article\",\"isPartOf\":{\"@id\":\"https:\\\/\\\/www.revuemusicale.ch\\\/basis\\\/sspm\\\/2025\\\/03\\\/50-ans-au-service-de-la-sspm-vaud\"},\"author\":{\"name\":\"Marianne W\u00e4lchli\",\"@id\":\"https:\\\/\\\/www.revuemusicale.ch\\\/#\\\/schema\\\/person\\\/aed9e141f1c6eabca23927825882e9bd\"},\"headline\":\"50 ans au service de la SSPM &#8211; Vaud!\",\"datePublished\":\"2025-03-13T15:21:11+00:00\",\"dateModified\":\"2025-03-13T15:21:43+00:00\",\"mainEntityOfPage\":{\"@id\":\"https:\\\/\\\/www.revuemusicale.ch\\\/basis\\\/sspm\\\/2025\\\/03\\\/50-ans-au-service-de-la-sspm-vaud\"},\"wordCount\":890,\"publisher\":{\"@id\":\"https:\\\/\\\/www.revuemusicale.ch\\\/#organization\"},\"image\":{\"@id\":\"https:\\\/\\\/www.revuemusicale.ch\\\/basis\\\/sspm\\\/2025\\\/03\\\/50-ans-au-service-de-la-sspm-vaud#primaryimage\"},\"thumbnailUrl\":\"https:\\\/\\\/www.revuemusicale.ch\\\/wp-content\\\/uploads\\\/2025\\\/03\\\/Therese-Durrer-e1741879257262.jpg\",\"articleSection\":[\"SSPM\"],\"inLanguage\":\"en-US\"},{\"@type\":\"WebPage\",\"@id\":\"https:\\\/\\\/www.revuemusicale.ch\\\/basis\\\/sspm\\\/2025\\\/03\\\/50-ans-au-service-de-la-sspm-vaud\",\"url\":\"https:\\\/\\\/www.revuemusicale.ch\\\/basis\\\/sspm\\\/2025\\\/03\\\/50-ans-au-service-de-la-sspm-vaud\",\"name\":\"50 ans au service de la SSPM - Vaud! - Revue Musicale Suisse\",\"isPartOf\":{\"@id\":\"https:\\\/\\\/www.revuemusicale.ch\\\/#website\"},\"primaryImageOfPage\":{\"@id\":\"https:\\\/\\\/www.revuemusicale.ch\\\/basis\\\/sspm\\\/2025\\\/03\\\/50-ans-au-service-de-la-sspm-vaud#primaryimage\"},\"image\":{\"@id\":\"https:\\\/\\\/www.revuemusicale.ch\\\/basis\\\/sspm\\\/2025\\\/03\\\/50-ans-au-service-de-la-sspm-vaud#primaryimage\"},\"thumbnailUrl\":\"https:\\\/\\\/www.revuemusicale.ch\\\/wp-content\\\/uploads\\\/2025\\\/03\\\/Therese-Durrer-e1741879257262.jpg\",\"datePublished\":\"2025-03-13T15:21:11+00:00\",\"dateModified\":\"2025-03-13T15:21:43+00:00\",\"breadcrumb\":{\"@id\":\"https:\\\/\\\/www.revuemusicale.ch\\\/basis\\\/sspm\\\/2025\\\/03\\\/50-ans-au-service-de-la-sspm-vaud#breadcrumb\"},\"inLanguage\":\"en-US\",\"potentialAction\":[{\"@type\":\"ReadAction\",\"target\":[\"https:\\\/\\\/www.revuemusicale.ch\\\/basis\\\/sspm\\\/2025\\\/03\\\/50-ans-au-service-de-la-sspm-vaud\"]}]},{\"@type\":\"ImageObject\",\"inLanguage\":\"en-US\",\"@id\":\"https:\\\/\\\/www.revuemusicale.ch\\\/basis\\\/sspm\\\/2025\\\/03\\\/50-ans-au-service-de-la-sspm-vaud#primaryimage\",\"url\":\"https:\\\/\\\/www.revuemusicale.ch\\\/wp-content\\\/uploads\\\/2025\\\/03\\\/Therese-Durrer-e1741879257262.jpg\",\"contentUrl\":\"https:\\\/\\\/www.revuemusicale.ch\\\/wp-content\\\/uploads\\\/2025\\\/03\\\/Therese-Durrer-e1741879257262.jpg\",\"width\":2997,\"height\":2426},{\"@type\":\"BreadcrumbList\",\"@id\":\"https:\\\/\\\/www.revuemusicale.ch\\\/basis\\\/sspm\\\/2025\\\/03\\\/50-ans-au-service-de-la-sspm-vaud#breadcrumb\",\"itemListElement\":[{\"@type\":\"ListItem\",\"position\":1,\"name\":\"Home\",\"item\":\"https:\\\/\\\/www.revuemusicale.ch\\\/\"},{\"@type\":\"ListItem\",\"position\":2,\"name\":\"50 ans au service de la SSPM &#8211; Vaud!\"}]},{\"@type\":\"WebSite\",\"@id\":\"https:\\\/\\\/www.revuemusicale.ch\\\/#website\",\"url\":\"https:\\\/\\\/www.revuemusicale.ch\\\/\",\"name\":\"Revue Musicale Suisse\",\"description\":\"\",\"publisher\":{\"@id\":\"https:\\\/\\\/www.revuemusicale.ch\\\/#organization\"},\"potentialAction\":[{\"@type\":\"SearchAction\",\"target\":{\"@type\":\"EntryPoint\",\"urlTemplate\":\"https:\\\/\\\/www.revuemusicale.ch\\\/?s={search_term_string}\"},\"query-input\":{\"@type\":\"PropertyValueSpecification\",\"valueRequired\":true,\"valueName\":\"search_term_string\"}}],\"inLanguage\":\"en-US\"},{\"@type\":\"Organization\",\"@id\":\"https:\\\/\\\/www.revuemusicale.ch\\\/#organization\",\"name\":\"Revue Musicale Suisse\",\"url\":\"https:\\\/\\\/www.revuemusicale.ch\\\/\",\"logo\":{\"@type\":\"ImageObject\",\"inLanguage\":\"en-US\",\"@id\":\"https:\\\/\\\/www.revuemusicale.ch\\\/#\\\/schema\\\/logo\\\/image\\\/\",\"url\":\"https:\\\/\\\/www.revuemusicale.ch\\\/wp-content\\\/uploads\\\/2023\\\/01\\\/logo_revuemusicale_musikzeitung.jpg\",\"contentUrl\":\"https:\\\/\\\/www.revuemusicale.ch\\\/wp-content\\\/uploads\\\/2023\\\/01\\\/logo_revuemusicale_musikzeitung.jpg\",\"width\":1200,\"height\":243,\"caption\":\"Revue Musicale Suisse\"},\"image\":{\"@id\":\"https:\\\/\\\/www.revuemusicale.ch\\\/#\\\/schema\\\/logo\\\/image\\\/\"},\"sameAs\":[\"https:\\\/\\\/www.facebook.com\\\/SchweizerMusikzeitung\\\/\",\"https:\\\/\\\/x.com\\\/smusikzeitung\",\"https:\\\/\\\/www.instagram.com\\\/musikzeitung.ch\\\/?hl=de\"]},{\"@type\":\"Person\",\"@id\":\"https:\\\/\\\/www.revuemusicale.ch\\\/#\\\/schema\\\/person\\\/aed9e141f1c6eabca23927825882e9bd\",\"name\":\"Marianne W\u00e4lchli\",\"image\":{\"@type\":\"ImageObject\",\"inLanguage\":\"en-US\",\"@id\":\"https:\\\/\\\/secure.gravatar.com\\\/avatar\\\/38051b42066354b3387944d4858f0db38df9bd42750adce08eb2e6606490c55f?s=96&d=mm&r=g\",\"url\":\"https:\\\/\\\/secure.gravatar.com\\\/avatar\\\/38051b42066354b3387944d4858f0db38df9bd42750adce08eb2e6606490c55f?s=96&d=mm&r=g\",\"contentUrl\":\"https:\\\/\\\/secure.gravatar.com\\\/avatar\\\/38051b42066354b3387944d4858f0db38df9bd42750adce08eb2e6606490c55f?s=96&d=mm&r=g\",\"caption\":\"Marianne W\u00e4lchli\"},\"url\":\"https:\\\/\\\/www.revuemusicale.ch\\\/en\\\/author\\\/marianne-waelchli\"}]}<\/script>\n<!-- \/ Yoast SEO plugin. -->","yoast_head_json":{"title":"50 ans au service de la SSPM - Vaud! - Revue Musicale Suisse","robots":{"index":"index","follow":"follow","max-snippet":"max-snippet:-1","max-image-preview":"max-image-preview:large","max-video-preview":"max-video-preview:-1"},"canonical":"https:\/\/www.revuemusicale.ch\/en\/basis\/sspm\/2025\/03\/50-ans-au-service-de-la-sspm-vaud\/","og_locale":"en_US","og_type":"article","og_title":"50 ans au service de la SSPM - Vaud! - Revue Musicale Suisse","og_description":"La section vaudoise de la SSPM c\u00e9l\u00e8bre cette ann\u00e9e les 50 ans d\u2019activit\u00e9 de leur fid\u00e8le secr\u00e9taire. C\u2019est en 1975, en effet, que Th\u00e9r\u00e8se Durrer a rejoint le comit\u00e9 de la SSPM - Vaud et d\u00e8s lors elle en a assum\u00e9 le secr\u00e9tariat avec toute son \u00e9nergie, son efficacit\u00e9 et son d\u00e9vouement jusqu\u2019\u00e0 aujourd\u2019hui. Elle nous livre quelques souvenirs.","og_url":"https:\/\/www.revuemusicale.ch\/en\/basis\/sspm\/2025\/03\/50-ans-au-service-de-la-sspm-vaud\/","og_site_name":"Revue Musicale Suisse","article_publisher":"https:\/\/www.facebook.com\/SchweizerMusikzeitung\/","article_published_time":"2025-03-13T15:21:11+00:00","article_modified_time":"2025-03-13T15:21:43+00:00","og_image":[{"width":2997,"height":2426,"url":"https:\/\/www.revuemusicale.ch\/wp-content\/uploads\/2025\/03\/Therese-Durrer-e1741879257262.jpg","type":"image\/jpeg"}],"author":"Marianne W\u00e4lchli","twitter_card":"summary_large_image","twitter_creator":"@smusikzeitung","twitter_site":"@smusikzeitung","twitter_misc":{"Written by":"Marianne W\u00e4lchli","Est. reading time":"4 minutes"},"schema":{"@context":"https:\/\/schema.org","@graph":[{"@type":"Article","@id":"https:\/\/www.revuemusicale.ch\/basis\/sspm\/2025\/03\/50-ans-au-service-de-la-sspm-vaud#article","isPartOf":{"@id":"https:\/\/www.revuemusicale.ch\/basis\/sspm\/2025\/03\/50-ans-au-service-de-la-sspm-vaud"},"author":{"name":"Marianne W\u00e4lchli","@id":"https:\/\/www.revuemusicale.ch\/#\/schema\/person\/aed9e141f1c6eabca23927825882e9bd"},"headline":"50 ans au service de la SSPM &#8211; Vaud!","datePublished":"2025-03-13T15:21:11+00:00","dateModified":"2025-03-13T15:21:43+00:00","mainEntityOfPage":{"@id":"https:\/\/www.revuemusicale.ch\/basis\/sspm\/2025\/03\/50-ans-au-service-de-la-sspm-vaud"},"wordCount":890,"publisher":{"@id":"https:\/\/www.revuemusicale.ch\/#organization"},"image":{"@id":"https:\/\/www.revuemusicale.ch\/basis\/sspm\/2025\/03\/50-ans-au-service-de-la-sspm-vaud#primaryimage"},"thumbnailUrl":"https:\/\/www.revuemusicale.ch\/wp-content\/uploads\/2025\/03\/Therese-Durrer-e1741879257262.jpg","articleSection":["SSPM"],"inLanguage":"en-US"},{"@type":"WebPage","@id":"https:\/\/www.revuemusicale.ch\/basis\/sspm\/2025\/03\/50-ans-au-service-de-la-sspm-vaud","url":"https:\/\/www.revuemusicale.ch\/basis\/sspm\/2025\/03\/50-ans-au-service-de-la-sspm-vaud","name":"50 ans au service de la SSPM - Vaud! - Revue Musicale Suisse","isPartOf":{"@id":"https:\/\/www.revuemusicale.ch\/#website"},"primaryImageOfPage":{"@id":"https:\/\/www.revuemusicale.ch\/basis\/sspm\/2025\/03\/50-ans-au-service-de-la-sspm-vaud#primaryimage"},"image":{"@id":"https:\/\/www.revuemusicale.ch\/basis\/sspm\/2025\/03\/50-ans-au-service-de-la-sspm-vaud#primaryimage"},"thumbnailUrl":"https:\/\/www.revuemusicale.ch\/wp-content\/uploads\/2025\/03\/Therese-Durrer-e1741879257262.jpg","datePublished":"2025-03-13T15:21:11+00:00","dateModified":"2025-03-13T15:21:43+00:00","breadcrumb":{"@id":"https:\/\/www.revuemusicale.ch\/basis\/sspm\/2025\/03\/50-ans-au-service-de-la-sspm-vaud#breadcrumb"},"inLanguage":"en-US","potentialAction":[{"@type":"ReadAction","target":["https:\/\/www.revuemusicale.ch\/basis\/sspm\/2025\/03\/50-ans-au-service-de-la-sspm-vaud"]}]},{"@type":"ImageObject","inLanguage":"en-US","@id":"https:\/\/www.revuemusicale.ch\/basis\/sspm\/2025\/03\/50-ans-au-service-de-la-sspm-vaud#primaryimage","url":"https:\/\/www.revuemusicale.ch\/wp-content\/uploads\/2025\/03\/Therese-Durrer-e1741879257262.jpg","contentUrl":"https:\/\/www.revuemusicale.ch\/wp-content\/uploads\/2025\/03\/Therese-Durrer-e1741879257262.jpg","width":2997,"height":2426},{"@type":"BreadcrumbList","@id":"https:\/\/www.revuemusicale.ch\/basis\/sspm\/2025\/03\/50-ans-au-service-de-la-sspm-vaud#breadcrumb","itemListElement":[{"@type":"ListItem","position":1,"name":"Home","item":"https:\/\/www.revuemusicale.ch\/"},{"@type":"ListItem","position":2,"name":"50 ans au service de la SSPM &#8211; Vaud!"}]},{"@type":"WebSite","@id":"https:\/\/www.revuemusicale.ch\/#website","url":"https:\/\/www.revuemusicale.ch\/","name":"Swiss Music Review","description":"","publisher":{"@id":"https:\/\/www.revuemusicale.ch\/#organization"},"potentialAction":[{"@type":"SearchAction","target":{"@type":"EntryPoint","urlTemplate":"https:\/\/www.revuemusicale.ch\/?s={search_term_string}"},"query-input":{"@type":"PropertyValueSpecification","valueRequired":true,"valueName":"search_term_string"}}],"inLanguage":"en-US"},{"@type":"Organization","@id":"https:\/\/www.revuemusicale.ch\/#organization","name":"Swiss Music Review","url":"https:\/\/www.revuemusicale.ch\/","logo":{"@type":"ImageObject","inLanguage":"en-US","@id":"https:\/\/www.revuemusicale.ch\/#\/schema\/logo\/image\/","url":"https:\/\/www.revuemusicale.ch\/wp-content\/uploads\/2023\/01\/logo_revuemusicale_musikzeitung.jpg","contentUrl":"https:\/\/www.revuemusicale.ch\/wp-content\/uploads\/2023\/01\/logo_revuemusicale_musikzeitung.jpg","width":1200,"height":243,"caption":"Revue Musicale Suisse"},"image":{"@id":"https:\/\/www.revuemusicale.ch\/#\/schema\/logo\/image\/"},"sameAs":["https:\/\/www.facebook.com\/SchweizerMusikzeitung\/","https:\/\/x.com\/smusikzeitung","https:\/\/www.instagram.com\/musikzeitung.ch\/?hl=de"]},{"@type":"Person","@id":"https:\/\/www.revuemusicale.ch\/#\/schema\/person\/aed9e141f1c6eabca23927825882e9bd","name":"Marianne W\u00e4lchli","image":{"@type":"ImageObject","inLanguage":"en-US","@id":"https:\/\/secure.gravatar.com\/avatar\/38051b42066354b3387944d4858f0db38df9bd42750adce08eb2e6606490c55f?s=96&d=mm&r=g","url":"https:\/\/secure.gravatar.com\/avatar\/38051b42066354b3387944d4858f0db38df9bd42750adce08eb2e6606490c55f?s=96&d=mm&r=g","contentUrl":"https:\/\/secure.gravatar.com\/avatar\/38051b42066354b3387944d4858f0db38df9bd42750adce08eb2e6606490c55f?s=96&d=mm&r=g","caption":"Marianne W\u00e4lchli"},"url":"https:\/\/www.revuemusicale.ch\/en\/author\/marianne-waelchli"}]}},"publishpress_future_action":{"enabled":false,"date":"1970-01-01 01:00:00","action":"change-status","newStatus":"draft","terms":[],"taxonomy":"category","extraData":[]},"publishpress_future_workflow_manual_trigger":{"enabledWorkflows":[]},"_links":{"self":[{"href":"https:\/\/www.revuemusicale.ch\/en\/wp-json\/wp\/v2\/posts\/31142","targetHints":{"allow":["GET"]}}],"collection":[{"href":"https:\/\/www.revuemusicale.ch\/en\/wp-json\/wp\/v2\/posts"}],"about":[{"href":"https:\/\/www.revuemusicale.ch\/en\/wp-json\/wp\/v2\/types\/post"}],"author":[{"embeddable":true,"href":"https:\/\/www.revuemusicale.ch\/en\/wp-json\/wp\/v2\/users\/21898"}],"replies":[{"embeddable":true,"href":"https:\/\/www.revuemusicale.ch\/en\/wp-json\/wp\/v2\/comments?post=31142"}],"version-history":[{"count":2,"href":"https:\/\/www.revuemusicale.ch\/en\/wp-json\/wp\/v2\/posts\/31142\/revisions"}],"predecessor-version":[{"id":31145,"href":"https:\/\/www.revuemusicale.ch\/en\/wp-json\/wp\/v2\/posts\/31142\/revisions\/31145"}],"wp:featuredmedia":[{"embeddable":true,"href":"https:\/\/www.revuemusicale.ch\/en\/wp-json\/wp\/v2\/media\/31143"}],"wp:attachment":[{"href":"https:\/\/www.revuemusicale.ch\/en\/wp-json\/wp\/v2\/media?parent=31142"}],"wp:term":[{"taxonomy":"category","embeddable":true,"href":"https:\/\/www.revuemusicale.ch\/en\/wp-json\/wp\/v2\/categories?post=31142"},{"taxonomy":"post_tag","embeddable":true,"href":"https:\/\/www.revuemusicale.ch\/en\/wp-json\/wp\/v2\/tags?post=31142"}],"curies":[{"name":"wp","href":"https:\/\/api.w.org\/{rel}","templated":true}]}}