{"id":31149,"date":"2025-03-14T09:02:53","date_gmt":"2025-03-14T08:02:53","guid":{"rendered":"https:\/\/www.revuemusicale.ch\/?p=31149"},"modified":"2025-06-06T09:29:45","modified_gmt":"2025-06-06T07:29:45","slug":"numero-3-25-focus-patrie","status":"publish","type":"post","link":"https:\/\/www.revuemusicale.ch\/en\/smz\/2025\/03\/numero-3-25-focus-patrie","title":{"rendered":"Issue 3\/25 - Focus on \"Homeland"},"content":{"rendered":"<figure id=\"attachment_63619\" aria-describedby=\"caption-attachment-63619\" style=\"width: 2953px\" class=\"wp-caption aligncenter\"><img loading=\"lazy\" decoding=\"async\" class=\"size-full wp-image-63619\" src=\"https:\/\/www.musikzeitung.ch\/wp-content\/uploads\/2025\/03\/Titelseite.jpg\" alt=\"\" width=\"2953\" height=\"2147\" \/><figcaption id=\"caption-attachment-63619\" class=\"wp-caption-text\">Foto: Holger Jacob<\/figcaption><\/figure>\n<h3>Inhaltsverzeichnis<\/h3>\n<h3><strong>Focus<\/strong><\/h3>\n<p><em><strong>Creating a homeland with emotions<br \/>\n<\/strong>Diego and Lionel Baldenweg in interview<\/em><\/p>\n<p><strong>Switzerland as an inspiration<br \/>\n<\/strong>What typically Swiss features inspired the composers?<\/p>\n<p><em>Was an unserem Land hat einheimische und ausl\u00e4ndische Komponisten angeregt?<\/em><\/p>\n<p><em><strong>Folk music and homeland<\/strong><\/em><br \/>\n<em>In German-speaking Switzerland, Swiss folk music is in vogue<\/em><\/p>\n<p><b>Cat<br \/>\n<\/b>Lena-Lisa W\u00fcstend\u00f6rfer and Martin Korn<\/p>\n<p><em>(Italics: French summaries of German articles)<\/em><\/p>\n<h3><\/h3>\n<h3>Reviews<\/h3>\n<p><a href=\"https:\/\/www.revuemusicale.ch\/en\/categorie\/critiques\/\">New books, albums, sheet music<\/a><\/p>\n<h3><\/h3>\n<h3><strong>Echo<\/strong><\/h3>\n<p><strong>OSR embraces virtual reality<\/strong><br \/>\nThe Orchestre de la Suisse Romande immerses us in the heart of the orchestra with virtual reality.<\/p>\n<p><strong>HEMU, Uri Caine and Cullyjazz<\/strong><br \/>\nIn Cully, some twenty musicians from the HEMU will perform a suite by the American composer<\/p>\n<h3><strong>\u00a0<\/strong><\/h3>\n<h3><strong>Basis<\/strong><\/h3>\n<p>Articles and association news<\/p>\n<p><a href=\"https:\/\/www.musikzeitung.ch\/basis\/eov\/\" target=\"_blank\" rel=\"noopener\">Eidgen\u00f6ssischer Orchesterverband (EOV) \/ Soci\u00e9t\u00e9 F\u00e9d\u00e9rale des Orchestres (SFO)<\/a><\/p>\n<p><a href=\"https:\/\/www.musikzeitung.ch\/basis\/kmhs\" target=\"_blank\" rel=\"noopener\">Konferenz Musikhochschulen Schweiz (KMHS) \/ Conference of Swiss Colleges of Music (CHEMS)<\/a><\/p>\n<p><a href=\"https:\/\/www.musikzeitung.ch\/basis\/kalaidos\/\" target=\"_blank\" rel=\"noopener\">Kalaidos Musikhochschule \/ Kalaidos High School of Music<\/a><\/p>\n<p><a href=\"https:\/\/www.musikzeitung.ch\/basis\/smr\/\" target=\"_blank\" rel=\"noopener\">Schweizer Musikrat (SMR) \/ Swiss Music Council (CSM)<\/a><\/p>\n<p><a href=\"https:\/\/www.musikzeitung.ch\/basis\/chorama\/\" target=\"_blank\" rel=\"noopener\">CHorama<\/a><\/p>\n<p><a href=\"https:\/\/www.musikzeitung.ch\/basis\/smm\/\" target=\"_blank\" rel=\"noopener\">Schweizerische Gesellschaft f\u00fcr Musik-Medizin (SMM) \/ Swiss Association for Music Medicine (SMM)<\/a><\/p>\n<p><a href=\"https:\/\/www.musikzeitung.ch\/basis\/smg\/\" target=\"_blank\" rel=\"noopener\">Schweizerische Musikforschende Gesellschaft (SMG) \/ Swiss Musicological Society (SSM)<\/a><\/p>\n<p><a href=\"https:\/\/www.musikzeitung.ch\/basis\/smv\/\" target=\"_blank\" rel=\"noopener\">Schweizerischer Musikerverband (SMV) \/ Union Suisse des Artistes Musiciens (USDAM)<\/a><\/p>\n<p><a href=\"https:\/\/www.musikzeitung.ch\/basis\/smpv\/\" target=\"_blank\" rel=\"noopener\">Schweizerischer Musikp\u00e4dagogischer Verband (SMPV) \/ Soci\u00e9t\u00e9 Suisse de P\u00e9dagogie Musicale (SSPM)<\/a><\/p>\n<p><a href=\"https:\/\/www.musikzeitung.ch\/basis\/sonart\/\" target=\"_blank\" rel=\"noopener\">SONART - Musikschaffende Schweiz<\/a><\/p>\n<p><a href=\"https:\/\/www.musikzeitung.ch\/basis\/sjmw\/\" target=\"_blank\" rel=\"noopener\">Stiftung Schweizerischer Jugendmusikwettbewerb (SJMW)<\/a><\/p>\n<p><a href=\"https:\/\/www.musikzeitung.ch\/basis\/arosa-kultur\/\" target=\"_blank\" rel=\"noopener\">Arosa Kultur<\/a><\/p>\n<p><a href=\"https:\/\/www.musikzeitung.ch\/basis\/suisa\/\" target=\"_blank\" rel=\"noopener\">SUISA - Genossenschaft der Urheber und Verleger von Musik<\/a><\/p>\n<p><a href=\"https:\/\/www.musikzeitung.ch\/basis\/vms\/\" target=\"_blank\" rel=\"noopener\">Verband Musikschulen Schweiz (VMS) \/ Swiss Association of Music Schools (ASEM)<\/a><\/p>\n<p>&nbsp;<\/p>\n<p><strong>As its name suggests<br \/>\n<\/strong>Michael Kube's riddle<\/p>\n<p>________________________________________<\/p>\n<p><strong><a href=\"mailto:contact@musikzeitung.ch\">Order this issue for CHF 10.- (+ CHF 2.- postage)<\/a><\/strong><\/p>","protected":false},"excerpt":{"rendered":"<p>Inhaltsverzeichnis Focus Cr\u00e9er une patrie avec les \u00e9motions Diego et Lionel Baldenweg en interview La Suisse inspiratrice Quelles particularit\u00e9s typiquement suisses ont inspir\u00e9 les compositeurs ? Was an unserem Land hat einheimische und ausl\u00e4ndische Komponisten angeregt? Musique populaire et patrie En Suisse al\u00e9manique, la musique folklorique suisse est \u00e0 la mode Chat Lena-Lisa W\u00fcstend\u00f6rfer et [&hellip;]<\/p>\n","protected":false},"author":36252,"featured_media":31157,"comment_status":"closed","ping_status":"closed","sticky":false,"template":"","format":"standard","meta":{"_acf_changed":false,"_relevanssi_hide_post":"","_relevanssi_hide_content":"","_relevanssi_pin_for_all":"","_relevanssi_pin_keywords":"","_relevanssi_unpin_keywords":"","_relevanssi_related_keywords":"","_relevanssi_related_include_ids":"","_relevanssi_related_exclude_ids":"","_relevanssi_related_no_append":"","_relevanssi_related_not_related":"","_relevanssi_related_posts":"","_relevanssi_noindex_reason":"","pgc_sgb_lightbox_settings":"","footnotes":""},"categories":[1565],"tags":[2153,2155,2157,2158,2154,2159,1901,2160,2156],"class_list":["post-31149","post","type-post","status-publish","format-standard","has-post-thumbnail","hentry","category-smz","tag-diego-baldenweg-mit-nora-baldenweg-lionel-baldenweg","tag-hans-huber","tag-lena-lisa-wustendorfer","tag-martin-korn","tag-musique-de-film","tag-musique-folklorique","tag-musique-populaire","tag-musique-suisse","tag-ranz-des-vaches"],"acf":[],"yoast_head":"<!-- This site is optimized with the Yoast SEO plugin v27.3 - https:\/\/yoast.com\/product\/yoast-seo-wordpress\/ -->\n<title>Num\u00e9ro 3\/25 \u2013 Focus \u00ab\u00a0Patrie \u00bb - Revue Musicale Suisse<\/title>\n<meta name=\"robots\" content=\"index, follow, max-snippet:-1, max-image-preview:large, max-video-preview:-1\" \/>\n<link rel=\"canonical\" href=\"https:\/\/www.revuemusicale.ch\/en\/smz\/2025\/03\/numero-3-25-focus-patrie\/\" \/>\n<meta property=\"og:locale\" content=\"en_US\" \/>\n<meta property=\"og:type\" content=\"article\" \/>\n<meta property=\"og:title\" content=\"Num\u00e9ro 3\/25 \u2013 Focus \u00ab\u00a0Patrie \u00bb - Revue Musicale Suisse\" \/>\n<meta property=\"og:description\" content=\"Inhaltsverzeichnis Focus Cr\u00e9er une patrie avec les \u00e9motions Diego et Lionel Baldenweg en interview La Suisse inspiratrice Quelles particularit\u00e9s typiquement suisses ont inspir\u00e9 les compositeurs ? Was an unserem Land hat einheimische und ausl\u00e4ndische Komponisten angeregt? Musique populaire et patrie En Suisse al\u00e9manique, la musique folklorique suisse est \u00e0 la mode Chat Lena-Lisa W\u00fcstend\u00f6rfer et [&hellip;]\" \/>\n<meta property=\"og:url\" content=\"https:\/\/www.revuemusicale.ch\/en\/smz\/2025\/03\/numero-3-25-focus-patrie\/\" \/>\n<meta property=\"og:site_name\" content=\"Revue Musicale Suisse\" \/>\n<meta property=\"article:publisher\" content=\"https:\/\/www.facebook.com\/SchweizerMusikzeitung\/\" \/>\n<meta property=\"article:published_time\" content=\"2025-03-14T08:02:53+00:00\" \/>\n<meta property=\"article:modified_time\" content=\"2025-06-06T07:29:45+00:00\" \/>\n<meta property=\"og:image\" content=\"https:\/\/www.revuemusicale.ch\/wp-content\/uploads\/2025\/03\/Titelseite_neu.jpg\" \/>\n\t<meta property=\"og:image:width\" content=\"1375\" \/>\n\t<meta property=\"og:image:height\" content=\"1000\" \/>\n\t<meta property=\"og:image:type\" content=\"image\/jpeg\" \/>\n<meta name=\"author\" content=\"Jean Damien Humair\" \/>\n<meta name=\"twitter:card\" content=\"summary_large_image\" \/>\n<meta name=\"twitter:creator\" content=\"@smusikzeitung\" \/>\n<meta name=\"twitter:site\" content=\"@smusikzeitung\" \/>\n<meta name=\"twitter:label1\" content=\"Written by\" \/>\n\t<meta name=\"twitter:data1\" content=\"Jean Damien Humair\" \/>\n\t<meta name=\"twitter:label2\" content=\"Est. reading time\" \/>\n\t<meta name=\"twitter:data2\" content=\"2 minutes\" \/>\n<script type=\"application\/ld+json\" class=\"yoast-schema-graph\">{\"@context\":\"https:\\\/\\\/schema.org\",\"@graph\":[{\"@type\":\"Article\",\"@id\":\"https:\\\/\\\/www.revuemusicale.ch\\\/smz\\\/2025\\\/03\\\/numero-3-25-focus-patrie#article\",\"isPartOf\":{\"@id\":\"https:\\\/\\\/www.revuemusicale.ch\\\/smz\\\/2025\\\/03\\\/numero-3-25-focus-patrie\"},\"author\":{\"name\":\"Jean Damien Humair\",\"@id\":\"https:\\\/\\\/www.revuemusicale.ch\\\/#\\\/schema\\\/person\\\/1b30ea7776e9b81b23463f6dc0e62de1\"},\"headline\":\"Num\u00e9ro 3\\\/25 \u2013 Focus \u00ab\u00a0Patrie \u00bb\",\"datePublished\":\"2025-03-14T08:02:53+00:00\",\"dateModified\":\"2025-06-06T07:29:45+00:00\",\"mainEntityOfPage\":{\"@id\":\"https:\\\/\\\/www.revuemusicale.ch\\\/smz\\\/2025\\\/03\\\/numero-3-25-focus-patrie\"},\"wordCount\":292,\"publisher\":{\"@id\":\"https:\\\/\\\/www.revuemusicale.ch\\\/#organization\"},\"image\":{\"@id\":\"https:\\\/\\\/www.revuemusicale.ch\\\/smz\\\/2025\\\/03\\\/numero-3-25-focus-patrie#primaryimage\"},\"thumbnailUrl\":\"https:\\\/\\\/www.revuemusicale.ch\\\/wp-content\\\/uploads\\\/2025\\\/03\\\/Titelseite_neu.jpg\",\"keywords\":[\"Diego Baldenweg mit Nora Baldenweg &amp; Lionel Baldenweg\",\"Hans Huber\",\"Lena-Lisa W\u00fcstend\u00f6rfer\",\"Martin Korn\",\"Musique de film\",\"Musique folklorique\",\"Musique populaire\",\"Musique suisse\",\"Ranz des vaches\"],\"articleSection\":[\"SMZ\"],\"inLanguage\":\"en-US\"},{\"@type\":\"WebPage\",\"@id\":\"https:\\\/\\\/www.revuemusicale.ch\\\/smz\\\/2025\\\/03\\\/numero-3-25-focus-patrie\",\"url\":\"https:\\\/\\\/www.revuemusicale.ch\\\/smz\\\/2025\\\/03\\\/numero-3-25-focus-patrie\",\"name\":\"Num\u00e9ro 3\\\/25 \u2013 Focus \u00ab\u00a0Patrie \u00bb - Revue Musicale Suisse\",\"isPartOf\":{\"@id\":\"https:\\\/\\\/www.revuemusicale.ch\\\/#website\"},\"primaryImageOfPage\":{\"@id\":\"https:\\\/\\\/www.revuemusicale.ch\\\/smz\\\/2025\\\/03\\\/numero-3-25-focus-patrie#primaryimage\"},\"image\":{\"@id\":\"https:\\\/\\\/www.revuemusicale.ch\\\/smz\\\/2025\\\/03\\\/numero-3-25-focus-patrie#primaryimage\"},\"thumbnailUrl\":\"https:\\\/\\\/www.revuemusicale.ch\\\/wp-content\\\/uploads\\\/2025\\\/03\\\/Titelseite_neu.jpg\",\"datePublished\":\"2025-03-14T08:02:53+00:00\",\"dateModified\":\"2025-06-06T07:29:45+00:00\",\"breadcrumb\":{\"@id\":\"https:\\\/\\\/www.revuemusicale.ch\\\/smz\\\/2025\\\/03\\\/numero-3-25-focus-patrie#breadcrumb\"},\"inLanguage\":\"en-US\",\"potentialAction\":[{\"@type\":\"ReadAction\",\"target\":[\"https:\\\/\\\/www.revuemusicale.ch\\\/smz\\\/2025\\\/03\\\/numero-3-25-focus-patrie\"]}]},{\"@type\":\"ImageObject\",\"inLanguage\":\"en-US\",\"@id\":\"https:\\\/\\\/www.revuemusicale.ch\\\/smz\\\/2025\\\/03\\\/numero-3-25-focus-patrie#primaryimage\",\"url\":\"https:\\\/\\\/www.revuemusicale.ch\\\/wp-content\\\/uploads\\\/2025\\\/03\\\/Titelseite_neu.jpg\",\"contentUrl\":\"https:\\\/\\\/www.revuemusicale.ch\\\/wp-content\\\/uploads\\\/2025\\\/03\\\/Titelseite_neu.jpg\",\"width\":1375,\"height\":1000},{\"@type\":\"BreadcrumbList\",\"@id\":\"https:\\\/\\\/www.revuemusicale.ch\\\/smz\\\/2025\\\/03\\\/numero-3-25-focus-patrie#breadcrumb\",\"itemListElement\":[{\"@type\":\"ListItem\",\"position\":1,\"name\":\"Home\",\"item\":\"https:\\\/\\\/www.revuemusicale.ch\\\/\"},{\"@type\":\"ListItem\",\"position\":2,\"name\":\"Num\u00e9ro 3\\\/25 \u2013 Focus \u00ab\u00a0Patrie \u00bb\"}]},{\"@type\":\"WebSite\",\"@id\":\"https:\\\/\\\/www.revuemusicale.ch\\\/#website\",\"url\":\"https:\\\/\\\/www.revuemusicale.ch\\\/\",\"name\":\"Revue Musicale Suisse\",\"description\":\"\",\"publisher\":{\"@id\":\"https:\\\/\\\/www.revuemusicale.ch\\\/#organization\"},\"potentialAction\":[{\"@type\":\"SearchAction\",\"target\":{\"@type\":\"EntryPoint\",\"urlTemplate\":\"https:\\\/\\\/www.revuemusicale.ch\\\/?s={search_term_string}\"},\"query-input\":{\"@type\":\"PropertyValueSpecification\",\"valueRequired\":true,\"valueName\":\"search_term_string\"}}],\"inLanguage\":\"en-US\"},{\"@type\":\"Organization\",\"@id\":\"https:\\\/\\\/www.revuemusicale.ch\\\/#organization\",\"name\":\"Revue Musicale Suisse\",\"url\":\"https:\\\/\\\/www.revuemusicale.ch\\\/\",\"logo\":{\"@type\":\"ImageObject\",\"inLanguage\":\"en-US\",\"@id\":\"https:\\\/\\\/www.revuemusicale.ch\\\/#\\\/schema\\\/logo\\\/image\\\/\",\"url\":\"https:\\\/\\\/www.revuemusicale.ch\\\/wp-content\\\/uploads\\\/2023\\\/01\\\/logo_revuemusicale_musikzeitung.jpg\",\"contentUrl\":\"https:\\\/\\\/www.revuemusicale.ch\\\/wp-content\\\/uploads\\\/2023\\\/01\\\/logo_revuemusicale_musikzeitung.jpg\",\"width\":1200,\"height\":243,\"caption\":\"Revue Musicale Suisse\"},\"image\":{\"@id\":\"https:\\\/\\\/www.revuemusicale.ch\\\/#\\\/schema\\\/logo\\\/image\\\/\"},\"sameAs\":[\"https:\\\/\\\/www.facebook.com\\\/SchweizerMusikzeitung\\\/\",\"https:\\\/\\\/x.com\\\/smusikzeitung\",\"https:\\\/\\\/www.instagram.com\\\/musikzeitung.ch\\\/?hl=de\"]},{\"@type\":\"Person\",\"@id\":\"https:\\\/\\\/www.revuemusicale.ch\\\/#\\\/schema\\\/person\\\/1b30ea7776e9b81b23463f6dc0e62de1\",\"name\":\"Jean Damien Humair\",\"image\":{\"@type\":\"ImageObject\",\"inLanguage\":\"en-US\",\"@id\":\"https:\\\/\\\/secure.gravatar.com\\\/avatar\\\/19050aec28313b06b13b79b92029ec1dc485922fedd58cd581bfc6cd4b965244?s=96&d=mm&r=g\",\"url\":\"https:\\\/\\\/secure.gravatar.com\\\/avatar\\\/19050aec28313b06b13b79b92029ec1dc485922fedd58cd581bfc6cd4b965244?s=96&d=mm&r=g\",\"contentUrl\":\"https:\\\/\\\/secure.gravatar.com\\\/avatar\\\/19050aec28313b06b13b79b92029ec1dc485922fedd58cd581bfc6cd4b965244?s=96&d=mm&r=g\",\"caption\":\"Jean Damien Humair\"},\"url\":\"https:\\\/\\\/www.revuemusicale.ch\\\/en\\\/author\\\/jean-damien-humair\"}]}<\/script>\n<!-- \/ Yoast SEO plugin. -->","yoast_head_json":{"title":"Num\u00e9ro 3\/25 \u2013 Focus \u00ab\u00a0Patrie \u00bb - Revue Musicale Suisse","robots":{"index":"index","follow":"follow","max-snippet":"max-snippet:-1","max-image-preview":"max-image-preview:large","max-video-preview":"max-video-preview:-1"},"canonical":"https:\/\/www.revuemusicale.ch\/en\/smz\/2025\/03\/numero-3-25-focus-patrie\/","og_locale":"en_US","og_type":"article","og_title":"Num\u00e9ro 3\/25 \u2013 Focus \u00ab\u00a0Patrie \u00bb - Revue Musicale Suisse","og_description":"Inhaltsverzeichnis Focus Cr\u00e9er une patrie avec les \u00e9motions Diego et Lionel Baldenweg en interview La Suisse inspiratrice Quelles particularit\u00e9s typiquement suisses ont inspir\u00e9 les compositeurs ? Was an unserem Land hat einheimische und ausl\u00e4ndische Komponisten angeregt? Musique populaire et patrie En Suisse al\u00e9manique, la musique folklorique suisse est \u00e0 la mode Chat Lena-Lisa W\u00fcstend\u00f6rfer et [&hellip;]","og_url":"https:\/\/www.revuemusicale.ch\/en\/smz\/2025\/03\/numero-3-25-focus-patrie\/","og_site_name":"Revue Musicale Suisse","article_publisher":"https:\/\/www.facebook.com\/SchweizerMusikzeitung\/","article_published_time":"2025-03-14T08:02:53+00:00","article_modified_time":"2025-06-06T07:29:45+00:00","og_image":[{"width":1375,"height":1000,"url":"https:\/\/www.revuemusicale.ch\/wp-content\/uploads\/2025\/03\/Titelseite_neu.jpg","type":"image\/jpeg"}],"author":"Jean Damien Humair","twitter_card":"summary_large_image","twitter_creator":"@smusikzeitung","twitter_site":"@smusikzeitung","twitter_misc":{"Written by":"Jean Damien Humair","Est. reading time":"2 minutes"},"schema":{"@context":"https:\/\/schema.org","@graph":[{"@type":"Article","@id":"https:\/\/www.revuemusicale.ch\/smz\/2025\/03\/numero-3-25-focus-patrie#article","isPartOf":{"@id":"https:\/\/www.revuemusicale.ch\/smz\/2025\/03\/numero-3-25-focus-patrie"},"author":{"name":"Jean Damien Humair","@id":"https:\/\/www.revuemusicale.ch\/#\/schema\/person\/1b30ea7776e9b81b23463f6dc0e62de1"},"headline":"Num\u00e9ro 3\/25 \u2013 Focus \u00ab\u00a0Patrie \u00bb","datePublished":"2025-03-14T08:02:53+00:00","dateModified":"2025-06-06T07:29:45+00:00","mainEntityOfPage":{"@id":"https:\/\/www.revuemusicale.ch\/smz\/2025\/03\/numero-3-25-focus-patrie"},"wordCount":292,"publisher":{"@id":"https:\/\/www.revuemusicale.ch\/#organization"},"image":{"@id":"https:\/\/www.revuemusicale.ch\/smz\/2025\/03\/numero-3-25-focus-patrie#primaryimage"},"thumbnailUrl":"https:\/\/www.revuemusicale.ch\/wp-content\/uploads\/2025\/03\/Titelseite_neu.jpg","keywords":["Diego Baldenweg mit Nora Baldenweg &amp; Lionel Baldenweg","Hans Huber","Lena-Lisa W\u00fcstend\u00f6rfer","Martin Korn","Musique de film","Musique folklorique","Musique populaire","Musique suisse","Ranz des vaches"],"articleSection":["SMZ"],"inLanguage":"en-US"},{"@type":"WebPage","@id":"https:\/\/www.revuemusicale.ch\/smz\/2025\/03\/numero-3-25-focus-patrie","url":"https:\/\/www.revuemusicale.ch\/smz\/2025\/03\/numero-3-25-focus-patrie","name":"Num\u00e9ro 3\/25 \u2013 Focus \u00ab\u00a0Patrie \u00bb - Revue Musicale Suisse","isPartOf":{"@id":"https:\/\/www.revuemusicale.ch\/#website"},"primaryImageOfPage":{"@id":"https:\/\/www.revuemusicale.ch\/smz\/2025\/03\/numero-3-25-focus-patrie#primaryimage"},"image":{"@id":"https:\/\/www.revuemusicale.ch\/smz\/2025\/03\/numero-3-25-focus-patrie#primaryimage"},"thumbnailUrl":"https:\/\/www.revuemusicale.ch\/wp-content\/uploads\/2025\/03\/Titelseite_neu.jpg","datePublished":"2025-03-14T08:02:53+00:00","dateModified":"2025-06-06T07:29:45+00:00","breadcrumb":{"@id":"https:\/\/www.revuemusicale.ch\/smz\/2025\/03\/numero-3-25-focus-patrie#breadcrumb"},"inLanguage":"en-US","potentialAction":[{"@type":"ReadAction","target":["https:\/\/www.revuemusicale.ch\/smz\/2025\/03\/numero-3-25-focus-patrie"]}]},{"@type":"ImageObject","inLanguage":"en-US","@id":"https:\/\/www.revuemusicale.ch\/smz\/2025\/03\/numero-3-25-focus-patrie#primaryimage","url":"https:\/\/www.revuemusicale.ch\/wp-content\/uploads\/2025\/03\/Titelseite_neu.jpg","contentUrl":"https:\/\/www.revuemusicale.ch\/wp-content\/uploads\/2025\/03\/Titelseite_neu.jpg","width":1375,"height":1000},{"@type":"BreadcrumbList","@id":"https:\/\/www.revuemusicale.ch\/smz\/2025\/03\/numero-3-25-focus-patrie#breadcrumb","itemListElement":[{"@type":"ListItem","position":1,"name":"Home","item":"https:\/\/www.revuemusicale.ch\/"},{"@type":"ListItem","position":2,"name":"Num\u00e9ro 3\/25 \u2013 Focus \u00ab\u00a0Patrie \u00bb"}]},{"@type":"WebSite","@id":"https:\/\/www.revuemusicale.ch\/#website","url":"https:\/\/www.revuemusicale.ch\/","name":"Swiss Music Review","description":"","publisher":{"@id":"https:\/\/www.revuemusicale.ch\/#organization"},"potentialAction":[{"@type":"SearchAction","target":{"@type":"EntryPoint","urlTemplate":"https:\/\/www.revuemusicale.ch\/?s={search_term_string}"},"query-input":{"@type":"PropertyValueSpecification","valueRequired":true,"valueName":"search_term_string"}}],"inLanguage":"en-US"},{"@type":"Organization","@id":"https:\/\/www.revuemusicale.ch\/#organization","name":"Swiss Music Review","url":"https:\/\/www.revuemusicale.ch\/","logo":{"@type":"ImageObject","inLanguage":"en-US","@id":"https:\/\/www.revuemusicale.ch\/#\/schema\/logo\/image\/","url":"https:\/\/www.revuemusicale.ch\/wp-content\/uploads\/2023\/01\/logo_revuemusicale_musikzeitung.jpg","contentUrl":"https:\/\/www.revuemusicale.ch\/wp-content\/uploads\/2023\/01\/logo_revuemusicale_musikzeitung.jpg","width":1200,"height":243,"caption":"Revue Musicale Suisse"},"image":{"@id":"https:\/\/www.revuemusicale.ch\/#\/schema\/logo\/image\/"},"sameAs":["https:\/\/www.facebook.com\/SchweizerMusikzeitung\/","https:\/\/x.com\/smusikzeitung","https:\/\/www.instagram.com\/musikzeitung.ch\/?hl=de"]},{"@type":"Person","@id":"https:\/\/www.revuemusicale.ch\/#\/schema\/person\/1b30ea7776e9b81b23463f6dc0e62de1","name":"Jean Damien Humair","image":{"@type":"ImageObject","inLanguage":"en-US","@id":"https:\/\/secure.gravatar.com\/avatar\/19050aec28313b06b13b79b92029ec1dc485922fedd58cd581bfc6cd4b965244?s=96&d=mm&r=g","url":"https:\/\/secure.gravatar.com\/avatar\/19050aec28313b06b13b79b92029ec1dc485922fedd58cd581bfc6cd4b965244?s=96&d=mm&r=g","contentUrl":"https:\/\/secure.gravatar.com\/avatar\/19050aec28313b06b13b79b92029ec1dc485922fedd58cd581bfc6cd4b965244?s=96&d=mm&r=g","caption":"Jean Damien Humair"},"url":"https:\/\/www.revuemusicale.ch\/en\/author\/jean-damien-humair"}]}},"publishpress_future_action":{"enabled":false,"date":"1970-01-01 01:00:00","action":"change-status","newStatus":"draft","terms":[],"taxonomy":"category","extraData":[]},"publishpress_future_workflow_manual_trigger":{"enabledWorkflows":[]},"_links":{"self":[{"href":"https:\/\/www.revuemusicale.ch\/en\/wp-json\/wp\/v2\/posts\/31149","targetHints":{"allow":["GET"]}}],"collection":[{"href":"https:\/\/www.revuemusicale.ch\/en\/wp-json\/wp\/v2\/posts"}],"about":[{"href":"https:\/\/www.revuemusicale.ch\/en\/wp-json\/wp\/v2\/types\/post"}],"author":[{"embeddable":true,"href":"https:\/\/www.revuemusicale.ch\/en\/wp-json\/wp\/v2\/users\/36252"}],"replies":[{"embeddable":true,"href":"https:\/\/www.revuemusicale.ch\/en\/wp-json\/wp\/v2\/comments?post=31149"}],"version-history":[{"count":2,"href":"https:\/\/www.revuemusicale.ch\/en\/wp-json\/wp\/v2\/posts\/31149\/revisions"}],"predecessor-version":[{"id":31158,"href":"https:\/\/www.revuemusicale.ch\/en\/wp-json\/wp\/v2\/posts\/31149\/revisions\/31158"}],"wp:featuredmedia":[{"embeddable":true,"href":"https:\/\/www.revuemusicale.ch\/en\/wp-json\/wp\/v2\/media\/31157"}],"wp:attachment":[{"href":"https:\/\/www.revuemusicale.ch\/en\/wp-json\/wp\/v2\/media?parent=31149"}],"wp:term":[{"taxonomy":"category","embeddable":true,"href":"https:\/\/www.revuemusicale.ch\/en\/wp-json\/wp\/v2\/categories?post=31149"},{"taxonomy":"post_tag","embeddable":true,"href":"https:\/\/www.revuemusicale.ch\/en\/wp-json\/wp\/v2\/tags?post=31149"}],"curies":[{"name":"wp","href":"https:\/\/api.w.org\/{rel}","templated":true}]}}