{"id":31271,"date":"2025-06-06T08:05:27","date_gmt":"2025-06-06T06:05:27","guid":{"rendered":"https:\/\/www.revuemusicale.ch\/?p=31271"},"modified":"2025-09-02T15:14:50","modified_gmt":"2025-09-02T13:14:50","slug":"charriere","status":"publish","type":"post","link":"https:\/\/www.revuemusicale.ch\/en\/critiques\/livres-et-partitions\/2025\/06\/charriere","title":{"rendered":"Composing for women"},"content":{"rendered":"<figure id=\"attachment_31294\" aria-describedby=\"caption-attachment-31294\" style=\"width: 950px\" class=\"wp-caption alignnone\"><img loading=\"lazy\" decoding=\"async\" class=\"wp-image-31294 size-full\" src=\"https:\/\/www.revuemusicale.ch\/wp-content\/uploads\/2025\/06\/Sulho-Sipila.jpg\" alt=\"\" width=\"950\" height=\"783\" srcset=\"https:\/\/www.revuemusicale.ch\/wp-content\/uploads\/2025\/06\/Sulho-Sipila.jpg 950w, https:\/\/www.revuemusicale.ch\/wp-content\/uploads\/2025\/06\/Sulho-Sipila-300x247.jpg 300w, https:\/\/www.revuemusicale.ch\/wp-content\/uploads\/2025\/06\/Sulho-Sipila-768x633.jpg 768w, https:\/\/www.revuemusicale.ch\/wp-content\/uploads\/2025\/06\/Sulho-Sipila-15x12.jpg 15w, https:\/\/www.revuemusicale.ch\/wp-content\/uploads\/2025\/06\/Sulho-Sipila-212x175.jpg 212w, https:\/\/www.revuemusicale.ch\/wp-content\/uploads\/2025\/06\/Sulho-Sipila-425x350.jpg 425w, https:\/\/www.revuemusicale.ch\/wp-content\/uploads\/2025\/06\/Sulho-Sipila-920x758.jpg 920w\" sizes=\"auto, (max-width: 950px) 100vw, 950px\" \/><figcaption id=\"caption-attachment-31294\" class=\"wp-caption-text\">Woman at the piano. Canvas by Sulho Sipil\u00e4, 1931. Source: <a href=\"https:\/\/artvee.com\/dl\/interior-woman-playing-the-piano#00\" target=\"_blank\" rel=\"noopener\">artvee<\/a><\/figcaption><\/figure>\n<p>Long neglected, women composers of both past and present are gradually entering the repertoire, finally obtaining the place they rightfully deserve. Long confined to roles that hardly allowed them to assert themselves, they were not always able to give the full measure of their talent, many of them being denied access to the knowledge needed to compose, or having to accept that their works were neglected. Fortunately, others were able to make their voices heard against all odds, and more or less established themselves, despite the weight of outdated social and religious principles. In a landmark work, musicologist Guillaume Kosmicki presents the biographies and brief descriptions of 69 of the most interesting and representative female composers, whose work deserves a wide audience. In addition to offering a sort of chronological dictionary, the author has also written extensive and fascinating introductions to each period (Antiquity, Middle Ages, Renaissance, XVIIth century, etc.).<sup>e<\/sup> and XVIII<sup>e<\/sup> centuries, Romanticism, the modern era and the contemporary period), illuminating summaries of the changing status of women musicians. This history of women's music will reveal many little-known aspects and overly neglected personalities, from Kassia of Constantinople, the oldest surviving female composer (like almost all ancient music, not a single note of Sappho's has survived), to Unsuk Chin and Clara Iannotta, via great composers such as Hildegard von Bingen (one of the few currently known to the general public), Barbara Strozzi, Louise Farrenc, Amy Beach, Galina Oustvolska\u00efa or Gra\u017cyna Bacewicz, or two exceptional talents that death mowed down too soon: Lili Boulanger and V\u00edt\u011bzslava Kapr\u00e1lov\u00e1.<em><strong><img loading=\"lazy\" decoding=\"async\" class=\"aligncenter wp-image-31295 size-medium\" src=\"https:\/\/www.revuemusicale.ch\/wp-content\/uploads\/2025\/06\/Kosmicki-212x300.jpg\" alt=\"\" width=\"212\" height=\"300\" srcset=\"https:\/\/www.revuemusicale.ch\/wp-content\/uploads\/2025\/06\/Kosmicki-212x300.jpg 212w, https:\/\/www.revuemusicale.ch\/wp-content\/uploads\/2025\/06\/Kosmicki-8x12.jpg 8w, https:\/\/www.revuemusicale.ch\/wp-content\/uploads\/2025\/06\/Kosmicki-124x175.jpg 124w, https:\/\/www.revuemusicale.ch\/wp-content\/uploads\/2025\/06\/Kosmicki-248x350.jpg 248w, https:\/\/www.revuemusicale.ch\/wp-content\/uploads\/2025\/06\/Kosmicki.jpg 250w\" sizes=\"auto, (max-width: 212px) 100vw, 212px\" \/>Guillaume Kosmicki: Compositrices. The forgotten history of music<\/strong>468 p., \u20ac 29.00, \u00c9ditions Le mot et le reste, Marseille 2023, ISBN 9782384310227<\/em><\/p>\n<p>&nbsp;<\/p>\n<p>Among all these exceptional creators, H\u00e9l\u00e8ne de Montgeroult broke new ground with the 114 studies included in her monumental <em>Complete course for teaching forte-piano<\/em> She created a new genre at the turn of the 19th century.<sup>e<\/sup> century, transforming the manual exercise into genuine pieces of character, poetic and romantic. Technically, harmonically and melodically, some of these high-quality pieces prefigure Schubert, Mendelssohn, Chopin, Schumann (the latter's teacher, her future father-in-law Friedrich Wieck, used this method) or even Brahms, while others evoke memories of Bach, whom she revered, or of classicism. A great keyboard virtuoso, she also proved to be an excellent teacher, a fact that is reflected in the <em>Full course<\/em> was echoed, anticipating the piano playing techniques of the following decades. In terms of the psychology of learning, she emphasized pupil autonomy, close to the ideas of Rousseau and Pestalozzi's method. In 2006, musicologist J\u00e9r\u00f4me Dorival published a first monograph dedicated to Montgeroult. Since then, the deepening of his research and the desire to give greater importance to the commentary and analysis of his works have made it necessary to write this new monograph. Living at the heart of one of history's most turbulent periods, with a wealth of ideas, a love of freedom and an heir to the Enlightenment, the only woman to be appointed professor of the first class when the Paris Conservatoire de Musique was established in 1795, J\u00e9r\u00f4me Dorival sets her life, worthy of a novel, in its historical and sociological context. Thanks to the work of this biographer, H\u00e9l\u00e8ne de Montgeroult's work has been enjoying a welcome renaissance over the past twenty years, and her etudes richly deserve to become part of the standard repertoire. In Romont, a town close to the birthplace of her ancestors, a competition for young pianists bearing her name will see its second edition in November this year.<img loading=\"lazy\" decoding=\"async\" class=\"aligncenter wp-image-31297 size-medium\" src=\"https:\/\/www.revuemusicale.ch\/wp-content\/uploads\/2025\/06\/Helene-de-Montgeroult-213x300.jpg\" alt=\"\" width=\"213\" height=\"300\" srcset=\"https:\/\/www.revuemusicale.ch\/wp-content\/uploads\/2025\/06\/Helene-de-Montgeroult-213x300.jpg 213w, https:\/\/www.revuemusicale.ch\/wp-content\/uploads\/2025\/06\/Helene-de-Montgeroult-9x12.jpg 9w, https:\/\/www.revuemusicale.ch\/wp-content\/uploads\/2025\/06\/Helene-de-Montgeroult-124x175.jpg 124w, https:\/\/www.revuemusicale.ch\/wp-content\/uploads\/2025\/06\/Helene-de-Montgeroult-248x350.jpg 248w, https:\/\/www.revuemusicale.ch\/wp-content\/uploads\/2025\/06\/Helene-de-Montgeroult-300x423.jpg 300w, https:\/\/www.revuemusicale.ch\/wp-content\/uploads\/2025\/06\/Helene-de-Montgeroult.jpg 400w\" sizes=\"auto, (max-width: 213px) 100vw, 213px\" \/><\/p>\n<p><em><strong>J\u00e9r\u00f4me Dorival: H\u00e9l\u00e8ne de Montgeroult, the genius of a composer, <\/strong>460 p., \u20ac 39.00, Sym\u00e9trie, Lyon 2024, ISBN 978-2-36485-221-1<\/em><\/p>\n<p>&nbsp;<\/p>\n<p>The result of a symposium held in 2022 at the University of Fribourg entitled <em>The silences of history. Writing the history of women composers: issues and questions<\/em>The eponymous book, published by Editions Slatkine, contains ten contributions examining the way in which women composers have been progressively delegitimized and excluded, a necessary wake-up call that also offers food for thought on how to bring them out of silence and oblivion, and restore their place in the history of music. In one of the articles, musicologist Delphine Vincent, co-organizer of the study day and co-editor of the publication, analyzes the scant regard in which women composers are generally held by cinematography, their creative activity more often than not marginalized, or outright absent. When one of them is the subject of a biographical film, it is rather her thwarted talent that is highlighted, such as Alma Mahler who was prevented from composing by her husband, rather than a recognized artist who could freely exercise her art. The other studies address questions such as: what are the strategies of devaluation and sexist clich\u00e9s found in the press? What was it like for women composers on the other side of the Iron Curtain, such as Sofia Gouba\u00efdoulina and Galina Oustvolska\u00efa? Why did Cathy Berberian never assert herself as a true creator? How has the French language been masculinized since the 17th century?<sup>e<\/sup> What are the approaches that make a biography a relevant tool for disseminating music? What approaches make a biography a relevant tool for the dissemination of music, on a par with access to scores and recordings? The author of this last contribution gives an example in the following monograph.<\/p>\n<p><img loading=\"lazy\" decoding=\"async\" class=\"aligncenter wp-image-31298 size-medium\" src=\"https:\/\/www.revuemusicale.ch\/wp-content\/uploads\/2025\/06\/Delphine-Vincent-204x300.jpg\" alt=\"\" width=\"204\" height=\"300\" srcset=\"https:\/\/www.revuemusicale.ch\/wp-content\/uploads\/2025\/06\/Delphine-Vincent-204x300.jpg 204w, https:\/\/www.revuemusicale.ch\/wp-content\/uploads\/2025\/06\/Delphine-Vincent-697x1024.jpg 697w, https:\/\/www.revuemusicale.ch\/wp-content\/uploads\/2025\/06\/Delphine-Vincent-768x1128.jpg 768w, https:\/\/www.revuemusicale.ch\/wp-content\/uploads\/2025\/06\/Delphine-Vincent-1045x1536.jpg 1045w, https:\/\/www.revuemusicale.ch\/wp-content\/uploads\/2025\/06\/Delphine-Vincent-8x12.jpg 8w, https:\/\/www.revuemusicale.ch\/wp-content\/uploads\/2025\/06\/Delphine-Vincent-119x175.jpg 119w, https:\/\/www.revuemusicale.ch\/wp-content\/uploads\/2025\/06\/Delphine-Vincent-238x350.jpg 238w, https:\/\/www.revuemusicale.ch\/wp-content\/uploads\/2025\/06\/Delphine-Vincent-545x800.jpg 545w, https:\/\/www.revuemusicale.ch\/wp-content\/uploads\/2025\/06\/Delphine-Vincent-920x1352.jpg 920w, https:\/\/www.revuemusicale.ch\/wp-content\/uploads\/2025\/06\/Delphine-Vincent-300x441.jpg 300w, https:\/\/www.revuemusicale.ch\/wp-content\/uploads\/2025\/06\/Delphine-Vincent.jpg 681w\" sizes=\"auto, (max-width: 204px) 100vw, 204px\" \/><\/p>\n<p><em><strong>The silences of music. Writing the history of women composers,<\/strong> edited by Delphine Vincent and Pauline Milani, 142 p., Fr. 26.00, \u00c9ditions Slatkine, Gen\u00e8ve 2024, ISBN 978-2-05-102943-8<\/em><\/p>\n<p>&nbsp;<\/p>\n<p>Caroline Charri\u00e8re, who died too soon in 2018, aged just 58, was part of the first generation of Swiss women to begin their adult lives as eligible citizens, eligible to vote and equal to men in law. At the time, however, it was still difficult to accept oneself as a composer, in order to overcome prejudice. In a book recently published by Editions Slatkine, musicologist Ir\u00e8ne Minder-Jeanneret, who knew the Fribourg-born musician personally, recounts her life's journey, a gradual rise from obscurity to the limelight during which she had to tame and overcome her fragility, unease and anxieties, the consequences of traumatic experiences and hypersensitivity. Initially an excellent flautist, before also taking up choral conducting and composition (thanks to the decisive impetus of Jean Balissat), music was her salvation, giving her the opportunity to express what she could not say in words, helping her to socialize, to build herself up, to want to live life to the full, and to be able to assert herself as an important and engaging creator, whose works are not about the spectacular, but about sharing and emotion. Prefaced by Pierre Wavre, her attentive and benevolent flute teacher, this biography is both a tribute written with empathy and, although there is no developed analysis, an incentive to discover the many and varied scores of Caroline Charri\u00e8re, who, as much in love with freedom as she was demanding of herself, declared that she \"aimed for extreme authenticity\".<\/p>\n<p><img loading=\"lazy\" decoding=\"async\" class=\"aligncenter wp-image-31299 size-medium\" src=\"https:\/\/www.revuemusicale.ch\/wp-content\/uploads\/2025\/06\/06_07_crit_buch_mettraux-204x300.jpg\" alt=\"\" width=\"204\" height=\"300\" srcset=\"https:\/\/www.revuemusicale.ch\/wp-content\/uploads\/2025\/06\/06_07_crit_buch_mettraux-204x300.jpg 204w, https:\/\/www.revuemusicale.ch\/wp-content\/uploads\/2025\/06\/06_07_crit_buch_mettraux-696x1024.jpg 696w, https:\/\/www.revuemusicale.ch\/wp-content\/uploads\/2025\/06\/06_07_crit_buch_mettraux-768x1130.jpg 768w, https:\/\/www.revuemusicale.ch\/wp-content\/uploads\/2025\/06\/06_07_crit_buch_mettraux-1044x1536.jpg 1044w, https:\/\/www.revuemusicale.ch\/wp-content\/uploads\/2025\/06\/06_07_crit_buch_mettraux-8x12.jpg 8w, https:\/\/www.revuemusicale.ch\/wp-content\/uploads\/2025\/06\/06_07_crit_buch_mettraux-119x175.jpg 119w, https:\/\/www.revuemusicale.ch\/wp-content\/uploads\/2025\/06\/06_07_crit_buch_mettraux-238x350.jpg 238w, https:\/\/www.revuemusicale.ch\/wp-content\/uploads\/2025\/06\/06_07_crit_buch_mettraux-544x800.jpg 544w, https:\/\/www.revuemusicale.ch\/wp-content\/uploads\/2025\/06\/06_07_crit_buch_mettraux-920x1353.jpg 920w, https:\/\/www.revuemusicale.ch\/wp-content\/uploads\/2025\/06\/06_07_crit_buch_mettraux-300x441.jpg 300w, https:\/\/www.revuemusicale.ch\/wp-content\/uploads\/2025\/06\/06_07_crit_buch_mettraux.jpg 680w\" sizes=\"auto, (max-width: 204px) 100vw, 204px\" \/><\/p>\n<p><em><strong>Ir\u00e8ne Minder-Jeanneret: Caroline Charri\u00e8re, composing to tell the truth,<\/strong> 320 p., Fr. 35.00, \u00c9ditions Slatkine, Gen\u00e8ve 2024, ISBN 978-2-8321-1350-9<\/em><\/p>","protected":false},"excerpt":{"rendered":"<p>Several books have recently been published with the aim of restoring women composers to their rightful place in music history.<\/p>","protected":false},"author":36253,"featured_media":31294,"comment_status":"closed","ping_status":"closed","sticky":false,"template":"","format":"standard","meta":{"_acf_changed":false,"_relevanssi_hide_post":"","_relevanssi_hide_content":"","_relevanssi_pin_for_all":"","_relevanssi_pin_keywords":"","_relevanssi_unpin_keywords":"","_relevanssi_related_keywords":"","_relevanssi_related_include_ids":"","_relevanssi_related_exclude_ids":"","_relevanssi_related_no_append":"","_relevanssi_related_not_related":"","_relevanssi_related_posts":"","_relevanssi_noindex_reason":"","pgc_sgb_lightbox_settings":"","footnotes":""},"categories":[1614,1616],"tags":[2189,2193,2191,2196,2195,2190,2194,2192],"class_list":["post-31271","post","type-post","status-publish","format-standard","has-post-thumbnail","hentry","category-critiques","category-livres-et-partitions","tag-caroline-charriere","tag-compositrices","tag-delphine-vincent","tag-guillaume-kosmicki","tag-helene-de-montgeroult","tag-irene-minder-jeanneret","tag-jerome-dorival","tag-pauline-milani"],"acf":[],"yoast_head":"<!-- This site is optimized with the Yoast SEO plugin v27.3 - https:\/\/yoast.com\/product\/yoast-seo-wordpress\/ -->\n<title>Composer au f\u00e9minin - Revue Musicale Suisse<\/title>\n<meta name=\"description\" content=\"Plusieurs ouvrages ont r\u00e9cemment \u00e9t\u00e9 publi\u00e9s dans le but de rendre aux compositrices la place qu\u2019elles m\u00e9ritent dans l\u2019histoire de la musique.\" \/>\n<meta name=\"robots\" content=\"index, follow, max-snippet:-1, max-image-preview:large, max-video-preview:-1\" \/>\n<link rel=\"canonical\" href=\"https:\/\/www.revuemusicale.ch\/en\/critiques\/livres-et-partitions\/2025\/06\/charriere\/\" \/>\n<meta property=\"og:locale\" content=\"en_US\" \/>\n<meta property=\"og:type\" content=\"article\" \/>\n<meta property=\"og:title\" content=\"Composer au f\u00e9minin - Revue Musicale Suisse\" \/>\n<meta property=\"og:description\" content=\"Plusieurs ouvrages ont r\u00e9cemment \u00e9t\u00e9 publi\u00e9s dans le but de rendre aux compositrices la place qu\u2019elles m\u00e9ritent dans l\u2019histoire de la musique.\" \/>\n<meta property=\"og:url\" content=\"https:\/\/www.revuemusicale.ch\/en\/critiques\/livres-et-partitions\/2025\/06\/charriere\/\" \/>\n<meta property=\"og:site_name\" content=\"Revue Musicale Suisse\" \/>\n<meta property=\"article:publisher\" content=\"https:\/\/www.facebook.com\/SchweizerMusikzeitung\/\" \/>\n<meta property=\"article:published_time\" content=\"2025-06-06T06:05:27+00:00\" \/>\n<meta property=\"article:modified_time\" content=\"2025-09-02T13:14:50+00:00\" \/>\n<meta property=\"og:image\" content=\"https:\/\/www.revuemusicale.ch\/wp-content\/uploads\/2025\/06\/Sulho-Sipila.jpg\" \/>\n\t<meta property=\"og:image:width\" content=\"950\" \/>\n\t<meta property=\"og:image:height\" content=\"783\" \/>\n\t<meta property=\"og:image:type\" content=\"image\/jpeg\" \/>\n<meta name=\"author\" content=\"Pia Schwab\" \/>\n<meta name=\"twitter:card\" content=\"summary_large_image\" \/>\n<meta name=\"twitter:creator\" content=\"@smusikzeitung\" \/>\n<meta name=\"twitter:site\" content=\"@smusikzeitung\" \/>\n<meta name=\"twitter:label1\" content=\"Written by\" \/>\n\t<meta name=\"twitter:data1\" content=\"Pia Schwab\" \/>\n\t<meta name=\"twitter:label2\" content=\"Est. reading time\" \/>\n\t<meta name=\"twitter:data2\" content=\"8 minutes\" \/>\n<script type=\"application\/ld+json\" class=\"yoast-schema-graph\">{\"@context\":\"https:\\\/\\\/schema.org\",\"@graph\":[{\"@type\":\"Article\",\"@id\":\"https:\\\/\\\/www.revuemusicale.ch\\\/critiques\\\/livres-et-partitions\\\/2025\\\/06\\\/charriere#article\",\"isPartOf\":{\"@id\":\"https:\\\/\\\/www.revuemusicale.ch\\\/critiques\\\/livres-et-partitions\\\/2025\\\/06\\\/charriere\"},\"author\":{\"name\":\"Pia Schwab\",\"@id\":\"https:\\\/\\\/www.revuemusicale.ch\\\/#\\\/schema\\\/person\\\/78905bdf5c0bbd6ffcfe2b8f4fe6c868\"},\"headline\":\"Composer au f\u00e9minin\",\"datePublished\":\"2025-06-06T06:05:27+00:00\",\"dateModified\":\"2025-09-02T13:14:50+00:00\",\"mainEntityOfPage\":{\"@id\":\"https:\\\/\\\/www.revuemusicale.ch\\\/critiques\\\/livres-et-partitions\\\/2025\\\/06\\\/charriere\"},\"wordCount\":1424,\"publisher\":{\"@id\":\"https:\\\/\\\/www.revuemusicale.ch\\\/#organization\"},\"image\":{\"@id\":\"https:\\\/\\\/www.revuemusicale.ch\\\/critiques\\\/livres-et-partitions\\\/2025\\\/06\\\/charriere#primaryimage\"},\"thumbnailUrl\":\"https:\\\/\\\/www.revuemusicale.ch\\\/wp-content\\\/uploads\\\/2025\\\/06\\\/Sulho-Sipila.jpg\",\"keywords\":[\"Caroline Charri\u00e8re\",\"Compositrices\",\"Delphine Vincent\",\"Guillaume Kosmicki\",\"H\u00e9l\u00e8ne de Montgeroult\",\"Ir\u00e8ne Minder-Jeanneret\",\"J\u00e9r\u00f4me Dorival\",\"Pauline Milani\"],\"articleSection\":[\"Critiques\",\"Livres et partitions\"],\"inLanguage\":\"en-US\"},{\"@type\":\"WebPage\",\"@id\":\"https:\\\/\\\/www.revuemusicale.ch\\\/critiques\\\/livres-et-partitions\\\/2025\\\/06\\\/charriere\",\"url\":\"https:\\\/\\\/www.revuemusicale.ch\\\/critiques\\\/livres-et-partitions\\\/2025\\\/06\\\/charriere\",\"name\":\"Composer au f\u00e9minin - Revue Musicale Suisse\",\"isPartOf\":{\"@id\":\"https:\\\/\\\/www.revuemusicale.ch\\\/#website\"},\"primaryImageOfPage\":{\"@id\":\"https:\\\/\\\/www.revuemusicale.ch\\\/critiques\\\/livres-et-partitions\\\/2025\\\/06\\\/charriere#primaryimage\"},\"image\":{\"@id\":\"https:\\\/\\\/www.revuemusicale.ch\\\/critiques\\\/livres-et-partitions\\\/2025\\\/06\\\/charriere#primaryimage\"},\"thumbnailUrl\":\"https:\\\/\\\/www.revuemusicale.ch\\\/wp-content\\\/uploads\\\/2025\\\/06\\\/Sulho-Sipila.jpg\",\"datePublished\":\"2025-06-06T06:05:27+00:00\",\"dateModified\":\"2025-09-02T13:14:50+00:00\",\"description\":\"Plusieurs ouvrages ont r\u00e9cemment \u00e9t\u00e9 publi\u00e9s dans le but de rendre aux compositrices la place qu\u2019elles m\u00e9ritent dans l\u2019histoire de la musique.\",\"breadcrumb\":{\"@id\":\"https:\\\/\\\/www.revuemusicale.ch\\\/critiques\\\/livres-et-partitions\\\/2025\\\/06\\\/charriere#breadcrumb\"},\"inLanguage\":\"en-US\",\"potentialAction\":[{\"@type\":\"ReadAction\",\"target\":[\"https:\\\/\\\/www.revuemusicale.ch\\\/critiques\\\/livres-et-partitions\\\/2025\\\/06\\\/charriere\"]}]},{\"@type\":\"ImageObject\",\"inLanguage\":\"en-US\",\"@id\":\"https:\\\/\\\/www.revuemusicale.ch\\\/critiques\\\/livres-et-partitions\\\/2025\\\/06\\\/charriere#primaryimage\",\"url\":\"https:\\\/\\\/www.revuemusicale.ch\\\/wp-content\\\/uploads\\\/2025\\\/06\\\/Sulho-Sipila.jpg\",\"contentUrl\":\"https:\\\/\\\/www.revuemusicale.ch\\\/wp-content\\\/uploads\\\/2025\\\/06\\\/Sulho-Sipila.jpg\",\"width\":950,\"height\":783},{\"@type\":\"BreadcrumbList\",\"@id\":\"https:\\\/\\\/www.revuemusicale.ch\\\/critiques\\\/livres-et-partitions\\\/2025\\\/06\\\/charriere#breadcrumb\",\"itemListElement\":[{\"@type\":\"ListItem\",\"position\":1,\"name\":\"Home\",\"item\":\"https:\\\/\\\/www.revuemusicale.ch\\\/\"},{\"@type\":\"ListItem\",\"position\":2,\"name\":\"Composer au f\u00e9minin\"}]},{\"@type\":\"WebSite\",\"@id\":\"https:\\\/\\\/www.revuemusicale.ch\\\/#website\",\"url\":\"https:\\\/\\\/www.revuemusicale.ch\\\/\",\"name\":\"Revue Musicale Suisse\",\"description\":\"\",\"publisher\":{\"@id\":\"https:\\\/\\\/www.revuemusicale.ch\\\/#organization\"},\"potentialAction\":[{\"@type\":\"SearchAction\",\"target\":{\"@type\":\"EntryPoint\",\"urlTemplate\":\"https:\\\/\\\/www.revuemusicale.ch\\\/?s={search_term_string}\"},\"query-input\":{\"@type\":\"PropertyValueSpecification\",\"valueRequired\":true,\"valueName\":\"search_term_string\"}}],\"inLanguage\":\"en-US\"},{\"@type\":\"Organization\",\"@id\":\"https:\\\/\\\/www.revuemusicale.ch\\\/#organization\",\"name\":\"Revue Musicale Suisse\",\"url\":\"https:\\\/\\\/www.revuemusicale.ch\\\/\",\"logo\":{\"@type\":\"ImageObject\",\"inLanguage\":\"en-US\",\"@id\":\"https:\\\/\\\/www.revuemusicale.ch\\\/#\\\/schema\\\/logo\\\/image\\\/\",\"url\":\"https:\\\/\\\/www.revuemusicale.ch\\\/wp-content\\\/uploads\\\/2023\\\/01\\\/logo_revuemusicale_musikzeitung.jpg\",\"contentUrl\":\"https:\\\/\\\/www.revuemusicale.ch\\\/wp-content\\\/uploads\\\/2023\\\/01\\\/logo_revuemusicale_musikzeitung.jpg\",\"width\":1200,\"height\":243,\"caption\":\"Revue Musicale Suisse\"},\"image\":{\"@id\":\"https:\\\/\\\/www.revuemusicale.ch\\\/#\\\/schema\\\/logo\\\/image\\\/\"},\"sameAs\":[\"https:\\\/\\\/www.facebook.com\\\/SchweizerMusikzeitung\\\/\",\"https:\\\/\\\/x.com\\\/smusikzeitung\",\"https:\\\/\\\/www.instagram.com\\\/musikzeitung.ch\\\/?hl=de\"]},{\"@type\":\"Person\",\"@id\":\"https:\\\/\\\/www.revuemusicale.ch\\\/#\\\/schema\\\/person\\\/78905bdf5c0bbd6ffcfe2b8f4fe6c868\",\"name\":\"Pia Schwab\",\"image\":{\"@type\":\"ImageObject\",\"inLanguage\":\"en-US\",\"@id\":\"https:\\\/\\\/secure.gravatar.com\\\/avatar\\\/d39d170de4c2d07e897fbc26cf9d890fc046285c742207b86d8ebabe5fcde2c4?s=96&d=mm&r=g\",\"url\":\"https:\\\/\\\/secure.gravatar.com\\\/avatar\\\/d39d170de4c2d07e897fbc26cf9d890fc046285c742207b86d8ebabe5fcde2c4?s=96&d=mm&r=g\",\"contentUrl\":\"https:\\\/\\\/secure.gravatar.com\\\/avatar\\\/d39d170de4c2d07e897fbc26cf9d890fc046285c742207b86d8ebabe5fcde2c4?s=96&d=mm&r=g\",\"caption\":\"Pia Schwab\"},\"url\":\"https:\\\/\\\/www.revuemusicale.ch\\\/en\\\/author\\\/pia-schwab\"}]}<\/script>\n<!-- \/ Yoast SEO plugin. -->","yoast_head_json":{"title":"Composer au f\u00e9minin - Revue Musicale Suisse","description":"Several books have recently been published with the aim of restoring women composers to their rightful place in music history.","robots":{"index":"index","follow":"follow","max-snippet":"max-snippet:-1","max-image-preview":"max-image-preview:large","max-video-preview":"max-video-preview:-1"},"canonical":"https:\/\/www.revuemusicale.ch\/en\/critiques\/livres-et-partitions\/2025\/06\/charriere\/","og_locale":"en_US","og_type":"article","og_title":"Composer au f\u00e9minin - Revue Musicale Suisse","og_description":"Plusieurs ouvrages ont r\u00e9cemment \u00e9t\u00e9 publi\u00e9s dans le but de rendre aux compositrices la place qu\u2019elles m\u00e9ritent dans l\u2019histoire de la musique.","og_url":"https:\/\/www.revuemusicale.ch\/en\/critiques\/livres-et-partitions\/2025\/06\/charriere\/","og_site_name":"Revue Musicale Suisse","article_publisher":"https:\/\/www.facebook.com\/SchweizerMusikzeitung\/","article_published_time":"2025-06-06T06:05:27+00:00","article_modified_time":"2025-09-02T13:14:50+00:00","og_image":[{"width":950,"height":783,"url":"https:\/\/www.revuemusicale.ch\/wp-content\/uploads\/2025\/06\/Sulho-Sipila.jpg","type":"image\/jpeg"}],"author":"Pia Schwab","twitter_card":"summary_large_image","twitter_creator":"@smusikzeitung","twitter_site":"@smusikzeitung","twitter_misc":{"Written by":"Pia Schwab","Est. reading time":"8 minutes"},"schema":{"@context":"https:\/\/schema.org","@graph":[{"@type":"Article","@id":"https:\/\/www.revuemusicale.ch\/critiques\/livres-et-partitions\/2025\/06\/charriere#article","isPartOf":{"@id":"https:\/\/www.revuemusicale.ch\/critiques\/livres-et-partitions\/2025\/06\/charriere"},"author":{"name":"Pia Schwab","@id":"https:\/\/www.revuemusicale.ch\/#\/schema\/person\/78905bdf5c0bbd6ffcfe2b8f4fe6c868"},"headline":"Composer au f\u00e9minin","datePublished":"2025-06-06T06:05:27+00:00","dateModified":"2025-09-02T13:14:50+00:00","mainEntityOfPage":{"@id":"https:\/\/www.revuemusicale.ch\/critiques\/livres-et-partitions\/2025\/06\/charriere"},"wordCount":1424,"publisher":{"@id":"https:\/\/www.revuemusicale.ch\/#organization"},"image":{"@id":"https:\/\/www.revuemusicale.ch\/critiques\/livres-et-partitions\/2025\/06\/charriere#primaryimage"},"thumbnailUrl":"https:\/\/www.revuemusicale.ch\/wp-content\/uploads\/2025\/06\/Sulho-Sipila.jpg","keywords":["Caroline Charri\u00e8re","Compositrices","Delphine Vincent","Guillaume Kosmicki","H\u00e9l\u00e8ne de Montgeroult","Ir\u00e8ne Minder-Jeanneret","J\u00e9r\u00f4me Dorival","Pauline Milani"],"articleSection":["Critiques","Livres et partitions"],"inLanguage":"en-US"},{"@type":"WebPage","@id":"https:\/\/www.revuemusicale.ch\/critiques\/livres-et-partitions\/2025\/06\/charriere","url":"https:\/\/www.revuemusicale.ch\/critiques\/livres-et-partitions\/2025\/06\/charriere","name":"Composer au f\u00e9minin - Revue Musicale Suisse","isPartOf":{"@id":"https:\/\/www.revuemusicale.ch\/#website"},"primaryImageOfPage":{"@id":"https:\/\/www.revuemusicale.ch\/critiques\/livres-et-partitions\/2025\/06\/charriere#primaryimage"},"image":{"@id":"https:\/\/www.revuemusicale.ch\/critiques\/livres-et-partitions\/2025\/06\/charriere#primaryimage"},"thumbnailUrl":"https:\/\/www.revuemusicale.ch\/wp-content\/uploads\/2025\/06\/Sulho-Sipila.jpg","datePublished":"2025-06-06T06:05:27+00:00","dateModified":"2025-09-02T13:14:50+00:00","description":"Several books have recently been published with the aim of restoring women composers to their rightful place in music history.","breadcrumb":{"@id":"https:\/\/www.revuemusicale.ch\/critiques\/livres-et-partitions\/2025\/06\/charriere#breadcrumb"},"inLanguage":"en-US","potentialAction":[{"@type":"ReadAction","target":["https:\/\/www.revuemusicale.ch\/critiques\/livres-et-partitions\/2025\/06\/charriere"]}]},{"@type":"ImageObject","inLanguage":"en-US","@id":"https:\/\/www.revuemusicale.ch\/critiques\/livres-et-partitions\/2025\/06\/charriere#primaryimage","url":"https:\/\/www.revuemusicale.ch\/wp-content\/uploads\/2025\/06\/Sulho-Sipila.jpg","contentUrl":"https:\/\/www.revuemusicale.ch\/wp-content\/uploads\/2025\/06\/Sulho-Sipila.jpg","width":950,"height":783},{"@type":"BreadcrumbList","@id":"https:\/\/www.revuemusicale.ch\/critiques\/livres-et-partitions\/2025\/06\/charriere#breadcrumb","itemListElement":[{"@type":"ListItem","position":1,"name":"Home","item":"https:\/\/www.revuemusicale.ch\/"},{"@type":"ListItem","position":2,"name":"Composer au f\u00e9minin"}]},{"@type":"WebSite","@id":"https:\/\/www.revuemusicale.ch\/#website","url":"https:\/\/www.revuemusicale.ch\/","name":"Swiss Music Review","description":"","publisher":{"@id":"https:\/\/www.revuemusicale.ch\/#organization"},"potentialAction":[{"@type":"SearchAction","target":{"@type":"EntryPoint","urlTemplate":"https:\/\/www.revuemusicale.ch\/?s={search_term_string}"},"query-input":{"@type":"PropertyValueSpecification","valueRequired":true,"valueName":"search_term_string"}}],"inLanguage":"en-US"},{"@type":"Organization","@id":"https:\/\/www.revuemusicale.ch\/#organization","name":"Swiss Music Review","url":"https:\/\/www.revuemusicale.ch\/","logo":{"@type":"ImageObject","inLanguage":"en-US","@id":"https:\/\/www.revuemusicale.ch\/#\/schema\/logo\/image\/","url":"https:\/\/www.revuemusicale.ch\/wp-content\/uploads\/2023\/01\/logo_revuemusicale_musikzeitung.jpg","contentUrl":"https:\/\/www.revuemusicale.ch\/wp-content\/uploads\/2023\/01\/logo_revuemusicale_musikzeitung.jpg","width":1200,"height":243,"caption":"Revue Musicale Suisse"},"image":{"@id":"https:\/\/www.revuemusicale.ch\/#\/schema\/logo\/image\/"},"sameAs":["https:\/\/www.facebook.com\/SchweizerMusikzeitung\/","https:\/\/x.com\/smusikzeitung","https:\/\/www.instagram.com\/musikzeitung.ch\/?hl=de"]},{"@type":"Person","@id":"https:\/\/www.revuemusicale.ch\/#\/schema\/person\/78905bdf5c0bbd6ffcfe2b8f4fe6c868","name":"Pia Schwab","image":{"@type":"ImageObject","inLanguage":"en-US","@id":"https:\/\/secure.gravatar.com\/avatar\/d39d170de4c2d07e897fbc26cf9d890fc046285c742207b86d8ebabe5fcde2c4?s=96&d=mm&r=g","url":"https:\/\/secure.gravatar.com\/avatar\/d39d170de4c2d07e897fbc26cf9d890fc046285c742207b86d8ebabe5fcde2c4?s=96&d=mm&r=g","contentUrl":"https:\/\/secure.gravatar.com\/avatar\/d39d170de4c2d07e897fbc26cf9d890fc046285c742207b86d8ebabe5fcde2c4?s=96&d=mm&r=g","caption":"Pia Schwab"},"url":"https:\/\/www.revuemusicale.ch\/en\/author\/pia-schwab"}]}},"publishpress_future_action":{"enabled":false,"date":"1970-01-01 01:00:00","action":"change-status","newStatus":"draft","terms":[],"taxonomy":"category","extraData":[]},"publishpress_future_workflow_manual_trigger":{"enabledWorkflows":[]},"_links":{"self":[{"href":"https:\/\/www.revuemusicale.ch\/en\/wp-json\/wp\/v2\/posts\/31271","targetHints":{"allow":["GET"]}}],"collection":[{"href":"https:\/\/www.revuemusicale.ch\/en\/wp-json\/wp\/v2\/posts"}],"about":[{"href":"https:\/\/www.revuemusicale.ch\/en\/wp-json\/wp\/v2\/types\/post"}],"author":[{"embeddable":true,"href":"https:\/\/www.revuemusicale.ch\/en\/wp-json\/wp\/v2\/users\/36253"}],"replies":[{"embeddable":true,"href":"https:\/\/www.revuemusicale.ch\/en\/wp-json\/wp\/v2\/comments?post=31271"}],"version-history":[{"count":8,"href":"https:\/\/www.revuemusicale.ch\/en\/wp-json\/wp\/v2\/posts\/31271\/revisions"}],"predecessor-version":[{"id":31302,"href":"https:\/\/www.revuemusicale.ch\/en\/wp-json\/wp\/v2\/posts\/31271\/revisions\/31302"}],"wp:featuredmedia":[{"embeddable":true,"href":"https:\/\/www.revuemusicale.ch\/en\/wp-json\/wp\/v2\/media\/31294"}],"wp:attachment":[{"href":"https:\/\/www.revuemusicale.ch\/en\/wp-json\/wp\/v2\/media?parent=31271"}],"wp:term":[{"taxonomy":"category","embeddable":true,"href":"https:\/\/www.revuemusicale.ch\/en\/wp-json\/wp\/v2\/categories?post=31271"},{"taxonomy":"post_tag","embeddable":true,"href":"https:\/\/www.revuemusicale.ch\/en\/wp-json\/wp\/v2\/tags?post=31271"}],"curies":[{"name":"wp","href":"https:\/\/api.w.org\/{rel}","templated":true}]}}