{"id":31466,"date":"2025-10-20T15:51:37","date_gmt":"2025-10-20T13:51:37","guid":{"rendered":"https:\/\/www.revuemusicale.ch\/?p=31466"},"modified":"2025-12-03T10:13:45","modified_gmt":"2025-12-03T09:13:45","slug":"minerve","status":"publish","type":"post","link":"https:\/\/www.revuemusicale.ch\/en\/critiques\/livres-et-partitions\/2025\/10\/minerve","title":{"rendered":"Analysis, interpretation and interaction"},"content":{"rendered":"<figure id=\"attachment_31496\" aria-describedby=\"caption-attachment-31496\" style=\"width: 1270px\" class=\"wp-caption alignnone\"><img loading=\"lazy\" decoding=\"async\" class=\"wp-image-31496 size-full\" src=\"https:\/\/www.revuemusicale.ch\/wp-content\/uploads\/2025\/10\/Kandinsky_weisser_klang.jpg\" alt=\"\" width=\"1270\" height=\"929\" srcset=\"https:\/\/www.revuemusicale.ch\/wp-content\/uploads\/2025\/10\/Kandinsky_weisser_klang.jpg 1270w, https:\/\/www.revuemusicale.ch\/wp-content\/uploads\/2025\/10\/Kandinsky_weisser_klang-300x219.jpg 300w, https:\/\/www.revuemusicale.ch\/wp-content\/uploads\/2025\/10\/Kandinsky_weisser_klang-1024x749.jpg 1024w, https:\/\/www.revuemusicale.ch\/wp-content\/uploads\/2025\/10\/Kandinsky_weisser_klang-768x562.jpg 768w, https:\/\/www.revuemusicale.ch\/wp-content\/uploads\/2025\/10\/Kandinsky_weisser_klang-16x12.jpg 16w, https:\/\/www.revuemusicale.ch\/wp-content\/uploads\/2025\/10\/Kandinsky_weisser_klang-239x175.jpg 239w, https:\/\/www.revuemusicale.ch\/wp-content\/uploads\/2025\/10\/Kandinsky_weisser_klang-478x350.jpg 478w, https:\/\/www.revuemusicale.ch\/wp-content\/uploads\/2025\/10\/Kandinsky_weisser_klang-1094x800.jpg 1094w, https:\/\/www.revuemusicale.ch\/wp-content\/uploads\/2025\/10\/Kandinsky_weisser_klang-920x673.jpg 920w\" sizes=\"auto, (max-width: 1270px) 100vw, 1270px\" \/><figcaption id=\"caption-attachment-31496\" class=\"wp-caption-text\">Vassily Kandinsky: Weisser Klang, 1908. <a href=\"https:\/\/artvee.com\/dl\/weisser-klang-white-sound#00\" target=\"_blank\" rel=\"noopener\">Artvee.com<\/a><\/figcaption><\/figure>\n<p>Among the recent publications from Editions Minerve is a pr\u00e9cis d'analyse des formes musicales, in which a specialist in the field, Claude Abromont, has chosen a pedagogical approach based not on abstract, already synthesized forms, but on the compositions themselves, and thus on the living sound imagination of the creators. This journey into the works does not merely describe the grand form, but analyzes all the underlying aspects, from the most basic to the most complex - language, materials, timbres, phraseology and formal functions - before arriving at the expressive musical narrative, its rhetoric and its meanings. The aim is to recognize the logic of the discourse's articulations, the way materials are used and the reasons why, as well as the functions of the various sections, so that the identification of form becomes a matter of course, rather than a purely intellectual search for a fixed structure. In addition to an in-depth analysis of the <em>Prelude to the Afternoon of a Faun<\/em>Over 150 compositions, from the Middle Ages to the present day, are detailed in annotated score videos available online.<img loading=\"lazy\" decoding=\"async\" class=\"aligncenter wp-image-31497 size-medium\" src=\"https:\/\/www.revuemusicale.ch\/wp-content\/uploads\/2025\/10\/Precis-d-analyse-des-formes-musicales-202x300.jpg\" alt=\"\" width=\"202\" height=\"300\" srcset=\"https:\/\/www.revuemusicale.ch\/wp-content\/uploads\/2025\/10\/Precis-d-analyse-des-formes-musicales-202x300.jpg 202w, https:\/\/www.revuemusicale.ch\/wp-content\/uploads\/2025\/10\/Precis-d-analyse-des-formes-musicales-8x12.jpg 8w, https:\/\/www.revuemusicale.ch\/wp-content\/uploads\/2025\/10\/Precis-d-analyse-des-formes-musicales-118x175.jpg 118w, https:\/\/www.revuemusicale.ch\/wp-content\/uploads\/2025\/10\/Precis-d-analyse-des-formes-musicales-236x350.jpg 236w, https:\/\/www.revuemusicale.ch\/wp-content\/uploads\/2025\/10\/Precis-d-analyse-des-formes-musicales-300x445.jpg 300w, https:\/\/www.revuemusicale.ch\/wp-content\/uploads\/2025\/10\/Precis-d-analyse-des-formes-musicales.jpg 400w\" sizes=\"auto, (max-width: 202px) 100vw, 202px\" \/><\/p>\n<p>More specifically devoted to the study of the musical language of the Baroque period, a concise book by Laurent Fichet follows the evolution of its principles, from the end of Renaissance music to the emergence of the notion of chords and the affirmation of tonality, following the gradual disappearance of medieval modes, for both melodic and contrapuntal reasons, in favor of the exclusive major and minor modes, as well as the reduction in the number of harmonic degrees used. Using scores and treatises written by musicians and philosophers of the time, as well as more recent theories, the musicologist tackles various subjects, in particular tuning and temperaments, the structuring importance of harmony steps and the question of the justification of the minor third - the latter took a long time to be theoretically accepted, even though it was already widely used. It is regrettable, however, that melodic and rhythmic aspects, as well as rhetoric, are not addressed in greater depth.<img loading=\"lazy\" decoding=\"async\" class=\"aligncenter wp-image-31498 size-medium\" src=\"https:\/\/www.revuemusicale.ch\/wp-content\/uploads\/2025\/10\/Le-Langage-musical-baroque-205x300.jpg\" alt=\"\" width=\"205\" height=\"300\" srcset=\"https:\/\/www.revuemusicale.ch\/wp-content\/uploads\/2025\/10\/Le-Langage-musical-baroque-205x300.jpg 205w, https:\/\/www.revuemusicale.ch\/wp-content\/uploads\/2025\/10\/Le-Langage-musical-baroque-8x12.jpg 8w, https:\/\/www.revuemusicale.ch\/wp-content\/uploads\/2025\/10\/Le-Langage-musical-baroque-120x175.jpg 120w, https:\/\/www.revuemusicale.ch\/wp-content\/uploads\/2025\/10\/Le-Langage-musical-baroque-240x350.jpg 240w, https:\/\/www.revuemusicale.ch\/wp-content\/uploads\/2025\/10\/Le-Langage-musical-baroque-300x438.jpg 300w, https:\/\/www.revuemusicale.ch\/wp-content\/uploads\/2025\/10\/Le-Langage-musical-baroque.jpg 400w\" sizes=\"auto, (max-width: 205px) 100vw, 205px\" \/><\/p>\n<p>In the form of a glossary of some fifty terms, musicologist Philippe Lalitte offers a synthesis of current knowledge on Western musical performance practices, from the Middle Ages to the present day. From the training of musicians, their access to sources, their analysis of scores, their memorization skills and their health, to stage performance (including programming, concert rituals and the acoustics of the venue), recording and performance evaluation, the many facets of the interpretative art are highlighted, taking into account their historical evolution. These include technical notions (such as pitch, tuning, temperament or contemporary sound effects), aesthetic notions (such as fidelity to the text or authenticity), and notions linked to the expressiveness of playing (dynamics, phrasing, rubato, vibrato), modes of execution (fingering, pedalization, tremolo) or the degree of inventiveness left to the performer (cadence, diminution, improvisation), or recent concerns such as the use of period instruments and research into historical performance practices. Of course, despite the abundance of interesting and precise information, the author cannot be expected to be exhaustive in such a vast field, so only the study of a few pianistic schools is the subject of a chapter, to the detriment of other instruments; as for the \"ornamentation\" entry, it surveys its uses, from the Gregorian to the mid-19th century.<sup>e<\/sup> century without detailing them, as the extensive bibliography can remedy this if need be.<img loading=\"lazy\" decoding=\"async\" class=\"aligncenter wp-image-31499 size-medium\" src=\"https:\/\/www.revuemusicale.ch\/wp-content\/uploads\/2025\/10\/10_crit_buch_Mettraux-215x300.jpg\" alt=\"\" width=\"215\" height=\"300\" srcset=\"https:\/\/www.revuemusicale.ch\/wp-content\/uploads\/2025\/10\/10_crit_buch_Mettraux-215x300.jpg 215w, https:\/\/www.revuemusicale.ch\/wp-content\/uploads\/2025\/10\/10_crit_buch_Mettraux-9x12.jpg 9w, https:\/\/www.revuemusicale.ch\/wp-content\/uploads\/2025\/10\/10_crit_buch_Mettraux-125x175.jpg 125w, https:\/\/www.revuemusicale.ch\/wp-content\/uploads\/2025\/10\/10_crit_buch_Mettraux-250x350.jpg 250w, https:\/\/www.revuemusicale.ch\/wp-content\/uploads\/2025\/10\/10_crit_buch_Mettraux-300x419.jpg 300w, https:\/\/www.revuemusicale.ch\/wp-content\/uploads\/2025\/10\/10_crit_buch_Mettraux.jpg 400w\" sizes=\"auto, (max-width: 215px) 100vw, 215px\" \/><\/p>\n<p>The dialogue between the different arts has long fascinated the cultural world, especially in recent decades. For centuries, painting and sculpture only depicted music through singers or instrumentalists, or through the representation of instruments, while music waited until Romanticism to begin expressing the emotions felt in front of a particular painting, monument or sculpture. On the other hand, interactions have multiplied over the last 120 years. The wind of experimentation blowing from the beginning of the 20<sup>e<\/sup> century has brought the visual and sound arts closer together. Among countless other examples: musical forms became part of the reflections of painters such as Kandinsky; Kupka perceived rhythms and temporality; abstract cinematographic experiments linked graphic events to sounds; plastic works expressed the unfolding of time; Messiaen felt strongly the phenomena of synesthesia; Crumb's scores became veritable tableaux; spatial arrangement became an integral part of non-scenic musical works; sound installations drew the attention of the eyes as well as the ears. Composer Jean-Yves Bosseur uses his vast erudition to explore the fruitful exchanges between the plastic arts and music over the course of the 20th century.<sup>e<\/sup> and 21<sup>e<\/sup> centuries.<img loading=\"lazy\" decoding=\"async\" class=\"aligncenter wp-image-31500 size-medium\" src=\"https:\/\/www.revuemusicale.ch\/wp-content\/uploads\/2025\/10\/Musique-et-arts-plastiques-202x300.jpg\" alt=\"\" width=\"202\" height=\"300\" srcset=\"https:\/\/www.revuemusicale.ch\/wp-content\/uploads\/2025\/10\/Musique-et-arts-plastiques-202x300.jpg 202w, https:\/\/www.revuemusicale.ch\/wp-content\/uploads\/2025\/10\/Musique-et-arts-plastiques-8x12.jpg 8w, https:\/\/www.revuemusicale.ch\/wp-content\/uploads\/2025\/10\/Musique-et-arts-plastiques-118x175.jpg 118w, https:\/\/www.revuemusicale.ch\/wp-content\/uploads\/2025\/10\/Musique-et-arts-plastiques-236x350.jpg 236w, https:\/\/www.revuemusicale.ch\/wp-content\/uploads\/2025\/10\/Musique-et-arts-plastiques-300x445.jpg 300w, https:\/\/www.revuemusicale.ch\/wp-content\/uploads\/2025\/10\/Musique-et-arts-plastiques.jpg 400w\" sizes=\"auto, (max-width: 202px) 100vw, 202px\" \/><\/p>\n<p><em><strong>Claude Abromont: Pr\u00e9cis d'analyse des formes musicles<\/strong>306 p., \u20ac 28.00, \u00c9ditions Minerve, Paris 2024, ISBN 978-2-86931-181-7<\/em><\/p>\n<p><em><strong>Laurent Fichet: Baroque musical language. Elements and structures<\/strong>second edition, 192 p., \u20ac 22.00, \u00c9ditions Minerve, Paris 2024, ISBN 978-2-86931-177-0<\/em><\/p>\n<p><em><strong>Philippe Lalitte: Vocabulary of musical interpretation<\/strong>240 p., \u20ac 21.00, \u00c9ditions Minerve, Paris 2024, ISBN 978-2-86931-180-0<\/em><\/p>\n<p><em><strong>Jean-Yves Bosseur: Music and visual arts. Interactions in the 20th and 21st centuries<\/strong>third edition, 342 p., \u00c9ditions Minerve, Paris 2024, ISBN 978-2-86931-179-4<\/em><\/p>","protected":false},"excerpt":{"rendered":"<p>Active for over a third of a century, Editions Minerve has given Euterpe's art an essential place in its catalog.<\/p>","protected":false},"author":36253,"featured_media":31496,"comment_status":"closed","ping_status":"closed","sticky":false,"template":"","format":"standard","meta":{"_acf_changed":false,"_relevanssi_hide_post":"","_relevanssi_hide_content":"","_relevanssi_pin_for_all":"","_relevanssi_pin_keywords":"","_relevanssi_unpin_keywords":"","_relevanssi_related_keywords":"","_relevanssi_related_include_ids":"","_relevanssi_related_exclude_ids":"","_relevanssi_related_no_append":"","_relevanssi_related_not_related":"","_relevanssi_related_posts":"","_relevanssi_noindex_reason":"","pgc_sgb_lightbox_settings":"","footnotes":""},"categories":[1614,1616],"tags":[2257,2261,2262,2264,2260,2263,2258,2265,2259],"class_list":["post-31466","post","type-post","status-publish","format-standard","has-post-thumbnail","hentry","category-critiques","category-livres-et-partitions","tag-claude-abromont","tag-editions-minerve","tag-formes-musicles","tag-interpretation-musicale","tag-jean-yves-bosseur","tag-langage-musical-baroque","tag-laurent-fichet","tag-musique-et-arts-plastiques","tag-philippe-lalitte"],"acf":[],"yoast_head":"<!-- This site is optimized with the Yoast SEO plugin v27.3 - https:\/\/yoast.com\/product\/yoast-seo-wordpress\/ -->\n<title>Analyses, interpr\u00e9tation et interactions - Revue Musicale Suisse<\/title>\n<meta name=\"robots\" content=\"index, follow, max-snippet:-1, max-image-preview:large, max-video-preview:-1\" \/>\n<link rel=\"canonical\" href=\"https:\/\/www.revuemusicale.ch\/en\/critiques\/livres-et-partitions\/2025\/10\/minerve\/\" \/>\n<meta property=\"og:locale\" content=\"en_US\" \/>\n<meta property=\"og:type\" content=\"article\" \/>\n<meta property=\"og:title\" content=\"Analyses, interpr\u00e9tation et interactions - Revue Musicale Suisse\" \/>\n<meta property=\"og:description\" content=\"Actives depuis plus d\u2019un tiers de si\u00e8cle, les \u00e9ditions Minerve accordent une place essentielle \u00e0 l\u2019art d\u2019Euterpe dans leur catalogue.\" \/>\n<meta property=\"og:url\" content=\"https:\/\/www.revuemusicale.ch\/en\/critiques\/livres-et-partitions\/2025\/10\/minerve\/\" \/>\n<meta property=\"og:site_name\" content=\"Revue Musicale Suisse\" \/>\n<meta property=\"article:publisher\" content=\"https:\/\/www.facebook.com\/SchweizerMusikzeitung\/\" \/>\n<meta property=\"article:published_time\" content=\"2025-10-20T13:51:37+00:00\" \/>\n<meta property=\"article:modified_time\" content=\"2025-12-03T09:13:45+00:00\" \/>\n<meta property=\"og:image\" content=\"https:\/\/www.revuemusicale.ch\/wp-content\/uploads\/2025\/10\/Kandinsky_weisser_klang.jpg\" \/>\n\t<meta property=\"og:image:width\" content=\"1270\" \/>\n\t<meta property=\"og:image:height\" content=\"929\" \/>\n\t<meta property=\"og:image:type\" content=\"image\/jpeg\" \/>\n<meta name=\"author\" content=\"Pia Schwab\" \/>\n<meta name=\"twitter:card\" content=\"summary_large_image\" \/>\n<meta name=\"twitter:creator\" content=\"@smusikzeitung\" \/>\n<meta name=\"twitter:site\" content=\"@smusikzeitung\" \/>\n<meta name=\"twitter:label1\" content=\"Written by\" \/>\n\t<meta name=\"twitter:data1\" content=\"Pia Schwab\" \/>\n\t<meta name=\"twitter:label2\" content=\"Est. reading time\" \/>\n\t<meta name=\"twitter:data2\" content=\"6 minutes\" \/>\n<script type=\"application\/ld+json\" class=\"yoast-schema-graph\">{\"@context\":\"https:\\\/\\\/schema.org\",\"@graph\":[{\"@type\":\"Article\",\"@id\":\"https:\\\/\\\/www.revuemusicale.ch\\\/critiques\\\/livres-et-partitions\\\/2025\\\/10\\\/minerve#article\",\"isPartOf\":{\"@id\":\"https:\\\/\\\/www.revuemusicale.ch\\\/critiques\\\/livres-et-partitions\\\/2025\\\/10\\\/minerve\"},\"author\":{\"name\":\"Pia Schwab\",\"@id\":\"https:\\\/\\\/www.revuemusicale.ch\\\/#\\\/schema\\\/person\\\/78905bdf5c0bbd6ffcfe2b8f4fe6c868\"},\"headline\":\"Analyses, interpr\u00e9tation et interactions\",\"datePublished\":\"2025-10-20T13:51:37+00:00\",\"dateModified\":\"2025-12-03T09:13:45+00:00\",\"mainEntityOfPage\":{\"@id\":\"https:\\\/\\\/www.revuemusicale.ch\\\/critiques\\\/livres-et-partitions\\\/2025\\\/10\\\/minerve\"},\"wordCount\":1010,\"publisher\":{\"@id\":\"https:\\\/\\\/www.revuemusicale.ch\\\/#organization\"},\"image\":{\"@id\":\"https:\\\/\\\/www.revuemusicale.ch\\\/critiques\\\/livres-et-partitions\\\/2025\\\/10\\\/minerve#primaryimage\"},\"thumbnailUrl\":\"https:\\\/\\\/www.revuemusicale.ch\\\/wp-content\\\/uploads\\\/2025\\\/10\\\/Kandinsky_weisser_klang.jpg\",\"keywords\":[\"Claude Abromont\",\"\u00c9ditions Minerve\",\"Formes musicles\",\"Interpr\u00e9tation musicale\",\"Jean-Yves Bosseur\",\"Langage musical baroque\",\"Laurent Fichet\",\"Musique et arts plastiques\",\"Philippe Lalitte\"],\"articleSection\":[\"Critiques\",\"Livres et partitions\"],\"inLanguage\":\"en-US\"},{\"@type\":\"WebPage\",\"@id\":\"https:\\\/\\\/www.revuemusicale.ch\\\/critiques\\\/livres-et-partitions\\\/2025\\\/10\\\/minerve\",\"url\":\"https:\\\/\\\/www.revuemusicale.ch\\\/critiques\\\/livres-et-partitions\\\/2025\\\/10\\\/minerve\",\"name\":\"Analyses, interpr\u00e9tation et interactions - Revue Musicale Suisse\",\"isPartOf\":{\"@id\":\"https:\\\/\\\/www.revuemusicale.ch\\\/#website\"},\"primaryImageOfPage\":{\"@id\":\"https:\\\/\\\/www.revuemusicale.ch\\\/critiques\\\/livres-et-partitions\\\/2025\\\/10\\\/minerve#primaryimage\"},\"image\":{\"@id\":\"https:\\\/\\\/www.revuemusicale.ch\\\/critiques\\\/livres-et-partitions\\\/2025\\\/10\\\/minerve#primaryimage\"},\"thumbnailUrl\":\"https:\\\/\\\/www.revuemusicale.ch\\\/wp-content\\\/uploads\\\/2025\\\/10\\\/Kandinsky_weisser_klang.jpg\",\"datePublished\":\"2025-10-20T13:51:37+00:00\",\"dateModified\":\"2025-12-03T09:13:45+00:00\",\"breadcrumb\":{\"@id\":\"https:\\\/\\\/www.revuemusicale.ch\\\/critiques\\\/livres-et-partitions\\\/2025\\\/10\\\/minerve#breadcrumb\"},\"inLanguage\":\"en-US\",\"potentialAction\":[{\"@type\":\"ReadAction\",\"target\":[\"https:\\\/\\\/www.revuemusicale.ch\\\/critiques\\\/livres-et-partitions\\\/2025\\\/10\\\/minerve\"]}]},{\"@type\":\"ImageObject\",\"inLanguage\":\"en-US\",\"@id\":\"https:\\\/\\\/www.revuemusicale.ch\\\/critiques\\\/livres-et-partitions\\\/2025\\\/10\\\/minerve#primaryimage\",\"url\":\"https:\\\/\\\/www.revuemusicale.ch\\\/wp-content\\\/uploads\\\/2025\\\/10\\\/Kandinsky_weisser_klang.jpg\",\"contentUrl\":\"https:\\\/\\\/www.revuemusicale.ch\\\/wp-content\\\/uploads\\\/2025\\\/10\\\/Kandinsky_weisser_klang.jpg\",\"width\":1270,\"height\":929},{\"@type\":\"BreadcrumbList\",\"@id\":\"https:\\\/\\\/www.revuemusicale.ch\\\/critiques\\\/livres-et-partitions\\\/2025\\\/10\\\/minerve#breadcrumb\",\"itemListElement\":[{\"@type\":\"ListItem\",\"position\":1,\"name\":\"Home\",\"item\":\"https:\\\/\\\/www.revuemusicale.ch\\\/\"},{\"@type\":\"ListItem\",\"position\":2,\"name\":\"Analyses, interpr\u00e9tation et interactions\"}]},{\"@type\":\"WebSite\",\"@id\":\"https:\\\/\\\/www.revuemusicale.ch\\\/#website\",\"url\":\"https:\\\/\\\/www.revuemusicale.ch\\\/\",\"name\":\"Revue Musicale Suisse\",\"description\":\"\",\"publisher\":{\"@id\":\"https:\\\/\\\/www.revuemusicale.ch\\\/#organization\"},\"potentialAction\":[{\"@type\":\"SearchAction\",\"target\":{\"@type\":\"EntryPoint\",\"urlTemplate\":\"https:\\\/\\\/www.revuemusicale.ch\\\/?s={search_term_string}\"},\"query-input\":{\"@type\":\"PropertyValueSpecification\",\"valueRequired\":true,\"valueName\":\"search_term_string\"}}],\"inLanguage\":\"en-US\"},{\"@type\":\"Organization\",\"@id\":\"https:\\\/\\\/www.revuemusicale.ch\\\/#organization\",\"name\":\"Revue Musicale Suisse\",\"url\":\"https:\\\/\\\/www.revuemusicale.ch\\\/\",\"logo\":{\"@type\":\"ImageObject\",\"inLanguage\":\"en-US\",\"@id\":\"https:\\\/\\\/www.revuemusicale.ch\\\/#\\\/schema\\\/logo\\\/image\\\/\",\"url\":\"https:\\\/\\\/www.revuemusicale.ch\\\/wp-content\\\/uploads\\\/2023\\\/01\\\/logo_revuemusicale_musikzeitung.jpg\",\"contentUrl\":\"https:\\\/\\\/www.revuemusicale.ch\\\/wp-content\\\/uploads\\\/2023\\\/01\\\/logo_revuemusicale_musikzeitung.jpg\",\"width\":1200,\"height\":243,\"caption\":\"Revue Musicale Suisse\"},\"image\":{\"@id\":\"https:\\\/\\\/www.revuemusicale.ch\\\/#\\\/schema\\\/logo\\\/image\\\/\"},\"sameAs\":[\"https:\\\/\\\/www.facebook.com\\\/SchweizerMusikzeitung\\\/\",\"https:\\\/\\\/x.com\\\/smusikzeitung\",\"https:\\\/\\\/www.instagram.com\\\/musikzeitung.ch\\\/?hl=de\"]},{\"@type\":\"Person\",\"@id\":\"https:\\\/\\\/www.revuemusicale.ch\\\/#\\\/schema\\\/person\\\/78905bdf5c0bbd6ffcfe2b8f4fe6c868\",\"name\":\"Pia Schwab\",\"image\":{\"@type\":\"ImageObject\",\"inLanguage\":\"en-US\",\"@id\":\"https:\\\/\\\/secure.gravatar.com\\\/avatar\\\/d39d170de4c2d07e897fbc26cf9d890fc046285c742207b86d8ebabe5fcde2c4?s=96&d=mm&r=g\",\"url\":\"https:\\\/\\\/secure.gravatar.com\\\/avatar\\\/d39d170de4c2d07e897fbc26cf9d890fc046285c742207b86d8ebabe5fcde2c4?s=96&d=mm&r=g\",\"contentUrl\":\"https:\\\/\\\/secure.gravatar.com\\\/avatar\\\/d39d170de4c2d07e897fbc26cf9d890fc046285c742207b86d8ebabe5fcde2c4?s=96&d=mm&r=g\",\"caption\":\"Pia Schwab\"},\"url\":\"https:\\\/\\\/www.revuemusicale.ch\\\/en\\\/author\\\/pia-schwab\"}]}<\/script>\n<!-- \/ Yoast SEO plugin. -->","yoast_head_json":{"title":"Analysis, interpretation and interaction - Swiss Music Review","robots":{"index":"index","follow":"follow","max-snippet":"max-snippet:-1","max-image-preview":"max-image-preview:large","max-video-preview":"max-video-preview:-1"},"canonical":"https:\/\/www.revuemusicale.ch\/en\/critiques\/livres-et-partitions\/2025\/10\/minerve\/","og_locale":"en_US","og_type":"article","og_title":"Analyses, interpr\u00e9tation et interactions - Revue Musicale Suisse","og_description":"Actives depuis plus d\u2019un tiers de si\u00e8cle, les \u00e9ditions Minerve accordent une place essentielle \u00e0 l\u2019art d\u2019Euterpe dans leur catalogue.","og_url":"https:\/\/www.revuemusicale.ch\/en\/critiques\/livres-et-partitions\/2025\/10\/minerve\/","og_site_name":"Revue Musicale Suisse","article_publisher":"https:\/\/www.facebook.com\/SchweizerMusikzeitung\/","article_published_time":"2025-10-20T13:51:37+00:00","article_modified_time":"2025-12-03T09:13:45+00:00","og_image":[{"width":1270,"height":929,"url":"https:\/\/www.revuemusicale.ch\/wp-content\/uploads\/2025\/10\/Kandinsky_weisser_klang.jpg","type":"image\/jpeg"}],"author":"Pia Schwab","twitter_card":"summary_large_image","twitter_creator":"@smusikzeitung","twitter_site":"@smusikzeitung","twitter_misc":{"Written by":"Pia Schwab","Est. reading time":"6 minutes"},"schema":{"@context":"https:\/\/schema.org","@graph":[{"@type":"Article","@id":"https:\/\/www.revuemusicale.ch\/critiques\/livres-et-partitions\/2025\/10\/minerve#article","isPartOf":{"@id":"https:\/\/www.revuemusicale.ch\/critiques\/livres-et-partitions\/2025\/10\/minerve"},"author":{"name":"Pia Schwab","@id":"https:\/\/www.revuemusicale.ch\/#\/schema\/person\/78905bdf5c0bbd6ffcfe2b8f4fe6c868"},"headline":"Analyses, interpr\u00e9tation et interactions","datePublished":"2025-10-20T13:51:37+00:00","dateModified":"2025-12-03T09:13:45+00:00","mainEntityOfPage":{"@id":"https:\/\/www.revuemusicale.ch\/critiques\/livres-et-partitions\/2025\/10\/minerve"},"wordCount":1010,"publisher":{"@id":"https:\/\/www.revuemusicale.ch\/#organization"},"image":{"@id":"https:\/\/www.revuemusicale.ch\/critiques\/livres-et-partitions\/2025\/10\/minerve#primaryimage"},"thumbnailUrl":"https:\/\/www.revuemusicale.ch\/wp-content\/uploads\/2025\/10\/Kandinsky_weisser_klang.jpg","keywords":["Claude Abromont","\u00c9ditions Minerve","Formes musicles","Interpr\u00e9tation musicale","Jean-Yves Bosseur","Langage musical baroque","Laurent Fichet","Musique et arts plastiques","Philippe Lalitte"],"articleSection":["Critiques","Livres et partitions"],"inLanguage":"en-US"},{"@type":"WebPage","@id":"https:\/\/www.revuemusicale.ch\/critiques\/livres-et-partitions\/2025\/10\/minerve","url":"https:\/\/www.revuemusicale.ch\/critiques\/livres-et-partitions\/2025\/10\/minerve","name":"Analysis, interpretation and interaction - Swiss Music Review","isPartOf":{"@id":"https:\/\/www.revuemusicale.ch\/#website"},"primaryImageOfPage":{"@id":"https:\/\/www.revuemusicale.ch\/critiques\/livres-et-partitions\/2025\/10\/minerve#primaryimage"},"image":{"@id":"https:\/\/www.revuemusicale.ch\/critiques\/livres-et-partitions\/2025\/10\/minerve#primaryimage"},"thumbnailUrl":"https:\/\/www.revuemusicale.ch\/wp-content\/uploads\/2025\/10\/Kandinsky_weisser_klang.jpg","datePublished":"2025-10-20T13:51:37+00:00","dateModified":"2025-12-03T09:13:45+00:00","breadcrumb":{"@id":"https:\/\/www.revuemusicale.ch\/critiques\/livres-et-partitions\/2025\/10\/minerve#breadcrumb"},"inLanguage":"en-US","potentialAction":[{"@type":"ReadAction","target":["https:\/\/www.revuemusicale.ch\/critiques\/livres-et-partitions\/2025\/10\/minerve"]}]},{"@type":"ImageObject","inLanguage":"en-US","@id":"https:\/\/www.revuemusicale.ch\/critiques\/livres-et-partitions\/2025\/10\/minerve#primaryimage","url":"https:\/\/www.revuemusicale.ch\/wp-content\/uploads\/2025\/10\/Kandinsky_weisser_klang.jpg","contentUrl":"https:\/\/www.revuemusicale.ch\/wp-content\/uploads\/2025\/10\/Kandinsky_weisser_klang.jpg","width":1270,"height":929},{"@type":"BreadcrumbList","@id":"https:\/\/www.revuemusicale.ch\/critiques\/livres-et-partitions\/2025\/10\/minerve#breadcrumb","itemListElement":[{"@type":"ListItem","position":1,"name":"Home","item":"https:\/\/www.revuemusicale.ch\/"},{"@type":"ListItem","position":2,"name":"Analyses, interpr\u00e9tation et interactions"}]},{"@type":"WebSite","@id":"https:\/\/www.revuemusicale.ch\/#website","url":"https:\/\/www.revuemusicale.ch\/","name":"Swiss Music Review","description":"","publisher":{"@id":"https:\/\/www.revuemusicale.ch\/#organization"},"potentialAction":[{"@type":"SearchAction","target":{"@type":"EntryPoint","urlTemplate":"https:\/\/www.revuemusicale.ch\/?s={search_term_string}"},"query-input":{"@type":"PropertyValueSpecification","valueRequired":true,"valueName":"search_term_string"}}],"inLanguage":"en-US"},{"@type":"Organization","@id":"https:\/\/www.revuemusicale.ch\/#organization","name":"Swiss Music Review","url":"https:\/\/www.revuemusicale.ch\/","logo":{"@type":"ImageObject","inLanguage":"en-US","@id":"https:\/\/www.revuemusicale.ch\/#\/schema\/logo\/image\/","url":"https:\/\/www.revuemusicale.ch\/wp-content\/uploads\/2023\/01\/logo_revuemusicale_musikzeitung.jpg","contentUrl":"https:\/\/www.revuemusicale.ch\/wp-content\/uploads\/2023\/01\/logo_revuemusicale_musikzeitung.jpg","width":1200,"height":243,"caption":"Revue Musicale Suisse"},"image":{"@id":"https:\/\/www.revuemusicale.ch\/#\/schema\/logo\/image\/"},"sameAs":["https:\/\/www.facebook.com\/SchweizerMusikzeitung\/","https:\/\/x.com\/smusikzeitung","https:\/\/www.instagram.com\/musikzeitung.ch\/?hl=de"]},{"@type":"Person","@id":"https:\/\/www.revuemusicale.ch\/#\/schema\/person\/78905bdf5c0bbd6ffcfe2b8f4fe6c868","name":"Pia Schwab","image":{"@type":"ImageObject","inLanguage":"en-US","@id":"https:\/\/secure.gravatar.com\/avatar\/d39d170de4c2d07e897fbc26cf9d890fc046285c742207b86d8ebabe5fcde2c4?s=96&d=mm&r=g","url":"https:\/\/secure.gravatar.com\/avatar\/d39d170de4c2d07e897fbc26cf9d890fc046285c742207b86d8ebabe5fcde2c4?s=96&d=mm&r=g","contentUrl":"https:\/\/secure.gravatar.com\/avatar\/d39d170de4c2d07e897fbc26cf9d890fc046285c742207b86d8ebabe5fcde2c4?s=96&d=mm&r=g","caption":"Pia Schwab"},"url":"https:\/\/www.revuemusicale.ch\/en\/author\/pia-schwab"}]}},"publishpress_future_action":{"enabled":false,"date":"1970-01-01 01:00:00","action":"change-status","newStatus":"draft","terms":[],"taxonomy":"category","extraData":[]},"publishpress_future_workflow_manual_trigger":{"enabledWorkflows":[]},"_links":{"self":[{"href":"https:\/\/www.revuemusicale.ch\/en\/wp-json\/wp\/v2\/posts\/31466","targetHints":{"allow":["GET"]}}],"collection":[{"href":"https:\/\/www.revuemusicale.ch\/en\/wp-json\/wp\/v2\/posts"}],"about":[{"href":"https:\/\/www.revuemusicale.ch\/en\/wp-json\/wp\/v2\/types\/post"}],"author":[{"embeddable":true,"href":"https:\/\/www.revuemusicale.ch\/en\/wp-json\/wp\/v2\/users\/36253"}],"replies":[{"embeddable":true,"href":"https:\/\/www.revuemusicale.ch\/en\/wp-json\/wp\/v2\/comments?post=31466"}],"version-history":[{"count":3,"href":"https:\/\/www.revuemusicale.ch\/en\/wp-json\/wp\/v2\/posts\/31466\/revisions"}],"predecessor-version":[{"id":31501,"href":"https:\/\/www.revuemusicale.ch\/en\/wp-json\/wp\/v2\/posts\/31466\/revisions\/31501"}],"wp:featuredmedia":[{"embeddable":true,"href":"https:\/\/www.revuemusicale.ch\/en\/wp-json\/wp\/v2\/media\/31496"}],"wp:attachment":[{"href":"https:\/\/www.revuemusicale.ch\/en\/wp-json\/wp\/v2\/media?parent=31466"}],"wp:term":[{"taxonomy":"category","embeddable":true,"href":"https:\/\/www.revuemusicale.ch\/en\/wp-json\/wp\/v2\/categories?post=31466"},{"taxonomy":"post_tag","embeddable":true,"href":"https:\/\/www.revuemusicale.ch\/en\/wp-json\/wp\/v2\/tags?post=31466"}],"curies":[{"name":"wp","href":"https:\/\/api.w.org\/{rel}","templated":true}]}}