{"id":31563,"date":"2025-11-27T11:18:39","date_gmt":"2025-11-27T10:18:39","guid":{"rendered":"https:\/\/www.revuemusicale.ch\/?p=31563"},"modified":"2026-02-19T10:06:53","modified_gmt":"2026-02-19T09:06:53","slug":"infolio-2","status":"publish","type":"post","link":"https:\/\/www.revuemusicale.ch\/en\/critiques\/livres-et-partitions\/2025\/11\/infolio-2","title":{"rendered":"Biographies of Hans Huber, Ignace Paderewski and Paulet Th\u00e9venaz"},"content":{"rendered":"<figure id=\"attachment_31570\" aria-describedby=\"caption-attachment-31570\" style=\"width: 1272px\" class=\"wp-caption alignnone\"><img loading=\"lazy\" decoding=\"async\" class=\"wp-image-31570 size-full\" src=\"https:\/\/www.revuemusicale.ch\/wp-content\/uploads\/2025\/11\/Paulet-Thevenaz_Igor-Stravinsky.jpeg\" alt=\"\" width=\"1272\" height=\"967\" srcset=\"https:\/\/www.revuemusicale.ch\/wp-content\/uploads\/2025\/11\/Paulet-Thevenaz_Igor-Stravinsky.jpeg 1272w, https:\/\/www.revuemusicale.ch\/wp-content\/uploads\/2025\/11\/Paulet-Thevenaz_Igor-Stravinsky-300x228.jpeg 300w, https:\/\/www.revuemusicale.ch\/wp-content\/uploads\/2025\/11\/Paulet-Thevenaz_Igor-Stravinsky-1024x778.jpeg 1024w, https:\/\/www.revuemusicale.ch\/wp-content\/uploads\/2025\/11\/Paulet-Thevenaz_Igor-Stravinsky-768x584.jpeg 768w, https:\/\/www.revuemusicale.ch\/wp-content\/uploads\/2025\/11\/Paulet-Thevenaz_Igor-Stravinsky-16x12.jpeg 16w, https:\/\/www.revuemusicale.ch\/wp-content\/uploads\/2025\/11\/Paulet-Thevenaz_Igor-Stravinsky-230x175.jpeg 230w, https:\/\/www.revuemusicale.ch\/wp-content\/uploads\/2025\/11\/Paulet-Thevenaz_Igor-Stravinsky-460x350.jpeg 460w, https:\/\/www.revuemusicale.ch\/wp-content\/uploads\/2025\/11\/Paulet-Thevenaz_Igor-Stravinsky-1052x800.jpeg 1052w, https:\/\/www.revuemusicale.ch\/wp-content\/uploads\/2025\/11\/Paulet-Thevenaz_Igor-Stravinsky-920x699.jpeg 920w\" sizes=\"auto, (max-width: 1272px) 100vw, 1272px\" \/><figcaption id=\"caption-attachment-31570\" class=\"wp-caption-text\">Portrait of Stravinsky by Paulet Th\u00e9venaz, 1914. Image: DR<\/figcaption><\/figure>\n<p>Recent additions to this attractive pocket-format series include the first French-language biography of one of the most important exponents of Alemannic musical Romanticism, Hans Huber from Solothurn. Trained by Reinecke in Leipzig, like so many others, he spent most of his career in Basel. Although posterity has mainly remembered his eight symphonies or some of his chamber music scores, written in the wake of Schumann, Brahms and Raff, he gained notoriety in particular through the Festspiel commemorating the 500th anniversary of the birth of the composer in 1892.<sup>e<\/sup> anniversary of the reunion of Basel and Kleinbasel, which earned him the title of Doctor of Philosophy.\u00a0<em>honoris causa<\/em>\u00a0at the University of Basel. He became one of Helvetia's leading musical figures, and along with his colleague Friedrich Hegar, was one of the most active initiators of the Association of Swiss Musicians, founded in 1900. Musicographer James Lyon retraces the stages of Huber's life and describes his main works, highlighting the influence of Alpine mythology, perceptible from his first symphony dedicated to the story of William Tell, and the humanist spirit prevalent in the Rhenish city.<img loading=\"lazy\" decoding=\"async\" class=\"aligncenter wp-image-31571 size-medium\" src=\"https:\/\/www.revuemusicale.ch\/wp-content\/uploads\/2025\/11\/Huber-Infolio-196x300.jpg\" alt=\"\" width=\"196\" height=\"300\" srcset=\"https:\/\/www.revuemusicale.ch\/wp-content\/uploads\/2025\/11\/Huber-Infolio-196x300.jpg 196w, https:\/\/www.revuemusicale.ch\/wp-content\/uploads\/2025\/11\/Huber-Infolio-669x1024.jpg 669w, https:\/\/www.revuemusicale.ch\/wp-content\/uploads\/2025\/11\/Huber-Infolio-768x1176.jpg 768w, https:\/\/www.revuemusicale.ch\/wp-content\/uploads\/2025\/11\/Huber-Infolio-8x12.jpg 8w, https:\/\/www.revuemusicale.ch\/wp-content\/uploads\/2025\/11\/Huber-Infolio-114x175.jpg 114w, https:\/\/www.revuemusicale.ch\/wp-content\/uploads\/2025\/11\/Huber-Infolio-229x350.jpg 229w, https:\/\/www.revuemusicale.ch\/wp-content\/uploads\/2025\/11\/Huber-Infolio-522x800.jpg 522w, https:\/\/www.revuemusicale.ch\/wp-content\/uploads\/2025\/11\/Huber-Infolio-300x459.jpg 300w, https:\/\/www.revuemusicale.ch\/wp-content\/uploads\/2025\/11\/Huber-Infolio.jpg 653w\" sizes=\"auto, (max-width: 196px) 100vw, 196px\" \/><\/p>\n<p>Legendary Polish pianist, composer and politician Ignace Jan Paderewski lived from 1897 to 1940 in a sumptuous mansion in Tolochenaz, near the town of Morges, where receptions attracted many of the world's artistic celebrities, as well as fellow exiles. A much-admired performer, for whom Steinway had specially chartered rail convoys during an American tour in which he gave almost a hundred recitals, Paderewski was deeply concerned by the fate of his homeland, giving many speeches and concerts in support of a fund-raising campaign for compatriots who had fallen victim to the First World War. In 1919, once his country had regained its independence, he even agreed to chair the Council of Ministers, a sacrifice he repeated in 1940 when the government was forced to leave the country following the dismemberment of Poland. In this book, Antonin Scherrer, curator of the Paderewski Museum currently housed at Morges Castle, focuses on the illustrious musician's links with Switzerland, and in particular his diplomatic efforts, such as the internment of over 12,000 Polish refugee soldiers during the Second World War.<img loading=\"lazy\" decoding=\"async\" class=\"aligncenter wp-image-31572 size-medium\" src=\"https:\/\/www.revuemusicale.ch\/wp-content\/uploads\/2025\/11\/Paderewski_Infolio-196x300.jpg\" alt=\"\" width=\"196\" height=\"300\" srcset=\"https:\/\/www.revuemusicale.ch\/wp-content\/uploads\/2025\/11\/Paderewski_Infolio-196x300.jpg 196w, https:\/\/www.revuemusicale.ch\/wp-content\/uploads\/2025\/11\/Paderewski_Infolio-669x1024.jpg 669w, https:\/\/www.revuemusicale.ch\/wp-content\/uploads\/2025\/11\/Paderewski_Infolio-768x1176.jpg 768w, https:\/\/www.revuemusicale.ch\/wp-content\/uploads\/2025\/11\/Paderewski_Infolio-8x12.jpg 8w, https:\/\/www.revuemusicale.ch\/wp-content\/uploads\/2025\/11\/Paderewski_Infolio-114x175.jpg 114w, https:\/\/www.revuemusicale.ch\/wp-content\/uploads\/2025\/11\/Paderewski_Infolio-229x350.jpg 229w, https:\/\/www.revuemusicale.ch\/wp-content\/uploads\/2025\/11\/Paderewski_Infolio-522x800.jpg 522w, https:\/\/www.revuemusicale.ch\/wp-content\/uploads\/2025\/11\/Paderewski_Infolio-300x459.jpg 300w, https:\/\/www.revuemusicale.ch\/wp-content\/uploads\/2025\/11\/Paderewski_Infolio.jpg 653w\" sizes=\"auto, (max-width: 196px) 100vw, 196px\" \/><\/p>\n<p>If peritonitis had not taken his life in 1921 at the age of 30, the exceptional talent of Geneva painter Paul, known as Paulet, Th\u00e9venaz would certainly have been more widely recognized, as would his originality as an Art Deco pioneer. Instead of attending the \u00c9cole des Beaux-Arts, his parents sent him to the \u00c9cole des Arts Industriels, where he acquired a solid knowledge of technical and ornamental drawing, which is reflected in his expressive portraits, watercolors, decors and other works, many of which are reproduced throughout the pages of this monograph. In addition to his gifts as a visual artist, Th\u00e9venaz also possessed a sense of movement. Discovering Jaques-Dalcroze's rhythmic classes at the Conservatoire, he became an enthusiastic follower, not only illustrating publications presenting the Dalcroze method with his sketches, but also taking part in a demonstration tour of Germany in 1908, initiating Russian dancers in St. Petersburg in 1911, then opening a rhythmic school in Paris, a discipline he also taught at the Op\u00e9ra Garnier. Emigrating to the United States in 1916, he pursued his dual career, which was abruptly cut short by fate. With accuracy and emotion, Jean Pierre Pastori revives the memory of this endearing personality, ardent and free, with a meteoric brilliance.<img loading=\"lazy\" decoding=\"async\" class=\"aligncenter wp-image-31573 size-medium\" src=\"https:\/\/www.revuemusicale.ch\/wp-content\/uploads\/2025\/11\/thevenaz-infolio-196x300.jpeg\" alt=\"\" width=\"196\" height=\"300\" srcset=\"https:\/\/www.revuemusicale.ch\/wp-content\/uploads\/2025\/11\/thevenaz-infolio-196x300.jpeg 196w, https:\/\/www.revuemusicale.ch\/wp-content\/uploads\/2025\/11\/thevenaz-infolio-8x12.jpeg 8w, https:\/\/www.revuemusicale.ch\/wp-content\/uploads\/2025\/11\/thevenaz-infolio-114x175.jpeg 114w, https:\/\/www.revuemusicale.ch\/wp-content\/uploads\/2025\/11\/thevenaz-infolio-229x350.jpeg 229w, https:\/\/www.revuemusicale.ch\/wp-content\/uploads\/2025\/11\/thevenaz-infolio-300x459.jpeg 300w, https:\/\/www.revuemusicale.ch\/wp-content\/uploads\/2025\/11\/thevenaz-infolio.jpeg 336w\" sizes=\"auto, (max-width: 196px) 100vw, 196px\" \/><\/p>\n<p><em>James Lyon: Hans Huber ou l'humanisme musical b\u00e2lois, 64 p., Fr. 12.00, Infolio, Gollion 2025, ISBN 978-2-88968-182-2<\/em><\/p>\n<p><em>Antonin Scherrer: Paderewski, le plus suisse des Polonais, 64 p., Fr. 12.00, Infolio, Gollion 2025, ISBN 978-2-88968-181-5<\/em><\/p>\n<p><em>Jean Pierre Pastori: Th\u00e9venaz, formes et rythmes, 64 p., Fr. 12.00, Infolio, Gollion 2021, ISBN 978-2-88474-488-1<\/em><\/p>","protected":false},"excerpt":{"rendered":"<p>Infolio's Presto collection of short opuscules continues its exploration of Swiss and Swiss-based personalities. <\/p>","protected":false},"author":36253,"featured_media":31570,"comment_status":"closed","ping_status":"closed","sticky":false,"template":"","format":"standard","meta":{"_acf_changed":false,"_relevanssi_hide_post":"","_relevanssi_hide_content":"","_relevanssi_pin_for_all":"","_relevanssi_pin_keywords":"","_relevanssi_unpin_keywords":"","_relevanssi_related_keywords":"","_relevanssi_related_include_ids":"","_relevanssi_related_exclude_ids":"","_relevanssi_related_no_append":"","_relevanssi_related_not_related":"","_relevanssi_related_posts":"","_relevanssi_noindex_reason":"","pgc_sgb_lightbox_settings":"","footnotes":""},"categories":[1614,1616],"tags":[2016,2155,2288,2014,2289,2290],"class_list":["post-31563","post","type-post","status-publish","format-standard","has-post-thumbnail","hentry","category-critiques","category-livres-et-partitions","tag-antonin-scherrer","tag-hans-huber","tag-ignace-paderewski","tag-james-lyon","tag-jean-pierre-pastori","tag-paul-thevenaz"],"acf":[],"yoast_head":"<!-- This site is optimized with the Yoast SEO plugin v27.3 - https:\/\/yoast.com\/product\/yoast-seo-wordpress\/ -->\n<title>Biographies de Hans Huber, Ignace Paderewski et Paulet Th\u00e9venaz - Revue Musicale Suisse<\/title>\n<meta name=\"robots\" content=\"index, follow, max-snippet:-1, max-image-preview:large, max-video-preview:-1\" \/>\n<link rel=\"canonical\" href=\"https:\/\/www.revuemusicale.ch\/en\/critiques\/livres-et-partitions\/2025\/11\/infolio-2\/\" \/>\n<meta property=\"og:locale\" content=\"en_US\" \/>\n<meta property=\"og:type\" content=\"article\" \/>\n<meta property=\"og:title\" content=\"Biographies de Hans Huber, Ignace Paderewski et Paulet Th\u00e9venaz - Revue Musicale Suisse\" \/>\n<meta property=\"og:description\" content=\"La collection de brefs opuscules Presto, \u00e9dit\u00e9e par Infolio, poursuit son exploration de personnalit\u00e9s suisses ou install\u00e9es en Helv\u00e9tie.\" \/>\n<meta property=\"og:url\" content=\"https:\/\/www.revuemusicale.ch\/en\/critiques\/livres-et-partitions\/2025\/11\/infolio-2\/\" \/>\n<meta property=\"og:site_name\" content=\"Revue Musicale Suisse\" \/>\n<meta property=\"article:publisher\" content=\"https:\/\/www.facebook.com\/SchweizerMusikzeitung\/\" \/>\n<meta property=\"article:published_time\" content=\"2025-11-27T10:18:39+00:00\" \/>\n<meta property=\"article:modified_time\" content=\"2026-02-19T09:06:53+00:00\" \/>\n<meta property=\"og:image\" content=\"https:\/\/www.revuemusicale.ch\/wp-content\/uploads\/2025\/11\/Paulet-Thevenaz_Igor-Stravinsky.jpeg\" \/>\n\t<meta property=\"og:image:width\" content=\"1272\" \/>\n\t<meta property=\"og:image:height\" content=\"967\" \/>\n\t<meta property=\"og:image:type\" content=\"image\/jpeg\" \/>\n<meta name=\"author\" content=\"Pia Schwab\" \/>\n<meta name=\"twitter:card\" content=\"summary_large_image\" \/>\n<meta name=\"twitter:creator\" content=\"@smusikzeitung\" \/>\n<meta name=\"twitter:site\" content=\"@smusikzeitung\" \/>\n<meta name=\"twitter:label1\" content=\"Written by\" \/>\n\t<meta name=\"twitter:data1\" content=\"Pia Schwab\" \/>\n\t<meta name=\"twitter:label2\" content=\"Est. reading time\" \/>\n\t<meta name=\"twitter:data2\" content=\"5 minutes\" \/>\n<script type=\"application\/ld+json\" class=\"yoast-schema-graph\">{\"@context\":\"https:\\\/\\\/schema.org\",\"@graph\":[{\"@type\":\"Article\",\"@id\":\"https:\\\/\\\/www.revuemusicale.ch\\\/critiques\\\/livres-et-partitions\\\/2025\\\/11\\\/infolio-2#article\",\"isPartOf\":{\"@id\":\"https:\\\/\\\/www.revuemusicale.ch\\\/critiques\\\/livres-et-partitions\\\/2025\\\/11\\\/infolio-2\"},\"author\":{\"name\":\"Pia Schwab\",\"@id\":\"https:\\\/\\\/www.revuemusicale.ch\\\/#\\\/schema\\\/person\\\/78905bdf5c0bbd6ffcfe2b8f4fe6c868\"},\"headline\":\"Biographies de Hans Huber, Ignace Paderewski et Paulet Th\u00e9venaz\",\"datePublished\":\"2025-11-27T10:18:39+00:00\",\"dateModified\":\"2026-02-19T09:06:53+00:00\",\"mainEntityOfPage\":{\"@id\":\"https:\\\/\\\/www.revuemusicale.ch\\\/critiques\\\/livres-et-partitions\\\/2025\\\/11\\\/infolio-2\"},\"wordCount\":732,\"publisher\":{\"@id\":\"https:\\\/\\\/www.revuemusicale.ch\\\/#organization\"},\"image\":{\"@id\":\"https:\\\/\\\/www.revuemusicale.ch\\\/critiques\\\/livres-et-partitions\\\/2025\\\/11\\\/infolio-2#primaryimage\"},\"thumbnailUrl\":\"https:\\\/\\\/www.revuemusicale.ch\\\/wp-content\\\/uploads\\\/2025\\\/11\\\/Paulet-Thevenaz_Igor-Stravinsky.jpeg\",\"keywords\":[\"Antonin Scherrer\",\"Hans Huber\",\"Ignace Paderewski\",\"James Lyon\",\"Jean Pierre Pastori\",\"Paul Th\u00e9venaz\"],\"articleSection\":[\"Critiques\",\"Livres et partitions\"],\"inLanguage\":\"en-US\"},{\"@type\":\"WebPage\",\"@id\":\"https:\\\/\\\/www.revuemusicale.ch\\\/critiques\\\/livres-et-partitions\\\/2025\\\/11\\\/infolio-2\",\"url\":\"https:\\\/\\\/www.revuemusicale.ch\\\/critiques\\\/livres-et-partitions\\\/2025\\\/11\\\/infolio-2\",\"name\":\"Biographies de Hans Huber, Ignace Paderewski et Paulet Th\u00e9venaz - Revue Musicale Suisse\",\"isPartOf\":{\"@id\":\"https:\\\/\\\/www.revuemusicale.ch\\\/#website\"},\"primaryImageOfPage\":{\"@id\":\"https:\\\/\\\/www.revuemusicale.ch\\\/critiques\\\/livres-et-partitions\\\/2025\\\/11\\\/infolio-2#primaryimage\"},\"image\":{\"@id\":\"https:\\\/\\\/www.revuemusicale.ch\\\/critiques\\\/livres-et-partitions\\\/2025\\\/11\\\/infolio-2#primaryimage\"},\"thumbnailUrl\":\"https:\\\/\\\/www.revuemusicale.ch\\\/wp-content\\\/uploads\\\/2025\\\/11\\\/Paulet-Thevenaz_Igor-Stravinsky.jpeg\",\"datePublished\":\"2025-11-27T10:18:39+00:00\",\"dateModified\":\"2026-02-19T09:06:53+00:00\",\"breadcrumb\":{\"@id\":\"https:\\\/\\\/www.revuemusicale.ch\\\/critiques\\\/livres-et-partitions\\\/2025\\\/11\\\/infolio-2#breadcrumb\"},\"inLanguage\":\"en-US\",\"potentialAction\":[{\"@type\":\"ReadAction\",\"target\":[\"https:\\\/\\\/www.revuemusicale.ch\\\/critiques\\\/livres-et-partitions\\\/2025\\\/11\\\/infolio-2\"]}]},{\"@type\":\"ImageObject\",\"inLanguage\":\"en-US\",\"@id\":\"https:\\\/\\\/www.revuemusicale.ch\\\/critiques\\\/livres-et-partitions\\\/2025\\\/11\\\/infolio-2#primaryimage\",\"url\":\"https:\\\/\\\/www.revuemusicale.ch\\\/wp-content\\\/uploads\\\/2025\\\/11\\\/Paulet-Thevenaz_Igor-Stravinsky.jpeg\",\"contentUrl\":\"https:\\\/\\\/www.revuemusicale.ch\\\/wp-content\\\/uploads\\\/2025\\\/11\\\/Paulet-Thevenaz_Igor-Stravinsky.jpeg\",\"width\":1272,\"height\":967},{\"@type\":\"BreadcrumbList\",\"@id\":\"https:\\\/\\\/www.revuemusicale.ch\\\/critiques\\\/livres-et-partitions\\\/2025\\\/11\\\/infolio-2#breadcrumb\",\"itemListElement\":[{\"@type\":\"ListItem\",\"position\":1,\"name\":\"Home\",\"item\":\"https:\\\/\\\/www.revuemusicale.ch\\\/\"},{\"@type\":\"ListItem\",\"position\":2,\"name\":\"Biographies de Hans Huber, Ignace Paderewski et Paulet Th\u00e9venaz\"}]},{\"@type\":\"WebSite\",\"@id\":\"https:\\\/\\\/www.revuemusicale.ch\\\/#website\",\"url\":\"https:\\\/\\\/www.revuemusicale.ch\\\/\",\"name\":\"Revue Musicale Suisse\",\"description\":\"\",\"publisher\":{\"@id\":\"https:\\\/\\\/www.revuemusicale.ch\\\/#organization\"},\"potentialAction\":[{\"@type\":\"SearchAction\",\"target\":{\"@type\":\"EntryPoint\",\"urlTemplate\":\"https:\\\/\\\/www.revuemusicale.ch\\\/?s={search_term_string}\"},\"query-input\":{\"@type\":\"PropertyValueSpecification\",\"valueRequired\":true,\"valueName\":\"search_term_string\"}}],\"inLanguage\":\"en-US\"},{\"@type\":\"Organization\",\"@id\":\"https:\\\/\\\/www.revuemusicale.ch\\\/#organization\",\"name\":\"Revue Musicale Suisse\",\"url\":\"https:\\\/\\\/www.revuemusicale.ch\\\/\",\"logo\":{\"@type\":\"ImageObject\",\"inLanguage\":\"en-US\",\"@id\":\"https:\\\/\\\/www.revuemusicale.ch\\\/#\\\/schema\\\/logo\\\/image\\\/\",\"url\":\"https:\\\/\\\/www.revuemusicale.ch\\\/wp-content\\\/uploads\\\/2023\\\/01\\\/logo_revuemusicale_musikzeitung.jpg\",\"contentUrl\":\"https:\\\/\\\/www.revuemusicale.ch\\\/wp-content\\\/uploads\\\/2023\\\/01\\\/logo_revuemusicale_musikzeitung.jpg\",\"width\":1200,\"height\":243,\"caption\":\"Revue Musicale Suisse\"},\"image\":{\"@id\":\"https:\\\/\\\/www.revuemusicale.ch\\\/#\\\/schema\\\/logo\\\/image\\\/\"},\"sameAs\":[\"https:\\\/\\\/www.facebook.com\\\/SchweizerMusikzeitung\\\/\",\"https:\\\/\\\/x.com\\\/smusikzeitung\",\"https:\\\/\\\/www.instagram.com\\\/musikzeitung.ch\\\/?hl=de\"]},{\"@type\":\"Person\",\"@id\":\"https:\\\/\\\/www.revuemusicale.ch\\\/#\\\/schema\\\/person\\\/78905bdf5c0bbd6ffcfe2b8f4fe6c868\",\"name\":\"Pia Schwab\",\"image\":{\"@type\":\"ImageObject\",\"inLanguage\":\"en-US\",\"@id\":\"https:\\\/\\\/secure.gravatar.com\\\/avatar\\\/d39d170de4c2d07e897fbc26cf9d890fc046285c742207b86d8ebabe5fcde2c4?s=96&d=mm&r=g\",\"url\":\"https:\\\/\\\/secure.gravatar.com\\\/avatar\\\/d39d170de4c2d07e897fbc26cf9d890fc046285c742207b86d8ebabe5fcde2c4?s=96&d=mm&r=g\",\"contentUrl\":\"https:\\\/\\\/secure.gravatar.com\\\/avatar\\\/d39d170de4c2d07e897fbc26cf9d890fc046285c742207b86d8ebabe5fcde2c4?s=96&d=mm&r=g\",\"caption\":\"Pia Schwab\"},\"url\":\"https:\\\/\\\/www.revuemusicale.ch\\\/en\\\/author\\\/pia-schwab\"}]}<\/script>\n<!-- \/ Yoast SEO plugin. -->","yoast_head_json":{"title":"Biographies of Hans Huber, Ignace Paderewski and Paulet Th\u00e9venaz - Swiss Music Review","robots":{"index":"index","follow":"follow","max-snippet":"max-snippet:-1","max-image-preview":"max-image-preview:large","max-video-preview":"max-video-preview:-1"},"canonical":"https:\/\/www.revuemusicale.ch\/en\/critiques\/livres-et-partitions\/2025\/11\/infolio-2\/","og_locale":"en_US","og_type":"article","og_title":"Biographies de Hans Huber, Ignace Paderewski et Paulet Th\u00e9venaz - Revue Musicale Suisse","og_description":"La collection de brefs opuscules Presto, \u00e9dit\u00e9e par Infolio, poursuit son exploration de personnalit\u00e9s suisses ou install\u00e9es en Helv\u00e9tie.","og_url":"https:\/\/www.revuemusicale.ch\/en\/critiques\/livres-et-partitions\/2025\/11\/infolio-2\/","og_site_name":"Revue Musicale Suisse","article_publisher":"https:\/\/www.facebook.com\/SchweizerMusikzeitung\/","article_published_time":"2025-11-27T10:18:39+00:00","article_modified_time":"2026-02-19T09:06:53+00:00","og_image":[{"width":1272,"height":967,"url":"https:\/\/www.revuemusicale.ch\/wp-content\/uploads\/2025\/11\/Paulet-Thevenaz_Igor-Stravinsky.jpeg","type":"image\/jpeg"}],"author":"Pia Schwab","twitter_card":"summary_large_image","twitter_creator":"@smusikzeitung","twitter_site":"@smusikzeitung","twitter_misc":{"Written by":"Pia Schwab","Est. reading time":"5 minutes"},"schema":{"@context":"https:\/\/schema.org","@graph":[{"@type":"Article","@id":"https:\/\/www.revuemusicale.ch\/critiques\/livres-et-partitions\/2025\/11\/infolio-2#article","isPartOf":{"@id":"https:\/\/www.revuemusicale.ch\/critiques\/livres-et-partitions\/2025\/11\/infolio-2"},"author":{"name":"Pia Schwab","@id":"https:\/\/www.revuemusicale.ch\/#\/schema\/person\/78905bdf5c0bbd6ffcfe2b8f4fe6c868"},"headline":"Biographies de Hans Huber, Ignace Paderewski et Paulet Th\u00e9venaz","datePublished":"2025-11-27T10:18:39+00:00","dateModified":"2026-02-19T09:06:53+00:00","mainEntityOfPage":{"@id":"https:\/\/www.revuemusicale.ch\/critiques\/livres-et-partitions\/2025\/11\/infolio-2"},"wordCount":732,"publisher":{"@id":"https:\/\/www.revuemusicale.ch\/#organization"},"image":{"@id":"https:\/\/www.revuemusicale.ch\/critiques\/livres-et-partitions\/2025\/11\/infolio-2#primaryimage"},"thumbnailUrl":"https:\/\/www.revuemusicale.ch\/wp-content\/uploads\/2025\/11\/Paulet-Thevenaz_Igor-Stravinsky.jpeg","keywords":["Antonin Scherrer","Hans Huber","Ignace Paderewski","James Lyon","Jean Pierre Pastori","Paul Th\u00e9venaz"],"articleSection":["Critiques","Livres et partitions"],"inLanguage":"en-US"},{"@type":"WebPage","@id":"https:\/\/www.revuemusicale.ch\/critiques\/livres-et-partitions\/2025\/11\/infolio-2","url":"https:\/\/www.revuemusicale.ch\/critiques\/livres-et-partitions\/2025\/11\/infolio-2","name":"Biographies of Hans Huber, Ignace Paderewski and Paulet Th\u00e9venaz - Swiss Music Review","isPartOf":{"@id":"https:\/\/www.revuemusicale.ch\/#website"},"primaryImageOfPage":{"@id":"https:\/\/www.revuemusicale.ch\/critiques\/livres-et-partitions\/2025\/11\/infolio-2#primaryimage"},"image":{"@id":"https:\/\/www.revuemusicale.ch\/critiques\/livres-et-partitions\/2025\/11\/infolio-2#primaryimage"},"thumbnailUrl":"https:\/\/www.revuemusicale.ch\/wp-content\/uploads\/2025\/11\/Paulet-Thevenaz_Igor-Stravinsky.jpeg","datePublished":"2025-11-27T10:18:39+00:00","dateModified":"2026-02-19T09:06:53+00:00","breadcrumb":{"@id":"https:\/\/www.revuemusicale.ch\/critiques\/livres-et-partitions\/2025\/11\/infolio-2#breadcrumb"},"inLanguage":"en-US","potentialAction":[{"@type":"ReadAction","target":["https:\/\/www.revuemusicale.ch\/critiques\/livres-et-partitions\/2025\/11\/infolio-2"]}]},{"@type":"ImageObject","inLanguage":"en-US","@id":"https:\/\/www.revuemusicale.ch\/critiques\/livres-et-partitions\/2025\/11\/infolio-2#primaryimage","url":"https:\/\/www.revuemusicale.ch\/wp-content\/uploads\/2025\/11\/Paulet-Thevenaz_Igor-Stravinsky.jpeg","contentUrl":"https:\/\/www.revuemusicale.ch\/wp-content\/uploads\/2025\/11\/Paulet-Thevenaz_Igor-Stravinsky.jpeg","width":1272,"height":967},{"@type":"BreadcrumbList","@id":"https:\/\/www.revuemusicale.ch\/critiques\/livres-et-partitions\/2025\/11\/infolio-2#breadcrumb","itemListElement":[{"@type":"ListItem","position":1,"name":"Home","item":"https:\/\/www.revuemusicale.ch\/"},{"@type":"ListItem","position":2,"name":"Biographies de Hans Huber, Ignace Paderewski et Paulet Th\u00e9venaz"}]},{"@type":"WebSite","@id":"https:\/\/www.revuemusicale.ch\/#website","url":"https:\/\/www.revuemusicale.ch\/","name":"Swiss Music Review","description":"","publisher":{"@id":"https:\/\/www.revuemusicale.ch\/#organization"},"potentialAction":[{"@type":"SearchAction","target":{"@type":"EntryPoint","urlTemplate":"https:\/\/www.revuemusicale.ch\/?s={search_term_string}"},"query-input":{"@type":"PropertyValueSpecification","valueRequired":true,"valueName":"search_term_string"}}],"inLanguage":"en-US"},{"@type":"Organization","@id":"https:\/\/www.revuemusicale.ch\/#organization","name":"Swiss Music Review","url":"https:\/\/www.revuemusicale.ch\/","logo":{"@type":"ImageObject","inLanguage":"en-US","@id":"https:\/\/www.revuemusicale.ch\/#\/schema\/logo\/image\/","url":"https:\/\/www.revuemusicale.ch\/wp-content\/uploads\/2023\/01\/logo_revuemusicale_musikzeitung.jpg","contentUrl":"https:\/\/www.revuemusicale.ch\/wp-content\/uploads\/2023\/01\/logo_revuemusicale_musikzeitung.jpg","width":1200,"height":243,"caption":"Revue Musicale Suisse"},"image":{"@id":"https:\/\/www.revuemusicale.ch\/#\/schema\/logo\/image\/"},"sameAs":["https:\/\/www.facebook.com\/SchweizerMusikzeitung\/","https:\/\/x.com\/smusikzeitung","https:\/\/www.instagram.com\/musikzeitung.ch\/?hl=de"]},{"@type":"Person","@id":"https:\/\/www.revuemusicale.ch\/#\/schema\/person\/78905bdf5c0bbd6ffcfe2b8f4fe6c868","name":"Pia Schwab","image":{"@type":"ImageObject","inLanguage":"en-US","@id":"https:\/\/secure.gravatar.com\/avatar\/d39d170de4c2d07e897fbc26cf9d890fc046285c742207b86d8ebabe5fcde2c4?s=96&d=mm&r=g","url":"https:\/\/secure.gravatar.com\/avatar\/d39d170de4c2d07e897fbc26cf9d890fc046285c742207b86d8ebabe5fcde2c4?s=96&d=mm&r=g","contentUrl":"https:\/\/secure.gravatar.com\/avatar\/d39d170de4c2d07e897fbc26cf9d890fc046285c742207b86d8ebabe5fcde2c4?s=96&d=mm&r=g","caption":"Pia Schwab"},"url":"https:\/\/www.revuemusicale.ch\/en\/author\/pia-schwab"}]}},"publishpress_future_action":{"enabled":false,"date":"1970-01-01 01:00:00","action":"change-status","newStatus":"draft","terms":[],"taxonomy":"category","extraData":[]},"publishpress_future_workflow_manual_trigger":{"enabledWorkflows":[]},"_links":{"self":[{"href":"https:\/\/www.revuemusicale.ch\/en\/wp-json\/wp\/v2\/posts\/31563","targetHints":{"allow":["GET"]}}],"collection":[{"href":"https:\/\/www.revuemusicale.ch\/en\/wp-json\/wp\/v2\/posts"}],"about":[{"href":"https:\/\/www.revuemusicale.ch\/en\/wp-json\/wp\/v2\/types\/post"}],"author":[{"embeddable":true,"href":"https:\/\/www.revuemusicale.ch\/en\/wp-json\/wp\/v2\/users\/36253"}],"replies":[{"embeddable":true,"href":"https:\/\/www.revuemusicale.ch\/en\/wp-json\/wp\/v2\/comments?post=31563"}],"version-history":[{"count":4,"href":"https:\/\/www.revuemusicale.ch\/en\/wp-json\/wp\/v2\/posts\/31563\/revisions"}],"predecessor-version":[{"id":31574,"href":"https:\/\/www.revuemusicale.ch\/en\/wp-json\/wp\/v2\/posts\/31563\/revisions\/31574"}],"wp:featuredmedia":[{"embeddable":true,"href":"https:\/\/www.revuemusicale.ch\/en\/wp-json\/wp\/v2\/media\/31570"}],"wp:attachment":[{"href":"https:\/\/www.revuemusicale.ch\/en\/wp-json\/wp\/v2\/media?parent=31563"}],"wp:term":[{"taxonomy":"category","embeddable":true,"href":"https:\/\/www.revuemusicale.ch\/en\/wp-json\/wp\/v2\/categories?post=31563"},{"taxonomy":"post_tag","embeddable":true,"href":"https:\/\/www.revuemusicale.ch\/en\/wp-json\/wp\/v2\/tags?post=31563"}],"curies":[{"name":"wp","href":"https:\/\/api.w.org\/{rel}","templated":true}]}}