{"id":31648,"date":"2026-01-29T12:21:48","date_gmt":"2026-01-29T11:21:48","guid":{"rendered":"https:\/\/www.revuemusicale.ch\/?p=31648"},"modified":"2026-04-15T10:57:47","modified_gmt":"2026-04-15T08:57:47","slug":"symetrie","status":"publish","type":"post","link":"https:\/\/www.revuemusicale.ch\/en\/critiques\/livres-et-partitions\/2026\/01\/symetrie","title":{"rendered":"Interpreting music from the late Middle Ages to Liszt"},"content":{"rendered":"<figure id=\"attachment_31675\" aria-describedby=\"caption-attachment-31675\" style=\"width: 1292px\" class=\"wp-caption alignnone\"><img loading=\"lazy\" decoding=\"async\" class=\"wp-image-31675 size-full\" src=\"https:\/\/www.revuemusicale.ch\/wp-content\/uploads\/2026\/01\/Jakob_Gotzenberger_Fryderyk_Chopin_at_the_piano_-_Google_Art_Project.jpg\" alt=\"\" width=\"1292\" height=\"1000\" srcset=\"https:\/\/www.revuemusicale.ch\/wp-content\/uploads\/2026\/01\/Jakob_Gotzenberger_Fryderyk_Chopin_at_the_piano_-_Google_Art_Project.jpg 1292w, https:\/\/www.revuemusicale.ch\/wp-content\/uploads\/2026\/01\/Jakob_Gotzenberger_Fryderyk_Chopin_at_the_piano_-_Google_Art_Project-300x232.jpg 300w, https:\/\/www.revuemusicale.ch\/wp-content\/uploads\/2026\/01\/Jakob_Gotzenberger_Fryderyk_Chopin_at_the_piano_-_Google_Art_Project-1024x792.jpg 1024w, https:\/\/www.revuemusicale.ch\/wp-content\/uploads\/2026\/01\/Jakob_Gotzenberger_Fryderyk_Chopin_at_the_piano_-_Google_Art_Project-768x594.jpg 768w, https:\/\/www.revuemusicale.ch\/wp-content\/uploads\/2026\/01\/Jakob_Gotzenberger_Fryderyk_Chopin_at_the_piano_-_Google_Art_Project-1536x1188.jpg 1536w, https:\/\/www.revuemusicale.ch\/wp-content\/uploads\/2026\/01\/Jakob_Gotzenberger_Fryderyk_Chopin_at_the_piano_-_Google_Art_Project-16x12.jpg 16w, https:\/\/www.revuemusicale.ch\/wp-content\/uploads\/2026\/01\/Jakob_Gotzenberger_Fryderyk_Chopin_at_the_piano_-_Google_Art_Project-226x175.jpg 226w, https:\/\/www.revuemusicale.ch\/wp-content\/uploads\/2026\/01\/Jakob_Gotzenberger_Fryderyk_Chopin_at_the_piano_-_Google_Art_Project-452x350.jpg 452w, https:\/\/www.revuemusicale.ch\/wp-content\/uploads\/2026\/01\/Jakob_Gotzenberger_Fryderyk_Chopin_at_the_piano_-_Google_Art_Project-1034x800.jpg 1034w, https:\/\/www.revuemusicale.ch\/wp-content\/uploads\/2026\/01\/Jakob_Gotzenberger_Fryderyk_Chopin_at_the_piano_-_Google_Art_Project-920x712.jpg 920w, https:\/\/www.revuemusicale.ch\/wp-content\/uploads\/2026\/01\/Jakob_Gotzenberger_Fryderyk_Chopin_at_the_piano_-_Google_Art_Project-1400x1083.jpg 1400w\" sizes=\"auto, (max-width: 1292px) 100vw, 1292px\" \/><figcaption id=\"caption-attachment-31675\" class=\"wp-caption-text\">Fr\u00e9d\u00e9ric Chopin at the piano. Drawing by Jakob G\u00f6tzenberger, 1838. Fryderyk Chopin Museum in Warsaw\/<a href=\"https:\/\/commons.wikimedia.org\/wiki\/File:Jakob_G%C3%B6tzenberger_-_Fryderyk_Chopin_at_the_piano_-_Google_Art_Project.jpg?uselang=de\" target=\"_blank\" rel=\"noopener\">wikimedia commons<\/a><\/figcaption><\/figure>\n<p>&nbsp;<\/p>\n<h3><strong>The violin of Baroque Germany<\/strong><\/h3>\n<p>Globally neglected, the German violin repertoire of the 17<sup>e<\/sup> However, there are many treasures to be found here: not only scores by Biber or Schmelzer, but also, among others, those of the North German school, mainly around Hamburg and L\u00fcbeck. Delightfully translated by violinist Fabien Roussel, musicologist Greta Haenen's 2009 book draws on this corpus, both in print and in manuscript, as well as period treatises and iconography, to examine questions of technique and interpretation, such as violin and bow holding, bow strokes, sonority and intonation, scordatura, vibrato, fingerings and ornamentation. The author shows that practice, differentiated according to circumstances (dance accompaniment, ensemble playing, amateur reunions or solo virtuosity), was not uniform. Moreover, as some musicians played both, the viol and viol families coexisted more easily across the Rhine than in Italy. This fascinating work reveals a whole world of marginal fiddlers, itinerant troupes of musicians, dilettante bourgeois and seasoned professionals, analyzes musical sources and studies the way in which they were transmitted and disseminated. Thanks to the quality and wealth of its indications and information, it will be equally useful to performers of Baroque music and to music lovers wishing to deepen their knowledge in this field.<img loading=\"lazy\" decoding=\"async\" class=\"aligncenter wp-image-31679 size-medium\" src=\"https:\/\/www.revuemusicale.ch\/wp-content\/uploads\/2026\/01\/01_crit_buch_Mettraux-208x300.jpg\" alt=\"\" width=\"208\" height=\"300\" srcset=\"https:\/\/www.revuemusicale.ch\/wp-content\/uploads\/2026\/01\/01_crit_buch_Mettraux-208x300.jpg 208w, https:\/\/www.revuemusicale.ch\/wp-content\/uploads\/2026\/01\/01_crit_buch_Mettraux-8x12.jpg 8w, https:\/\/www.revuemusicale.ch\/wp-content\/uploads\/2026\/01\/01_crit_buch_Mettraux-121x175.jpg 121w, https:\/\/www.revuemusicale.ch\/wp-content\/uploads\/2026\/01\/01_crit_buch_Mettraux-242x350.jpg 242w, https:\/\/www.revuemusicale.ch\/wp-content\/uploads\/2026\/01\/01_crit_buch_Mettraux-300x434.jpg 300w, https:\/\/www.revuemusicale.ch\/wp-content\/uploads\/2026\/01\/01_crit_buch_Mettraux.jpg 400w\" sizes=\"auto, (max-width: 208px) 100vw, 208px\" \/><\/p>\n<p><em>Greta Haenen: The violin in 17th-century Germany<sup>e<\/sup> si\u00e8cle, r\u00e9pertoires et techniques, translation by Fabien Roussel, 276 p., \u20ac 35.00, Sym\u00e9trie, Lyon 2025, ISBN 978-2-36485-316-4<\/em><\/p>\n<h3><strong>Composing around 1400<\/strong><\/h3>\n<p>Another under-explored repertoire is that of the early 15th century.<sup>e<\/sup> century. At a time when the Ars subtilior was in its infancy and the Franco-Flemish school had not yet developed, Pierre Fontaine, from Rouen, of whom only seven chansons have survived (some with various variants), tried his hand at a simple, serene style, with often stereotyped melodic formulas, making himself the original precursor of the secular music of the most eminent representatives of the Burgundian school, Binchois and Dufay. He himself was a member of the chapel at the court of the Dukes of Burgundy for almost half a century, not without a few interruptions during which he was employed by Pope Martin V, among others. The relatively wide distribution of works attributed to him seems to attest to the good reputation Fontaine must have enjoyed. Mathias Le Rider, a musicologist specializing in this period, invites us into the composer's workshop, to understand how these songs were written, copied and distributed. He also describes how they can be sung or played today (exact placement of texts on the music, use of alterations by the musica ficta, use of instruments and other suggestions for interpretation). The book is completed by a modern transcription and full recording (available online) of Pierre Fontaine's songs, each of which is analyzed in detail, along with the options chosen for their performance.<img loading=\"lazy\" decoding=\"async\" class=\"aligncenter wp-image-31680 size-medium\" src=\"https:\/\/www.revuemusicale.ch\/wp-content\/uploads\/2026\/01\/Mettraux_Fontaine-213x300.jpg\" alt=\"\" width=\"213\" height=\"300\" srcset=\"https:\/\/www.revuemusicale.ch\/wp-content\/uploads\/2026\/01\/Mettraux_Fontaine-213x300.jpg 213w, https:\/\/www.revuemusicale.ch\/wp-content\/uploads\/2026\/01\/Mettraux_Fontaine-9x12.jpg 9w, https:\/\/www.revuemusicale.ch\/wp-content\/uploads\/2026\/01\/Mettraux_Fontaine-124x175.jpg 124w, https:\/\/www.revuemusicale.ch\/wp-content\/uploads\/2026\/01\/Mettraux_Fontaine-249x350.jpg 249w, https:\/\/www.revuemusicale.ch\/wp-content\/uploads\/2026\/01\/Mettraux_Fontaine-300x422.jpg 300w, https:\/\/www.revuemusicale.ch\/wp-content\/uploads\/2026\/01\/Mettraux_Fontaine.jpg 316w\" sizes=\"auto, (max-width: 213px) 100vw, 213px\" \/><\/p>\n<p><em>Mathias Le Rider: Les chansons de Pierre Fontaine, dans l'atelier d'un musicien des ann\u00e9es 1400, 276 p., \u20ac 35.00, Sym\u00e9trie, Lyon 2024, ISBN 978-2-36485-217-4<\/em><\/p>\n<h3><strong>Memories of Liszt the teacher<\/strong><\/h3>\n<p>Countless pianists were Liszt's pupils, whether temporary or regular, not to mention the charlatans who claimed to have studied under him. Among the faithful inheritors of his teaching, Lina Ramann collected interpretative comments, based on her own memories and those of her fellow students, which she compiles in her book <em>Liszt-Paedagogium<\/em> (1902), the first French translation of which was produced by Nicolas Dufetel, who also wrote the introductions and annotations. Presented here, with numerous details and musical examples, are pieces as diverse as variations on <em>Weinen, Klagen, Sorgen, Zagen<\/em>the third and fifth Hungarian rhapsodies, the cahier des <em>Consolations<\/em>or the concert study subtitled <em>Un Sospiro<\/em>among many others. Intended for practical use, this volume also contains variants of some passages from works such as the <em>Sonata in B minor<\/em>The book also includes an essay by Nicolas Dufetel, based on previously unpublished documents, dedicated to the pedagogy of the inventor of modern piano technique and the main characteristics of his playing, revealing his interest in rhetoric. An indispensable tool for performers wishing to learn more about the particularities of Liszt's pianistic thinking.<img loading=\"lazy\" decoding=\"async\" class=\"aligncenter wp-image-31681 size-medium\" src=\"https:\/\/www.revuemusicale.ch\/wp-content\/uploads\/2026\/01\/Mettraux_Liszt-211x300.jpg\" alt=\"\" width=\"211\" height=\"300\" srcset=\"https:\/\/www.revuemusicale.ch\/wp-content\/uploads\/2026\/01\/Mettraux_Liszt-211x300.jpg 211w, https:\/\/www.revuemusicale.ch\/wp-content\/uploads\/2026\/01\/Mettraux_Liszt-8x12.jpg 8w, https:\/\/www.revuemusicale.ch\/wp-content\/uploads\/2026\/01\/Mettraux_Liszt-123x175.jpg 123w, https:\/\/www.revuemusicale.ch\/wp-content\/uploads\/2026\/01\/Mettraux_Liszt-246x350.jpg 246w, https:\/\/www.revuemusicale.ch\/wp-content\/uploads\/2026\/01\/Mettraux_Liszt-300x427.jpg 300w, https:\/\/www.revuemusicale.ch\/wp-content\/uploads\/2026\/01\/Mettraux_Liszt.jpg 400w\" sizes=\"auto, (max-width: 211px) 100vw, 211px\" \/><\/p>\n<p><em>Le\u00e7ons de Liszt \u00e0 ses \u00e9l\u00e8ves, le Liszt-Paedagogium by Lina Ramann, translated, presented and annotated by Nicolas Dufetel, 112 p., \u20ac 24.00, Sym\u00e9trie, Lyon 2025, ISBN 978-2-36485-109-2<\/em><\/p>\n<h3>Noting the ephemeral<\/h3>\n<p>The Ditesheim &amp; Maffei gallery in Neuch\u00e2tel's old town also publishes art books, as well as three monographs by musicologist Jean-Jacques Eigeldinger devoted to Chopin, of whom he is a widely recognized specialist. We have already reviewed <a href=\"https:\/\/www.revuemusicale.ch\/en\/critiques\/livres-et-partitions\/2023\/01\/autour-de-chopin\/\" target=\"_blank\" rel=\"noopener\">a brief survey of the Polish master's main Parisian friendships, including other themes<\/a>. Published in 2023, the booklet <em>Chopin and his \"written torment<\/em>Two years later, a section on the violence and nervousness of his work was added, echoing his sometimes irritable temperament. Testimonials in praise of his qualities as a performer and improviser abound, underlining his extremely broad palette of nuances and sonorities. Letting himself be inspired by the moment, he never played his compositions the same way twice. Just as the music flowed under his fingers as if from a spring, so it struggled to find its definitive form under his pen. The study of manuscripts and the recollections of his students provide additional insights into the phrasing, pedal use, articulation and accentuation of his works. In short chapters, the author gets to the heart of the issues, offering new food for thought for performers and other admirers of Chopin.<img loading=\"lazy\" decoding=\"async\" class=\"aligncenter wp-image-31682 size-medium\" src=\"https:\/\/www.revuemusicale.ch\/wp-content\/uploads\/2026\/01\/Mettraux_-Chopin-300x286.jpg\" alt=\"\" width=\"300\" height=\"286\" srcset=\"https:\/\/www.revuemusicale.ch\/wp-content\/uploads\/2026\/01\/Mettraux_-Chopin-300x286.jpg 300w, https:\/\/www.revuemusicale.ch\/wp-content\/uploads\/2026\/01\/Mettraux_-Chopin-13x12.jpg 13w, https:\/\/www.revuemusicale.ch\/wp-content\/uploads\/2026\/01\/Mettraux_-Chopin-184x175.jpg 184w, https:\/\/www.revuemusicale.ch\/wp-content\/uploads\/2026\/01\/Mettraux_-Chopin-367x350.jpg 367w, https:\/\/www.revuemusicale.ch\/wp-content\/uploads\/2026\/01\/Mettraux_-Chopin-24x24.jpg 24w, https:\/\/www.revuemusicale.ch\/wp-content\/uploads\/2026\/01\/Mettraux_-Chopin.jpg 400w\" sizes=\"auto, (max-width: 300px) 100vw, 300px\" \/><\/p>\n<p><em>Jean-Jacques Eigeldinger: Chopin et son \" tourment \u00e9crit \", violince et nervosit\u00e9 de Chopin, new enlarged edition, 67 p., \u20ac 30.00, Ditesheim &amp; Maffei, Neuch\u00e2tel 2025, ISBN 978-2-8399-4602-5<\/em><\/p>","protected":false},"excerpt":{"rendered":"<p>Editions Sym\u00e9trie's catalog has been enriched with new and interesting publications that will delight musicians and music lovers alike, especially pianists, violinists and lovers of medieval music. Chopin is honored by the Neuch\u00e2tel gallery Ditesheim &amp; Maffei.<\/p>","protected":false},"author":36253,"featured_media":31675,"comment_status":"closed","ping_status":"closed","sticky":false,"template":"","format":"standard","meta":{"_acf_changed":false,"_relevanssi_hide_post":"","_relevanssi_hide_content":"","_relevanssi_pin_for_all":"","_relevanssi_pin_keywords":"","_relevanssi_unpin_keywords":"","_relevanssi_related_keywords":"","_relevanssi_related_include_ids":"","_relevanssi_related_exclude_ids":"","_relevanssi_related_no_append":"","_relevanssi_related_not_related":"","_relevanssi_related_posts":"","_relevanssi_noindex_reason":"","pgc_sgb_lightbox_settings":"","footnotes":""},"categories":[1614,1616],"tags":[2318,2059,2060,2317,2312,2313,2315,2314,2316],"class_list":["post-31648","post","type-post","status-publish","format-standard","has-post-thumbnail","hentry","category-critiques","category-livres-et-partitions","tag-fabien-roussel","tag-franz-liszt","tag-frederic-chopin","tag-greta-haenen","tag-jean-jacques-eigeldinger","tag-lina-ramann","tag-mathias-le-rider","tag-nicolas-dufetel","tag-pierre-fontaine"],"acf":[],"yoast_head":"<!-- This site is optimized with the Yoast SEO plugin v27.3 - https:\/\/yoast.com\/product\/yoast-seo-wordpress\/ -->\n<title>Interpr\u00e9ter la musique, de la fin du Moyen \u00c2ge \u00e0 Liszt - Revue Musicale Suisse<\/title>\n<meta name=\"robots\" content=\"index, follow, max-snippet:-1, max-image-preview:large, max-video-preview:-1\" \/>\n<link rel=\"canonical\" href=\"https:\/\/www.revuemusicale.ch\/en\/critiques\/livres-et-partitions\/2026\/01\/symetrie\/\" \/>\n<meta property=\"og:locale\" content=\"en_US\" \/>\n<meta property=\"og:type\" content=\"article\" \/>\n<meta property=\"og:title\" content=\"Interpr\u00e9ter la musique, de la fin du Moyen \u00c2ge \u00e0 Liszt - Revue Musicale Suisse\" \/>\n<meta property=\"og:description\" content=\"Le catalogue des \u00e9ditions Sym\u00e9trie s\u2019est enrichi de nouvelles et int\u00e9ressantes parutions qui raviront musiciens et m\u00e9lomanes, en particulier les pianistes, violonistes et amateurs de musique m\u00e9di\u00e9vale. Chopin est quant \u00e0 lui honor\u00e9 par la galerie neuch\u00e2teloise Ditesheim &amp; Maffei.\" \/>\n<meta property=\"og:url\" content=\"https:\/\/www.revuemusicale.ch\/en\/critiques\/livres-et-partitions\/2026\/01\/symetrie\/\" \/>\n<meta property=\"og:site_name\" content=\"Revue Musicale Suisse\" \/>\n<meta property=\"article:publisher\" content=\"https:\/\/www.facebook.com\/SchweizerMusikzeitung\/\" \/>\n<meta property=\"article:published_time\" content=\"2026-01-29T11:21:48+00:00\" \/>\n<meta property=\"article:modified_time\" content=\"2026-04-15T08:57:47+00:00\" \/>\n<meta property=\"og:image\" content=\"https:\/\/www.revuemusicale.ch\/wp-content\/uploads\/2026\/01\/Jakob_Gotzenberger_Fryderyk_Chopin_at_the_piano_-_Google_Art_Project.jpg\" \/>\n\t<meta property=\"og:image:width\" content=\"1292\" \/>\n\t<meta property=\"og:image:height\" content=\"1000\" \/>\n\t<meta property=\"og:image:type\" content=\"image\/jpeg\" \/>\n<meta name=\"author\" content=\"Pia Schwab\" \/>\n<meta name=\"twitter:card\" content=\"summary_large_image\" \/>\n<meta name=\"twitter:creator\" content=\"@smusikzeitung\" \/>\n<meta name=\"twitter:site\" content=\"@smusikzeitung\" \/>\n<meta name=\"twitter:label1\" content=\"Written by\" \/>\n\t<meta name=\"twitter:data1\" content=\"Pia Schwab\" \/>\n\t<meta name=\"twitter:label2\" content=\"Est. reading time\" \/>\n\t<meta name=\"twitter:data2\" content=\"7 minutes\" \/>\n<script type=\"application\/ld+json\" class=\"yoast-schema-graph\">{\"@context\":\"https:\\\/\\\/schema.org\",\"@graph\":[{\"@type\":\"Article\",\"@id\":\"https:\\\/\\\/www.revuemusicale.ch\\\/critiques\\\/livres-et-partitions\\\/2026\\\/01\\\/symetrie#article\",\"isPartOf\":{\"@id\":\"https:\\\/\\\/www.revuemusicale.ch\\\/critiques\\\/livres-et-partitions\\\/2026\\\/01\\\/symetrie\"},\"author\":{\"name\":\"Pia Schwab\",\"@id\":\"https:\\\/\\\/www.revuemusicale.ch\\\/#\\\/schema\\\/person\\\/78905bdf5c0bbd6ffcfe2b8f4fe6c868\"},\"headline\":\"Interpr\u00e9ter la musique, de la fin du Moyen \u00c2ge \u00e0 Liszt\",\"datePublished\":\"2026-01-29T11:21:48+00:00\",\"dateModified\":\"2026-04-15T08:57:47+00:00\",\"mainEntityOfPage\":{\"@id\":\"https:\\\/\\\/www.revuemusicale.ch\\\/critiques\\\/livres-et-partitions\\\/2026\\\/01\\\/symetrie\"},\"wordCount\":1165,\"publisher\":{\"@id\":\"https:\\\/\\\/www.revuemusicale.ch\\\/#organization\"},\"image\":{\"@id\":\"https:\\\/\\\/www.revuemusicale.ch\\\/critiques\\\/livres-et-partitions\\\/2026\\\/01\\\/symetrie#primaryimage\"},\"thumbnailUrl\":\"https:\\\/\\\/www.revuemusicale.ch\\\/wp-content\\\/uploads\\\/2026\\\/01\\\/Jakob_Gotzenberger_Fryderyk_Chopin_at_the_piano_-_Google_Art_Project.jpg\",\"keywords\":[\"Fabien Roussel\",\"Franz Liszt\",\"Fr\u00e9d\u00e9ric Chopin\",\"Greta Haenen\",\"Jean-Jacques Eigeldinger\",\"Lina Ramann\",\"Mathias Le Rider\",\"Nicolas Dufetel\",\"Pierre Fontaine\"],\"articleSection\":[\"Critiques\",\"Livres et partitions\"],\"inLanguage\":\"en-US\"},{\"@type\":\"WebPage\",\"@id\":\"https:\\\/\\\/www.revuemusicale.ch\\\/critiques\\\/livres-et-partitions\\\/2026\\\/01\\\/symetrie\",\"url\":\"https:\\\/\\\/www.revuemusicale.ch\\\/critiques\\\/livres-et-partitions\\\/2026\\\/01\\\/symetrie\",\"name\":\"Interpr\u00e9ter la musique, de la fin du Moyen \u00c2ge \u00e0 Liszt - Revue Musicale Suisse\",\"isPartOf\":{\"@id\":\"https:\\\/\\\/www.revuemusicale.ch\\\/#website\"},\"primaryImageOfPage\":{\"@id\":\"https:\\\/\\\/www.revuemusicale.ch\\\/critiques\\\/livres-et-partitions\\\/2026\\\/01\\\/symetrie#primaryimage\"},\"image\":{\"@id\":\"https:\\\/\\\/www.revuemusicale.ch\\\/critiques\\\/livres-et-partitions\\\/2026\\\/01\\\/symetrie#primaryimage\"},\"thumbnailUrl\":\"https:\\\/\\\/www.revuemusicale.ch\\\/wp-content\\\/uploads\\\/2026\\\/01\\\/Jakob_Gotzenberger_Fryderyk_Chopin_at_the_piano_-_Google_Art_Project.jpg\",\"datePublished\":\"2026-01-29T11:21:48+00:00\",\"dateModified\":\"2026-04-15T08:57:47+00:00\",\"breadcrumb\":{\"@id\":\"https:\\\/\\\/www.revuemusicale.ch\\\/critiques\\\/livres-et-partitions\\\/2026\\\/01\\\/symetrie#breadcrumb\"},\"inLanguage\":\"en-US\",\"potentialAction\":[{\"@type\":\"ReadAction\",\"target\":[\"https:\\\/\\\/www.revuemusicale.ch\\\/critiques\\\/livres-et-partitions\\\/2026\\\/01\\\/symetrie\"]}]},{\"@type\":\"ImageObject\",\"inLanguage\":\"en-US\",\"@id\":\"https:\\\/\\\/www.revuemusicale.ch\\\/critiques\\\/livres-et-partitions\\\/2026\\\/01\\\/symetrie#primaryimage\",\"url\":\"https:\\\/\\\/www.revuemusicale.ch\\\/wp-content\\\/uploads\\\/2026\\\/01\\\/Jakob_Gotzenberger_Fryderyk_Chopin_at_the_piano_-_Google_Art_Project.jpg\",\"contentUrl\":\"https:\\\/\\\/www.revuemusicale.ch\\\/wp-content\\\/uploads\\\/2026\\\/01\\\/Jakob_Gotzenberger_Fryderyk_Chopin_at_the_piano_-_Google_Art_Project.jpg\",\"width\":1292,\"height\":1000},{\"@type\":\"BreadcrumbList\",\"@id\":\"https:\\\/\\\/www.revuemusicale.ch\\\/critiques\\\/livres-et-partitions\\\/2026\\\/01\\\/symetrie#breadcrumb\",\"itemListElement\":[{\"@type\":\"ListItem\",\"position\":1,\"name\":\"Home\",\"item\":\"https:\\\/\\\/www.revuemusicale.ch\\\/\"},{\"@type\":\"ListItem\",\"position\":2,\"name\":\"Interpr\u00e9ter la musique, de la fin du Moyen \u00c2ge \u00e0 Liszt\"}]},{\"@type\":\"WebSite\",\"@id\":\"https:\\\/\\\/www.revuemusicale.ch\\\/#website\",\"url\":\"https:\\\/\\\/www.revuemusicale.ch\\\/\",\"name\":\"Revue Musicale Suisse\",\"description\":\"\",\"publisher\":{\"@id\":\"https:\\\/\\\/www.revuemusicale.ch\\\/#organization\"},\"potentialAction\":[{\"@type\":\"SearchAction\",\"target\":{\"@type\":\"EntryPoint\",\"urlTemplate\":\"https:\\\/\\\/www.revuemusicale.ch\\\/?s={search_term_string}\"},\"query-input\":{\"@type\":\"PropertyValueSpecification\",\"valueRequired\":true,\"valueName\":\"search_term_string\"}}],\"inLanguage\":\"en-US\"},{\"@type\":\"Organization\",\"@id\":\"https:\\\/\\\/www.revuemusicale.ch\\\/#organization\",\"name\":\"Revue Musicale Suisse\",\"url\":\"https:\\\/\\\/www.revuemusicale.ch\\\/\",\"logo\":{\"@type\":\"ImageObject\",\"inLanguage\":\"en-US\",\"@id\":\"https:\\\/\\\/www.revuemusicale.ch\\\/#\\\/schema\\\/logo\\\/image\\\/\",\"url\":\"https:\\\/\\\/www.revuemusicale.ch\\\/wp-content\\\/uploads\\\/2023\\\/01\\\/logo_revuemusicale_musikzeitung.jpg\",\"contentUrl\":\"https:\\\/\\\/www.revuemusicale.ch\\\/wp-content\\\/uploads\\\/2023\\\/01\\\/logo_revuemusicale_musikzeitung.jpg\",\"width\":1200,\"height\":243,\"caption\":\"Revue Musicale Suisse\"},\"image\":{\"@id\":\"https:\\\/\\\/www.revuemusicale.ch\\\/#\\\/schema\\\/logo\\\/image\\\/\"},\"sameAs\":[\"https:\\\/\\\/www.facebook.com\\\/SchweizerMusikzeitung\\\/\",\"https:\\\/\\\/x.com\\\/smusikzeitung\",\"https:\\\/\\\/www.instagram.com\\\/musikzeitung.ch\\\/?hl=de\"]},{\"@type\":\"Person\",\"@id\":\"https:\\\/\\\/www.revuemusicale.ch\\\/#\\\/schema\\\/person\\\/78905bdf5c0bbd6ffcfe2b8f4fe6c868\",\"name\":\"Pia Schwab\",\"image\":{\"@type\":\"ImageObject\",\"inLanguage\":\"en-US\",\"@id\":\"https:\\\/\\\/secure.gravatar.com\\\/avatar\\\/d39d170de4c2d07e897fbc26cf9d890fc046285c742207b86d8ebabe5fcde2c4?s=96&d=mm&r=g\",\"url\":\"https:\\\/\\\/secure.gravatar.com\\\/avatar\\\/d39d170de4c2d07e897fbc26cf9d890fc046285c742207b86d8ebabe5fcde2c4?s=96&d=mm&r=g\",\"contentUrl\":\"https:\\\/\\\/secure.gravatar.com\\\/avatar\\\/d39d170de4c2d07e897fbc26cf9d890fc046285c742207b86d8ebabe5fcde2c4?s=96&d=mm&r=g\",\"caption\":\"Pia Schwab\"},\"url\":\"https:\\\/\\\/www.revuemusicale.ch\\\/en\\\/author\\\/pia-schwab\"}]}<\/script>\n<!-- \/ Yoast SEO plugin. -->","yoast_head_json":{"title":"Interpreting music from the late Middle Ages to Liszt - Swiss Music Review","robots":{"index":"index","follow":"follow","max-snippet":"max-snippet:-1","max-image-preview":"max-image-preview:large","max-video-preview":"max-video-preview:-1"},"canonical":"https:\/\/www.revuemusicale.ch\/en\/critiques\/livres-et-partitions\/2026\/01\/symetrie\/","og_locale":"en_US","og_type":"article","og_title":"Interpr\u00e9ter la musique, de la fin du Moyen \u00c2ge \u00e0 Liszt - Revue Musicale Suisse","og_description":"Le catalogue des \u00e9ditions Sym\u00e9trie s\u2019est enrichi de nouvelles et int\u00e9ressantes parutions qui raviront musiciens et m\u00e9lomanes, en particulier les pianistes, violonistes et amateurs de musique m\u00e9di\u00e9vale. Chopin est quant \u00e0 lui honor\u00e9 par la galerie neuch\u00e2teloise Ditesheim & Maffei.","og_url":"https:\/\/www.revuemusicale.ch\/en\/critiques\/livres-et-partitions\/2026\/01\/symetrie\/","og_site_name":"Revue Musicale Suisse","article_publisher":"https:\/\/www.facebook.com\/SchweizerMusikzeitung\/","article_published_time":"2026-01-29T11:21:48+00:00","article_modified_time":"2026-04-15T08:57:47+00:00","og_image":[{"width":1292,"height":1000,"url":"https:\/\/www.revuemusicale.ch\/wp-content\/uploads\/2026\/01\/Jakob_Gotzenberger_Fryderyk_Chopin_at_the_piano_-_Google_Art_Project.jpg","type":"image\/jpeg"}],"author":"Pia Schwab","twitter_card":"summary_large_image","twitter_creator":"@smusikzeitung","twitter_site":"@smusikzeitung","twitter_misc":{"Written by":"Pia Schwab","Est. reading time":"7 minutes"},"schema":{"@context":"https:\/\/schema.org","@graph":[{"@type":"Article","@id":"https:\/\/www.revuemusicale.ch\/critiques\/livres-et-partitions\/2026\/01\/symetrie#article","isPartOf":{"@id":"https:\/\/www.revuemusicale.ch\/critiques\/livres-et-partitions\/2026\/01\/symetrie"},"author":{"name":"Pia Schwab","@id":"https:\/\/www.revuemusicale.ch\/#\/schema\/person\/78905bdf5c0bbd6ffcfe2b8f4fe6c868"},"headline":"Interpr\u00e9ter la musique, de la fin du Moyen \u00c2ge \u00e0 Liszt","datePublished":"2026-01-29T11:21:48+00:00","dateModified":"2026-04-15T08:57:47+00:00","mainEntityOfPage":{"@id":"https:\/\/www.revuemusicale.ch\/critiques\/livres-et-partitions\/2026\/01\/symetrie"},"wordCount":1165,"publisher":{"@id":"https:\/\/www.revuemusicale.ch\/#organization"},"image":{"@id":"https:\/\/www.revuemusicale.ch\/critiques\/livres-et-partitions\/2026\/01\/symetrie#primaryimage"},"thumbnailUrl":"https:\/\/www.revuemusicale.ch\/wp-content\/uploads\/2026\/01\/Jakob_Gotzenberger_Fryderyk_Chopin_at_the_piano_-_Google_Art_Project.jpg","keywords":["Fabien Roussel","Franz Liszt","Fr\u00e9d\u00e9ric Chopin","Greta Haenen","Jean-Jacques Eigeldinger","Lina Ramann","Mathias Le Rider","Nicolas Dufetel","Pierre Fontaine"],"articleSection":["Critiques","Livres et partitions"],"inLanguage":"en-US"},{"@type":"WebPage","@id":"https:\/\/www.revuemusicale.ch\/critiques\/livres-et-partitions\/2026\/01\/symetrie","url":"https:\/\/www.revuemusicale.ch\/critiques\/livres-et-partitions\/2026\/01\/symetrie","name":"Interpreting music from the late Middle Ages to Liszt - Swiss Music Review","isPartOf":{"@id":"https:\/\/www.revuemusicale.ch\/#website"},"primaryImageOfPage":{"@id":"https:\/\/www.revuemusicale.ch\/critiques\/livres-et-partitions\/2026\/01\/symetrie#primaryimage"},"image":{"@id":"https:\/\/www.revuemusicale.ch\/critiques\/livres-et-partitions\/2026\/01\/symetrie#primaryimage"},"thumbnailUrl":"https:\/\/www.revuemusicale.ch\/wp-content\/uploads\/2026\/01\/Jakob_Gotzenberger_Fryderyk_Chopin_at_the_piano_-_Google_Art_Project.jpg","datePublished":"2026-01-29T11:21:48+00:00","dateModified":"2026-04-15T08:57:47+00:00","breadcrumb":{"@id":"https:\/\/www.revuemusicale.ch\/critiques\/livres-et-partitions\/2026\/01\/symetrie#breadcrumb"},"inLanguage":"en-US","potentialAction":[{"@type":"ReadAction","target":["https:\/\/www.revuemusicale.ch\/critiques\/livres-et-partitions\/2026\/01\/symetrie"]}]},{"@type":"ImageObject","inLanguage":"en-US","@id":"https:\/\/www.revuemusicale.ch\/critiques\/livres-et-partitions\/2026\/01\/symetrie#primaryimage","url":"https:\/\/www.revuemusicale.ch\/wp-content\/uploads\/2026\/01\/Jakob_Gotzenberger_Fryderyk_Chopin_at_the_piano_-_Google_Art_Project.jpg","contentUrl":"https:\/\/www.revuemusicale.ch\/wp-content\/uploads\/2026\/01\/Jakob_Gotzenberger_Fryderyk_Chopin_at_the_piano_-_Google_Art_Project.jpg","width":1292,"height":1000},{"@type":"BreadcrumbList","@id":"https:\/\/www.revuemusicale.ch\/critiques\/livres-et-partitions\/2026\/01\/symetrie#breadcrumb","itemListElement":[{"@type":"ListItem","position":1,"name":"Home","item":"https:\/\/www.revuemusicale.ch\/"},{"@type":"ListItem","position":2,"name":"Interpr\u00e9ter la musique, de la fin du Moyen \u00c2ge \u00e0 Liszt"}]},{"@type":"WebSite","@id":"https:\/\/www.revuemusicale.ch\/#website","url":"https:\/\/www.revuemusicale.ch\/","name":"Swiss Music Review","description":"","publisher":{"@id":"https:\/\/www.revuemusicale.ch\/#organization"},"potentialAction":[{"@type":"SearchAction","target":{"@type":"EntryPoint","urlTemplate":"https:\/\/www.revuemusicale.ch\/?s={search_term_string}"},"query-input":{"@type":"PropertyValueSpecification","valueRequired":true,"valueName":"search_term_string"}}],"inLanguage":"en-US"},{"@type":"Organization","@id":"https:\/\/www.revuemusicale.ch\/#organization","name":"Swiss Music Review","url":"https:\/\/www.revuemusicale.ch\/","logo":{"@type":"ImageObject","inLanguage":"en-US","@id":"https:\/\/www.revuemusicale.ch\/#\/schema\/logo\/image\/","url":"https:\/\/www.revuemusicale.ch\/wp-content\/uploads\/2023\/01\/logo_revuemusicale_musikzeitung.jpg","contentUrl":"https:\/\/www.revuemusicale.ch\/wp-content\/uploads\/2023\/01\/logo_revuemusicale_musikzeitung.jpg","width":1200,"height":243,"caption":"Revue Musicale Suisse"},"image":{"@id":"https:\/\/www.revuemusicale.ch\/#\/schema\/logo\/image\/"},"sameAs":["https:\/\/www.facebook.com\/SchweizerMusikzeitung\/","https:\/\/x.com\/smusikzeitung","https:\/\/www.instagram.com\/musikzeitung.ch\/?hl=de"]},{"@type":"Person","@id":"https:\/\/www.revuemusicale.ch\/#\/schema\/person\/78905bdf5c0bbd6ffcfe2b8f4fe6c868","name":"Pia Schwab","image":{"@type":"ImageObject","inLanguage":"en-US","@id":"https:\/\/secure.gravatar.com\/avatar\/d39d170de4c2d07e897fbc26cf9d890fc046285c742207b86d8ebabe5fcde2c4?s=96&d=mm&r=g","url":"https:\/\/secure.gravatar.com\/avatar\/d39d170de4c2d07e897fbc26cf9d890fc046285c742207b86d8ebabe5fcde2c4?s=96&d=mm&r=g","contentUrl":"https:\/\/secure.gravatar.com\/avatar\/d39d170de4c2d07e897fbc26cf9d890fc046285c742207b86d8ebabe5fcde2c4?s=96&d=mm&r=g","caption":"Pia Schwab"},"url":"https:\/\/www.revuemusicale.ch\/en\/author\/pia-schwab"}]}},"publishpress_future_action":{"enabled":false,"date":"1970-01-01 01:00:00","action":"change-status","newStatus":"draft","terms":[],"taxonomy":"category","extraData":[]},"publishpress_future_workflow_manual_trigger":{"enabledWorkflows":[]},"_links":{"self":[{"href":"https:\/\/www.revuemusicale.ch\/en\/wp-json\/wp\/v2\/posts\/31648","targetHints":{"allow":["GET"]}}],"collection":[{"href":"https:\/\/www.revuemusicale.ch\/en\/wp-json\/wp\/v2\/posts"}],"about":[{"href":"https:\/\/www.revuemusicale.ch\/en\/wp-json\/wp\/v2\/types\/post"}],"author":[{"embeddable":true,"href":"https:\/\/www.revuemusicale.ch\/en\/wp-json\/wp\/v2\/users\/36253"}],"replies":[{"embeddable":true,"href":"https:\/\/www.revuemusicale.ch\/en\/wp-json\/wp\/v2\/comments?post=31648"}],"version-history":[{"count":9,"href":"https:\/\/www.revuemusicale.ch\/en\/wp-json\/wp\/v2\/posts\/31648\/revisions"}],"predecessor-version":[{"id":31724,"href":"https:\/\/www.revuemusicale.ch\/en\/wp-json\/wp\/v2\/posts\/31648\/revisions\/31724"}],"wp:featuredmedia":[{"embeddable":true,"href":"https:\/\/www.revuemusicale.ch\/en\/wp-json\/wp\/v2\/media\/31675"}],"wp:attachment":[{"href":"https:\/\/www.revuemusicale.ch\/en\/wp-json\/wp\/v2\/media?parent=31648"}],"wp:term":[{"taxonomy":"category","embeddable":true,"href":"https:\/\/www.revuemusicale.ch\/en\/wp-json\/wp\/v2\/categories?post=31648"},{"taxonomy":"post_tag","embeddable":true,"href":"https:\/\/www.revuemusicale.ch\/en\/wp-json\/wp\/v2\/tags?post=31648"}],"curies":[{"name":"wp","href":"https:\/\/api.w.org\/{rel}","templated":true}]}}