{"id":34471,"date":"2026-06-04T07:21:22","date_gmt":"2026-06-04T05:21:22","guid":{"rendered":"https:\/\/www.revuemusicale.ch\/?p=34471"},"modified":"2026-07-06T10:43:45","modified_gmt":"2026-07-06T08:43:45","slug":"grand-recital-geneve","status":"publish","type":"post","link":"https:\/\/www.revuemusicale.ch\/en\/compte-rendu\/2026\/06\/grand-recital-geneve","title":{"rendered":"From passion to surprise, from classical to pop, from decompartmentalization to the big screen"},"content":{"rendered":"<figure id=\"attachment_34498\" aria-describedby=\"caption-attachment-34498\" style=\"width: 768px\" class=\"wp-caption alignnone\"><img loading=\"lazy\" decoding=\"async\" class=\"wp-image-34498 size-large\" src=\"https:\/\/www.revuemusicale.ch\/wp-content\/uploads\/2026\/06\/IMG_4484-770x1024.jpeg\" alt=\"\" width=\"768\" height=\"1021\" srcset=\"https:\/\/www.revuemusicale.ch\/wp-content\/uploads\/2026\/06\/IMG_4484-770x1024.jpeg 770w, https:\/\/www.revuemusicale.ch\/wp-content\/uploads\/2026\/06\/IMG_4484-226x300.jpeg 226w, https:\/\/www.revuemusicale.ch\/wp-content\/uploads\/2026\/06\/IMG_4484-768x1021.jpeg 768w, https:\/\/www.revuemusicale.ch\/wp-content\/uploads\/2026\/06\/IMG_4484-1155x1536.jpeg 1155w, https:\/\/www.revuemusicale.ch\/wp-content\/uploads\/2026\/06\/IMG_4484-1540x2048.jpeg 1540w, https:\/\/www.revuemusicale.ch\/wp-content\/uploads\/2026\/06\/IMG_4484-9x12.jpeg 9w, https:\/\/www.revuemusicale.ch\/wp-content\/uploads\/2026\/06\/IMG_4484-132x175.jpeg 132w, https:\/\/www.revuemusicale.ch\/wp-content\/uploads\/2026\/06\/IMG_4484-263x350.jpeg 263w, https:\/\/www.revuemusicale.ch\/wp-content\/uploads\/2026\/06\/IMG_4484-602x800.jpeg 602w, https:\/\/www.revuemusicale.ch\/wp-content\/uploads\/2026\/06\/IMG_4484-920x1224.jpeg 920w, https:\/\/www.revuemusicale.ch\/wp-content\/uploads\/2026\/06\/IMG_4484-1400x1862.jpeg 1400w, https:\/\/www.revuemusicale.ch\/wp-content\/uploads\/2026\/06\/IMG_4484-300x399.jpeg 300w, https:\/\/www.revuemusicale.ch\/wp-content\/uploads\/2026\/06\/IMG_4484.jpeg 752w\" sizes=\"auto, (max-width: 768px) 100vw, 768px\" \/><figcaption id=\"caption-attachment-34498\" class=\"wp-caption-text\">Photos: Marie-Laure de Beausacq<\/figcaption><\/figure>\n<p>We'd almost like to call her Martha, so much so that her human dimension and the atmosphere of the Grand R\u00e9cital inspire us with a feeling of accessibility, even universality. This dimension represents the great challenge for Jean-Christophe de Vries, founder and artistic director, who wants to open the doors of classical music to all audiences by breaking down the \u00abstar-system\u00bb approach and breaking down barriers.<\/p>\n<p>Atypical encounters with the musicians and affordable cocktail receptions are offered after the concerts. In his introduction, Jean-Christophe de Vries points out that the audience is made up of 61 % listeners under forty, and also 62 guests of all nationalities, including refugees, with no access to classical music culture or even closed cultural venues. Participants who celebrate their birthday today receive tickets for the September 16 concert with Gabriela Montero.<\/p>\n<p>In her duet with Dong Hyek Lim, Martha offers us an absolute and unequalled accuracy of space-time, in almost visceral modulations. Critics of this exceptional duo have noted their habit of \u00abparleying\u00bb openly on stage. We often see them discussing the choice of pianos, deciding at the last minute to swap instruments between two pieces, or even changing the order of the program in front of the audience. The international music press often pokes fun at their fusion dynamics, sometimes referring to their duets as \u00abtwo-piano roommates\u00bb because of their mutual responsiveness and almost telepathic dialogue. We were treated to a sample in the form of small gestures, small conversations on stage, and even an exchange, an almost friendly negotiation of pianos before the <em>Symphonic dances<\/em> by Rachmaninov. This allowed us to find ourselves facing Dong Hyek Lim instead of Martha Argerich for the last part of the concert. The duo also performed Schubert's famous Fantaisie for piano four hands. The interpretation of this work, sometimes overused because its melody is so striking and well-known, was heard renewed, illuminated by an unequalled transparency, conveyed by two honest minds, playing in tune, as if composed at the very moment. In the spontaneity of their playing, Schubert, Mozart and Rachmaninov were certainly the ghosts of the Salle M\u00e9tropole!<strong>\u00a0<\/strong><\/p>\n<h3><strong>Collaboration with the Cin\u00e9math\u00e8que<\/strong><\/h3>\n<p>On March 25, Le Grand R\u00e9cital collaborated with the Cin\u00e9math\u00e8que suisse to screen the film <em>Phantom of the Opera<\/em>, a mythical silent film from 1925, at Lausanne's Capitole cinema, with improvised piano accompaniment by Lucas Debargue.<\/p>\n<p>The sound illustration of the characters was elaborated through interaction with the audience to define the musical themes, with a colorful and contemporary proposal.<\/p>\n<p>Lucas Debargue has a rather atypical background: having taken up the piano after a few years of lessons between the ages of 11 and 15, he abandoned the instrument to play bass in a rock band, then continued his piano studies from the age of 20, first at the Conservatoire de Rueil-Malmaison, then with Russian pianist Rena Shereshevskaya at the \u00c9cole Normale de Musique de Paris.<\/p>\n<p>In this majestic projection, Lucas Debargue improvised for the first time for 80 minutes on a 1937 Pleyel that survived the bombings. The cult film, with its unforgettable, gothic, dark and hypnotic sets, realized with the immense means already used in the early days of Hollywood and chiaroscuro lighting, deserves a musical accompaniment of the same dimension. A challenge that Lucas Debargue met with total immersion, with melodic elements provided by the audience. The audience were invited to take part in a sort of introductory workshop, where they were introduced to the characters and asked to come up with melodies for each of them. Surprisingly, Lucas Debargue chose the themes of\u2019<em>Indiana Jones<\/em> for the Vicomte Raoul, Shakira for the fianc\u00e9e and <em>The Pink Panther<\/em> for the Phantom. But this unexpected choice proved successful. Lucas Debargue kept the film's tension and the audience's attention by interpreting his melodies with harmonic richness and brio, even if certain passages suffered a little from octave repetition or tremolos, and sometimes lacked simplicity or rhythmic breaks depending on the scene. But who could do better in such an 80-minute live challenge?<\/p>\n<p>After the concert, in an interview published on social networks, Lucas Debargue declared himself satisfied and at the same time drained. And so were we, the audience. Towards the end, as the ghost stalks his boat through the sewers between rats and vapors, musical tension and subtlety were at their peak, culminating in a symbolic Don Juan, played by Vicomte Raoul, triumphing over evil to save his sweetheart.<\/p>\n<p>The challenge of the Grand R\u00e9cital and the Cin\u00e9math\u00e8que suisse has been met: to break down barriers and open up the public to emotion, creativity and interaction.<\/p>\n<p>The second season of Le Grand R\u00e9cital will run from September 2026 to April 2027.<\/p>\n<p><a href=\"https:\/\/legrandrecital.ch\/\" target=\"_blank\" rel=\"noopener\">legrandrecital.ch<\/a><\/p>\n<p><img loading=\"lazy\" decoding=\"async\" class=\"alignnone wp-image-34499 size-large\" src=\"https:\/\/www.revuemusicale.ch\/wp-content\/uploads\/2026\/06\/IMG_4630-768x1024.jpeg\" alt=\"\" width=\"768\" height=\"1024\" srcset=\"https:\/\/www.revuemusicale.ch\/wp-content\/uploads\/2026\/06\/IMG_4630-768x1024.jpeg 768w, https:\/\/www.revuemusicale.ch\/wp-content\/uploads\/2026\/06\/IMG_4630-225x300.jpeg 225w, https:\/\/www.revuemusicale.ch\/wp-content\/uploads\/2026\/06\/IMG_4630-1152x1536.jpeg 1152w, https:\/\/www.revuemusicale.ch\/wp-content\/uploads\/2026\/06\/IMG_4630-1536x2048.jpeg 1536w, https:\/\/www.revuemusicale.ch\/wp-content\/uploads\/2026\/06\/IMG_4630-9x12.jpeg 9w, https:\/\/www.revuemusicale.ch\/wp-content\/uploads\/2026\/06\/IMG_4630-131x175.jpeg 131w, https:\/\/www.revuemusicale.ch\/wp-content\/uploads\/2026\/06\/IMG_4630-263x350.jpeg 263w, https:\/\/www.revuemusicale.ch\/wp-content\/uploads\/2026\/06\/IMG_4630-600x800.jpeg 600w, https:\/\/www.revuemusicale.ch\/wp-content\/uploads\/2026\/06\/IMG_4630-920x1227.jpeg 920w, https:\/\/www.revuemusicale.ch\/wp-content\/uploads\/2026\/06\/IMG_4630-1400x1867.jpeg 1400w, https:\/\/www.revuemusicale.ch\/wp-content\/uploads\/2026\/06\/IMG_4630-300x400.jpeg 300w, https:\/\/www.revuemusicale.ch\/wp-content\/uploads\/2026\/06\/IMG_4630-rotated.jpeg 750w\" sizes=\"auto, (max-width: 768px) 100vw, 768px\" \/><\/p>\n<p><img loading=\"lazy\" decoding=\"async\" class=\"alignnone wp-image-34500 size-large\" src=\"https:\/\/www.revuemusicale.ch\/wp-content\/uploads\/2026\/06\/IMG_4748-768x1024.jpeg\" alt=\"\" width=\"768\" height=\"1024\" srcset=\"https:\/\/www.revuemusicale.ch\/wp-content\/uploads\/2026\/06\/IMG_4748-768x1024.jpeg 768w, https:\/\/www.revuemusicale.ch\/wp-content\/uploads\/2026\/06\/IMG_4748-225x300.jpeg 225w, https:\/\/www.revuemusicale.ch\/wp-content\/uploads\/2026\/06\/IMG_4748-1152x1536.jpeg 1152w, https:\/\/www.revuemusicale.ch\/wp-content\/uploads\/2026\/06\/IMG_4748-1536x2048.jpeg 1536w, https:\/\/www.revuemusicale.ch\/wp-content\/uploads\/2026\/06\/IMG_4748-9x12.jpeg 9w, https:\/\/www.revuemusicale.ch\/wp-content\/uploads\/2026\/06\/IMG_4748-131x175.jpeg 131w, https:\/\/www.revuemusicale.ch\/wp-content\/uploads\/2026\/06\/IMG_4748-263x350.jpeg 263w, https:\/\/www.revuemusicale.ch\/wp-content\/uploads\/2026\/06\/IMG_4748-600x800.jpeg 600w, https:\/\/www.revuemusicale.ch\/wp-content\/uploads\/2026\/06\/IMG_4748-920x1227.jpeg 920w, https:\/\/www.revuemusicale.ch\/wp-content\/uploads\/2026\/06\/IMG_4748-1400x1867.jpeg 1400w, https:\/\/www.revuemusicale.ch\/wp-content\/uploads\/2026\/06\/IMG_4748-300x400.jpeg 300w, https:\/\/www.revuemusicale.ch\/wp-content\/uploads\/2026\/06\/IMG_4748.jpeg 750w\" sizes=\"auto, (max-width: 768px) 100vw, 768px\" \/><\/p>\n<p>&nbsp;<\/p>","protected":false},"excerpt":{"rendered":"<p>During the first season of the Grand R\u00e9cital, on April 25, Martha Argerich and Dong Hyek Lim played with passion and serenity, absolute complicity, with Martha Argerich's eternally crystalline playing. At the Cin\u00e9math\u00e8que, pianist Lucas Debargue improvised on \u00abLe Fant\u00f4me de l'Op\u00e9ra\u00bb.<\/p>","protected":false},"author":36251,"featured_media":34498,"comment_status":"closed","ping_status":"closed","sticky":false,"template":"","format":"standard","meta":{"_acf_changed":false,"_relevanssi_hide_post":"","_relevanssi_hide_content":"","_relevanssi_pin_for_all":"","_relevanssi_pin_keywords":"","_relevanssi_unpin_keywords":"","_relevanssi_related_keywords":"","_relevanssi_related_include_ids":"","_relevanssi_related_exclude_ids":"","_relevanssi_related_no_append":"","_relevanssi_related_not_related":"","_relevanssi_related_posts":"","_relevanssi_noindex_reason":"","pgc_sgb_lightbox_settings":"","footnotes":""},"categories":[1860,27,2],"tags":[2374,2375,2227],"class_list":["post-34471","post","type-post","status-publish","format-standard","has-post-thumbnail","hentry","category-compte-rendu","category-news","category-resonance","tag-dong-hyek-lim","tag-lucas-debargue","tag-martha-argerich"],"acf":[],"yoast_head":"<!-- This site is optimized with the Yoast SEO plugin v28.3 - https:\/\/yoast.com\/product\/yoast-seo-wordpress\/ -->\n<title>De passion \u00e0 surprise, du classique \u00e0 la pop, du d\u00e9cloisonnement au grand \u00e9cran - Revue Musicale Suisse<\/title>\n<meta name=\"description\" content=\"Durant la premi\u00e8re saison du Grand R\u00e9cital, Martha Argerich et Dong Hyek Lim ont jou\u00e9 avec passion, s\u00e9r\u00e9nit\u00e9 et complicit\u00e9 absolue.\" \/>\n<meta name=\"robots\" content=\"index, follow, max-snippet:-1, max-image-preview:large, max-video-preview:-1\" \/>\n<link rel=\"canonical\" href=\"https:\/\/www.revuemusicale.ch\/en\/compte-rendu\/2026\/06\/grand-recital-geneve\/\" \/>\n<meta property=\"og:locale\" content=\"en_US\" \/>\n<meta property=\"og:type\" content=\"article\" \/>\n<meta property=\"og:title\" content=\"De passion \u00e0 surprise, du classique \u00e0 la pop, du d\u00e9cloisonnement au grand \u00e9cran - Revue Musicale Suisse\" \/>\n<meta property=\"og:description\" content=\"Durant la premi\u00e8re saison du Grand R\u00e9cital, Martha Argerich et Dong Hyek Lim ont jou\u00e9 avec passion, s\u00e9r\u00e9nit\u00e9 et complicit\u00e9 absolue.\" \/>\n<meta property=\"og:url\" content=\"https:\/\/www.revuemusicale.ch\/en\/compte-rendu\/2026\/06\/grand-recital-geneve\/\" \/>\n<meta property=\"og:site_name\" content=\"Revue Musicale Suisse\" \/>\n<meta property=\"article:publisher\" content=\"https:\/\/www.facebook.com\/SchweizerMusikzeitung\/\" \/>\n<meta property=\"article:published_time\" content=\"2026-06-04T05:21:22+00:00\" \/>\n<meta property=\"article:modified_time\" content=\"2026-07-06T08:43:45+00:00\" \/>\n<meta property=\"og:image\" content=\"https:\/\/www.revuemusicale.ch\/wp-content\/uploads\/2026\/06\/IMG_4484.jpeg\" \/>\n\t<meta property=\"og:image:width\" content=\"752\" \/>\n\t<meta property=\"og:image:height\" content=\"1000\" \/>\n\t<meta property=\"og:image:type\" content=\"image\/jpeg\" \/>\n<meta name=\"author\" content=\"Katrin Spelinova\" \/>\n<meta name=\"twitter:card\" content=\"summary_large_image\" \/>\n<meta name=\"twitter:creator\" content=\"@smusikzeitung\" \/>\n<meta name=\"twitter:site\" content=\"@smusikzeitung\" \/>\n<meta name=\"twitter:label1\" content=\"Written by\" \/>\n\t<meta name=\"twitter:data1\" content=\"Katrin Spelinova\" \/>\n\t<meta name=\"twitter:label2\" content=\"Est. reading time\" \/>\n\t<meta name=\"twitter:data2\" content=\"6 minutes\" \/>\n<script type=\"application\/ld+json\" class=\"yoast-schema-graph\">{\"@context\":\"https:\\\/\\\/schema.org\",\"@graph\":[{\"@type\":\"Article\",\"@id\":\"https:\\\/\\\/www.revuemusicale.ch\\\/compte-rendu\\\/2026\\\/06\\\/grand-recital-geneve#article\",\"isPartOf\":{\"@id\":\"https:\\\/\\\/www.revuemusicale.ch\\\/compte-rendu\\\/2026\\\/06\\\/grand-recital-geneve\"},\"author\":{\"name\":\"Katrin Spelinova\",\"@id\":\"https:\\\/\\\/www.revuemusicale.ch\\\/#\\\/schema\\\/person\\\/fbefa1fc622f359a1dfc9e8c630568fe\"},\"headline\":\"De passion \u00e0 surprise, du classique \u00e0 la pop, du d\u00e9cloisonnement au grand \u00e9cran\",\"datePublished\":\"2026-06-04T05:21:22+00:00\",\"dateModified\":\"2026-07-06T08:43:45+00:00\",\"mainEntityOfPage\":{\"@id\":\"https:\\\/\\\/www.revuemusicale.ch\\\/compte-rendu\\\/2026\\\/06\\\/grand-recital-geneve\"},\"wordCount\":965,\"publisher\":{\"@id\":\"https:\\\/\\\/www.revuemusicale.ch\\\/#organization\"},\"image\":{\"@id\":\"https:\\\/\\\/www.revuemusicale.ch\\\/compte-rendu\\\/2026\\\/06\\\/grand-recital-geneve#primaryimage\"},\"thumbnailUrl\":\"https:\\\/\\\/www.revuemusicale.ch\\\/wp-content\\\/uploads\\\/2026\\\/06\\\/IMG_4484.jpeg\",\"keywords\":[\"Dong Hyek Lim\",\"Lucas Debargue\",\"Martha Argerich\"],\"articleSection\":[\"Compte rendu\",\"News\",\"Resonance\"],\"inLanguage\":\"en-US\"},{\"@type\":\"WebPage\",\"@id\":\"https:\\\/\\\/www.revuemusicale.ch\\\/compte-rendu\\\/2026\\\/06\\\/grand-recital-geneve\",\"url\":\"https:\\\/\\\/www.revuemusicale.ch\\\/compte-rendu\\\/2026\\\/06\\\/grand-recital-geneve\",\"name\":\"De passion \u00e0 surprise, du classique \u00e0 la pop, du d\u00e9cloisonnement au grand \u00e9cran - Revue Musicale Suisse\",\"isPartOf\":{\"@id\":\"https:\\\/\\\/www.revuemusicale.ch\\\/#website\"},\"primaryImageOfPage\":{\"@id\":\"https:\\\/\\\/www.revuemusicale.ch\\\/compte-rendu\\\/2026\\\/06\\\/grand-recital-geneve#primaryimage\"},\"image\":{\"@id\":\"https:\\\/\\\/www.revuemusicale.ch\\\/compte-rendu\\\/2026\\\/06\\\/grand-recital-geneve#primaryimage\"},\"thumbnailUrl\":\"https:\\\/\\\/www.revuemusicale.ch\\\/wp-content\\\/uploads\\\/2026\\\/06\\\/IMG_4484.jpeg\",\"datePublished\":\"2026-06-04T05:21:22+00:00\",\"dateModified\":\"2026-07-06T08:43:45+00:00\",\"description\":\"Durant la premi\u00e8re saison du Grand R\u00e9cital, Martha Argerich et Dong Hyek Lim ont jou\u00e9 avec passion, s\u00e9r\u00e9nit\u00e9 et complicit\u00e9 absolue.\",\"breadcrumb\":{\"@id\":\"https:\\\/\\\/www.revuemusicale.ch\\\/compte-rendu\\\/2026\\\/06\\\/grand-recital-geneve#breadcrumb\"},\"inLanguage\":\"en-US\",\"potentialAction\":[{\"@type\":\"ReadAction\",\"target\":[\"https:\\\/\\\/www.revuemusicale.ch\\\/compte-rendu\\\/2026\\\/06\\\/grand-recital-geneve\"]}]},{\"@type\":\"ImageObject\",\"inLanguage\":\"en-US\",\"@id\":\"https:\\\/\\\/www.revuemusicale.ch\\\/compte-rendu\\\/2026\\\/06\\\/grand-recital-geneve#primaryimage\",\"url\":\"https:\\\/\\\/www.revuemusicale.ch\\\/wp-content\\\/uploads\\\/2026\\\/06\\\/IMG_4484.jpeg\",\"contentUrl\":\"https:\\\/\\\/www.revuemusicale.ch\\\/wp-content\\\/uploads\\\/2026\\\/06\\\/IMG_4484.jpeg\",\"width\":752,\"height\":1000},{\"@type\":\"BreadcrumbList\",\"@id\":\"https:\\\/\\\/www.revuemusicale.ch\\\/compte-rendu\\\/2026\\\/06\\\/grand-recital-geneve#breadcrumb\",\"itemListElement\":[{\"@type\":\"ListItem\",\"position\":1,\"name\":\"Home\",\"item\":\"https:\\\/\\\/www.revuemusicale.ch\\\/\"},{\"@type\":\"ListItem\",\"position\":2,\"name\":\"De passion \u00e0 surprise, du classique \u00e0 la pop, du d\u00e9cloisonnement au grand \u00e9cran\"}]},{\"@type\":\"WebSite\",\"@id\":\"https:\\\/\\\/www.revuemusicale.ch\\\/#website\",\"url\":\"https:\\\/\\\/www.revuemusicale.ch\\\/\",\"name\":\"Revue Musicale Suisse\",\"description\":\"\",\"publisher\":{\"@id\":\"https:\\\/\\\/www.revuemusicale.ch\\\/#organization\"},\"potentialAction\":[{\"@type\":\"SearchAction\",\"target\":{\"@type\":\"EntryPoint\",\"urlTemplate\":\"https:\\\/\\\/www.revuemusicale.ch\\\/?s={search_term_string}\"},\"query-input\":{\"@type\":\"PropertyValueSpecification\",\"valueRequired\":true,\"valueName\":\"search_term_string\"}}],\"inLanguage\":\"en-US\"},{\"@type\":\"Organization\",\"@id\":\"https:\\\/\\\/www.revuemusicale.ch\\\/#organization\",\"name\":\"Revue Musicale Suisse\",\"url\":\"https:\\\/\\\/www.revuemusicale.ch\\\/\",\"logo\":{\"@type\":\"ImageObject\",\"inLanguage\":\"en-US\",\"@id\":\"https:\\\/\\\/www.revuemusicale.ch\\\/#\\\/schema\\\/logo\\\/image\\\/\",\"url\":\"https:\\\/\\\/www.revuemusicale.ch\\\/wp-content\\\/uploads\\\/2023\\\/01\\\/logo_revuemusicale_musikzeitung.jpg\",\"contentUrl\":\"https:\\\/\\\/www.revuemusicale.ch\\\/wp-content\\\/uploads\\\/2023\\\/01\\\/logo_revuemusicale_musikzeitung.jpg\",\"width\":1200,\"height\":243,\"caption\":\"Revue Musicale Suisse\"},\"image\":{\"@id\":\"https:\\\/\\\/www.revuemusicale.ch\\\/#\\\/schema\\\/logo\\\/image\\\/\"},\"sameAs\":[\"https:\\\/\\\/www.facebook.com\\\/SchweizerMusikzeitung\\\/\",\"https:\\\/\\\/x.com\\\/smusikzeitung\",\"https:\\\/\\\/www.instagram.com\\\/musikzeitung.ch\\\/?hl=de\"]},{\"@type\":\"Person\",\"@id\":\"https:\\\/\\\/www.revuemusicale.ch\\\/#\\\/schema\\\/person\\\/fbefa1fc622f359a1dfc9e8c630568fe\",\"name\":\"Katrin Spelinova\",\"image\":{\"@type\":\"ImageObject\",\"inLanguage\":\"en-US\",\"@id\":\"https:\\\/\\\/secure.gravatar.com\\\/avatar\\\/2a2c2956e074ebca9bf65620496cd2e317d90b8c76450e9dd04d7cebf95eeada?s=96&d=mm&r=g\",\"url\":\"https:\\\/\\\/secure.gravatar.com\\\/avatar\\\/2a2c2956e074ebca9bf65620496cd2e317d90b8c76450e9dd04d7cebf95eeada?s=96&d=mm&r=g\",\"contentUrl\":\"https:\\\/\\\/secure.gravatar.com\\\/avatar\\\/2a2c2956e074ebca9bf65620496cd2e317d90b8c76450e9dd04d7cebf95eeada?s=96&d=mm&r=g\",\"caption\":\"Katrin Spelinova\"},\"url\":\"https:\\\/\\\/www.revuemusicale.ch\\\/en\\\/author\\\/spelkat\"}]}<\/script>\n<!-- \/ Yoast SEO plugin. -->","yoast_head_json":{"title":"De passion \u00e0 surprise, du classique \u00e0 la pop, du d\u00e9cloisonnement au grand \u00e9cran - Revue Musicale Suisse","description":"Durant la premi\u00e8re saison du Grand R\u00e9cital, Martha Argerich et Dong Hyek Lim ont jou\u00e9 avec passion, s\u00e9r\u00e9nit\u00e9 et complicit\u00e9 absolue.","robots":{"index":"index","follow":"follow","max-snippet":"max-snippet:-1","max-image-preview":"max-image-preview:large","max-video-preview":"max-video-preview:-1"},"canonical":"https:\/\/www.revuemusicale.ch\/en\/compte-rendu\/2026\/06\/grand-recital-geneve\/","og_locale":"en_US","og_type":"article","og_title":"De passion \u00e0 surprise, du classique \u00e0 la pop, du d\u00e9cloisonnement au grand \u00e9cran - Revue Musicale Suisse","og_description":"Durant la premi\u00e8re saison du Grand R\u00e9cital, Martha Argerich et Dong Hyek Lim ont jou\u00e9 avec passion, s\u00e9r\u00e9nit\u00e9 et complicit\u00e9 absolue.","og_url":"https:\/\/www.revuemusicale.ch\/en\/compte-rendu\/2026\/06\/grand-recital-geneve\/","og_site_name":"Revue Musicale Suisse","article_publisher":"https:\/\/www.facebook.com\/SchweizerMusikzeitung\/","article_published_time":"2026-06-04T05:21:22+00:00","article_modified_time":"2026-07-06T08:43:45+00:00","og_image":[{"width":752,"height":1000,"url":"https:\/\/www.revuemusicale.ch\/wp-content\/uploads\/2026\/06\/IMG_4484.jpeg","type":"image\/jpeg"}],"author":"Katrin Spelinova","twitter_card":"summary_large_image","twitter_creator":"@smusikzeitung","twitter_site":"@smusikzeitung","twitter_misc":{"Written by":"Katrin Spelinova","Est. reading time":"6 minutes"},"schema":{"@context":"https:\/\/schema.org","@graph":[{"@type":"Article","@id":"https:\/\/www.revuemusicale.ch\/compte-rendu\/2026\/06\/grand-recital-geneve#article","isPartOf":{"@id":"https:\/\/www.revuemusicale.ch\/compte-rendu\/2026\/06\/grand-recital-geneve"},"author":{"name":"Katrin Spelinova","@id":"https:\/\/www.revuemusicale.ch\/#\/schema\/person\/fbefa1fc622f359a1dfc9e8c630568fe"},"headline":"De passion \u00e0 surprise, du classique \u00e0 la pop, du d\u00e9cloisonnement au grand \u00e9cran","datePublished":"2026-06-04T05:21:22+00:00","dateModified":"2026-07-06T08:43:45+00:00","mainEntityOfPage":{"@id":"https:\/\/www.revuemusicale.ch\/compte-rendu\/2026\/06\/grand-recital-geneve"},"wordCount":965,"publisher":{"@id":"https:\/\/www.revuemusicale.ch\/#organization"},"image":{"@id":"https:\/\/www.revuemusicale.ch\/compte-rendu\/2026\/06\/grand-recital-geneve#primaryimage"},"thumbnailUrl":"https:\/\/www.revuemusicale.ch\/wp-content\/uploads\/2026\/06\/IMG_4484.jpeg","keywords":["Dong Hyek Lim","Lucas Debargue","Martha Argerich"],"articleSection":["Compte rendu","News","Resonance"],"inLanguage":"en-US"},{"@type":"WebPage","@id":"https:\/\/www.revuemusicale.ch\/compte-rendu\/2026\/06\/grand-recital-geneve","url":"https:\/\/www.revuemusicale.ch\/compte-rendu\/2026\/06\/grand-recital-geneve","name":"De passion \u00e0 surprise, du classique \u00e0 la pop, du d\u00e9cloisonnement au grand \u00e9cran - Revue Musicale Suisse","isPartOf":{"@id":"https:\/\/www.revuemusicale.ch\/#website"},"primaryImageOfPage":{"@id":"https:\/\/www.revuemusicale.ch\/compte-rendu\/2026\/06\/grand-recital-geneve#primaryimage"},"image":{"@id":"https:\/\/www.revuemusicale.ch\/compte-rendu\/2026\/06\/grand-recital-geneve#primaryimage"},"thumbnailUrl":"https:\/\/www.revuemusicale.ch\/wp-content\/uploads\/2026\/06\/IMG_4484.jpeg","datePublished":"2026-06-04T05:21:22+00:00","dateModified":"2026-07-06T08:43:45+00:00","description":"Durant la premi\u00e8re saison du Grand R\u00e9cital, Martha Argerich et Dong Hyek Lim ont jou\u00e9 avec passion, s\u00e9r\u00e9nit\u00e9 et complicit\u00e9 absolue.","breadcrumb":{"@id":"https:\/\/www.revuemusicale.ch\/compte-rendu\/2026\/06\/grand-recital-geneve#breadcrumb"},"inLanguage":"en-US","potentialAction":[{"@type":"ReadAction","target":["https:\/\/www.revuemusicale.ch\/compte-rendu\/2026\/06\/grand-recital-geneve"]}]},{"@type":"ImageObject","inLanguage":"en-US","@id":"https:\/\/www.revuemusicale.ch\/compte-rendu\/2026\/06\/grand-recital-geneve#primaryimage","url":"https:\/\/www.revuemusicale.ch\/wp-content\/uploads\/2026\/06\/IMG_4484.jpeg","contentUrl":"https:\/\/www.revuemusicale.ch\/wp-content\/uploads\/2026\/06\/IMG_4484.jpeg","width":752,"height":1000},{"@type":"BreadcrumbList","@id":"https:\/\/www.revuemusicale.ch\/compte-rendu\/2026\/06\/grand-recital-geneve#breadcrumb","itemListElement":[{"@type":"ListItem","position":1,"name":"Home","item":"https:\/\/www.revuemusicale.ch\/"},{"@type":"ListItem","position":2,"name":"De passion \u00e0 surprise, du classique \u00e0 la pop, du d\u00e9cloisonnement au grand \u00e9cran"}]},{"@type":"WebSite","@id":"https:\/\/www.revuemusicale.ch\/#website","url":"https:\/\/www.revuemusicale.ch\/","name":"Swiss Music Review","description":"","publisher":{"@id":"https:\/\/www.revuemusicale.ch\/#organization"},"potentialAction":[{"@type":"SearchAction","target":{"@type":"EntryPoint","urlTemplate":"https:\/\/www.revuemusicale.ch\/?s={search_term_string}"},"query-input":{"@type":"PropertyValueSpecification","valueRequired":true,"valueName":"search_term_string"}}],"inLanguage":"en-US"},{"@type":"Organization","@id":"https:\/\/www.revuemusicale.ch\/#organization","name":"Swiss Music Review","url":"https:\/\/www.revuemusicale.ch\/","logo":{"@type":"ImageObject","inLanguage":"en-US","@id":"https:\/\/www.revuemusicale.ch\/#\/schema\/logo\/image\/","url":"https:\/\/www.revuemusicale.ch\/wp-content\/uploads\/2023\/01\/logo_revuemusicale_musikzeitung.jpg","contentUrl":"https:\/\/www.revuemusicale.ch\/wp-content\/uploads\/2023\/01\/logo_revuemusicale_musikzeitung.jpg","width":1200,"height":243,"caption":"Revue Musicale Suisse"},"image":{"@id":"https:\/\/www.revuemusicale.ch\/#\/schema\/logo\/image\/"},"sameAs":["https:\/\/www.facebook.com\/SchweizerMusikzeitung\/","https:\/\/x.com\/smusikzeitung","https:\/\/www.instagram.com\/musikzeitung.ch\/?hl=de"]},{"@type":"Person","@id":"https:\/\/www.revuemusicale.ch\/#\/schema\/person\/fbefa1fc622f359a1dfc9e8c630568fe","name":"Katrin Spelinova","image":{"@type":"ImageObject","inLanguage":"en-US","@id":"https:\/\/secure.gravatar.com\/avatar\/2a2c2956e074ebca9bf65620496cd2e317d90b8c76450e9dd04d7cebf95eeada?s=96&d=mm&r=g","url":"https:\/\/secure.gravatar.com\/avatar\/2a2c2956e074ebca9bf65620496cd2e317d90b8c76450e9dd04d7cebf95eeada?s=96&d=mm&r=g","contentUrl":"https:\/\/secure.gravatar.com\/avatar\/2a2c2956e074ebca9bf65620496cd2e317d90b8c76450e9dd04d7cebf95eeada?s=96&d=mm&r=g","caption":"Katrin Spelinova"},"url":"https:\/\/www.revuemusicale.ch\/en\/author\/spelkat"}]}},"publishpress_future_action":{"enabled":false,"date":"1970-01-01 01:00:00","action":"change-status","newStatus":"draft","terms":[],"taxonomy":"category","extraData":[]},"publishpress_future_workflow_manual_trigger":{"enabledWorkflows":[]},"_links":{"self":[{"href":"https:\/\/www.revuemusicale.ch\/en\/wp-json\/wp\/v2\/posts\/34471","targetHints":{"allow":["GET"]}}],"collection":[{"href":"https:\/\/www.revuemusicale.ch\/en\/wp-json\/wp\/v2\/posts"}],"about":[{"href":"https:\/\/www.revuemusicale.ch\/en\/wp-json\/wp\/v2\/types\/post"}],"author":[{"embeddable":true,"href":"https:\/\/www.revuemusicale.ch\/en\/wp-json\/wp\/v2\/users\/36251"}],"replies":[{"embeddable":true,"href":"https:\/\/www.revuemusicale.ch\/en\/wp-json\/wp\/v2\/comments?post=34471"}],"version-history":[{"count":5,"href":"https:\/\/www.revuemusicale.ch\/en\/wp-json\/wp\/v2\/posts\/34471\/revisions"}],"predecessor-version":[{"id":34507,"href":"https:\/\/www.revuemusicale.ch\/en\/wp-json\/wp\/v2\/posts\/34471\/revisions\/34507"}],"wp:featuredmedia":[{"embeddable":true,"href":"https:\/\/www.revuemusicale.ch\/en\/wp-json\/wp\/v2\/media\/34498"}],"wp:attachment":[{"href":"https:\/\/www.revuemusicale.ch\/en\/wp-json\/wp\/v2\/media?parent=34471"}],"wp:term":[{"taxonomy":"category","embeddable":true,"href":"https:\/\/www.revuemusicale.ch\/en\/wp-json\/wp\/v2\/categories?post=34471"},{"taxonomy":"post_tag","embeddable":true,"href":"https:\/\/www.revuemusicale.ch\/en\/wp-json\/wp\/v2\/tags?post=34471"}],"curies":[{"name":"wp","href":"https:\/\/api.w.org\/{rel}","templated":true}]}}