{"id":34627,"date":"2026-08-31T04:40:39","date_gmt":"2026-08-31T02:40:39","guid":{"rendered":"https:\/\/www.revuemusicale.ch\/?p=34627"},"modified":"2026-08-31T04:40:39","modified_gmt":"2026-08-31T02:40:39","slug":"changement-au-comite-central","status":"publish","type":"post","link":"https:\/\/www.revuemusicale.ch\/en\/basis\/usdam\/2026\/08\/changement-au-comite-central","title":{"rendered":"Change in the Central Committee"},"content":{"rendered":"<p>Ma\u00ebl Graa, a professional tenor living at the foot of the Vaud Jura, holds a Master\u2019s degree in Literature from the University of Lausanne (2021) and a Master\u2019s degree in opera singing from the Lausanne Conservatory of Music (2025). He performs as a chorister and soloist with several leading ensembles in French-speaking Switzerland, notably the Ensemble Vocal de Lausanne, the Acad\u00e9mie vocale de Suisse romande, and the choirs of the Lausanne Opera and the Grand Th\u00e9\u00e2tre de Gen\u00e8ve. In addition to his artistic work, he serves as coordinator of the HEM Geneva alumni network and is committed to advancing the profession. As co-founder and secretary of the Association romande des choristes et solistes (ARCS), he contributes to discussions and initiatives aimed at improving working conditions for professional singers in French-speaking Switzerland.<\/p>\n<p><em>Ma\u00ebl, what motivates you to serve on the Central Committee? <\/em><\/p>\n<p>I would like to use my experience in the arts and nonprofit sectors to support my colleagues. It is very important to me to amplify their voices\u2014especially those in the most precarious situations\u2014by participating in a constructive dialogue among the various stakeholders in the music industry.<\/p>\n<p><em>Compared to instrumentalists, what specific challenges do independent singers face? <\/em><\/p>\n<p>Overall, while singers hold the same degree and do (more or less) the same job as instrumentalists, their status is often less highly regarded, and their working conditions are less favorable\u2014especially given that \u00abtenure-track\u00bb positions are extremely rare. In my view, this can be partly explained by Switzerland\u2019s tradition of high-quality amateur choral singing. We\u2019re very often asked what our \u201creal\u201d job is (I know some instrumentalists hear this too), or if we play an instrument. Furthermore, certain realities specific to professional vocal performance\u2014such as health, recovery time, and the relationship to the stage\u2014deserve to be highlighted, just as much as the challenges shared by all musicians.<\/p>\n<p><em>What more can USDAM do to support the self-employed?<\/em><\/p>\n<p>The USDAM already plays a vital role in advocacy and public education. It can continue to expand its support services regarding employment status, compensation, and social security, and carry on its outreach efforts with cultural partners to raise awareness of the realities of freelance work, which affect a large proportion of professional musicians in Switzerland.<\/p>","protected":false},"excerpt":{"rendered":"<p>In the next issue, we will feature an article on Cristian Vasile, who, after 22 years on the Central Committee, has handed over his position to Ma\u00ebl Graa, whom we introduce here.<\/p>","protected":false},"author":21897,"featured_media":34628,"comment_status":"closed","ping_status":"closed","sticky":false,"template":"","format":"standard","meta":{"_acf_changed":false,"_relevanssi_hide_post":"","_relevanssi_hide_content":"","_relevanssi_pin_for_all":"","_relevanssi_pin_keywords":"","_relevanssi_unpin_keywords":"","_relevanssi_related_keywords":"","_relevanssi_related_include_ids":"","_relevanssi_related_exclude_ids":"","_relevanssi_related_no_append":"","_relevanssi_related_not_related":"","_relevanssi_related_posts":"","_relevanssi_noindex_reason":"","pgc_sgb_lightbox_settings":"","footnotes":""},"categories":[53],"tags":[2418,2419],"class_list":["post-34627","post","type-post","status-publish","format-standard","has-post-thumbnail","hentry","category-usdam","tag-mael-graa","tag-nouveau-membre-du-comite-central"],"acf":[],"yoast_head":"<!-- This site is optimized with the Yoast SEO plugin v28.3 - https:\/\/yoast.com\/product\/yoast-seo-wordpress\/ -->\n<title>Changement au comit\u00e9 central - Revue Musicale Suisse<\/title>\n<meta name=\"robots\" content=\"index, follow, max-snippet:-1, max-image-preview:large, max-video-preview:-1\" \/>\n<link rel=\"canonical\" href=\"https:\/\/www.revuemusicale.ch\/en\/basis\/usdam\/2026\/08\/changement-au-comite-central\/\" \/>\n<meta property=\"og:locale\" content=\"en_US\" \/>\n<meta property=\"og:type\" content=\"article\" \/>\n<meta property=\"og:title\" content=\"Changement au comit\u00e9 central - Revue Musicale Suisse\" \/>\n<meta property=\"og:description\" content=\"Dans le prochain num\u00e9ro, nous consacrerons un article \u00e0 Cristian Vasile, qui, apr\u00e8s 22 ann\u00e9es au comit\u00e9 central, a laiss\u00e9 sa place \u00e0 Ma\u00ebl Graa, que nous pr\u00e9sentons ici.\" \/>\n<meta property=\"og:url\" content=\"https:\/\/www.revuemusicale.ch\/en\/basis\/usdam\/2026\/08\/changement-au-comite-central\/\" \/>\n<meta property=\"og:site_name\" content=\"Revue Musicale Suisse\" \/>\n<meta property=\"article:publisher\" content=\"https:\/\/www.facebook.com\/SchweizerMusikzeitung\/\" \/>\n<meta property=\"article:published_time\" content=\"2026-08-31T02:40:39+00:00\" \/>\n<meta property=\"og:image\" content=\"https:\/\/www.revuemusicale.ch\/wp-content\/uploads\/2026\/08\/4a-Mael-Graa-1-Credit-Augustin-Laudet-jpg.jpg\" \/>\n\t<meta property=\"og:image:width\" content=\"1366\" \/>\n\t<meta property=\"og:image:height\" content=\"988\" \/>\n\t<meta property=\"og:image:type\" content=\"image\/jpeg\" \/>\n<meta name=\"author\" content=\"Laurent Mettraux\" \/>\n<meta name=\"twitter:card\" content=\"summary_large_image\" \/>\n<meta name=\"twitter:creator\" content=\"@smusikzeitung\" \/>\n<meta name=\"twitter:site\" content=\"@smusikzeitung\" \/>\n<meta name=\"twitter:label1\" content=\"Written by\" \/>\n\t<meta name=\"twitter:data1\" content=\"Laurent Mettraux\" \/>\n\t<meta name=\"twitter:label2\" content=\"Est. reading time\" \/>\n\t<meta name=\"twitter:data2\" content=\"3 minutes\" \/>\n<script type=\"application\/ld+json\" class=\"yoast-schema-graph\">{\"@context\":\"https:\\\/\\\/schema.org\",\"@graph\":[{\"@type\":\"Article\",\"@id\":\"https:\\\/\\\/www.revuemusicale.ch\\\/basis\\\/usdam\\\/2026\\\/08\\\/changement-au-comite-central#article\",\"isPartOf\":{\"@id\":\"https:\\\/\\\/www.revuemusicale.ch\\\/basis\\\/usdam\\\/2026\\\/08\\\/changement-au-comite-central\"},\"author\":{\"name\":\"Laurent Mettraux\",\"@id\":\"https:\\\/\\\/www.revuemusicale.ch\\\/#\\\/schema\\\/person\\\/fb6400330a942eecc4b494064fce59be\"},\"headline\":\"Changement au comit\u00e9 central\",\"datePublished\":\"2026-08-31T02:40:39+00:00\",\"mainEntityOfPage\":{\"@id\":\"https:\\\/\\\/www.revuemusicale.ch\\\/basis\\\/usdam\\\/2026\\\/08\\\/changement-au-comite-central\"},\"wordCount\":481,\"publisher\":{\"@id\":\"https:\\\/\\\/www.revuemusicale.ch\\\/#organization\"},\"image\":{\"@id\":\"https:\\\/\\\/www.revuemusicale.ch\\\/basis\\\/usdam\\\/2026\\\/08\\\/changement-au-comite-central#primaryimage\"},\"thumbnailUrl\":\"https:\\\/\\\/www.revuemusicale.ch\\\/wp-content\\\/uploads\\\/2026\\\/08\\\/4a-Mael-Graa-1-Credit-Augustin-Laudet-jpg.jpg\",\"keywords\":[\"Ma\u00ebl Graa\",\"nouveau membre du comit\u00e9 central\"],\"articleSection\":[\"USDAM\"],\"inLanguage\":\"en-US\"},{\"@type\":\"WebPage\",\"@id\":\"https:\\\/\\\/www.revuemusicale.ch\\\/basis\\\/usdam\\\/2026\\\/08\\\/changement-au-comite-central\",\"url\":\"https:\\\/\\\/www.revuemusicale.ch\\\/basis\\\/usdam\\\/2026\\\/08\\\/changement-au-comite-central\",\"name\":\"Changement au comit\u00e9 central - Revue Musicale Suisse\",\"isPartOf\":{\"@id\":\"https:\\\/\\\/www.revuemusicale.ch\\\/#website\"},\"primaryImageOfPage\":{\"@id\":\"https:\\\/\\\/www.revuemusicale.ch\\\/basis\\\/usdam\\\/2026\\\/08\\\/changement-au-comite-central#primaryimage\"},\"image\":{\"@id\":\"https:\\\/\\\/www.revuemusicale.ch\\\/basis\\\/usdam\\\/2026\\\/08\\\/changement-au-comite-central#primaryimage\"},\"thumbnailUrl\":\"https:\\\/\\\/www.revuemusicale.ch\\\/wp-content\\\/uploads\\\/2026\\\/08\\\/4a-Mael-Graa-1-Credit-Augustin-Laudet-jpg.jpg\",\"datePublished\":\"2026-08-31T02:40:39+00:00\",\"breadcrumb\":{\"@id\":\"https:\\\/\\\/www.revuemusicale.ch\\\/basis\\\/usdam\\\/2026\\\/08\\\/changement-au-comite-central#breadcrumb\"},\"inLanguage\":\"en-US\",\"potentialAction\":[{\"@type\":\"ReadAction\",\"target\":[\"https:\\\/\\\/www.revuemusicale.ch\\\/basis\\\/usdam\\\/2026\\\/08\\\/changement-au-comite-central\"]}]},{\"@type\":\"ImageObject\",\"inLanguage\":\"en-US\",\"@id\":\"https:\\\/\\\/www.revuemusicale.ch\\\/basis\\\/usdam\\\/2026\\\/08\\\/changement-au-comite-central#primaryimage\",\"url\":\"https:\\\/\\\/www.revuemusicale.ch\\\/wp-content\\\/uploads\\\/2026\\\/08\\\/4a-Mael-Graa-1-Credit-Augustin-Laudet-jpg.jpg\",\"contentUrl\":\"https:\\\/\\\/www.revuemusicale.ch\\\/wp-content\\\/uploads\\\/2026\\\/08\\\/4a-Mael-Graa-1-Credit-Augustin-Laudet-jpg.jpg\",\"width\":1366,\"height\":988,\"caption\":\"Ma\u00ebl Graa\"},{\"@type\":\"BreadcrumbList\",\"@id\":\"https:\\\/\\\/www.revuemusicale.ch\\\/basis\\\/usdam\\\/2026\\\/08\\\/changement-au-comite-central#breadcrumb\",\"itemListElement\":[{\"@type\":\"ListItem\",\"position\":1,\"name\":\"Home\",\"item\":\"https:\\\/\\\/www.revuemusicale.ch\\\/\"},{\"@type\":\"ListItem\",\"position\":2,\"name\":\"Changement au comit\u00e9 central\"}]},{\"@type\":\"WebSite\",\"@id\":\"https:\\\/\\\/www.revuemusicale.ch\\\/#website\",\"url\":\"https:\\\/\\\/www.revuemusicale.ch\\\/\",\"name\":\"Revue Musicale Suisse\",\"description\":\"\",\"publisher\":{\"@id\":\"https:\\\/\\\/www.revuemusicale.ch\\\/#organization\"},\"potentialAction\":[{\"@type\":\"SearchAction\",\"target\":{\"@type\":\"EntryPoint\",\"urlTemplate\":\"https:\\\/\\\/www.revuemusicale.ch\\\/?s={search_term_string}\"},\"query-input\":{\"@type\":\"PropertyValueSpecification\",\"valueRequired\":true,\"valueName\":\"search_term_string\"}}],\"inLanguage\":\"en-US\"},{\"@type\":\"Organization\",\"@id\":\"https:\\\/\\\/www.revuemusicale.ch\\\/#organization\",\"name\":\"Revue Musicale Suisse\",\"url\":\"https:\\\/\\\/www.revuemusicale.ch\\\/\",\"logo\":{\"@type\":\"ImageObject\",\"inLanguage\":\"en-US\",\"@id\":\"https:\\\/\\\/www.revuemusicale.ch\\\/#\\\/schema\\\/logo\\\/image\\\/\",\"url\":\"https:\\\/\\\/www.revuemusicale.ch\\\/wp-content\\\/uploads\\\/2023\\\/01\\\/logo_revuemusicale_musikzeitung.jpg\",\"contentUrl\":\"https:\\\/\\\/www.revuemusicale.ch\\\/wp-content\\\/uploads\\\/2023\\\/01\\\/logo_revuemusicale_musikzeitung.jpg\",\"width\":1200,\"height\":243,\"caption\":\"Revue Musicale Suisse\"},\"image\":{\"@id\":\"https:\\\/\\\/www.revuemusicale.ch\\\/#\\\/schema\\\/logo\\\/image\\\/\"},\"sameAs\":[\"https:\\\/\\\/www.facebook.com\\\/SchweizerMusikzeitung\\\/\",\"https:\\\/\\\/x.com\\\/smusikzeitung\",\"https:\\\/\\\/www.instagram.com\\\/musikzeitung.ch\\\/?hl=de\"]},{\"@type\":\"Person\",\"@id\":\"https:\\\/\\\/www.revuemusicale.ch\\\/#\\\/schema\\\/person\\\/fb6400330a942eecc4b494064fce59be\",\"name\":\"Laurent Mettraux\",\"image\":{\"@type\":\"ImageObject\",\"inLanguage\":\"en-US\",\"@id\":\"https:\\\/\\\/secure.gravatar.com\\\/avatar\\\/0ff4c55a3beaca23cf8ac030f6a4d207c5c42f40aa03f3accbc97af09da0d956?s=96&d=mm&r=g\",\"url\":\"https:\\\/\\\/secure.gravatar.com\\\/avatar\\\/0ff4c55a3beaca23cf8ac030f6a4d207c5c42f40aa03f3accbc97af09da0d956?s=96&d=mm&r=g\",\"contentUrl\":\"https:\\\/\\\/secure.gravatar.com\\\/avatar\\\/0ff4c55a3beaca23cf8ac030f6a4d207c5c42f40aa03f3accbc97af09da0d956?s=96&d=mm&r=g\",\"caption\":\"Laurent Mettraux\"},\"url\":\"https:\\\/\\\/www.revuemusicale.ch\\\/en\\\/author\\\/laurent-mettraux\"}]}<\/script>\n<!-- \/ Yoast SEO plugin. -->","yoast_head_json":{"title":"Changement au comit\u00e9 central - Revue Musicale Suisse","robots":{"index":"index","follow":"follow","max-snippet":"max-snippet:-1","max-image-preview":"max-image-preview:large","max-video-preview":"max-video-preview:-1"},"canonical":"https:\/\/www.revuemusicale.ch\/en\/basis\/usdam\/2026\/08\/changement-au-comite-central\/","og_locale":"en_US","og_type":"article","og_title":"Changement au comit\u00e9 central - Revue Musicale Suisse","og_description":"Dans le prochain num\u00e9ro, nous consacrerons un article \u00e0 Cristian Vasile, qui, apr\u00e8s 22 ann\u00e9es au comit\u00e9 central, a laiss\u00e9 sa place \u00e0 Ma\u00ebl Graa, que nous pr\u00e9sentons ici.","og_url":"https:\/\/www.revuemusicale.ch\/en\/basis\/usdam\/2026\/08\/changement-au-comite-central\/","og_site_name":"Revue Musicale Suisse","article_publisher":"https:\/\/www.facebook.com\/SchweizerMusikzeitung\/","article_published_time":"2026-08-31T02:40:39+00:00","og_image":[{"width":1366,"height":988,"url":"https:\/\/www.revuemusicale.ch\/wp-content\/uploads\/2026\/08\/4a-Mael-Graa-1-Credit-Augustin-Laudet-jpg.jpg","type":"image\/jpeg"}],"author":"Laurent Mettraux","twitter_card":"summary_large_image","twitter_creator":"@smusikzeitung","twitter_site":"@smusikzeitung","twitter_misc":{"Written by":"Laurent Mettraux","Est. reading time":"3 minutes"},"schema":{"@context":"https:\/\/schema.org","@graph":[{"@type":"Article","@id":"https:\/\/www.revuemusicale.ch\/basis\/usdam\/2026\/08\/changement-au-comite-central#article","isPartOf":{"@id":"https:\/\/www.revuemusicale.ch\/basis\/usdam\/2026\/08\/changement-au-comite-central"},"author":{"name":"Laurent Mettraux","@id":"https:\/\/www.revuemusicale.ch\/#\/schema\/person\/fb6400330a942eecc4b494064fce59be"},"headline":"Changement au comit\u00e9 central","datePublished":"2026-08-31T02:40:39+00:00","mainEntityOfPage":{"@id":"https:\/\/www.revuemusicale.ch\/basis\/usdam\/2026\/08\/changement-au-comite-central"},"wordCount":481,"publisher":{"@id":"https:\/\/www.revuemusicale.ch\/#organization"},"image":{"@id":"https:\/\/www.revuemusicale.ch\/basis\/usdam\/2026\/08\/changement-au-comite-central#primaryimage"},"thumbnailUrl":"https:\/\/www.revuemusicale.ch\/wp-content\/uploads\/2026\/08\/4a-Mael-Graa-1-Credit-Augustin-Laudet-jpg.jpg","keywords":["Ma\u00ebl Graa","nouveau membre du comit\u00e9 central"],"articleSection":["USDAM"],"inLanguage":"en-US"},{"@type":"WebPage","@id":"https:\/\/www.revuemusicale.ch\/basis\/usdam\/2026\/08\/changement-au-comite-central","url":"https:\/\/www.revuemusicale.ch\/basis\/usdam\/2026\/08\/changement-au-comite-central","name":"Changement au comit\u00e9 central - Revue Musicale Suisse","isPartOf":{"@id":"https:\/\/www.revuemusicale.ch\/#website"},"primaryImageOfPage":{"@id":"https:\/\/www.revuemusicale.ch\/basis\/usdam\/2026\/08\/changement-au-comite-central#primaryimage"},"image":{"@id":"https:\/\/www.revuemusicale.ch\/basis\/usdam\/2026\/08\/changement-au-comite-central#primaryimage"},"thumbnailUrl":"https:\/\/www.revuemusicale.ch\/wp-content\/uploads\/2026\/08\/4a-Mael-Graa-1-Credit-Augustin-Laudet-jpg.jpg","datePublished":"2026-08-31T02:40:39+00:00","breadcrumb":{"@id":"https:\/\/www.revuemusicale.ch\/basis\/usdam\/2026\/08\/changement-au-comite-central#breadcrumb"},"inLanguage":"en-US","potentialAction":[{"@type":"ReadAction","target":["https:\/\/www.revuemusicale.ch\/basis\/usdam\/2026\/08\/changement-au-comite-central"]}]},{"@type":"ImageObject","inLanguage":"en-US","@id":"https:\/\/www.revuemusicale.ch\/basis\/usdam\/2026\/08\/changement-au-comite-central#primaryimage","url":"https:\/\/www.revuemusicale.ch\/wp-content\/uploads\/2026\/08\/4a-Mael-Graa-1-Credit-Augustin-Laudet-jpg.jpg","contentUrl":"https:\/\/www.revuemusicale.ch\/wp-content\/uploads\/2026\/08\/4a-Mael-Graa-1-Credit-Augustin-Laudet-jpg.jpg","width":1366,"height":988,"caption":"Ma\u00ebl Graa"},{"@type":"BreadcrumbList","@id":"https:\/\/www.revuemusicale.ch\/basis\/usdam\/2026\/08\/changement-au-comite-central#breadcrumb","itemListElement":[{"@type":"ListItem","position":1,"name":"Home","item":"https:\/\/www.revuemusicale.ch\/"},{"@type":"ListItem","position":2,"name":"Changement au comit\u00e9 central"}]},{"@type":"WebSite","@id":"https:\/\/www.revuemusicale.ch\/#website","url":"https:\/\/www.revuemusicale.ch\/","name":"Swiss Music Review","description":"","publisher":{"@id":"https:\/\/www.revuemusicale.ch\/#organization"},"potentialAction":[{"@type":"SearchAction","target":{"@type":"EntryPoint","urlTemplate":"https:\/\/www.revuemusicale.ch\/?s={search_term_string}"},"query-input":{"@type":"PropertyValueSpecification","valueRequired":true,"valueName":"search_term_string"}}],"inLanguage":"en-US"},{"@type":"Organization","@id":"https:\/\/www.revuemusicale.ch\/#organization","name":"Swiss Music Review","url":"https:\/\/www.revuemusicale.ch\/","logo":{"@type":"ImageObject","inLanguage":"en-US","@id":"https:\/\/www.revuemusicale.ch\/#\/schema\/logo\/image\/","url":"https:\/\/www.revuemusicale.ch\/wp-content\/uploads\/2023\/01\/logo_revuemusicale_musikzeitung.jpg","contentUrl":"https:\/\/www.revuemusicale.ch\/wp-content\/uploads\/2023\/01\/logo_revuemusicale_musikzeitung.jpg","width":1200,"height":243,"caption":"Revue Musicale Suisse"},"image":{"@id":"https:\/\/www.revuemusicale.ch\/#\/schema\/logo\/image\/"},"sameAs":["https:\/\/www.facebook.com\/SchweizerMusikzeitung\/","https:\/\/x.com\/smusikzeitung","https:\/\/www.instagram.com\/musikzeitung.ch\/?hl=de"]},{"@type":"Person","@id":"https:\/\/www.revuemusicale.ch\/#\/schema\/person\/fb6400330a942eecc4b494064fce59be","name":"Laurent Mettraux","image":{"@type":"ImageObject","inLanguage":"en-US","@id":"https:\/\/secure.gravatar.com\/avatar\/0ff4c55a3beaca23cf8ac030f6a4d207c5c42f40aa03f3accbc97af09da0d956?s=96&d=mm&r=g","url":"https:\/\/secure.gravatar.com\/avatar\/0ff4c55a3beaca23cf8ac030f6a4d207c5c42f40aa03f3accbc97af09da0d956?s=96&d=mm&r=g","contentUrl":"https:\/\/secure.gravatar.com\/avatar\/0ff4c55a3beaca23cf8ac030f6a4d207c5c42f40aa03f3accbc97af09da0d956?s=96&d=mm&r=g","caption":"Laurent Mettraux"},"url":"https:\/\/www.revuemusicale.ch\/en\/author\/laurent-mettraux"}]}},"publishpress_future_action":{"enabled":false,"date":"1970-01-01 01:00:00","action":"change-status","newStatus":"draft","terms":[],"taxonomy":"category","extraData":[]},"publishpress_future_workflow_manual_trigger":{"enabledWorkflows":[]},"_links":{"self":[{"href":"https:\/\/www.revuemusicale.ch\/en\/wp-json\/wp\/v2\/posts\/34627","targetHints":{"allow":["GET"]}}],"collection":[{"href":"https:\/\/www.revuemusicale.ch\/en\/wp-json\/wp\/v2\/posts"}],"about":[{"href":"https:\/\/www.revuemusicale.ch\/en\/wp-json\/wp\/v2\/types\/post"}],"author":[{"embeddable":true,"href":"https:\/\/www.revuemusicale.ch\/en\/wp-json\/wp\/v2\/users\/21897"}],"replies":[{"embeddable":true,"href":"https:\/\/www.revuemusicale.ch\/en\/wp-json\/wp\/v2\/comments?post=34627"}],"version-history":[{"count":1,"href":"https:\/\/www.revuemusicale.ch\/en\/wp-json\/wp\/v2\/posts\/34627\/revisions"}],"predecessor-version":[{"id":34629,"href":"https:\/\/www.revuemusicale.ch\/en\/wp-json\/wp\/v2\/posts\/34627\/revisions\/34629"}],"wp:featuredmedia":[{"embeddable":true,"href":"https:\/\/www.revuemusicale.ch\/en\/wp-json\/wp\/v2\/media\/34628"}],"wp:attachment":[{"href":"https:\/\/www.revuemusicale.ch\/en\/wp-json\/wp\/v2\/media?parent=34627"}],"wp:term":[{"taxonomy":"category","embeddable":true,"href":"https:\/\/www.revuemusicale.ch\/en\/wp-json\/wp\/v2\/categories?post=34627"},{"taxonomy":"post_tag","embeddable":true,"href":"https:\/\/www.revuemusicale.ch\/en\/wp-json\/wp\/v2\/tags?post=34627"}],"curies":[{"name":"wp","href":"https:\/\/api.w.org\/{rel}","templated":true}]}}