{"id":34630,"date":"2026-09-05T04:41:03","date_gmt":"2026-09-05T02:41:03","guid":{"rendered":"https:\/\/www.revuemusicale.ch\/?p=34630"},"modified":"2026-08-31T05:08:51","modified_gmt":"2026-08-31T03:08:51","slug":"un-long-engagement-en-faveur-des-musiciens","status":"publish","type":"post","link":"https:\/\/www.revuemusicale.ch\/en\/basis\/usdam\/2026\/09\/un-long-engagement-en-faveur-des-musiciens","title":{"rendered":"Un long engagement en faveur des musiciens"},"content":{"rendered":"<p>En tant qu\u2019ancien pr\u00e9sident central et secr\u00e9taire central, il a marqu\u00e9 de mani\u00e8re d\u00e9cisive l\u2019USDAM et s\u2019est investi avec un grand engagement en faveur des int\u00e9r\u00eats des musiciennes et musiciens en Suisse. Il avait particuli\u00e8rement \u00e0 c\u0153ur l\u2019am\u00e9lioration des conditions de travail, une repr\u00e9sentation forte des int\u00e9r\u00eats ainsi que le dialogue avec la politique, les institutions et les organisations partenaires. Par son approche calme et conciliante ainsi que par sa grande exp\u00e9rience, il a durablement fa\u00e7onn\u00e9 le syndicat. Nous remercions chaleureusement Beat Santschi pour son engagement de longue date et lui adressons nos meilleurs v\u0153ux pour cette nouvelle \u00e9tape de vie.<\/p>\n<p><strong>Courte biographie<\/strong><\/p>\n<p>Beat Santschi a \u00e9tudi\u00e9 la guitare et le piano, l\u2019arch\u00e9ologie et l\u2019anthropologie culturelle, la direction orchestrale et la gestion culturelle, \u00e0 l\u2019Universit\u00e9 de Zurich, \u00e0 la Jazzschule de Lucerne, au Guitar Institute of Technology de Los Angeles et au ZHAW Zentrum f\u00fcr Kulturmanagement. A c\u00f4t\u00e9 de ses activit\u00e9s de guitariste et de gestionnaire culturel, il a beaucoup \u0153uvr\u00e9 en faveur de la communaut\u00e9 des musiciens, non seulement dans les instances de l\u2019USDAM (comit\u00e9 central d\u00e8s 1998, pr\u00e9sidence centrale de l\u2019USDAM de 2009 \u00e0 2020 puis secr\u00e9taire central de 2020 \u00e0 2026), mais aussi comme vice-pr\u00e9sident de la F\u00e9d\u00e9ration internationale des musiciens, pr\u00e9sident de la Coalition suisse pour la diversit\u00e9 culturelle et vice-pr\u00e9sident de la F\u00e9d\u00e9ration internationale des Coalitions pour la diversit\u00e9 culturelle, membre du comit\u00e9 directeur de Swissperform et de la Coop\u00e9rative suisse des artistes interpr\u00e8tes SIG. En 2020, David Schneebeli, qui lui succ\u00e9da en tant que co-pr\u00e9sident, avait r\u00e9dig\u00e9 en hommage dont voici un extrait\u00a0: \u00ab\u00a0Beat se consacra avec la m\u00eame \u00e9nergie \u00e0 tous les domaines d\u2019activit\u00e9 de l\u2019Union, fut un interlocuteur comp\u00e9tent pour chaque membre individuel autant que pour les comit\u00e9s des sections ou les repr\u00e9sentants d\u2019autres associations ou des autorit\u00e9s. Beat a compris la grande importance de la synergie des associations professionnelles aux niveaux national et international.\u00a0\u00bb<\/p>\n<p><strong>Interview <\/strong><\/p>\n<p><strong>\u00a0<\/strong>Les r\u00e9ponses \u00e0 nos questions ont \u00e9t\u00e9 donn\u00e9es par \u00e9crit (traduction fran\u00e7aise\u00a0: Laurent Mettraux).<\/p>\n<p><em>&#8211; Que garderas-tu comme souvenir de tes ann\u00e9es pass\u00e9es \u00e0 l\u2019USDAM au service des musiciens\u00a0?<\/em><\/p>\n<p>La rencontre avec de tr\u00e8s nombreuses personnes formidables \u2013 et aussi avec quelques-unes moins g\u00e9niales \u2013, provenant de nombreux pays et cultures diff\u00e9rents, l\u2019engagement commun pour l\u2019am\u00e9lioration des conditions de travail dans le domaine de la musique.<\/p>\n<p>La situation extr\u00eame, sans pr\u00e9c\u00e9dent, au moment o\u00f9, durant la pand\u00e9mie, une interdiction de travail de facto a \u00e9t\u00e9 impos\u00e9e aux musiciennes et musiciens, ce qui a touch\u00e9 particuli\u00e8rement durement les travailleurs ind\u00e9pendants et a \u00e9t\u00e9 un grand d\u00e9fi pour nous, \u00e0 l\u2019USDAM. La gratitude pour l\u2019aide d\u2019urgence que nous avons apport\u00e9e, mais aussi les discussions interminables avec quelques membres \u00e0 propos de la vaccination contre la covid ou concernant l\u2019obligation de pr\u00e9senter un certificat, ou encore le foyer d\u2018infection au sein de l\u2019OSR. La collaboration tr\u00e8s \u00e9troite avec tous les secteurs culturels ainsi qu\u2018avec les autorit\u00e9s f\u00e9d\u00e9rales, jusqu\u2019au conseiller f\u00e9d\u00e9ral Alain Berset, dans le cadre de la Taskforce Culture.<\/p>\n<p>Des \u00e9tapes importantes, telles la campagne contre le dumping salarial lors de la production d\u2019<em>Aida<\/em> \u00e0 Pf\u00e4ffikon (ZH) en 2013, le jubil\u00e9 du centenaire de l\u2019USDAM en 2014 \u2013 \u00e0 l\u2019occasion duquel nous avons notamment r\u00e9ussi \u00e0 r\u00e9unir un grand orchestre compos\u00e9 de membres de l\u2019USDAM de toute la Suisse, pour le concert du jubil\u00e9 \u00e0 l\u2019Op\u00e9ra de Zurich, durant lequel tout le monde a jou\u00e9 gratuitement en signe de solidarit\u00e9, y compris le chef d\u2018orchestre Mario Venzago \u2013, les n\u00e9gociations en 2017 en vue d\u2019une fusion avec les autres associations de musiciens professionnels, d\u2019o\u00f9 est sortie Sonart, qui ont \u00e9chou\u00e9 en raison d&rsquo;une opposition au sein de nos propres rangs, l\u2019int\u00e9gration des ordres tarifaires USDAM dans le nouveau mod\u00e8le de financement des orchestres \u00e0 B\u00e2le, ou encore, cette ann\u00e9e, les tr\u00e8s importants travaux couronn\u00e9s de succ\u00e8s, tant pour l\u2019organisation du congr\u00e8s de la FIM au BIT de Gen\u00e8ve que pour le projet de \u00ab\u00a0carte tarifaire\u00a0\u00bb.<\/p>\n<p><em>&#8211; Quelles \u00e9volutions as-tu constat\u00e9es au cours de ces ann\u00e9es pass\u00e9es au comit\u00e9, \u00e0 la pr\u00e9sidence puis au secr\u00e9tariat central\u00a0?<\/em><\/p>\n<p>Lorsque j\u2019ai commenc\u00e9 \u00e0 m\u2019engager au sein de l\u2019USDAM, dans les ann\u00e9es 90, cette association me semblait plut\u00f4t d\u00e9mod\u00e9e. Parall\u00e8lement, il allait de soi pour les musiciennes et musiciens d&rsquo;\u00eatre membres, sans se demander constamment quels avantages l&rsquo;adh\u00e9sion apportait \u00e0 chacun. Avec l&rsquo;individualisation et l&rsquo;\u00e9rosion de la solidarit\u00e9 dans la soci\u00e9t\u00e9 au cours des d\u00e9cennies qui ont suivi, les avantages personnels et les services pour les nombreux membres (potentiels) ont \u00e9t\u00e9 mis en avant-plan, parfois avec des int\u00e9r\u00eats tr\u00e8s particuliers. Des contre-mesures ont souvent d\u00fb \u00eatre prises afin de ne pas perdre de vue la situation dans son ensemble<\/p>\n<p>Dans le m\u00eame temps, les exigences pesant sur le travail de l\u2019association se sont accrues en raison d&rsquo;attentes de plus en plus fortes, tant de l\u2019ext\u00e9rieur que de l\u2019int\u00e9rieur, ce qui a \u00e9galement n\u00e9cessit\u00e9 une certaine professionnalisation de la direction de l\u2019association. Heureusement, nous avons \u00e9galement r\u00e9ussi \u00e0 g\u00e9n\u00e9rer des ressources suppl\u00e9mentaires dans le cadre du soutien de l\u2019OFC aux associations KuOr.<\/p>\n<p><em>&#8211; Quels sont selon toi les d\u00e9fis qui attendent les musiciens, maintenant et \u00e0 l\u2019avenir\u00a0?<\/em><\/p>\n<p>Pour la plupart des musiciennes et musiciens, g\u00e9n\u00e9rer un revenu durable gr\u00e2ce des enregistrements musicaux n&rsquo;est plus une option viable aujourd&rsquo;hui, en tout cas depuis que les plateformes de streaming se sont impos\u00e9es aupr\u00e8s des consommateurs comme principale source de contenu, sans que soit abord\u00e9e s\u00e9rieusement la question de la r\u00e9mun\u00e9ration de ceux qui font la musique. Maintenant vient s\u2019ajouter la production musicale g\u00e9n\u00e9r\u00e9e par l\u2019IA, ce qui n&rsquo;est possible qu&rsquo;en entra\u00eenant les mod\u00e8les avec des enregistrements existants r\u00e9alis\u00e9s par des humains. Ces plateformes prennent \u00e9galement tout aux auteurs et aux interpr\u00e8tes, et ne donnent rien en retour, sans que la politique n\u2019intervienne s\u00e9rieusement.<\/p>\n<p>Ainsi, il ne reste plus que la performance live, le concert, la repr\u00e9sentation. Le d\u00e9fi consiste maintenant \u00e0 obtenir des revenus suffisants pour vivre. Dans la plupart des cas, cela n\u00e9cessite une promotion culturelle suffisamment financ\u00e9e, et donc une volont\u00e9 politique. Il est \u00e0 pr\u00e9voir que nous verrons des politiciennes et politiciens qui seront d\u2019avis, par exemple, qu\u2019on pourrait \u00e9conomiser sur les subventions accord\u00e9es \u00e0 tel ou tel orchestre symphonique, car de nos jours, n&rsquo;importe qui pourrait devenir musicien en quelques clics, s\u2019il utilise des plateformes d\u2018IA. Dans le domaine de la musique pop, il existe d\u00e9j\u00e0, en Suisse \u00e9galement, des groupes d&rsquo;hologrammes qui remplissent des salles de concert, bien qu\u2019aucun \u00eatre humain se trouve sur sc\u00e8ne. Je suis toutefois plus confiant ici : je crois que les humains auront encore pendant longtemps une joie particuli\u00e8re \u00e0 \u00e9couter de la musique humaine jou\u00e9e en live, et seront aussi dispos\u00e9 \u00e0 payer pour cela.<\/p>\n<p><em>&#8211; Comment ressens-tu l\u2019importance de la collaboration internationale pour les syndicats de musiciens\u00a0?<\/em><\/p>\n<p>La collaboration internationale et la solidarit\u00e9 des syndicats musicaux est absolument indispensable, surtout en ces temps d&rsquo;anti-multilat\u00e9ralisme sur la sc\u00e8ne politique. J\u2019ose affirmer que l\u2019USDAM entretient dans certains cas des relations bien plus constructives et tourn\u00e9es vers l&rsquo;avenir, avec par exemple des coll\u00e8gues europ\u00e9ens et am\u00e9ricains, que le Conseil f\u00e9d\u00e9ral avec le parlement. Par exemple, nous militons conjointement, \u00e9galement dans le cadre d\u2019organisations internationales, par exemple l\u2019OMPI, pour une r\u00e9glementation de l&rsquo;IA g\u00e9n\u00e9rative profitant aux auteurs et aux interpr\u00e8tes, ce qui semble peu int\u00e9resser nos gouvernements.<\/p>\n<p>Heureusement, l\u2019USDAM peut continuer \u00e0 jouer un r\u00f4le d\u00e9terminant \u00e0 la F\u00e9d\u00e9ration Internationale des Musiciens (FIM).<\/p>","protected":false},"excerpt":{"rendered":"<p>Apr\u00e8s de nombreuses ann\u00e9es d\u2019activit\u00e9 engag\u00e9e, Beat Santschi prend une retraite bien m\u00e9rit\u00e9e. <\/p>","protected":false},"author":21897,"featured_media":34631,"comment_status":"closed","ping_status":"closed","sticky":false,"template":"","format":"standard","meta":{"_acf_changed":false,"_relevanssi_hide_post":"","_relevanssi_hide_content":"","_relevanssi_pin_for_all":"","_relevanssi_pin_keywords":"","_relevanssi_unpin_keywords":"","_relevanssi_related_keywords":"","_relevanssi_related_include_ids":"","_relevanssi_related_exclude_ids":"","_relevanssi_related_no_append":"","_relevanssi_related_not_related":"","_relevanssi_related_posts":"","_relevanssi_noindex_reason":"","pgc_sgb_lightbox_settings":"","footnotes":""},"categories":[53],"tags":[2420],"class_list":["post-34630","post","type-post","status-publish","format-standard","has-post-thumbnail","hentry","category-usdam","tag-beat-santschi"],"acf":[],"yoast_head":"<!-- This site is optimized with the Yoast SEO plugin v28.3 - https:\/\/yoast.com\/product\/yoast-seo-wordpress\/ -->\n<title>Un long engagement en faveur des musiciens - Revue Musicale Suisse<\/title>\n<meta name=\"robots\" content=\"index, follow, max-snippet:-1, max-image-preview:large, max-video-preview:-1\" \/>\n<link rel=\"canonical\" href=\"https:\/\/www.revuemusicale.ch\/en\/basis\/usdam\/2026\/09\/un-long-engagement-en-faveur-des-musiciens\/\" \/>\n<meta property=\"og:locale\" content=\"en_US\" \/>\n<meta property=\"og:type\" content=\"article\" \/>\n<meta property=\"og:title\" content=\"Un long engagement en faveur des musiciens - Revue Musicale Suisse\" \/>\n<meta property=\"og:description\" content=\"Apr\u00e8s de nombreuses ann\u00e9es d\u2019activit\u00e9 engag\u00e9e, Beat Santschi prend une retraite bien m\u00e9rit\u00e9e.\" \/>\n<meta property=\"og:url\" content=\"https:\/\/www.revuemusicale.ch\/en\/basis\/usdam\/2026\/09\/un-long-engagement-en-faveur-des-musiciens\/\" \/>\n<meta property=\"og:site_name\" content=\"Revue Musicale Suisse\" \/>\n<meta property=\"article:publisher\" content=\"https:\/\/www.facebook.com\/SchweizerMusikzeitung\/\" \/>\n<meta property=\"article:published_time\" content=\"2026-09-05T02:41:03+00:00\" \/>\n<meta property=\"og:image\" content=\"https:\/\/www.revuemusicale.ch\/wp-content\/uploads\/2026\/08\/5e-Beat-Santschi-couleur-\u00a9-Amanda-Nikolic.png\" \/>\n\t<meta property=\"og:image:width\" content=\"635\" \/>\n\t<meta property=\"og:image:height\" content=\"458\" \/>\n\t<meta property=\"og:image:type\" content=\"image\/png\" \/>\n<meta name=\"author\" content=\"Laurent Mettraux\" \/>\n<meta name=\"twitter:card\" content=\"summary_large_image\" \/>\n<meta name=\"twitter:creator\" content=\"@smusikzeitung\" \/>\n<meta name=\"twitter:site\" content=\"@smusikzeitung\" \/>\n<meta name=\"twitter:label1\" content=\"Written by\" \/>\n\t<meta name=\"twitter:data1\" content=\"Laurent Mettraux\" \/>\n\t<meta name=\"twitter:label2\" content=\"Est. reading time\" \/>\n\t<meta name=\"twitter:data2\" content=\"7 minutes\" \/>\n<script type=\"application\/ld+json\" class=\"yoast-schema-graph\">{\"@context\":\"https:\\\/\\\/schema.org\",\"@graph\":[{\"@type\":\"Article\",\"@id\":\"https:\\\/\\\/www.revuemusicale.ch\\\/basis\\\/usdam\\\/2026\\\/09\\\/un-long-engagement-en-faveur-des-musiciens#article\",\"isPartOf\":{\"@id\":\"https:\\\/\\\/www.revuemusicale.ch\\\/basis\\\/usdam\\\/2026\\\/09\\\/un-long-engagement-en-faveur-des-musiciens\"},\"author\":{\"name\":\"Laurent Mettraux\",\"@id\":\"https:\\\/\\\/www.revuemusicale.ch\\\/#\\\/schema\\\/person\\\/fb6400330a942eecc4b494064fce59be\"},\"headline\":\"Un long engagement en faveur des musiciens\",\"datePublished\":\"2026-09-05T02:41:03+00:00\",\"mainEntityOfPage\":{\"@id\":\"https:\\\/\\\/www.revuemusicale.ch\\\/basis\\\/usdam\\\/2026\\\/09\\\/un-long-engagement-en-faveur-des-musiciens\"},\"wordCount\":1398,\"publisher\":{\"@id\":\"https:\\\/\\\/www.revuemusicale.ch\\\/#organization\"},\"image\":{\"@id\":\"https:\\\/\\\/www.revuemusicale.ch\\\/basis\\\/usdam\\\/2026\\\/09\\\/un-long-engagement-en-faveur-des-musiciens#primaryimage\"},\"thumbnailUrl\":\"https:\\\/\\\/www.revuemusicale.ch\\\/wp-content\\\/uploads\\\/2026\\\/08\\\/5e-Beat-Santschi-couleur-\u00a9-Amanda-Nikolic.png\",\"keywords\":[\"Beat Santschi\"],\"articleSection\":[\"USDAM\"],\"inLanguage\":\"en-US\"},{\"@type\":\"WebPage\",\"@id\":\"https:\\\/\\\/www.revuemusicale.ch\\\/basis\\\/usdam\\\/2026\\\/09\\\/un-long-engagement-en-faveur-des-musiciens\",\"url\":\"https:\\\/\\\/www.revuemusicale.ch\\\/basis\\\/usdam\\\/2026\\\/09\\\/un-long-engagement-en-faveur-des-musiciens\",\"name\":\"Un long engagement en faveur des musiciens - Revue Musicale Suisse\",\"isPartOf\":{\"@id\":\"https:\\\/\\\/www.revuemusicale.ch\\\/#website\"},\"primaryImageOfPage\":{\"@id\":\"https:\\\/\\\/www.revuemusicale.ch\\\/basis\\\/usdam\\\/2026\\\/09\\\/un-long-engagement-en-faveur-des-musiciens#primaryimage\"},\"image\":{\"@id\":\"https:\\\/\\\/www.revuemusicale.ch\\\/basis\\\/usdam\\\/2026\\\/09\\\/un-long-engagement-en-faveur-des-musiciens#primaryimage\"},\"thumbnailUrl\":\"https:\\\/\\\/www.revuemusicale.ch\\\/wp-content\\\/uploads\\\/2026\\\/08\\\/5e-Beat-Santschi-couleur-\u00a9-Amanda-Nikolic.png\",\"datePublished\":\"2026-09-05T02:41:03+00:00\",\"breadcrumb\":{\"@id\":\"https:\\\/\\\/www.revuemusicale.ch\\\/basis\\\/usdam\\\/2026\\\/09\\\/un-long-engagement-en-faveur-des-musiciens#breadcrumb\"},\"inLanguage\":\"en-US\",\"potentialAction\":[{\"@type\":\"ReadAction\",\"target\":[\"https:\\\/\\\/www.revuemusicale.ch\\\/basis\\\/usdam\\\/2026\\\/09\\\/un-long-engagement-en-faveur-des-musiciens\"]}]},{\"@type\":\"ImageObject\",\"inLanguage\":\"en-US\",\"@id\":\"https:\\\/\\\/www.revuemusicale.ch\\\/basis\\\/usdam\\\/2026\\\/09\\\/un-long-engagement-en-faveur-des-musiciens#primaryimage\",\"url\":\"https:\\\/\\\/www.revuemusicale.ch\\\/wp-content\\\/uploads\\\/2026\\\/08\\\/5e-Beat-Santschi-couleur-\u00a9-Amanda-Nikolic.png\",\"contentUrl\":\"https:\\\/\\\/www.revuemusicale.ch\\\/wp-content\\\/uploads\\\/2026\\\/08\\\/5e-Beat-Santschi-couleur-\u00a9-Amanda-Nikolic.png\",\"width\":635,\"height\":458,\"caption\":\"Beat Santschi\"},{\"@type\":\"BreadcrumbList\",\"@id\":\"https:\\\/\\\/www.revuemusicale.ch\\\/basis\\\/usdam\\\/2026\\\/09\\\/un-long-engagement-en-faveur-des-musiciens#breadcrumb\",\"itemListElement\":[{\"@type\":\"ListItem\",\"position\":1,\"name\":\"Home\",\"item\":\"https:\\\/\\\/www.revuemusicale.ch\\\/\"},{\"@type\":\"ListItem\",\"position\":2,\"name\":\"Un long engagement en faveur des musiciens\"}]},{\"@type\":\"WebSite\",\"@id\":\"https:\\\/\\\/www.revuemusicale.ch\\\/#website\",\"url\":\"https:\\\/\\\/www.revuemusicale.ch\\\/\",\"name\":\"Revue Musicale Suisse\",\"description\":\"\",\"publisher\":{\"@id\":\"https:\\\/\\\/www.revuemusicale.ch\\\/#organization\"},\"potentialAction\":[{\"@type\":\"SearchAction\",\"target\":{\"@type\":\"EntryPoint\",\"urlTemplate\":\"https:\\\/\\\/www.revuemusicale.ch\\\/?s={search_term_string}\"},\"query-input\":{\"@type\":\"PropertyValueSpecification\",\"valueRequired\":true,\"valueName\":\"search_term_string\"}}],\"inLanguage\":\"en-US\"},{\"@type\":\"Organization\",\"@id\":\"https:\\\/\\\/www.revuemusicale.ch\\\/#organization\",\"name\":\"Revue Musicale Suisse\",\"url\":\"https:\\\/\\\/www.revuemusicale.ch\\\/\",\"logo\":{\"@type\":\"ImageObject\",\"inLanguage\":\"en-US\",\"@id\":\"https:\\\/\\\/www.revuemusicale.ch\\\/#\\\/schema\\\/logo\\\/image\\\/\",\"url\":\"https:\\\/\\\/www.revuemusicale.ch\\\/wp-content\\\/uploads\\\/2023\\\/01\\\/logo_revuemusicale_musikzeitung.jpg\",\"contentUrl\":\"https:\\\/\\\/www.revuemusicale.ch\\\/wp-content\\\/uploads\\\/2023\\\/01\\\/logo_revuemusicale_musikzeitung.jpg\",\"width\":1200,\"height\":243,\"caption\":\"Revue Musicale Suisse\"},\"image\":{\"@id\":\"https:\\\/\\\/www.revuemusicale.ch\\\/#\\\/schema\\\/logo\\\/image\\\/\"},\"sameAs\":[\"https:\\\/\\\/www.facebook.com\\\/SchweizerMusikzeitung\\\/\",\"https:\\\/\\\/x.com\\\/smusikzeitung\",\"https:\\\/\\\/www.instagram.com\\\/musikzeitung.ch\\\/?hl=de\"]},{\"@type\":\"Person\",\"@id\":\"https:\\\/\\\/www.revuemusicale.ch\\\/#\\\/schema\\\/person\\\/fb6400330a942eecc4b494064fce59be\",\"name\":\"Laurent Mettraux\",\"image\":{\"@type\":\"ImageObject\",\"inLanguage\":\"en-US\",\"@id\":\"https:\\\/\\\/secure.gravatar.com\\\/avatar\\\/0ff4c55a3beaca23cf8ac030f6a4d207c5c42f40aa03f3accbc97af09da0d956?s=96&d=mm&r=g\",\"url\":\"https:\\\/\\\/secure.gravatar.com\\\/avatar\\\/0ff4c55a3beaca23cf8ac030f6a4d207c5c42f40aa03f3accbc97af09da0d956?s=96&d=mm&r=g\",\"contentUrl\":\"https:\\\/\\\/secure.gravatar.com\\\/avatar\\\/0ff4c55a3beaca23cf8ac030f6a4d207c5c42f40aa03f3accbc97af09da0d956?s=96&d=mm&r=g\",\"caption\":\"Laurent Mettraux\"},\"url\":\"https:\\\/\\\/www.revuemusicale.ch\\\/en\\\/author\\\/laurent-mettraux\"}]}<\/script>\n<!-- \/ Yoast SEO plugin. -->","yoast_head_json":{"title":"Un long engagement en faveur des musiciens - Revue Musicale Suisse","robots":{"index":"index","follow":"follow","max-snippet":"max-snippet:-1","max-image-preview":"max-image-preview:large","max-video-preview":"max-video-preview:-1"},"canonical":"https:\/\/www.revuemusicale.ch\/en\/basis\/usdam\/2026\/09\/un-long-engagement-en-faveur-des-musiciens\/","og_locale":"en_US","og_type":"article","og_title":"Un long engagement en faveur des musiciens - Revue Musicale Suisse","og_description":"Apr\u00e8s de nombreuses ann\u00e9es d\u2019activit\u00e9 engag\u00e9e, Beat Santschi prend une retraite bien m\u00e9rit\u00e9e.","og_url":"https:\/\/www.revuemusicale.ch\/en\/basis\/usdam\/2026\/09\/un-long-engagement-en-faveur-des-musiciens\/","og_site_name":"Revue Musicale Suisse","article_publisher":"https:\/\/www.facebook.com\/SchweizerMusikzeitung\/","article_published_time":"2026-09-05T02:41:03+00:00","og_image":[{"width":635,"height":458,"url":"https:\/\/www.revuemusicale.ch\/wp-content\/uploads\/2026\/08\/5e-Beat-Santschi-couleur-\u00a9-Amanda-Nikolic.png","type":"image\/png"}],"author":"Laurent Mettraux","twitter_card":"summary_large_image","twitter_creator":"@smusikzeitung","twitter_site":"@smusikzeitung","twitter_misc":{"Written by":"Laurent Mettraux","Est. reading time":"7 minutes"},"schema":{"@context":"https:\/\/schema.org","@graph":[{"@type":"Article","@id":"https:\/\/www.revuemusicale.ch\/basis\/usdam\/2026\/09\/un-long-engagement-en-faveur-des-musiciens#article","isPartOf":{"@id":"https:\/\/www.revuemusicale.ch\/basis\/usdam\/2026\/09\/un-long-engagement-en-faveur-des-musiciens"},"author":{"name":"Laurent Mettraux","@id":"https:\/\/www.revuemusicale.ch\/#\/schema\/person\/fb6400330a942eecc4b494064fce59be"},"headline":"Un long engagement en faveur des musiciens","datePublished":"2026-09-05T02:41:03+00:00","mainEntityOfPage":{"@id":"https:\/\/www.revuemusicale.ch\/basis\/usdam\/2026\/09\/un-long-engagement-en-faveur-des-musiciens"},"wordCount":1398,"publisher":{"@id":"https:\/\/www.revuemusicale.ch\/#organization"},"image":{"@id":"https:\/\/www.revuemusicale.ch\/basis\/usdam\/2026\/09\/un-long-engagement-en-faveur-des-musiciens#primaryimage"},"thumbnailUrl":"https:\/\/www.revuemusicale.ch\/wp-content\/uploads\/2026\/08\/5e-Beat-Santschi-couleur-\u00a9-Amanda-Nikolic.png","keywords":["Beat Santschi"],"articleSection":["USDAM"],"inLanguage":"en-US"},{"@type":"WebPage","@id":"https:\/\/www.revuemusicale.ch\/basis\/usdam\/2026\/09\/un-long-engagement-en-faveur-des-musiciens","url":"https:\/\/www.revuemusicale.ch\/basis\/usdam\/2026\/09\/un-long-engagement-en-faveur-des-musiciens","name":"Un long engagement en faveur des musiciens - Revue Musicale Suisse","isPartOf":{"@id":"https:\/\/www.revuemusicale.ch\/#website"},"primaryImageOfPage":{"@id":"https:\/\/www.revuemusicale.ch\/basis\/usdam\/2026\/09\/un-long-engagement-en-faveur-des-musiciens#primaryimage"},"image":{"@id":"https:\/\/www.revuemusicale.ch\/basis\/usdam\/2026\/09\/un-long-engagement-en-faveur-des-musiciens#primaryimage"},"thumbnailUrl":"https:\/\/www.revuemusicale.ch\/wp-content\/uploads\/2026\/08\/5e-Beat-Santschi-couleur-\u00a9-Amanda-Nikolic.png","datePublished":"2026-09-05T02:41:03+00:00","breadcrumb":{"@id":"https:\/\/www.revuemusicale.ch\/basis\/usdam\/2026\/09\/un-long-engagement-en-faveur-des-musiciens#breadcrumb"},"inLanguage":"en-US","potentialAction":[{"@type":"ReadAction","target":["https:\/\/www.revuemusicale.ch\/basis\/usdam\/2026\/09\/un-long-engagement-en-faveur-des-musiciens"]}]},{"@type":"ImageObject","inLanguage":"en-US","@id":"https:\/\/www.revuemusicale.ch\/basis\/usdam\/2026\/09\/un-long-engagement-en-faveur-des-musiciens#primaryimage","url":"https:\/\/www.revuemusicale.ch\/wp-content\/uploads\/2026\/08\/5e-Beat-Santschi-couleur-\u00a9-Amanda-Nikolic.png","contentUrl":"https:\/\/www.revuemusicale.ch\/wp-content\/uploads\/2026\/08\/5e-Beat-Santschi-couleur-\u00a9-Amanda-Nikolic.png","width":635,"height":458,"caption":"Beat Santschi"},{"@type":"BreadcrumbList","@id":"https:\/\/www.revuemusicale.ch\/basis\/usdam\/2026\/09\/un-long-engagement-en-faveur-des-musiciens#breadcrumb","itemListElement":[{"@type":"ListItem","position":1,"name":"Home","item":"https:\/\/www.revuemusicale.ch\/"},{"@type":"ListItem","position":2,"name":"Un long engagement en faveur des musiciens"}]},{"@type":"WebSite","@id":"https:\/\/www.revuemusicale.ch\/#website","url":"https:\/\/www.revuemusicale.ch\/","name":"Swiss Music Review","description":"","publisher":{"@id":"https:\/\/www.revuemusicale.ch\/#organization"},"potentialAction":[{"@type":"SearchAction","target":{"@type":"EntryPoint","urlTemplate":"https:\/\/www.revuemusicale.ch\/?s={search_term_string}"},"query-input":{"@type":"PropertyValueSpecification","valueRequired":true,"valueName":"search_term_string"}}],"inLanguage":"en-US"},{"@type":"Organization","@id":"https:\/\/www.revuemusicale.ch\/#organization","name":"Swiss Music Review","url":"https:\/\/www.revuemusicale.ch\/","logo":{"@type":"ImageObject","inLanguage":"en-US","@id":"https:\/\/www.revuemusicale.ch\/#\/schema\/logo\/image\/","url":"https:\/\/www.revuemusicale.ch\/wp-content\/uploads\/2023\/01\/logo_revuemusicale_musikzeitung.jpg","contentUrl":"https:\/\/www.revuemusicale.ch\/wp-content\/uploads\/2023\/01\/logo_revuemusicale_musikzeitung.jpg","width":1200,"height":243,"caption":"Revue Musicale Suisse"},"image":{"@id":"https:\/\/www.revuemusicale.ch\/#\/schema\/logo\/image\/"},"sameAs":["https:\/\/www.facebook.com\/SchweizerMusikzeitung\/","https:\/\/x.com\/smusikzeitung","https:\/\/www.instagram.com\/musikzeitung.ch\/?hl=de"]},{"@type":"Person","@id":"https:\/\/www.revuemusicale.ch\/#\/schema\/person\/fb6400330a942eecc4b494064fce59be","name":"Laurent Mettraux","image":{"@type":"ImageObject","inLanguage":"en-US","@id":"https:\/\/secure.gravatar.com\/avatar\/0ff4c55a3beaca23cf8ac030f6a4d207c5c42f40aa03f3accbc97af09da0d956?s=96&d=mm&r=g","url":"https:\/\/secure.gravatar.com\/avatar\/0ff4c55a3beaca23cf8ac030f6a4d207c5c42f40aa03f3accbc97af09da0d956?s=96&d=mm&r=g","contentUrl":"https:\/\/secure.gravatar.com\/avatar\/0ff4c55a3beaca23cf8ac030f6a4d207c5c42f40aa03f3accbc97af09da0d956?s=96&d=mm&r=g","caption":"Laurent Mettraux"},"url":"https:\/\/www.revuemusicale.ch\/en\/author\/laurent-mettraux"}]}},"publishpress_future_action":{"enabled":false,"date":"1970-01-01 01:00:00","action":"change-status","newStatus":"draft","terms":[],"taxonomy":"category","extraData":[]},"publishpress_future_workflow_manual_trigger":{"enabledWorkflows":[]},"_links":{"self":[{"href":"https:\/\/www.revuemusicale.ch\/en\/wp-json\/wp\/v2\/posts\/34630","targetHints":{"allow":["GET"]}}],"collection":[{"href":"https:\/\/www.revuemusicale.ch\/en\/wp-json\/wp\/v2\/posts"}],"about":[{"href":"https:\/\/www.revuemusicale.ch\/en\/wp-json\/wp\/v2\/types\/post"}],"author":[{"embeddable":true,"href":"https:\/\/www.revuemusicale.ch\/en\/wp-json\/wp\/v2\/users\/21897"}],"replies":[{"embeddable":true,"href":"https:\/\/www.revuemusicale.ch\/en\/wp-json\/wp\/v2\/comments?post=34630"}],"version-history":[{"count":1,"href":"https:\/\/www.revuemusicale.ch\/en\/wp-json\/wp\/v2\/posts\/34630\/revisions"}],"predecessor-version":[{"id":34632,"href":"https:\/\/www.revuemusicale.ch\/en\/wp-json\/wp\/v2\/posts\/34630\/revisions\/34632"}],"wp:featuredmedia":[{"embeddable":true,"href":"https:\/\/www.revuemusicale.ch\/en\/wp-json\/wp\/v2\/media\/34631"}],"wp:attachment":[{"href":"https:\/\/www.revuemusicale.ch\/en\/wp-json\/wp\/v2\/media?parent=34630"}],"wp:term":[{"taxonomy":"category","embeddable":true,"href":"https:\/\/www.revuemusicale.ch\/en\/wp-json\/wp\/v2\/categories?post=34630"},{"taxonomy":"post_tag","embeddable":true,"href":"https:\/\/www.revuemusicale.ch\/en\/wp-json\/wp\/v2\/tags?post=34630"}],"curies":[{"name":"wp","href":"https:\/\/api.w.org\/{rel}","templated":true}]}}