{"id":21739,"date":"2013-02-01T00:00:00","date_gmt":"2013-01-31T23:00:00","guid":{"rendered":"https:\/\/www.revuemusicale.ch\/blog\/2013\/02\/01\/du-haut-des-airs-decolle-a-voix-de-fete\/"},"modified":"2023-01-18T17:40:22","modified_gmt":"2023-01-18T16:40:22","slug":"du-haut-des-airs-decolle-a-voix-de-fete","status":"publish","type":"post","link":"https:\/\/www.revuemusicale.ch\/it\/news\/resonance\/2013\/02\/du-haut-des-airs-decolle-a-voix-de-fete","title":{"rendered":"Du Haut des Airs decolla alla Voix de f\u00eate"},"content":{"rendered":"<img decoding=\"async\" class=\"size-full\" src=\"https:\/\/www.revuemusicale.ch\/wp-content\/uploads\/2023\/01\/DuHautdesAirs_Vignette.jpg\" alt=\"\" \/>\n<div class='text-section'>\n<p>Prima tappa: il Festival Voix de F\u00eate, dal 14 al 17 marzo 2013. Sul nuovissimo \"palco superiore\" dello Chat Noir, il pubblico si imbarcher\u00e0 in un volo interattivo alla scoperta di 60 canzoni inedite e di quattro giovani talenti provenienti da Svizzera, Francia, Belgio e Canada. Ogni ora di pranzo, per quattro giorni, si terranno concerti gratuiti in cui le parole suonano, le note circolano, l'energia si raccoglie e gli spettatori si scambiano idee per votare le loro canzoni preferite, che saranno eseguite nel concerto di gala finale. Il progetto si dirige poi verso 3 grandi festival, tra cui i Francofolies de Montr\u00e9al e i Francofolies de Spa.<\/p>\n<p>60 brani, 60 modi per dimostrare che la canzone non sta in una scatola, ma esplode nella sua diversit\u00e0. \u00c8 un modo per spingere i giovani talenti sui loro primi palcoscenici internazionali e per far conoscere un repertorio singolare e plurale nelle acque francofone, segno dell'effervescenza di un'arte che non dovrebbe essere relegata in fondo al cestino.\u00a0<\/p>\n<p>L'ambizione di questo viaggio ai quattro angoli della Francosfera \u00e8 quella di promuovere la diversit\u00e0 culturale, diffondere e incoraggiare il dibattito su opere, artisti e talenti che sono a proprio agio nella loro lingua e che vanno controcorrente. In questa edizione 2013, la Svizzera sar\u00e0 rappresentata da Noah Arango, che rivisiter\u00e0 brani recenti di Aliose, Marc Aymon e St\u00e9phane Eicher, tra gli altri.<\/p>\n<p>Per saperne di pi\u00f9: <a href='http:\/\/www.catalyse.ch'>www.catalyse.ch<\/a><br \/> \u00a0<\/p>\n<p>\u00a0<\/p>\n<\/p><\/div>","protected":false},"excerpt":{"rendered":"<p><strong>Per il terzo anno consecutivo, l'acceleratore di talenti Catalyse sostiene il progetto Du Haut des Airs, che promuove ed esporta la chanson contemporanea nel mondo francofono. <\/strong><\/p>","protected":false},"author":1,"featured_media":21740,"comment_status":"open","ping_status":"open","sticky":false,"template":"","format":"standard","meta":{"_acf_changed":false,"_relevanssi_hide_post":"","_relevanssi_hide_content":"","_relevanssi_pin_for_all":"","_relevanssi_pin_keywords":"","_relevanssi_unpin_keywords":"","_relevanssi_related_keywords":"","_relevanssi_related_include_ids":"","_relevanssi_related_exclude_ids":"","_relevanssi_related_no_append":"","_relevanssi_related_not_related":"","_relevanssi_related_posts":"","_relevanssi_noindex_reason":"","pgc_sgb_lightbox_settings":"","footnotes":""},"categories":[2,1602],"tags":[],"class_list":["post-21739","post","type-post","status-publish","format-standard","has-post-thumbnail","hentry","category-resonance","category-rock-et-pop"],"acf":[],"yoast_head":"<!-- This site is optimized with the Yoast SEO plugin v27.3 - https:\/\/yoast.com\/product\/yoast-seo-wordpress\/ -->\n<title>Du Haut des Airs d\u00e9colle \u00e0 Voix de f\u00eate - Revue Musicale Suisse<\/title>\n<meta name=\"robots\" content=\"index, follow, max-snippet:-1, max-image-preview:large, max-video-preview:-1\" \/>\n<link rel=\"canonical\" href=\"https:\/\/www.revuemusicale.ch\/it\/news\/resonance\/2013\/02\/du-haut-des-airs-decolle-a-voix-de-fete\/\" \/>\n<meta property=\"og:locale\" content=\"it_IT\" \/>\n<meta property=\"og:type\" content=\"article\" \/>\n<meta property=\"og:title\" content=\"Du Haut des Airs d\u00e9colle \u00e0 Voix de f\u00eate - Revue Musicale Suisse\" \/>\n<meta property=\"og:description\" content=\"Pour la troisi\u00e8me ann\u00e9e cons\u00e9cutive, l\u2019acc\u00e9l\u00e9rateur de talents Catalyse soutient le projet Du Haut des Airs, qui porte et exporte la chanson actuelle dans l\u2019espace francophone.\" \/>\n<meta property=\"og:url\" content=\"https:\/\/www.revuemusicale.ch\/it\/news\/resonance\/2013\/02\/du-haut-des-airs-decolle-a-voix-de-fete\/\" \/>\n<meta property=\"og:site_name\" content=\"Revue Musicale Suisse\" \/>\n<meta property=\"article:publisher\" content=\"https:\/\/www.facebook.com\/SchweizerMusikzeitung\/\" \/>\n<meta property=\"article:published_time\" content=\"2013-01-31T23:00:00+00:00\" \/>\n<meta property=\"article:modified_time\" content=\"2023-01-18T16:40:22+00:00\" \/>\n<meta property=\"og:image\" content=\"https:\/\/www.revuemusicale.ch\/wp-content\/uploads\/2023\/01\/DuHautdesAirs_Vignette.jpg\" \/>\n\t<meta property=\"og:image:width\" content=\"554\" \/>\n\t<meta property=\"og:image:height\" content=\"528\" \/>\n\t<meta property=\"og:image:type\" content=\"image\/jpeg\" \/>\n<meta name=\"author\" content=\"Musikzeitung-Redaktion\" \/>\n<meta name=\"twitter:card\" content=\"summary_large_image\" \/>\n<meta name=\"twitter:creator\" content=\"@smusikzeitung\" \/>\n<meta name=\"twitter:site\" content=\"@smusikzeitung\" \/>\n<meta name=\"twitter:label1\" content=\"Scritto da\" \/>\n\t<meta name=\"twitter:data1\" content=\"Musikzeitung-Redaktion\" \/>\n\t<meta name=\"twitter:label2\" content=\"Tempo di lettura stimato\" \/>\n\t<meta name=\"twitter:data2\" content=\"1 minuto\" \/>\n<script type=\"application\/ld+json\" class=\"yoast-schema-graph\">{\"@context\":\"https:\\\/\\\/schema.org\",\"@graph\":[{\"@type\":\"Article\",\"@id\":\"https:\\\/\\\/www.revuemusicale.ch\\\/news\\\/resonance\\\/2013\\\/02\\\/du-haut-des-airs-decolle-a-voix-de-fete#article\",\"isPartOf\":{\"@id\":\"https:\\\/\\\/www.revuemusicale.ch\\\/news\\\/resonance\\\/2013\\\/02\\\/du-haut-des-airs-decolle-a-voix-de-fete\"},\"author\":{\"name\":\"Musikzeitung-Redaktion\",\"@id\":\"https:\\\/\\\/www.revuemusicale.ch\\\/#\\\/schema\\\/person\\\/b2fd892c800856270b9dcc6001265712\"},\"headline\":\"Du Haut des Airs d\u00e9colle \u00e0 Voix de f\u00eate\",\"datePublished\":\"2013-01-31T23:00:00+00:00\",\"dateModified\":\"2023-01-18T16:40:22+00:00\",\"mainEntityOfPage\":{\"@id\":\"https:\\\/\\\/www.revuemusicale.ch\\\/news\\\/resonance\\\/2013\\\/02\\\/du-haut-des-airs-decolle-a-voix-de-fete\"},\"wordCount\":260,\"commentCount\":0,\"publisher\":{\"@id\":\"https:\\\/\\\/www.revuemusicale.ch\\\/#organization\"},\"image\":{\"@id\":\"https:\\\/\\\/www.revuemusicale.ch\\\/news\\\/resonance\\\/2013\\\/02\\\/du-haut-des-airs-decolle-a-voix-de-fete#primaryimage\"},\"thumbnailUrl\":\"https:\\\/\\\/www.revuemusicale.ch\\\/wp-content\\\/uploads\\\/2023\\\/01\\\/DuHautdesAirs_Vignette.jpg\",\"articleSection\":[\"Resonance\",\"Rock et pop\"],\"inLanguage\":\"it-IT\"},{\"@type\":\"WebPage\",\"@id\":\"https:\\\/\\\/www.revuemusicale.ch\\\/news\\\/resonance\\\/2013\\\/02\\\/du-haut-des-airs-decolle-a-voix-de-fete\",\"url\":\"https:\\\/\\\/www.revuemusicale.ch\\\/news\\\/resonance\\\/2013\\\/02\\\/du-haut-des-airs-decolle-a-voix-de-fete\",\"name\":\"Du Haut des Airs d\u00e9colle \u00e0 Voix de f\u00eate - Revue Musicale Suisse\",\"isPartOf\":{\"@id\":\"https:\\\/\\\/www.revuemusicale.ch\\\/#website\"},\"primaryImageOfPage\":{\"@id\":\"https:\\\/\\\/www.revuemusicale.ch\\\/news\\\/resonance\\\/2013\\\/02\\\/du-haut-des-airs-decolle-a-voix-de-fete#primaryimage\"},\"image\":{\"@id\":\"https:\\\/\\\/www.revuemusicale.ch\\\/news\\\/resonance\\\/2013\\\/02\\\/du-haut-des-airs-decolle-a-voix-de-fete#primaryimage\"},\"thumbnailUrl\":\"https:\\\/\\\/www.revuemusicale.ch\\\/wp-content\\\/uploads\\\/2023\\\/01\\\/DuHautdesAirs_Vignette.jpg\",\"datePublished\":\"2013-01-31T23:00:00+00:00\",\"dateModified\":\"2023-01-18T16:40:22+00:00\",\"breadcrumb\":{\"@id\":\"https:\\\/\\\/www.revuemusicale.ch\\\/news\\\/resonance\\\/2013\\\/02\\\/du-haut-des-airs-decolle-a-voix-de-fete#breadcrumb\"},\"inLanguage\":\"it-IT\",\"potentialAction\":[{\"@type\":\"ReadAction\",\"target\":[\"https:\\\/\\\/www.revuemusicale.ch\\\/news\\\/resonance\\\/2013\\\/02\\\/du-haut-des-airs-decolle-a-voix-de-fete\"]}]},{\"@type\":\"ImageObject\",\"inLanguage\":\"it-IT\",\"@id\":\"https:\\\/\\\/www.revuemusicale.ch\\\/news\\\/resonance\\\/2013\\\/02\\\/du-haut-des-airs-decolle-a-voix-de-fete#primaryimage\",\"url\":\"https:\\\/\\\/www.revuemusicale.ch\\\/wp-content\\\/uploads\\\/2023\\\/01\\\/DuHautdesAirs_Vignette.jpg\",\"contentUrl\":\"https:\\\/\\\/www.revuemusicale.ch\\\/wp-content\\\/uploads\\\/2023\\\/01\\\/DuHautdesAirs_Vignette.jpg\",\"width\":554,\"height\":528},{\"@type\":\"BreadcrumbList\",\"@id\":\"https:\\\/\\\/www.revuemusicale.ch\\\/news\\\/resonance\\\/2013\\\/02\\\/du-haut-des-airs-decolle-a-voix-de-fete#breadcrumb\",\"itemListElement\":[{\"@type\":\"ListItem\",\"position\":1,\"name\":\"Home\",\"item\":\"https:\\\/\\\/www.revuemusicale.ch\\\/\"},{\"@type\":\"ListItem\",\"position\":2,\"name\":\"Du Haut des Airs d\u00e9colle \u00e0 Voix de f\u00eate\"}]},{\"@type\":\"WebSite\",\"@id\":\"https:\\\/\\\/www.revuemusicale.ch\\\/#website\",\"url\":\"https:\\\/\\\/www.revuemusicale.ch\\\/\",\"name\":\"Revue Musicale Suisse\",\"description\":\"\",\"publisher\":{\"@id\":\"https:\\\/\\\/www.revuemusicale.ch\\\/#organization\"},\"potentialAction\":[{\"@type\":\"SearchAction\",\"target\":{\"@type\":\"EntryPoint\",\"urlTemplate\":\"https:\\\/\\\/www.revuemusicale.ch\\\/?s={search_term_string}\"},\"query-input\":{\"@type\":\"PropertyValueSpecification\",\"valueRequired\":true,\"valueName\":\"search_term_string\"}}],\"inLanguage\":\"it-IT\"},{\"@type\":\"Organization\",\"@id\":\"https:\\\/\\\/www.revuemusicale.ch\\\/#organization\",\"name\":\"Revue Musicale Suisse\",\"url\":\"https:\\\/\\\/www.revuemusicale.ch\\\/\",\"logo\":{\"@type\":\"ImageObject\",\"inLanguage\":\"it-IT\",\"@id\":\"https:\\\/\\\/www.revuemusicale.ch\\\/#\\\/schema\\\/logo\\\/image\\\/\",\"url\":\"https:\\\/\\\/www.revuemusicale.ch\\\/wp-content\\\/uploads\\\/2023\\\/01\\\/logo_revuemusicale_musikzeitung.jpg\",\"contentUrl\":\"https:\\\/\\\/www.revuemusicale.ch\\\/wp-content\\\/uploads\\\/2023\\\/01\\\/logo_revuemusicale_musikzeitung.jpg\",\"width\":1200,\"height\":243,\"caption\":\"Revue Musicale Suisse\"},\"image\":{\"@id\":\"https:\\\/\\\/www.revuemusicale.ch\\\/#\\\/schema\\\/logo\\\/image\\\/\"},\"sameAs\":[\"https:\\\/\\\/www.facebook.com\\\/SchweizerMusikzeitung\\\/\",\"https:\\\/\\\/x.com\\\/smusikzeitung\",\"https:\\\/\\\/www.instagram.com\\\/musikzeitung.ch\\\/?hl=de\"]},{\"@type\":\"Person\",\"@id\":\"https:\\\/\\\/www.revuemusicale.ch\\\/#\\\/schema\\\/person\\\/b2fd892c800856270b9dcc6001265712\",\"name\":\"Musikzeitung-Redaktion\",\"image\":{\"@type\":\"ImageObject\",\"inLanguage\":\"it-IT\",\"@id\":\"https:\\\/\\\/secure.gravatar.com\\\/avatar\\\/0c7e6a405862e402eb76a70f8a26fc732d07c32931e9fae9ab1582911d2e8a3b?s=96&d=mm&r=g\",\"url\":\"https:\\\/\\\/secure.gravatar.com\\\/avatar\\\/0c7e6a405862e402eb76a70f8a26fc732d07c32931e9fae9ab1582911d2e8a3b?s=96&d=mm&r=g\",\"contentUrl\":\"https:\\\/\\\/secure.gravatar.com\\\/avatar\\\/0c7e6a405862e402eb76a70f8a26fc732d07c32931e9fae9ab1582911d2e8a3b?s=96&d=mm&r=g\",\"caption\":\"Musikzeitung-Redaktion\"},\"sameAs\":[\"http:\\\/\\\/wundo-docker.io\"],\"url\":\"https:\\\/\\\/www.revuemusicale.ch\\\/it\\\/author\\\/admin\"}]}<\/script>\n<!-- \/ Yoast SEO plugin. -->","yoast_head_json":{"title":"Du Haut des Airs d\u00e9colle \u00e0 Voix de f\u00eate - Revue Musicale Suisse","robots":{"index":"index","follow":"follow","max-snippet":"max-snippet:-1","max-image-preview":"max-image-preview:large","max-video-preview":"max-video-preview:-1"},"canonical":"https:\/\/www.revuemusicale.ch\/it\/news\/resonance\/2013\/02\/du-haut-des-airs-decolle-a-voix-de-fete\/","og_locale":"it_IT","og_type":"article","og_title":"Du Haut des Airs d\u00e9colle \u00e0 Voix de f\u00eate - Revue Musicale Suisse","og_description":"Pour la troisi\u00e8me ann\u00e9e cons\u00e9cutive, l\u2019acc\u00e9l\u00e9rateur de talents Catalyse soutient le projet Du Haut des Airs, qui porte et exporte la chanson actuelle dans l\u2019espace francophone.","og_url":"https:\/\/www.revuemusicale.ch\/it\/news\/resonance\/2013\/02\/du-haut-des-airs-decolle-a-voix-de-fete\/","og_site_name":"Revue Musicale Suisse","article_publisher":"https:\/\/www.facebook.com\/SchweizerMusikzeitung\/","article_published_time":"2013-01-31T23:00:00+00:00","article_modified_time":"2023-01-18T16:40:22+00:00","og_image":[{"width":554,"height":528,"url":"https:\/\/www.revuemusicale.ch\/wp-content\/uploads\/2023\/01\/DuHautdesAirs_Vignette.jpg","type":"image\/jpeg"}],"author":"Musikzeitung-Redaktion","twitter_card":"summary_large_image","twitter_creator":"@smusikzeitung","twitter_site":"@smusikzeitung","twitter_misc":{"Scritto da":"Musikzeitung-Redaktion","Tempo di lettura stimato":"1 minuto"},"schema":{"@context":"https:\/\/schema.org","@graph":[{"@type":"Article","@id":"https:\/\/www.revuemusicale.ch\/news\/resonance\/2013\/02\/du-haut-des-airs-decolle-a-voix-de-fete#article","isPartOf":{"@id":"https:\/\/www.revuemusicale.ch\/news\/resonance\/2013\/02\/du-haut-des-airs-decolle-a-voix-de-fete"},"author":{"name":"Musikzeitung-Redaktion","@id":"https:\/\/www.revuemusicale.ch\/#\/schema\/person\/b2fd892c800856270b9dcc6001265712"},"headline":"Du Haut des Airs d\u00e9colle \u00e0 Voix de f\u00eate","datePublished":"2013-01-31T23:00:00+00:00","dateModified":"2023-01-18T16:40:22+00:00","mainEntityOfPage":{"@id":"https:\/\/www.revuemusicale.ch\/news\/resonance\/2013\/02\/du-haut-des-airs-decolle-a-voix-de-fete"},"wordCount":260,"commentCount":0,"publisher":{"@id":"https:\/\/www.revuemusicale.ch\/#organization"},"image":{"@id":"https:\/\/www.revuemusicale.ch\/news\/resonance\/2013\/02\/du-haut-des-airs-decolle-a-voix-de-fete#primaryimage"},"thumbnailUrl":"https:\/\/www.revuemusicale.ch\/wp-content\/uploads\/2023\/01\/DuHautdesAirs_Vignette.jpg","articleSection":["Resonance","Rock et pop"],"inLanguage":"it-IT"},{"@type":"WebPage","@id":"https:\/\/www.revuemusicale.ch\/news\/resonance\/2013\/02\/du-haut-des-airs-decolle-a-voix-de-fete","url":"https:\/\/www.revuemusicale.ch\/news\/resonance\/2013\/02\/du-haut-des-airs-decolle-a-voix-de-fete","name":"Du Haut des Airs d\u00e9colle \u00e0 Voix de f\u00eate - Revue Musicale Suisse","isPartOf":{"@id":"https:\/\/www.revuemusicale.ch\/#website"},"primaryImageOfPage":{"@id":"https:\/\/www.revuemusicale.ch\/news\/resonance\/2013\/02\/du-haut-des-airs-decolle-a-voix-de-fete#primaryimage"},"image":{"@id":"https:\/\/www.revuemusicale.ch\/news\/resonance\/2013\/02\/du-haut-des-airs-decolle-a-voix-de-fete#primaryimage"},"thumbnailUrl":"https:\/\/www.revuemusicale.ch\/wp-content\/uploads\/2023\/01\/DuHautdesAirs_Vignette.jpg","datePublished":"2013-01-31T23:00:00+00:00","dateModified":"2023-01-18T16:40:22+00:00","breadcrumb":{"@id":"https:\/\/www.revuemusicale.ch\/news\/resonance\/2013\/02\/du-haut-des-airs-decolle-a-voix-de-fete#breadcrumb"},"inLanguage":"it-IT","potentialAction":[{"@type":"ReadAction","target":["https:\/\/www.revuemusicale.ch\/news\/resonance\/2013\/02\/du-haut-des-airs-decolle-a-voix-de-fete"]}]},{"@type":"ImageObject","inLanguage":"it-IT","@id":"https:\/\/www.revuemusicale.ch\/news\/resonance\/2013\/02\/du-haut-des-airs-decolle-a-voix-de-fete#primaryimage","url":"https:\/\/www.revuemusicale.ch\/wp-content\/uploads\/2023\/01\/DuHautdesAirs_Vignette.jpg","contentUrl":"https:\/\/www.revuemusicale.ch\/wp-content\/uploads\/2023\/01\/DuHautdesAirs_Vignette.jpg","width":554,"height":528},{"@type":"BreadcrumbList","@id":"https:\/\/www.revuemusicale.ch\/news\/resonance\/2013\/02\/du-haut-des-airs-decolle-a-voix-de-fete#breadcrumb","itemListElement":[{"@type":"ListItem","position":1,"name":"Home","item":"https:\/\/www.revuemusicale.ch\/"},{"@type":"ListItem","position":2,"name":"Du Haut des Airs d\u00e9colle \u00e0 Voix de f\u00eate"}]},{"@type":"WebSite","@id":"https:\/\/www.revuemusicale.ch\/#website","url":"https:\/\/www.revuemusicale.ch\/","name":"Rassegna musicale svizzera","description":"","publisher":{"@id":"https:\/\/www.revuemusicale.ch\/#organization"},"potentialAction":[{"@type":"SearchAction","target":{"@type":"EntryPoint","urlTemplate":"https:\/\/www.revuemusicale.ch\/?s={search_term_string}"},"query-input":{"@type":"PropertyValueSpecification","valueRequired":true,"valueName":"search_term_string"}}],"inLanguage":"it-IT"},{"@type":"Organization","@id":"https:\/\/www.revuemusicale.ch\/#organization","name":"Rassegna musicale svizzera","url":"https:\/\/www.revuemusicale.ch\/","logo":{"@type":"ImageObject","inLanguage":"it-IT","@id":"https:\/\/www.revuemusicale.ch\/#\/schema\/logo\/image\/","url":"https:\/\/www.revuemusicale.ch\/wp-content\/uploads\/2023\/01\/logo_revuemusicale_musikzeitung.jpg","contentUrl":"https:\/\/www.revuemusicale.ch\/wp-content\/uploads\/2023\/01\/logo_revuemusicale_musikzeitung.jpg","width":1200,"height":243,"caption":"Revue Musicale Suisse"},"image":{"@id":"https:\/\/www.revuemusicale.ch\/#\/schema\/logo\/image\/"},"sameAs":["https:\/\/www.facebook.com\/SchweizerMusikzeitung\/","https:\/\/x.com\/smusikzeitung","https:\/\/www.instagram.com\/musikzeitung.ch\/?hl=de"]},{"@type":"Person","@id":"https:\/\/www.revuemusicale.ch\/#\/schema\/person\/b2fd892c800856270b9dcc6001265712","name":"Musikzeitung-Redaktion","image":{"@type":"ImageObject","inLanguage":"it-IT","@id":"https:\/\/secure.gravatar.com\/avatar\/0c7e6a405862e402eb76a70f8a26fc732d07c32931e9fae9ab1582911d2e8a3b?s=96&d=mm&r=g","url":"https:\/\/secure.gravatar.com\/avatar\/0c7e6a405862e402eb76a70f8a26fc732d07c32931e9fae9ab1582911d2e8a3b?s=96&d=mm&r=g","contentUrl":"https:\/\/secure.gravatar.com\/avatar\/0c7e6a405862e402eb76a70f8a26fc732d07c32931e9fae9ab1582911d2e8a3b?s=96&d=mm&r=g","caption":"Musikzeitung-Redaktion"},"sameAs":["http:\/\/wundo-docker.io"],"url":"https:\/\/www.revuemusicale.ch\/it\/author\/admin"}]}},"publishpress_future_action":{"enabled":false,"date":"1970-01-01 01:00:00","action":"change-status","newStatus":"draft","terms":[],"taxonomy":"category","extraData":[]},"publishpress_future_workflow_manual_trigger":{"enabledWorkflows":[]},"_links":{"self":[{"href":"https:\/\/www.revuemusicale.ch\/it\/wp-json\/wp\/v2\/posts\/21739","targetHints":{"allow":["GET"]}}],"collection":[{"href":"https:\/\/www.revuemusicale.ch\/it\/wp-json\/wp\/v2\/posts"}],"about":[{"href":"https:\/\/www.revuemusicale.ch\/it\/wp-json\/wp\/v2\/types\/post"}],"author":[{"embeddable":true,"href":"https:\/\/www.revuemusicale.ch\/it\/wp-json\/wp\/v2\/users\/1"}],"replies":[{"embeddable":true,"href":"https:\/\/www.revuemusicale.ch\/it\/wp-json\/wp\/v2\/comments?post=21739"}],"version-history":[{"count":1,"href":"https:\/\/www.revuemusicale.ch\/it\/wp-json\/wp\/v2\/posts\/21739\/revisions"}],"predecessor-version":[{"id":21741,"href":"https:\/\/www.revuemusicale.ch\/it\/wp-json\/wp\/v2\/posts\/21739\/revisions\/21741"}],"wp:featuredmedia":[{"embeddable":true,"href":"https:\/\/www.revuemusicale.ch\/it\/wp-json\/wp\/v2\/media\/21740"}],"wp:attachment":[{"href":"https:\/\/www.revuemusicale.ch\/it\/wp-json\/wp\/v2\/media?parent=21739"}],"wp:term":[{"taxonomy":"category","embeddable":true,"href":"https:\/\/www.revuemusicale.ch\/it\/wp-json\/wp\/v2\/categories?post=21739"},{"taxonomy":"post_tag","embeddable":true,"href":"https:\/\/www.revuemusicale.ch\/it\/wp-json\/wp\/v2\/tags?post=21739"}],"curies":[{"name":"wp","href":"https:\/\/api.w.org\/{rel}","templated":true}]}}