{"id":21742,"date":"2013-02-07T00:00:00","date_gmt":"2013-02-06T23:00:00","guid":{"rendered":"https:\/\/www.revuemusicale.ch\/blog\/2013\/02\/07\/lanneau-hans-reinhart-2013-pour-yvette-theraulaz\/"},"modified":"2023-01-18T17:40:23","modified_gmt":"2023-01-18T16:40:23","slug":"lanneau-hans-reinhart-2013-pour-yvette-theraulaz","status":"publish","type":"post","link":"https:\/\/www.revuemusicale.ch\/it\/news\/resonance\/2013\/02\/lanneau-hans-reinhart-2013-pour-yvette-theraulaz","title":{"rendered":"L'anello Hans Reinhart 2013 per Yvette Th\u00e9raulaz"},"content":{"rendered":"<img decoding=\"async\" class=\"size-full\" src=\"https:\/\/www.revuemusicale.ch\/wp-content\/uploads\/2023\/01\/b481ef4a99ceef5fc04ed43745c47c9f.jpg\" alt=\"\" \/>\n<div class='text-section'>\n<p>Il premio viene assegnato dal 1957 dalla Societ\u00e0 Svizzera di Teatro (SST) in riconoscimento di carriere artistiche eccellenti che hanno fatto brillare la scena teatrale del Paese. L'Ufficio federale della cultura (UFC) sostiene l'assegnazione di questo premio dal 2001. \u00c8 il pi\u00f9 alto riconoscimento assegnato agli artisti teatrali in Svizzera.<\/p>\n<p>Yvette Th\u00e9raulaz si \u00e8 distinta per l'originalit\u00e0 creativa del suo lavoro di interprete, vibrante e appassionato, caldo e pieno di empatia. Per mezzo secolo, l'attrice ha dato lustro al palcoscenico della Svizzera francese - sia istituzionale che indipendente - e ha contribuito ad accrescerne la visibilit\u00e0 esibendosi su alcuni dei palcoscenici pi\u00f9 importanti di Francia e Belgio. Il suo repertorio impegnativo e la diversit\u00e0 dei registi con cui ha lavorato, e continua a lavorare tuttora, testimoniano la sua esemplare capacit\u00e0 di mettersi alla prova. Nel corso della sua carriera, l'attrice ha accompagnato la sua carriera teatrale e musicale con un impegno esemplare per la causa delle donne, in particolare nel settore dello spettacolo. La SST rende omaggio a una personalit\u00e0 forte, il cui impegno e approccio originale al palcoscenico hanno arricchito il panorama teatrale francofono.<\/p>\n<p><strong>Foto<\/strong>: Carole Parodi<\/p>\n<\/p><\/div>","protected":false},"excerpt":{"rendered":"<p><strong>La Societ\u00e0 Svizzera di Teatro ha assegnato l'Anello Hans Reinhart 2013 all'attrice e cantante Yvette Th\u00e9raulaz. <\/strong><\/p>","protected":false},"author":1,"featured_media":21743,"comment_status":"open","ping_status":"open","sticky":false,"template":"","format":"standard","meta":{"_acf_changed":false,"_relevanssi_hide_post":"","_relevanssi_hide_content":"","_relevanssi_pin_for_all":"","_relevanssi_pin_keywords":"","_relevanssi_unpin_keywords":"","_relevanssi_related_keywords":"","_relevanssi_related_include_ids":"","_relevanssi_related_exclude_ids":"","_relevanssi_related_no_append":"","_relevanssi_related_not_related":"","_relevanssi_related_posts":"","_relevanssi_noindex_reason":"","pgc_sgb_lightbox_settings":"","footnotes":""},"categories":[2,1602],"tags":[],"class_list":["post-21742","post","type-post","status-publish","format-standard","has-post-thumbnail","hentry","category-resonance","category-rock-et-pop"],"acf":[],"yoast_head":"<!-- This site is optimized with the Yoast SEO plugin v27.3 - https:\/\/yoast.com\/product\/yoast-seo-wordpress\/ -->\n<title>L\u2019Anneau Hans Reinhart 2013 pour Yvette Th\u00e9raulaz - Revue Musicale Suisse<\/title>\n<meta name=\"robots\" content=\"index, follow, max-snippet:-1, max-image-preview:large, max-video-preview:-1\" \/>\n<link rel=\"canonical\" href=\"https:\/\/www.revuemusicale.ch\/it\/news\/resonance\/2013\/02\/lanneau-hans-reinhart-2013-pour-yvette-theraulaz\/\" \/>\n<meta property=\"og:locale\" content=\"it_IT\" \/>\n<meta property=\"og:type\" content=\"article\" \/>\n<meta property=\"og:title\" content=\"L\u2019Anneau Hans Reinhart 2013 pour Yvette Th\u00e9raulaz - Revue Musicale Suisse\" \/>\n<meta property=\"og:description\" content=\"La Soci\u00e9t\u00e9 suisse du th\u00e9\u00e2tre a d\u00e9cern\u00e9 l\u2019Anneau Hans Reinhart 2013 \u00e0 la com\u00e9dienne et chanteuse Yvette Th\u00e9raulaz.\" \/>\n<meta property=\"og:url\" content=\"https:\/\/www.revuemusicale.ch\/it\/news\/resonance\/2013\/02\/lanneau-hans-reinhart-2013-pour-yvette-theraulaz\/\" \/>\n<meta property=\"og:site_name\" content=\"Revue Musicale Suisse\" \/>\n<meta property=\"article:publisher\" content=\"https:\/\/www.facebook.com\/SchweizerMusikzeitung\/\" \/>\n<meta property=\"article:published_time\" content=\"2013-02-06T23:00:00+00:00\" \/>\n<meta property=\"article:modified_time\" content=\"2023-01-18T16:40:23+00:00\" \/>\n<meta property=\"og:image\" content=\"https:\/\/www.revuemusicale.ch\/wp-content\/uploads\/2023\/01\/b481ef4a99ceef5fc04ed43745c47c9f.jpg\" \/>\n\t<meta property=\"og:image:width\" content=\"554\" \/>\n\t<meta property=\"og:image:height\" content=\"784\" \/>\n\t<meta property=\"og:image:type\" content=\"image\/jpeg\" \/>\n<meta name=\"author\" content=\"Musikzeitung-Redaktion\" \/>\n<meta name=\"twitter:card\" content=\"summary_large_image\" \/>\n<meta name=\"twitter:creator\" content=\"@smusikzeitung\" \/>\n<meta name=\"twitter:site\" content=\"@smusikzeitung\" \/>\n<meta name=\"twitter:label1\" content=\"Scritto da\" \/>\n\t<meta name=\"twitter:data1\" content=\"Musikzeitung-Redaktion\" \/>\n\t<meta name=\"twitter:label2\" content=\"Tempo di lettura stimato\" \/>\n\t<meta name=\"twitter:data2\" content=\"1 minuto\" \/>\n<script type=\"application\/ld+json\" class=\"yoast-schema-graph\">{\"@context\":\"https:\\\/\\\/schema.org\",\"@graph\":[{\"@type\":\"Article\",\"@id\":\"https:\\\/\\\/www.revuemusicale.ch\\\/news\\\/resonance\\\/2013\\\/02\\\/lanneau-hans-reinhart-2013-pour-yvette-theraulaz#article\",\"isPartOf\":{\"@id\":\"https:\\\/\\\/www.revuemusicale.ch\\\/news\\\/resonance\\\/2013\\\/02\\\/lanneau-hans-reinhart-2013-pour-yvette-theraulaz\"},\"author\":{\"name\":\"Musikzeitung-Redaktion\",\"@id\":\"https:\\\/\\\/www.revuemusicale.ch\\\/#\\\/schema\\\/person\\\/b2fd892c800856270b9dcc6001265712\"},\"headline\":\"L\u2019Anneau Hans Reinhart 2013 pour Yvette Th\u00e9raulaz\",\"datePublished\":\"2013-02-06T23:00:00+00:00\",\"dateModified\":\"2023-01-18T16:40:23+00:00\",\"mainEntityOfPage\":{\"@id\":\"https:\\\/\\\/www.revuemusicale.ch\\\/news\\\/resonance\\\/2013\\\/02\\\/lanneau-hans-reinhart-2013-pour-yvette-theraulaz\"},\"wordCount\":226,\"commentCount\":0,\"publisher\":{\"@id\":\"https:\\\/\\\/www.revuemusicale.ch\\\/#organization\"},\"image\":{\"@id\":\"https:\\\/\\\/www.revuemusicale.ch\\\/news\\\/resonance\\\/2013\\\/02\\\/lanneau-hans-reinhart-2013-pour-yvette-theraulaz#primaryimage\"},\"thumbnailUrl\":\"https:\\\/\\\/www.revuemusicale.ch\\\/wp-content\\\/uploads\\\/2023\\\/01\\\/b481ef4a99ceef5fc04ed43745c47c9f.jpg\",\"articleSection\":[\"Resonance\",\"Rock et pop\"],\"inLanguage\":\"it-IT\"},{\"@type\":\"WebPage\",\"@id\":\"https:\\\/\\\/www.revuemusicale.ch\\\/news\\\/resonance\\\/2013\\\/02\\\/lanneau-hans-reinhart-2013-pour-yvette-theraulaz\",\"url\":\"https:\\\/\\\/www.revuemusicale.ch\\\/news\\\/resonance\\\/2013\\\/02\\\/lanneau-hans-reinhart-2013-pour-yvette-theraulaz\",\"name\":\"L\u2019Anneau Hans Reinhart 2013 pour Yvette Th\u00e9raulaz - Revue Musicale Suisse\",\"isPartOf\":{\"@id\":\"https:\\\/\\\/www.revuemusicale.ch\\\/#website\"},\"primaryImageOfPage\":{\"@id\":\"https:\\\/\\\/www.revuemusicale.ch\\\/news\\\/resonance\\\/2013\\\/02\\\/lanneau-hans-reinhart-2013-pour-yvette-theraulaz#primaryimage\"},\"image\":{\"@id\":\"https:\\\/\\\/www.revuemusicale.ch\\\/news\\\/resonance\\\/2013\\\/02\\\/lanneau-hans-reinhart-2013-pour-yvette-theraulaz#primaryimage\"},\"thumbnailUrl\":\"https:\\\/\\\/www.revuemusicale.ch\\\/wp-content\\\/uploads\\\/2023\\\/01\\\/b481ef4a99ceef5fc04ed43745c47c9f.jpg\",\"datePublished\":\"2013-02-06T23:00:00+00:00\",\"dateModified\":\"2023-01-18T16:40:23+00:00\",\"breadcrumb\":{\"@id\":\"https:\\\/\\\/www.revuemusicale.ch\\\/news\\\/resonance\\\/2013\\\/02\\\/lanneau-hans-reinhart-2013-pour-yvette-theraulaz#breadcrumb\"},\"inLanguage\":\"it-IT\",\"potentialAction\":[{\"@type\":\"ReadAction\",\"target\":[\"https:\\\/\\\/www.revuemusicale.ch\\\/news\\\/resonance\\\/2013\\\/02\\\/lanneau-hans-reinhart-2013-pour-yvette-theraulaz\"]}]},{\"@type\":\"ImageObject\",\"inLanguage\":\"it-IT\",\"@id\":\"https:\\\/\\\/www.revuemusicale.ch\\\/news\\\/resonance\\\/2013\\\/02\\\/lanneau-hans-reinhart-2013-pour-yvette-theraulaz#primaryimage\",\"url\":\"https:\\\/\\\/www.revuemusicale.ch\\\/wp-content\\\/uploads\\\/2023\\\/01\\\/b481ef4a99ceef5fc04ed43745c47c9f.jpg\",\"contentUrl\":\"https:\\\/\\\/www.revuemusicale.ch\\\/wp-content\\\/uploads\\\/2023\\\/01\\\/b481ef4a99ceef5fc04ed43745c47c9f.jpg\",\"width\":554,\"height\":784},{\"@type\":\"BreadcrumbList\",\"@id\":\"https:\\\/\\\/www.revuemusicale.ch\\\/news\\\/resonance\\\/2013\\\/02\\\/lanneau-hans-reinhart-2013-pour-yvette-theraulaz#breadcrumb\",\"itemListElement\":[{\"@type\":\"ListItem\",\"position\":1,\"name\":\"Home\",\"item\":\"https:\\\/\\\/www.revuemusicale.ch\\\/\"},{\"@type\":\"ListItem\",\"position\":2,\"name\":\"L\u2019Anneau Hans Reinhart 2013 pour Yvette Th\u00e9raulaz\"}]},{\"@type\":\"WebSite\",\"@id\":\"https:\\\/\\\/www.revuemusicale.ch\\\/#website\",\"url\":\"https:\\\/\\\/www.revuemusicale.ch\\\/\",\"name\":\"Revue Musicale Suisse\",\"description\":\"\",\"publisher\":{\"@id\":\"https:\\\/\\\/www.revuemusicale.ch\\\/#organization\"},\"potentialAction\":[{\"@type\":\"SearchAction\",\"target\":{\"@type\":\"EntryPoint\",\"urlTemplate\":\"https:\\\/\\\/www.revuemusicale.ch\\\/?s={search_term_string}\"},\"query-input\":{\"@type\":\"PropertyValueSpecification\",\"valueRequired\":true,\"valueName\":\"search_term_string\"}}],\"inLanguage\":\"it-IT\"},{\"@type\":\"Organization\",\"@id\":\"https:\\\/\\\/www.revuemusicale.ch\\\/#organization\",\"name\":\"Revue Musicale Suisse\",\"url\":\"https:\\\/\\\/www.revuemusicale.ch\\\/\",\"logo\":{\"@type\":\"ImageObject\",\"inLanguage\":\"it-IT\",\"@id\":\"https:\\\/\\\/www.revuemusicale.ch\\\/#\\\/schema\\\/logo\\\/image\\\/\",\"url\":\"https:\\\/\\\/www.revuemusicale.ch\\\/wp-content\\\/uploads\\\/2023\\\/01\\\/logo_revuemusicale_musikzeitung.jpg\",\"contentUrl\":\"https:\\\/\\\/www.revuemusicale.ch\\\/wp-content\\\/uploads\\\/2023\\\/01\\\/logo_revuemusicale_musikzeitung.jpg\",\"width\":1200,\"height\":243,\"caption\":\"Revue Musicale Suisse\"},\"image\":{\"@id\":\"https:\\\/\\\/www.revuemusicale.ch\\\/#\\\/schema\\\/logo\\\/image\\\/\"},\"sameAs\":[\"https:\\\/\\\/www.facebook.com\\\/SchweizerMusikzeitung\\\/\",\"https:\\\/\\\/x.com\\\/smusikzeitung\",\"https:\\\/\\\/www.instagram.com\\\/musikzeitung.ch\\\/?hl=de\"]},{\"@type\":\"Person\",\"@id\":\"https:\\\/\\\/www.revuemusicale.ch\\\/#\\\/schema\\\/person\\\/b2fd892c800856270b9dcc6001265712\",\"name\":\"Musikzeitung-Redaktion\",\"image\":{\"@type\":\"ImageObject\",\"inLanguage\":\"it-IT\",\"@id\":\"https:\\\/\\\/secure.gravatar.com\\\/avatar\\\/0c7e6a405862e402eb76a70f8a26fc732d07c32931e9fae9ab1582911d2e8a3b?s=96&d=mm&r=g\",\"url\":\"https:\\\/\\\/secure.gravatar.com\\\/avatar\\\/0c7e6a405862e402eb76a70f8a26fc732d07c32931e9fae9ab1582911d2e8a3b?s=96&d=mm&r=g\",\"contentUrl\":\"https:\\\/\\\/secure.gravatar.com\\\/avatar\\\/0c7e6a405862e402eb76a70f8a26fc732d07c32931e9fae9ab1582911d2e8a3b?s=96&d=mm&r=g\",\"caption\":\"Musikzeitung-Redaktion\"},\"sameAs\":[\"http:\\\/\\\/wundo-docker.io\"],\"url\":\"https:\\\/\\\/www.revuemusicale.ch\\\/it\\\/author\\\/admin\"}]}<\/script>\n<!-- \/ Yoast SEO plugin. -->","yoast_head_json":{"title":"L\u2019Anneau Hans Reinhart 2013 pour Yvette Th\u00e9raulaz - Revue Musicale Suisse","robots":{"index":"index","follow":"follow","max-snippet":"max-snippet:-1","max-image-preview":"max-image-preview:large","max-video-preview":"max-video-preview:-1"},"canonical":"https:\/\/www.revuemusicale.ch\/it\/news\/resonance\/2013\/02\/lanneau-hans-reinhart-2013-pour-yvette-theraulaz\/","og_locale":"it_IT","og_type":"article","og_title":"L\u2019Anneau Hans Reinhart 2013 pour Yvette Th\u00e9raulaz - Revue Musicale Suisse","og_description":"La Soci\u00e9t\u00e9 suisse du th\u00e9\u00e2tre a d\u00e9cern\u00e9 l\u2019Anneau Hans Reinhart 2013 \u00e0 la com\u00e9dienne et chanteuse Yvette Th\u00e9raulaz.","og_url":"https:\/\/www.revuemusicale.ch\/it\/news\/resonance\/2013\/02\/lanneau-hans-reinhart-2013-pour-yvette-theraulaz\/","og_site_name":"Revue Musicale Suisse","article_publisher":"https:\/\/www.facebook.com\/SchweizerMusikzeitung\/","article_published_time":"2013-02-06T23:00:00+00:00","article_modified_time":"2023-01-18T16:40:23+00:00","og_image":[{"width":554,"height":784,"url":"https:\/\/www.revuemusicale.ch\/wp-content\/uploads\/2023\/01\/b481ef4a99ceef5fc04ed43745c47c9f.jpg","type":"image\/jpeg"}],"author":"Musikzeitung-Redaktion","twitter_card":"summary_large_image","twitter_creator":"@smusikzeitung","twitter_site":"@smusikzeitung","twitter_misc":{"Scritto da":"Musikzeitung-Redaktion","Tempo di lettura stimato":"1 minuto"},"schema":{"@context":"https:\/\/schema.org","@graph":[{"@type":"Article","@id":"https:\/\/www.revuemusicale.ch\/news\/resonance\/2013\/02\/lanneau-hans-reinhart-2013-pour-yvette-theraulaz#article","isPartOf":{"@id":"https:\/\/www.revuemusicale.ch\/news\/resonance\/2013\/02\/lanneau-hans-reinhart-2013-pour-yvette-theraulaz"},"author":{"name":"Musikzeitung-Redaktion","@id":"https:\/\/www.revuemusicale.ch\/#\/schema\/person\/b2fd892c800856270b9dcc6001265712"},"headline":"L\u2019Anneau Hans Reinhart 2013 pour Yvette Th\u00e9raulaz","datePublished":"2013-02-06T23:00:00+00:00","dateModified":"2023-01-18T16:40:23+00:00","mainEntityOfPage":{"@id":"https:\/\/www.revuemusicale.ch\/news\/resonance\/2013\/02\/lanneau-hans-reinhart-2013-pour-yvette-theraulaz"},"wordCount":226,"commentCount":0,"publisher":{"@id":"https:\/\/www.revuemusicale.ch\/#organization"},"image":{"@id":"https:\/\/www.revuemusicale.ch\/news\/resonance\/2013\/02\/lanneau-hans-reinhart-2013-pour-yvette-theraulaz#primaryimage"},"thumbnailUrl":"https:\/\/www.revuemusicale.ch\/wp-content\/uploads\/2023\/01\/b481ef4a99ceef5fc04ed43745c47c9f.jpg","articleSection":["Resonance","Rock et pop"],"inLanguage":"it-IT"},{"@type":"WebPage","@id":"https:\/\/www.revuemusicale.ch\/news\/resonance\/2013\/02\/lanneau-hans-reinhart-2013-pour-yvette-theraulaz","url":"https:\/\/www.revuemusicale.ch\/news\/resonance\/2013\/02\/lanneau-hans-reinhart-2013-pour-yvette-theraulaz","name":"L\u2019Anneau Hans Reinhart 2013 pour Yvette Th\u00e9raulaz - Revue Musicale Suisse","isPartOf":{"@id":"https:\/\/www.revuemusicale.ch\/#website"},"primaryImageOfPage":{"@id":"https:\/\/www.revuemusicale.ch\/news\/resonance\/2013\/02\/lanneau-hans-reinhart-2013-pour-yvette-theraulaz#primaryimage"},"image":{"@id":"https:\/\/www.revuemusicale.ch\/news\/resonance\/2013\/02\/lanneau-hans-reinhart-2013-pour-yvette-theraulaz#primaryimage"},"thumbnailUrl":"https:\/\/www.revuemusicale.ch\/wp-content\/uploads\/2023\/01\/b481ef4a99ceef5fc04ed43745c47c9f.jpg","datePublished":"2013-02-06T23:00:00+00:00","dateModified":"2023-01-18T16:40:23+00:00","breadcrumb":{"@id":"https:\/\/www.revuemusicale.ch\/news\/resonance\/2013\/02\/lanneau-hans-reinhart-2013-pour-yvette-theraulaz#breadcrumb"},"inLanguage":"it-IT","potentialAction":[{"@type":"ReadAction","target":["https:\/\/www.revuemusicale.ch\/news\/resonance\/2013\/02\/lanneau-hans-reinhart-2013-pour-yvette-theraulaz"]}]},{"@type":"ImageObject","inLanguage":"it-IT","@id":"https:\/\/www.revuemusicale.ch\/news\/resonance\/2013\/02\/lanneau-hans-reinhart-2013-pour-yvette-theraulaz#primaryimage","url":"https:\/\/www.revuemusicale.ch\/wp-content\/uploads\/2023\/01\/b481ef4a99ceef5fc04ed43745c47c9f.jpg","contentUrl":"https:\/\/www.revuemusicale.ch\/wp-content\/uploads\/2023\/01\/b481ef4a99ceef5fc04ed43745c47c9f.jpg","width":554,"height":784},{"@type":"BreadcrumbList","@id":"https:\/\/www.revuemusicale.ch\/news\/resonance\/2013\/02\/lanneau-hans-reinhart-2013-pour-yvette-theraulaz#breadcrumb","itemListElement":[{"@type":"ListItem","position":1,"name":"Home","item":"https:\/\/www.revuemusicale.ch\/"},{"@type":"ListItem","position":2,"name":"L\u2019Anneau Hans Reinhart 2013 pour Yvette Th\u00e9raulaz"}]},{"@type":"WebSite","@id":"https:\/\/www.revuemusicale.ch\/#website","url":"https:\/\/www.revuemusicale.ch\/","name":"Rassegna musicale svizzera","description":"","publisher":{"@id":"https:\/\/www.revuemusicale.ch\/#organization"},"potentialAction":[{"@type":"SearchAction","target":{"@type":"EntryPoint","urlTemplate":"https:\/\/www.revuemusicale.ch\/?s={search_term_string}"},"query-input":{"@type":"PropertyValueSpecification","valueRequired":true,"valueName":"search_term_string"}}],"inLanguage":"it-IT"},{"@type":"Organization","@id":"https:\/\/www.revuemusicale.ch\/#organization","name":"Rassegna musicale svizzera","url":"https:\/\/www.revuemusicale.ch\/","logo":{"@type":"ImageObject","inLanguage":"it-IT","@id":"https:\/\/www.revuemusicale.ch\/#\/schema\/logo\/image\/","url":"https:\/\/www.revuemusicale.ch\/wp-content\/uploads\/2023\/01\/logo_revuemusicale_musikzeitung.jpg","contentUrl":"https:\/\/www.revuemusicale.ch\/wp-content\/uploads\/2023\/01\/logo_revuemusicale_musikzeitung.jpg","width":1200,"height":243,"caption":"Revue Musicale Suisse"},"image":{"@id":"https:\/\/www.revuemusicale.ch\/#\/schema\/logo\/image\/"},"sameAs":["https:\/\/www.facebook.com\/SchweizerMusikzeitung\/","https:\/\/x.com\/smusikzeitung","https:\/\/www.instagram.com\/musikzeitung.ch\/?hl=de"]},{"@type":"Person","@id":"https:\/\/www.revuemusicale.ch\/#\/schema\/person\/b2fd892c800856270b9dcc6001265712","name":"Musikzeitung-Redaktion","image":{"@type":"ImageObject","inLanguage":"it-IT","@id":"https:\/\/secure.gravatar.com\/avatar\/0c7e6a405862e402eb76a70f8a26fc732d07c32931e9fae9ab1582911d2e8a3b?s=96&d=mm&r=g","url":"https:\/\/secure.gravatar.com\/avatar\/0c7e6a405862e402eb76a70f8a26fc732d07c32931e9fae9ab1582911d2e8a3b?s=96&d=mm&r=g","contentUrl":"https:\/\/secure.gravatar.com\/avatar\/0c7e6a405862e402eb76a70f8a26fc732d07c32931e9fae9ab1582911d2e8a3b?s=96&d=mm&r=g","caption":"Musikzeitung-Redaktion"},"sameAs":["http:\/\/wundo-docker.io"],"url":"https:\/\/www.revuemusicale.ch\/it\/author\/admin"}]}},"publishpress_future_action":{"enabled":false,"date":"1970-01-01 01:00:00","action":"change-status","newStatus":"draft","terms":[],"taxonomy":"category","extraData":[]},"publishpress_future_workflow_manual_trigger":{"enabledWorkflows":[]},"_links":{"self":[{"href":"https:\/\/www.revuemusicale.ch\/it\/wp-json\/wp\/v2\/posts\/21742","targetHints":{"allow":["GET"]}}],"collection":[{"href":"https:\/\/www.revuemusicale.ch\/it\/wp-json\/wp\/v2\/posts"}],"about":[{"href":"https:\/\/www.revuemusicale.ch\/it\/wp-json\/wp\/v2\/types\/post"}],"author":[{"embeddable":true,"href":"https:\/\/www.revuemusicale.ch\/it\/wp-json\/wp\/v2\/users\/1"}],"replies":[{"embeddable":true,"href":"https:\/\/www.revuemusicale.ch\/it\/wp-json\/wp\/v2\/comments?post=21742"}],"version-history":[{"count":1,"href":"https:\/\/www.revuemusicale.ch\/it\/wp-json\/wp\/v2\/posts\/21742\/revisions"}],"predecessor-version":[{"id":21744,"href":"https:\/\/www.revuemusicale.ch\/it\/wp-json\/wp\/v2\/posts\/21742\/revisions\/21744"}],"wp:featuredmedia":[{"embeddable":true,"href":"https:\/\/www.revuemusicale.ch\/it\/wp-json\/wp\/v2\/media\/21743"}],"wp:attachment":[{"href":"https:\/\/www.revuemusicale.ch\/it\/wp-json\/wp\/v2\/media?parent=21742"}],"wp:term":[{"taxonomy":"category","embeddable":true,"href":"https:\/\/www.revuemusicale.ch\/it\/wp-json\/wp\/v2\/categories?post=21742"},{"taxonomy":"post_tag","embeddable":true,"href":"https:\/\/www.revuemusicale.ch\/it\/wp-json\/wp\/v2\/tags?post=21742"}],"curies":[{"name":"wp","href":"https:\/\/api.w.org\/{rel}","templated":true}]}}