{"id":21933,"date":"2013-01-14T00:00:00","date_gmt":"2013-01-13T23:00:00","guid":{"rendered":"https:\/\/www.revuemusicale.ch\/blog\/2013\/01\/14\/george-gruntz-est-mort\/"},"modified":"2023-01-18T17:41:02","modified_gmt":"2023-01-18T16:41:02","slug":"george-gruntz-est-mort","status":"publish","type":"post","link":"https:\/\/www.revuemusicale.ch\/it\/news\/resonance\/2013\/01\/george-gruntz-est-mort","title":{"rendered":"George Gruntz \u00e8 morto"},"content":{"rendered":"<img decoding=\"async\" class=\"size-full\" src=\"https:\/\/www.revuemusicale.ch\/wp-content\/uploads\/2023\/01\/gruntz.jpg\" alt=\"\" \/>\n<div class='text-section'>\n<p>\u00a0\u00c8 morto a casa dopo una lunga e dolorosa malattia, ha dichiarato sabato il figlio Felix Gruntz, confermando una notizia riportata dalla radio in lingua tedesca SRF. George Gruntz si \u00e8 esibito nuovamente quest'estate al Montreux Jazz Festival.<\/p>\n<\/p><\/div>","protected":false},"excerpt":{"rendered":"<p><strong>Il musicista jazz basilese George Gruntz \u00e8 morto gioved\u00ec all'et\u00e0 di 80 anni. Colui che era considerato il musicista jazz svizzero pi\u00f9 influente sulla scena internazionale si \u00e8 spento nel seno della sua famiglia, nella regione di Basilea.<\/strong><\/p>","protected":false},"author":1,"featured_media":21934,"comment_status":"open","ping_status":"open","sticky":false,"template":"","format":"standard","meta":{"_acf_changed":false,"_relevanssi_hide_post":"","_relevanssi_hide_content":"","_relevanssi_pin_for_all":"","_relevanssi_pin_keywords":"","_relevanssi_unpin_keywords":"","_relevanssi_related_keywords":"","_relevanssi_related_include_ids":"","_relevanssi_related_exclude_ids":"","_relevanssi_related_no_append":"","_relevanssi_related_not_related":"","_relevanssi_related_posts":"","_relevanssi_noindex_reason":"","pgc_sgb_lightbox_settings":"","footnotes":""},"categories":[68,2],"tags":[],"class_list":["post-21933","post","type-post","status-publish","format-standard","has-post-thumbnail","hentry","category-jazz","category-resonance"],"acf":[],"yoast_head":"<!-- This site is optimized with the Yoast SEO plugin v27.3 - https:\/\/yoast.com\/product\/yoast-seo-wordpress\/ -->\n<title>George Gruntz est mort - Revue Musicale Suisse<\/title>\n<meta name=\"robots\" content=\"index, follow, max-snippet:-1, max-image-preview:large, max-video-preview:-1\" \/>\n<link rel=\"canonical\" href=\"https:\/\/www.revuemusicale.ch\/it\/news\/resonance\/2013\/01\/george-gruntz-est-mort\/\" \/>\n<meta property=\"og:locale\" content=\"it_IT\" \/>\n<meta property=\"og:type\" content=\"article\" \/>\n<meta property=\"og:title\" content=\"George Gruntz est mort - Revue Musicale Suisse\" \/>\n<meta property=\"og:description\" content=\"Le musicien de jazz b\u00e2lois George Gruntz est d\u00e9c\u00e9d\u00e9 jeudi \u00e0 l&#039;\u00e2ge de 80 ans. Celui qui passait pour le jazzman suisse le plus influent au niveau international s&#039;est \u00e9teint au sein de sa famille, dans la r\u00e9gion de B\u00e2le.\" \/>\n<meta property=\"og:url\" content=\"https:\/\/www.revuemusicale.ch\/it\/news\/resonance\/2013\/01\/george-gruntz-est-mort\/\" \/>\n<meta property=\"og:site_name\" content=\"Revue Musicale Suisse\" \/>\n<meta property=\"article:publisher\" content=\"https:\/\/www.facebook.com\/SchweizerMusikzeitung\/\" \/>\n<meta property=\"article:published_time\" content=\"2013-01-13T23:00:00+00:00\" \/>\n<meta property=\"article:modified_time\" content=\"2023-01-18T16:41:02+00:00\" \/>\n<meta property=\"og:image\" content=\"https:\/\/www.revuemusicale.ch\/wp-content\/uploads\/2023\/01\/gruntz.jpg\" \/>\n\t<meta property=\"og:image:width\" content=\"554\" \/>\n\t<meta property=\"og:image:height\" content=\"311\" \/>\n\t<meta property=\"og:image:type\" content=\"image\/jpeg\" \/>\n<meta name=\"author\" content=\"Musikzeitung-Redaktion\" \/>\n<meta name=\"twitter:card\" content=\"summary_large_image\" \/>\n<meta name=\"twitter:creator\" content=\"@smusikzeitung\" \/>\n<meta name=\"twitter:site\" content=\"@smusikzeitung\" \/>\n<meta name=\"twitter:label1\" content=\"Scritto da\" \/>\n\t<meta name=\"twitter:data1\" content=\"Musikzeitung-Redaktion\" \/>\n<script type=\"application\/ld+json\" class=\"yoast-schema-graph\">{\"@context\":\"https:\\\/\\\/schema.org\",\"@graph\":[{\"@type\":\"Article\",\"@id\":\"https:\\\/\\\/www.revuemusicale.ch\\\/news\\\/resonance\\\/2013\\\/01\\\/george-gruntz-est-mort#article\",\"isPartOf\":{\"@id\":\"https:\\\/\\\/www.revuemusicale.ch\\\/news\\\/resonance\\\/2013\\\/01\\\/george-gruntz-est-mort\"},\"author\":{\"name\":\"Musikzeitung-Redaktion\",\"@id\":\"https:\\\/\\\/www.revuemusicale.ch\\\/#\\\/schema\\\/person\\\/b2fd892c800856270b9dcc6001265712\"},\"headline\":\"George Gruntz est mort\",\"datePublished\":\"2013-01-13T23:00:00+00:00\",\"dateModified\":\"2023-01-18T16:41:02+00:00\",\"mainEntityOfPage\":{\"@id\":\"https:\\\/\\\/www.revuemusicale.ch\\\/news\\\/resonance\\\/2013\\\/01\\\/george-gruntz-est-mort\"},\"wordCount\":52,\"commentCount\":0,\"publisher\":{\"@id\":\"https:\\\/\\\/www.revuemusicale.ch\\\/#organization\"},\"image\":{\"@id\":\"https:\\\/\\\/www.revuemusicale.ch\\\/news\\\/resonance\\\/2013\\\/01\\\/george-gruntz-est-mort#primaryimage\"},\"thumbnailUrl\":\"https:\\\/\\\/www.revuemusicale.ch\\\/wp-content\\\/uploads\\\/2023\\\/01\\\/gruntz.jpg\",\"articleSection\":[\"Jazz\",\"Resonance\"],\"inLanguage\":\"it-IT\"},{\"@type\":\"WebPage\",\"@id\":\"https:\\\/\\\/www.revuemusicale.ch\\\/news\\\/resonance\\\/2013\\\/01\\\/george-gruntz-est-mort\",\"url\":\"https:\\\/\\\/www.revuemusicale.ch\\\/news\\\/resonance\\\/2013\\\/01\\\/george-gruntz-est-mort\",\"name\":\"George Gruntz est mort - Revue Musicale Suisse\",\"isPartOf\":{\"@id\":\"https:\\\/\\\/www.revuemusicale.ch\\\/#website\"},\"primaryImageOfPage\":{\"@id\":\"https:\\\/\\\/www.revuemusicale.ch\\\/news\\\/resonance\\\/2013\\\/01\\\/george-gruntz-est-mort#primaryimage\"},\"image\":{\"@id\":\"https:\\\/\\\/www.revuemusicale.ch\\\/news\\\/resonance\\\/2013\\\/01\\\/george-gruntz-est-mort#primaryimage\"},\"thumbnailUrl\":\"https:\\\/\\\/www.revuemusicale.ch\\\/wp-content\\\/uploads\\\/2023\\\/01\\\/gruntz.jpg\",\"datePublished\":\"2013-01-13T23:00:00+00:00\",\"dateModified\":\"2023-01-18T16:41:02+00:00\",\"breadcrumb\":{\"@id\":\"https:\\\/\\\/www.revuemusicale.ch\\\/news\\\/resonance\\\/2013\\\/01\\\/george-gruntz-est-mort#breadcrumb\"},\"inLanguage\":\"it-IT\",\"potentialAction\":[{\"@type\":\"ReadAction\",\"target\":[\"https:\\\/\\\/www.revuemusicale.ch\\\/news\\\/resonance\\\/2013\\\/01\\\/george-gruntz-est-mort\"]}]},{\"@type\":\"ImageObject\",\"inLanguage\":\"it-IT\",\"@id\":\"https:\\\/\\\/www.revuemusicale.ch\\\/news\\\/resonance\\\/2013\\\/01\\\/george-gruntz-est-mort#primaryimage\",\"url\":\"https:\\\/\\\/www.revuemusicale.ch\\\/wp-content\\\/uploads\\\/2023\\\/01\\\/gruntz.jpg\",\"contentUrl\":\"https:\\\/\\\/www.revuemusicale.ch\\\/wp-content\\\/uploads\\\/2023\\\/01\\\/gruntz.jpg\",\"width\":554,\"height\":311},{\"@type\":\"BreadcrumbList\",\"@id\":\"https:\\\/\\\/www.revuemusicale.ch\\\/news\\\/resonance\\\/2013\\\/01\\\/george-gruntz-est-mort#breadcrumb\",\"itemListElement\":[{\"@type\":\"ListItem\",\"position\":1,\"name\":\"Home\",\"item\":\"https:\\\/\\\/www.revuemusicale.ch\\\/\"},{\"@type\":\"ListItem\",\"position\":2,\"name\":\"George Gruntz est mort\"}]},{\"@type\":\"WebSite\",\"@id\":\"https:\\\/\\\/www.revuemusicale.ch\\\/#website\",\"url\":\"https:\\\/\\\/www.revuemusicale.ch\\\/\",\"name\":\"Revue Musicale Suisse\",\"description\":\"\",\"publisher\":{\"@id\":\"https:\\\/\\\/www.revuemusicale.ch\\\/#organization\"},\"potentialAction\":[{\"@type\":\"SearchAction\",\"target\":{\"@type\":\"EntryPoint\",\"urlTemplate\":\"https:\\\/\\\/www.revuemusicale.ch\\\/?s={search_term_string}\"},\"query-input\":{\"@type\":\"PropertyValueSpecification\",\"valueRequired\":true,\"valueName\":\"search_term_string\"}}],\"inLanguage\":\"it-IT\"},{\"@type\":\"Organization\",\"@id\":\"https:\\\/\\\/www.revuemusicale.ch\\\/#organization\",\"name\":\"Revue Musicale Suisse\",\"url\":\"https:\\\/\\\/www.revuemusicale.ch\\\/\",\"logo\":{\"@type\":\"ImageObject\",\"inLanguage\":\"it-IT\",\"@id\":\"https:\\\/\\\/www.revuemusicale.ch\\\/#\\\/schema\\\/logo\\\/image\\\/\",\"url\":\"https:\\\/\\\/www.revuemusicale.ch\\\/wp-content\\\/uploads\\\/2023\\\/01\\\/logo_revuemusicale_musikzeitung.jpg\",\"contentUrl\":\"https:\\\/\\\/www.revuemusicale.ch\\\/wp-content\\\/uploads\\\/2023\\\/01\\\/logo_revuemusicale_musikzeitung.jpg\",\"width\":1200,\"height\":243,\"caption\":\"Revue Musicale Suisse\"},\"image\":{\"@id\":\"https:\\\/\\\/www.revuemusicale.ch\\\/#\\\/schema\\\/logo\\\/image\\\/\"},\"sameAs\":[\"https:\\\/\\\/www.facebook.com\\\/SchweizerMusikzeitung\\\/\",\"https:\\\/\\\/x.com\\\/smusikzeitung\",\"https:\\\/\\\/www.instagram.com\\\/musikzeitung.ch\\\/?hl=de\"]},{\"@type\":\"Person\",\"@id\":\"https:\\\/\\\/www.revuemusicale.ch\\\/#\\\/schema\\\/person\\\/b2fd892c800856270b9dcc6001265712\",\"name\":\"Musikzeitung-Redaktion\",\"image\":{\"@type\":\"ImageObject\",\"inLanguage\":\"it-IT\",\"@id\":\"https:\\\/\\\/secure.gravatar.com\\\/avatar\\\/0c7e6a405862e402eb76a70f8a26fc732d07c32931e9fae9ab1582911d2e8a3b?s=96&d=mm&r=g\",\"url\":\"https:\\\/\\\/secure.gravatar.com\\\/avatar\\\/0c7e6a405862e402eb76a70f8a26fc732d07c32931e9fae9ab1582911d2e8a3b?s=96&d=mm&r=g\",\"contentUrl\":\"https:\\\/\\\/secure.gravatar.com\\\/avatar\\\/0c7e6a405862e402eb76a70f8a26fc732d07c32931e9fae9ab1582911d2e8a3b?s=96&d=mm&r=g\",\"caption\":\"Musikzeitung-Redaktion\"},\"sameAs\":[\"http:\\\/\\\/wundo-docker.io\"],\"url\":\"https:\\\/\\\/www.revuemusicale.ch\\\/it\\\/author\\\/admin\"}]}<\/script>\n<!-- \/ Yoast SEO plugin. -->","yoast_head_json":{"title":"George Gruntz est mort - Revue Musicale Suisse","robots":{"index":"index","follow":"follow","max-snippet":"max-snippet:-1","max-image-preview":"max-image-preview:large","max-video-preview":"max-video-preview:-1"},"canonical":"https:\/\/www.revuemusicale.ch\/it\/news\/resonance\/2013\/01\/george-gruntz-est-mort\/","og_locale":"it_IT","og_type":"article","og_title":"George Gruntz est mort - Revue Musicale Suisse","og_description":"Le musicien de jazz b\u00e2lois George Gruntz est d\u00e9c\u00e9d\u00e9 jeudi \u00e0 l'\u00e2ge de 80 ans. Celui qui passait pour le jazzman suisse le plus influent au niveau international s'est \u00e9teint au sein de sa famille, dans la r\u00e9gion de B\u00e2le.","og_url":"https:\/\/www.revuemusicale.ch\/it\/news\/resonance\/2013\/01\/george-gruntz-est-mort\/","og_site_name":"Revue Musicale Suisse","article_publisher":"https:\/\/www.facebook.com\/SchweizerMusikzeitung\/","article_published_time":"2013-01-13T23:00:00+00:00","article_modified_time":"2023-01-18T16:41:02+00:00","og_image":[{"width":554,"height":311,"url":"https:\/\/www.revuemusicale.ch\/wp-content\/uploads\/2023\/01\/gruntz.jpg","type":"image\/jpeg"}],"author":"Musikzeitung-Redaktion","twitter_card":"summary_large_image","twitter_creator":"@smusikzeitung","twitter_site":"@smusikzeitung","twitter_misc":{"Scritto da":"Musikzeitung-Redaktion"},"schema":{"@context":"https:\/\/schema.org","@graph":[{"@type":"Article","@id":"https:\/\/www.revuemusicale.ch\/news\/resonance\/2013\/01\/george-gruntz-est-mort#article","isPartOf":{"@id":"https:\/\/www.revuemusicale.ch\/news\/resonance\/2013\/01\/george-gruntz-est-mort"},"author":{"name":"Musikzeitung-Redaktion","@id":"https:\/\/www.revuemusicale.ch\/#\/schema\/person\/b2fd892c800856270b9dcc6001265712"},"headline":"George Gruntz est mort","datePublished":"2013-01-13T23:00:00+00:00","dateModified":"2023-01-18T16:41:02+00:00","mainEntityOfPage":{"@id":"https:\/\/www.revuemusicale.ch\/news\/resonance\/2013\/01\/george-gruntz-est-mort"},"wordCount":52,"commentCount":0,"publisher":{"@id":"https:\/\/www.revuemusicale.ch\/#organization"},"image":{"@id":"https:\/\/www.revuemusicale.ch\/news\/resonance\/2013\/01\/george-gruntz-est-mort#primaryimage"},"thumbnailUrl":"https:\/\/www.revuemusicale.ch\/wp-content\/uploads\/2023\/01\/gruntz.jpg","articleSection":["Jazz","Resonance"],"inLanguage":"it-IT"},{"@type":"WebPage","@id":"https:\/\/www.revuemusicale.ch\/news\/resonance\/2013\/01\/george-gruntz-est-mort","url":"https:\/\/www.revuemusicale.ch\/news\/resonance\/2013\/01\/george-gruntz-est-mort","name":"George Gruntz est mort - Revue Musicale Suisse","isPartOf":{"@id":"https:\/\/www.revuemusicale.ch\/#website"},"primaryImageOfPage":{"@id":"https:\/\/www.revuemusicale.ch\/news\/resonance\/2013\/01\/george-gruntz-est-mort#primaryimage"},"image":{"@id":"https:\/\/www.revuemusicale.ch\/news\/resonance\/2013\/01\/george-gruntz-est-mort#primaryimage"},"thumbnailUrl":"https:\/\/www.revuemusicale.ch\/wp-content\/uploads\/2023\/01\/gruntz.jpg","datePublished":"2013-01-13T23:00:00+00:00","dateModified":"2023-01-18T16:41:02+00:00","breadcrumb":{"@id":"https:\/\/www.revuemusicale.ch\/news\/resonance\/2013\/01\/george-gruntz-est-mort#breadcrumb"},"inLanguage":"it-IT","potentialAction":[{"@type":"ReadAction","target":["https:\/\/www.revuemusicale.ch\/news\/resonance\/2013\/01\/george-gruntz-est-mort"]}]},{"@type":"ImageObject","inLanguage":"it-IT","@id":"https:\/\/www.revuemusicale.ch\/news\/resonance\/2013\/01\/george-gruntz-est-mort#primaryimage","url":"https:\/\/www.revuemusicale.ch\/wp-content\/uploads\/2023\/01\/gruntz.jpg","contentUrl":"https:\/\/www.revuemusicale.ch\/wp-content\/uploads\/2023\/01\/gruntz.jpg","width":554,"height":311},{"@type":"BreadcrumbList","@id":"https:\/\/www.revuemusicale.ch\/news\/resonance\/2013\/01\/george-gruntz-est-mort#breadcrumb","itemListElement":[{"@type":"ListItem","position":1,"name":"Home","item":"https:\/\/www.revuemusicale.ch\/"},{"@type":"ListItem","position":2,"name":"George Gruntz est mort"}]},{"@type":"WebSite","@id":"https:\/\/www.revuemusicale.ch\/#website","url":"https:\/\/www.revuemusicale.ch\/","name":"Rassegna musicale svizzera","description":"","publisher":{"@id":"https:\/\/www.revuemusicale.ch\/#organization"},"potentialAction":[{"@type":"SearchAction","target":{"@type":"EntryPoint","urlTemplate":"https:\/\/www.revuemusicale.ch\/?s={search_term_string}"},"query-input":{"@type":"PropertyValueSpecification","valueRequired":true,"valueName":"search_term_string"}}],"inLanguage":"it-IT"},{"@type":"Organization","@id":"https:\/\/www.revuemusicale.ch\/#organization","name":"Rassegna musicale svizzera","url":"https:\/\/www.revuemusicale.ch\/","logo":{"@type":"ImageObject","inLanguage":"it-IT","@id":"https:\/\/www.revuemusicale.ch\/#\/schema\/logo\/image\/","url":"https:\/\/www.revuemusicale.ch\/wp-content\/uploads\/2023\/01\/logo_revuemusicale_musikzeitung.jpg","contentUrl":"https:\/\/www.revuemusicale.ch\/wp-content\/uploads\/2023\/01\/logo_revuemusicale_musikzeitung.jpg","width":1200,"height":243,"caption":"Revue Musicale Suisse"},"image":{"@id":"https:\/\/www.revuemusicale.ch\/#\/schema\/logo\/image\/"},"sameAs":["https:\/\/www.facebook.com\/SchweizerMusikzeitung\/","https:\/\/x.com\/smusikzeitung","https:\/\/www.instagram.com\/musikzeitung.ch\/?hl=de"]},{"@type":"Person","@id":"https:\/\/www.revuemusicale.ch\/#\/schema\/person\/b2fd892c800856270b9dcc6001265712","name":"Musikzeitung-Redaktion","image":{"@type":"ImageObject","inLanguage":"it-IT","@id":"https:\/\/secure.gravatar.com\/avatar\/0c7e6a405862e402eb76a70f8a26fc732d07c32931e9fae9ab1582911d2e8a3b?s=96&d=mm&r=g","url":"https:\/\/secure.gravatar.com\/avatar\/0c7e6a405862e402eb76a70f8a26fc732d07c32931e9fae9ab1582911d2e8a3b?s=96&d=mm&r=g","contentUrl":"https:\/\/secure.gravatar.com\/avatar\/0c7e6a405862e402eb76a70f8a26fc732d07c32931e9fae9ab1582911d2e8a3b?s=96&d=mm&r=g","caption":"Musikzeitung-Redaktion"},"sameAs":["http:\/\/wundo-docker.io"],"url":"https:\/\/www.revuemusicale.ch\/it\/author\/admin"}]}},"publishpress_future_action":{"enabled":false,"date":"1970-01-01 01:00:00","action":"change-status","newStatus":"draft","terms":[],"taxonomy":"category","extraData":[]},"publishpress_future_workflow_manual_trigger":{"enabledWorkflows":[]},"_links":{"self":[{"href":"https:\/\/www.revuemusicale.ch\/it\/wp-json\/wp\/v2\/posts\/21933","targetHints":{"allow":["GET"]}}],"collection":[{"href":"https:\/\/www.revuemusicale.ch\/it\/wp-json\/wp\/v2\/posts"}],"about":[{"href":"https:\/\/www.revuemusicale.ch\/it\/wp-json\/wp\/v2\/types\/post"}],"author":[{"embeddable":true,"href":"https:\/\/www.revuemusicale.ch\/it\/wp-json\/wp\/v2\/users\/1"}],"replies":[{"embeddable":true,"href":"https:\/\/www.revuemusicale.ch\/it\/wp-json\/wp\/v2\/comments?post=21933"}],"version-history":[{"count":1,"href":"https:\/\/www.revuemusicale.ch\/it\/wp-json\/wp\/v2\/posts\/21933\/revisions"}],"predecessor-version":[{"id":21935,"href":"https:\/\/www.revuemusicale.ch\/it\/wp-json\/wp\/v2\/posts\/21933\/revisions\/21935"}],"wp:featuredmedia":[{"embeddable":true,"href":"https:\/\/www.revuemusicale.ch\/it\/wp-json\/wp\/v2\/media\/21934"}],"wp:attachment":[{"href":"https:\/\/www.revuemusicale.ch\/it\/wp-json\/wp\/v2\/media?parent=21933"}],"wp:term":[{"taxonomy":"category","embeddable":true,"href":"https:\/\/www.revuemusicale.ch\/it\/wp-json\/wp\/v2\/categories?post=21933"},{"taxonomy":"post_tag","embeddable":true,"href":"https:\/\/www.revuemusicale.ch\/it\/wp-json\/wp\/v2\/tags?post=21933"}],"curies":[{"name":"wp","href":"https:\/\/api.w.org\/{rel}","templated":true}]}}