{"id":21936,"date":"2013-01-17T00:00:00","date_gmt":"2013-01-16T23:00:00","guid":{"rendered":"https:\/\/www.revuemusicale.ch\/blog\/2013\/01\/17\/mathieu-jaton-directeur-general\/"},"modified":"2023-01-18T17:41:02","modified_gmt":"2023-01-18T16:41:02","slug":"mathieu-jaton-directeur-general","status":"publish","type":"post","link":"https:\/\/www.revuemusicale.ch\/it\/news\/resonance\/2013\/01\/mathieu-jaton-directeur-general","title":{"rendered":"Mathieu Jaton, direttore generale"},"content":{"rendered":"<img decoding=\"async\" class=\"size-full\" src=\"https:\/\/www.revuemusicale.ch\/wp-content\/uploads\/2023\/01\/jaton2.jpg\" alt=\"\" \/>\n<div class='text-section'>\n<p>Il 15 gennaio, il Consiglio di Fondazione del Montreux Jazz Festival ha nominato all'unanimit\u00e0 Mathieu Jaton alla carica di Direttore Generale, con effetto immediato.<\/p>\n<p>\u00c8 entrato a far parte del festival nel 1999 e dal 2001 \u00e8 Segretario Generale, dopo essersi occupato della gestione operativa del MJF per diversi anni. Claude Nobs \"stava per compiere 77 anni e sapeva di poter scomparire da un giorno all'altro. La successione \u00e8 stata un passo logico. Ha messo insieme un team giovane ed entusiasta\", ha dichiarato Fran\u00e7ois Carrard, Presidente della Fondazione.<br \/> \"L'edizione 2013 sar\u00e0 ancora un po' un festival di Claude Nobs, anche se Mathieu Jaton \u00e8 stato molto coinvolto\", ha aggiunto. In ogni caso, il festival di quest'anno assumer\u00e0 un aspetto leggermente nuovo, con un piccolo jazz club pi\u00f9 jazz.<\/p>\n<p>L'Auditorium Stravinski di Montreux ospiter\u00e0 un tributo musicale al fondatore del festival l'8 febbraio.<\/p>\n<p><strong>Foto:\u00a0<\/strong>Daniel Balmat - Fondazione Festival Jazz di Montreux<\/p>\n<p>\u00a0<\/p>\n<\/p><\/div>","protected":false},"excerpt":{"rendered":"<p><strong>Il braccio destro di Claude Nobs \u00e8 stato ufficialmente nominato per prendere il suo posto.<\/strong><\/p>","protected":false},"author":1,"featured_media":21937,"comment_status":"open","ping_status":"open","sticky":false,"template":"","format":"standard","meta":{"_acf_changed":false,"_relevanssi_hide_post":"","_relevanssi_hide_content":"","_relevanssi_pin_for_all":"","_relevanssi_pin_keywords":"","_relevanssi_unpin_keywords":"","_relevanssi_related_keywords":"","_relevanssi_related_include_ids":"","_relevanssi_related_exclude_ids":"","_relevanssi_related_no_append":"","_relevanssi_related_not_related":"","_relevanssi_related_posts":"","_relevanssi_noindex_reason":"","pgc_sgb_lightbox_settings":"","footnotes":""},"categories":[68,2],"tags":[],"class_list":["post-21936","post","type-post","status-publish","format-standard","has-post-thumbnail","hentry","category-jazz","category-resonance"],"acf":[],"yoast_head":"<!-- This site is optimized with the Yoast SEO plugin v27.3 - https:\/\/yoast.com\/product\/yoast-seo-wordpress\/ -->\n<title>Mathieu Jaton, directeur g\u00e9n\u00e9ral - Revue Musicale Suisse<\/title>\n<meta name=\"robots\" content=\"index, follow, max-snippet:-1, max-image-preview:large, max-video-preview:-1\" \/>\n<link rel=\"canonical\" href=\"https:\/\/www.revuemusicale.ch\/it\/news\/resonance\/2013\/01\/mathieu-jaton-directeur-general\/\" \/>\n<meta property=\"og:locale\" content=\"it_IT\" \/>\n<meta property=\"og:type\" content=\"article\" \/>\n<meta property=\"og:title\" content=\"Mathieu Jaton, directeur g\u00e9n\u00e9ral - Revue Musicale Suisse\" \/>\n<meta property=\"og:description\" content=\"Le bras droit de Claude Nobs est officiellement nomm\u00e9 pour reprendre sa place.\" \/>\n<meta property=\"og:url\" content=\"https:\/\/www.revuemusicale.ch\/it\/news\/resonance\/2013\/01\/mathieu-jaton-directeur-general\/\" \/>\n<meta property=\"og:site_name\" content=\"Revue Musicale Suisse\" \/>\n<meta property=\"article:publisher\" content=\"https:\/\/www.facebook.com\/SchweizerMusikzeitung\/\" \/>\n<meta property=\"article:published_time\" content=\"2013-01-16T23:00:00+00:00\" \/>\n<meta property=\"article:modified_time\" content=\"2023-01-18T16:41:02+00:00\" \/>\n<meta property=\"og:image\" content=\"https:\/\/www.revuemusicale.ch\/wp-content\/uploads\/2023\/01\/jaton2.jpg\" \/>\n\t<meta property=\"og:image:width\" content=\"554\" \/>\n\t<meta property=\"og:image:height\" content=\"369\" \/>\n\t<meta property=\"og:image:type\" content=\"image\/jpeg\" \/>\n<meta name=\"author\" content=\"Musikzeitung-Redaktion\" \/>\n<meta name=\"twitter:card\" content=\"summary_large_image\" \/>\n<meta name=\"twitter:creator\" content=\"@smusikzeitung\" \/>\n<meta name=\"twitter:site\" content=\"@smusikzeitung\" \/>\n<meta name=\"twitter:label1\" content=\"Scritto da\" \/>\n\t<meta name=\"twitter:data1\" content=\"Musikzeitung-Redaktion\" \/>\n\t<meta name=\"twitter:label2\" content=\"Tempo di lettura stimato\" \/>\n\t<meta name=\"twitter:data2\" content=\"1 minuto\" \/>\n<script type=\"application\/ld+json\" class=\"yoast-schema-graph\">{\"@context\":\"https:\\\/\\\/schema.org\",\"@graph\":[{\"@type\":\"Article\",\"@id\":\"https:\\\/\\\/www.revuemusicale.ch\\\/news\\\/resonance\\\/2013\\\/01\\\/mathieu-jaton-directeur-general#article\",\"isPartOf\":{\"@id\":\"https:\\\/\\\/www.revuemusicale.ch\\\/news\\\/resonance\\\/2013\\\/01\\\/mathieu-jaton-directeur-general\"},\"author\":{\"name\":\"Musikzeitung-Redaktion\",\"@id\":\"https:\\\/\\\/www.revuemusicale.ch\\\/#\\\/schema\\\/person\\\/b2fd892c800856270b9dcc6001265712\"},\"headline\":\"Mathieu Jaton, directeur g\u00e9n\u00e9ral\",\"datePublished\":\"2013-01-16T23:00:00+00:00\",\"dateModified\":\"2023-01-18T16:41:02+00:00\",\"mainEntityOfPage\":{\"@id\":\"https:\\\/\\\/www.revuemusicale.ch\\\/news\\\/resonance\\\/2013\\\/01\\\/mathieu-jaton-directeur-general\"},\"wordCount\":170,\"commentCount\":0,\"publisher\":{\"@id\":\"https:\\\/\\\/www.revuemusicale.ch\\\/#organization\"},\"image\":{\"@id\":\"https:\\\/\\\/www.revuemusicale.ch\\\/news\\\/resonance\\\/2013\\\/01\\\/mathieu-jaton-directeur-general#primaryimage\"},\"thumbnailUrl\":\"https:\\\/\\\/www.revuemusicale.ch\\\/wp-content\\\/uploads\\\/2023\\\/01\\\/jaton2.jpg\",\"articleSection\":[\"Jazz\",\"Resonance\"],\"inLanguage\":\"it-IT\"},{\"@type\":\"WebPage\",\"@id\":\"https:\\\/\\\/www.revuemusicale.ch\\\/news\\\/resonance\\\/2013\\\/01\\\/mathieu-jaton-directeur-general\",\"url\":\"https:\\\/\\\/www.revuemusicale.ch\\\/news\\\/resonance\\\/2013\\\/01\\\/mathieu-jaton-directeur-general\",\"name\":\"Mathieu Jaton, directeur g\u00e9n\u00e9ral - Revue Musicale Suisse\",\"isPartOf\":{\"@id\":\"https:\\\/\\\/www.revuemusicale.ch\\\/#website\"},\"primaryImageOfPage\":{\"@id\":\"https:\\\/\\\/www.revuemusicale.ch\\\/news\\\/resonance\\\/2013\\\/01\\\/mathieu-jaton-directeur-general#primaryimage\"},\"image\":{\"@id\":\"https:\\\/\\\/www.revuemusicale.ch\\\/news\\\/resonance\\\/2013\\\/01\\\/mathieu-jaton-directeur-general#primaryimage\"},\"thumbnailUrl\":\"https:\\\/\\\/www.revuemusicale.ch\\\/wp-content\\\/uploads\\\/2023\\\/01\\\/jaton2.jpg\",\"datePublished\":\"2013-01-16T23:00:00+00:00\",\"dateModified\":\"2023-01-18T16:41:02+00:00\",\"breadcrumb\":{\"@id\":\"https:\\\/\\\/www.revuemusicale.ch\\\/news\\\/resonance\\\/2013\\\/01\\\/mathieu-jaton-directeur-general#breadcrumb\"},\"inLanguage\":\"it-IT\",\"potentialAction\":[{\"@type\":\"ReadAction\",\"target\":[\"https:\\\/\\\/www.revuemusicale.ch\\\/news\\\/resonance\\\/2013\\\/01\\\/mathieu-jaton-directeur-general\"]}]},{\"@type\":\"ImageObject\",\"inLanguage\":\"it-IT\",\"@id\":\"https:\\\/\\\/www.revuemusicale.ch\\\/news\\\/resonance\\\/2013\\\/01\\\/mathieu-jaton-directeur-general#primaryimage\",\"url\":\"https:\\\/\\\/www.revuemusicale.ch\\\/wp-content\\\/uploads\\\/2023\\\/01\\\/jaton2.jpg\",\"contentUrl\":\"https:\\\/\\\/www.revuemusicale.ch\\\/wp-content\\\/uploads\\\/2023\\\/01\\\/jaton2.jpg\",\"width\":554,\"height\":369},{\"@type\":\"BreadcrumbList\",\"@id\":\"https:\\\/\\\/www.revuemusicale.ch\\\/news\\\/resonance\\\/2013\\\/01\\\/mathieu-jaton-directeur-general#breadcrumb\",\"itemListElement\":[{\"@type\":\"ListItem\",\"position\":1,\"name\":\"Home\",\"item\":\"https:\\\/\\\/www.revuemusicale.ch\\\/\"},{\"@type\":\"ListItem\",\"position\":2,\"name\":\"Mathieu Jaton, directeur g\u00e9n\u00e9ral\"}]},{\"@type\":\"WebSite\",\"@id\":\"https:\\\/\\\/www.revuemusicale.ch\\\/#website\",\"url\":\"https:\\\/\\\/www.revuemusicale.ch\\\/\",\"name\":\"Revue Musicale Suisse\",\"description\":\"\",\"publisher\":{\"@id\":\"https:\\\/\\\/www.revuemusicale.ch\\\/#organization\"},\"potentialAction\":[{\"@type\":\"SearchAction\",\"target\":{\"@type\":\"EntryPoint\",\"urlTemplate\":\"https:\\\/\\\/www.revuemusicale.ch\\\/?s={search_term_string}\"},\"query-input\":{\"@type\":\"PropertyValueSpecification\",\"valueRequired\":true,\"valueName\":\"search_term_string\"}}],\"inLanguage\":\"it-IT\"},{\"@type\":\"Organization\",\"@id\":\"https:\\\/\\\/www.revuemusicale.ch\\\/#organization\",\"name\":\"Revue Musicale Suisse\",\"url\":\"https:\\\/\\\/www.revuemusicale.ch\\\/\",\"logo\":{\"@type\":\"ImageObject\",\"inLanguage\":\"it-IT\",\"@id\":\"https:\\\/\\\/www.revuemusicale.ch\\\/#\\\/schema\\\/logo\\\/image\\\/\",\"url\":\"https:\\\/\\\/www.revuemusicale.ch\\\/wp-content\\\/uploads\\\/2023\\\/01\\\/logo_revuemusicale_musikzeitung.jpg\",\"contentUrl\":\"https:\\\/\\\/www.revuemusicale.ch\\\/wp-content\\\/uploads\\\/2023\\\/01\\\/logo_revuemusicale_musikzeitung.jpg\",\"width\":1200,\"height\":243,\"caption\":\"Revue Musicale Suisse\"},\"image\":{\"@id\":\"https:\\\/\\\/www.revuemusicale.ch\\\/#\\\/schema\\\/logo\\\/image\\\/\"},\"sameAs\":[\"https:\\\/\\\/www.facebook.com\\\/SchweizerMusikzeitung\\\/\",\"https:\\\/\\\/x.com\\\/smusikzeitung\",\"https:\\\/\\\/www.instagram.com\\\/musikzeitung.ch\\\/?hl=de\"]},{\"@type\":\"Person\",\"@id\":\"https:\\\/\\\/www.revuemusicale.ch\\\/#\\\/schema\\\/person\\\/b2fd892c800856270b9dcc6001265712\",\"name\":\"Musikzeitung-Redaktion\",\"image\":{\"@type\":\"ImageObject\",\"inLanguage\":\"it-IT\",\"@id\":\"https:\\\/\\\/secure.gravatar.com\\\/avatar\\\/0c7e6a405862e402eb76a70f8a26fc732d07c32931e9fae9ab1582911d2e8a3b?s=96&d=mm&r=g\",\"url\":\"https:\\\/\\\/secure.gravatar.com\\\/avatar\\\/0c7e6a405862e402eb76a70f8a26fc732d07c32931e9fae9ab1582911d2e8a3b?s=96&d=mm&r=g\",\"contentUrl\":\"https:\\\/\\\/secure.gravatar.com\\\/avatar\\\/0c7e6a405862e402eb76a70f8a26fc732d07c32931e9fae9ab1582911d2e8a3b?s=96&d=mm&r=g\",\"caption\":\"Musikzeitung-Redaktion\"},\"sameAs\":[\"http:\\\/\\\/wundo-docker.io\"],\"url\":\"https:\\\/\\\/www.revuemusicale.ch\\\/it\\\/author\\\/admin\"}]}<\/script>\n<!-- \/ Yoast SEO plugin. -->","yoast_head_json":{"title":"Mathieu Jaton, directeur g\u00e9n\u00e9ral - Revue Musicale Suisse","robots":{"index":"index","follow":"follow","max-snippet":"max-snippet:-1","max-image-preview":"max-image-preview:large","max-video-preview":"max-video-preview:-1"},"canonical":"https:\/\/www.revuemusicale.ch\/it\/news\/resonance\/2013\/01\/mathieu-jaton-directeur-general\/","og_locale":"it_IT","og_type":"article","og_title":"Mathieu Jaton, directeur g\u00e9n\u00e9ral - Revue Musicale Suisse","og_description":"Le bras droit de Claude Nobs est officiellement nomm\u00e9 pour reprendre sa place.","og_url":"https:\/\/www.revuemusicale.ch\/it\/news\/resonance\/2013\/01\/mathieu-jaton-directeur-general\/","og_site_name":"Revue Musicale Suisse","article_publisher":"https:\/\/www.facebook.com\/SchweizerMusikzeitung\/","article_published_time":"2013-01-16T23:00:00+00:00","article_modified_time":"2023-01-18T16:41:02+00:00","og_image":[{"width":554,"height":369,"url":"https:\/\/www.revuemusicale.ch\/wp-content\/uploads\/2023\/01\/jaton2.jpg","type":"image\/jpeg"}],"author":"Musikzeitung-Redaktion","twitter_card":"summary_large_image","twitter_creator":"@smusikzeitung","twitter_site":"@smusikzeitung","twitter_misc":{"Scritto da":"Musikzeitung-Redaktion","Tempo di lettura stimato":"1 minuto"},"schema":{"@context":"https:\/\/schema.org","@graph":[{"@type":"Article","@id":"https:\/\/www.revuemusicale.ch\/news\/resonance\/2013\/01\/mathieu-jaton-directeur-general#article","isPartOf":{"@id":"https:\/\/www.revuemusicale.ch\/news\/resonance\/2013\/01\/mathieu-jaton-directeur-general"},"author":{"name":"Musikzeitung-Redaktion","@id":"https:\/\/www.revuemusicale.ch\/#\/schema\/person\/b2fd892c800856270b9dcc6001265712"},"headline":"Mathieu Jaton, directeur g\u00e9n\u00e9ral","datePublished":"2013-01-16T23:00:00+00:00","dateModified":"2023-01-18T16:41:02+00:00","mainEntityOfPage":{"@id":"https:\/\/www.revuemusicale.ch\/news\/resonance\/2013\/01\/mathieu-jaton-directeur-general"},"wordCount":170,"commentCount":0,"publisher":{"@id":"https:\/\/www.revuemusicale.ch\/#organization"},"image":{"@id":"https:\/\/www.revuemusicale.ch\/news\/resonance\/2013\/01\/mathieu-jaton-directeur-general#primaryimage"},"thumbnailUrl":"https:\/\/www.revuemusicale.ch\/wp-content\/uploads\/2023\/01\/jaton2.jpg","articleSection":["Jazz","Resonance"],"inLanguage":"it-IT"},{"@type":"WebPage","@id":"https:\/\/www.revuemusicale.ch\/news\/resonance\/2013\/01\/mathieu-jaton-directeur-general","url":"https:\/\/www.revuemusicale.ch\/news\/resonance\/2013\/01\/mathieu-jaton-directeur-general","name":"Mathieu Jaton, directeur g\u00e9n\u00e9ral - Revue Musicale Suisse","isPartOf":{"@id":"https:\/\/www.revuemusicale.ch\/#website"},"primaryImageOfPage":{"@id":"https:\/\/www.revuemusicale.ch\/news\/resonance\/2013\/01\/mathieu-jaton-directeur-general#primaryimage"},"image":{"@id":"https:\/\/www.revuemusicale.ch\/news\/resonance\/2013\/01\/mathieu-jaton-directeur-general#primaryimage"},"thumbnailUrl":"https:\/\/www.revuemusicale.ch\/wp-content\/uploads\/2023\/01\/jaton2.jpg","datePublished":"2013-01-16T23:00:00+00:00","dateModified":"2023-01-18T16:41:02+00:00","breadcrumb":{"@id":"https:\/\/www.revuemusicale.ch\/news\/resonance\/2013\/01\/mathieu-jaton-directeur-general#breadcrumb"},"inLanguage":"it-IT","potentialAction":[{"@type":"ReadAction","target":["https:\/\/www.revuemusicale.ch\/news\/resonance\/2013\/01\/mathieu-jaton-directeur-general"]}]},{"@type":"ImageObject","inLanguage":"it-IT","@id":"https:\/\/www.revuemusicale.ch\/news\/resonance\/2013\/01\/mathieu-jaton-directeur-general#primaryimage","url":"https:\/\/www.revuemusicale.ch\/wp-content\/uploads\/2023\/01\/jaton2.jpg","contentUrl":"https:\/\/www.revuemusicale.ch\/wp-content\/uploads\/2023\/01\/jaton2.jpg","width":554,"height":369},{"@type":"BreadcrumbList","@id":"https:\/\/www.revuemusicale.ch\/news\/resonance\/2013\/01\/mathieu-jaton-directeur-general#breadcrumb","itemListElement":[{"@type":"ListItem","position":1,"name":"Home","item":"https:\/\/www.revuemusicale.ch\/"},{"@type":"ListItem","position":2,"name":"Mathieu Jaton, directeur g\u00e9n\u00e9ral"}]},{"@type":"WebSite","@id":"https:\/\/www.revuemusicale.ch\/#website","url":"https:\/\/www.revuemusicale.ch\/","name":"Rassegna musicale svizzera","description":"","publisher":{"@id":"https:\/\/www.revuemusicale.ch\/#organization"},"potentialAction":[{"@type":"SearchAction","target":{"@type":"EntryPoint","urlTemplate":"https:\/\/www.revuemusicale.ch\/?s={search_term_string}"},"query-input":{"@type":"PropertyValueSpecification","valueRequired":true,"valueName":"search_term_string"}}],"inLanguage":"it-IT"},{"@type":"Organization","@id":"https:\/\/www.revuemusicale.ch\/#organization","name":"Rassegna musicale svizzera","url":"https:\/\/www.revuemusicale.ch\/","logo":{"@type":"ImageObject","inLanguage":"it-IT","@id":"https:\/\/www.revuemusicale.ch\/#\/schema\/logo\/image\/","url":"https:\/\/www.revuemusicale.ch\/wp-content\/uploads\/2023\/01\/logo_revuemusicale_musikzeitung.jpg","contentUrl":"https:\/\/www.revuemusicale.ch\/wp-content\/uploads\/2023\/01\/logo_revuemusicale_musikzeitung.jpg","width":1200,"height":243,"caption":"Revue Musicale Suisse"},"image":{"@id":"https:\/\/www.revuemusicale.ch\/#\/schema\/logo\/image\/"},"sameAs":["https:\/\/www.facebook.com\/SchweizerMusikzeitung\/","https:\/\/x.com\/smusikzeitung","https:\/\/www.instagram.com\/musikzeitung.ch\/?hl=de"]},{"@type":"Person","@id":"https:\/\/www.revuemusicale.ch\/#\/schema\/person\/b2fd892c800856270b9dcc6001265712","name":"Musikzeitung-Redaktion","image":{"@type":"ImageObject","inLanguage":"it-IT","@id":"https:\/\/secure.gravatar.com\/avatar\/0c7e6a405862e402eb76a70f8a26fc732d07c32931e9fae9ab1582911d2e8a3b?s=96&d=mm&r=g","url":"https:\/\/secure.gravatar.com\/avatar\/0c7e6a405862e402eb76a70f8a26fc732d07c32931e9fae9ab1582911d2e8a3b?s=96&d=mm&r=g","contentUrl":"https:\/\/secure.gravatar.com\/avatar\/0c7e6a405862e402eb76a70f8a26fc732d07c32931e9fae9ab1582911d2e8a3b?s=96&d=mm&r=g","caption":"Musikzeitung-Redaktion"},"sameAs":["http:\/\/wundo-docker.io"],"url":"https:\/\/www.revuemusicale.ch\/it\/author\/admin"}]}},"publishpress_future_action":{"enabled":false,"date":"1970-01-01 01:00:00","action":"change-status","newStatus":"draft","terms":[],"taxonomy":"category","extraData":[]},"publishpress_future_workflow_manual_trigger":{"enabledWorkflows":[]},"_links":{"self":[{"href":"https:\/\/www.revuemusicale.ch\/it\/wp-json\/wp\/v2\/posts\/21936","targetHints":{"allow":["GET"]}}],"collection":[{"href":"https:\/\/www.revuemusicale.ch\/it\/wp-json\/wp\/v2\/posts"}],"about":[{"href":"https:\/\/www.revuemusicale.ch\/it\/wp-json\/wp\/v2\/types\/post"}],"author":[{"embeddable":true,"href":"https:\/\/www.revuemusicale.ch\/it\/wp-json\/wp\/v2\/users\/1"}],"replies":[{"embeddable":true,"href":"https:\/\/www.revuemusicale.ch\/it\/wp-json\/wp\/v2\/comments?post=21936"}],"version-history":[{"count":1,"href":"https:\/\/www.revuemusicale.ch\/it\/wp-json\/wp\/v2\/posts\/21936\/revisions"}],"predecessor-version":[{"id":21938,"href":"https:\/\/www.revuemusicale.ch\/it\/wp-json\/wp\/v2\/posts\/21936\/revisions\/21938"}],"wp:featuredmedia":[{"embeddable":true,"href":"https:\/\/www.revuemusicale.ch\/it\/wp-json\/wp\/v2\/media\/21937"}],"wp:attachment":[{"href":"https:\/\/www.revuemusicale.ch\/it\/wp-json\/wp\/v2\/media?parent=21936"}],"wp:term":[{"taxonomy":"category","embeddable":true,"href":"https:\/\/www.revuemusicale.ch\/it\/wp-json\/wp\/v2\/categories?post=21936"},{"taxonomy":"post_tag","embeddable":true,"href":"https:\/\/www.revuemusicale.ch\/it\/wp-json\/wp\/v2\/tags?post=21936"}],"curies":[{"name":"wp","href":"https:\/\/api.w.org\/{rel}","templated":true}]}}