{"id":22029,"date":"2019-01-16T00:00:00","date_gmt":"2019-01-15T23:00:00","guid":{"rendered":"https:\/\/www.revuemusicale.ch\/blog\/2019\/01\/16\/dutronc-sangare-banks\/"},"modified":"2023-01-18T17:41:17","modified_gmt":"2023-01-18T16:41:17","slug":"dutronc-sangare-banks","status":"publish","type":"post","link":"https:\/\/www.revuemusicale.ch\/it\/news\/resonance\/2019\/01\/dutronc-sangare-banks","title":{"rendered":"Dutronc, Sangar\u00e9, Banche"},"content":{"rendered":"<figure style=\"width: 1200px\" class=\"wp-caption alignnone\"><img decoding=\"async\" class=\"size-full\" src=\"https:\/\/www.revuemusicale.ch\/wp-content\/uploads\/2023\/01\/Oumou.jpg\" alt=\"\" \/><figcaption class=\"wp-caption-text\">Oumou Sangar\u00e9. Foto: DR<\/figcaption><\/figure>\n<div class='text-section'>\n<p>Il programma del 37\u00b0 Cully Jazz Festival racchiude tutta la vitalit\u00e0 della scena jazzistica odierna, da artisti rinomati a una vivace scena jazzistica giovanile, da talenti svizzeri a nuovi orizzonti musicali. Uno dei punti salienti del festival di quest'anno \u00e8 la seconda apparizione di Thomas Dutronc nello Chapiteau. Torneranno anche Erik Truffaz e il suo quartetto, con il rapper ospite Nya. La cantante maliana Oumou Sangar\u00e9 segna il suo ritorno con \"Mogoya\", il suo primo album dal 2009.\u00a0\u00a0<\/p>\n<p><strong>Incontri intergenerazionali<br \/> <\/strong>Anche quest'anno il Festival d\u00e0 voce ad artisti di tutte le generazioni, riunendoli in un'atmosfera di condivisione e trasmissione. Il bassista Stanley Clarke \u00e8 circondato da giovani talenti dall'implacabile energia funk, Rhoda Scott suona al fianco di una Ladies All Star composta dalle nuove leve della scena jazzistica francofona e il gruppo El Comit\u00e9, un'estemporanea riunione dei migliori musicisti cubani di oggi, invita sul palco il leggendario chitarrista Eliades Ochoa del Buena Vista Social Club.<br \/> Il pianista francese Baptiste Trotignon sposer\u00e0 il lirismo inventivo del clarinettista Michel Portal al Temple, mentre il pianista Omar Sosa trasmetter\u00e0 la sua visione della tradizione musicale afrocubana al giovane violinista Yilian Ca\u00f1izares allo Chapiteau.<br \/> \u00a0<br \/> <strong>Una nuova tappa al vertice<br \/> <\/strong>Vera e propria vetrina del jazz di oggi, Next Step riflette l'effervescenza della nuova scena britannica, da Ezra Collective alla sassofonista Nubya Garcia. Nel mondo francofono, una nuova generazione di virtuosi sta lasciando il segno sulla scena jazz, a partire dal violinista Th\u00e9o Ceccaldi e dal sassofonista Emile Parisien.<br \/> Anche la scena svizzera ha la sua parte di talento grezzo. Cully Jazz \u00e8 orgogliosa di offrire ai musicisti bernesi Elisa Day e il quintetto di Shems Bendali, entrambi presenti all'OFF dello scorso anno, l'opportunit\u00e0 di aprire per artisti rinomati nello Chapiteau. I beniamini del festival L\u00e9o Tardin e Gauthier Toux presenteranno rispettivamente un progetto solista e un album rivisitato con un quintetto d'archi. Il batterista Julian Sartorius accompagner\u00e0 gli spettatori del festival in un viaggio musicale in autobus con un progetto inedito.<\/p>\n<\/p><\/div>","protected":false},"excerpt":{"rendered":"<p><strong>Il Cully Jazz Festival si svolge dal 5 al 13 aprile 2019. Tra gli headliner di questa 37\u00aa edizione figurano Stanley Clarke, Erik Truffaz, Stacey Kent, Michel Portal &amp; Baptiste Trotignon, Rhoda Scott, Yaron Herman, Ezra Collective, Sarah McCoy, Emile Parisien, Mahalia, Th\u00e9o Ceccaldi, Ana Carla Maza e L\u00e9o Tardin e Gauthier Toux. Il Festival OFF offrir\u00e0 al pubblico oltre 110 concerti.<\/strong><\/p>","protected":false},"author":1,"featured_media":22030,"comment_status":"open","ping_status":"open","sticky":false,"template":"","format":"standard","meta":{"_acf_changed":false,"_relevanssi_hide_post":"","_relevanssi_hide_content":"","_relevanssi_pin_for_all":"","_relevanssi_pin_keywords":"","_relevanssi_unpin_keywords":"","_relevanssi_related_keywords":"","_relevanssi_related_include_ids":"","_relevanssi_related_exclude_ids":"","_relevanssi_related_no_append":"","_relevanssi_related_not_related":"","_relevanssi_related_posts":"","_relevanssi_noindex_reason":"","pgc_sgb_lightbox_settings":"","footnotes":""},"categories":[68,2],"tags":[],"class_list":["post-22029","post","type-post","status-publish","format-standard","has-post-thumbnail","hentry","category-jazz","category-resonance"],"acf":[],"yoast_head":"<!-- This site is optimized with the Yoast SEO plugin v27.3 - https:\/\/yoast.com\/product\/yoast-seo-wordpress\/ -->\n<title>Dutronc, Sangar\u00e9, Banks - Revue Musicale Suisse<\/title>\n<meta name=\"robots\" content=\"index, follow, max-snippet:-1, max-image-preview:large, max-video-preview:-1\" \/>\n<link rel=\"canonical\" href=\"https:\/\/www.revuemusicale.ch\/it\/news\/resonance\/2019\/01\/dutronc-sangare-banks\/\" \/>\n<meta property=\"og:locale\" content=\"it_IT\" \/>\n<meta property=\"og:type\" content=\"article\" \/>\n<meta property=\"og:title\" content=\"Dutronc, Sangar\u00e9, Banks - Revue Musicale Suisse\" \/>\n<meta property=\"og:description\" content=\"Le Cully Jazz Festival aura lieu du 5 au 13 avril 2019.\u00a0Parmi les t\u00eates d\u2019affiche de cette 37e \u00e9dition: Stanley Clarke, Erik Truffaz, Stacey Kent, Michel Portal &amp; Baptiste Trotignon, Rhoda Scott, Yaron Herman, Ezra Collective, Sarah McCoy, Emile Parisien, Mahalia, Th\u00e9o Ceccaldi, Ana Carla Maza ou encore L\u00e9o Tardin et Gauthier Toux. Le Festival OFF offrira quant \u00e0 lui plus de 110 concerts au public.\" \/>\n<meta property=\"og:url\" content=\"https:\/\/www.revuemusicale.ch\/it\/news\/resonance\/2019\/01\/dutronc-sangare-banks\/\" \/>\n<meta property=\"og:site_name\" content=\"Revue Musicale Suisse\" \/>\n<meta property=\"article:publisher\" content=\"https:\/\/www.facebook.com\/SchweizerMusikzeitung\/\" \/>\n<meta property=\"article:published_time\" content=\"2019-01-15T23:00:00+00:00\" \/>\n<meta property=\"article:modified_time\" content=\"2023-01-18T16:41:17+00:00\" \/>\n<meta property=\"og:image\" content=\"https:\/\/www.revuemusicale.ch\/wp-content\/uploads\/2023\/01\/Oumou.jpg\" \/>\n\t<meta property=\"og:image:width\" content=\"554\" \/>\n\t<meta property=\"og:image:height\" content=\"409\" \/>\n\t<meta property=\"og:image:type\" content=\"image\/jpeg\" \/>\n<meta name=\"author\" content=\"Musikzeitung-Redaktion\" \/>\n<meta name=\"twitter:card\" content=\"summary_large_image\" \/>\n<meta name=\"twitter:creator\" content=\"@smusikzeitung\" \/>\n<meta name=\"twitter:site\" content=\"@smusikzeitung\" \/>\n<meta name=\"twitter:label1\" content=\"Scritto da\" \/>\n\t<meta name=\"twitter:data1\" content=\"Musikzeitung-Redaktion\" \/>\n\t<meta name=\"twitter:label2\" content=\"Tempo di lettura stimato\" \/>\n\t<meta name=\"twitter:data2\" content=\"2 minuti\" \/>\n<script type=\"application\/ld+json\" class=\"yoast-schema-graph\">{\"@context\":\"https:\\\/\\\/schema.org\",\"@graph\":[{\"@type\":\"Article\",\"@id\":\"https:\\\/\\\/www.revuemusicale.ch\\\/news\\\/resonance\\\/2019\\\/01\\\/dutronc-sangare-banks#article\",\"isPartOf\":{\"@id\":\"https:\\\/\\\/www.revuemusicale.ch\\\/news\\\/resonance\\\/2019\\\/01\\\/dutronc-sangare-banks\"},\"author\":{\"name\":\"Musikzeitung-Redaktion\",\"@id\":\"https:\\\/\\\/www.revuemusicale.ch\\\/#\\\/schema\\\/person\\\/b2fd892c800856270b9dcc6001265712\"},\"headline\":\"Dutronc, Sangar\u00e9, Banks\",\"datePublished\":\"2019-01-15T23:00:00+00:00\",\"dateModified\":\"2023-01-18T16:41:17+00:00\",\"mainEntityOfPage\":{\"@id\":\"https:\\\/\\\/www.revuemusicale.ch\\\/news\\\/resonance\\\/2019\\\/01\\\/dutronc-sangare-banks\"},\"wordCount\":410,\"commentCount\":0,\"publisher\":{\"@id\":\"https:\\\/\\\/www.revuemusicale.ch\\\/#organization\"},\"image\":{\"@id\":\"https:\\\/\\\/www.revuemusicale.ch\\\/news\\\/resonance\\\/2019\\\/01\\\/dutronc-sangare-banks#primaryimage\"},\"thumbnailUrl\":\"https:\\\/\\\/www.revuemusicale.ch\\\/wp-content\\\/uploads\\\/2023\\\/01\\\/Oumou.jpg\",\"articleSection\":[\"Jazz\",\"Resonance\"],\"inLanguage\":\"it-IT\"},{\"@type\":\"WebPage\",\"@id\":\"https:\\\/\\\/www.revuemusicale.ch\\\/news\\\/resonance\\\/2019\\\/01\\\/dutronc-sangare-banks\",\"url\":\"https:\\\/\\\/www.revuemusicale.ch\\\/news\\\/resonance\\\/2019\\\/01\\\/dutronc-sangare-banks\",\"name\":\"Dutronc, Sangar\u00e9, Banks - Revue Musicale Suisse\",\"isPartOf\":{\"@id\":\"https:\\\/\\\/www.revuemusicale.ch\\\/#website\"},\"primaryImageOfPage\":{\"@id\":\"https:\\\/\\\/www.revuemusicale.ch\\\/news\\\/resonance\\\/2019\\\/01\\\/dutronc-sangare-banks#primaryimage\"},\"image\":{\"@id\":\"https:\\\/\\\/www.revuemusicale.ch\\\/news\\\/resonance\\\/2019\\\/01\\\/dutronc-sangare-banks#primaryimage\"},\"thumbnailUrl\":\"https:\\\/\\\/www.revuemusicale.ch\\\/wp-content\\\/uploads\\\/2023\\\/01\\\/Oumou.jpg\",\"datePublished\":\"2019-01-15T23:00:00+00:00\",\"dateModified\":\"2023-01-18T16:41:17+00:00\",\"breadcrumb\":{\"@id\":\"https:\\\/\\\/www.revuemusicale.ch\\\/news\\\/resonance\\\/2019\\\/01\\\/dutronc-sangare-banks#breadcrumb\"},\"inLanguage\":\"it-IT\",\"potentialAction\":[{\"@type\":\"ReadAction\",\"target\":[\"https:\\\/\\\/www.revuemusicale.ch\\\/news\\\/resonance\\\/2019\\\/01\\\/dutronc-sangare-banks\"]}]},{\"@type\":\"ImageObject\",\"inLanguage\":\"it-IT\",\"@id\":\"https:\\\/\\\/www.revuemusicale.ch\\\/news\\\/resonance\\\/2019\\\/01\\\/dutronc-sangare-banks#primaryimage\",\"url\":\"https:\\\/\\\/www.revuemusicale.ch\\\/wp-content\\\/uploads\\\/2023\\\/01\\\/Oumou.jpg\",\"contentUrl\":\"https:\\\/\\\/www.revuemusicale.ch\\\/wp-content\\\/uploads\\\/2023\\\/01\\\/Oumou.jpg\",\"width\":554,\"height\":409},{\"@type\":\"BreadcrumbList\",\"@id\":\"https:\\\/\\\/www.revuemusicale.ch\\\/news\\\/resonance\\\/2019\\\/01\\\/dutronc-sangare-banks#breadcrumb\",\"itemListElement\":[{\"@type\":\"ListItem\",\"position\":1,\"name\":\"Home\",\"item\":\"https:\\\/\\\/www.revuemusicale.ch\\\/\"},{\"@type\":\"ListItem\",\"position\":2,\"name\":\"Dutronc, Sangar\u00e9, Banks\"}]},{\"@type\":\"WebSite\",\"@id\":\"https:\\\/\\\/www.revuemusicale.ch\\\/#website\",\"url\":\"https:\\\/\\\/www.revuemusicale.ch\\\/\",\"name\":\"Revue Musicale Suisse\",\"description\":\"\",\"publisher\":{\"@id\":\"https:\\\/\\\/www.revuemusicale.ch\\\/#organization\"},\"potentialAction\":[{\"@type\":\"SearchAction\",\"target\":{\"@type\":\"EntryPoint\",\"urlTemplate\":\"https:\\\/\\\/www.revuemusicale.ch\\\/?s={search_term_string}\"},\"query-input\":{\"@type\":\"PropertyValueSpecification\",\"valueRequired\":true,\"valueName\":\"search_term_string\"}}],\"inLanguage\":\"it-IT\"},{\"@type\":\"Organization\",\"@id\":\"https:\\\/\\\/www.revuemusicale.ch\\\/#organization\",\"name\":\"Revue Musicale Suisse\",\"url\":\"https:\\\/\\\/www.revuemusicale.ch\\\/\",\"logo\":{\"@type\":\"ImageObject\",\"inLanguage\":\"it-IT\",\"@id\":\"https:\\\/\\\/www.revuemusicale.ch\\\/#\\\/schema\\\/logo\\\/image\\\/\",\"url\":\"https:\\\/\\\/www.revuemusicale.ch\\\/wp-content\\\/uploads\\\/2023\\\/01\\\/logo_revuemusicale_musikzeitung.jpg\",\"contentUrl\":\"https:\\\/\\\/www.revuemusicale.ch\\\/wp-content\\\/uploads\\\/2023\\\/01\\\/logo_revuemusicale_musikzeitung.jpg\",\"width\":1200,\"height\":243,\"caption\":\"Revue Musicale Suisse\"},\"image\":{\"@id\":\"https:\\\/\\\/www.revuemusicale.ch\\\/#\\\/schema\\\/logo\\\/image\\\/\"},\"sameAs\":[\"https:\\\/\\\/www.facebook.com\\\/SchweizerMusikzeitung\\\/\",\"https:\\\/\\\/x.com\\\/smusikzeitung\",\"https:\\\/\\\/www.instagram.com\\\/musikzeitung.ch\\\/?hl=de\"]},{\"@type\":\"Person\",\"@id\":\"https:\\\/\\\/www.revuemusicale.ch\\\/#\\\/schema\\\/person\\\/b2fd892c800856270b9dcc6001265712\",\"name\":\"Musikzeitung-Redaktion\",\"image\":{\"@type\":\"ImageObject\",\"inLanguage\":\"it-IT\",\"@id\":\"https:\\\/\\\/secure.gravatar.com\\\/avatar\\\/0c7e6a405862e402eb76a70f8a26fc732d07c32931e9fae9ab1582911d2e8a3b?s=96&d=mm&r=g\",\"url\":\"https:\\\/\\\/secure.gravatar.com\\\/avatar\\\/0c7e6a405862e402eb76a70f8a26fc732d07c32931e9fae9ab1582911d2e8a3b?s=96&d=mm&r=g\",\"contentUrl\":\"https:\\\/\\\/secure.gravatar.com\\\/avatar\\\/0c7e6a405862e402eb76a70f8a26fc732d07c32931e9fae9ab1582911d2e8a3b?s=96&d=mm&r=g\",\"caption\":\"Musikzeitung-Redaktion\"},\"sameAs\":[\"http:\\\/\\\/wundo-docker.io\"],\"url\":\"https:\\\/\\\/www.revuemusicale.ch\\\/it\\\/author\\\/admin\"}]}<\/script>\n<!-- \/ Yoast SEO plugin. -->","yoast_head_json":{"title":"Dutronc, Sangar\u00e9, Banks - Revue Musicale Suisse","robots":{"index":"index","follow":"follow","max-snippet":"max-snippet:-1","max-image-preview":"max-image-preview:large","max-video-preview":"max-video-preview:-1"},"canonical":"https:\/\/www.revuemusicale.ch\/it\/news\/resonance\/2019\/01\/dutronc-sangare-banks\/","og_locale":"it_IT","og_type":"article","og_title":"Dutronc, Sangar\u00e9, Banks - Revue Musicale Suisse","og_description":"Le Cully Jazz Festival aura lieu du 5 au 13 avril 2019.\u00a0Parmi les t\u00eates d\u2019affiche de cette 37e \u00e9dition: Stanley Clarke, Erik Truffaz, Stacey Kent, Michel Portal & Baptiste Trotignon, Rhoda Scott, Yaron Herman, Ezra Collective, Sarah McCoy, Emile Parisien, Mahalia, Th\u00e9o Ceccaldi, Ana Carla Maza ou encore L\u00e9o Tardin et Gauthier Toux. Le Festival OFF offrira quant \u00e0 lui plus de 110 concerts au public.","og_url":"https:\/\/www.revuemusicale.ch\/it\/news\/resonance\/2019\/01\/dutronc-sangare-banks\/","og_site_name":"Revue Musicale Suisse","article_publisher":"https:\/\/www.facebook.com\/SchweizerMusikzeitung\/","article_published_time":"2019-01-15T23:00:00+00:00","article_modified_time":"2023-01-18T16:41:17+00:00","og_image":[{"width":554,"height":409,"url":"https:\/\/www.revuemusicale.ch\/wp-content\/uploads\/2023\/01\/Oumou.jpg","type":"image\/jpeg"}],"author":"Musikzeitung-Redaktion","twitter_card":"summary_large_image","twitter_creator":"@smusikzeitung","twitter_site":"@smusikzeitung","twitter_misc":{"Scritto da":"Musikzeitung-Redaktion","Tempo di lettura stimato":"2 minuti"},"schema":{"@context":"https:\/\/schema.org","@graph":[{"@type":"Article","@id":"https:\/\/www.revuemusicale.ch\/news\/resonance\/2019\/01\/dutronc-sangare-banks#article","isPartOf":{"@id":"https:\/\/www.revuemusicale.ch\/news\/resonance\/2019\/01\/dutronc-sangare-banks"},"author":{"name":"Musikzeitung-Redaktion","@id":"https:\/\/www.revuemusicale.ch\/#\/schema\/person\/b2fd892c800856270b9dcc6001265712"},"headline":"Dutronc, Sangar\u00e9, Banks","datePublished":"2019-01-15T23:00:00+00:00","dateModified":"2023-01-18T16:41:17+00:00","mainEntityOfPage":{"@id":"https:\/\/www.revuemusicale.ch\/news\/resonance\/2019\/01\/dutronc-sangare-banks"},"wordCount":410,"commentCount":0,"publisher":{"@id":"https:\/\/www.revuemusicale.ch\/#organization"},"image":{"@id":"https:\/\/www.revuemusicale.ch\/news\/resonance\/2019\/01\/dutronc-sangare-banks#primaryimage"},"thumbnailUrl":"https:\/\/www.revuemusicale.ch\/wp-content\/uploads\/2023\/01\/Oumou.jpg","articleSection":["Jazz","Resonance"],"inLanguage":"it-IT"},{"@type":"WebPage","@id":"https:\/\/www.revuemusicale.ch\/news\/resonance\/2019\/01\/dutronc-sangare-banks","url":"https:\/\/www.revuemusicale.ch\/news\/resonance\/2019\/01\/dutronc-sangare-banks","name":"Dutronc, Sangar\u00e9, Banks - Revue Musicale Suisse","isPartOf":{"@id":"https:\/\/www.revuemusicale.ch\/#website"},"primaryImageOfPage":{"@id":"https:\/\/www.revuemusicale.ch\/news\/resonance\/2019\/01\/dutronc-sangare-banks#primaryimage"},"image":{"@id":"https:\/\/www.revuemusicale.ch\/news\/resonance\/2019\/01\/dutronc-sangare-banks#primaryimage"},"thumbnailUrl":"https:\/\/www.revuemusicale.ch\/wp-content\/uploads\/2023\/01\/Oumou.jpg","datePublished":"2019-01-15T23:00:00+00:00","dateModified":"2023-01-18T16:41:17+00:00","breadcrumb":{"@id":"https:\/\/www.revuemusicale.ch\/news\/resonance\/2019\/01\/dutronc-sangare-banks#breadcrumb"},"inLanguage":"it-IT","potentialAction":[{"@type":"ReadAction","target":["https:\/\/www.revuemusicale.ch\/news\/resonance\/2019\/01\/dutronc-sangare-banks"]}]},{"@type":"ImageObject","inLanguage":"it-IT","@id":"https:\/\/www.revuemusicale.ch\/news\/resonance\/2019\/01\/dutronc-sangare-banks#primaryimage","url":"https:\/\/www.revuemusicale.ch\/wp-content\/uploads\/2023\/01\/Oumou.jpg","contentUrl":"https:\/\/www.revuemusicale.ch\/wp-content\/uploads\/2023\/01\/Oumou.jpg","width":554,"height":409},{"@type":"BreadcrumbList","@id":"https:\/\/www.revuemusicale.ch\/news\/resonance\/2019\/01\/dutronc-sangare-banks#breadcrumb","itemListElement":[{"@type":"ListItem","position":1,"name":"Home","item":"https:\/\/www.revuemusicale.ch\/"},{"@type":"ListItem","position":2,"name":"Dutronc, Sangar\u00e9, Banks"}]},{"@type":"WebSite","@id":"https:\/\/www.revuemusicale.ch\/#website","url":"https:\/\/www.revuemusicale.ch\/","name":"Rassegna musicale svizzera","description":"","publisher":{"@id":"https:\/\/www.revuemusicale.ch\/#organization"},"potentialAction":[{"@type":"SearchAction","target":{"@type":"EntryPoint","urlTemplate":"https:\/\/www.revuemusicale.ch\/?s={search_term_string}"},"query-input":{"@type":"PropertyValueSpecification","valueRequired":true,"valueName":"search_term_string"}}],"inLanguage":"it-IT"},{"@type":"Organization","@id":"https:\/\/www.revuemusicale.ch\/#organization","name":"Rassegna musicale svizzera","url":"https:\/\/www.revuemusicale.ch\/","logo":{"@type":"ImageObject","inLanguage":"it-IT","@id":"https:\/\/www.revuemusicale.ch\/#\/schema\/logo\/image\/","url":"https:\/\/www.revuemusicale.ch\/wp-content\/uploads\/2023\/01\/logo_revuemusicale_musikzeitung.jpg","contentUrl":"https:\/\/www.revuemusicale.ch\/wp-content\/uploads\/2023\/01\/logo_revuemusicale_musikzeitung.jpg","width":1200,"height":243,"caption":"Revue Musicale Suisse"},"image":{"@id":"https:\/\/www.revuemusicale.ch\/#\/schema\/logo\/image\/"},"sameAs":["https:\/\/www.facebook.com\/SchweizerMusikzeitung\/","https:\/\/x.com\/smusikzeitung","https:\/\/www.instagram.com\/musikzeitung.ch\/?hl=de"]},{"@type":"Person","@id":"https:\/\/www.revuemusicale.ch\/#\/schema\/person\/b2fd892c800856270b9dcc6001265712","name":"Musikzeitung-Redaktion","image":{"@type":"ImageObject","inLanguage":"it-IT","@id":"https:\/\/secure.gravatar.com\/avatar\/0c7e6a405862e402eb76a70f8a26fc732d07c32931e9fae9ab1582911d2e8a3b?s=96&d=mm&r=g","url":"https:\/\/secure.gravatar.com\/avatar\/0c7e6a405862e402eb76a70f8a26fc732d07c32931e9fae9ab1582911d2e8a3b?s=96&d=mm&r=g","contentUrl":"https:\/\/secure.gravatar.com\/avatar\/0c7e6a405862e402eb76a70f8a26fc732d07c32931e9fae9ab1582911d2e8a3b?s=96&d=mm&r=g","caption":"Musikzeitung-Redaktion"},"sameAs":["http:\/\/wundo-docker.io"],"url":"https:\/\/www.revuemusicale.ch\/it\/author\/admin"}]}},"publishpress_future_action":{"enabled":false,"date":"1970-01-01 01:00:00","action":"change-status","newStatus":"draft","terms":[],"taxonomy":"category","extraData":[]},"publishpress_future_workflow_manual_trigger":{"enabledWorkflows":[]},"_links":{"self":[{"href":"https:\/\/www.revuemusicale.ch\/it\/wp-json\/wp\/v2\/posts\/22029","targetHints":{"allow":["GET"]}}],"collection":[{"href":"https:\/\/www.revuemusicale.ch\/it\/wp-json\/wp\/v2\/posts"}],"about":[{"href":"https:\/\/www.revuemusicale.ch\/it\/wp-json\/wp\/v2\/types\/post"}],"author":[{"embeddable":true,"href":"https:\/\/www.revuemusicale.ch\/it\/wp-json\/wp\/v2\/users\/1"}],"replies":[{"embeddable":true,"href":"https:\/\/www.revuemusicale.ch\/it\/wp-json\/wp\/v2\/comments?post=22029"}],"version-history":[{"count":1,"href":"https:\/\/www.revuemusicale.ch\/it\/wp-json\/wp\/v2\/posts\/22029\/revisions"}],"predecessor-version":[{"id":22031,"href":"https:\/\/www.revuemusicale.ch\/it\/wp-json\/wp\/v2\/posts\/22029\/revisions\/22031"}],"wp:featuredmedia":[{"embeddable":true,"href":"https:\/\/www.revuemusicale.ch\/it\/wp-json\/wp\/v2\/media\/22030"}],"wp:attachment":[{"href":"https:\/\/www.revuemusicale.ch\/it\/wp-json\/wp\/v2\/media?parent=22029"}],"wp:term":[{"taxonomy":"category","embeddable":true,"href":"https:\/\/www.revuemusicale.ch\/it\/wp-json\/wp\/v2\/categories?post=22029"},{"taxonomy":"post_tag","embeddable":true,"href":"https:\/\/www.revuemusicale.ch\/it\/wp-json\/wp\/v2\/tags?post=22029"}],"curies":[{"name":"wp","href":"https:\/\/api.w.org\/{rel}","templated":true}]}}