{"id":22059,"date":"2013-01-16T00:00:00","date_gmt":"2013-01-15T23:00:00","guid":{"rendered":"https:\/\/www.revuemusicale.ch\/blog\/2013\/01\/16\/inventaire-des-oeuvres-de-marietan\/"},"modified":"2023-01-18T17:41:22","modified_gmt":"2023-01-18T16:41:22","slug":"inventaire-des-oeuvres-de-marietan","status":"publish","type":"post","link":"https:\/\/www.revuemusicale.ch\/it\/news\/resonance\/2013\/01\/inventaire-des-oeuvres-de-marietan","title":{"rendered":"Inventario delle opere di Mari\u00e9tan"},"content":{"rendered":"<img decoding=\"async\" class=\"size-full\" src=\"https:\/\/www.revuemusicale.ch\/wp-content\/uploads\/2023\/01\/Capture-decran-2013-01-16-a-08.57.50.png\" alt=\"\" \/>\n<div class='text-section'>\n<p>Opera collettiva di 192 pagine, l'inventario delle opere sonore di Pierre Mari\u00e9tan si riferisce alle registrazioni conservate a Martigny e digitalizzate con l'aiuto del Service de la culture. Compilato da Guillaume Billaux durante tutto il processo di trasferimento, \u00e8 accompagnato da testi di presentazione delle opere e da riproduzioni di programmi di concerti. Si presenta quindi come un repertorio degli elementi costitutivi delle composizioni di Pierre Mari\u00e9tan e come una guida alla lettura o alla scoperta delle opere dell'artista. Il libro copre la produzione del musicista dal 1962 al 2008.<\/p>\n<p>Nato a Monthey nel 1935, Pierre Mari\u00e9tan ha studiato con Pierre Boulez, Bernd Alois Zimmermann e Karlheinz Stockhausen. Nel 1966 \u00e8 stato membro fondatore del Groupe d'Etude et R\u00e9alisation Musicales (GERM) e nel 1979 ha creato il Laboratoire Acoustique et Musique Urbaine presso l'Ecole d'Architecture de Paris La Villette, che ha diretto fino al 1990. Negli anni '70 \u00e8 stato anche direttore del Conservatorio di Garges (regione di Parigi).<\/p>\n<p><strong>Per saperne di pi\u00f9:<\/strong> <a href='http:\/\/www.mediatheque.ch'>www.mediatheque.ch<\/a><\/p>\n<\/p><\/div>","protected":false},"excerpt":{"rendered":"<p><strong>Oltre al catalogo delle partiture pubblicato nel 2009, la M\u00e9diath\u00e8que Valais pubblica un inventario delle opere sonore del compositore vallesano Pierre Mari\u00e9tan, di cui conserva quasi 1.000 registrazioni nella sede di Martigny.<\/strong><\/p>","protected":false},"author":1,"featured_media":22060,"comment_status":"open","ping_status":"open","sticky":false,"template":"","format":"standard","meta":{"_acf_changed":false,"_relevanssi_hide_post":"","_relevanssi_hide_content":"","_relevanssi_pin_for_all":"","_relevanssi_pin_keywords":"","_relevanssi_unpin_keywords":"","_relevanssi_related_keywords":"","_relevanssi_related_include_ids":"","_relevanssi_related_exclude_ids":"","_relevanssi_related_no_append":"","_relevanssi_related_not_related":"","_relevanssi_related_posts":"","_relevanssi_noindex_reason":"","pgc_sgb_lightbox_settings":"","footnotes":""},"categories":[1603,2],"tags":[],"class_list":["post-22059","post","type-post","status-publish","format-standard","has-post-thumbnail","hentry","category-classique","category-resonance"],"acf":[],"yoast_head":"<!-- This site is optimized with the Yoast SEO plugin v27.3 - https:\/\/yoast.com\/product\/yoast-seo-wordpress\/ -->\n<title>Inventaire des \u0153uvres de Mari\u00e9tan - Revue Musicale Suisse<\/title>\n<meta name=\"robots\" content=\"index, follow, max-snippet:-1, max-image-preview:large, max-video-preview:-1\" \/>\n<link rel=\"canonical\" href=\"https:\/\/www.revuemusicale.ch\/it\/news\/resonance\/2013\/01\/inventaire-des-oeuvres-de-marietan\/\" \/>\n<meta property=\"og:locale\" content=\"it_IT\" \/>\n<meta property=\"og:type\" content=\"article\" \/>\n<meta property=\"og:title\" content=\"Inventaire des \u0153uvres de Mari\u00e9tan - Revue Musicale Suisse\" \/>\n<meta property=\"og:description\" content=\"En compl\u00e9ment au catalogue des partitions paru en 2009, la M\u00e9diath\u00e8que Valais publie l\u2019inventaire des \u0153uvres sonores du compositeur valaisan Pierre Mari\u00e9tan dont elle conserve pr\u00e8s de 1000 enregistrements sur son site de Martigny.\" \/>\n<meta property=\"og:url\" content=\"https:\/\/www.revuemusicale.ch\/it\/news\/resonance\/2013\/01\/inventaire-des-oeuvres-de-marietan\/\" \/>\n<meta property=\"og:site_name\" content=\"Revue Musicale Suisse\" \/>\n<meta property=\"article:publisher\" content=\"https:\/\/www.facebook.com\/SchweizerMusikzeitung\/\" \/>\n<meta property=\"article:published_time\" content=\"2013-01-15T23:00:00+00:00\" \/>\n<meta property=\"article:modified_time\" content=\"2023-01-18T16:41:22+00:00\" \/>\n<meta property=\"og:image\" content=\"https:\/\/www.revuemusicale.ch\/wp-content\/uploads\/2023\/01\/Capture-decran-2013-01-16-a-08.57.50.png\" \/>\n\t<meta property=\"og:image:width\" content=\"554\" \/>\n\t<meta property=\"og:image:height\" content=\"435\" \/>\n\t<meta property=\"og:image:type\" content=\"image\/png\" \/>\n<meta name=\"author\" content=\"Musikzeitung-Redaktion\" \/>\n<meta name=\"twitter:card\" content=\"summary_large_image\" \/>\n<meta name=\"twitter:creator\" content=\"@smusikzeitung\" \/>\n<meta name=\"twitter:site\" content=\"@smusikzeitung\" \/>\n<meta name=\"twitter:label1\" content=\"Scritto da\" \/>\n\t<meta name=\"twitter:data1\" content=\"Musikzeitung-Redaktion\" \/>\n\t<meta name=\"twitter:label2\" content=\"Tempo di lettura stimato\" \/>\n\t<meta name=\"twitter:data2\" content=\"1 minuto\" \/>\n<script type=\"application\/ld+json\" class=\"yoast-schema-graph\">{\"@context\":\"https:\\\/\\\/schema.org\",\"@graph\":[{\"@type\":\"Article\",\"@id\":\"https:\\\/\\\/www.revuemusicale.ch\\\/news\\\/resonance\\\/2013\\\/01\\\/inventaire-des-oeuvres-de-marietan#article\",\"isPartOf\":{\"@id\":\"https:\\\/\\\/www.revuemusicale.ch\\\/news\\\/resonance\\\/2013\\\/01\\\/inventaire-des-oeuvres-de-marietan\"},\"author\":{\"name\":\"Musikzeitung-Redaktion\",\"@id\":\"https:\\\/\\\/www.revuemusicale.ch\\\/#\\\/schema\\\/person\\\/b2fd892c800856270b9dcc6001265712\"},\"headline\":\"Inventaire des \u0153uvres de Mari\u00e9tan\",\"datePublished\":\"2013-01-15T23:00:00+00:00\",\"dateModified\":\"2023-01-18T16:41:22+00:00\",\"mainEntityOfPage\":{\"@id\":\"https:\\\/\\\/www.revuemusicale.ch\\\/news\\\/resonance\\\/2013\\\/01\\\/inventaire-des-oeuvres-de-marietan\"},\"wordCount\":190,\"commentCount\":0,\"publisher\":{\"@id\":\"https:\\\/\\\/www.revuemusicale.ch\\\/#organization\"},\"image\":{\"@id\":\"https:\\\/\\\/www.revuemusicale.ch\\\/news\\\/resonance\\\/2013\\\/01\\\/inventaire-des-oeuvres-de-marietan#primaryimage\"},\"thumbnailUrl\":\"https:\\\/\\\/www.revuemusicale.ch\\\/wp-content\\\/uploads\\\/2023\\\/01\\\/Capture-decran-2013-01-16-a-08.57.50.png\",\"articleSection\":[\"Classique\",\"Resonance\"],\"inLanguage\":\"it-IT\"},{\"@type\":\"WebPage\",\"@id\":\"https:\\\/\\\/www.revuemusicale.ch\\\/news\\\/resonance\\\/2013\\\/01\\\/inventaire-des-oeuvres-de-marietan\",\"url\":\"https:\\\/\\\/www.revuemusicale.ch\\\/news\\\/resonance\\\/2013\\\/01\\\/inventaire-des-oeuvres-de-marietan\",\"name\":\"Inventaire des \u0153uvres de Mari\u00e9tan - Revue Musicale Suisse\",\"isPartOf\":{\"@id\":\"https:\\\/\\\/www.revuemusicale.ch\\\/#website\"},\"primaryImageOfPage\":{\"@id\":\"https:\\\/\\\/www.revuemusicale.ch\\\/news\\\/resonance\\\/2013\\\/01\\\/inventaire-des-oeuvres-de-marietan#primaryimage\"},\"image\":{\"@id\":\"https:\\\/\\\/www.revuemusicale.ch\\\/news\\\/resonance\\\/2013\\\/01\\\/inventaire-des-oeuvres-de-marietan#primaryimage\"},\"thumbnailUrl\":\"https:\\\/\\\/www.revuemusicale.ch\\\/wp-content\\\/uploads\\\/2023\\\/01\\\/Capture-decran-2013-01-16-a-08.57.50.png\",\"datePublished\":\"2013-01-15T23:00:00+00:00\",\"dateModified\":\"2023-01-18T16:41:22+00:00\",\"breadcrumb\":{\"@id\":\"https:\\\/\\\/www.revuemusicale.ch\\\/news\\\/resonance\\\/2013\\\/01\\\/inventaire-des-oeuvres-de-marietan#breadcrumb\"},\"inLanguage\":\"it-IT\",\"potentialAction\":[{\"@type\":\"ReadAction\",\"target\":[\"https:\\\/\\\/www.revuemusicale.ch\\\/news\\\/resonance\\\/2013\\\/01\\\/inventaire-des-oeuvres-de-marietan\"]}]},{\"@type\":\"ImageObject\",\"inLanguage\":\"it-IT\",\"@id\":\"https:\\\/\\\/www.revuemusicale.ch\\\/news\\\/resonance\\\/2013\\\/01\\\/inventaire-des-oeuvres-de-marietan#primaryimage\",\"url\":\"https:\\\/\\\/www.revuemusicale.ch\\\/wp-content\\\/uploads\\\/2023\\\/01\\\/Capture-decran-2013-01-16-a-08.57.50.png\",\"contentUrl\":\"https:\\\/\\\/www.revuemusicale.ch\\\/wp-content\\\/uploads\\\/2023\\\/01\\\/Capture-decran-2013-01-16-a-08.57.50.png\",\"width\":554,\"height\":435},{\"@type\":\"BreadcrumbList\",\"@id\":\"https:\\\/\\\/www.revuemusicale.ch\\\/news\\\/resonance\\\/2013\\\/01\\\/inventaire-des-oeuvres-de-marietan#breadcrumb\",\"itemListElement\":[{\"@type\":\"ListItem\",\"position\":1,\"name\":\"Home\",\"item\":\"https:\\\/\\\/www.revuemusicale.ch\\\/\"},{\"@type\":\"ListItem\",\"position\":2,\"name\":\"Inventaire des \u0153uvres de Mari\u00e9tan\"}]},{\"@type\":\"WebSite\",\"@id\":\"https:\\\/\\\/www.revuemusicale.ch\\\/#website\",\"url\":\"https:\\\/\\\/www.revuemusicale.ch\\\/\",\"name\":\"Revue Musicale Suisse\",\"description\":\"\",\"publisher\":{\"@id\":\"https:\\\/\\\/www.revuemusicale.ch\\\/#organization\"},\"potentialAction\":[{\"@type\":\"SearchAction\",\"target\":{\"@type\":\"EntryPoint\",\"urlTemplate\":\"https:\\\/\\\/www.revuemusicale.ch\\\/?s={search_term_string}\"},\"query-input\":{\"@type\":\"PropertyValueSpecification\",\"valueRequired\":true,\"valueName\":\"search_term_string\"}}],\"inLanguage\":\"it-IT\"},{\"@type\":\"Organization\",\"@id\":\"https:\\\/\\\/www.revuemusicale.ch\\\/#organization\",\"name\":\"Revue Musicale Suisse\",\"url\":\"https:\\\/\\\/www.revuemusicale.ch\\\/\",\"logo\":{\"@type\":\"ImageObject\",\"inLanguage\":\"it-IT\",\"@id\":\"https:\\\/\\\/www.revuemusicale.ch\\\/#\\\/schema\\\/logo\\\/image\\\/\",\"url\":\"https:\\\/\\\/www.revuemusicale.ch\\\/wp-content\\\/uploads\\\/2023\\\/01\\\/logo_revuemusicale_musikzeitung.jpg\",\"contentUrl\":\"https:\\\/\\\/www.revuemusicale.ch\\\/wp-content\\\/uploads\\\/2023\\\/01\\\/logo_revuemusicale_musikzeitung.jpg\",\"width\":1200,\"height\":243,\"caption\":\"Revue Musicale Suisse\"},\"image\":{\"@id\":\"https:\\\/\\\/www.revuemusicale.ch\\\/#\\\/schema\\\/logo\\\/image\\\/\"},\"sameAs\":[\"https:\\\/\\\/www.facebook.com\\\/SchweizerMusikzeitung\\\/\",\"https:\\\/\\\/x.com\\\/smusikzeitung\",\"https:\\\/\\\/www.instagram.com\\\/musikzeitung.ch\\\/?hl=de\"]},{\"@type\":\"Person\",\"@id\":\"https:\\\/\\\/www.revuemusicale.ch\\\/#\\\/schema\\\/person\\\/b2fd892c800856270b9dcc6001265712\",\"name\":\"Musikzeitung-Redaktion\",\"image\":{\"@type\":\"ImageObject\",\"inLanguage\":\"it-IT\",\"@id\":\"https:\\\/\\\/secure.gravatar.com\\\/avatar\\\/0c7e6a405862e402eb76a70f8a26fc732d07c32931e9fae9ab1582911d2e8a3b?s=96&d=mm&r=g\",\"url\":\"https:\\\/\\\/secure.gravatar.com\\\/avatar\\\/0c7e6a405862e402eb76a70f8a26fc732d07c32931e9fae9ab1582911d2e8a3b?s=96&d=mm&r=g\",\"contentUrl\":\"https:\\\/\\\/secure.gravatar.com\\\/avatar\\\/0c7e6a405862e402eb76a70f8a26fc732d07c32931e9fae9ab1582911d2e8a3b?s=96&d=mm&r=g\",\"caption\":\"Musikzeitung-Redaktion\"},\"sameAs\":[\"http:\\\/\\\/wundo-docker.io\"],\"url\":\"https:\\\/\\\/www.revuemusicale.ch\\\/it\\\/author\\\/admin\"}]}<\/script>\n<!-- \/ Yoast SEO plugin. -->","yoast_head_json":{"title":"Inventaire des \u0153uvres de Mari\u00e9tan - Revue Musicale Suisse","robots":{"index":"index","follow":"follow","max-snippet":"max-snippet:-1","max-image-preview":"max-image-preview:large","max-video-preview":"max-video-preview:-1"},"canonical":"https:\/\/www.revuemusicale.ch\/it\/news\/resonance\/2013\/01\/inventaire-des-oeuvres-de-marietan\/","og_locale":"it_IT","og_type":"article","og_title":"Inventaire des \u0153uvres de Mari\u00e9tan - Revue Musicale Suisse","og_description":"En compl\u00e9ment au catalogue des partitions paru en 2009, la M\u00e9diath\u00e8que Valais publie l\u2019inventaire des \u0153uvres sonores du compositeur valaisan Pierre Mari\u00e9tan dont elle conserve pr\u00e8s de 1000 enregistrements sur son site de Martigny.","og_url":"https:\/\/www.revuemusicale.ch\/it\/news\/resonance\/2013\/01\/inventaire-des-oeuvres-de-marietan\/","og_site_name":"Revue Musicale Suisse","article_publisher":"https:\/\/www.facebook.com\/SchweizerMusikzeitung\/","article_published_time":"2013-01-15T23:00:00+00:00","article_modified_time":"2023-01-18T16:41:22+00:00","og_image":[{"width":554,"height":435,"url":"https:\/\/www.revuemusicale.ch\/wp-content\/uploads\/2023\/01\/Capture-decran-2013-01-16-a-08.57.50.png","type":"image\/png"}],"author":"Musikzeitung-Redaktion","twitter_card":"summary_large_image","twitter_creator":"@smusikzeitung","twitter_site":"@smusikzeitung","twitter_misc":{"Scritto da":"Musikzeitung-Redaktion","Tempo di lettura stimato":"1 minuto"},"schema":{"@context":"https:\/\/schema.org","@graph":[{"@type":"Article","@id":"https:\/\/www.revuemusicale.ch\/news\/resonance\/2013\/01\/inventaire-des-oeuvres-de-marietan#article","isPartOf":{"@id":"https:\/\/www.revuemusicale.ch\/news\/resonance\/2013\/01\/inventaire-des-oeuvres-de-marietan"},"author":{"name":"Musikzeitung-Redaktion","@id":"https:\/\/www.revuemusicale.ch\/#\/schema\/person\/b2fd892c800856270b9dcc6001265712"},"headline":"Inventaire des \u0153uvres de Mari\u00e9tan","datePublished":"2013-01-15T23:00:00+00:00","dateModified":"2023-01-18T16:41:22+00:00","mainEntityOfPage":{"@id":"https:\/\/www.revuemusicale.ch\/news\/resonance\/2013\/01\/inventaire-des-oeuvres-de-marietan"},"wordCount":190,"commentCount":0,"publisher":{"@id":"https:\/\/www.revuemusicale.ch\/#organization"},"image":{"@id":"https:\/\/www.revuemusicale.ch\/news\/resonance\/2013\/01\/inventaire-des-oeuvres-de-marietan#primaryimage"},"thumbnailUrl":"https:\/\/www.revuemusicale.ch\/wp-content\/uploads\/2023\/01\/Capture-decran-2013-01-16-a-08.57.50.png","articleSection":["Classique","Resonance"],"inLanguage":"it-IT"},{"@type":"WebPage","@id":"https:\/\/www.revuemusicale.ch\/news\/resonance\/2013\/01\/inventaire-des-oeuvres-de-marietan","url":"https:\/\/www.revuemusicale.ch\/news\/resonance\/2013\/01\/inventaire-des-oeuvres-de-marietan","name":"Inventaire des \u0153uvres de Mari\u00e9tan - Revue Musicale Suisse","isPartOf":{"@id":"https:\/\/www.revuemusicale.ch\/#website"},"primaryImageOfPage":{"@id":"https:\/\/www.revuemusicale.ch\/news\/resonance\/2013\/01\/inventaire-des-oeuvres-de-marietan#primaryimage"},"image":{"@id":"https:\/\/www.revuemusicale.ch\/news\/resonance\/2013\/01\/inventaire-des-oeuvres-de-marietan#primaryimage"},"thumbnailUrl":"https:\/\/www.revuemusicale.ch\/wp-content\/uploads\/2023\/01\/Capture-decran-2013-01-16-a-08.57.50.png","datePublished":"2013-01-15T23:00:00+00:00","dateModified":"2023-01-18T16:41:22+00:00","breadcrumb":{"@id":"https:\/\/www.revuemusicale.ch\/news\/resonance\/2013\/01\/inventaire-des-oeuvres-de-marietan#breadcrumb"},"inLanguage":"it-IT","potentialAction":[{"@type":"ReadAction","target":["https:\/\/www.revuemusicale.ch\/news\/resonance\/2013\/01\/inventaire-des-oeuvres-de-marietan"]}]},{"@type":"ImageObject","inLanguage":"it-IT","@id":"https:\/\/www.revuemusicale.ch\/news\/resonance\/2013\/01\/inventaire-des-oeuvres-de-marietan#primaryimage","url":"https:\/\/www.revuemusicale.ch\/wp-content\/uploads\/2023\/01\/Capture-decran-2013-01-16-a-08.57.50.png","contentUrl":"https:\/\/www.revuemusicale.ch\/wp-content\/uploads\/2023\/01\/Capture-decran-2013-01-16-a-08.57.50.png","width":554,"height":435},{"@type":"BreadcrumbList","@id":"https:\/\/www.revuemusicale.ch\/news\/resonance\/2013\/01\/inventaire-des-oeuvres-de-marietan#breadcrumb","itemListElement":[{"@type":"ListItem","position":1,"name":"Home","item":"https:\/\/www.revuemusicale.ch\/"},{"@type":"ListItem","position":2,"name":"Inventaire des \u0153uvres de Mari\u00e9tan"}]},{"@type":"WebSite","@id":"https:\/\/www.revuemusicale.ch\/#website","url":"https:\/\/www.revuemusicale.ch\/","name":"Rassegna musicale svizzera","description":"","publisher":{"@id":"https:\/\/www.revuemusicale.ch\/#organization"},"potentialAction":[{"@type":"SearchAction","target":{"@type":"EntryPoint","urlTemplate":"https:\/\/www.revuemusicale.ch\/?s={search_term_string}"},"query-input":{"@type":"PropertyValueSpecification","valueRequired":true,"valueName":"search_term_string"}}],"inLanguage":"it-IT"},{"@type":"Organization","@id":"https:\/\/www.revuemusicale.ch\/#organization","name":"Rassegna musicale svizzera","url":"https:\/\/www.revuemusicale.ch\/","logo":{"@type":"ImageObject","inLanguage":"it-IT","@id":"https:\/\/www.revuemusicale.ch\/#\/schema\/logo\/image\/","url":"https:\/\/www.revuemusicale.ch\/wp-content\/uploads\/2023\/01\/logo_revuemusicale_musikzeitung.jpg","contentUrl":"https:\/\/www.revuemusicale.ch\/wp-content\/uploads\/2023\/01\/logo_revuemusicale_musikzeitung.jpg","width":1200,"height":243,"caption":"Revue Musicale Suisse"},"image":{"@id":"https:\/\/www.revuemusicale.ch\/#\/schema\/logo\/image\/"},"sameAs":["https:\/\/www.facebook.com\/SchweizerMusikzeitung\/","https:\/\/x.com\/smusikzeitung","https:\/\/www.instagram.com\/musikzeitung.ch\/?hl=de"]},{"@type":"Person","@id":"https:\/\/www.revuemusicale.ch\/#\/schema\/person\/b2fd892c800856270b9dcc6001265712","name":"Musikzeitung-Redaktion","image":{"@type":"ImageObject","inLanguage":"it-IT","@id":"https:\/\/secure.gravatar.com\/avatar\/0c7e6a405862e402eb76a70f8a26fc732d07c32931e9fae9ab1582911d2e8a3b?s=96&d=mm&r=g","url":"https:\/\/secure.gravatar.com\/avatar\/0c7e6a405862e402eb76a70f8a26fc732d07c32931e9fae9ab1582911d2e8a3b?s=96&d=mm&r=g","contentUrl":"https:\/\/secure.gravatar.com\/avatar\/0c7e6a405862e402eb76a70f8a26fc732d07c32931e9fae9ab1582911d2e8a3b?s=96&d=mm&r=g","caption":"Musikzeitung-Redaktion"},"sameAs":["http:\/\/wundo-docker.io"],"url":"https:\/\/www.revuemusicale.ch\/it\/author\/admin"}]}},"publishpress_future_action":{"enabled":false,"date":"1970-01-01 01:00:00","action":"change-status","newStatus":"draft","terms":[],"taxonomy":"category","extraData":[]},"publishpress_future_workflow_manual_trigger":{"enabledWorkflows":[]},"_links":{"self":[{"href":"https:\/\/www.revuemusicale.ch\/it\/wp-json\/wp\/v2\/posts\/22059","targetHints":{"allow":["GET"]}}],"collection":[{"href":"https:\/\/www.revuemusicale.ch\/it\/wp-json\/wp\/v2\/posts"}],"about":[{"href":"https:\/\/www.revuemusicale.ch\/it\/wp-json\/wp\/v2\/types\/post"}],"author":[{"embeddable":true,"href":"https:\/\/www.revuemusicale.ch\/it\/wp-json\/wp\/v2\/users\/1"}],"replies":[{"embeddable":true,"href":"https:\/\/www.revuemusicale.ch\/it\/wp-json\/wp\/v2\/comments?post=22059"}],"version-history":[{"count":1,"href":"https:\/\/www.revuemusicale.ch\/it\/wp-json\/wp\/v2\/posts\/22059\/revisions"}],"predecessor-version":[{"id":22061,"href":"https:\/\/www.revuemusicale.ch\/it\/wp-json\/wp\/v2\/posts\/22059\/revisions\/22061"}],"wp:featuredmedia":[{"embeddable":true,"href":"https:\/\/www.revuemusicale.ch\/it\/wp-json\/wp\/v2\/media\/22060"}],"wp:attachment":[{"href":"https:\/\/www.revuemusicale.ch\/it\/wp-json\/wp\/v2\/media?parent=22059"}],"wp:term":[{"taxonomy":"category","embeddable":true,"href":"https:\/\/www.revuemusicale.ch\/it\/wp-json\/wp\/v2\/categories?post=22059"},{"taxonomy":"post_tag","embeddable":true,"href":"https:\/\/www.revuemusicale.ch\/it\/wp-json\/wp\/v2\/tags?post=22059"}],"curies":[{"name":"wp","href":"https:\/\/api.w.org\/{rel}","templated":true}]}}