{"id":22482,"date":"2018-09-25T00:00:00","date_gmt":"2018-09-24T22:00:00","guid":{"rendered":"https:\/\/www.revuemusicale.ch\/blog\/2018\/09\/25\/nabucco-a-la-cathedrale\/"},"modified":"2023-01-18T17:42:39","modified_gmt":"2023-01-18T16:42:39","slug":"nabucco-a-la-cathedrale","status":"publish","type":"post","link":"https:\/\/www.revuemusicale.ch\/it\/news\/resonance\/2018\/09\/nabucco-a-la-cathedrale","title":{"rendered":"Nabucco in Cattedrale"},"content":{"rendered":"<figure style=\"width: 1200px\" class=\"wp-caption alignnone\"><img decoding=\"async\" class=\"size-full\" src=\"https:\/\/www.revuemusicale.ch\/wp-content\/uploads\/2023\/01\/NabuccoRender-Copy.jpg\" alt=\"\" \/><figcaption class=\"wp-caption-text\">Foto : EPFL<\/figcaption><\/figure>\n<div class='text-section'>\n<p>Il direttore d'orchestra Ferran Gili-Millera e i registi G\u00e9rard Demierre e Jean-Philippe Guillois presentano una visione originale dell'opera verdiana, in un progetto che riunisce quasi 120 cantanti e musicisti, oltre a solisti di fama internazionale. Il coro \u00e8 stato preparato da Michel Cavin, mentre Yves Golay, presidente di Amabilis, \u00e8 responsabile della produzione.<\/p>\n<p>La scenografia sar\u00e0 fuori dal comune, poich\u00e9 i posti a sedere per gli spettatori e la scenografia saranno creati ex novo, grazie a un grande progetto in legno ideato e progettato dall'EPFL. La cattedrale sar\u00e0 completamente svuotata, mentre le gradinate, le panchine e l'immensa spirale che simboleggia l'orgoglio umano sul palcoscenico saranno costruite con un'inedita tecnica di architettura e assemblaggio ideata dal laboratorio di costruzione IBOIS dell'EPFL.<\/p>\n<p>L'orgoglio umano e le sue devastanti conseguenze sono al centro di quest'opera. <em>Nabucco<\/em> \u00e8 prima di tutto una storia di schiavit\u00f9, di un popolo sotto il giogo di un tiranno che si crede un dio. Un'opera densa, che mescola religione e politica, potere e ambizione, in un mondo tormentato e lacerato che riecheggia molti dei problemi di oggi. Un tema di grande attualit\u00e0, cantato, recitato e messo in scena come omaggio ai tanti sfollati e migranti sulle strade e nei mari del mondo.<\/p>\n<p>Questo progetto fuori dall'ordinario ha richiesto notevoli risorse, che 70% ha raccolto attraverso finanziamenti di terzi, principalmente privati. Le donazioni sono ancora possibili attraverso un'operazione di crowdfunding al seguente indirizzo <a href='https:\/\/www.lokalhelden.ch\/fr\/nabucco2018'>www.lokalhelden.ch\/fr\/nabucco2018<\/a>. <br \/> \u00a0<\/p>\n<p>\u00a0<\/p>\n<\/p><\/div>","protected":false},"excerpt":{"rendered":"<p><strong>L'orchestra Amabilis di Losanna e l'ensemble vocale Horizons di Yverdon-les-Bains presenteranno la celebre opera verdiana \"Nabucco\" il 17, 18, 20 e 21 novembre nella Cattedrale di Losanna. Il tema dell'immigrazione, al centro dell'opera, sar\u00e0 portato alla ribalta in una versione nuova e un po' audace. <\/strong><\/p>","protected":false},"author":1,"featured_media":22483,"comment_status":"open","ping_status":"open","sticky":false,"template":"","format":"standard","meta":{"_acf_changed":false,"_relevanssi_hide_post":"","_relevanssi_hide_content":"","_relevanssi_pin_for_all":"","_relevanssi_pin_keywords":"","_relevanssi_unpin_keywords":"","_relevanssi_related_keywords":"","_relevanssi_related_include_ids":"","_relevanssi_related_exclude_ids":"","_relevanssi_related_no_append":"","_relevanssi_related_not_related":"","_relevanssi_related_posts":"","_relevanssi_noindex_reason":"","pgc_sgb_lightbox_settings":"","footnotes":""},"categories":[1603,2],"tags":[],"class_list":["post-22482","post","type-post","status-publish","format-standard","has-post-thumbnail","hentry","category-classique","category-resonance"],"acf":[],"yoast_head":"<!-- This site is optimized with the Yoast SEO plugin v27.3 - https:\/\/yoast.com\/product\/yoast-seo-wordpress\/ -->\n<title>Nabucco \u00e0 la Cath\u00e9drale - Revue Musicale Suisse<\/title>\n<meta name=\"robots\" content=\"index, follow, max-snippet:-1, max-image-preview:large, max-video-preview:-1\" \/>\n<link rel=\"canonical\" href=\"https:\/\/www.revuemusicale.ch\/it\/news\/resonance\/2018\/09\/nabucco-a-la-cathedrale\/\" \/>\n<meta property=\"og:locale\" content=\"it_IT\" \/>\n<meta property=\"og:type\" content=\"article\" \/>\n<meta property=\"og:title\" content=\"Nabucco \u00e0 la Cath\u00e9drale - Revue Musicale Suisse\" \/>\n<meta property=\"og:description\" content=\"L\u2019orchestre Amabilis de Lausanne et l\u2019ensemble vocal Horizons d\u2019Yverdon-les-Bains pr\u00e9senteront le c\u00e9l\u00e8bre op\u00e9ra \u00abNabucco\u00bb de Verdi les 17, 18, 20 et 21 novembre \u00e0 la cath\u00e9drale de Lausanne. C\u2019est dans une version in\u00e9dite et quelque peu audacieuse que le th\u00e8me de l\u2019immigration au c\u0153ur de cet op\u00e9ra sera mis \u00e0 l\u2019honneur.\" \/>\n<meta property=\"og:url\" content=\"https:\/\/www.revuemusicale.ch\/it\/news\/resonance\/2018\/09\/nabucco-a-la-cathedrale\/\" \/>\n<meta property=\"og:site_name\" content=\"Revue Musicale Suisse\" \/>\n<meta property=\"article:publisher\" content=\"https:\/\/www.facebook.com\/SchweizerMusikzeitung\/\" \/>\n<meta property=\"article:published_time\" content=\"2018-09-24T22:00:00+00:00\" \/>\n<meta property=\"article:modified_time\" content=\"2023-01-18T16:42:39+00:00\" \/>\n<meta property=\"og:image\" content=\"https:\/\/www.revuemusicale.ch\/wp-content\/uploads\/2023\/01\/NabuccoRender-Copy.jpg\" \/>\n\t<meta property=\"og:image:width\" content=\"554\" \/>\n\t<meta property=\"og:image:height\" content=\"317\" \/>\n\t<meta property=\"og:image:type\" content=\"image\/jpeg\" \/>\n<meta name=\"author\" content=\"Musikzeitung-Redaktion\" \/>\n<meta name=\"twitter:card\" content=\"summary_large_image\" \/>\n<meta name=\"twitter:creator\" content=\"@smusikzeitung\" \/>\n<meta name=\"twitter:site\" content=\"@smusikzeitung\" \/>\n<meta name=\"twitter:label1\" content=\"Scritto da\" \/>\n\t<meta name=\"twitter:data1\" content=\"Musikzeitung-Redaktion\" \/>\n\t<meta name=\"twitter:label2\" content=\"Tempo di lettura stimato\" \/>\n\t<meta name=\"twitter:data2\" content=\"2 minuti\" \/>\n<script type=\"application\/ld+json\" class=\"yoast-schema-graph\">{\"@context\":\"https:\\\/\\\/schema.org\",\"@graph\":[{\"@type\":\"Article\",\"@id\":\"https:\\\/\\\/www.revuemusicale.ch\\\/news\\\/resonance\\\/2018\\\/09\\\/nabucco-a-la-cathedrale#article\",\"isPartOf\":{\"@id\":\"https:\\\/\\\/www.revuemusicale.ch\\\/news\\\/resonance\\\/2018\\\/09\\\/nabucco-a-la-cathedrale\"},\"author\":{\"name\":\"Musikzeitung-Redaktion\",\"@id\":\"https:\\\/\\\/www.revuemusicale.ch\\\/#\\\/schema\\\/person\\\/b2fd892c800856270b9dcc6001265712\"},\"headline\":\"Nabucco \u00e0 la Cath\u00e9drale\",\"datePublished\":\"2018-09-24T22:00:00+00:00\",\"dateModified\":\"2023-01-18T16:42:39+00:00\",\"mainEntityOfPage\":{\"@id\":\"https:\\\/\\\/www.revuemusicale.ch\\\/news\\\/resonance\\\/2018\\\/09\\\/nabucco-a-la-cathedrale\"},\"wordCount\":319,\"commentCount\":0,\"publisher\":{\"@id\":\"https:\\\/\\\/www.revuemusicale.ch\\\/#organization\"},\"image\":{\"@id\":\"https:\\\/\\\/www.revuemusicale.ch\\\/news\\\/resonance\\\/2018\\\/09\\\/nabucco-a-la-cathedrale#primaryimage\"},\"thumbnailUrl\":\"https:\\\/\\\/www.revuemusicale.ch\\\/wp-content\\\/uploads\\\/2023\\\/01\\\/NabuccoRender-Copy.jpg\",\"articleSection\":[\"Classique\",\"Resonance\"],\"inLanguage\":\"it-IT\"},{\"@type\":\"WebPage\",\"@id\":\"https:\\\/\\\/www.revuemusicale.ch\\\/news\\\/resonance\\\/2018\\\/09\\\/nabucco-a-la-cathedrale\",\"url\":\"https:\\\/\\\/www.revuemusicale.ch\\\/news\\\/resonance\\\/2018\\\/09\\\/nabucco-a-la-cathedrale\",\"name\":\"Nabucco \u00e0 la Cath\u00e9drale - Revue Musicale Suisse\",\"isPartOf\":{\"@id\":\"https:\\\/\\\/www.revuemusicale.ch\\\/#website\"},\"primaryImageOfPage\":{\"@id\":\"https:\\\/\\\/www.revuemusicale.ch\\\/news\\\/resonance\\\/2018\\\/09\\\/nabucco-a-la-cathedrale#primaryimage\"},\"image\":{\"@id\":\"https:\\\/\\\/www.revuemusicale.ch\\\/news\\\/resonance\\\/2018\\\/09\\\/nabucco-a-la-cathedrale#primaryimage\"},\"thumbnailUrl\":\"https:\\\/\\\/www.revuemusicale.ch\\\/wp-content\\\/uploads\\\/2023\\\/01\\\/NabuccoRender-Copy.jpg\",\"datePublished\":\"2018-09-24T22:00:00+00:00\",\"dateModified\":\"2023-01-18T16:42:39+00:00\",\"breadcrumb\":{\"@id\":\"https:\\\/\\\/www.revuemusicale.ch\\\/news\\\/resonance\\\/2018\\\/09\\\/nabucco-a-la-cathedrale#breadcrumb\"},\"inLanguage\":\"it-IT\",\"potentialAction\":[{\"@type\":\"ReadAction\",\"target\":[\"https:\\\/\\\/www.revuemusicale.ch\\\/news\\\/resonance\\\/2018\\\/09\\\/nabucco-a-la-cathedrale\"]}]},{\"@type\":\"ImageObject\",\"inLanguage\":\"it-IT\",\"@id\":\"https:\\\/\\\/www.revuemusicale.ch\\\/news\\\/resonance\\\/2018\\\/09\\\/nabucco-a-la-cathedrale#primaryimage\",\"url\":\"https:\\\/\\\/www.revuemusicale.ch\\\/wp-content\\\/uploads\\\/2023\\\/01\\\/NabuccoRender-Copy.jpg\",\"contentUrl\":\"https:\\\/\\\/www.revuemusicale.ch\\\/wp-content\\\/uploads\\\/2023\\\/01\\\/NabuccoRender-Copy.jpg\",\"width\":554,\"height\":317},{\"@type\":\"BreadcrumbList\",\"@id\":\"https:\\\/\\\/www.revuemusicale.ch\\\/news\\\/resonance\\\/2018\\\/09\\\/nabucco-a-la-cathedrale#breadcrumb\",\"itemListElement\":[{\"@type\":\"ListItem\",\"position\":1,\"name\":\"Home\",\"item\":\"https:\\\/\\\/www.revuemusicale.ch\\\/\"},{\"@type\":\"ListItem\",\"position\":2,\"name\":\"Nabucco \u00e0 la Cath\u00e9drale\"}]},{\"@type\":\"WebSite\",\"@id\":\"https:\\\/\\\/www.revuemusicale.ch\\\/#website\",\"url\":\"https:\\\/\\\/www.revuemusicale.ch\\\/\",\"name\":\"Revue Musicale Suisse\",\"description\":\"\",\"publisher\":{\"@id\":\"https:\\\/\\\/www.revuemusicale.ch\\\/#organization\"},\"potentialAction\":[{\"@type\":\"SearchAction\",\"target\":{\"@type\":\"EntryPoint\",\"urlTemplate\":\"https:\\\/\\\/www.revuemusicale.ch\\\/?s={search_term_string}\"},\"query-input\":{\"@type\":\"PropertyValueSpecification\",\"valueRequired\":true,\"valueName\":\"search_term_string\"}}],\"inLanguage\":\"it-IT\"},{\"@type\":\"Organization\",\"@id\":\"https:\\\/\\\/www.revuemusicale.ch\\\/#organization\",\"name\":\"Revue Musicale Suisse\",\"url\":\"https:\\\/\\\/www.revuemusicale.ch\\\/\",\"logo\":{\"@type\":\"ImageObject\",\"inLanguage\":\"it-IT\",\"@id\":\"https:\\\/\\\/www.revuemusicale.ch\\\/#\\\/schema\\\/logo\\\/image\\\/\",\"url\":\"https:\\\/\\\/www.revuemusicale.ch\\\/wp-content\\\/uploads\\\/2023\\\/01\\\/logo_revuemusicale_musikzeitung.jpg\",\"contentUrl\":\"https:\\\/\\\/www.revuemusicale.ch\\\/wp-content\\\/uploads\\\/2023\\\/01\\\/logo_revuemusicale_musikzeitung.jpg\",\"width\":1200,\"height\":243,\"caption\":\"Revue Musicale Suisse\"},\"image\":{\"@id\":\"https:\\\/\\\/www.revuemusicale.ch\\\/#\\\/schema\\\/logo\\\/image\\\/\"},\"sameAs\":[\"https:\\\/\\\/www.facebook.com\\\/SchweizerMusikzeitung\\\/\",\"https:\\\/\\\/x.com\\\/smusikzeitung\",\"https:\\\/\\\/www.instagram.com\\\/musikzeitung.ch\\\/?hl=de\"]},{\"@type\":\"Person\",\"@id\":\"https:\\\/\\\/www.revuemusicale.ch\\\/#\\\/schema\\\/person\\\/b2fd892c800856270b9dcc6001265712\",\"name\":\"Musikzeitung-Redaktion\",\"image\":{\"@type\":\"ImageObject\",\"inLanguage\":\"it-IT\",\"@id\":\"https:\\\/\\\/secure.gravatar.com\\\/avatar\\\/0c7e6a405862e402eb76a70f8a26fc732d07c32931e9fae9ab1582911d2e8a3b?s=96&d=mm&r=g\",\"url\":\"https:\\\/\\\/secure.gravatar.com\\\/avatar\\\/0c7e6a405862e402eb76a70f8a26fc732d07c32931e9fae9ab1582911d2e8a3b?s=96&d=mm&r=g\",\"contentUrl\":\"https:\\\/\\\/secure.gravatar.com\\\/avatar\\\/0c7e6a405862e402eb76a70f8a26fc732d07c32931e9fae9ab1582911d2e8a3b?s=96&d=mm&r=g\",\"caption\":\"Musikzeitung-Redaktion\"},\"sameAs\":[\"http:\\\/\\\/wundo-docker.io\"],\"url\":\"https:\\\/\\\/www.revuemusicale.ch\\\/it\\\/author\\\/admin\"}]}<\/script>\n<!-- \/ Yoast SEO plugin. -->","yoast_head_json":{"title":"Nabucco \u00e0 la Cath\u00e9drale - Revue Musicale Suisse","robots":{"index":"index","follow":"follow","max-snippet":"max-snippet:-1","max-image-preview":"max-image-preview:large","max-video-preview":"max-video-preview:-1"},"canonical":"https:\/\/www.revuemusicale.ch\/it\/news\/resonance\/2018\/09\/nabucco-a-la-cathedrale\/","og_locale":"it_IT","og_type":"article","og_title":"Nabucco \u00e0 la Cath\u00e9drale - Revue Musicale Suisse","og_description":"L\u2019orchestre Amabilis de Lausanne et l\u2019ensemble vocal Horizons d\u2019Yverdon-les-Bains pr\u00e9senteront le c\u00e9l\u00e8bre op\u00e9ra \u00abNabucco\u00bb de Verdi les 17, 18, 20 et 21 novembre \u00e0 la cath\u00e9drale de Lausanne. C\u2019est dans une version in\u00e9dite et quelque peu audacieuse que le th\u00e8me de l\u2019immigration au c\u0153ur de cet op\u00e9ra sera mis \u00e0 l\u2019honneur.","og_url":"https:\/\/www.revuemusicale.ch\/it\/news\/resonance\/2018\/09\/nabucco-a-la-cathedrale\/","og_site_name":"Revue Musicale Suisse","article_publisher":"https:\/\/www.facebook.com\/SchweizerMusikzeitung\/","article_published_time":"2018-09-24T22:00:00+00:00","article_modified_time":"2023-01-18T16:42:39+00:00","og_image":[{"width":554,"height":317,"url":"https:\/\/www.revuemusicale.ch\/wp-content\/uploads\/2023\/01\/NabuccoRender-Copy.jpg","type":"image\/jpeg"}],"author":"Musikzeitung-Redaktion","twitter_card":"summary_large_image","twitter_creator":"@smusikzeitung","twitter_site":"@smusikzeitung","twitter_misc":{"Scritto da":"Musikzeitung-Redaktion","Tempo di lettura stimato":"2 minuti"},"schema":{"@context":"https:\/\/schema.org","@graph":[{"@type":"Article","@id":"https:\/\/www.revuemusicale.ch\/news\/resonance\/2018\/09\/nabucco-a-la-cathedrale#article","isPartOf":{"@id":"https:\/\/www.revuemusicale.ch\/news\/resonance\/2018\/09\/nabucco-a-la-cathedrale"},"author":{"name":"Musikzeitung-Redaktion","@id":"https:\/\/www.revuemusicale.ch\/#\/schema\/person\/b2fd892c800856270b9dcc6001265712"},"headline":"Nabucco \u00e0 la Cath\u00e9drale","datePublished":"2018-09-24T22:00:00+00:00","dateModified":"2023-01-18T16:42:39+00:00","mainEntityOfPage":{"@id":"https:\/\/www.revuemusicale.ch\/news\/resonance\/2018\/09\/nabucco-a-la-cathedrale"},"wordCount":319,"commentCount":0,"publisher":{"@id":"https:\/\/www.revuemusicale.ch\/#organization"},"image":{"@id":"https:\/\/www.revuemusicale.ch\/news\/resonance\/2018\/09\/nabucco-a-la-cathedrale#primaryimage"},"thumbnailUrl":"https:\/\/www.revuemusicale.ch\/wp-content\/uploads\/2023\/01\/NabuccoRender-Copy.jpg","articleSection":["Classique","Resonance"],"inLanguage":"it-IT"},{"@type":"WebPage","@id":"https:\/\/www.revuemusicale.ch\/news\/resonance\/2018\/09\/nabucco-a-la-cathedrale","url":"https:\/\/www.revuemusicale.ch\/news\/resonance\/2018\/09\/nabucco-a-la-cathedrale","name":"Nabucco \u00e0 la Cath\u00e9drale - Revue Musicale Suisse","isPartOf":{"@id":"https:\/\/www.revuemusicale.ch\/#website"},"primaryImageOfPage":{"@id":"https:\/\/www.revuemusicale.ch\/news\/resonance\/2018\/09\/nabucco-a-la-cathedrale#primaryimage"},"image":{"@id":"https:\/\/www.revuemusicale.ch\/news\/resonance\/2018\/09\/nabucco-a-la-cathedrale#primaryimage"},"thumbnailUrl":"https:\/\/www.revuemusicale.ch\/wp-content\/uploads\/2023\/01\/NabuccoRender-Copy.jpg","datePublished":"2018-09-24T22:00:00+00:00","dateModified":"2023-01-18T16:42:39+00:00","breadcrumb":{"@id":"https:\/\/www.revuemusicale.ch\/news\/resonance\/2018\/09\/nabucco-a-la-cathedrale#breadcrumb"},"inLanguage":"it-IT","potentialAction":[{"@type":"ReadAction","target":["https:\/\/www.revuemusicale.ch\/news\/resonance\/2018\/09\/nabucco-a-la-cathedrale"]}]},{"@type":"ImageObject","inLanguage":"it-IT","@id":"https:\/\/www.revuemusicale.ch\/news\/resonance\/2018\/09\/nabucco-a-la-cathedrale#primaryimage","url":"https:\/\/www.revuemusicale.ch\/wp-content\/uploads\/2023\/01\/NabuccoRender-Copy.jpg","contentUrl":"https:\/\/www.revuemusicale.ch\/wp-content\/uploads\/2023\/01\/NabuccoRender-Copy.jpg","width":554,"height":317},{"@type":"BreadcrumbList","@id":"https:\/\/www.revuemusicale.ch\/news\/resonance\/2018\/09\/nabucco-a-la-cathedrale#breadcrumb","itemListElement":[{"@type":"ListItem","position":1,"name":"Home","item":"https:\/\/www.revuemusicale.ch\/"},{"@type":"ListItem","position":2,"name":"Nabucco \u00e0 la Cath\u00e9drale"}]},{"@type":"WebSite","@id":"https:\/\/www.revuemusicale.ch\/#website","url":"https:\/\/www.revuemusicale.ch\/","name":"Rassegna musicale svizzera","description":"","publisher":{"@id":"https:\/\/www.revuemusicale.ch\/#organization"},"potentialAction":[{"@type":"SearchAction","target":{"@type":"EntryPoint","urlTemplate":"https:\/\/www.revuemusicale.ch\/?s={search_term_string}"},"query-input":{"@type":"PropertyValueSpecification","valueRequired":true,"valueName":"search_term_string"}}],"inLanguage":"it-IT"},{"@type":"Organization","@id":"https:\/\/www.revuemusicale.ch\/#organization","name":"Rassegna musicale svizzera","url":"https:\/\/www.revuemusicale.ch\/","logo":{"@type":"ImageObject","inLanguage":"it-IT","@id":"https:\/\/www.revuemusicale.ch\/#\/schema\/logo\/image\/","url":"https:\/\/www.revuemusicale.ch\/wp-content\/uploads\/2023\/01\/logo_revuemusicale_musikzeitung.jpg","contentUrl":"https:\/\/www.revuemusicale.ch\/wp-content\/uploads\/2023\/01\/logo_revuemusicale_musikzeitung.jpg","width":1200,"height":243,"caption":"Revue Musicale Suisse"},"image":{"@id":"https:\/\/www.revuemusicale.ch\/#\/schema\/logo\/image\/"},"sameAs":["https:\/\/www.facebook.com\/SchweizerMusikzeitung\/","https:\/\/x.com\/smusikzeitung","https:\/\/www.instagram.com\/musikzeitung.ch\/?hl=de"]},{"@type":"Person","@id":"https:\/\/www.revuemusicale.ch\/#\/schema\/person\/b2fd892c800856270b9dcc6001265712","name":"Musikzeitung-Redaktion","image":{"@type":"ImageObject","inLanguage":"it-IT","@id":"https:\/\/secure.gravatar.com\/avatar\/0c7e6a405862e402eb76a70f8a26fc732d07c32931e9fae9ab1582911d2e8a3b?s=96&d=mm&r=g","url":"https:\/\/secure.gravatar.com\/avatar\/0c7e6a405862e402eb76a70f8a26fc732d07c32931e9fae9ab1582911d2e8a3b?s=96&d=mm&r=g","contentUrl":"https:\/\/secure.gravatar.com\/avatar\/0c7e6a405862e402eb76a70f8a26fc732d07c32931e9fae9ab1582911d2e8a3b?s=96&d=mm&r=g","caption":"Musikzeitung-Redaktion"},"sameAs":["http:\/\/wundo-docker.io"],"url":"https:\/\/www.revuemusicale.ch\/it\/author\/admin"}]}},"publishpress_future_action":{"enabled":false,"date":"1970-01-01 01:00:00","action":"change-status","newStatus":"draft","terms":[],"taxonomy":"category","extraData":[]},"publishpress_future_workflow_manual_trigger":{"enabledWorkflows":[]},"_links":{"self":[{"href":"https:\/\/www.revuemusicale.ch\/it\/wp-json\/wp\/v2\/posts\/22482","targetHints":{"allow":["GET"]}}],"collection":[{"href":"https:\/\/www.revuemusicale.ch\/it\/wp-json\/wp\/v2\/posts"}],"about":[{"href":"https:\/\/www.revuemusicale.ch\/it\/wp-json\/wp\/v2\/types\/post"}],"author":[{"embeddable":true,"href":"https:\/\/www.revuemusicale.ch\/it\/wp-json\/wp\/v2\/users\/1"}],"replies":[{"embeddable":true,"href":"https:\/\/www.revuemusicale.ch\/it\/wp-json\/wp\/v2\/comments?post=22482"}],"version-history":[{"count":1,"href":"https:\/\/www.revuemusicale.ch\/it\/wp-json\/wp\/v2\/posts\/22482\/revisions"}],"predecessor-version":[{"id":22484,"href":"https:\/\/www.revuemusicale.ch\/it\/wp-json\/wp\/v2\/posts\/22482\/revisions\/22484"}],"wp:featuredmedia":[{"embeddable":true,"href":"https:\/\/www.revuemusicale.ch\/it\/wp-json\/wp\/v2\/media\/22483"}],"wp:attachment":[{"href":"https:\/\/www.revuemusicale.ch\/it\/wp-json\/wp\/v2\/media?parent=22482"}],"wp:term":[{"taxonomy":"category","embeddable":true,"href":"https:\/\/www.revuemusicale.ch\/it\/wp-json\/wp\/v2\/categories?post=22482"},{"taxonomy":"post_tag","embeddable":true,"href":"https:\/\/www.revuemusicale.ch\/it\/wp-json\/wp\/v2\/tags?post=22482"}],"curies":[{"name":"wp","href":"https:\/\/api.w.org\/{rel}","templated":true}]}}