{"id":22497,"date":"2019-04-28T00:00:00","date_gmt":"2019-04-27T22:00:00","guid":{"rendered":"https:\/\/www.revuemusicale.ch\/blog\/2019\/04\/28\/haut-de-gamme-gratuit\/"},"modified":"2023-01-18T17:42:42","modified_gmt":"2023-01-18T16:42:42","slug":"haut-de-gamme-gratuit","status":"publish","type":"post","link":"https:\/\/www.revuemusicale.ch\/it\/news\/resonance\/2019\/04\/haut-de-gamme-gratuit","title":{"rendered":"Top di gamma gratuito"},"content":{"rendered":"<figure style=\"width: 1200px\" class=\"wp-caption alignnone\"><img decoding=\"async\" class=\"size-full\" src=\"https:\/\/www.revuemusicale.ch\/wp-content\/uploads\/2023\/01\/Beatrice_Berrut_Pianiste.jpg\" alt=\"\" \/><figcaption class=\"wp-caption-text\">Beatrice Berrut. Foto: Evavishneva<\/figcaption><\/figure>\n<div class='text-section'>\n<p>Con Lionel Cottet e Jorge Viladoms, il Week-End Musical 2019 prende il via con un viaggio tra l'America Latina e il repertorio europeo. Sabato sera tocca al violinista Gilles Apap portare il pubblico oltre le barriere tra gli stili. La domenica \u00e8 tradizionalmente aperta al pubblico (molto) giovane, con Benjamin Cuche e l'ensemble di percussioni Acousticks che propongono <em>Torna alla misurazione<\/em>uno spettacolo musicale per bambini dai 5 anni in su, ragazzi e adulti.<\/p>\n<p>Nel pomeriggio, il pubblico avr\u00e0 l'opportunit\u00e0 di vedere tre festival classici della Svizzera francese condividere il palco. I direttori del Festival du Jura, del Festival Horizon (NE) e del Week-End Musical de Pully eseguiranno la prima di <em>La Revue de cuisine<\/em>con l'attore Rapha\u00ebl Michoud.<\/p>\n<p>Al termine della giornata, il mezzosoprano Marina Viotti accompagner\u00e0 il pubblico in un viaggio attraverso il tempo e gli stili, sul tema della malinconia. Brani di John Dowland, rivisitati con strumentazione moderna, si sposeranno con i Metallica o Lana del Rey, in una versione \"rinascimentale\" di voce e liuto.<\/p>\n<p>Infine, il Week-End Musical de Pully si chiuder\u00e0 con il recital della pianista Beatrice Berrut. Questa pianista vallesana poliedrica (direzione d'orchestra, arrangiamenti) con la passione per la montagna affronter\u00e0 tre grandi compositori romantici: Wagner, Mahler e Liszt. Sabato terr\u00e0 anche la tradizionale Masterclass.<\/p>\n<p>Per saperne di pi\u00f9: <a href='http:\/\/www.wempully.ch'>www.wempully.ch<\/a><\/p>\n<\/p><\/div>","protected":false},"excerpt":{"rendered":"<p><strong>Dal 3 al 5 maggio, la settima edizione del Week-End Musical de Pully \u00e8 destinata ad attirare pi\u00f9 di 3.000 appassionati di musica. Per raggiungere questo obiettivo, la ricetta degli organizzatori del festival rimane la stessa: un programma giovane, locale, vario e soprattutto ambizioso. Sono previsti 24 eventi musicali a ingresso gratuito. <\/strong><\/p>","protected":false},"author":1,"featured_media":22498,"comment_status":"open","ping_status":"open","sticky":false,"template":"","format":"standard","meta":{"_acf_changed":false,"_relevanssi_hide_post":"","_relevanssi_hide_content":"","_relevanssi_pin_for_all":"","_relevanssi_pin_keywords":"","_relevanssi_unpin_keywords":"","_relevanssi_related_keywords":"","_relevanssi_related_include_ids":"","_relevanssi_related_exclude_ids":"","_relevanssi_related_no_append":"","_relevanssi_related_not_related":"","_relevanssi_related_posts":"","_relevanssi_noindex_reason":"","pgc_sgb_lightbox_settings":"","footnotes":""},"categories":[1603,2],"tags":[],"class_list":["post-22497","post","type-post","status-publish","format-standard","has-post-thumbnail","hentry","category-classique","category-resonance"],"acf":[],"yoast_head":"<!-- This site is optimized with the Yoast SEO plugin v27.3 - https:\/\/yoast.com\/product\/yoast-seo-wordpress\/ -->\n<title>Haut de gamme gratuit - Revue Musicale Suisse<\/title>\n<meta name=\"robots\" content=\"index, follow, max-snippet:-1, max-image-preview:large, max-video-preview:-1\" \/>\n<link rel=\"canonical\" href=\"https:\/\/www.revuemusicale.ch\/it\/news\/resonance\/2019\/04\/haut-de-gamme-gratuit\/\" \/>\n<meta property=\"og:locale\" content=\"it_IT\" \/>\n<meta property=\"og:type\" content=\"article\" \/>\n<meta property=\"og:title\" content=\"Haut de gamme gratuit - Revue Musicale Suisse\" \/>\n<meta property=\"og:description\" content=\"Du 3 au 5 mai prochains, la septi\u00e8me \u00e9dition du Week-End Musical de Pully devrait r\u00e9unir plus de 3000 amateurs de musique. Pour ce faire, la recette des organisateurs du festival reste la m\u00eame: une programmation jeune, locale, vari\u00e9e et surtout ambitieuse. 24 \u00e9v\u00e9nements musicaux en entr\u00e9e libre sont pr\u00e9vus.\" \/>\n<meta property=\"og:url\" content=\"https:\/\/www.revuemusicale.ch\/it\/news\/resonance\/2019\/04\/haut-de-gamme-gratuit\/\" \/>\n<meta property=\"og:site_name\" content=\"Revue Musicale Suisse\" \/>\n<meta property=\"article:publisher\" content=\"https:\/\/www.facebook.com\/SchweizerMusikzeitung\/\" \/>\n<meta property=\"article:published_time\" content=\"2019-04-27T22:00:00+00:00\" \/>\n<meta property=\"article:modified_time\" content=\"2023-01-18T16:42:42+00:00\" \/>\n<meta property=\"og:image\" content=\"https:\/\/www.revuemusicale.ch\/wp-content\/uploads\/2023\/01\/Beatrice_Berrut_Pianiste.jpg\" \/>\n\t<meta property=\"og:image:width\" content=\"554\" \/>\n\t<meta property=\"og:image:height\" content=\"368\" \/>\n\t<meta property=\"og:image:type\" content=\"image\/jpeg\" \/>\n<meta name=\"author\" content=\"Musikzeitung-Redaktion\" \/>\n<meta name=\"twitter:card\" content=\"summary_large_image\" \/>\n<meta name=\"twitter:creator\" content=\"@smusikzeitung\" \/>\n<meta name=\"twitter:site\" content=\"@smusikzeitung\" \/>\n<meta name=\"twitter:label1\" content=\"Scritto da\" \/>\n\t<meta name=\"twitter:data1\" content=\"Musikzeitung-Redaktion\" \/>\n\t<meta name=\"twitter:label2\" content=\"Tempo di lettura stimato\" \/>\n\t<meta name=\"twitter:data2\" content=\"1 minuto\" \/>\n<script type=\"application\/ld+json\" class=\"yoast-schema-graph\">{\"@context\":\"https:\\\/\\\/schema.org\",\"@graph\":[{\"@type\":\"Article\",\"@id\":\"https:\\\/\\\/www.revuemusicale.ch\\\/news\\\/resonance\\\/2019\\\/04\\\/haut-de-gamme-gratuit#article\",\"isPartOf\":{\"@id\":\"https:\\\/\\\/www.revuemusicale.ch\\\/news\\\/resonance\\\/2019\\\/04\\\/haut-de-gamme-gratuit\"},\"author\":{\"name\":\"Musikzeitung-Redaktion\",\"@id\":\"https:\\\/\\\/www.revuemusicale.ch\\\/#\\\/schema\\\/person\\\/b2fd892c800856270b9dcc6001265712\"},\"headline\":\"Haut de gamme gratuit\",\"datePublished\":\"2019-04-27T22:00:00+00:00\",\"dateModified\":\"2023-01-18T16:42:42+00:00\",\"mainEntityOfPage\":{\"@id\":\"https:\\\/\\\/www.revuemusicale.ch\\\/news\\\/resonance\\\/2019\\\/04\\\/haut-de-gamme-gratuit\"},\"wordCount\":251,\"commentCount\":0,\"publisher\":{\"@id\":\"https:\\\/\\\/www.revuemusicale.ch\\\/#organization\"},\"image\":{\"@id\":\"https:\\\/\\\/www.revuemusicale.ch\\\/news\\\/resonance\\\/2019\\\/04\\\/haut-de-gamme-gratuit#primaryimage\"},\"thumbnailUrl\":\"https:\\\/\\\/www.revuemusicale.ch\\\/wp-content\\\/uploads\\\/2023\\\/01\\\/Beatrice_Berrut_Pianiste.jpg\",\"articleSection\":[\"Classique\",\"Resonance\"],\"inLanguage\":\"it-IT\"},{\"@type\":\"WebPage\",\"@id\":\"https:\\\/\\\/www.revuemusicale.ch\\\/news\\\/resonance\\\/2019\\\/04\\\/haut-de-gamme-gratuit\",\"url\":\"https:\\\/\\\/www.revuemusicale.ch\\\/news\\\/resonance\\\/2019\\\/04\\\/haut-de-gamme-gratuit\",\"name\":\"Haut de gamme gratuit - Revue Musicale Suisse\",\"isPartOf\":{\"@id\":\"https:\\\/\\\/www.revuemusicale.ch\\\/#website\"},\"primaryImageOfPage\":{\"@id\":\"https:\\\/\\\/www.revuemusicale.ch\\\/news\\\/resonance\\\/2019\\\/04\\\/haut-de-gamme-gratuit#primaryimage\"},\"image\":{\"@id\":\"https:\\\/\\\/www.revuemusicale.ch\\\/news\\\/resonance\\\/2019\\\/04\\\/haut-de-gamme-gratuit#primaryimage\"},\"thumbnailUrl\":\"https:\\\/\\\/www.revuemusicale.ch\\\/wp-content\\\/uploads\\\/2023\\\/01\\\/Beatrice_Berrut_Pianiste.jpg\",\"datePublished\":\"2019-04-27T22:00:00+00:00\",\"dateModified\":\"2023-01-18T16:42:42+00:00\",\"breadcrumb\":{\"@id\":\"https:\\\/\\\/www.revuemusicale.ch\\\/news\\\/resonance\\\/2019\\\/04\\\/haut-de-gamme-gratuit#breadcrumb\"},\"inLanguage\":\"it-IT\",\"potentialAction\":[{\"@type\":\"ReadAction\",\"target\":[\"https:\\\/\\\/www.revuemusicale.ch\\\/news\\\/resonance\\\/2019\\\/04\\\/haut-de-gamme-gratuit\"]}]},{\"@type\":\"ImageObject\",\"inLanguage\":\"it-IT\",\"@id\":\"https:\\\/\\\/www.revuemusicale.ch\\\/news\\\/resonance\\\/2019\\\/04\\\/haut-de-gamme-gratuit#primaryimage\",\"url\":\"https:\\\/\\\/www.revuemusicale.ch\\\/wp-content\\\/uploads\\\/2023\\\/01\\\/Beatrice_Berrut_Pianiste.jpg\",\"contentUrl\":\"https:\\\/\\\/www.revuemusicale.ch\\\/wp-content\\\/uploads\\\/2023\\\/01\\\/Beatrice_Berrut_Pianiste.jpg\",\"width\":554,\"height\":368},{\"@type\":\"BreadcrumbList\",\"@id\":\"https:\\\/\\\/www.revuemusicale.ch\\\/news\\\/resonance\\\/2019\\\/04\\\/haut-de-gamme-gratuit#breadcrumb\",\"itemListElement\":[{\"@type\":\"ListItem\",\"position\":1,\"name\":\"Home\",\"item\":\"https:\\\/\\\/www.revuemusicale.ch\\\/\"},{\"@type\":\"ListItem\",\"position\":2,\"name\":\"Haut de gamme gratuit\"}]},{\"@type\":\"WebSite\",\"@id\":\"https:\\\/\\\/www.revuemusicale.ch\\\/#website\",\"url\":\"https:\\\/\\\/www.revuemusicale.ch\\\/\",\"name\":\"Revue Musicale Suisse\",\"description\":\"\",\"publisher\":{\"@id\":\"https:\\\/\\\/www.revuemusicale.ch\\\/#organization\"},\"potentialAction\":[{\"@type\":\"SearchAction\",\"target\":{\"@type\":\"EntryPoint\",\"urlTemplate\":\"https:\\\/\\\/www.revuemusicale.ch\\\/?s={search_term_string}\"},\"query-input\":{\"@type\":\"PropertyValueSpecification\",\"valueRequired\":true,\"valueName\":\"search_term_string\"}}],\"inLanguage\":\"it-IT\"},{\"@type\":\"Organization\",\"@id\":\"https:\\\/\\\/www.revuemusicale.ch\\\/#organization\",\"name\":\"Revue Musicale Suisse\",\"url\":\"https:\\\/\\\/www.revuemusicale.ch\\\/\",\"logo\":{\"@type\":\"ImageObject\",\"inLanguage\":\"it-IT\",\"@id\":\"https:\\\/\\\/www.revuemusicale.ch\\\/#\\\/schema\\\/logo\\\/image\\\/\",\"url\":\"https:\\\/\\\/www.revuemusicale.ch\\\/wp-content\\\/uploads\\\/2023\\\/01\\\/logo_revuemusicale_musikzeitung.jpg\",\"contentUrl\":\"https:\\\/\\\/www.revuemusicale.ch\\\/wp-content\\\/uploads\\\/2023\\\/01\\\/logo_revuemusicale_musikzeitung.jpg\",\"width\":1200,\"height\":243,\"caption\":\"Revue Musicale Suisse\"},\"image\":{\"@id\":\"https:\\\/\\\/www.revuemusicale.ch\\\/#\\\/schema\\\/logo\\\/image\\\/\"},\"sameAs\":[\"https:\\\/\\\/www.facebook.com\\\/SchweizerMusikzeitung\\\/\",\"https:\\\/\\\/x.com\\\/smusikzeitung\",\"https:\\\/\\\/www.instagram.com\\\/musikzeitung.ch\\\/?hl=de\"]},{\"@type\":\"Person\",\"@id\":\"https:\\\/\\\/www.revuemusicale.ch\\\/#\\\/schema\\\/person\\\/b2fd892c800856270b9dcc6001265712\",\"name\":\"Musikzeitung-Redaktion\",\"image\":{\"@type\":\"ImageObject\",\"inLanguage\":\"it-IT\",\"@id\":\"https:\\\/\\\/secure.gravatar.com\\\/avatar\\\/0c7e6a405862e402eb76a70f8a26fc732d07c32931e9fae9ab1582911d2e8a3b?s=96&d=mm&r=g\",\"url\":\"https:\\\/\\\/secure.gravatar.com\\\/avatar\\\/0c7e6a405862e402eb76a70f8a26fc732d07c32931e9fae9ab1582911d2e8a3b?s=96&d=mm&r=g\",\"contentUrl\":\"https:\\\/\\\/secure.gravatar.com\\\/avatar\\\/0c7e6a405862e402eb76a70f8a26fc732d07c32931e9fae9ab1582911d2e8a3b?s=96&d=mm&r=g\",\"caption\":\"Musikzeitung-Redaktion\"},\"sameAs\":[\"http:\\\/\\\/wundo-docker.io\"],\"url\":\"https:\\\/\\\/www.revuemusicale.ch\\\/it\\\/author\\\/admin\"}]}<\/script>\n<!-- \/ Yoast SEO plugin. -->","yoast_head_json":{"title":"Haut de gamme gratuit - Revue Musicale Suisse","robots":{"index":"index","follow":"follow","max-snippet":"max-snippet:-1","max-image-preview":"max-image-preview:large","max-video-preview":"max-video-preview:-1"},"canonical":"https:\/\/www.revuemusicale.ch\/it\/news\/resonance\/2019\/04\/haut-de-gamme-gratuit\/","og_locale":"it_IT","og_type":"article","og_title":"Haut de gamme gratuit - Revue Musicale Suisse","og_description":"Du 3 au 5 mai prochains, la septi\u00e8me \u00e9dition du Week-End Musical de Pully devrait r\u00e9unir plus de 3000 amateurs de musique. Pour ce faire, la recette des organisateurs du festival reste la m\u00eame: une programmation jeune, locale, vari\u00e9e et surtout ambitieuse. 24 \u00e9v\u00e9nements musicaux en entr\u00e9e libre sont pr\u00e9vus.","og_url":"https:\/\/www.revuemusicale.ch\/it\/news\/resonance\/2019\/04\/haut-de-gamme-gratuit\/","og_site_name":"Revue Musicale Suisse","article_publisher":"https:\/\/www.facebook.com\/SchweizerMusikzeitung\/","article_published_time":"2019-04-27T22:00:00+00:00","article_modified_time":"2023-01-18T16:42:42+00:00","og_image":[{"width":554,"height":368,"url":"https:\/\/www.revuemusicale.ch\/wp-content\/uploads\/2023\/01\/Beatrice_Berrut_Pianiste.jpg","type":"image\/jpeg"}],"author":"Musikzeitung-Redaktion","twitter_card":"summary_large_image","twitter_creator":"@smusikzeitung","twitter_site":"@smusikzeitung","twitter_misc":{"Scritto da":"Musikzeitung-Redaktion","Tempo di lettura stimato":"1 minuto"},"schema":{"@context":"https:\/\/schema.org","@graph":[{"@type":"Article","@id":"https:\/\/www.revuemusicale.ch\/news\/resonance\/2019\/04\/haut-de-gamme-gratuit#article","isPartOf":{"@id":"https:\/\/www.revuemusicale.ch\/news\/resonance\/2019\/04\/haut-de-gamme-gratuit"},"author":{"name":"Musikzeitung-Redaktion","@id":"https:\/\/www.revuemusicale.ch\/#\/schema\/person\/b2fd892c800856270b9dcc6001265712"},"headline":"Haut de gamme gratuit","datePublished":"2019-04-27T22:00:00+00:00","dateModified":"2023-01-18T16:42:42+00:00","mainEntityOfPage":{"@id":"https:\/\/www.revuemusicale.ch\/news\/resonance\/2019\/04\/haut-de-gamme-gratuit"},"wordCount":251,"commentCount":0,"publisher":{"@id":"https:\/\/www.revuemusicale.ch\/#organization"},"image":{"@id":"https:\/\/www.revuemusicale.ch\/news\/resonance\/2019\/04\/haut-de-gamme-gratuit#primaryimage"},"thumbnailUrl":"https:\/\/www.revuemusicale.ch\/wp-content\/uploads\/2023\/01\/Beatrice_Berrut_Pianiste.jpg","articleSection":["Classique","Resonance"],"inLanguage":"it-IT"},{"@type":"WebPage","@id":"https:\/\/www.revuemusicale.ch\/news\/resonance\/2019\/04\/haut-de-gamme-gratuit","url":"https:\/\/www.revuemusicale.ch\/news\/resonance\/2019\/04\/haut-de-gamme-gratuit","name":"Haut de gamme gratuit - Revue Musicale Suisse","isPartOf":{"@id":"https:\/\/www.revuemusicale.ch\/#website"},"primaryImageOfPage":{"@id":"https:\/\/www.revuemusicale.ch\/news\/resonance\/2019\/04\/haut-de-gamme-gratuit#primaryimage"},"image":{"@id":"https:\/\/www.revuemusicale.ch\/news\/resonance\/2019\/04\/haut-de-gamme-gratuit#primaryimage"},"thumbnailUrl":"https:\/\/www.revuemusicale.ch\/wp-content\/uploads\/2023\/01\/Beatrice_Berrut_Pianiste.jpg","datePublished":"2019-04-27T22:00:00+00:00","dateModified":"2023-01-18T16:42:42+00:00","breadcrumb":{"@id":"https:\/\/www.revuemusicale.ch\/news\/resonance\/2019\/04\/haut-de-gamme-gratuit#breadcrumb"},"inLanguage":"it-IT","potentialAction":[{"@type":"ReadAction","target":["https:\/\/www.revuemusicale.ch\/news\/resonance\/2019\/04\/haut-de-gamme-gratuit"]}]},{"@type":"ImageObject","inLanguage":"it-IT","@id":"https:\/\/www.revuemusicale.ch\/news\/resonance\/2019\/04\/haut-de-gamme-gratuit#primaryimage","url":"https:\/\/www.revuemusicale.ch\/wp-content\/uploads\/2023\/01\/Beatrice_Berrut_Pianiste.jpg","contentUrl":"https:\/\/www.revuemusicale.ch\/wp-content\/uploads\/2023\/01\/Beatrice_Berrut_Pianiste.jpg","width":554,"height":368},{"@type":"BreadcrumbList","@id":"https:\/\/www.revuemusicale.ch\/news\/resonance\/2019\/04\/haut-de-gamme-gratuit#breadcrumb","itemListElement":[{"@type":"ListItem","position":1,"name":"Home","item":"https:\/\/www.revuemusicale.ch\/"},{"@type":"ListItem","position":2,"name":"Haut de gamme gratuit"}]},{"@type":"WebSite","@id":"https:\/\/www.revuemusicale.ch\/#website","url":"https:\/\/www.revuemusicale.ch\/","name":"Rassegna musicale svizzera","description":"","publisher":{"@id":"https:\/\/www.revuemusicale.ch\/#organization"},"potentialAction":[{"@type":"SearchAction","target":{"@type":"EntryPoint","urlTemplate":"https:\/\/www.revuemusicale.ch\/?s={search_term_string}"},"query-input":{"@type":"PropertyValueSpecification","valueRequired":true,"valueName":"search_term_string"}}],"inLanguage":"it-IT"},{"@type":"Organization","@id":"https:\/\/www.revuemusicale.ch\/#organization","name":"Rassegna musicale svizzera","url":"https:\/\/www.revuemusicale.ch\/","logo":{"@type":"ImageObject","inLanguage":"it-IT","@id":"https:\/\/www.revuemusicale.ch\/#\/schema\/logo\/image\/","url":"https:\/\/www.revuemusicale.ch\/wp-content\/uploads\/2023\/01\/logo_revuemusicale_musikzeitung.jpg","contentUrl":"https:\/\/www.revuemusicale.ch\/wp-content\/uploads\/2023\/01\/logo_revuemusicale_musikzeitung.jpg","width":1200,"height":243,"caption":"Revue Musicale Suisse"},"image":{"@id":"https:\/\/www.revuemusicale.ch\/#\/schema\/logo\/image\/"},"sameAs":["https:\/\/www.facebook.com\/SchweizerMusikzeitung\/","https:\/\/x.com\/smusikzeitung","https:\/\/www.instagram.com\/musikzeitung.ch\/?hl=de"]},{"@type":"Person","@id":"https:\/\/www.revuemusicale.ch\/#\/schema\/person\/b2fd892c800856270b9dcc6001265712","name":"Musikzeitung-Redaktion","image":{"@type":"ImageObject","inLanguage":"it-IT","@id":"https:\/\/secure.gravatar.com\/avatar\/0c7e6a405862e402eb76a70f8a26fc732d07c32931e9fae9ab1582911d2e8a3b?s=96&d=mm&r=g","url":"https:\/\/secure.gravatar.com\/avatar\/0c7e6a405862e402eb76a70f8a26fc732d07c32931e9fae9ab1582911d2e8a3b?s=96&d=mm&r=g","contentUrl":"https:\/\/secure.gravatar.com\/avatar\/0c7e6a405862e402eb76a70f8a26fc732d07c32931e9fae9ab1582911d2e8a3b?s=96&d=mm&r=g","caption":"Musikzeitung-Redaktion"},"sameAs":["http:\/\/wundo-docker.io"],"url":"https:\/\/www.revuemusicale.ch\/it\/author\/admin"}]}},"publishpress_future_action":{"enabled":false,"date":"1970-01-01 01:00:00","action":"change-status","newStatus":"draft","terms":[],"taxonomy":"category","extraData":[]},"publishpress_future_workflow_manual_trigger":{"enabledWorkflows":[]},"_links":{"self":[{"href":"https:\/\/www.revuemusicale.ch\/it\/wp-json\/wp\/v2\/posts\/22497","targetHints":{"allow":["GET"]}}],"collection":[{"href":"https:\/\/www.revuemusicale.ch\/it\/wp-json\/wp\/v2\/posts"}],"about":[{"href":"https:\/\/www.revuemusicale.ch\/it\/wp-json\/wp\/v2\/types\/post"}],"author":[{"embeddable":true,"href":"https:\/\/www.revuemusicale.ch\/it\/wp-json\/wp\/v2\/users\/1"}],"replies":[{"embeddable":true,"href":"https:\/\/www.revuemusicale.ch\/it\/wp-json\/wp\/v2\/comments?post=22497"}],"version-history":[{"count":1,"href":"https:\/\/www.revuemusicale.ch\/it\/wp-json\/wp\/v2\/posts\/22497\/revisions"}],"predecessor-version":[{"id":22499,"href":"https:\/\/www.revuemusicale.ch\/it\/wp-json\/wp\/v2\/posts\/22497\/revisions\/22499"}],"wp:featuredmedia":[{"embeddable":true,"href":"https:\/\/www.revuemusicale.ch\/it\/wp-json\/wp\/v2\/media\/22498"}],"wp:attachment":[{"href":"https:\/\/www.revuemusicale.ch\/it\/wp-json\/wp\/v2\/media?parent=22497"}],"wp:term":[{"taxonomy":"category","embeddable":true,"href":"https:\/\/www.revuemusicale.ch\/it\/wp-json\/wp\/v2\/categories?post=22497"},{"taxonomy":"post_tag","embeddable":true,"href":"https:\/\/www.revuemusicale.ch\/it\/wp-json\/wp\/v2\/tags?post=22497"}],"curies":[{"name":"wp","href":"https:\/\/api.w.org\/{rel}","templated":true}]}}