{"id":22571,"date":"2013-02-11T00:00:00","date_gmt":"2013-02-10T23:00:00","guid":{"rendered":"https:\/\/www.revuemusicale.ch\/blog\/2013\/02\/11\/imaginason-une-collaboration-entre-musique-et-cinema\/"},"modified":"2023-01-18T17:42:58","modified_gmt":"2023-01-18T16:42:58","slug":"imaginason-une-collaboration-entre-musique-et-cinema","status":"publish","type":"post","link":"https:\/\/www.revuemusicale.ch\/it\/campus\/2013\/02\/imaginason-une-collaboration-entre-musique-et-cinema","title":{"rendered":"ImaginaSon: una collaborazione tra musica e cinema"},"content":{"rendered":"<img decoding=\"async\" class=\"size-full\" src=\"https:\/\/www.revuemusicale.ch\/wp-content\/uploads\/2023\/01\/imaginason.jpg\" alt=\"\" \/>\n<div class='text-section'>\n<p>Questa serata di concerto e film, che si terr\u00e0 il 14 febbraio 2013 presso la Cin\u00e9math\u00e8que suisse di Losanna, \u00e8 il culmine di diversi mesi di collaborazione tra la classe di composizione HEMU e il dipartimento di cinema dell'ECAL. Ma questo \"cin\u00e9-concert\" \u00e8 di tipo speciale.Gli studenti registi hanno rielaborato sequenze di tre film emblematici della storia del cinema (C'era una volta il West di Sergio Leone, La Nuit am\u00e9ricaine di Fran\u00e7ois Truffaut, Les Harmonies Werckmeister di B\u00e9la Tarr) per creare tre proposte visive originali. Gli studenti del corso di composizione hanno utilizzato queste nuove sequenze per scrivere una partitura originale.<\/p>\n<p>L'orchestra che eseguir\u00e0 questa musica contemporaneamente alla proiezione comprende un flauto, un corno inglese, un sassofono, un'arpa e un violoncello. La scelta degli strumenti \u00e8 stata fatta a priori, per dare un ulteriore vincolo all'esercizio ma anche, e forse soprattutto, per rendere queste proposte musicali un vero e proprio campo di sperimentazione sonora lontano dall'illustrazione. L'obiettivo della collaborazione tra compositori e registi non era quello di far prevalere l'immagine sul suono, come spesso accade, ma piuttosto di esplorare nuove possibilit\u00e0 in termini di intreccio dell'una con l'altro. Come tra la classe di composizione dell'HEMU e il dipartimento di cinema dell'ECAL.<\/p>\n<p><strong>Compositori (HEMU)<\/strong><br \/> Jos\u00e9phine Maillefer, Go Okawa, Romain Tinguely<\/p>\n<p><strong>Direttori (ECAL)<\/strong><br \/> Julia B\u00fcnter, Charlotte De Rufz, Ruben Glauser, Roman H\u00fcben, Max-Douglas Idje Manue, Rhona M\u00fchlebach, Christophe Saber, Oskar Rosetti<\/p>\n<p><strong>Orchestra<\/strong><br \/> Jonathan (direttore), Blandine Pigaglio (arpa), Am\u00e9lie Feihl (flauto), Clothilde Ramond (corno inglese), Luce Bosch (violoncello), Jean-Valdo Galland (sassofono)<\/p>\n<p><strong>Pi\u00f9 informazioni<\/strong>: <a href='http:\/\/www.hemu.ch'>www.hemu.ch<\/a><\/p>\n<p><strong>Foto<\/strong>: Cin\u00e9math\u00e8que suisse<\/p>\n<\/p><\/div>","protected":false},"excerpt":{"rendered":"<p><strong>La mostra ImaginaSon \u00e8 nata lo scorso anno da una collaborazione tra la HEMU (Haute Ecole de Musique de Lausanne) e la Cin\u00e9math\u00e8que suisse, e per la sua seconda edizione si \u00e8 arricchita del contributo dell'ECAL (Ecole cantonale d'art de Lausanne).<\/strong><\/p>","protected":false},"author":1,"featured_media":22572,"comment_status":"open","ping_status":"open","sticky":false,"template":"","format":"standard","meta":{"_acf_changed":false,"_relevanssi_hide_post":"","_relevanssi_hide_content":"","_relevanssi_pin_for_all":"","_relevanssi_pin_keywords":"","_relevanssi_unpin_keywords":"","_relevanssi_related_keywords":"","_relevanssi_related_include_ids":"","_relevanssi_related_exclude_ids":"","_relevanssi_related_no_append":"","_relevanssi_related_not_related":"","_relevanssi_related_posts":"","_relevanssi_noindex_reason":"","pgc_sgb_lightbox_settings":"","footnotes":""},"categories":[447,1604],"tags":[],"class_list":["post-22571","post","type-post","status-publish","format-standard","has-post-thumbnail","hentry","category-campus","category-haute-ecole-de-musique"],"acf":[],"yoast_head":"<!-- This site is optimized with the Yoast SEO plugin v27.3 - https:\/\/yoast.com\/product\/yoast-seo-wordpress\/ -->\n<title>ImaginaSon: une collaboration entre musique et cin\u00e9ma - Revue Musicale Suisse<\/title>\n<meta name=\"robots\" content=\"index, follow, max-snippet:-1, max-image-preview:large, max-video-preview:-1\" \/>\n<link rel=\"canonical\" href=\"https:\/\/www.revuemusicale.ch\/it\/campus\/2013\/02\/imaginason-une-collaboration-entre-musique-et-cinema\/\" \/>\n<meta property=\"og:locale\" content=\"it_IT\" \/>\n<meta property=\"og:type\" content=\"article\" \/>\n<meta property=\"og:title\" content=\"ImaginaSon: une collaboration entre musique et cin\u00e9ma - Revue Musicale Suisse\" \/>\n<meta property=\"og:description\" content=\"N\u00e9 l\u2019an dernier d\u2019une collaboration entre l\u2019HEMU (Haute Ecole de Musique de Lausanne) et la Cin\u00e9math\u00e8que suisse, le spectacle ImaginaSon s\u2019enrichit pour sa seconde \u00e9dition de l\u2019apport de l\u2019ECAL (Ecole cantonale d\u2019art de Lausanne).\" \/>\n<meta property=\"og:url\" content=\"https:\/\/www.revuemusicale.ch\/it\/campus\/2013\/02\/imaginason-une-collaboration-entre-musique-et-cinema\/\" \/>\n<meta property=\"og:site_name\" content=\"Revue Musicale Suisse\" \/>\n<meta property=\"article:publisher\" content=\"https:\/\/www.facebook.com\/SchweizerMusikzeitung\/\" \/>\n<meta property=\"article:published_time\" content=\"2013-02-10T23:00:00+00:00\" \/>\n<meta property=\"article:modified_time\" content=\"2023-01-18T16:42:58+00:00\" \/>\n<meta property=\"og:image\" content=\"https:\/\/www.revuemusicale.ch\/wp-content\/uploads\/2023\/01\/imaginason.jpg\" \/>\n\t<meta property=\"og:image:width\" content=\"554\" \/>\n\t<meta property=\"og:image:height\" content=\"792\" \/>\n\t<meta property=\"og:image:type\" content=\"image\/jpeg\" \/>\n<meta name=\"author\" content=\"Musikzeitung-Redaktion\" \/>\n<meta name=\"twitter:card\" content=\"summary_large_image\" \/>\n<meta name=\"twitter:creator\" content=\"@smusikzeitung\" \/>\n<meta name=\"twitter:site\" content=\"@smusikzeitung\" \/>\n<meta name=\"twitter:label1\" content=\"Scritto da\" \/>\n\t<meta name=\"twitter:data1\" content=\"Musikzeitung-Redaktion\" \/>\n\t<meta name=\"twitter:label2\" content=\"Tempo di lettura stimato\" \/>\n\t<meta name=\"twitter:data2\" content=\"2 minuti\" \/>\n<script type=\"application\/ld+json\" class=\"yoast-schema-graph\">{\"@context\":\"https:\\\/\\\/schema.org\",\"@graph\":[{\"@type\":\"Article\",\"@id\":\"https:\\\/\\\/www.revuemusicale.ch\\\/campus\\\/2013\\\/02\\\/imaginason-une-collaboration-entre-musique-et-cinema#article\",\"isPartOf\":{\"@id\":\"https:\\\/\\\/www.revuemusicale.ch\\\/campus\\\/2013\\\/02\\\/imaginason-une-collaboration-entre-musique-et-cinema\"},\"author\":{\"name\":\"Musikzeitung-Redaktion\",\"@id\":\"https:\\\/\\\/www.revuemusicale.ch\\\/#\\\/schema\\\/person\\\/b2fd892c800856270b9dcc6001265712\"},\"headline\":\"ImaginaSon: une collaboration entre musique et cin\u00e9ma\",\"datePublished\":\"2013-02-10T23:00:00+00:00\",\"dateModified\":\"2023-01-18T16:42:58+00:00\",\"mainEntityOfPage\":{\"@id\":\"https:\\\/\\\/www.revuemusicale.ch\\\/campus\\\/2013\\\/02\\\/imaginason-une-collaboration-entre-musique-et-cinema\"},\"wordCount\":343,\"commentCount\":0,\"publisher\":{\"@id\":\"https:\\\/\\\/www.revuemusicale.ch\\\/#organization\"},\"image\":{\"@id\":\"https:\\\/\\\/www.revuemusicale.ch\\\/campus\\\/2013\\\/02\\\/imaginason-une-collaboration-entre-musique-et-cinema#primaryimage\"},\"thumbnailUrl\":\"https:\\\/\\\/www.revuemusicale.ch\\\/wp-content\\\/uploads\\\/2023\\\/01\\\/imaginason.jpg\",\"articleSection\":[\"Campus\",\"Haute \u00e9cole de musique\"],\"inLanguage\":\"it-IT\"},{\"@type\":\"WebPage\",\"@id\":\"https:\\\/\\\/www.revuemusicale.ch\\\/campus\\\/2013\\\/02\\\/imaginason-une-collaboration-entre-musique-et-cinema\",\"url\":\"https:\\\/\\\/www.revuemusicale.ch\\\/campus\\\/2013\\\/02\\\/imaginason-une-collaboration-entre-musique-et-cinema\",\"name\":\"ImaginaSon: une collaboration entre musique et cin\u00e9ma - Revue Musicale Suisse\",\"isPartOf\":{\"@id\":\"https:\\\/\\\/www.revuemusicale.ch\\\/#website\"},\"primaryImageOfPage\":{\"@id\":\"https:\\\/\\\/www.revuemusicale.ch\\\/campus\\\/2013\\\/02\\\/imaginason-une-collaboration-entre-musique-et-cinema#primaryimage\"},\"image\":{\"@id\":\"https:\\\/\\\/www.revuemusicale.ch\\\/campus\\\/2013\\\/02\\\/imaginason-une-collaboration-entre-musique-et-cinema#primaryimage\"},\"thumbnailUrl\":\"https:\\\/\\\/www.revuemusicale.ch\\\/wp-content\\\/uploads\\\/2023\\\/01\\\/imaginason.jpg\",\"datePublished\":\"2013-02-10T23:00:00+00:00\",\"dateModified\":\"2023-01-18T16:42:58+00:00\",\"breadcrumb\":{\"@id\":\"https:\\\/\\\/www.revuemusicale.ch\\\/campus\\\/2013\\\/02\\\/imaginason-une-collaboration-entre-musique-et-cinema#breadcrumb\"},\"inLanguage\":\"it-IT\",\"potentialAction\":[{\"@type\":\"ReadAction\",\"target\":[\"https:\\\/\\\/www.revuemusicale.ch\\\/campus\\\/2013\\\/02\\\/imaginason-une-collaboration-entre-musique-et-cinema\"]}]},{\"@type\":\"ImageObject\",\"inLanguage\":\"it-IT\",\"@id\":\"https:\\\/\\\/www.revuemusicale.ch\\\/campus\\\/2013\\\/02\\\/imaginason-une-collaboration-entre-musique-et-cinema#primaryimage\",\"url\":\"https:\\\/\\\/www.revuemusicale.ch\\\/wp-content\\\/uploads\\\/2023\\\/01\\\/imaginason.jpg\",\"contentUrl\":\"https:\\\/\\\/www.revuemusicale.ch\\\/wp-content\\\/uploads\\\/2023\\\/01\\\/imaginason.jpg\",\"width\":554,\"height\":792},{\"@type\":\"BreadcrumbList\",\"@id\":\"https:\\\/\\\/www.revuemusicale.ch\\\/campus\\\/2013\\\/02\\\/imaginason-une-collaboration-entre-musique-et-cinema#breadcrumb\",\"itemListElement\":[{\"@type\":\"ListItem\",\"position\":1,\"name\":\"Home\",\"item\":\"https:\\\/\\\/www.revuemusicale.ch\\\/\"},{\"@type\":\"ListItem\",\"position\":2,\"name\":\"ImaginaSon: une collaboration entre musique et cin\u00e9ma\"}]},{\"@type\":\"WebSite\",\"@id\":\"https:\\\/\\\/www.revuemusicale.ch\\\/#website\",\"url\":\"https:\\\/\\\/www.revuemusicale.ch\\\/\",\"name\":\"Revue Musicale Suisse\",\"description\":\"\",\"publisher\":{\"@id\":\"https:\\\/\\\/www.revuemusicale.ch\\\/#organization\"},\"potentialAction\":[{\"@type\":\"SearchAction\",\"target\":{\"@type\":\"EntryPoint\",\"urlTemplate\":\"https:\\\/\\\/www.revuemusicale.ch\\\/?s={search_term_string}\"},\"query-input\":{\"@type\":\"PropertyValueSpecification\",\"valueRequired\":true,\"valueName\":\"search_term_string\"}}],\"inLanguage\":\"it-IT\"},{\"@type\":\"Organization\",\"@id\":\"https:\\\/\\\/www.revuemusicale.ch\\\/#organization\",\"name\":\"Revue Musicale Suisse\",\"url\":\"https:\\\/\\\/www.revuemusicale.ch\\\/\",\"logo\":{\"@type\":\"ImageObject\",\"inLanguage\":\"it-IT\",\"@id\":\"https:\\\/\\\/www.revuemusicale.ch\\\/#\\\/schema\\\/logo\\\/image\\\/\",\"url\":\"https:\\\/\\\/www.revuemusicale.ch\\\/wp-content\\\/uploads\\\/2023\\\/01\\\/logo_revuemusicale_musikzeitung.jpg\",\"contentUrl\":\"https:\\\/\\\/www.revuemusicale.ch\\\/wp-content\\\/uploads\\\/2023\\\/01\\\/logo_revuemusicale_musikzeitung.jpg\",\"width\":1200,\"height\":243,\"caption\":\"Revue Musicale Suisse\"},\"image\":{\"@id\":\"https:\\\/\\\/www.revuemusicale.ch\\\/#\\\/schema\\\/logo\\\/image\\\/\"},\"sameAs\":[\"https:\\\/\\\/www.facebook.com\\\/SchweizerMusikzeitung\\\/\",\"https:\\\/\\\/x.com\\\/smusikzeitung\",\"https:\\\/\\\/www.instagram.com\\\/musikzeitung.ch\\\/?hl=de\"]},{\"@type\":\"Person\",\"@id\":\"https:\\\/\\\/www.revuemusicale.ch\\\/#\\\/schema\\\/person\\\/b2fd892c800856270b9dcc6001265712\",\"name\":\"Musikzeitung-Redaktion\",\"image\":{\"@type\":\"ImageObject\",\"inLanguage\":\"it-IT\",\"@id\":\"https:\\\/\\\/secure.gravatar.com\\\/avatar\\\/0c7e6a405862e402eb76a70f8a26fc732d07c32931e9fae9ab1582911d2e8a3b?s=96&d=mm&r=g\",\"url\":\"https:\\\/\\\/secure.gravatar.com\\\/avatar\\\/0c7e6a405862e402eb76a70f8a26fc732d07c32931e9fae9ab1582911d2e8a3b?s=96&d=mm&r=g\",\"contentUrl\":\"https:\\\/\\\/secure.gravatar.com\\\/avatar\\\/0c7e6a405862e402eb76a70f8a26fc732d07c32931e9fae9ab1582911d2e8a3b?s=96&d=mm&r=g\",\"caption\":\"Musikzeitung-Redaktion\"},\"sameAs\":[\"http:\\\/\\\/wundo-docker.io\"],\"url\":\"https:\\\/\\\/www.revuemusicale.ch\\\/it\\\/author\\\/admin\"}]}<\/script>\n<!-- \/ Yoast SEO plugin. -->","yoast_head_json":{"title":"ImaginaSon: une collaboration entre musique et cin\u00e9ma - Revue Musicale Suisse","robots":{"index":"index","follow":"follow","max-snippet":"max-snippet:-1","max-image-preview":"max-image-preview:large","max-video-preview":"max-video-preview:-1"},"canonical":"https:\/\/www.revuemusicale.ch\/it\/campus\/2013\/02\/imaginason-une-collaboration-entre-musique-et-cinema\/","og_locale":"it_IT","og_type":"article","og_title":"ImaginaSon: une collaboration entre musique et cin\u00e9ma - Revue Musicale Suisse","og_description":"N\u00e9 l\u2019an dernier d\u2019une collaboration entre l\u2019HEMU (Haute Ecole de Musique de Lausanne) et la Cin\u00e9math\u00e8que suisse, le spectacle ImaginaSon s\u2019enrichit pour sa seconde \u00e9dition de l\u2019apport de l\u2019ECAL (Ecole cantonale d\u2019art de Lausanne).","og_url":"https:\/\/www.revuemusicale.ch\/it\/campus\/2013\/02\/imaginason-une-collaboration-entre-musique-et-cinema\/","og_site_name":"Revue Musicale Suisse","article_publisher":"https:\/\/www.facebook.com\/SchweizerMusikzeitung\/","article_published_time":"2013-02-10T23:00:00+00:00","article_modified_time":"2023-01-18T16:42:58+00:00","og_image":[{"width":554,"height":792,"url":"https:\/\/www.revuemusicale.ch\/wp-content\/uploads\/2023\/01\/imaginason.jpg","type":"image\/jpeg"}],"author":"Musikzeitung-Redaktion","twitter_card":"summary_large_image","twitter_creator":"@smusikzeitung","twitter_site":"@smusikzeitung","twitter_misc":{"Scritto da":"Musikzeitung-Redaktion","Tempo di lettura stimato":"2 minuti"},"schema":{"@context":"https:\/\/schema.org","@graph":[{"@type":"Article","@id":"https:\/\/www.revuemusicale.ch\/campus\/2013\/02\/imaginason-une-collaboration-entre-musique-et-cinema#article","isPartOf":{"@id":"https:\/\/www.revuemusicale.ch\/campus\/2013\/02\/imaginason-une-collaboration-entre-musique-et-cinema"},"author":{"name":"Musikzeitung-Redaktion","@id":"https:\/\/www.revuemusicale.ch\/#\/schema\/person\/b2fd892c800856270b9dcc6001265712"},"headline":"ImaginaSon: une collaboration entre musique et cin\u00e9ma","datePublished":"2013-02-10T23:00:00+00:00","dateModified":"2023-01-18T16:42:58+00:00","mainEntityOfPage":{"@id":"https:\/\/www.revuemusicale.ch\/campus\/2013\/02\/imaginason-une-collaboration-entre-musique-et-cinema"},"wordCount":343,"commentCount":0,"publisher":{"@id":"https:\/\/www.revuemusicale.ch\/#organization"},"image":{"@id":"https:\/\/www.revuemusicale.ch\/campus\/2013\/02\/imaginason-une-collaboration-entre-musique-et-cinema#primaryimage"},"thumbnailUrl":"https:\/\/www.revuemusicale.ch\/wp-content\/uploads\/2023\/01\/imaginason.jpg","articleSection":["Campus","Haute \u00e9cole de musique"],"inLanguage":"it-IT"},{"@type":"WebPage","@id":"https:\/\/www.revuemusicale.ch\/campus\/2013\/02\/imaginason-une-collaboration-entre-musique-et-cinema","url":"https:\/\/www.revuemusicale.ch\/campus\/2013\/02\/imaginason-une-collaboration-entre-musique-et-cinema","name":"ImaginaSon: une collaboration entre musique et cin\u00e9ma - Revue Musicale Suisse","isPartOf":{"@id":"https:\/\/www.revuemusicale.ch\/#website"},"primaryImageOfPage":{"@id":"https:\/\/www.revuemusicale.ch\/campus\/2013\/02\/imaginason-une-collaboration-entre-musique-et-cinema#primaryimage"},"image":{"@id":"https:\/\/www.revuemusicale.ch\/campus\/2013\/02\/imaginason-une-collaboration-entre-musique-et-cinema#primaryimage"},"thumbnailUrl":"https:\/\/www.revuemusicale.ch\/wp-content\/uploads\/2023\/01\/imaginason.jpg","datePublished":"2013-02-10T23:00:00+00:00","dateModified":"2023-01-18T16:42:58+00:00","breadcrumb":{"@id":"https:\/\/www.revuemusicale.ch\/campus\/2013\/02\/imaginason-une-collaboration-entre-musique-et-cinema#breadcrumb"},"inLanguage":"it-IT","potentialAction":[{"@type":"ReadAction","target":["https:\/\/www.revuemusicale.ch\/campus\/2013\/02\/imaginason-une-collaboration-entre-musique-et-cinema"]}]},{"@type":"ImageObject","inLanguage":"it-IT","@id":"https:\/\/www.revuemusicale.ch\/campus\/2013\/02\/imaginason-une-collaboration-entre-musique-et-cinema#primaryimage","url":"https:\/\/www.revuemusicale.ch\/wp-content\/uploads\/2023\/01\/imaginason.jpg","contentUrl":"https:\/\/www.revuemusicale.ch\/wp-content\/uploads\/2023\/01\/imaginason.jpg","width":554,"height":792},{"@type":"BreadcrumbList","@id":"https:\/\/www.revuemusicale.ch\/campus\/2013\/02\/imaginason-une-collaboration-entre-musique-et-cinema#breadcrumb","itemListElement":[{"@type":"ListItem","position":1,"name":"Home","item":"https:\/\/www.revuemusicale.ch\/"},{"@type":"ListItem","position":2,"name":"ImaginaSon: une collaboration entre musique et cin\u00e9ma"}]},{"@type":"WebSite","@id":"https:\/\/www.revuemusicale.ch\/#website","url":"https:\/\/www.revuemusicale.ch\/","name":"Rassegna musicale svizzera","description":"","publisher":{"@id":"https:\/\/www.revuemusicale.ch\/#organization"},"potentialAction":[{"@type":"SearchAction","target":{"@type":"EntryPoint","urlTemplate":"https:\/\/www.revuemusicale.ch\/?s={search_term_string}"},"query-input":{"@type":"PropertyValueSpecification","valueRequired":true,"valueName":"search_term_string"}}],"inLanguage":"it-IT"},{"@type":"Organization","@id":"https:\/\/www.revuemusicale.ch\/#organization","name":"Rassegna musicale svizzera","url":"https:\/\/www.revuemusicale.ch\/","logo":{"@type":"ImageObject","inLanguage":"it-IT","@id":"https:\/\/www.revuemusicale.ch\/#\/schema\/logo\/image\/","url":"https:\/\/www.revuemusicale.ch\/wp-content\/uploads\/2023\/01\/logo_revuemusicale_musikzeitung.jpg","contentUrl":"https:\/\/www.revuemusicale.ch\/wp-content\/uploads\/2023\/01\/logo_revuemusicale_musikzeitung.jpg","width":1200,"height":243,"caption":"Revue Musicale Suisse"},"image":{"@id":"https:\/\/www.revuemusicale.ch\/#\/schema\/logo\/image\/"},"sameAs":["https:\/\/www.facebook.com\/SchweizerMusikzeitung\/","https:\/\/x.com\/smusikzeitung","https:\/\/www.instagram.com\/musikzeitung.ch\/?hl=de"]},{"@type":"Person","@id":"https:\/\/www.revuemusicale.ch\/#\/schema\/person\/b2fd892c800856270b9dcc6001265712","name":"Musikzeitung-Redaktion","image":{"@type":"ImageObject","inLanguage":"it-IT","@id":"https:\/\/secure.gravatar.com\/avatar\/0c7e6a405862e402eb76a70f8a26fc732d07c32931e9fae9ab1582911d2e8a3b?s=96&d=mm&r=g","url":"https:\/\/secure.gravatar.com\/avatar\/0c7e6a405862e402eb76a70f8a26fc732d07c32931e9fae9ab1582911d2e8a3b?s=96&d=mm&r=g","contentUrl":"https:\/\/secure.gravatar.com\/avatar\/0c7e6a405862e402eb76a70f8a26fc732d07c32931e9fae9ab1582911d2e8a3b?s=96&d=mm&r=g","caption":"Musikzeitung-Redaktion"},"sameAs":["http:\/\/wundo-docker.io"],"url":"https:\/\/www.revuemusicale.ch\/it\/author\/admin"}]}},"publishpress_future_action":{"enabled":false,"date":"1970-01-01 01:00:00","action":"change-status","newStatus":"draft","terms":[],"taxonomy":"category","extraData":[]},"publishpress_future_workflow_manual_trigger":{"enabledWorkflows":[]},"_links":{"self":[{"href":"https:\/\/www.revuemusicale.ch\/it\/wp-json\/wp\/v2\/posts\/22571","targetHints":{"allow":["GET"]}}],"collection":[{"href":"https:\/\/www.revuemusicale.ch\/it\/wp-json\/wp\/v2\/posts"}],"about":[{"href":"https:\/\/www.revuemusicale.ch\/it\/wp-json\/wp\/v2\/types\/post"}],"author":[{"embeddable":true,"href":"https:\/\/www.revuemusicale.ch\/it\/wp-json\/wp\/v2\/users\/1"}],"replies":[{"embeddable":true,"href":"https:\/\/www.revuemusicale.ch\/it\/wp-json\/wp\/v2\/comments?post=22571"}],"version-history":[{"count":1,"href":"https:\/\/www.revuemusicale.ch\/it\/wp-json\/wp\/v2\/posts\/22571\/revisions"}],"predecessor-version":[{"id":22573,"href":"https:\/\/www.revuemusicale.ch\/it\/wp-json\/wp\/v2\/posts\/22571\/revisions\/22573"}],"wp:featuredmedia":[{"embeddable":true,"href":"https:\/\/www.revuemusicale.ch\/it\/wp-json\/wp\/v2\/media\/22572"}],"wp:attachment":[{"href":"https:\/\/www.revuemusicale.ch\/it\/wp-json\/wp\/v2\/media?parent=22571"}],"wp:term":[{"taxonomy":"category","embeddable":true,"href":"https:\/\/www.revuemusicale.ch\/it\/wp-json\/wp\/v2\/categories?post=22571"},{"taxonomy":"post_tag","embeddable":true,"href":"https:\/\/www.revuemusicale.ch\/it\/wp-json\/wp\/v2\/tags?post=22571"}],"curies":[{"name":"wp","href":"https:\/\/api.w.org\/{rel}","templated":true}]}}