{"id":22610,"date":"2015-10-16T00:00:00","date_gmt":"2015-10-15T22:00:00","guid":{"rendered":"https:\/\/www.revuemusicale.ch\/blog\/2015\/10\/16\/a-lorgue-avec-thierry-escaich\/"},"modified":"2023-01-18T17:43:06","modified_gmt":"2023-01-18T16:43:06","slug":"a-lorgue-avec-thierry-escaich","status":"publish","type":"post","link":"https:\/\/www.revuemusicale.ch\/it\/campus\/2015\/10\/a-lorgue-avec-thierry-escaich","title":{"rendered":"All'organo con Thierry Escaich"},"content":{"rendered":"<figure style=\"width: 1200px\" class=\"wp-caption alignnone\"><img decoding=\"async\" class=\"size-full\" src=\"https:\/\/www.revuemusicale.ch\/wp-content\/uploads\/2023\/01\/Thierry_Escaich_compositeur_et_organiste.jpg\" alt=\"\" \/><figcaption class=\"wp-caption-text\">Thierry Escaich. Foto: Wikimedia Commons<\/figcaption><\/figure>\n<div class='text-section'>\n<p>Compositore, organista e improvvisatore nella tradizione di Franck, Messiaen e Dutilleux, Thierry Escaich \u00e8 una figura unica sulla scena musicale contemporanea e uno dei principali rappresentanti della nuova generazione di compositori francesi.<\/p>\n<p>I laboratori si svolgeranno dal 23 al 28 novembre. Il lavoro prodotto nell'ambito di questi laboratori sar\u00e0 oggetto di un primo concerto il 28 novembre 2015 presso la chiesa del Coll\u00e8ge Saint-Michel di Friburgo, con i Vocalistes e l'Orchestra HEMU, pi\u00f9 di sessanta studenti, accompagnati all'organo da Thierry Escaich. Un secondo concerto si terr\u00e0 il 3 luglio 2016, nell'ambito della FIMS. Il programma comprender\u00e0 i Trois motets per 12 voci e organo e il Concerto per violino e orchestra.<\/p>\n<p>Il Festival internazionale di musica sacra di Friburgo si svolger\u00e0 dal 2 al 10 luglio 2016.<\/p>\n<p><strong>Pi\u00f9 informazioni<\/strong>: <a href='http:\/\/www.fims-fribourg.ch'>www.fims-fribourg.ch<br \/> <\/a><\/p>\n<p>\u00a0<\/p>\n<\/p><\/div>","protected":false},"excerpt":{"rendered":"<p><strong>In coproduzione con la Haute Ecole de Musique Vaud Valais Fribourg, il Festival International de Musiques Sacr\u00e9es de Fribourg organizza laboratori di esecuzione con il compositore e organista francese Thierry Escaich. <\/strong><\/p>","protected":false},"author":1,"featured_media":22611,"comment_status":"open","ping_status":"open","sticky":false,"template":"","format":"standard","meta":{"_acf_changed":false,"_relevanssi_hide_post":"","_relevanssi_hide_content":"","_relevanssi_pin_for_all":"","_relevanssi_pin_keywords":"","_relevanssi_unpin_keywords":"","_relevanssi_related_keywords":"","_relevanssi_related_include_ids":"","_relevanssi_related_exclude_ids":"","_relevanssi_related_no_append":"","_relevanssi_related_not_related":"","_relevanssi_related_posts":"","_relevanssi_noindex_reason":"","pgc_sgb_lightbox_settings":"","footnotes":""},"categories":[447,1604],"tags":[],"class_list":["post-22610","post","type-post","status-publish","format-standard","has-post-thumbnail","hentry","category-campus","category-haute-ecole-de-musique"],"acf":[],"yoast_head":"<!-- This site is optimized with the Yoast SEO plugin v27.3 - https:\/\/yoast.com\/product\/yoast-seo-wordpress\/ -->\n<title>A l\u2019orgue avec Thierry Escaich - Revue Musicale Suisse<\/title>\n<meta name=\"robots\" content=\"index, follow, max-snippet:-1, max-image-preview:large, max-video-preview:-1\" \/>\n<link rel=\"canonical\" href=\"https:\/\/www.revuemusicale.ch\/it\/campus\/2015\/10\/a-lorgue-avec-thierry-escaich\/\" \/>\n<meta property=\"og:locale\" content=\"it_IT\" \/>\n<meta property=\"og:type\" content=\"article\" \/>\n<meta property=\"og:title\" content=\"A l\u2019orgue avec Thierry Escaich - Revue Musicale Suisse\" \/>\n<meta property=\"og:description\" content=\"Le Festival International de Musiques Sacr\u00e9es de Fribourg organise, en coproduction avec la Haute Ecole de Musique Vaud Valais Fribourg, des ateliers d\u2019interpr\u00e9tation avec le compositeur et organiste fran\u00e7ais Thierry Escaich.\" \/>\n<meta property=\"og:url\" content=\"https:\/\/www.revuemusicale.ch\/it\/campus\/2015\/10\/a-lorgue-avec-thierry-escaich\/\" \/>\n<meta property=\"og:site_name\" content=\"Revue Musicale Suisse\" \/>\n<meta property=\"article:publisher\" content=\"https:\/\/www.facebook.com\/SchweizerMusikzeitung\/\" \/>\n<meta property=\"article:published_time\" content=\"2015-10-15T22:00:00+00:00\" \/>\n<meta property=\"article:modified_time\" content=\"2023-01-18T16:43:06+00:00\" \/>\n<meta property=\"og:image\" content=\"https:\/\/www.revuemusicale.ch\/wp-content\/uploads\/2023\/01\/Thierry_Escaich_compositeur_et_organiste.jpg\" \/>\n\t<meta property=\"og:image:width\" content=\"554\" \/>\n\t<meta property=\"og:image:height\" content=\"415\" \/>\n\t<meta property=\"og:image:type\" content=\"image\/jpeg\" \/>\n<meta name=\"author\" content=\"Musikzeitung-Redaktion\" \/>\n<meta name=\"twitter:card\" content=\"summary_large_image\" \/>\n<meta name=\"twitter:creator\" content=\"@smusikzeitung\" \/>\n<meta name=\"twitter:site\" content=\"@smusikzeitung\" \/>\n<meta name=\"twitter:label1\" content=\"Scritto da\" \/>\n\t<meta name=\"twitter:data1\" content=\"Musikzeitung-Redaktion\" \/>\n\t<meta name=\"twitter:label2\" content=\"Tempo di lettura stimato\" \/>\n\t<meta name=\"twitter:data2\" content=\"1 minuto\" \/>\n<script type=\"application\/ld+json\" class=\"yoast-schema-graph\">{\"@context\":\"https:\\\/\\\/schema.org\",\"@graph\":[{\"@type\":\"Article\",\"@id\":\"https:\\\/\\\/www.revuemusicale.ch\\\/campus\\\/2015\\\/10\\\/a-lorgue-avec-thierry-escaich#article\",\"isPartOf\":{\"@id\":\"https:\\\/\\\/www.revuemusicale.ch\\\/campus\\\/2015\\\/10\\\/a-lorgue-avec-thierry-escaich\"},\"author\":{\"name\":\"Musikzeitung-Redaktion\",\"@id\":\"https:\\\/\\\/www.revuemusicale.ch\\\/#\\\/schema\\\/person\\\/b2fd892c800856270b9dcc6001265712\"},\"headline\":\"A l\u2019orgue avec Thierry Escaich\",\"datePublished\":\"2015-10-15T22:00:00+00:00\",\"dateModified\":\"2023-01-18T16:43:06+00:00\",\"mainEntityOfPage\":{\"@id\":\"https:\\\/\\\/www.revuemusicale.ch\\\/campus\\\/2015\\\/10\\\/a-lorgue-avec-thierry-escaich\"},\"wordCount\":163,\"commentCount\":0,\"publisher\":{\"@id\":\"https:\\\/\\\/www.revuemusicale.ch\\\/#organization\"},\"image\":{\"@id\":\"https:\\\/\\\/www.revuemusicale.ch\\\/campus\\\/2015\\\/10\\\/a-lorgue-avec-thierry-escaich#primaryimage\"},\"thumbnailUrl\":\"https:\\\/\\\/www.revuemusicale.ch\\\/wp-content\\\/uploads\\\/2023\\\/01\\\/Thierry_Escaich_compositeur_et_organiste.jpg\",\"articleSection\":[\"Campus\",\"Haute \u00e9cole de musique\"],\"inLanguage\":\"it-IT\"},{\"@type\":\"WebPage\",\"@id\":\"https:\\\/\\\/www.revuemusicale.ch\\\/campus\\\/2015\\\/10\\\/a-lorgue-avec-thierry-escaich\",\"url\":\"https:\\\/\\\/www.revuemusicale.ch\\\/campus\\\/2015\\\/10\\\/a-lorgue-avec-thierry-escaich\",\"name\":\"A l\u2019orgue avec Thierry Escaich - Revue Musicale Suisse\",\"isPartOf\":{\"@id\":\"https:\\\/\\\/www.revuemusicale.ch\\\/#website\"},\"primaryImageOfPage\":{\"@id\":\"https:\\\/\\\/www.revuemusicale.ch\\\/campus\\\/2015\\\/10\\\/a-lorgue-avec-thierry-escaich#primaryimage\"},\"image\":{\"@id\":\"https:\\\/\\\/www.revuemusicale.ch\\\/campus\\\/2015\\\/10\\\/a-lorgue-avec-thierry-escaich#primaryimage\"},\"thumbnailUrl\":\"https:\\\/\\\/www.revuemusicale.ch\\\/wp-content\\\/uploads\\\/2023\\\/01\\\/Thierry_Escaich_compositeur_et_organiste.jpg\",\"datePublished\":\"2015-10-15T22:00:00+00:00\",\"dateModified\":\"2023-01-18T16:43:06+00:00\",\"breadcrumb\":{\"@id\":\"https:\\\/\\\/www.revuemusicale.ch\\\/campus\\\/2015\\\/10\\\/a-lorgue-avec-thierry-escaich#breadcrumb\"},\"inLanguage\":\"it-IT\",\"potentialAction\":[{\"@type\":\"ReadAction\",\"target\":[\"https:\\\/\\\/www.revuemusicale.ch\\\/campus\\\/2015\\\/10\\\/a-lorgue-avec-thierry-escaich\"]}]},{\"@type\":\"ImageObject\",\"inLanguage\":\"it-IT\",\"@id\":\"https:\\\/\\\/www.revuemusicale.ch\\\/campus\\\/2015\\\/10\\\/a-lorgue-avec-thierry-escaich#primaryimage\",\"url\":\"https:\\\/\\\/www.revuemusicale.ch\\\/wp-content\\\/uploads\\\/2023\\\/01\\\/Thierry_Escaich_compositeur_et_organiste.jpg\",\"contentUrl\":\"https:\\\/\\\/www.revuemusicale.ch\\\/wp-content\\\/uploads\\\/2023\\\/01\\\/Thierry_Escaich_compositeur_et_organiste.jpg\",\"width\":554,\"height\":415},{\"@type\":\"BreadcrumbList\",\"@id\":\"https:\\\/\\\/www.revuemusicale.ch\\\/campus\\\/2015\\\/10\\\/a-lorgue-avec-thierry-escaich#breadcrumb\",\"itemListElement\":[{\"@type\":\"ListItem\",\"position\":1,\"name\":\"Home\",\"item\":\"https:\\\/\\\/www.revuemusicale.ch\\\/\"},{\"@type\":\"ListItem\",\"position\":2,\"name\":\"A l\u2019orgue avec Thierry Escaich\"}]},{\"@type\":\"WebSite\",\"@id\":\"https:\\\/\\\/www.revuemusicale.ch\\\/#website\",\"url\":\"https:\\\/\\\/www.revuemusicale.ch\\\/\",\"name\":\"Revue Musicale Suisse\",\"description\":\"\",\"publisher\":{\"@id\":\"https:\\\/\\\/www.revuemusicale.ch\\\/#organization\"},\"potentialAction\":[{\"@type\":\"SearchAction\",\"target\":{\"@type\":\"EntryPoint\",\"urlTemplate\":\"https:\\\/\\\/www.revuemusicale.ch\\\/?s={search_term_string}\"},\"query-input\":{\"@type\":\"PropertyValueSpecification\",\"valueRequired\":true,\"valueName\":\"search_term_string\"}}],\"inLanguage\":\"it-IT\"},{\"@type\":\"Organization\",\"@id\":\"https:\\\/\\\/www.revuemusicale.ch\\\/#organization\",\"name\":\"Revue Musicale Suisse\",\"url\":\"https:\\\/\\\/www.revuemusicale.ch\\\/\",\"logo\":{\"@type\":\"ImageObject\",\"inLanguage\":\"it-IT\",\"@id\":\"https:\\\/\\\/www.revuemusicale.ch\\\/#\\\/schema\\\/logo\\\/image\\\/\",\"url\":\"https:\\\/\\\/www.revuemusicale.ch\\\/wp-content\\\/uploads\\\/2023\\\/01\\\/logo_revuemusicale_musikzeitung.jpg\",\"contentUrl\":\"https:\\\/\\\/www.revuemusicale.ch\\\/wp-content\\\/uploads\\\/2023\\\/01\\\/logo_revuemusicale_musikzeitung.jpg\",\"width\":1200,\"height\":243,\"caption\":\"Revue Musicale Suisse\"},\"image\":{\"@id\":\"https:\\\/\\\/www.revuemusicale.ch\\\/#\\\/schema\\\/logo\\\/image\\\/\"},\"sameAs\":[\"https:\\\/\\\/www.facebook.com\\\/SchweizerMusikzeitung\\\/\",\"https:\\\/\\\/x.com\\\/smusikzeitung\",\"https:\\\/\\\/www.instagram.com\\\/musikzeitung.ch\\\/?hl=de\"]},{\"@type\":\"Person\",\"@id\":\"https:\\\/\\\/www.revuemusicale.ch\\\/#\\\/schema\\\/person\\\/b2fd892c800856270b9dcc6001265712\",\"name\":\"Musikzeitung-Redaktion\",\"image\":{\"@type\":\"ImageObject\",\"inLanguage\":\"it-IT\",\"@id\":\"https:\\\/\\\/secure.gravatar.com\\\/avatar\\\/0c7e6a405862e402eb76a70f8a26fc732d07c32931e9fae9ab1582911d2e8a3b?s=96&d=mm&r=g\",\"url\":\"https:\\\/\\\/secure.gravatar.com\\\/avatar\\\/0c7e6a405862e402eb76a70f8a26fc732d07c32931e9fae9ab1582911d2e8a3b?s=96&d=mm&r=g\",\"contentUrl\":\"https:\\\/\\\/secure.gravatar.com\\\/avatar\\\/0c7e6a405862e402eb76a70f8a26fc732d07c32931e9fae9ab1582911d2e8a3b?s=96&d=mm&r=g\",\"caption\":\"Musikzeitung-Redaktion\"},\"sameAs\":[\"http:\\\/\\\/wundo-docker.io\"],\"url\":\"https:\\\/\\\/www.revuemusicale.ch\\\/it\\\/author\\\/admin\"}]}<\/script>\n<!-- \/ Yoast SEO plugin. -->","yoast_head_json":{"title":"A l\u2019orgue avec Thierry Escaich - Revue Musicale Suisse","robots":{"index":"index","follow":"follow","max-snippet":"max-snippet:-1","max-image-preview":"max-image-preview:large","max-video-preview":"max-video-preview:-1"},"canonical":"https:\/\/www.revuemusicale.ch\/it\/campus\/2015\/10\/a-lorgue-avec-thierry-escaich\/","og_locale":"it_IT","og_type":"article","og_title":"A l\u2019orgue avec Thierry Escaich - Revue Musicale Suisse","og_description":"Le Festival International de Musiques Sacr\u00e9es de Fribourg organise, en coproduction avec la Haute Ecole de Musique Vaud Valais Fribourg, des ateliers d\u2019interpr\u00e9tation avec le compositeur et organiste fran\u00e7ais Thierry Escaich.","og_url":"https:\/\/www.revuemusicale.ch\/it\/campus\/2015\/10\/a-lorgue-avec-thierry-escaich\/","og_site_name":"Revue Musicale Suisse","article_publisher":"https:\/\/www.facebook.com\/SchweizerMusikzeitung\/","article_published_time":"2015-10-15T22:00:00+00:00","article_modified_time":"2023-01-18T16:43:06+00:00","og_image":[{"width":554,"height":415,"url":"https:\/\/www.revuemusicale.ch\/wp-content\/uploads\/2023\/01\/Thierry_Escaich_compositeur_et_organiste.jpg","type":"image\/jpeg"}],"author":"Musikzeitung-Redaktion","twitter_card":"summary_large_image","twitter_creator":"@smusikzeitung","twitter_site":"@smusikzeitung","twitter_misc":{"Scritto da":"Musikzeitung-Redaktion","Tempo di lettura stimato":"1 minuto"},"schema":{"@context":"https:\/\/schema.org","@graph":[{"@type":"Article","@id":"https:\/\/www.revuemusicale.ch\/campus\/2015\/10\/a-lorgue-avec-thierry-escaich#article","isPartOf":{"@id":"https:\/\/www.revuemusicale.ch\/campus\/2015\/10\/a-lorgue-avec-thierry-escaich"},"author":{"name":"Musikzeitung-Redaktion","@id":"https:\/\/www.revuemusicale.ch\/#\/schema\/person\/b2fd892c800856270b9dcc6001265712"},"headline":"A l\u2019orgue avec Thierry Escaich","datePublished":"2015-10-15T22:00:00+00:00","dateModified":"2023-01-18T16:43:06+00:00","mainEntityOfPage":{"@id":"https:\/\/www.revuemusicale.ch\/campus\/2015\/10\/a-lorgue-avec-thierry-escaich"},"wordCount":163,"commentCount":0,"publisher":{"@id":"https:\/\/www.revuemusicale.ch\/#organization"},"image":{"@id":"https:\/\/www.revuemusicale.ch\/campus\/2015\/10\/a-lorgue-avec-thierry-escaich#primaryimage"},"thumbnailUrl":"https:\/\/www.revuemusicale.ch\/wp-content\/uploads\/2023\/01\/Thierry_Escaich_compositeur_et_organiste.jpg","articleSection":["Campus","Haute \u00e9cole de musique"],"inLanguage":"it-IT"},{"@type":"WebPage","@id":"https:\/\/www.revuemusicale.ch\/campus\/2015\/10\/a-lorgue-avec-thierry-escaich","url":"https:\/\/www.revuemusicale.ch\/campus\/2015\/10\/a-lorgue-avec-thierry-escaich","name":"A l\u2019orgue avec Thierry Escaich - Revue Musicale Suisse","isPartOf":{"@id":"https:\/\/www.revuemusicale.ch\/#website"},"primaryImageOfPage":{"@id":"https:\/\/www.revuemusicale.ch\/campus\/2015\/10\/a-lorgue-avec-thierry-escaich#primaryimage"},"image":{"@id":"https:\/\/www.revuemusicale.ch\/campus\/2015\/10\/a-lorgue-avec-thierry-escaich#primaryimage"},"thumbnailUrl":"https:\/\/www.revuemusicale.ch\/wp-content\/uploads\/2023\/01\/Thierry_Escaich_compositeur_et_organiste.jpg","datePublished":"2015-10-15T22:00:00+00:00","dateModified":"2023-01-18T16:43:06+00:00","breadcrumb":{"@id":"https:\/\/www.revuemusicale.ch\/campus\/2015\/10\/a-lorgue-avec-thierry-escaich#breadcrumb"},"inLanguage":"it-IT","potentialAction":[{"@type":"ReadAction","target":["https:\/\/www.revuemusicale.ch\/campus\/2015\/10\/a-lorgue-avec-thierry-escaich"]}]},{"@type":"ImageObject","inLanguage":"it-IT","@id":"https:\/\/www.revuemusicale.ch\/campus\/2015\/10\/a-lorgue-avec-thierry-escaich#primaryimage","url":"https:\/\/www.revuemusicale.ch\/wp-content\/uploads\/2023\/01\/Thierry_Escaich_compositeur_et_organiste.jpg","contentUrl":"https:\/\/www.revuemusicale.ch\/wp-content\/uploads\/2023\/01\/Thierry_Escaich_compositeur_et_organiste.jpg","width":554,"height":415},{"@type":"BreadcrumbList","@id":"https:\/\/www.revuemusicale.ch\/campus\/2015\/10\/a-lorgue-avec-thierry-escaich#breadcrumb","itemListElement":[{"@type":"ListItem","position":1,"name":"Home","item":"https:\/\/www.revuemusicale.ch\/"},{"@type":"ListItem","position":2,"name":"A l\u2019orgue avec Thierry Escaich"}]},{"@type":"WebSite","@id":"https:\/\/www.revuemusicale.ch\/#website","url":"https:\/\/www.revuemusicale.ch\/","name":"Rassegna musicale svizzera","description":"","publisher":{"@id":"https:\/\/www.revuemusicale.ch\/#organization"},"potentialAction":[{"@type":"SearchAction","target":{"@type":"EntryPoint","urlTemplate":"https:\/\/www.revuemusicale.ch\/?s={search_term_string}"},"query-input":{"@type":"PropertyValueSpecification","valueRequired":true,"valueName":"search_term_string"}}],"inLanguage":"it-IT"},{"@type":"Organization","@id":"https:\/\/www.revuemusicale.ch\/#organization","name":"Rassegna musicale svizzera","url":"https:\/\/www.revuemusicale.ch\/","logo":{"@type":"ImageObject","inLanguage":"it-IT","@id":"https:\/\/www.revuemusicale.ch\/#\/schema\/logo\/image\/","url":"https:\/\/www.revuemusicale.ch\/wp-content\/uploads\/2023\/01\/logo_revuemusicale_musikzeitung.jpg","contentUrl":"https:\/\/www.revuemusicale.ch\/wp-content\/uploads\/2023\/01\/logo_revuemusicale_musikzeitung.jpg","width":1200,"height":243,"caption":"Revue Musicale Suisse"},"image":{"@id":"https:\/\/www.revuemusicale.ch\/#\/schema\/logo\/image\/"},"sameAs":["https:\/\/www.facebook.com\/SchweizerMusikzeitung\/","https:\/\/x.com\/smusikzeitung","https:\/\/www.instagram.com\/musikzeitung.ch\/?hl=de"]},{"@type":"Person","@id":"https:\/\/www.revuemusicale.ch\/#\/schema\/person\/b2fd892c800856270b9dcc6001265712","name":"Musikzeitung-Redaktion","image":{"@type":"ImageObject","inLanguage":"it-IT","@id":"https:\/\/secure.gravatar.com\/avatar\/0c7e6a405862e402eb76a70f8a26fc732d07c32931e9fae9ab1582911d2e8a3b?s=96&d=mm&r=g","url":"https:\/\/secure.gravatar.com\/avatar\/0c7e6a405862e402eb76a70f8a26fc732d07c32931e9fae9ab1582911d2e8a3b?s=96&d=mm&r=g","contentUrl":"https:\/\/secure.gravatar.com\/avatar\/0c7e6a405862e402eb76a70f8a26fc732d07c32931e9fae9ab1582911d2e8a3b?s=96&d=mm&r=g","caption":"Musikzeitung-Redaktion"},"sameAs":["http:\/\/wundo-docker.io"],"url":"https:\/\/www.revuemusicale.ch\/it\/author\/admin"}]}},"publishpress_future_action":{"enabled":false,"date":"1970-01-01 01:00:00","action":"change-status","newStatus":"draft","terms":[],"taxonomy":"category","extraData":[]},"publishpress_future_workflow_manual_trigger":{"enabledWorkflows":[]},"_links":{"self":[{"href":"https:\/\/www.revuemusicale.ch\/it\/wp-json\/wp\/v2\/posts\/22610","targetHints":{"allow":["GET"]}}],"collection":[{"href":"https:\/\/www.revuemusicale.ch\/it\/wp-json\/wp\/v2\/posts"}],"about":[{"href":"https:\/\/www.revuemusicale.ch\/it\/wp-json\/wp\/v2\/types\/post"}],"author":[{"embeddable":true,"href":"https:\/\/www.revuemusicale.ch\/it\/wp-json\/wp\/v2\/users\/1"}],"replies":[{"embeddable":true,"href":"https:\/\/www.revuemusicale.ch\/it\/wp-json\/wp\/v2\/comments?post=22610"}],"version-history":[{"count":1,"href":"https:\/\/www.revuemusicale.ch\/it\/wp-json\/wp\/v2\/posts\/22610\/revisions"}],"predecessor-version":[{"id":22612,"href":"https:\/\/www.revuemusicale.ch\/it\/wp-json\/wp\/v2\/posts\/22610\/revisions\/22612"}],"wp:featuredmedia":[{"embeddable":true,"href":"https:\/\/www.revuemusicale.ch\/it\/wp-json\/wp\/v2\/media\/22611"}],"wp:attachment":[{"href":"https:\/\/www.revuemusicale.ch\/it\/wp-json\/wp\/v2\/media?parent=22610"}],"wp:term":[{"taxonomy":"category","embeddable":true,"href":"https:\/\/www.revuemusicale.ch\/it\/wp-json\/wp\/v2\/categories?post=22610"},{"taxonomy":"post_tag","embeddable":true,"href":"https:\/\/www.revuemusicale.ch\/it\/wp-json\/wp\/v2\/tags?post=22610"}],"curies":[{"name":"wp","href":"https:\/\/api.w.org\/{rel}","templated":true}]}}