{"id":22811,"date":"2013-07-10T00:00:00","date_gmt":"2013-07-09T22:00:00","guid":{"rendered":"https:\/\/www.revuemusicale.ch\/blog\/2013\/07\/10\/danielle-nanchen-nouvelle-cheffe-de-la-section-creation-culturelle\/"},"modified":"2013-07-10T00:00:00","modified_gmt":"2013-07-09T22:00:00","slug":"danielle-nanchen-nouvelle-cheffe-de-la-section-creation-culturelle","status":"publish","type":"post","link":"https:\/\/www.revuemusicale.ch\/it\/politique\/2013\/07\/danielle-nanchen-nouvelle-cheffe-de-la-section-creation-culturelle","title":{"rendered":"Danielle Nanchen nuova responsabile della sezione Creazione culturale"},"content":{"rendered":"<div class='text-section'>\n<p>Nata in Vallese e residente a Zurigo, Danielle Nanchen ha una vasta esperienza nel mondo della cultura. Dopo aver studiato filosofia, storia dell'arte e letteratura all'Universit\u00e0 di Losanna, \u00e8 stata responsabile delle mostre presso l'Arteplage di Murten per Expo.02. In seguito ha assunto la responsabilit\u00e0 di diversi progetti culturali prima di diventare responsabile dei programmi della fondazione Pro Helvetia. In questo ruolo ha collaborato a pi\u00f9 riprese con l'Ufficio federale della cultura, in particolare nel campo delle tradizioni viventi e dei progetti a sostegno della cultura digitale.<\/p>\n<p>In qualit\u00e0 di responsabile della sezione Creazione culturale, Danielle Nanchen sar\u00e0 responsabile in particolare dello sviluppo dei premi culturali della Confederazione, lanciati dall'Ufficio federale della cultura in nuovi settori dall'entrata in vigore della legge sulla promozione della cultura.<\/p>\n<\/p><\/div>","protected":false},"excerpt":{"rendered":"<p><strong>Danielle Nanchen \u00e8 stata nominata capo della sezione Creazioni culturali dell'Ufficio federale della cultura, a partire dal 1\u00b0 settembre 2013. Succeder\u00e0 a Franziska Burkhardt, che ha ricoperto la carica per 3 anni.<\/strong><\/p>","protected":false},"author":1,"featured_media":0,"comment_status":"open","ping_status":"open","sticky":false,"template":"","format":"standard","meta":{"_acf_changed":false,"_relevanssi_hide_post":"","_relevanssi_hide_content":"","_relevanssi_pin_for_all":"","_relevanssi_pin_keywords":"","_relevanssi_unpin_keywords":"","_relevanssi_related_keywords":"","_relevanssi_related_include_ids":"","_relevanssi_related_exclude_ids":"","_relevanssi_related_no_append":"","_relevanssi_related_not_related":"","_relevanssi_related_posts":"","_relevanssi_noindex_reason":"","pgc_sgb_lightbox_settings":"","footnotes":""},"categories":[1613,1612],"tags":[],"class_list":["post-22811","post","type-post","status-publish","format-standard","hentry","category-national-politique","category-politique"],"acf":[],"yoast_head":"<!-- This site is optimized with the Yoast SEO plugin v27.3 - https:\/\/yoast.com\/product\/yoast-seo-wordpress\/ -->\n<title>Danielle Nanchen nouvelle cheffe de la section Cr\u00e9ation culturelle - Revue Musicale Suisse<\/title>\n<meta name=\"robots\" content=\"index, follow, max-snippet:-1, max-image-preview:large, max-video-preview:-1\" \/>\n<link rel=\"canonical\" href=\"https:\/\/www.revuemusicale.ch\/it\/politique\/2013\/07\/danielle-nanchen-nouvelle-cheffe-de-la-section-creation-culturelle\/\" \/>\n<meta property=\"og:locale\" content=\"it_IT\" \/>\n<meta property=\"og:type\" content=\"article\" \/>\n<meta property=\"og:title\" content=\"Danielle Nanchen nouvelle cheffe de la section Cr\u00e9ation culturelle - Revue Musicale Suisse\" \/>\n<meta property=\"og:description\" content=\"D\u00e9sign\u00e9e cheffe de la section Cr\u00e9ation culturelle au sein de l\u2019Office f\u00e9d\u00e9ral de la culture, Danielle Nanchen prendra ses fonctions le 1er septembre 2013. Elle succ\u00e9dera \u00e0 Franziska Burkhardt, qui occupait ce poste depuis 3 ans.\" \/>\n<meta property=\"og:url\" content=\"https:\/\/www.revuemusicale.ch\/it\/politique\/2013\/07\/danielle-nanchen-nouvelle-cheffe-de-la-section-creation-culturelle\/\" \/>\n<meta property=\"og:site_name\" content=\"Revue Musicale Suisse\" \/>\n<meta property=\"article:publisher\" content=\"https:\/\/www.facebook.com\/SchweizerMusikzeitung\/\" \/>\n<meta property=\"article:published_time\" content=\"2013-07-09T22:00:00+00:00\" \/>\n<meta name=\"author\" content=\"Musikzeitung-Redaktion\" \/>\n<meta name=\"twitter:card\" content=\"summary_large_image\" \/>\n<meta name=\"twitter:creator\" content=\"@smusikzeitung\" \/>\n<meta name=\"twitter:site\" content=\"@smusikzeitung\" \/>\n<meta name=\"twitter:label1\" content=\"Scritto da\" \/>\n\t<meta name=\"twitter:data1\" content=\"Musikzeitung-Redaktion\" \/>\n\t<meta name=\"twitter:label2\" content=\"Tempo di lettura stimato\" \/>\n\t<meta name=\"twitter:data2\" content=\"1 minuto\" \/>\n<script type=\"application\/ld+json\" class=\"yoast-schema-graph\">{\"@context\":\"https:\\\/\\\/schema.org\",\"@graph\":[{\"@type\":\"Article\",\"@id\":\"https:\\\/\\\/www.revuemusicale.ch\\\/politique\\\/2013\\\/07\\\/danielle-nanchen-nouvelle-cheffe-de-la-section-creation-culturelle#article\",\"isPartOf\":{\"@id\":\"https:\\\/\\\/www.revuemusicale.ch\\\/politique\\\/2013\\\/07\\\/danielle-nanchen-nouvelle-cheffe-de-la-section-creation-culturelle\"},\"author\":{\"name\":\"Musikzeitung-Redaktion\",\"@id\":\"https:\\\/\\\/www.revuemusicale.ch\\\/#\\\/schema\\\/person\\\/b2fd892c800856270b9dcc6001265712\"},\"headline\":\"Danielle Nanchen nouvelle cheffe de la section Cr\u00e9ation culturelle\",\"datePublished\":\"2013-07-09T22:00:00+00:00\",\"mainEntityOfPage\":{\"@id\":\"https:\\\/\\\/www.revuemusicale.ch\\\/politique\\\/2013\\\/07\\\/danielle-nanchen-nouvelle-cheffe-de-la-section-creation-culturelle\"},\"wordCount\":185,\"commentCount\":0,\"publisher\":{\"@id\":\"https:\\\/\\\/www.revuemusicale.ch\\\/#organization\"},\"articleSection\":[\"National\",\"Politique\"],\"inLanguage\":\"it-IT\"},{\"@type\":\"WebPage\",\"@id\":\"https:\\\/\\\/www.revuemusicale.ch\\\/politique\\\/2013\\\/07\\\/danielle-nanchen-nouvelle-cheffe-de-la-section-creation-culturelle\",\"url\":\"https:\\\/\\\/www.revuemusicale.ch\\\/politique\\\/2013\\\/07\\\/danielle-nanchen-nouvelle-cheffe-de-la-section-creation-culturelle\",\"name\":\"Danielle Nanchen nouvelle cheffe de la section Cr\u00e9ation culturelle - Revue Musicale Suisse\",\"isPartOf\":{\"@id\":\"https:\\\/\\\/www.revuemusicale.ch\\\/#website\"},\"datePublished\":\"2013-07-09T22:00:00+00:00\",\"breadcrumb\":{\"@id\":\"https:\\\/\\\/www.revuemusicale.ch\\\/politique\\\/2013\\\/07\\\/danielle-nanchen-nouvelle-cheffe-de-la-section-creation-culturelle#breadcrumb\"},\"inLanguage\":\"it-IT\",\"potentialAction\":[{\"@type\":\"ReadAction\",\"target\":[\"https:\\\/\\\/www.revuemusicale.ch\\\/politique\\\/2013\\\/07\\\/danielle-nanchen-nouvelle-cheffe-de-la-section-creation-culturelle\"]}]},{\"@type\":\"BreadcrumbList\",\"@id\":\"https:\\\/\\\/www.revuemusicale.ch\\\/politique\\\/2013\\\/07\\\/danielle-nanchen-nouvelle-cheffe-de-la-section-creation-culturelle#breadcrumb\",\"itemListElement\":[{\"@type\":\"ListItem\",\"position\":1,\"name\":\"Home\",\"item\":\"https:\\\/\\\/www.revuemusicale.ch\\\/\"},{\"@type\":\"ListItem\",\"position\":2,\"name\":\"Danielle Nanchen nouvelle cheffe de la section Cr\u00e9ation culturelle\"}]},{\"@type\":\"WebSite\",\"@id\":\"https:\\\/\\\/www.revuemusicale.ch\\\/#website\",\"url\":\"https:\\\/\\\/www.revuemusicale.ch\\\/\",\"name\":\"Revue Musicale Suisse\",\"description\":\"\",\"publisher\":{\"@id\":\"https:\\\/\\\/www.revuemusicale.ch\\\/#organization\"},\"potentialAction\":[{\"@type\":\"SearchAction\",\"target\":{\"@type\":\"EntryPoint\",\"urlTemplate\":\"https:\\\/\\\/www.revuemusicale.ch\\\/?s={search_term_string}\"},\"query-input\":{\"@type\":\"PropertyValueSpecification\",\"valueRequired\":true,\"valueName\":\"search_term_string\"}}],\"inLanguage\":\"it-IT\"},{\"@type\":\"Organization\",\"@id\":\"https:\\\/\\\/www.revuemusicale.ch\\\/#organization\",\"name\":\"Revue Musicale Suisse\",\"url\":\"https:\\\/\\\/www.revuemusicale.ch\\\/\",\"logo\":{\"@type\":\"ImageObject\",\"inLanguage\":\"it-IT\",\"@id\":\"https:\\\/\\\/www.revuemusicale.ch\\\/#\\\/schema\\\/logo\\\/image\\\/\",\"url\":\"https:\\\/\\\/www.revuemusicale.ch\\\/wp-content\\\/uploads\\\/2023\\\/01\\\/logo_revuemusicale_musikzeitung.jpg\",\"contentUrl\":\"https:\\\/\\\/www.revuemusicale.ch\\\/wp-content\\\/uploads\\\/2023\\\/01\\\/logo_revuemusicale_musikzeitung.jpg\",\"width\":1200,\"height\":243,\"caption\":\"Revue Musicale Suisse\"},\"image\":{\"@id\":\"https:\\\/\\\/www.revuemusicale.ch\\\/#\\\/schema\\\/logo\\\/image\\\/\"},\"sameAs\":[\"https:\\\/\\\/www.facebook.com\\\/SchweizerMusikzeitung\\\/\",\"https:\\\/\\\/x.com\\\/smusikzeitung\",\"https:\\\/\\\/www.instagram.com\\\/musikzeitung.ch\\\/?hl=de\"]},{\"@type\":\"Person\",\"@id\":\"https:\\\/\\\/www.revuemusicale.ch\\\/#\\\/schema\\\/person\\\/b2fd892c800856270b9dcc6001265712\",\"name\":\"Musikzeitung-Redaktion\",\"image\":{\"@type\":\"ImageObject\",\"inLanguage\":\"it-IT\",\"@id\":\"https:\\\/\\\/secure.gravatar.com\\\/avatar\\\/0c7e6a405862e402eb76a70f8a26fc732d07c32931e9fae9ab1582911d2e8a3b?s=96&d=mm&r=g\",\"url\":\"https:\\\/\\\/secure.gravatar.com\\\/avatar\\\/0c7e6a405862e402eb76a70f8a26fc732d07c32931e9fae9ab1582911d2e8a3b?s=96&d=mm&r=g\",\"contentUrl\":\"https:\\\/\\\/secure.gravatar.com\\\/avatar\\\/0c7e6a405862e402eb76a70f8a26fc732d07c32931e9fae9ab1582911d2e8a3b?s=96&d=mm&r=g\",\"caption\":\"Musikzeitung-Redaktion\"},\"sameAs\":[\"http:\\\/\\\/wundo-docker.io\"],\"url\":\"https:\\\/\\\/www.revuemusicale.ch\\\/it\\\/author\\\/admin\"}]}<\/script>\n<!-- \/ Yoast SEO plugin. -->","yoast_head_json":{"title":"Danielle Nanchen nouvelle cheffe de la section Cr\u00e9ation culturelle - Revue Musicale Suisse","robots":{"index":"index","follow":"follow","max-snippet":"max-snippet:-1","max-image-preview":"max-image-preview:large","max-video-preview":"max-video-preview:-1"},"canonical":"https:\/\/www.revuemusicale.ch\/it\/politique\/2013\/07\/danielle-nanchen-nouvelle-cheffe-de-la-section-creation-culturelle\/","og_locale":"it_IT","og_type":"article","og_title":"Danielle Nanchen nouvelle cheffe de la section Cr\u00e9ation culturelle - Revue Musicale Suisse","og_description":"D\u00e9sign\u00e9e cheffe de la section Cr\u00e9ation culturelle au sein de l\u2019Office f\u00e9d\u00e9ral de la culture, Danielle Nanchen prendra ses fonctions le 1er septembre 2013. Elle succ\u00e9dera \u00e0 Franziska Burkhardt, qui occupait ce poste depuis 3 ans.","og_url":"https:\/\/www.revuemusicale.ch\/it\/politique\/2013\/07\/danielle-nanchen-nouvelle-cheffe-de-la-section-creation-culturelle\/","og_site_name":"Revue Musicale Suisse","article_publisher":"https:\/\/www.facebook.com\/SchweizerMusikzeitung\/","article_published_time":"2013-07-09T22:00:00+00:00","author":"Musikzeitung-Redaktion","twitter_card":"summary_large_image","twitter_creator":"@smusikzeitung","twitter_site":"@smusikzeitung","twitter_misc":{"Scritto da":"Musikzeitung-Redaktion","Tempo di lettura stimato":"1 minuto"},"schema":{"@context":"https:\/\/schema.org","@graph":[{"@type":"Article","@id":"https:\/\/www.revuemusicale.ch\/politique\/2013\/07\/danielle-nanchen-nouvelle-cheffe-de-la-section-creation-culturelle#article","isPartOf":{"@id":"https:\/\/www.revuemusicale.ch\/politique\/2013\/07\/danielle-nanchen-nouvelle-cheffe-de-la-section-creation-culturelle"},"author":{"name":"Musikzeitung-Redaktion","@id":"https:\/\/www.revuemusicale.ch\/#\/schema\/person\/b2fd892c800856270b9dcc6001265712"},"headline":"Danielle Nanchen nouvelle cheffe de la section Cr\u00e9ation culturelle","datePublished":"2013-07-09T22:00:00+00:00","mainEntityOfPage":{"@id":"https:\/\/www.revuemusicale.ch\/politique\/2013\/07\/danielle-nanchen-nouvelle-cheffe-de-la-section-creation-culturelle"},"wordCount":185,"commentCount":0,"publisher":{"@id":"https:\/\/www.revuemusicale.ch\/#organization"},"articleSection":["National","Politique"],"inLanguage":"it-IT"},{"@type":"WebPage","@id":"https:\/\/www.revuemusicale.ch\/politique\/2013\/07\/danielle-nanchen-nouvelle-cheffe-de-la-section-creation-culturelle","url":"https:\/\/www.revuemusicale.ch\/politique\/2013\/07\/danielle-nanchen-nouvelle-cheffe-de-la-section-creation-culturelle","name":"Danielle Nanchen nouvelle cheffe de la section Cr\u00e9ation culturelle - Revue Musicale Suisse","isPartOf":{"@id":"https:\/\/www.revuemusicale.ch\/#website"},"datePublished":"2013-07-09T22:00:00+00:00","breadcrumb":{"@id":"https:\/\/www.revuemusicale.ch\/politique\/2013\/07\/danielle-nanchen-nouvelle-cheffe-de-la-section-creation-culturelle#breadcrumb"},"inLanguage":"it-IT","potentialAction":[{"@type":"ReadAction","target":["https:\/\/www.revuemusicale.ch\/politique\/2013\/07\/danielle-nanchen-nouvelle-cheffe-de-la-section-creation-culturelle"]}]},{"@type":"BreadcrumbList","@id":"https:\/\/www.revuemusicale.ch\/politique\/2013\/07\/danielle-nanchen-nouvelle-cheffe-de-la-section-creation-culturelle#breadcrumb","itemListElement":[{"@type":"ListItem","position":1,"name":"Home","item":"https:\/\/www.revuemusicale.ch\/"},{"@type":"ListItem","position":2,"name":"Danielle Nanchen nouvelle cheffe de la section Cr\u00e9ation culturelle"}]},{"@type":"WebSite","@id":"https:\/\/www.revuemusicale.ch\/#website","url":"https:\/\/www.revuemusicale.ch\/","name":"Rassegna musicale svizzera","description":"","publisher":{"@id":"https:\/\/www.revuemusicale.ch\/#organization"},"potentialAction":[{"@type":"SearchAction","target":{"@type":"EntryPoint","urlTemplate":"https:\/\/www.revuemusicale.ch\/?s={search_term_string}"},"query-input":{"@type":"PropertyValueSpecification","valueRequired":true,"valueName":"search_term_string"}}],"inLanguage":"it-IT"},{"@type":"Organization","@id":"https:\/\/www.revuemusicale.ch\/#organization","name":"Rassegna musicale svizzera","url":"https:\/\/www.revuemusicale.ch\/","logo":{"@type":"ImageObject","inLanguage":"it-IT","@id":"https:\/\/www.revuemusicale.ch\/#\/schema\/logo\/image\/","url":"https:\/\/www.revuemusicale.ch\/wp-content\/uploads\/2023\/01\/logo_revuemusicale_musikzeitung.jpg","contentUrl":"https:\/\/www.revuemusicale.ch\/wp-content\/uploads\/2023\/01\/logo_revuemusicale_musikzeitung.jpg","width":1200,"height":243,"caption":"Revue Musicale Suisse"},"image":{"@id":"https:\/\/www.revuemusicale.ch\/#\/schema\/logo\/image\/"},"sameAs":["https:\/\/www.facebook.com\/SchweizerMusikzeitung\/","https:\/\/x.com\/smusikzeitung","https:\/\/www.instagram.com\/musikzeitung.ch\/?hl=de"]},{"@type":"Person","@id":"https:\/\/www.revuemusicale.ch\/#\/schema\/person\/b2fd892c800856270b9dcc6001265712","name":"Musikzeitung-Redaktion","image":{"@type":"ImageObject","inLanguage":"it-IT","@id":"https:\/\/secure.gravatar.com\/avatar\/0c7e6a405862e402eb76a70f8a26fc732d07c32931e9fae9ab1582911d2e8a3b?s=96&d=mm&r=g","url":"https:\/\/secure.gravatar.com\/avatar\/0c7e6a405862e402eb76a70f8a26fc732d07c32931e9fae9ab1582911d2e8a3b?s=96&d=mm&r=g","contentUrl":"https:\/\/secure.gravatar.com\/avatar\/0c7e6a405862e402eb76a70f8a26fc732d07c32931e9fae9ab1582911d2e8a3b?s=96&d=mm&r=g","caption":"Musikzeitung-Redaktion"},"sameAs":["http:\/\/wundo-docker.io"],"url":"https:\/\/www.revuemusicale.ch\/it\/author\/admin"}]}},"publishpress_future_action":{"enabled":false,"date":"1970-01-01 01:00:00","action":"change-status","newStatus":"draft","terms":[],"taxonomy":"category","extraData":[]},"publishpress_future_workflow_manual_trigger":{"enabledWorkflows":[]},"_links":{"self":[{"href":"https:\/\/www.revuemusicale.ch\/it\/wp-json\/wp\/v2\/posts\/22811","targetHints":{"allow":["GET"]}}],"collection":[{"href":"https:\/\/www.revuemusicale.ch\/it\/wp-json\/wp\/v2\/posts"}],"about":[{"href":"https:\/\/www.revuemusicale.ch\/it\/wp-json\/wp\/v2\/types\/post"}],"author":[{"embeddable":true,"href":"https:\/\/www.revuemusicale.ch\/it\/wp-json\/wp\/v2\/users\/1"}],"replies":[{"embeddable":true,"href":"https:\/\/www.revuemusicale.ch\/it\/wp-json\/wp\/v2\/comments?post=22811"}],"version-history":[{"count":0,"href":"https:\/\/www.revuemusicale.ch\/it\/wp-json\/wp\/v2\/posts\/22811\/revisions"}],"wp:attachment":[{"href":"https:\/\/www.revuemusicale.ch\/it\/wp-json\/wp\/v2\/media?parent=22811"}],"wp:term":[{"taxonomy":"category","embeddable":true,"href":"https:\/\/www.revuemusicale.ch\/it\/wp-json\/wp\/v2\/categories?post=22811"},{"taxonomy":"post_tag","embeddable":true,"href":"https:\/\/www.revuemusicale.ch\/it\/wp-json\/wp\/v2\/tags?post=22811"}],"curies":[{"name":"wp","href":"https:\/\/api.w.org\/{rel}","templated":true}]}}