{"id":22815,"date":"2013-10-02T00:00:00","date_gmt":"2013-10-01T22:00:00","guid":{"rendered":"https:\/\/www.revuemusicale.ch\/blog\/2013\/10\/02\/la-suisa-et-youtube-concluent-un-contrat-de-licence\/"},"modified":"2023-01-18T17:43:43","modified_gmt":"2023-01-18T16:43:43","slug":"la-suisa-et-youtube-concluent-un-contrat-de-licence","status":"publish","type":"post","link":"https:\/\/www.revuemusicale.ch\/it\/politique\/2013\/10\/la-suisa-et-youtube-concluent-un-contrat-de-licence","title":{"rendered":"Suisa e YouTube firmano un accordo di licenza"},"content":{"rendered":"<figure style=\"width: 1200px\" class=\"wp-caption alignnone\"><img decoding=\"async\" class=\"size-full\" src=\"https:\/\/www.revuemusicale.ch\/wp-content\/uploads\/2023\/01\/P1060604.jpg\" alt=\"\" \/><figcaption class=\"wp-caption-text\">L'ascolto di Frank Martin su YouTube dar\u00e0 luogo a una tassa.<\/figcaption><\/figure>\n<div class='text-section'>\n<p>La societ\u00e0 di gestione Suisa, che in Svizzera e nel Liechtenstein gestisce i diritti d'autore di due milioni di titolari in tutto il mondo, ha firmato un accordo di licenza con YouTube. L'accordo entra in vigore il 1\u00b0 settembre 2013. Gli autori e gli editori rappresentati da Suisa riceveranno ora un compenso (royalties) per l'utilizzo delle loro opere su YouTube.<\/p>\n<p>Allo stesso tempo, l'accordo consente di concedere la licenza d'uso del repertorio degli autori svizzeri e dei membri della SUISA su YouTube in un gran numero di Paesi al di fuori della Svizzera. Ci\u00f2 consentir\u00e0 ai compositori e ai parolieri svizzeri di ottenere un compenso per l'utilizzo delle loro opere su YouTube all'estero, aumentando cos\u00ec la loro visibilit\u00e0 su questa importante piattaforma online.<\/p>\n<p>Oltre al contratto con Suisa, YouTube ha firmato accordi con pi\u00f9 di 40 altre societ\u00e0 di gestione in tutto il mondo. Tra queste, la SACEM in Francia e la SIAE in Italia.<\/p>\n<\/p><\/div>","protected":false},"excerpt":{"rendered":"<p><strong>Grazie a questo accordo, i titolari dei diritti rappresentati dalla Suisa riceveranno un compenso per l'utilizzo delle loro opere musicali su YouTube in Svizzera. Allo stesso tempo, l'accordo concede in licenza l'ampio repertorio degli autori svizzeri e dei membri della Suisa per l'utilizzo su YouTube in un gran numero di Paesi.<\/strong><\/p>","protected":false},"author":1,"featured_media":22816,"comment_status":"open","ping_status":"open","sticky":false,"template":"","format":"standard","meta":{"_acf_changed":false,"_relevanssi_hide_post":"","_relevanssi_hide_content":"","_relevanssi_pin_for_all":"","_relevanssi_pin_keywords":"","_relevanssi_unpin_keywords":"","_relevanssi_related_keywords":"","_relevanssi_related_include_ids":"","_relevanssi_related_exclude_ids":"","_relevanssi_related_no_append":"","_relevanssi_related_not_related":"","_relevanssi_related_posts":"","_relevanssi_noindex_reason":"","pgc_sgb_lightbox_settings":"","footnotes":""},"categories":[1613,1612],"tags":[],"class_list":["post-22815","post","type-post","status-publish","format-standard","has-post-thumbnail","hentry","category-national-politique","category-politique"],"acf":[],"yoast_head":"<!-- This site is optimized with the Yoast SEO plugin v27.3 - https:\/\/yoast.com\/product\/yoast-seo-wordpress\/ -->\n<title>La Suisa et YouTube concluent un contrat de licence - Revue Musicale Suisse<\/title>\n<meta name=\"robots\" content=\"index, follow, max-snippet:-1, max-image-preview:large, max-video-preview:-1\" \/>\n<link rel=\"canonical\" href=\"https:\/\/www.revuemusicale.ch\/it\/politique\/2013\/10\/la-suisa-et-youtube-concluent-un-contrat-de-licence\/\" \/>\n<meta property=\"og:locale\" content=\"it_IT\" \/>\n<meta property=\"og:type\" content=\"article\" \/>\n<meta property=\"og:title\" content=\"La Suisa et YouTube concluent un contrat de licence - Revue Musicale Suisse\" \/>\n<meta property=\"og:description\" content=\"Gr\u00e2ce \u00e0 ce contrat, les ayants droit repr\u00e9sent\u00e9s par la Suisa obtiendront une r\u00e9mun\u00e9ration en cas d\u2019utilisation de leurs \u0153uvres musicales sur YouTube en Suisse. En m\u00eame temps, la convention licencie le r\u00e9pertoire tr\u00e8s vari\u00e9 des auteurs suisses et des membres de la Suisa pour une utilisation sur YouTube dans un grand nombre de pays.\" \/>\n<meta property=\"og:url\" content=\"https:\/\/www.revuemusicale.ch\/it\/politique\/2013\/10\/la-suisa-et-youtube-concluent-un-contrat-de-licence\/\" \/>\n<meta property=\"og:site_name\" content=\"Revue Musicale Suisse\" \/>\n<meta property=\"article:publisher\" content=\"https:\/\/www.facebook.com\/SchweizerMusikzeitung\/\" \/>\n<meta property=\"article:published_time\" content=\"2013-10-01T22:00:00+00:00\" \/>\n<meta property=\"article:modified_time\" content=\"2023-01-18T16:43:43+00:00\" \/>\n<meta property=\"og:image\" content=\"https:\/\/www.revuemusicale.ch\/wp-content\/uploads\/2023\/01\/P1060604.jpg\" \/>\n\t<meta property=\"og:image:width\" content=\"554\" \/>\n\t<meta property=\"og:image:height\" content=\"415\" \/>\n\t<meta property=\"og:image:type\" content=\"image\/jpeg\" \/>\n<meta name=\"author\" content=\"Musikzeitung-Redaktion\" \/>\n<meta name=\"twitter:card\" content=\"summary_large_image\" \/>\n<meta name=\"twitter:creator\" content=\"@smusikzeitung\" \/>\n<meta name=\"twitter:site\" content=\"@smusikzeitung\" \/>\n<meta name=\"twitter:label1\" content=\"Scritto da\" \/>\n\t<meta name=\"twitter:data1\" content=\"Musikzeitung-Redaktion\" \/>\n\t<meta name=\"twitter:label2\" content=\"Tempo di lettura stimato\" \/>\n\t<meta name=\"twitter:data2\" content=\"1 minuto\" \/>\n<script type=\"application\/ld+json\" class=\"yoast-schema-graph\">{\"@context\":\"https:\\\/\\\/schema.org\",\"@graph\":[{\"@type\":\"Article\",\"@id\":\"https:\\\/\\\/www.revuemusicale.ch\\\/politique\\\/2013\\\/10\\\/la-suisa-et-youtube-concluent-un-contrat-de-licence#article\",\"isPartOf\":{\"@id\":\"https:\\\/\\\/www.revuemusicale.ch\\\/politique\\\/2013\\\/10\\\/la-suisa-et-youtube-concluent-un-contrat-de-licence\"},\"author\":{\"name\":\"Musikzeitung-Redaktion\",\"@id\":\"https:\\\/\\\/www.revuemusicale.ch\\\/#\\\/schema\\\/person\\\/b2fd892c800856270b9dcc6001265712\"},\"headline\":\"La Suisa et YouTube concluent un contrat de licence\",\"datePublished\":\"2013-10-01T22:00:00+00:00\",\"dateModified\":\"2023-01-18T16:43:43+00:00\",\"mainEntityOfPage\":{\"@id\":\"https:\\\/\\\/www.revuemusicale.ch\\\/politique\\\/2013\\\/10\\\/la-suisa-et-youtube-concluent-un-contrat-de-licence\"},\"wordCount\":203,\"commentCount\":0,\"publisher\":{\"@id\":\"https:\\\/\\\/www.revuemusicale.ch\\\/#organization\"},\"image\":{\"@id\":\"https:\\\/\\\/www.revuemusicale.ch\\\/politique\\\/2013\\\/10\\\/la-suisa-et-youtube-concluent-un-contrat-de-licence#primaryimage\"},\"thumbnailUrl\":\"https:\\\/\\\/www.revuemusicale.ch\\\/wp-content\\\/uploads\\\/2023\\\/01\\\/P1060604.jpg\",\"articleSection\":[\"National\",\"Politique\"],\"inLanguage\":\"it-IT\"},{\"@type\":\"WebPage\",\"@id\":\"https:\\\/\\\/www.revuemusicale.ch\\\/politique\\\/2013\\\/10\\\/la-suisa-et-youtube-concluent-un-contrat-de-licence\",\"url\":\"https:\\\/\\\/www.revuemusicale.ch\\\/politique\\\/2013\\\/10\\\/la-suisa-et-youtube-concluent-un-contrat-de-licence\",\"name\":\"La Suisa et YouTube concluent un contrat de licence - Revue Musicale Suisse\",\"isPartOf\":{\"@id\":\"https:\\\/\\\/www.revuemusicale.ch\\\/#website\"},\"primaryImageOfPage\":{\"@id\":\"https:\\\/\\\/www.revuemusicale.ch\\\/politique\\\/2013\\\/10\\\/la-suisa-et-youtube-concluent-un-contrat-de-licence#primaryimage\"},\"image\":{\"@id\":\"https:\\\/\\\/www.revuemusicale.ch\\\/politique\\\/2013\\\/10\\\/la-suisa-et-youtube-concluent-un-contrat-de-licence#primaryimage\"},\"thumbnailUrl\":\"https:\\\/\\\/www.revuemusicale.ch\\\/wp-content\\\/uploads\\\/2023\\\/01\\\/P1060604.jpg\",\"datePublished\":\"2013-10-01T22:00:00+00:00\",\"dateModified\":\"2023-01-18T16:43:43+00:00\",\"breadcrumb\":{\"@id\":\"https:\\\/\\\/www.revuemusicale.ch\\\/politique\\\/2013\\\/10\\\/la-suisa-et-youtube-concluent-un-contrat-de-licence#breadcrumb\"},\"inLanguage\":\"it-IT\",\"potentialAction\":[{\"@type\":\"ReadAction\",\"target\":[\"https:\\\/\\\/www.revuemusicale.ch\\\/politique\\\/2013\\\/10\\\/la-suisa-et-youtube-concluent-un-contrat-de-licence\"]}]},{\"@type\":\"ImageObject\",\"inLanguage\":\"it-IT\",\"@id\":\"https:\\\/\\\/www.revuemusicale.ch\\\/politique\\\/2013\\\/10\\\/la-suisa-et-youtube-concluent-un-contrat-de-licence#primaryimage\",\"url\":\"https:\\\/\\\/www.revuemusicale.ch\\\/wp-content\\\/uploads\\\/2023\\\/01\\\/P1060604.jpg\",\"contentUrl\":\"https:\\\/\\\/www.revuemusicale.ch\\\/wp-content\\\/uploads\\\/2023\\\/01\\\/P1060604.jpg\",\"width\":554,\"height\":415},{\"@type\":\"BreadcrumbList\",\"@id\":\"https:\\\/\\\/www.revuemusicale.ch\\\/politique\\\/2013\\\/10\\\/la-suisa-et-youtube-concluent-un-contrat-de-licence#breadcrumb\",\"itemListElement\":[{\"@type\":\"ListItem\",\"position\":1,\"name\":\"Home\",\"item\":\"https:\\\/\\\/www.revuemusicale.ch\\\/\"},{\"@type\":\"ListItem\",\"position\":2,\"name\":\"La Suisa et YouTube concluent un contrat de licence\"}]},{\"@type\":\"WebSite\",\"@id\":\"https:\\\/\\\/www.revuemusicale.ch\\\/#website\",\"url\":\"https:\\\/\\\/www.revuemusicale.ch\\\/\",\"name\":\"Revue Musicale Suisse\",\"description\":\"\",\"publisher\":{\"@id\":\"https:\\\/\\\/www.revuemusicale.ch\\\/#organization\"},\"potentialAction\":[{\"@type\":\"SearchAction\",\"target\":{\"@type\":\"EntryPoint\",\"urlTemplate\":\"https:\\\/\\\/www.revuemusicale.ch\\\/?s={search_term_string}\"},\"query-input\":{\"@type\":\"PropertyValueSpecification\",\"valueRequired\":true,\"valueName\":\"search_term_string\"}}],\"inLanguage\":\"it-IT\"},{\"@type\":\"Organization\",\"@id\":\"https:\\\/\\\/www.revuemusicale.ch\\\/#organization\",\"name\":\"Revue Musicale Suisse\",\"url\":\"https:\\\/\\\/www.revuemusicale.ch\\\/\",\"logo\":{\"@type\":\"ImageObject\",\"inLanguage\":\"it-IT\",\"@id\":\"https:\\\/\\\/www.revuemusicale.ch\\\/#\\\/schema\\\/logo\\\/image\\\/\",\"url\":\"https:\\\/\\\/www.revuemusicale.ch\\\/wp-content\\\/uploads\\\/2023\\\/01\\\/logo_revuemusicale_musikzeitung.jpg\",\"contentUrl\":\"https:\\\/\\\/www.revuemusicale.ch\\\/wp-content\\\/uploads\\\/2023\\\/01\\\/logo_revuemusicale_musikzeitung.jpg\",\"width\":1200,\"height\":243,\"caption\":\"Revue Musicale Suisse\"},\"image\":{\"@id\":\"https:\\\/\\\/www.revuemusicale.ch\\\/#\\\/schema\\\/logo\\\/image\\\/\"},\"sameAs\":[\"https:\\\/\\\/www.facebook.com\\\/SchweizerMusikzeitung\\\/\",\"https:\\\/\\\/x.com\\\/smusikzeitung\",\"https:\\\/\\\/www.instagram.com\\\/musikzeitung.ch\\\/?hl=de\"]},{\"@type\":\"Person\",\"@id\":\"https:\\\/\\\/www.revuemusicale.ch\\\/#\\\/schema\\\/person\\\/b2fd892c800856270b9dcc6001265712\",\"name\":\"Musikzeitung-Redaktion\",\"image\":{\"@type\":\"ImageObject\",\"inLanguage\":\"it-IT\",\"@id\":\"https:\\\/\\\/secure.gravatar.com\\\/avatar\\\/0c7e6a405862e402eb76a70f8a26fc732d07c32931e9fae9ab1582911d2e8a3b?s=96&d=mm&r=g\",\"url\":\"https:\\\/\\\/secure.gravatar.com\\\/avatar\\\/0c7e6a405862e402eb76a70f8a26fc732d07c32931e9fae9ab1582911d2e8a3b?s=96&d=mm&r=g\",\"contentUrl\":\"https:\\\/\\\/secure.gravatar.com\\\/avatar\\\/0c7e6a405862e402eb76a70f8a26fc732d07c32931e9fae9ab1582911d2e8a3b?s=96&d=mm&r=g\",\"caption\":\"Musikzeitung-Redaktion\"},\"sameAs\":[\"http:\\\/\\\/wundo-docker.io\"],\"url\":\"https:\\\/\\\/www.revuemusicale.ch\\\/it\\\/author\\\/admin\"}]}<\/script>\n<!-- \/ Yoast SEO plugin. -->","yoast_head_json":{"title":"La Suisa et YouTube concluent un contrat de licence - Revue Musicale Suisse","robots":{"index":"index","follow":"follow","max-snippet":"max-snippet:-1","max-image-preview":"max-image-preview:large","max-video-preview":"max-video-preview:-1"},"canonical":"https:\/\/www.revuemusicale.ch\/it\/politique\/2013\/10\/la-suisa-et-youtube-concluent-un-contrat-de-licence\/","og_locale":"it_IT","og_type":"article","og_title":"La Suisa et YouTube concluent un contrat de licence - Revue Musicale Suisse","og_description":"Gr\u00e2ce \u00e0 ce contrat, les ayants droit repr\u00e9sent\u00e9s par la Suisa obtiendront une r\u00e9mun\u00e9ration en cas d\u2019utilisation de leurs \u0153uvres musicales sur YouTube en Suisse. En m\u00eame temps, la convention licencie le r\u00e9pertoire tr\u00e8s vari\u00e9 des auteurs suisses et des membres de la Suisa pour une utilisation sur YouTube dans un grand nombre de pays.","og_url":"https:\/\/www.revuemusicale.ch\/it\/politique\/2013\/10\/la-suisa-et-youtube-concluent-un-contrat-de-licence\/","og_site_name":"Revue Musicale Suisse","article_publisher":"https:\/\/www.facebook.com\/SchweizerMusikzeitung\/","article_published_time":"2013-10-01T22:00:00+00:00","article_modified_time":"2023-01-18T16:43:43+00:00","og_image":[{"width":554,"height":415,"url":"https:\/\/www.revuemusicale.ch\/wp-content\/uploads\/2023\/01\/P1060604.jpg","type":"image\/jpeg"}],"author":"Musikzeitung-Redaktion","twitter_card":"summary_large_image","twitter_creator":"@smusikzeitung","twitter_site":"@smusikzeitung","twitter_misc":{"Scritto da":"Musikzeitung-Redaktion","Tempo di lettura stimato":"1 minuto"},"schema":{"@context":"https:\/\/schema.org","@graph":[{"@type":"Article","@id":"https:\/\/www.revuemusicale.ch\/politique\/2013\/10\/la-suisa-et-youtube-concluent-un-contrat-de-licence#article","isPartOf":{"@id":"https:\/\/www.revuemusicale.ch\/politique\/2013\/10\/la-suisa-et-youtube-concluent-un-contrat-de-licence"},"author":{"name":"Musikzeitung-Redaktion","@id":"https:\/\/www.revuemusicale.ch\/#\/schema\/person\/b2fd892c800856270b9dcc6001265712"},"headline":"La Suisa et YouTube concluent un contrat de licence","datePublished":"2013-10-01T22:00:00+00:00","dateModified":"2023-01-18T16:43:43+00:00","mainEntityOfPage":{"@id":"https:\/\/www.revuemusicale.ch\/politique\/2013\/10\/la-suisa-et-youtube-concluent-un-contrat-de-licence"},"wordCount":203,"commentCount":0,"publisher":{"@id":"https:\/\/www.revuemusicale.ch\/#organization"},"image":{"@id":"https:\/\/www.revuemusicale.ch\/politique\/2013\/10\/la-suisa-et-youtube-concluent-un-contrat-de-licence#primaryimage"},"thumbnailUrl":"https:\/\/www.revuemusicale.ch\/wp-content\/uploads\/2023\/01\/P1060604.jpg","articleSection":["National","Politique"],"inLanguage":"it-IT"},{"@type":"WebPage","@id":"https:\/\/www.revuemusicale.ch\/politique\/2013\/10\/la-suisa-et-youtube-concluent-un-contrat-de-licence","url":"https:\/\/www.revuemusicale.ch\/politique\/2013\/10\/la-suisa-et-youtube-concluent-un-contrat-de-licence","name":"La Suisa et YouTube concluent un contrat de licence - Revue Musicale Suisse","isPartOf":{"@id":"https:\/\/www.revuemusicale.ch\/#website"},"primaryImageOfPage":{"@id":"https:\/\/www.revuemusicale.ch\/politique\/2013\/10\/la-suisa-et-youtube-concluent-un-contrat-de-licence#primaryimage"},"image":{"@id":"https:\/\/www.revuemusicale.ch\/politique\/2013\/10\/la-suisa-et-youtube-concluent-un-contrat-de-licence#primaryimage"},"thumbnailUrl":"https:\/\/www.revuemusicale.ch\/wp-content\/uploads\/2023\/01\/P1060604.jpg","datePublished":"2013-10-01T22:00:00+00:00","dateModified":"2023-01-18T16:43:43+00:00","breadcrumb":{"@id":"https:\/\/www.revuemusicale.ch\/politique\/2013\/10\/la-suisa-et-youtube-concluent-un-contrat-de-licence#breadcrumb"},"inLanguage":"it-IT","potentialAction":[{"@type":"ReadAction","target":["https:\/\/www.revuemusicale.ch\/politique\/2013\/10\/la-suisa-et-youtube-concluent-un-contrat-de-licence"]}]},{"@type":"ImageObject","inLanguage":"it-IT","@id":"https:\/\/www.revuemusicale.ch\/politique\/2013\/10\/la-suisa-et-youtube-concluent-un-contrat-de-licence#primaryimage","url":"https:\/\/www.revuemusicale.ch\/wp-content\/uploads\/2023\/01\/P1060604.jpg","contentUrl":"https:\/\/www.revuemusicale.ch\/wp-content\/uploads\/2023\/01\/P1060604.jpg","width":554,"height":415},{"@type":"BreadcrumbList","@id":"https:\/\/www.revuemusicale.ch\/politique\/2013\/10\/la-suisa-et-youtube-concluent-un-contrat-de-licence#breadcrumb","itemListElement":[{"@type":"ListItem","position":1,"name":"Home","item":"https:\/\/www.revuemusicale.ch\/"},{"@type":"ListItem","position":2,"name":"La Suisa et YouTube concluent un contrat de licence"}]},{"@type":"WebSite","@id":"https:\/\/www.revuemusicale.ch\/#website","url":"https:\/\/www.revuemusicale.ch\/","name":"Rassegna musicale svizzera","description":"","publisher":{"@id":"https:\/\/www.revuemusicale.ch\/#organization"},"potentialAction":[{"@type":"SearchAction","target":{"@type":"EntryPoint","urlTemplate":"https:\/\/www.revuemusicale.ch\/?s={search_term_string}"},"query-input":{"@type":"PropertyValueSpecification","valueRequired":true,"valueName":"search_term_string"}}],"inLanguage":"it-IT"},{"@type":"Organization","@id":"https:\/\/www.revuemusicale.ch\/#organization","name":"Rassegna musicale svizzera","url":"https:\/\/www.revuemusicale.ch\/","logo":{"@type":"ImageObject","inLanguage":"it-IT","@id":"https:\/\/www.revuemusicale.ch\/#\/schema\/logo\/image\/","url":"https:\/\/www.revuemusicale.ch\/wp-content\/uploads\/2023\/01\/logo_revuemusicale_musikzeitung.jpg","contentUrl":"https:\/\/www.revuemusicale.ch\/wp-content\/uploads\/2023\/01\/logo_revuemusicale_musikzeitung.jpg","width":1200,"height":243,"caption":"Revue Musicale Suisse"},"image":{"@id":"https:\/\/www.revuemusicale.ch\/#\/schema\/logo\/image\/"},"sameAs":["https:\/\/www.facebook.com\/SchweizerMusikzeitung\/","https:\/\/x.com\/smusikzeitung","https:\/\/www.instagram.com\/musikzeitung.ch\/?hl=de"]},{"@type":"Person","@id":"https:\/\/www.revuemusicale.ch\/#\/schema\/person\/b2fd892c800856270b9dcc6001265712","name":"Musikzeitung-Redaktion","image":{"@type":"ImageObject","inLanguage":"it-IT","@id":"https:\/\/secure.gravatar.com\/avatar\/0c7e6a405862e402eb76a70f8a26fc732d07c32931e9fae9ab1582911d2e8a3b?s=96&d=mm&r=g","url":"https:\/\/secure.gravatar.com\/avatar\/0c7e6a405862e402eb76a70f8a26fc732d07c32931e9fae9ab1582911d2e8a3b?s=96&d=mm&r=g","contentUrl":"https:\/\/secure.gravatar.com\/avatar\/0c7e6a405862e402eb76a70f8a26fc732d07c32931e9fae9ab1582911d2e8a3b?s=96&d=mm&r=g","caption":"Musikzeitung-Redaktion"},"sameAs":["http:\/\/wundo-docker.io"],"url":"https:\/\/www.revuemusicale.ch\/it\/author\/admin"}]}},"publishpress_future_action":{"enabled":false,"date":"1970-01-01 01:00:00","action":"change-status","newStatus":"draft","terms":[],"taxonomy":"category","extraData":[]},"publishpress_future_workflow_manual_trigger":{"enabledWorkflows":[]},"_links":{"self":[{"href":"https:\/\/www.revuemusicale.ch\/it\/wp-json\/wp\/v2\/posts\/22815","targetHints":{"allow":["GET"]}}],"collection":[{"href":"https:\/\/www.revuemusicale.ch\/it\/wp-json\/wp\/v2\/posts"}],"about":[{"href":"https:\/\/www.revuemusicale.ch\/it\/wp-json\/wp\/v2\/types\/post"}],"author":[{"embeddable":true,"href":"https:\/\/www.revuemusicale.ch\/it\/wp-json\/wp\/v2\/users\/1"}],"replies":[{"embeddable":true,"href":"https:\/\/www.revuemusicale.ch\/it\/wp-json\/wp\/v2\/comments?post=22815"}],"version-history":[{"count":1,"href":"https:\/\/www.revuemusicale.ch\/it\/wp-json\/wp\/v2\/posts\/22815\/revisions"}],"predecessor-version":[{"id":22817,"href":"https:\/\/www.revuemusicale.ch\/it\/wp-json\/wp\/v2\/posts\/22815\/revisions\/22817"}],"wp:featuredmedia":[{"embeddable":true,"href":"https:\/\/www.revuemusicale.ch\/it\/wp-json\/wp\/v2\/media\/22816"}],"wp:attachment":[{"href":"https:\/\/www.revuemusicale.ch\/it\/wp-json\/wp\/v2\/media?parent=22815"}],"wp:term":[{"taxonomy":"category","embeddable":true,"href":"https:\/\/www.revuemusicale.ch\/it\/wp-json\/wp\/v2\/categories?post=22815"},{"taxonomy":"post_tag","embeddable":true,"href":"https:\/\/www.revuemusicale.ch\/it\/wp-json\/wp\/v2\/tags?post=22815"}],"curies":[{"name":"wp","href":"https:\/\/api.w.org\/{rel}","templated":true}]}}