{"id":22824,"date":"2014-02-10T00:00:00","date_gmt":"2014-02-09T23:00:00","guid":{"rendered":"https:\/\/www.revuemusicale.ch\/blog\/2014\/02\/10\/un-groupe-de-travail-depose-des-propositions\/"},"modified":"2023-01-18T17:43:44","modified_gmt":"2023-01-18T16:43:44","slug":"un-groupe-de-travail-depose-des-propositions","status":"publish","type":"post","link":"https:\/\/www.revuemusicale.ch\/it\/politique\/2014\/02\/un-groupe-de-travail-depose-des-propositions","title":{"rendered":"Il gruppo di lavoro presenta delle proposte"},"content":{"rendered":"<img decoding=\"async\" class=\"size-full\" src=\"https:\/\/www.revuemusicale.ch\/wp-content\/uploads\/2023\/01\/DSC_0972.jpg\" alt=\"\" \/>\n<div class='text-section'>\n<p>Il nuovo articolo 67a della Costituzione federale (Cost.) mira a rafforzare l'educazione musicale. Stabilisce che la Confederazione e i Cantoni devono garantire che l'insegnamento della musica nelle scuole sia di alto livello, senza intaccare l'attuale ripartizione delle competenze tra Confederazione e Cantoni. Nel tempo libero, tutti i bambini e i giovani dovrebbero avere la possibilit\u00e0 di praticare la musica. Un incoraggiamento particolare dovrebbe essere dato ai giovani particolarmente dotati.<\/p>\n<p>Il capo del Dipartimento federale dell'interno (DFI) ha istituito un gruppo di lavoro per l'attuazione del nuovo articolo costituzionale. Il gruppo era composto da rappresentanti delle seguenti organizzazioni e istituzioni: l'Unione delle Citt\u00e0 Svizzere (UVS), l'Associazione dei Comuni Svizzeri (ACS), l'associazione \"Jeunesse+musique\", la comunit\u00e0 di interessi \"Jeunesse et musique\", l'Associazione Svizzera delle Scuole di Musica (ASEM), il Consiglio Svizzero della Musica (CSM), la Conferenza delle Universit\u00e0 di Musica Svizzere (CHEMS) e l'Associazione Musicale Svizzera (ASM). Agli incontri hanno partecipato anche rappresentanti del Segretariato generale della Conferenza svizzera dei direttori cantonali dell'educazione (CDPE).<\/p>\n<p>Dopo un'analisi della formazione musicale dal punto di vista delle associazioni rappresentate, il gruppo di lavoro \u00e8 giunto alla conclusione che le pari opportunit\u00e0 e la qualit\u00e0 della formazione musicale, sia a livello di base che per i giovani talenti, devono essere migliorate e che la collaborazione tra i vari attori deve essere rafforzata. Ha elaborato circa 37 proposte di misure, 32 delle quali rientrano in linea di principio nella giurisdizione federale. Sulla questione delle misure da attuare, i pareri all'interno del gruppo di lavoro sono stati talvolta discordanti sulla necessit\u00e0, l'applicabilit\u00e0 e l'urgenza di alcune misure, nonch\u00e9 sull'estensione della competenza federale.<\/p>\n<p>Le misure proposte dal gruppo di lavoro sono analizzate dall'Ufficio federale della cultura (UFC) e dal Dipartimento federale dell'interno (DFI) e saranno discusse con i Cantoni, le citt\u00e0 e i Comuni in occasione del dialogo culturale nazionale che si terr\u00e0 a fine marzo 2014. Il Consiglio federale decider\u00e0 le misure che intende attuare nell'ambito del messaggio culturale 2016-2019. Il messaggio culturale 2016-2019 sar\u00e0 posto in consultazione all'inizio dell'estate 2014. Il Consiglio federale lo sottoporr\u00e0 al Parlamento, probabilmente nel dicembre 2014.<\/p>\n<p>Il rapporto pu\u00f2 essere consultato sul sito web dell'Ufficio federale della cultura:<br \/> <a href='http:\/\/www.bak.admin.ch\/?lang=de&#038;webcode=d_14089_fr'>www.bak.admin.ch\/?lang=de&amp;webcode=d_14089_fr<\/a><\/p>\n<\/p><\/div>","protected":false},"excerpt":{"rendered":"<p><strong>Il 23 settembre 2012, il popolo e i Cantoni hanno votato a grande maggioranza a favore di un nuovo articolo costituzionale volto a rafforzare l'educazione musicale in Svizzera. Un gruppo di lavoro composto da rappresentanti di associazioni musicali, cantoni, citt\u00e0 e comuni ha presentato un rapporto con numerose proposte per migliorare l'educazione musicale. Il Consiglio federale decider\u00e0 quali misure attuare nell'ambito del suo messaggio culturale per il periodo 2016-2019.<\/strong><\/p>","protected":false},"author":1,"featured_media":22825,"comment_status":"open","ping_status":"open","sticky":false,"template":"","format":"standard","meta":{"_acf_changed":false,"_relevanssi_hide_post":"","_relevanssi_hide_content":"","_relevanssi_pin_for_all":"","_relevanssi_pin_keywords":"","_relevanssi_unpin_keywords":"","_relevanssi_related_keywords":"","_relevanssi_related_include_ids":"","_relevanssi_related_exclude_ids":"","_relevanssi_related_no_append":"","_relevanssi_related_not_related":"","_relevanssi_related_posts":"","_relevanssi_noindex_reason":"","pgc_sgb_lightbox_settings":"","footnotes":""},"categories":[1613,1612],"tags":[],"class_list":["post-22824","post","type-post","status-publish","format-standard","has-post-thumbnail","hentry","category-national-politique","category-politique"],"acf":[],"yoast_head":"<!-- This site is optimized with the Yoast SEO plugin v27.3 - https:\/\/yoast.com\/product\/yoast-seo-wordpress\/ -->\n<title>Un groupe de travail d\u00e9pose des propositions - Revue Musicale Suisse<\/title>\n<meta name=\"robots\" content=\"index, follow, max-snippet:-1, max-image-preview:large, max-video-preview:-1\" \/>\n<link rel=\"canonical\" href=\"https:\/\/www.revuemusicale.ch\/it\/politique\/2014\/02\/un-groupe-de-travail-depose-des-propositions\/\" \/>\n<meta property=\"og:locale\" content=\"it_IT\" \/>\n<meta property=\"og:type\" content=\"article\" \/>\n<meta property=\"og:title\" content=\"Un groupe de travail d\u00e9pose des propositions - Revue Musicale Suisse\" \/>\n<meta property=\"og:description\" content=\"Le 23 septembre 2012, le peuple et les cantons ont accept\u00e9 \u00e0 une large majorit\u00e9 un nouvel article constitutionnel visant \u00e0 renforcer la formation musicale en Suisse. Un groupe de travail r\u00e9unissant des repr\u00e9sentants des associations de musique, des cantons, des villes et des communes a remis un rapport dans lequel il \u00e9nonce de nombreuses propositions destin\u00e9es \u00e0 am\u00e9liorer la formation musicale. Le Conseil f\u00e9d\u00e9ral d\u00e9cidera dans le cadre du message culture 2016 \u00e0 2019 quelles sont les mesures qu\u2019il entend mettre en \u0153uvre.\" \/>\n<meta property=\"og:url\" content=\"https:\/\/www.revuemusicale.ch\/it\/politique\/2014\/02\/un-groupe-de-travail-depose-des-propositions\/\" \/>\n<meta property=\"og:site_name\" content=\"Revue Musicale Suisse\" \/>\n<meta property=\"article:publisher\" content=\"https:\/\/www.facebook.com\/SchweizerMusikzeitung\/\" \/>\n<meta property=\"article:published_time\" content=\"2014-02-09T23:00:00+00:00\" \/>\n<meta property=\"article:modified_time\" content=\"2023-01-18T16:43:44+00:00\" \/>\n<meta property=\"og:image\" content=\"https:\/\/www.revuemusicale.ch\/wp-content\/uploads\/2023\/01\/DSC_0972.jpg\" \/>\n\t<meta property=\"og:image:width\" content=\"554\" \/>\n\t<meta property=\"og:image:height\" content=\"371\" \/>\n\t<meta property=\"og:image:type\" content=\"image\/jpeg\" \/>\n<meta name=\"author\" content=\"Musikzeitung-Redaktion\" \/>\n<meta name=\"twitter:card\" content=\"summary_large_image\" \/>\n<meta name=\"twitter:creator\" content=\"@smusikzeitung\" \/>\n<meta name=\"twitter:site\" content=\"@smusikzeitung\" \/>\n<meta name=\"twitter:label1\" content=\"Scritto da\" \/>\n\t<meta name=\"twitter:data1\" content=\"Musikzeitung-Redaktion\" \/>\n\t<meta name=\"twitter:label2\" content=\"Tempo di lettura stimato\" \/>\n\t<meta name=\"twitter:data2\" content=\"2 minuti\" \/>\n<script type=\"application\/ld+json\" class=\"yoast-schema-graph\">{\"@context\":\"https:\\\/\\\/schema.org\",\"@graph\":[{\"@type\":\"Article\",\"@id\":\"https:\\\/\\\/www.revuemusicale.ch\\\/politique\\\/2014\\\/02\\\/un-groupe-de-travail-depose-des-propositions#article\",\"isPartOf\":{\"@id\":\"https:\\\/\\\/www.revuemusicale.ch\\\/politique\\\/2014\\\/02\\\/un-groupe-de-travail-depose-des-propositions\"},\"author\":{\"name\":\"Musikzeitung-Redaktion\",\"@id\":\"https:\\\/\\\/www.revuemusicale.ch\\\/#\\\/schema\\\/person\\\/b2fd892c800856270b9dcc6001265712\"},\"headline\":\"Un groupe de travail d\u00e9pose des propositions\",\"datePublished\":\"2014-02-09T23:00:00+00:00\",\"dateModified\":\"2023-01-18T16:43:44+00:00\",\"mainEntityOfPage\":{\"@id\":\"https:\\\/\\\/www.revuemusicale.ch\\\/politique\\\/2014\\\/02\\\/un-groupe-de-travail-depose-des-propositions\"},\"wordCount\":492,\"commentCount\":0,\"publisher\":{\"@id\":\"https:\\\/\\\/www.revuemusicale.ch\\\/#organization\"},\"image\":{\"@id\":\"https:\\\/\\\/www.revuemusicale.ch\\\/politique\\\/2014\\\/02\\\/un-groupe-de-travail-depose-des-propositions#primaryimage\"},\"thumbnailUrl\":\"https:\\\/\\\/www.revuemusicale.ch\\\/wp-content\\\/uploads\\\/2023\\\/01\\\/DSC_0972.jpg\",\"articleSection\":[\"National\",\"Politique\"],\"inLanguage\":\"it-IT\"},{\"@type\":\"WebPage\",\"@id\":\"https:\\\/\\\/www.revuemusicale.ch\\\/politique\\\/2014\\\/02\\\/un-groupe-de-travail-depose-des-propositions\",\"url\":\"https:\\\/\\\/www.revuemusicale.ch\\\/politique\\\/2014\\\/02\\\/un-groupe-de-travail-depose-des-propositions\",\"name\":\"Un groupe de travail d\u00e9pose des propositions - Revue Musicale Suisse\",\"isPartOf\":{\"@id\":\"https:\\\/\\\/www.revuemusicale.ch\\\/#website\"},\"primaryImageOfPage\":{\"@id\":\"https:\\\/\\\/www.revuemusicale.ch\\\/politique\\\/2014\\\/02\\\/un-groupe-de-travail-depose-des-propositions#primaryimage\"},\"image\":{\"@id\":\"https:\\\/\\\/www.revuemusicale.ch\\\/politique\\\/2014\\\/02\\\/un-groupe-de-travail-depose-des-propositions#primaryimage\"},\"thumbnailUrl\":\"https:\\\/\\\/www.revuemusicale.ch\\\/wp-content\\\/uploads\\\/2023\\\/01\\\/DSC_0972.jpg\",\"datePublished\":\"2014-02-09T23:00:00+00:00\",\"dateModified\":\"2023-01-18T16:43:44+00:00\",\"breadcrumb\":{\"@id\":\"https:\\\/\\\/www.revuemusicale.ch\\\/politique\\\/2014\\\/02\\\/un-groupe-de-travail-depose-des-propositions#breadcrumb\"},\"inLanguage\":\"it-IT\",\"potentialAction\":[{\"@type\":\"ReadAction\",\"target\":[\"https:\\\/\\\/www.revuemusicale.ch\\\/politique\\\/2014\\\/02\\\/un-groupe-de-travail-depose-des-propositions\"]}]},{\"@type\":\"ImageObject\",\"inLanguage\":\"it-IT\",\"@id\":\"https:\\\/\\\/www.revuemusicale.ch\\\/politique\\\/2014\\\/02\\\/un-groupe-de-travail-depose-des-propositions#primaryimage\",\"url\":\"https:\\\/\\\/www.revuemusicale.ch\\\/wp-content\\\/uploads\\\/2023\\\/01\\\/DSC_0972.jpg\",\"contentUrl\":\"https:\\\/\\\/www.revuemusicale.ch\\\/wp-content\\\/uploads\\\/2023\\\/01\\\/DSC_0972.jpg\",\"width\":554,\"height\":371},{\"@type\":\"BreadcrumbList\",\"@id\":\"https:\\\/\\\/www.revuemusicale.ch\\\/politique\\\/2014\\\/02\\\/un-groupe-de-travail-depose-des-propositions#breadcrumb\",\"itemListElement\":[{\"@type\":\"ListItem\",\"position\":1,\"name\":\"Home\",\"item\":\"https:\\\/\\\/www.revuemusicale.ch\\\/\"},{\"@type\":\"ListItem\",\"position\":2,\"name\":\"Un groupe de travail d\u00e9pose des propositions\"}]},{\"@type\":\"WebSite\",\"@id\":\"https:\\\/\\\/www.revuemusicale.ch\\\/#website\",\"url\":\"https:\\\/\\\/www.revuemusicale.ch\\\/\",\"name\":\"Revue Musicale Suisse\",\"description\":\"\",\"publisher\":{\"@id\":\"https:\\\/\\\/www.revuemusicale.ch\\\/#organization\"},\"potentialAction\":[{\"@type\":\"SearchAction\",\"target\":{\"@type\":\"EntryPoint\",\"urlTemplate\":\"https:\\\/\\\/www.revuemusicale.ch\\\/?s={search_term_string}\"},\"query-input\":{\"@type\":\"PropertyValueSpecification\",\"valueRequired\":true,\"valueName\":\"search_term_string\"}}],\"inLanguage\":\"it-IT\"},{\"@type\":\"Organization\",\"@id\":\"https:\\\/\\\/www.revuemusicale.ch\\\/#organization\",\"name\":\"Revue Musicale Suisse\",\"url\":\"https:\\\/\\\/www.revuemusicale.ch\\\/\",\"logo\":{\"@type\":\"ImageObject\",\"inLanguage\":\"it-IT\",\"@id\":\"https:\\\/\\\/www.revuemusicale.ch\\\/#\\\/schema\\\/logo\\\/image\\\/\",\"url\":\"https:\\\/\\\/www.revuemusicale.ch\\\/wp-content\\\/uploads\\\/2023\\\/01\\\/logo_revuemusicale_musikzeitung.jpg\",\"contentUrl\":\"https:\\\/\\\/www.revuemusicale.ch\\\/wp-content\\\/uploads\\\/2023\\\/01\\\/logo_revuemusicale_musikzeitung.jpg\",\"width\":1200,\"height\":243,\"caption\":\"Revue Musicale Suisse\"},\"image\":{\"@id\":\"https:\\\/\\\/www.revuemusicale.ch\\\/#\\\/schema\\\/logo\\\/image\\\/\"},\"sameAs\":[\"https:\\\/\\\/www.facebook.com\\\/SchweizerMusikzeitung\\\/\",\"https:\\\/\\\/x.com\\\/smusikzeitung\",\"https:\\\/\\\/www.instagram.com\\\/musikzeitung.ch\\\/?hl=de\"]},{\"@type\":\"Person\",\"@id\":\"https:\\\/\\\/www.revuemusicale.ch\\\/#\\\/schema\\\/person\\\/b2fd892c800856270b9dcc6001265712\",\"name\":\"Musikzeitung-Redaktion\",\"image\":{\"@type\":\"ImageObject\",\"inLanguage\":\"it-IT\",\"@id\":\"https:\\\/\\\/secure.gravatar.com\\\/avatar\\\/0c7e6a405862e402eb76a70f8a26fc732d07c32931e9fae9ab1582911d2e8a3b?s=96&d=mm&r=g\",\"url\":\"https:\\\/\\\/secure.gravatar.com\\\/avatar\\\/0c7e6a405862e402eb76a70f8a26fc732d07c32931e9fae9ab1582911d2e8a3b?s=96&d=mm&r=g\",\"contentUrl\":\"https:\\\/\\\/secure.gravatar.com\\\/avatar\\\/0c7e6a405862e402eb76a70f8a26fc732d07c32931e9fae9ab1582911d2e8a3b?s=96&d=mm&r=g\",\"caption\":\"Musikzeitung-Redaktion\"},\"sameAs\":[\"http:\\\/\\\/wundo-docker.io\"],\"url\":\"https:\\\/\\\/www.revuemusicale.ch\\\/it\\\/author\\\/admin\"}]}<\/script>\n<!-- \/ Yoast SEO plugin. -->","yoast_head_json":{"title":"Un groupe de travail d\u00e9pose des propositions - Revue Musicale Suisse","robots":{"index":"index","follow":"follow","max-snippet":"max-snippet:-1","max-image-preview":"max-image-preview:large","max-video-preview":"max-video-preview:-1"},"canonical":"https:\/\/www.revuemusicale.ch\/it\/politique\/2014\/02\/un-groupe-de-travail-depose-des-propositions\/","og_locale":"it_IT","og_type":"article","og_title":"Un groupe de travail d\u00e9pose des propositions - Revue Musicale Suisse","og_description":"Le 23 septembre 2012, le peuple et les cantons ont accept\u00e9 \u00e0 une large majorit\u00e9 un nouvel article constitutionnel visant \u00e0 renforcer la formation musicale en Suisse. Un groupe de travail r\u00e9unissant des repr\u00e9sentants des associations de musique, des cantons, des villes et des communes a remis un rapport dans lequel il \u00e9nonce de nombreuses propositions destin\u00e9es \u00e0 am\u00e9liorer la formation musicale. Le Conseil f\u00e9d\u00e9ral d\u00e9cidera dans le cadre du message culture 2016 \u00e0 2019 quelles sont les mesures qu\u2019il entend mettre en \u0153uvre.","og_url":"https:\/\/www.revuemusicale.ch\/it\/politique\/2014\/02\/un-groupe-de-travail-depose-des-propositions\/","og_site_name":"Revue Musicale Suisse","article_publisher":"https:\/\/www.facebook.com\/SchweizerMusikzeitung\/","article_published_time":"2014-02-09T23:00:00+00:00","article_modified_time":"2023-01-18T16:43:44+00:00","og_image":[{"width":554,"height":371,"url":"https:\/\/www.revuemusicale.ch\/wp-content\/uploads\/2023\/01\/DSC_0972.jpg","type":"image\/jpeg"}],"author":"Musikzeitung-Redaktion","twitter_card":"summary_large_image","twitter_creator":"@smusikzeitung","twitter_site":"@smusikzeitung","twitter_misc":{"Scritto da":"Musikzeitung-Redaktion","Tempo di lettura stimato":"2 minuti"},"schema":{"@context":"https:\/\/schema.org","@graph":[{"@type":"Article","@id":"https:\/\/www.revuemusicale.ch\/politique\/2014\/02\/un-groupe-de-travail-depose-des-propositions#article","isPartOf":{"@id":"https:\/\/www.revuemusicale.ch\/politique\/2014\/02\/un-groupe-de-travail-depose-des-propositions"},"author":{"name":"Musikzeitung-Redaktion","@id":"https:\/\/www.revuemusicale.ch\/#\/schema\/person\/b2fd892c800856270b9dcc6001265712"},"headline":"Un groupe de travail d\u00e9pose des propositions","datePublished":"2014-02-09T23:00:00+00:00","dateModified":"2023-01-18T16:43:44+00:00","mainEntityOfPage":{"@id":"https:\/\/www.revuemusicale.ch\/politique\/2014\/02\/un-groupe-de-travail-depose-des-propositions"},"wordCount":492,"commentCount":0,"publisher":{"@id":"https:\/\/www.revuemusicale.ch\/#organization"},"image":{"@id":"https:\/\/www.revuemusicale.ch\/politique\/2014\/02\/un-groupe-de-travail-depose-des-propositions#primaryimage"},"thumbnailUrl":"https:\/\/www.revuemusicale.ch\/wp-content\/uploads\/2023\/01\/DSC_0972.jpg","articleSection":["National","Politique"],"inLanguage":"it-IT"},{"@type":"WebPage","@id":"https:\/\/www.revuemusicale.ch\/politique\/2014\/02\/un-groupe-de-travail-depose-des-propositions","url":"https:\/\/www.revuemusicale.ch\/politique\/2014\/02\/un-groupe-de-travail-depose-des-propositions","name":"Un groupe de travail d\u00e9pose des propositions - Revue Musicale Suisse","isPartOf":{"@id":"https:\/\/www.revuemusicale.ch\/#website"},"primaryImageOfPage":{"@id":"https:\/\/www.revuemusicale.ch\/politique\/2014\/02\/un-groupe-de-travail-depose-des-propositions#primaryimage"},"image":{"@id":"https:\/\/www.revuemusicale.ch\/politique\/2014\/02\/un-groupe-de-travail-depose-des-propositions#primaryimage"},"thumbnailUrl":"https:\/\/www.revuemusicale.ch\/wp-content\/uploads\/2023\/01\/DSC_0972.jpg","datePublished":"2014-02-09T23:00:00+00:00","dateModified":"2023-01-18T16:43:44+00:00","breadcrumb":{"@id":"https:\/\/www.revuemusicale.ch\/politique\/2014\/02\/un-groupe-de-travail-depose-des-propositions#breadcrumb"},"inLanguage":"it-IT","potentialAction":[{"@type":"ReadAction","target":["https:\/\/www.revuemusicale.ch\/politique\/2014\/02\/un-groupe-de-travail-depose-des-propositions"]}]},{"@type":"ImageObject","inLanguage":"it-IT","@id":"https:\/\/www.revuemusicale.ch\/politique\/2014\/02\/un-groupe-de-travail-depose-des-propositions#primaryimage","url":"https:\/\/www.revuemusicale.ch\/wp-content\/uploads\/2023\/01\/DSC_0972.jpg","contentUrl":"https:\/\/www.revuemusicale.ch\/wp-content\/uploads\/2023\/01\/DSC_0972.jpg","width":554,"height":371},{"@type":"BreadcrumbList","@id":"https:\/\/www.revuemusicale.ch\/politique\/2014\/02\/un-groupe-de-travail-depose-des-propositions#breadcrumb","itemListElement":[{"@type":"ListItem","position":1,"name":"Home","item":"https:\/\/www.revuemusicale.ch\/"},{"@type":"ListItem","position":2,"name":"Un groupe de travail d\u00e9pose des propositions"}]},{"@type":"WebSite","@id":"https:\/\/www.revuemusicale.ch\/#website","url":"https:\/\/www.revuemusicale.ch\/","name":"Rassegna musicale svizzera","description":"","publisher":{"@id":"https:\/\/www.revuemusicale.ch\/#organization"},"potentialAction":[{"@type":"SearchAction","target":{"@type":"EntryPoint","urlTemplate":"https:\/\/www.revuemusicale.ch\/?s={search_term_string}"},"query-input":{"@type":"PropertyValueSpecification","valueRequired":true,"valueName":"search_term_string"}}],"inLanguage":"it-IT"},{"@type":"Organization","@id":"https:\/\/www.revuemusicale.ch\/#organization","name":"Rassegna musicale svizzera","url":"https:\/\/www.revuemusicale.ch\/","logo":{"@type":"ImageObject","inLanguage":"it-IT","@id":"https:\/\/www.revuemusicale.ch\/#\/schema\/logo\/image\/","url":"https:\/\/www.revuemusicale.ch\/wp-content\/uploads\/2023\/01\/logo_revuemusicale_musikzeitung.jpg","contentUrl":"https:\/\/www.revuemusicale.ch\/wp-content\/uploads\/2023\/01\/logo_revuemusicale_musikzeitung.jpg","width":1200,"height":243,"caption":"Revue Musicale Suisse"},"image":{"@id":"https:\/\/www.revuemusicale.ch\/#\/schema\/logo\/image\/"},"sameAs":["https:\/\/www.facebook.com\/SchweizerMusikzeitung\/","https:\/\/x.com\/smusikzeitung","https:\/\/www.instagram.com\/musikzeitung.ch\/?hl=de"]},{"@type":"Person","@id":"https:\/\/www.revuemusicale.ch\/#\/schema\/person\/b2fd892c800856270b9dcc6001265712","name":"Musikzeitung-Redaktion","image":{"@type":"ImageObject","inLanguage":"it-IT","@id":"https:\/\/secure.gravatar.com\/avatar\/0c7e6a405862e402eb76a70f8a26fc732d07c32931e9fae9ab1582911d2e8a3b?s=96&d=mm&r=g","url":"https:\/\/secure.gravatar.com\/avatar\/0c7e6a405862e402eb76a70f8a26fc732d07c32931e9fae9ab1582911d2e8a3b?s=96&d=mm&r=g","contentUrl":"https:\/\/secure.gravatar.com\/avatar\/0c7e6a405862e402eb76a70f8a26fc732d07c32931e9fae9ab1582911d2e8a3b?s=96&d=mm&r=g","caption":"Musikzeitung-Redaktion"},"sameAs":["http:\/\/wundo-docker.io"],"url":"https:\/\/www.revuemusicale.ch\/it\/author\/admin"}]}},"publishpress_future_action":{"enabled":false,"date":"1970-01-01 01:00:00","action":"change-status","newStatus":"draft","terms":[],"taxonomy":"category","extraData":[]},"publishpress_future_workflow_manual_trigger":{"enabledWorkflows":[]},"_links":{"self":[{"href":"https:\/\/www.revuemusicale.ch\/it\/wp-json\/wp\/v2\/posts\/22824","targetHints":{"allow":["GET"]}}],"collection":[{"href":"https:\/\/www.revuemusicale.ch\/it\/wp-json\/wp\/v2\/posts"}],"about":[{"href":"https:\/\/www.revuemusicale.ch\/it\/wp-json\/wp\/v2\/types\/post"}],"author":[{"embeddable":true,"href":"https:\/\/www.revuemusicale.ch\/it\/wp-json\/wp\/v2\/users\/1"}],"replies":[{"embeddable":true,"href":"https:\/\/www.revuemusicale.ch\/it\/wp-json\/wp\/v2\/comments?post=22824"}],"version-history":[{"count":1,"href":"https:\/\/www.revuemusicale.ch\/it\/wp-json\/wp\/v2\/posts\/22824\/revisions"}],"predecessor-version":[{"id":22826,"href":"https:\/\/www.revuemusicale.ch\/it\/wp-json\/wp\/v2\/posts\/22824\/revisions\/22826"}],"wp:featuredmedia":[{"embeddable":true,"href":"https:\/\/www.revuemusicale.ch\/it\/wp-json\/wp\/v2\/media\/22825"}],"wp:attachment":[{"href":"https:\/\/www.revuemusicale.ch\/it\/wp-json\/wp\/v2\/media?parent=22824"}],"wp:term":[{"taxonomy":"category","embeddable":true,"href":"https:\/\/www.revuemusicale.ch\/it\/wp-json\/wp\/v2\/categories?post=22824"},{"taxonomy":"post_tag","embeddable":true,"href":"https:\/\/www.revuemusicale.ch\/it\/wp-json\/wp\/v2\/tags?post=22824"}],"curies":[{"name":"wp","href":"https:\/\/api.w.org\/{rel}","templated":true}]}}