{"id":22839,"date":"2016-01-25T00:00:00","date_gmt":"2016-01-24T23:00:00","guid":{"rendered":"https:\/\/www.revuemusicale.ch\/blog\/2016\/01\/25\/comment-la-confederation-soutient-la-formation-musicale\/"},"modified":"2023-01-18T17:43:46","modified_gmt":"2023-01-18T16:43:46","slug":"comment-la-confederation-soutient-la-formation-musicale","status":"publish","type":"post","link":"https:\/\/www.revuemusicale.ch\/it\/politique\/2016\/01\/comment-la-confederation-soutient-la-formation-musicale","title":{"rendered":"Come la Confederazione sostiene la formazione musicale"},"content":{"rendered":"<figure style=\"width: 1200px\" class=\"wp-caption alignnone\"><img decoding=\"async\" class=\"size-full\" src=\"https:\/\/www.revuemusicale.ch\/wp-content\/uploads\/2023\/01\/Enfant-musique.jpeg\" alt=\"\" \/><figcaption class=\"wp-caption-text\">Foto: Steve Snodgrass<\/figcaption><\/figure>\n<div class='text-section'>\n<p>Negli ultimi quattro anni, la Confederazione ha sostenuto l'educazione musicale sulla base della Legge sulla promozione della cultura. Le competenze della Confederazione sono state ampliate dall'introduzione del nuovo articolo costituzionale 67a Cst (educazione musicale), accettato dal popolo e dai Cantoni il 23 settembre 2012. Il 2016 vede l'inizio di un nuovo periodo di sostegno.<\/p>\n<p>Nel nuovo periodo 2016-2020, le misure esistenti a sostegno della formazione musicale saranno portate avanti e sviluppate. I corsi di formazione per musicisti, i concorsi e i festival musicali riceveranno un maggiore sostegno.<\/p>\n<p>La principale innovazione \u00e8 l'introduzione del programma \"Giovani e Musica\", che mira a coinvolgere bambini e giovani in attivit\u00e0 musicali e a promuoverne lo sviluppo e la realizzazione in modo armonioso, da una triplice prospettiva educativa, sociale e culturale.<\/p>\n<p>Una nuova disposizione prevede inoltre che le scuole di musica offrano a tutti gli studenti e agli apprendisti tariffe significativamente pi\u00f9 basse rispetto agli adulti fino alla fine del livello secondario superiore. Dovranno inoltre offrire agli studenti dotati tariffe pi\u00f9 basse del normale, a causa del numero di unit\u00e0 didattiche che dovranno seguire.<\/p>\n<p>Quanti fondi sono previsti per sostenere la formazione musicale? Nell'ambito della discussione sul Messaggio culturale 2016-2020, il Parlamento ha approvato un tetto di spesa complessivo di 17,3 milioni di franchi per il periodo. Dei 3,5 milioni di franchi stanziati in media ogni anno, 2,5 milioni sono destinati al programma \"Giovani e musica\".<\/p>\n<p> <strong>Introduzione del programma \"giovani e musica\" (j+m)<\/strong><\/p>\n<p>Il programma si basa su tre pilastri: formazione di base e avanzata per giovani e istruttori di musica, corsi di musica e campi musicali.<\/p>\n<ol>\n<li><strong>Formazione di base e avanzata per giovani e istruttori musicali<\/strong>. Il programma forma istruttori in grado di insegnare la musica a bambini e ragazzi in corsi e campi e di trasmettere loro la gioia della musica. Gli istruttori j+m sono tenuti a sottoporsi a regolari corsi di aggiornamento. La loro formazione si basa su un sistema di moduli a pi\u00f9 livelli. Gli aspiranti istruttori seguono un modulo di base e moduli sull'insegnamento e sulla musica.<\/li>\n<li><strong>Lezioni di musica<\/strong>. Il programma sostiene le lezioni di musica per bambini e ragazzi tenute da un istruttore certificato j+m. Questi corsi devono comprendere almeno dieci lezioni e devono essere frequentati da almeno cinque bambini o ragazzi. I contributi per partecipante sono stabiliti annualmente dall'UFC sulla base di tabelle fisse. Gli istruttori stessi decidono come ripartire questi contributi (infrastrutture, stipendi degli istruttori, ecc.) all'interno di fasce prestabilite, in modo da garantire che i fondi siano utilizzati nel modo pi\u00f9 efficace possibile.<\/li>\n<li><strong>Campi di musica<\/strong>. Il programma sostiene campi musicali per bambini e giovani gestiti da un consulente certificato j+m. Questi campi durano da due a sette giorni e devono essere frequentati da almeno dieci bambini o ragazzi. I contributi vengono assegnati anche sulla base di tabelle fisse. I campi devono svolgersi generalmente in Svizzera, per garantire un buon rapporto costi\/benefici e mantenere il valore aggiunto in Svizzera.<\/li>\n<\/ol>\n<p>Il piano prevede l'introduzione del programma in pi\u00f9 fasi. I corsi di formazione per istruttori j+m saranno offerti a partire dal 2016, mentre i corsi di musica e i campi musicali saranno supportati dal 2017. Le applicazioni saranno gestite da un'agenzia esterna, a cui l'OFC ha commissionato l'attuazione del programma. A seguito di una procedura di gara pubblica, il contratto \u00e8 stato assegnato a Res Publica Consulting AG.<\/p>\n<p>Le condizioni per la partecipazione alla formazione di base e avanzata, i criteri per il sostegno ai corsi di musica e ai campi musicali e altri dettagli sono riportati nel programma di sostegno del Dipartimento Federale degli Affari Interni al seguente indirizzo:\u00a0<a href='http:\/\/www.bak.admin.ch\/kulturschaffen\/04250\/04255\/05057\/index.html?lang=fr'>www.bak.admin.ch\/kulturschaffen\/04250\/04255\/05057\/index.html?lang=fr<\/a><\/p>\n<\/p><\/div>","protected":false},"excerpt":{"rendered":"<p><strong>Dal 2012 il governo svizzero sostiene l'educazione musicale dei bambini e dei giovani. Nel 2016 amplier\u00e0 le sue misure e lancer\u00e0 il nuovo programma \"Giovent\u00f9 e Musica\". <\/strong><\/p>","protected":false},"author":1,"featured_media":22840,"comment_status":"open","ping_status":"open","sticky":false,"template":"","format":"standard","meta":{"_acf_changed":false,"_relevanssi_hide_post":"","_relevanssi_hide_content":"","_relevanssi_pin_for_all":"","_relevanssi_pin_keywords":"","_relevanssi_unpin_keywords":"","_relevanssi_related_keywords":"","_relevanssi_related_include_ids":"","_relevanssi_related_exclude_ids":"","_relevanssi_related_no_append":"","_relevanssi_related_not_related":"","_relevanssi_related_posts":"","_relevanssi_noindex_reason":"","pgc_sgb_lightbox_settings":"","footnotes":""},"categories":[1613,1612],"tags":[],"class_list":["post-22839","post","type-post","status-publish","format-standard","has-post-thumbnail","hentry","category-national-politique","category-politique"],"acf":[],"yoast_head":"<!-- This site is optimized with the Yoast SEO plugin v27.3 - https:\/\/yoast.com\/product\/yoast-seo-wordpress\/ -->\n<title>Comment la Conf\u00e9d\u00e9ration soutient la formation musicale - Revue Musicale Suisse<\/title>\n<meta name=\"robots\" content=\"index, follow, max-snippet:-1, max-image-preview:large, max-video-preview:-1\" \/>\n<link rel=\"canonical\" href=\"https:\/\/www.revuemusicale.ch\/it\/politique\/2016\/01\/comment-la-confederation-soutient-la-formation-musicale\/\" \/>\n<meta property=\"og:locale\" content=\"it_IT\" \/>\n<meta property=\"og:type\" content=\"article\" \/>\n<meta property=\"og:title\" content=\"Comment la Conf\u00e9d\u00e9ration soutient la formation musicale - Revue Musicale Suisse\" \/>\n<meta property=\"og:description\" content=\"La Conf\u00e9d\u00e9ration soutient la formation musicale des enfants et des jeunes depuis 2012. En 2016, elle \u00e9largira ses mesures et lancera le nouveau programme \u00abjeunesse et musique\u00bb.\" \/>\n<meta property=\"og:url\" content=\"https:\/\/www.revuemusicale.ch\/it\/politique\/2016\/01\/comment-la-confederation-soutient-la-formation-musicale\/\" \/>\n<meta property=\"og:site_name\" content=\"Revue Musicale Suisse\" \/>\n<meta property=\"article:publisher\" content=\"https:\/\/www.facebook.com\/SchweizerMusikzeitung\/\" \/>\n<meta property=\"article:published_time\" content=\"2016-01-24T23:00:00+00:00\" \/>\n<meta property=\"article:modified_time\" content=\"2023-01-18T16:43:46+00:00\" \/>\n<meta property=\"og:image\" content=\"https:\/\/www.revuemusicale.ch\/wp-content\/uploads\/2023\/01\/Enfant-musique.jpeg\" \/>\n\t<meta property=\"og:image:width\" content=\"554\" \/>\n\t<meta property=\"og:image:height\" content=\"366\" \/>\n\t<meta property=\"og:image:type\" content=\"image\/jpeg\" \/>\n<meta name=\"author\" content=\"Musikzeitung-Redaktion\" \/>\n<meta name=\"twitter:card\" content=\"summary_large_image\" \/>\n<meta name=\"twitter:creator\" content=\"@smusikzeitung\" \/>\n<meta name=\"twitter:site\" content=\"@smusikzeitung\" \/>\n<meta name=\"twitter:label1\" content=\"Scritto da\" \/>\n\t<meta name=\"twitter:data1\" content=\"Musikzeitung-Redaktion\" \/>\n\t<meta name=\"twitter:label2\" content=\"Tempo di lettura stimato\" \/>\n\t<meta name=\"twitter:data2\" content=\"4 minuti\" \/>\n<script type=\"application\/ld+json\" class=\"yoast-schema-graph\">{\"@context\":\"https:\\\/\\\/schema.org\",\"@graph\":[{\"@type\":\"Article\",\"@id\":\"https:\\\/\\\/www.revuemusicale.ch\\\/politique\\\/2016\\\/01\\\/comment-la-confederation-soutient-la-formation-musicale#article\",\"isPartOf\":{\"@id\":\"https:\\\/\\\/www.revuemusicale.ch\\\/politique\\\/2016\\\/01\\\/comment-la-confederation-soutient-la-formation-musicale\"},\"author\":{\"name\":\"Musikzeitung-Redaktion\",\"@id\":\"https:\\\/\\\/www.revuemusicale.ch\\\/#\\\/schema\\\/person\\\/b2fd892c800856270b9dcc6001265712\"},\"headline\":\"Comment la Conf\u00e9d\u00e9ration soutient la formation musicale\",\"datePublished\":\"2016-01-24T23:00:00+00:00\",\"dateModified\":\"2023-01-18T16:43:46+00:00\",\"mainEntityOfPage\":{\"@id\":\"https:\\\/\\\/www.revuemusicale.ch\\\/politique\\\/2016\\\/01\\\/comment-la-confederation-soutient-la-formation-musicale\"},\"wordCount\":742,\"commentCount\":0,\"publisher\":{\"@id\":\"https:\\\/\\\/www.revuemusicale.ch\\\/#organization\"},\"image\":{\"@id\":\"https:\\\/\\\/www.revuemusicale.ch\\\/politique\\\/2016\\\/01\\\/comment-la-confederation-soutient-la-formation-musicale#primaryimage\"},\"thumbnailUrl\":\"https:\\\/\\\/www.revuemusicale.ch\\\/wp-content\\\/uploads\\\/2023\\\/01\\\/Enfant-musique.jpeg\",\"articleSection\":[\"National\",\"Politique\"],\"inLanguage\":\"it-IT\"},{\"@type\":\"WebPage\",\"@id\":\"https:\\\/\\\/www.revuemusicale.ch\\\/politique\\\/2016\\\/01\\\/comment-la-confederation-soutient-la-formation-musicale\",\"url\":\"https:\\\/\\\/www.revuemusicale.ch\\\/politique\\\/2016\\\/01\\\/comment-la-confederation-soutient-la-formation-musicale\",\"name\":\"Comment la Conf\u00e9d\u00e9ration soutient la formation musicale - Revue Musicale Suisse\",\"isPartOf\":{\"@id\":\"https:\\\/\\\/www.revuemusicale.ch\\\/#website\"},\"primaryImageOfPage\":{\"@id\":\"https:\\\/\\\/www.revuemusicale.ch\\\/politique\\\/2016\\\/01\\\/comment-la-confederation-soutient-la-formation-musicale#primaryimage\"},\"image\":{\"@id\":\"https:\\\/\\\/www.revuemusicale.ch\\\/politique\\\/2016\\\/01\\\/comment-la-confederation-soutient-la-formation-musicale#primaryimage\"},\"thumbnailUrl\":\"https:\\\/\\\/www.revuemusicale.ch\\\/wp-content\\\/uploads\\\/2023\\\/01\\\/Enfant-musique.jpeg\",\"datePublished\":\"2016-01-24T23:00:00+00:00\",\"dateModified\":\"2023-01-18T16:43:46+00:00\",\"breadcrumb\":{\"@id\":\"https:\\\/\\\/www.revuemusicale.ch\\\/politique\\\/2016\\\/01\\\/comment-la-confederation-soutient-la-formation-musicale#breadcrumb\"},\"inLanguage\":\"it-IT\",\"potentialAction\":[{\"@type\":\"ReadAction\",\"target\":[\"https:\\\/\\\/www.revuemusicale.ch\\\/politique\\\/2016\\\/01\\\/comment-la-confederation-soutient-la-formation-musicale\"]}]},{\"@type\":\"ImageObject\",\"inLanguage\":\"it-IT\",\"@id\":\"https:\\\/\\\/www.revuemusicale.ch\\\/politique\\\/2016\\\/01\\\/comment-la-confederation-soutient-la-formation-musicale#primaryimage\",\"url\":\"https:\\\/\\\/www.revuemusicale.ch\\\/wp-content\\\/uploads\\\/2023\\\/01\\\/Enfant-musique.jpeg\",\"contentUrl\":\"https:\\\/\\\/www.revuemusicale.ch\\\/wp-content\\\/uploads\\\/2023\\\/01\\\/Enfant-musique.jpeg\",\"width\":554,\"height\":366},{\"@type\":\"BreadcrumbList\",\"@id\":\"https:\\\/\\\/www.revuemusicale.ch\\\/politique\\\/2016\\\/01\\\/comment-la-confederation-soutient-la-formation-musicale#breadcrumb\",\"itemListElement\":[{\"@type\":\"ListItem\",\"position\":1,\"name\":\"Home\",\"item\":\"https:\\\/\\\/www.revuemusicale.ch\\\/\"},{\"@type\":\"ListItem\",\"position\":2,\"name\":\"Comment la Conf\u00e9d\u00e9ration soutient la formation musicale\"}]},{\"@type\":\"WebSite\",\"@id\":\"https:\\\/\\\/www.revuemusicale.ch\\\/#website\",\"url\":\"https:\\\/\\\/www.revuemusicale.ch\\\/\",\"name\":\"Revue Musicale Suisse\",\"description\":\"\",\"publisher\":{\"@id\":\"https:\\\/\\\/www.revuemusicale.ch\\\/#organization\"},\"potentialAction\":[{\"@type\":\"SearchAction\",\"target\":{\"@type\":\"EntryPoint\",\"urlTemplate\":\"https:\\\/\\\/www.revuemusicale.ch\\\/?s={search_term_string}\"},\"query-input\":{\"@type\":\"PropertyValueSpecification\",\"valueRequired\":true,\"valueName\":\"search_term_string\"}}],\"inLanguage\":\"it-IT\"},{\"@type\":\"Organization\",\"@id\":\"https:\\\/\\\/www.revuemusicale.ch\\\/#organization\",\"name\":\"Revue Musicale Suisse\",\"url\":\"https:\\\/\\\/www.revuemusicale.ch\\\/\",\"logo\":{\"@type\":\"ImageObject\",\"inLanguage\":\"it-IT\",\"@id\":\"https:\\\/\\\/www.revuemusicale.ch\\\/#\\\/schema\\\/logo\\\/image\\\/\",\"url\":\"https:\\\/\\\/www.revuemusicale.ch\\\/wp-content\\\/uploads\\\/2023\\\/01\\\/logo_revuemusicale_musikzeitung.jpg\",\"contentUrl\":\"https:\\\/\\\/www.revuemusicale.ch\\\/wp-content\\\/uploads\\\/2023\\\/01\\\/logo_revuemusicale_musikzeitung.jpg\",\"width\":1200,\"height\":243,\"caption\":\"Revue Musicale Suisse\"},\"image\":{\"@id\":\"https:\\\/\\\/www.revuemusicale.ch\\\/#\\\/schema\\\/logo\\\/image\\\/\"},\"sameAs\":[\"https:\\\/\\\/www.facebook.com\\\/SchweizerMusikzeitung\\\/\",\"https:\\\/\\\/x.com\\\/smusikzeitung\",\"https:\\\/\\\/www.instagram.com\\\/musikzeitung.ch\\\/?hl=de\"]},{\"@type\":\"Person\",\"@id\":\"https:\\\/\\\/www.revuemusicale.ch\\\/#\\\/schema\\\/person\\\/b2fd892c800856270b9dcc6001265712\",\"name\":\"Musikzeitung-Redaktion\",\"image\":{\"@type\":\"ImageObject\",\"inLanguage\":\"it-IT\",\"@id\":\"https:\\\/\\\/secure.gravatar.com\\\/avatar\\\/0c7e6a405862e402eb76a70f8a26fc732d07c32931e9fae9ab1582911d2e8a3b?s=96&d=mm&r=g\",\"url\":\"https:\\\/\\\/secure.gravatar.com\\\/avatar\\\/0c7e6a405862e402eb76a70f8a26fc732d07c32931e9fae9ab1582911d2e8a3b?s=96&d=mm&r=g\",\"contentUrl\":\"https:\\\/\\\/secure.gravatar.com\\\/avatar\\\/0c7e6a405862e402eb76a70f8a26fc732d07c32931e9fae9ab1582911d2e8a3b?s=96&d=mm&r=g\",\"caption\":\"Musikzeitung-Redaktion\"},\"sameAs\":[\"http:\\\/\\\/wundo-docker.io\"],\"url\":\"https:\\\/\\\/www.revuemusicale.ch\\\/it\\\/author\\\/admin\"}]}<\/script>\n<!-- \/ Yoast SEO plugin. -->","yoast_head_json":{"title":"Comment la Conf\u00e9d\u00e9ration soutient la formation musicale - Revue Musicale Suisse","robots":{"index":"index","follow":"follow","max-snippet":"max-snippet:-1","max-image-preview":"max-image-preview:large","max-video-preview":"max-video-preview:-1"},"canonical":"https:\/\/www.revuemusicale.ch\/it\/politique\/2016\/01\/comment-la-confederation-soutient-la-formation-musicale\/","og_locale":"it_IT","og_type":"article","og_title":"Comment la Conf\u00e9d\u00e9ration soutient la formation musicale - Revue Musicale Suisse","og_description":"La Conf\u00e9d\u00e9ration soutient la formation musicale des enfants et des jeunes depuis 2012. En 2016, elle \u00e9largira ses mesures et lancera le nouveau programme \u00abjeunesse et musique\u00bb.","og_url":"https:\/\/www.revuemusicale.ch\/it\/politique\/2016\/01\/comment-la-confederation-soutient-la-formation-musicale\/","og_site_name":"Revue Musicale Suisse","article_publisher":"https:\/\/www.facebook.com\/SchweizerMusikzeitung\/","article_published_time":"2016-01-24T23:00:00+00:00","article_modified_time":"2023-01-18T16:43:46+00:00","og_image":[{"width":554,"height":366,"url":"https:\/\/www.revuemusicale.ch\/wp-content\/uploads\/2023\/01\/Enfant-musique.jpeg","type":"image\/jpeg"}],"author":"Musikzeitung-Redaktion","twitter_card":"summary_large_image","twitter_creator":"@smusikzeitung","twitter_site":"@smusikzeitung","twitter_misc":{"Scritto da":"Musikzeitung-Redaktion","Tempo di lettura stimato":"4 minuti"},"schema":{"@context":"https:\/\/schema.org","@graph":[{"@type":"Article","@id":"https:\/\/www.revuemusicale.ch\/politique\/2016\/01\/comment-la-confederation-soutient-la-formation-musicale#article","isPartOf":{"@id":"https:\/\/www.revuemusicale.ch\/politique\/2016\/01\/comment-la-confederation-soutient-la-formation-musicale"},"author":{"name":"Musikzeitung-Redaktion","@id":"https:\/\/www.revuemusicale.ch\/#\/schema\/person\/b2fd892c800856270b9dcc6001265712"},"headline":"Comment la Conf\u00e9d\u00e9ration soutient la formation musicale","datePublished":"2016-01-24T23:00:00+00:00","dateModified":"2023-01-18T16:43:46+00:00","mainEntityOfPage":{"@id":"https:\/\/www.revuemusicale.ch\/politique\/2016\/01\/comment-la-confederation-soutient-la-formation-musicale"},"wordCount":742,"commentCount":0,"publisher":{"@id":"https:\/\/www.revuemusicale.ch\/#organization"},"image":{"@id":"https:\/\/www.revuemusicale.ch\/politique\/2016\/01\/comment-la-confederation-soutient-la-formation-musicale#primaryimage"},"thumbnailUrl":"https:\/\/www.revuemusicale.ch\/wp-content\/uploads\/2023\/01\/Enfant-musique.jpeg","articleSection":["National","Politique"],"inLanguage":"it-IT"},{"@type":"WebPage","@id":"https:\/\/www.revuemusicale.ch\/politique\/2016\/01\/comment-la-confederation-soutient-la-formation-musicale","url":"https:\/\/www.revuemusicale.ch\/politique\/2016\/01\/comment-la-confederation-soutient-la-formation-musicale","name":"Comment la Conf\u00e9d\u00e9ration soutient la formation musicale - Revue Musicale Suisse","isPartOf":{"@id":"https:\/\/www.revuemusicale.ch\/#website"},"primaryImageOfPage":{"@id":"https:\/\/www.revuemusicale.ch\/politique\/2016\/01\/comment-la-confederation-soutient-la-formation-musicale#primaryimage"},"image":{"@id":"https:\/\/www.revuemusicale.ch\/politique\/2016\/01\/comment-la-confederation-soutient-la-formation-musicale#primaryimage"},"thumbnailUrl":"https:\/\/www.revuemusicale.ch\/wp-content\/uploads\/2023\/01\/Enfant-musique.jpeg","datePublished":"2016-01-24T23:00:00+00:00","dateModified":"2023-01-18T16:43:46+00:00","breadcrumb":{"@id":"https:\/\/www.revuemusicale.ch\/politique\/2016\/01\/comment-la-confederation-soutient-la-formation-musicale#breadcrumb"},"inLanguage":"it-IT","potentialAction":[{"@type":"ReadAction","target":["https:\/\/www.revuemusicale.ch\/politique\/2016\/01\/comment-la-confederation-soutient-la-formation-musicale"]}]},{"@type":"ImageObject","inLanguage":"it-IT","@id":"https:\/\/www.revuemusicale.ch\/politique\/2016\/01\/comment-la-confederation-soutient-la-formation-musicale#primaryimage","url":"https:\/\/www.revuemusicale.ch\/wp-content\/uploads\/2023\/01\/Enfant-musique.jpeg","contentUrl":"https:\/\/www.revuemusicale.ch\/wp-content\/uploads\/2023\/01\/Enfant-musique.jpeg","width":554,"height":366},{"@type":"BreadcrumbList","@id":"https:\/\/www.revuemusicale.ch\/politique\/2016\/01\/comment-la-confederation-soutient-la-formation-musicale#breadcrumb","itemListElement":[{"@type":"ListItem","position":1,"name":"Home","item":"https:\/\/www.revuemusicale.ch\/"},{"@type":"ListItem","position":2,"name":"Comment la Conf\u00e9d\u00e9ration soutient la formation musicale"}]},{"@type":"WebSite","@id":"https:\/\/www.revuemusicale.ch\/#website","url":"https:\/\/www.revuemusicale.ch\/","name":"Rassegna musicale svizzera","description":"","publisher":{"@id":"https:\/\/www.revuemusicale.ch\/#organization"},"potentialAction":[{"@type":"SearchAction","target":{"@type":"EntryPoint","urlTemplate":"https:\/\/www.revuemusicale.ch\/?s={search_term_string}"},"query-input":{"@type":"PropertyValueSpecification","valueRequired":true,"valueName":"search_term_string"}}],"inLanguage":"it-IT"},{"@type":"Organization","@id":"https:\/\/www.revuemusicale.ch\/#organization","name":"Rassegna musicale svizzera","url":"https:\/\/www.revuemusicale.ch\/","logo":{"@type":"ImageObject","inLanguage":"it-IT","@id":"https:\/\/www.revuemusicale.ch\/#\/schema\/logo\/image\/","url":"https:\/\/www.revuemusicale.ch\/wp-content\/uploads\/2023\/01\/logo_revuemusicale_musikzeitung.jpg","contentUrl":"https:\/\/www.revuemusicale.ch\/wp-content\/uploads\/2023\/01\/logo_revuemusicale_musikzeitung.jpg","width":1200,"height":243,"caption":"Revue Musicale Suisse"},"image":{"@id":"https:\/\/www.revuemusicale.ch\/#\/schema\/logo\/image\/"},"sameAs":["https:\/\/www.facebook.com\/SchweizerMusikzeitung\/","https:\/\/x.com\/smusikzeitung","https:\/\/www.instagram.com\/musikzeitung.ch\/?hl=de"]},{"@type":"Person","@id":"https:\/\/www.revuemusicale.ch\/#\/schema\/person\/b2fd892c800856270b9dcc6001265712","name":"Musikzeitung-Redaktion","image":{"@type":"ImageObject","inLanguage":"it-IT","@id":"https:\/\/secure.gravatar.com\/avatar\/0c7e6a405862e402eb76a70f8a26fc732d07c32931e9fae9ab1582911d2e8a3b?s=96&d=mm&r=g","url":"https:\/\/secure.gravatar.com\/avatar\/0c7e6a405862e402eb76a70f8a26fc732d07c32931e9fae9ab1582911d2e8a3b?s=96&d=mm&r=g","contentUrl":"https:\/\/secure.gravatar.com\/avatar\/0c7e6a405862e402eb76a70f8a26fc732d07c32931e9fae9ab1582911d2e8a3b?s=96&d=mm&r=g","caption":"Musikzeitung-Redaktion"},"sameAs":["http:\/\/wundo-docker.io"],"url":"https:\/\/www.revuemusicale.ch\/it\/author\/admin"}]}},"publishpress_future_action":{"enabled":false,"date":"1970-01-01 01:00:00","action":"change-status","newStatus":"draft","terms":[],"taxonomy":"category","extraData":[]},"publishpress_future_workflow_manual_trigger":{"enabledWorkflows":[]},"_links":{"self":[{"href":"https:\/\/www.revuemusicale.ch\/it\/wp-json\/wp\/v2\/posts\/22839","targetHints":{"allow":["GET"]}}],"collection":[{"href":"https:\/\/www.revuemusicale.ch\/it\/wp-json\/wp\/v2\/posts"}],"about":[{"href":"https:\/\/www.revuemusicale.ch\/it\/wp-json\/wp\/v2\/types\/post"}],"author":[{"embeddable":true,"href":"https:\/\/www.revuemusicale.ch\/it\/wp-json\/wp\/v2\/users\/1"}],"replies":[{"embeddable":true,"href":"https:\/\/www.revuemusicale.ch\/it\/wp-json\/wp\/v2\/comments?post=22839"}],"version-history":[{"count":1,"href":"https:\/\/www.revuemusicale.ch\/it\/wp-json\/wp\/v2\/posts\/22839\/revisions"}],"predecessor-version":[{"id":22841,"href":"https:\/\/www.revuemusicale.ch\/it\/wp-json\/wp\/v2\/posts\/22839\/revisions\/22841"}],"wp:featuredmedia":[{"embeddable":true,"href":"https:\/\/www.revuemusicale.ch\/it\/wp-json\/wp\/v2\/media\/22840"}],"wp:attachment":[{"href":"https:\/\/www.revuemusicale.ch\/it\/wp-json\/wp\/v2\/media?parent=22839"}],"wp:term":[{"taxonomy":"category","embeddable":true,"href":"https:\/\/www.revuemusicale.ch\/it\/wp-json\/wp\/v2\/categories?post=22839"},{"taxonomy":"post_tag","embeddable":true,"href":"https:\/\/www.revuemusicale.ch\/it\/wp-json\/wp\/v2\/tags?post=22839"}],"curies":[{"name":"wp","href":"https:\/\/api.w.org\/{rel}","templated":true}]}}