{"id":22849,"date":"2016-08-22T00:00:00","date_gmt":"2016-08-21T22:00:00","guid":{"rendered":"https:\/\/www.revuemusicale.ch\/blog\/2016\/08\/22\/toute-la-culture-en-chiffres\/"},"modified":"2023-01-18T17:43:49","modified_gmt":"2023-01-18T16:43:49","slug":"toute-la-culture-en-chiffres","status":"publish","type":"post","link":"https:\/\/www.revuemusicale.ch\/it\/politique\/2016\/08\/toute-la-culture-en-chiffres","title":{"rendered":"Cultura in cifre"},"content":{"rendered":"<img decoding=\"async\" class=\"size-full\" src=\"https:\/\/www.revuemusicale.ch\/wp-content\/uploads\/2023\/01\/Capture-decran-2016-08-22-a-14.32.54.png\" alt=\"\" \/>\n<div class='text-section'>\n<p>Il libro, disponibile online o in versione cartacea nelle quattro lingue nazionali, si chiama <em>Statistiche tascabili sulla cultura in Svizzera<\/em>. Fornisce informazioni statistiche concise sulla cultura in Svizzera, coprendo argomenti come le pratiche culturali della popolazione, l'uso delle strutture culturali e la spesa pubblica per la cultura. L'edizione 2016 fornisce nuovi dati sul finanziamento della cultura da parte di fondazioni di beneficenza, sul crowdfunding nel settore culturale e sui dieci CD pi\u00f9 venduti.<\/p>\n<p>Quanta cultura c'\u00e8 in Svizzera? Quanti cinema, musei, teatri, monumenti e biblioteche ci sono? Quante persone utilizzano queste strutture e per quali scopi? Quali ostacoli incontrano? Quante persone partecipano ad attivit\u00e0 culturali nel tempo libero e quali tipi di attivit\u00e0 sono coinvolte? Quanto contribuiscono alla cultura le autorit\u00e0 pubbliche e le fondazioni? Quante persone lavorano nel settore culturale? Sono domande che interessano gli artisti, gli attori culturali e politici, i media e il pubblico in generale, sia in Svizzera che all'estero. Il <em>Statistiche tascabili<\/em> fornisce le risposte.<\/p>\n<p>Le statistiche culturali forniscono una panoramica del panorama culturale e illustrano il suo cambiamento. Servono come base per il dibattito politico e sottolineano l'importanza della cultura per la societ\u00e0 e l'economia. L'Ufficio federale della cultura \u00e8 responsabile di commissionare, raccogliere e pubblicare studi e indagini sulla politica culturale, le statistiche e l'economia. In questo contesto, l'Ufficio federale della cultura e l'Ufficio federale di statistica hanno rafforzato e istituzionalizzato la loro collaborazione.<\/p>\n<p><strong>Scarica la brochure<\/strong>: <a href='http:\/\/www.bak.admin.ch\/themen\/04110\/index.html?lang=fr'>www.bak.admin.ch\/themen\/04110\/index.html?lang=fr<\/a><\/p>\n<p>\u00a0<\/p>\n<\/p><\/div>","protected":false},"excerpt":{"rendered":"<p><strong>L'Ufficio federale della cultura e l'Ufficio federale di statistica hanno pubblicato un opuscolo contenente dati interessanti sulla cultura in Svizzera.<\/strong><\/p>","protected":false},"author":1,"featured_media":22850,"comment_status":"open","ping_status":"open","sticky":false,"template":"","format":"standard","meta":{"_acf_changed":false,"_relevanssi_hide_post":"","_relevanssi_hide_content":"","_relevanssi_pin_for_all":"","_relevanssi_pin_keywords":"","_relevanssi_unpin_keywords":"","_relevanssi_related_keywords":"","_relevanssi_related_include_ids":"","_relevanssi_related_exclude_ids":"","_relevanssi_related_no_append":"","_relevanssi_related_not_related":"","_relevanssi_related_posts":"","_relevanssi_noindex_reason":"","pgc_sgb_lightbox_settings":"","footnotes":""},"categories":[1613,1612],"tags":[],"class_list":["post-22849","post","type-post","status-publish","format-standard","has-post-thumbnail","hentry","category-national-politique","category-politique"],"acf":[],"yoast_head":"<!-- This site is optimized with the Yoast SEO plugin v27.3 - https:\/\/yoast.com\/product\/yoast-seo-wordpress\/ -->\n<title>Toute la culture en chiffres - Revue Musicale Suisse<\/title>\n<meta name=\"robots\" content=\"index, follow, max-snippet:-1, max-image-preview:large, max-video-preview:-1\" \/>\n<link rel=\"canonical\" href=\"https:\/\/www.revuemusicale.ch\/it\/politique\/2016\/08\/toute-la-culture-en-chiffres\/\" \/>\n<meta property=\"og:locale\" content=\"it_IT\" \/>\n<meta property=\"og:type\" content=\"article\" \/>\n<meta property=\"og:title\" content=\"Toute la culture en chiffres - Revue Musicale Suisse\" \/>\n<meta property=\"og:description\" content=\"L\u2019Office f\u00e9d\u00e9ral de la culture et l\u2019Office f\u00e9d\u00e9ral de la statistique publient une brochure qui rassemble des donn\u00e9es int\u00e9ressantes sur la culture en Suisse.\" \/>\n<meta property=\"og:url\" content=\"https:\/\/www.revuemusicale.ch\/it\/politique\/2016\/08\/toute-la-culture-en-chiffres\/\" \/>\n<meta property=\"og:site_name\" content=\"Revue Musicale Suisse\" \/>\n<meta property=\"article:publisher\" content=\"https:\/\/www.facebook.com\/SchweizerMusikzeitung\/\" \/>\n<meta property=\"article:published_time\" content=\"2016-08-21T22:00:00+00:00\" \/>\n<meta property=\"article:modified_time\" content=\"2023-01-18T16:43:49+00:00\" \/>\n<meta property=\"og:image\" content=\"https:\/\/www.revuemusicale.ch\/wp-content\/uploads\/2023\/01\/Capture-decran-2016-08-22-a-14.32.54.png\" \/>\n\t<meta property=\"og:image:width\" content=\"554\" \/>\n\t<meta property=\"og:image:height\" content=\"384\" \/>\n\t<meta property=\"og:image:type\" content=\"image\/png\" \/>\n<meta name=\"author\" content=\"Musikzeitung-Redaktion\" \/>\n<meta name=\"twitter:card\" content=\"summary_large_image\" \/>\n<meta name=\"twitter:creator\" content=\"@smusikzeitung\" \/>\n<meta name=\"twitter:site\" content=\"@smusikzeitung\" \/>\n<meta name=\"twitter:label1\" content=\"Scritto da\" \/>\n\t<meta name=\"twitter:data1\" content=\"Musikzeitung-Redaktion\" \/>\n\t<meta name=\"twitter:label2\" content=\"Tempo di lettura stimato\" \/>\n\t<meta name=\"twitter:data2\" content=\"2 minuti\" \/>\n<script type=\"application\/ld+json\" class=\"yoast-schema-graph\">{\"@context\":\"https:\\\/\\\/schema.org\",\"@graph\":[{\"@type\":\"Article\",\"@id\":\"https:\\\/\\\/www.revuemusicale.ch\\\/politique\\\/2016\\\/08\\\/toute-la-culture-en-chiffres#article\",\"isPartOf\":{\"@id\":\"https:\\\/\\\/www.revuemusicale.ch\\\/politique\\\/2016\\\/08\\\/toute-la-culture-en-chiffres\"},\"author\":{\"name\":\"Musikzeitung-Redaktion\",\"@id\":\"https:\\\/\\\/www.revuemusicale.ch\\\/#\\\/schema\\\/person\\\/b2fd892c800856270b9dcc6001265712\"},\"headline\":\"Toute la culture en chiffres\",\"datePublished\":\"2016-08-21T22:00:00+00:00\",\"dateModified\":\"2023-01-18T16:43:49+00:00\",\"mainEntityOfPage\":{\"@id\":\"https:\\\/\\\/www.revuemusicale.ch\\\/politique\\\/2016\\\/08\\\/toute-la-culture-en-chiffres\"},\"wordCount\":352,\"commentCount\":0,\"publisher\":{\"@id\":\"https:\\\/\\\/www.revuemusicale.ch\\\/#organization\"},\"image\":{\"@id\":\"https:\\\/\\\/www.revuemusicale.ch\\\/politique\\\/2016\\\/08\\\/toute-la-culture-en-chiffres#primaryimage\"},\"thumbnailUrl\":\"https:\\\/\\\/www.revuemusicale.ch\\\/wp-content\\\/uploads\\\/2023\\\/01\\\/Capture-decran-2016-08-22-a-14.32.54.png\",\"articleSection\":[\"National\",\"Politique\"],\"inLanguage\":\"it-IT\"},{\"@type\":\"WebPage\",\"@id\":\"https:\\\/\\\/www.revuemusicale.ch\\\/politique\\\/2016\\\/08\\\/toute-la-culture-en-chiffres\",\"url\":\"https:\\\/\\\/www.revuemusicale.ch\\\/politique\\\/2016\\\/08\\\/toute-la-culture-en-chiffres\",\"name\":\"Toute la culture en chiffres - Revue Musicale Suisse\",\"isPartOf\":{\"@id\":\"https:\\\/\\\/www.revuemusicale.ch\\\/#website\"},\"primaryImageOfPage\":{\"@id\":\"https:\\\/\\\/www.revuemusicale.ch\\\/politique\\\/2016\\\/08\\\/toute-la-culture-en-chiffres#primaryimage\"},\"image\":{\"@id\":\"https:\\\/\\\/www.revuemusicale.ch\\\/politique\\\/2016\\\/08\\\/toute-la-culture-en-chiffres#primaryimage\"},\"thumbnailUrl\":\"https:\\\/\\\/www.revuemusicale.ch\\\/wp-content\\\/uploads\\\/2023\\\/01\\\/Capture-decran-2016-08-22-a-14.32.54.png\",\"datePublished\":\"2016-08-21T22:00:00+00:00\",\"dateModified\":\"2023-01-18T16:43:49+00:00\",\"breadcrumb\":{\"@id\":\"https:\\\/\\\/www.revuemusicale.ch\\\/politique\\\/2016\\\/08\\\/toute-la-culture-en-chiffres#breadcrumb\"},\"inLanguage\":\"it-IT\",\"potentialAction\":[{\"@type\":\"ReadAction\",\"target\":[\"https:\\\/\\\/www.revuemusicale.ch\\\/politique\\\/2016\\\/08\\\/toute-la-culture-en-chiffres\"]}]},{\"@type\":\"ImageObject\",\"inLanguage\":\"it-IT\",\"@id\":\"https:\\\/\\\/www.revuemusicale.ch\\\/politique\\\/2016\\\/08\\\/toute-la-culture-en-chiffres#primaryimage\",\"url\":\"https:\\\/\\\/www.revuemusicale.ch\\\/wp-content\\\/uploads\\\/2023\\\/01\\\/Capture-decran-2016-08-22-a-14.32.54.png\",\"contentUrl\":\"https:\\\/\\\/www.revuemusicale.ch\\\/wp-content\\\/uploads\\\/2023\\\/01\\\/Capture-decran-2016-08-22-a-14.32.54.png\",\"width\":554,\"height\":384},{\"@type\":\"BreadcrumbList\",\"@id\":\"https:\\\/\\\/www.revuemusicale.ch\\\/politique\\\/2016\\\/08\\\/toute-la-culture-en-chiffres#breadcrumb\",\"itemListElement\":[{\"@type\":\"ListItem\",\"position\":1,\"name\":\"Home\",\"item\":\"https:\\\/\\\/www.revuemusicale.ch\\\/\"},{\"@type\":\"ListItem\",\"position\":2,\"name\":\"Toute la culture en chiffres\"}]},{\"@type\":\"WebSite\",\"@id\":\"https:\\\/\\\/www.revuemusicale.ch\\\/#website\",\"url\":\"https:\\\/\\\/www.revuemusicale.ch\\\/\",\"name\":\"Revue Musicale Suisse\",\"description\":\"\",\"publisher\":{\"@id\":\"https:\\\/\\\/www.revuemusicale.ch\\\/#organization\"},\"potentialAction\":[{\"@type\":\"SearchAction\",\"target\":{\"@type\":\"EntryPoint\",\"urlTemplate\":\"https:\\\/\\\/www.revuemusicale.ch\\\/?s={search_term_string}\"},\"query-input\":{\"@type\":\"PropertyValueSpecification\",\"valueRequired\":true,\"valueName\":\"search_term_string\"}}],\"inLanguage\":\"it-IT\"},{\"@type\":\"Organization\",\"@id\":\"https:\\\/\\\/www.revuemusicale.ch\\\/#organization\",\"name\":\"Revue Musicale Suisse\",\"url\":\"https:\\\/\\\/www.revuemusicale.ch\\\/\",\"logo\":{\"@type\":\"ImageObject\",\"inLanguage\":\"it-IT\",\"@id\":\"https:\\\/\\\/www.revuemusicale.ch\\\/#\\\/schema\\\/logo\\\/image\\\/\",\"url\":\"https:\\\/\\\/www.revuemusicale.ch\\\/wp-content\\\/uploads\\\/2023\\\/01\\\/logo_revuemusicale_musikzeitung.jpg\",\"contentUrl\":\"https:\\\/\\\/www.revuemusicale.ch\\\/wp-content\\\/uploads\\\/2023\\\/01\\\/logo_revuemusicale_musikzeitung.jpg\",\"width\":1200,\"height\":243,\"caption\":\"Revue Musicale Suisse\"},\"image\":{\"@id\":\"https:\\\/\\\/www.revuemusicale.ch\\\/#\\\/schema\\\/logo\\\/image\\\/\"},\"sameAs\":[\"https:\\\/\\\/www.facebook.com\\\/SchweizerMusikzeitung\\\/\",\"https:\\\/\\\/x.com\\\/smusikzeitung\",\"https:\\\/\\\/www.instagram.com\\\/musikzeitung.ch\\\/?hl=de\"]},{\"@type\":\"Person\",\"@id\":\"https:\\\/\\\/www.revuemusicale.ch\\\/#\\\/schema\\\/person\\\/b2fd892c800856270b9dcc6001265712\",\"name\":\"Musikzeitung-Redaktion\",\"image\":{\"@type\":\"ImageObject\",\"inLanguage\":\"it-IT\",\"@id\":\"https:\\\/\\\/secure.gravatar.com\\\/avatar\\\/0c7e6a405862e402eb76a70f8a26fc732d07c32931e9fae9ab1582911d2e8a3b?s=96&d=mm&r=g\",\"url\":\"https:\\\/\\\/secure.gravatar.com\\\/avatar\\\/0c7e6a405862e402eb76a70f8a26fc732d07c32931e9fae9ab1582911d2e8a3b?s=96&d=mm&r=g\",\"contentUrl\":\"https:\\\/\\\/secure.gravatar.com\\\/avatar\\\/0c7e6a405862e402eb76a70f8a26fc732d07c32931e9fae9ab1582911d2e8a3b?s=96&d=mm&r=g\",\"caption\":\"Musikzeitung-Redaktion\"},\"sameAs\":[\"http:\\\/\\\/wundo-docker.io\"],\"url\":\"https:\\\/\\\/www.revuemusicale.ch\\\/it\\\/author\\\/admin\"}]}<\/script>\n<!-- \/ Yoast SEO plugin. -->","yoast_head_json":{"title":"Toute la culture en chiffres - Revue Musicale Suisse","robots":{"index":"index","follow":"follow","max-snippet":"max-snippet:-1","max-image-preview":"max-image-preview:large","max-video-preview":"max-video-preview:-1"},"canonical":"https:\/\/www.revuemusicale.ch\/it\/politique\/2016\/08\/toute-la-culture-en-chiffres\/","og_locale":"it_IT","og_type":"article","og_title":"Toute la culture en chiffres - Revue Musicale Suisse","og_description":"L\u2019Office f\u00e9d\u00e9ral de la culture et l\u2019Office f\u00e9d\u00e9ral de la statistique publient une brochure qui rassemble des donn\u00e9es int\u00e9ressantes sur la culture en Suisse.","og_url":"https:\/\/www.revuemusicale.ch\/it\/politique\/2016\/08\/toute-la-culture-en-chiffres\/","og_site_name":"Revue Musicale Suisse","article_publisher":"https:\/\/www.facebook.com\/SchweizerMusikzeitung\/","article_published_time":"2016-08-21T22:00:00+00:00","article_modified_time":"2023-01-18T16:43:49+00:00","og_image":[{"width":554,"height":384,"url":"https:\/\/www.revuemusicale.ch\/wp-content\/uploads\/2023\/01\/Capture-decran-2016-08-22-a-14.32.54.png","type":"image\/png"}],"author":"Musikzeitung-Redaktion","twitter_card":"summary_large_image","twitter_creator":"@smusikzeitung","twitter_site":"@smusikzeitung","twitter_misc":{"Scritto da":"Musikzeitung-Redaktion","Tempo di lettura stimato":"2 minuti"},"schema":{"@context":"https:\/\/schema.org","@graph":[{"@type":"Article","@id":"https:\/\/www.revuemusicale.ch\/politique\/2016\/08\/toute-la-culture-en-chiffres#article","isPartOf":{"@id":"https:\/\/www.revuemusicale.ch\/politique\/2016\/08\/toute-la-culture-en-chiffres"},"author":{"name":"Musikzeitung-Redaktion","@id":"https:\/\/www.revuemusicale.ch\/#\/schema\/person\/b2fd892c800856270b9dcc6001265712"},"headline":"Toute la culture en chiffres","datePublished":"2016-08-21T22:00:00+00:00","dateModified":"2023-01-18T16:43:49+00:00","mainEntityOfPage":{"@id":"https:\/\/www.revuemusicale.ch\/politique\/2016\/08\/toute-la-culture-en-chiffres"},"wordCount":352,"commentCount":0,"publisher":{"@id":"https:\/\/www.revuemusicale.ch\/#organization"},"image":{"@id":"https:\/\/www.revuemusicale.ch\/politique\/2016\/08\/toute-la-culture-en-chiffres#primaryimage"},"thumbnailUrl":"https:\/\/www.revuemusicale.ch\/wp-content\/uploads\/2023\/01\/Capture-decran-2016-08-22-a-14.32.54.png","articleSection":["National","Politique"],"inLanguage":"it-IT"},{"@type":"WebPage","@id":"https:\/\/www.revuemusicale.ch\/politique\/2016\/08\/toute-la-culture-en-chiffres","url":"https:\/\/www.revuemusicale.ch\/politique\/2016\/08\/toute-la-culture-en-chiffres","name":"Toute la culture en chiffres - Revue Musicale Suisse","isPartOf":{"@id":"https:\/\/www.revuemusicale.ch\/#website"},"primaryImageOfPage":{"@id":"https:\/\/www.revuemusicale.ch\/politique\/2016\/08\/toute-la-culture-en-chiffres#primaryimage"},"image":{"@id":"https:\/\/www.revuemusicale.ch\/politique\/2016\/08\/toute-la-culture-en-chiffres#primaryimage"},"thumbnailUrl":"https:\/\/www.revuemusicale.ch\/wp-content\/uploads\/2023\/01\/Capture-decran-2016-08-22-a-14.32.54.png","datePublished":"2016-08-21T22:00:00+00:00","dateModified":"2023-01-18T16:43:49+00:00","breadcrumb":{"@id":"https:\/\/www.revuemusicale.ch\/politique\/2016\/08\/toute-la-culture-en-chiffres#breadcrumb"},"inLanguage":"it-IT","potentialAction":[{"@type":"ReadAction","target":["https:\/\/www.revuemusicale.ch\/politique\/2016\/08\/toute-la-culture-en-chiffres"]}]},{"@type":"ImageObject","inLanguage":"it-IT","@id":"https:\/\/www.revuemusicale.ch\/politique\/2016\/08\/toute-la-culture-en-chiffres#primaryimage","url":"https:\/\/www.revuemusicale.ch\/wp-content\/uploads\/2023\/01\/Capture-decran-2016-08-22-a-14.32.54.png","contentUrl":"https:\/\/www.revuemusicale.ch\/wp-content\/uploads\/2023\/01\/Capture-decran-2016-08-22-a-14.32.54.png","width":554,"height":384},{"@type":"BreadcrumbList","@id":"https:\/\/www.revuemusicale.ch\/politique\/2016\/08\/toute-la-culture-en-chiffres#breadcrumb","itemListElement":[{"@type":"ListItem","position":1,"name":"Home","item":"https:\/\/www.revuemusicale.ch\/"},{"@type":"ListItem","position":2,"name":"Toute la culture en chiffres"}]},{"@type":"WebSite","@id":"https:\/\/www.revuemusicale.ch\/#website","url":"https:\/\/www.revuemusicale.ch\/","name":"Rassegna musicale svizzera","description":"","publisher":{"@id":"https:\/\/www.revuemusicale.ch\/#organization"},"potentialAction":[{"@type":"SearchAction","target":{"@type":"EntryPoint","urlTemplate":"https:\/\/www.revuemusicale.ch\/?s={search_term_string}"},"query-input":{"@type":"PropertyValueSpecification","valueRequired":true,"valueName":"search_term_string"}}],"inLanguage":"it-IT"},{"@type":"Organization","@id":"https:\/\/www.revuemusicale.ch\/#organization","name":"Rassegna musicale svizzera","url":"https:\/\/www.revuemusicale.ch\/","logo":{"@type":"ImageObject","inLanguage":"it-IT","@id":"https:\/\/www.revuemusicale.ch\/#\/schema\/logo\/image\/","url":"https:\/\/www.revuemusicale.ch\/wp-content\/uploads\/2023\/01\/logo_revuemusicale_musikzeitung.jpg","contentUrl":"https:\/\/www.revuemusicale.ch\/wp-content\/uploads\/2023\/01\/logo_revuemusicale_musikzeitung.jpg","width":1200,"height":243,"caption":"Revue Musicale Suisse"},"image":{"@id":"https:\/\/www.revuemusicale.ch\/#\/schema\/logo\/image\/"},"sameAs":["https:\/\/www.facebook.com\/SchweizerMusikzeitung\/","https:\/\/x.com\/smusikzeitung","https:\/\/www.instagram.com\/musikzeitung.ch\/?hl=de"]},{"@type":"Person","@id":"https:\/\/www.revuemusicale.ch\/#\/schema\/person\/b2fd892c800856270b9dcc6001265712","name":"Musikzeitung-Redaktion","image":{"@type":"ImageObject","inLanguage":"it-IT","@id":"https:\/\/secure.gravatar.com\/avatar\/0c7e6a405862e402eb76a70f8a26fc732d07c32931e9fae9ab1582911d2e8a3b?s=96&d=mm&r=g","url":"https:\/\/secure.gravatar.com\/avatar\/0c7e6a405862e402eb76a70f8a26fc732d07c32931e9fae9ab1582911d2e8a3b?s=96&d=mm&r=g","contentUrl":"https:\/\/secure.gravatar.com\/avatar\/0c7e6a405862e402eb76a70f8a26fc732d07c32931e9fae9ab1582911d2e8a3b?s=96&d=mm&r=g","caption":"Musikzeitung-Redaktion"},"sameAs":["http:\/\/wundo-docker.io"],"url":"https:\/\/www.revuemusicale.ch\/it\/author\/admin"}]}},"publishpress_future_action":{"enabled":false,"date":"1970-01-01 01:00:00","action":"change-status","newStatus":"draft","terms":[],"taxonomy":"category","extraData":[]},"publishpress_future_workflow_manual_trigger":{"enabledWorkflows":[]},"_links":{"self":[{"href":"https:\/\/www.revuemusicale.ch\/it\/wp-json\/wp\/v2\/posts\/22849","targetHints":{"allow":["GET"]}}],"collection":[{"href":"https:\/\/www.revuemusicale.ch\/it\/wp-json\/wp\/v2\/posts"}],"about":[{"href":"https:\/\/www.revuemusicale.ch\/it\/wp-json\/wp\/v2\/types\/post"}],"author":[{"embeddable":true,"href":"https:\/\/www.revuemusicale.ch\/it\/wp-json\/wp\/v2\/users\/1"}],"replies":[{"embeddable":true,"href":"https:\/\/www.revuemusicale.ch\/it\/wp-json\/wp\/v2\/comments?post=22849"}],"version-history":[{"count":1,"href":"https:\/\/www.revuemusicale.ch\/it\/wp-json\/wp\/v2\/posts\/22849\/revisions"}],"predecessor-version":[{"id":22851,"href":"https:\/\/www.revuemusicale.ch\/it\/wp-json\/wp\/v2\/posts\/22849\/revisions\/22851"}],"wp:featuredmedia":[{"embeddable":true,"href":"https:\/\/www.revuemusicale.ch\/it\/wp-json\/wp\/v2\/media\/22850"}],"wp:attachment":[{"href":"https:\/\/www.revuemusicale.ch\/it\/wp-json\/wp\/v2\/media?parent=22849"}],"wp:term":[{"taxonomy":"category","embeddable":true,"href":"https:\/\/www.revuemusicale.ch\/it\/wp-json\/wp\/v2\/categories?post=22849"},{"taxonomy":"post_tag","embeddable":true,"href":"https:\/\/www.revuemusicale.ch\/it\/wp-json\/wp\/v2\/tags?post=22849"}],"curies":[{"name":"wp","href":"https:\/\/api.w.org\/{rel}","templated":true}]}}