{"id":22870,"date":"2021-02-10T00:00:00","date_gmt":"2021-02-09T23:00:00","guid":{"rendered":"https:\/\/www.revuemusicale.ch\/blog\/2021\/02\/10\/un-quart-des-entreprises-culturelles-dans-une-situation-grave\/"},"modified":"2023-01-18T17:43:53","modified_gmt":"2023-01-18T16:43:53","slug":"un-quart-des-entreprises-culturelles-dans-une-situation-grave","status":"publish","type":"post","link":"https:\/\/www.revuemusicale.ch\/it\/politique\/2021\/02\/un-quart-des-entreprises-culturelles-dans-une-situation-grave","title":{"rendered":"Un quarto delle imprese culturali si trova in una situazione grave"},"content":{"rendered":"<figure style=\"width: 1200px\" class=\"wp-caption alignnone\"><img decoding=\"async\" class=\"size-full\" src=\"https:\/\/www.revuemusicale.ch\/wp-content\/uploads\/2023\/01\/IMG_3971.jpg\" alt=\"\" \/><figcaption class=\"wp-caption-text\">Foto: RMS<\/figcaption><\/figure>\n<div class='text-section'>\n<p>Per la prima volta, le cifre rivelano l'entit\u00e0 dei danni causati dalle chiusure nonostante le misure di sostegno, nonch\u00e9 le ampie disparit\u00e0 nell'ecosistema culturale altamente diversificato. La Task Force Culture Romande propone quattro soluzioni concrete per migliorare la protezione di tutti gli anelli della catena, al fine di superare i mesi rimanenti e garantire una ripresa che non lasci nessuno al freddo.<\/p>\n<p>I dati sono allarmanti: pi\u00f9 di un quarto delle aziende si trova in una situazione grave o catastrofica e quasi la met\u00e0 degli operatori culturali dichiara di avere difficolt\u00e0 finanziarie. Inoltre, 43% di loro temono di dover abbandonare la loro professione per motivi finanziari. Stiamo quindi assistendo alla possibile scomparsa di gran parte del settore culturale della Svizzera francese.<\/p>\n<p><strong>Aiuto concesso, ma mal adattato<br \/> <\/strong>I dati dettagliati che emergono dall'indagine ci permettono di analizzare le ragioni di questo dato preoccupante e di individuare le lacune delle misure messe in atto. Emergono diverse ragioni:<br \/> - Il limite massimo degli aiuti e delle compensazioni \u00e8 di 80% in un settore in cui le riserve sono scarse. A quasi un anno dall'inizio delle chiusure, un quarto delle aziende dichiara di non aver ancora trovato una soluzione.<br \/> - la complessit\u00e0 burocratica delle procedure e la lentezza della loro elaborazione. Nella maggior parte dei casi, ci sono voluti dai due ai quattro mesi per ottenere una decisione e un ulteriore periodo per ricevere il risarcimento.<br \/> - la preesistente disparit\u00e0 di protezione sociale tra lavoratori autonomi e dipendenti, che ha contribuito a rendere i lavoratori autonomi particolarmente colpiti dalla crisi.<\/p>\n<p><strong>Quattro soluzioni per aiutarvi a migliorare<br \/> <\/strong>Queste osservazioni non fanno che rafforzare la richiesta degli ambienti culturali di semplificare e accelerare il processo di risarcimento.<br \/> La Task Force Culture Romande chiede quindi :<br \/> 1. Nell'immediato, sostegno a tutte le proposte che mirano a istituire aiuti rapidi e non burocratici sotto forma di indennit\u00e0 forfettarie, al fine di sostenere gli artisti e gli operatori culturali e consentire loro di superare la crisi di Covid con maggiore dignit\u00e0, in particolare la proposta Roduit per consentire l'accesso all'assistenza di rigore ai lavoratori autonomi e la proposta Dandr\u00e8s per estendere il periodo quadro per i lavoratori intermittenti.<br \/> 2. Che la Confederazione consenta ai Cantoni di compensare le perdite superiori a 80%.<br \/> 3. Porre fine alle ormai evidenti disparit\u00e0 di trattamento: un piano per la riapertura dei luoghi di cultura, concordato tra le Confederazioni e i Cantoni, deve essere messo in atto con urgenza se si vuole evitare un irreparabile declino della cultura nella Svizzera francese. Senza queste prospettive, non ci saranno impegni - e allora non avr\u00e0 senso introdurre misure di compensazione per eventi cancellati che non hanno mai avuto luogo.<br \/> 4. Infine, per dare attuazione all'articolo 114 comma 2 lettera c della Costituzione: \"i lavoratori autonomi possono assicurarsi facoltativamente\" con l'assicurazione contro la disoccupazione.<\/p>\n<p>\u00a0<\/p>\n<\/p><\/div>\n<div class='text-section'>\n<dl class='picture media photo large'>\n<dt> <img class='media photo large' src='https:\/\/www.revuemusicale.ch\/wp-content\/uploads\/2023\/01\/Capture-decran-2021-02-10-a-17.09.22.png' alt='Image '> <\/dt>\n<dd class='copyright'>Task force cultura romanda<\/dd>\n<dd class='longdesc'>La situazione descritta dalle imprese culturali<\/dd>\n<\/dl><\/div>\n<div class='text-section'>\n<dl class='picture media photo large'>\n<dt> <img class='media photo large' src='https:\/\/www.revuemusicale.ch\/wp-content\/uploads\/2023\/01\/Capture-decran-2021-02-10-a-17.09.30.png' alt='Image '> <\/dt>\n<dd class='copyright'>Task force cultura romanda<\/dd>\n<dd class='longdesc'>La situazione descritta dagli operatori culturali<\/dd>\n<\/dl><\/div>","protected":false},"excerpt":{"rendered":"<p><strong>Sapevamo che il settore culturale era stato duramente colpito dalla crisi sanitaria. Un'indagine condotta dalla Task Force Culture Romande rivela che un quarto degli operatori e delle imprese culturali si trova in una grave situazione finanziaria. <\/strong><\/p>","protected":false},"author":1,"featured_media":22871,"comment_status":"open","ping_status":"open","sticky":false,"template":"","format":"standard","meta":{"_acf_changed":false,"_relevanssi_hide_post":"","_relevanssi_hide_content":"","_relevanssi_pin_for_all":"","_relevanssi_pin_keywords":"","_relevanssi_unpin_keywords":"","_relevanssi_related_keywords":"","_relevanssi_related_include_ids":"","_relevanssi_related_exclude_ids":"","_relevanssi_related_no_append":"","_relevanssi_related_not_related":"","_relevanssi_related_posts":"","_relevanssi_noindex_reason":"","pgc_sgb_lightbox_settings":"","footnotes":""},"categories":[1613,1612],"tags":[],"class_list":["post-22870","post","type-post","status-publish","format-standard","has-post-thumbnail","hentry","category-national-politique","category-politique"],"acf":[],"yoast_head":"<!-- This site is optimized with the Yoast SEO plugin v27.3 - https:\/\/yoast.com\/product\/yoast-seo-wordpress\/ -->\n<title>Un quart des entreprises culturelles dans une situation grave - Revue Musicale Suisse<\/title>\n<meta name=\"robots\" content=\"index, follow, max-snippet:-1, max-image-preview:large, max-video-preview:-1\" \/>\n<link rel=\"canonical\" href=\"https:\/\/www.revuemusicale.ch\/it\/politique\/2021\/02\/un-quart-des-entreprises-culturelles-dans-une-situation-grave\/\" \/>\n<meta property=\"og:locale\" content=\"it_IT\" \/>\n<meta property=\"og:type\" content=\"article\" \/>\n<meta property=\"og:title\" content=\"Un quart des entreprises culturelles dans une situation grave - Revue Musicale Suisse\" \/>\n<meta property=\"og:description\" content=\"On savait le secteur culturel durement touche\u0301 par la crise sanitaire. Un sondage mene\u0301 par la Task Force Culture Romande r\u00e9v\u00e8le qu\u2019un quart des acteurs, actrices et entreprises culturelles sont dans une situation financi\u00e8re grave.\" \/>\n<meta property=\"og:url\" content=\"https:\/\/www.revuemusicale.ch\/it\/politique\/2021\/02\/un-quart-des-entreprises-culturelles-dans-une-situation-grave\/\" \/>\n<meta property=\"og:site_name\" content=\"Revue Musicale Suisse\" \/>\n<meta property=\"article:publisher\" content=\"https:\/\/www.facebook.com\/SchweizerMusikzeitung\/\" \/>\n<meta property=\"article:published_time\" content=\"2021-02-09T23:00:00+00:00\" \/>\n<meta property=\"article:modified_time\" content=\"2023-01-18T16:43:53+00:00\" \/>\n<meta property=\"og:image\" content=\"https:\/\/www.revuemusicale.ch\/wp-content\/uploads\/2023\/01\/IMG_3971.jpg\" \/>\n\t<meta property=\"og:image:width\" content=\"554\" \/>\n\t<meta property=\"og:image:height\" content=\"415\" \/>\n\t<meta property=\"og:image:type\" content=\"image\/jpeg\" \/>\n<meta name=\"author\" content=\"Musikzeitung-Redaktion\" \/>\n<meta name=\"twitter:card\" content=\"summary_large_image\" \/>\n<meta name=\"twitter:creator\" content=\"@smusikzeitung\" \/>\n<meta name=\"twitter:site\" content=\"@smusikzeitung\" \/>\n<meta name=\"twitter:label1\" content=\"Scritto da\" \/>\n\t<meta name=\"twitter:data1\" content=\"Musikzeitung-Redaktion\" \/>\n\t<meta name=\"twitter:label2\" content=\"Tempo di lettura stimato\" \/>\n\t<meta name=\"twitter:data2\" content=\"3 minuti\" \/>\n<script type=\"application\/ld+json\" class=\"yoast-schema-graph\">{\"@context\":\"https:\\\/\\\/schema.org\",\"@graph\":[{\"@type\":\"Article\",\"@id\":\"https:\\\/\\\/www.revuemusicale.ch\\\/politique\\\/2021\\\/02\\\/un-quart-des-entreprises-culturelles-dans-une-situation-grave#article\",\"isPartOf\":{\"@id\":\"https:\\\/\\\/www.revuemusicale.ch\\\/politique\\\/2021\\\/02\\\/un-quart-des-entreprises-culturelles-dans-une-situation-grave\"},\"author\":{\"name\":\"Musikzeitung-Redaktion\",\"@id\":\"https:\\\/\\\/www.revuemusicale.ch\\\/#\\\/schema\\\/person\\\/b2fd892c800856270b9dcc6001265712\"},\"headline\":\"Un quart des entreprises culturelles dans une situation grave\",\"datePublished\":\"2021-02-09T23:00:00+00:00\",\"dateModified\":\"2023-01-18T16:43:53+00:00\",\"mainEntityOfPage\":{\"@id\":\"https:\\\/\\\/www.revuemusicale.ch\\\/politique\\\/2021\\\/02\\\/un-quart-des-entreprises-culturelles-dans-une-situation-grave\"},\"wordCount\":593,\"commentCount\":0,\"publisher\":{\"@id\":\"https:\\\/\\\/www.revuemusicale.ch\\\/#organization\"},\"image\":{\"@id\":\"https:\\\/\\\/www.revuemusicale.ch\\\/politique\\\/2021\\\/02\\\/un-quart-des-entreprises-culturelles-dans-une-situation-grave#primaryimage\"},\"thumbnailUrl\":\"https:\\\/\\\/www.revuemusicale.ch\\\/wp-content\\\/uploads\\\/2023\\\/01\\\/IMG_3971.jpg\",\"articleSection\":[\"National\",\"Politique\"],\"inLanguage\":\"it-IT\"},{\"@type\":\"WebPage\",\"@id\":\"https:\\\/\\\/www.revuemusicale.ch\\\/politique\\\/2021\\\/02\\\/un-quart-des-entreprises-culturelles-dans-une-situation-grave\",\"url\":\"https:\\\/\\\/www.revuemusicale.ch\\\/politique\\\/2021\\\/02\\\/un-quart-des-entreprises-culturelles-dans-une-situation-grave\",\"name\":\"Un quart des entreprises culturelles dans une situation grave - Revue Musicale Suisse\",\"isPartOf\":{\"@id\":\"https:\\\/\\\/www.revuemusicale.ch\\\/#website\"},\"primaryImageOfPage\":{\"@id\":\"https:\\\/\\\/www.revuemusicale.ch\\\/politique\\\/2021\\\/02\\\/un-quart-des-entreprises-culturelles-dans-une-situation-grave#primaryimage\"},\"image\":{\"@id\":\"https:\\\/\\\/www.revuemusicale.ch\\\/politique\\\/2021\\\/02\\\/un-quart-des-entreprises-culturelles-dans-une-situation-grave#primaryimage\"},\"thumbnailUrl\":\"https:\\\/\\\/www.revuemusicale.ch\\\/wp-content\\\/uploads\\\/2023\\\/01\\\/IMG_3971.jpg\",\"datePublished\":\"2021-02-09T23:00:00+00:00\",\"dateModified\":\"2023-01-18T16:43:53+00:00\",\"breadcrumb\":{\"@id\":\"https:\\\/\\\/www.revuemusicale.ch\\\/politique\\\/2021\\\/02\\\/un-quart-des-entreprises-culturelles-dans-une-situation-grave#breadcrumb\"},\"inLanguage\":\"it-IT\",\"potentialAction\":[{\"@type\":\"ReadAction\",\"target\":[\"https:\\\/\\\/www.revuemusicale.ch\\\/politique\\\/2021\\\/02\\\/un-quart-des-entreprises-culturelles-dans-une-situation-grave\"]}]},{\"@type\":\"ImageObject\",\"inLanguage\":\"it-IT\",\"@id\":\"https:\\\/\\\/www.revuemusicale.ch\\\/politique\\\/2021\\\/02\\\/un-quart-des-entreprises-culturelles-dans-une-situation-grave#primaryimage\",\"url\":\"https:\\\/\\\/www.revuemusicale.ch\\\/wp-content\\\/uploads\\\/2023\\\/01\\\/IMG_3971.jpg\",\"contentUrl\":\"https:\\\/\\\/www.revuemusicale.ch\\\/wp-content\\\/uploads\\\/2023\\\/01\\\/IMG_3971.jpg\",\"width\":554,\"height\":415},{\"@type\":\"BreadcrumbList\",\"@id\":\"https:\\\/\\\/www.revuemusicale.ch\\\/politique\\\/2021\\\/02\\\/un-quart-des-entreprises-culturelles-dans-une-situation-grave#breadcrumb\",\"itemListElement\":[{\"@type\":\"ListItem\",\"position\":1,\"name\":\"Home\",\"item\":\"https:\\\/\\\/www.revuemusicale.ch\\\/\"},{\"@type\":\"ListItem\",\"position\":2,\"name\":\"Un quart des entreprises culturelles dans une situation grave\"}]},{\"@type\":\"WebSite\",\"@id\":\"https:\\\/\\\/www.revuemusicale.ch\\\/#website\",\"url\":\"https:\\\/\\\/www.revuemusicale.ch\\\/\",\"name\":\"Revue Musicale Suisse\",\"description\":\"\",\"publisher\":{\"@id\":\"https:\\\/\\\/www.revuemusicale.ch\\\/#organization\"},\"potentialAction\":[{\"@type\":\"SearchAction\",\"target\":{\"@type\":\"EntryPoint\",\"urlTemplate\":\"https:\\\/\\\/www.revuemusicale.ch\\\/?s={search_term_string}\"},\"query-input\":{\"@type\":\"PropertyValueSpecification\",\"valueRequired\":true,\"valueName\":\"search_term_string\"}}],\"inLanguage\":\"it-IT\"},{\"@type\":\"Organization\",\"@id\":\"https:\\\/\\\/www.revuemusicale.ch\\\/#organization\",\"name\":\"Revue Musicale Suisse\",\"url\":\"https:\\\/\\\/www.revuemusicale.ch\\\/\",\"logo\":{\"@type\":\"ImageObject\",\"inLanguage\":\"it-IT\",\"@id\":\"https:\\\/\\\/www.revuemusicale.ch\\\/#\\\/schema\\\/logo\\\/image\\\/\",\"url\":\"https:\\\/\\\/www.revuemusicale.ch\\\/wp-content\\\/uploads\\\/2023\\\/01\\\/logo_revuemusicale_musikzeitung.jpg\",\"contentUrl\":\"https:\\\/\\\/www.revuemusicale.ch\\\/wp-content\\\/uploads\\\/2023\\\/01\\\/logo_revuemusicale_musikzeitung.jpg\",\"width\":1200,\"height\":243,\"caption\":\"Revue Musicale Suisse\"},\"image\":{\"@id\":\"https:\\\/\\\/www.revuemusicale.ch\\\/#\\\/schema\\\/logo\\\/image\\\/\"},\"sameAs\":[\"https:\\\/\\\/www.facebook.com\\\/SchweizerMusikzeitung\\\/\",\"https:\\\/\\\/x.com\\\/smusikzeitung\",\"https:\\\/\\\/www.instagram.com\\\/musikzeitung.ch\\\/?hl=de\"]},{\"@type\":\"Person\",\"@id\":\"https:\\\/\\\/www.revuemusicale.ch\\\/#\\\/schema\\\/person\\\/b2fd892c800856270b9dcc6001265712\",\"name\":\"Musikzeitung-Redaktion\",\"image\":{\"@type\":\"ImageObject\",\"inLanguage\":\"it-IT\",\"@id\":\"https:\\\/\\\/secure.gravatar.com\\\/avatar\\\/0c7e6a405862e402eb76a70f8a26fc732d07c32931e9fae9ab1582911d2e8a3b?s=96&d=mm&r=g\",\"url\":\"https:\\\/\\\/secure.gravatar.com\\\/avatar\\\/0c7e6a405862e402eb76a70f8a26fc732d07c32931e9fae9ab1582911d2e8a3b?s=96&d=mm&r=g\",\"contentUrl\":\"https:\\\/\\\/secure.gravatar.com\\\/avatar\\\/0c7e6a405862e402eb76a70f8a26fc732d07c32931e9fae9ab1582911d2e8a3b?s=96&d=mm&r=g\",\"caption\":\"Musikzeitung-Redaktion\"},\"sameAs\":[\"http:\\\/\\\/wundo-docker.io\"],\"url\":\"https:\\\/\\\/www.revuemusicale.ch\\\/it\\\/author\\\/admin\"}]}<\/script>\n<!-- \/ Yoast SEO plugin. -->","yoast_head_json":{"title":"Un quart des entreprises culturelles dans une situation grave - Revue Musicale Suisse","robots":{"index":"index","follow":"follow","max-snippet":"max-snippet:-1","max-image-preview":"max-image-preview:large","max-video-preview":"max-video-preview:-1"},"canonical":"https:\/\/www.revuemusicale.ch\/it\/politique\/2021\/02\/un-quart-des-entreprises-culturelles-dans-une-situation-grave\/","og_locale":"it_IT","og_type":"article","og_title":"Un quart des entreprises culturelles dans une situation grave - Revue Musicale Suisse","og_description":"On savait le secteur culturel durement touche\u0301 par la crise sanitaire. Un sondage mene\u0301 par la Task Force Culture Romande r\u00e9v\u00e8le qu\u2019un quart des acteurs, actrices et entreprises culturelles sont dans une situation financi\u00e8re grave.","og_url":"https:\/\/www.revuemusicale.ch\/it\/politique\/2021\/02\/un-quart-des-entreprises-culturelles-dans-une-situation-grave\/","og_site_name":"Revue Musicale Suisse","article_publisher":"https:\/\/www.facebook.com\/SchweizerMusikzeitung\/","article_published_time":"2021-02-09T23:00:00+00:00","article_modified_time":"2023-01-18T16:43:53+00:00","og_image":[{"width":554,"height":415,"url":"https:\/\/www.revuemusicale.ch\/wp-content\/uploads\/2023\/01\/IMG_3971.jpg","type":"image\/jpeg"}],"author":"Musikzeitung-Redaktion","twitter_card":"summary_large_image","twitter_creator":"@smusikzeitung","twitter_site":"@smusikzeitung","twitter_misc":{"Scritto da":"Musikzeitung-Redaktion","Tempo di lettura stimato":"3 minuti"},"schema":{"@context":"https:\/\/schema.org","@graph":[{"@type":"Article","@id":"https:\/\/www.revuemusicale.ch\/politique\/2021\/02\/un-quart-des-entreprises-culturelles-dans-une-situation-grave#article","isPartOf":{"@id":"https:\/\/www.revuemusicale.ch\/politique\/2021\/02\/un-quart-des-entreprises-culturelles-dans-une-situation-grave"},"author":{"name":"Musikzeitung-Redaktion","@id":"https:\/\/www.revuemusicale.ch\/#\/schema\/person\/b2fd892c800856270b9dcc6001265712"},"headline":"Un quart des entreprises culturelles dans une situation grave","datePublished":"2021-02-09T23:00:00+00:00","dateModified":"2023-01-18T16:43:53+00:00","mainEntityOfPage":{"@id":"https:\/\/www.revuemusicale.ch\/politique\/2021\/02\/un-quart-des-entreprises-culturelles-dans-une-situation-grave"},"wordCount":593,"commentCount":0,"publisher":{"@id":"https:\/\/www.revuemusicale.ch\/#organization"},"image":{"@id":"https:\/\/www.revuemusicale.ch\/politique\/2021\/02\/un-quart-des-entreprises-culturelles-dans-une-situation-grave#primaryimage"},"thumbnailUrl":"https:\/\/www.revuemusicale.ch\/wp-content\/uploads\/2023\/01\/IMG_3971.jpg","articleSection":["National","Politique"],"inLanguage":"it-IT"},{"@type":"WebPage","@id":"https:\/\/www.revuemusicale.ch\/politique\/2021\/02\/un-quart-des-entreprises-culturelles-dans-une-situation-grave","url":"https:\/\/www.revuemusicale.ch\/politique\/2021\/02\/un-quart-des-entreprises-culturelles-dans-une-situation-grave","name":"Un quart des entreprises culturelles dans une situation grave - Revue Musicale Suisse","isPartOf":{"@id":"https:\/\/www.revuemusicale.ch\/#website"},"primaryImageOfPage":{"@id":"https:\/\/www.revuemusicale.ch\/politique\/2021\/02\/un-quart-des-entreprises-culturelles-dans-une-situation-grave#primaryimage"},"image":{"@id":"https:\/\/www.revuemusicale.ch\/politique\/2021\/02\/un-quart-des-entreprises-culturelles-dans-une-situation-grave#primaryimage"},"thumbnailUrl":"https:\/\/www.revuemusicale.ch\/wp-content\/uploads\/2023\/01\/IMG_3971.jpg","datePublished":"2021-02-09T23:00:00+00:00","dateModified":"2023-01-18T16:43:53+00:00","breadcrumb":{"@id":"https:\/\/www.revuemusicale.ch\/politique\/2021\/02\/un-quart-des-entreprises-culturelles-dans-une-situation-grave#breadcrumb"},"inLanguage":"it-IT","potentialAction":[{"@type":"ReadAction","target":["https:\/\/www.revuemusicale.ch\/politique\/2021\/02\/un-quart-des-entreprises-culturelles-dans-une-situation-grave"]}]},{"@type":"ImageObject","inLanguage":"it-IT","@id":"https:\/\/www.revuemusicale.ch\/politique\/2021\/02\/un-quart-des-entreprises-culturelles-dans-une-situation-grave#primaryimage","url":"https:\/\/www.revuemusicale.ch\/wp-content\/uploads\/2023\/01\/IMG_3971.jpg","contentUrl":"https:\/\/www.revuemusicale.ch\/wp-content\/uploads\/2023\/01\/IMG_3971.jpg","width":554,"height":415},{"@type":"BreadcrumbList","@id":"https:\/\/www.revuemusicale.ch\/politique\/2021\/02\/un-quart-des-entreprises-culturelles-dans-une-situation-grave#breadcrumb","itemListElement":[{"@type":"ListItem","position":1,"name":"Home","item":"https:\/\/www.revuemusicale.ch\/"},{"@type":"ListItem","position":2,"name":"Un quart des entreprises culturelles dans une situation grave"}]},{"@type":"WebSite","@id":"https:\/\/www.revuemusicale.ch\/#website","url":"https:\/\/www.revuemusicale.ch\/","name":"Rassegna musicale svizzera","description":"","publisher":{"@id":"https:\/\/www.revuemusicale.ch\/#organization"},"potentialAction":[{"@type":"SearchAction","target":{"@type":"EntryPoint","urlTemplate":"https:\/\/www.revuemusicale.ch\/?s={search_term_string}"},"query-input":{"@type":"PropertyValueSpecification","valueRequired":true,"valueName":"search_term_string"}}],"inLanguage":"it-IT"},{"@type":"Organization","@id":"https:\/\/www.revuemusicale.ch\/#organization","name":"Rassegna musicale svizzera","url":"https:\/\/www.revuemusicale.ch\/","logo":{"@type":"ImageObject","inLanguage":"it-IT","@id":"https:\/\/www.revuemusicale.ch\/#\/schema\/logo\/image\/","url":"https:\/\/www.revuemusicale.ch\/wp-content\/uploads\/2023\/01\/logo_revuemusicale_musikzeitung.jpg","contentUrl":"https:\/\/www.revuemusicale.ch\/wp-content\/uploads\/2023\/01\/logo_revuemusicale_musikzeitung.jpg","width":1200,"height":243,"caption":"Revue Musicale Suisse"},"image":{"@id":"https:\/\/www.revuemusicale.ch\/#\/schema\/logo\/image\/"},"sameAs":["https:\/\/www.facebook.com\/SchweizerMusikzeitung\/","https:\/\/x.com\/smusikzeitung","https:\/\/www.instagram.com\/musikzeitung.ch\/?hl=de"]},{"@type":"Person","@id":"https:\/\/www.revuemusicale.ch\/#\/schema\/person\/b2fd892c800856270b9dcc6001265712","name":"Musikzeitung-Redaktion","image":{"@type":"ImageObject","inLanguage":"it-IT","@id":"https:\/\/secure.gravatar.com\/avatar\/0c7e6a405862e402eb76a70f8a26fc732d07c32931e9fae9ab1582911d2e8a3b?s=96&d=mm&r=g","url":"https:\/\/secure.gravatar.com\/avatar\/0c7e6a405862e402eb76a70f8a26fc732d07c32931e9fae9ab1582911d2e8a3b?s=96&d=mm&r=g","contentUrl":"https:\/\/secure.gravatar.com\/avatar\/0c7e6a405862e402eb76a70f8a26fc732d07c32931e9fae9ab1582911d2e8a3b?s=96&d=mm&r=g","caption":"Musikzeitung-Redaktion"},"sameAs":["http:\/\/wundo-docker.io"],"url":"https:\/\/www.revuemusicale.ch\/it\/author\/admin"}]}},"publishpress_future_action":{"enabled":false,"date":"1970-01-01 01:00:00","action":"change-status","newStatus":"draft","terms":[],"taxonomy":"category","extraData":[]},"publishpress_future_workflow_manual_trigger":{"enabledWorkflows":[]},"_links":{"self":[{"href":"https:\/\/www.revuemusicale.ch\/it\/wp-json\/wp\/v2\/posts\/22870","targetHints":{"allow":["GET"]}}],"collection":[{"href":"https:\/\/www.revuemusicale.ch\/it\/wp-json\/wp\/v2\/posts"}],"about":[{"href":"https:\/\/www.revuemusicale.ch\/it\/wp-json\/wp\/v2\/types\/post"}],"author":[{"embeddable":true,"href":"https:\/\/www.revuemusicale.ch\/it\/wp-json\/wp\/v2\/users\/1"}],"replies":[{"embeddable":true,"href":"https:\/\/www.revuemusicale.ch\/it\/wp-json\/wp\/v2\/comments?post=22870"}],"version-history":[{"count":1,"href":"https:\/\/www.revuemusicale.ch\/it\/wp-json\/wp\/v2\/posts\/22870\/revisions"}],"predecessor-version":[{"id":22874,"href":"https:\/\/www.revuemusicale.ch\/it\/wp-json\/wp\/v2\/posts\/22870\/revisions\/22874"}],"wp:featuredmedia":[{"embeddable":true,"href":"https:\/\/www.revuemusicale.ch\/it\/wp-json\/wp\/v2\/media\/22871"}],"wp:attachment":[{"href":"https:\/\/www.revuemusicale.ch\/it\/wp-json\/wp\/v2\/media?parent=22870"}],"wp:term":[{"taxonomy":"category","embeddable":true,"href":"https:\/\/www.revuemusicale.ch\/it\/wp-json\/wp\/v2\/categories?post=22870"},{"taxonomy":"post_tag","embeddable":true,"href":"https:\/\/www.revuemusicale.ch\/it\/wp-json\/wp\/v2\/tags?post=22870"}],"curies":[{"name":"wp","href":"https:\/\/api.w.org\/{rel}","templated":true}]}}