{"id":22875,"date":"2012-12-21T00:00:00","date_gmt":"2012-12-20T23:00:00","guid":{"rendered":"https:\/\/www.revuemusicale.ch\/blog\/2012\/12\/21\/purcell-et-une-histoire-brutale\/"},"modified":"2024-07-01T14:50:03","modified_gmt":"2024-07-01T12:50:03","slug":"purcell-et-une-histoire-brutale","status":"publish","type":"post","link":"https:\/\/www.revuemusicale.ch\/it\/critiques\/disques\/2012\/12\/purcell-et-une-histoire-brutale","title":{"rendered":"Purcell e una storia brutale"},"content":{"rendered":"<div class=\"text-section\">\n<figure id=\"attachment_30583\" aria-describedby=\"caption-attachment-30583\" style=\"width: 768px\" class=\"wp-caption alignleft\"><img loading=\"lazy\" decoding=\"async\" class=\"wp-image-30583 size-large\" src=\"https:\/\/www.revuemusicale.ch\/wp-content\/uploads\/2012\/12\/probe-holloway-1024x768.jpg\" alt=\"\" width=\"768\" height=\"576\" srcset=\"https:\/\/www.revuemusicale.ch\/wp-content\/uploads\/2012\/12\/probe-holloway-1024x768.jpg 1024w, https:\/\/www.revuemusicale.ch\/wp-content\/uploads\/2012\/12\/probe-holloway-300x225.jpg 300w, https:\/\/www.revuemusicale.ch\/wp-content\/uploads\/2012\/12\/probe-holloway-768x576.jpg 768w, https:\/\/www.revuemusicale.ch\/wp-content\/uploads\/2012\/12\/probe-holloway-1536x1152.jpg 1536w, https:\/\/www.revuemusicale.ch\/wp-content\/uploads\/2012\/12\/probe-holloway-2048x1536.jpg 2048w, https:\/\/www.revuemusicale.ch\/wp-content\/uploads\/2012\/12\/probe-holloway-16x12.jpg 16w, https:\/\/www.revuemusicale.ch\/wp-content\/uploads\/2012\/12\/probe-holloway-233x175.jpg 233w, https:\/\/www.revuemusicale.ch\/wp-content\/uploads\/2012\/12\/probe-holloway-467x350.jpg 467w, https:\/\/www.revuemusicale.ch\/wp-content\/uploads\/2012\/12\/probe-holloway-1067x800.jpg 1067w, https:\/\/www.revuemusicale.ch\/wp-content\/uploads\/2012\/12\/probe-holloway-920x690.jpg 920w, https:\/\/www.revuemusicale.ch\/wp-content\/uploads\/2012\/12\/probe-holloway-1400x1050.jpg 1400w, https:\/\/www.revuemusicale.ch\/wp-content\/uploads\/2012\/12\/probe-holloway.jpg 1333w\" sizes=\"auto, (max-width: 768px) 100vw, 768px\" \/><figcaption id=\"caption-attachment-30583\" class=\"wp-caption-text\">Orchestre le phoenix con John Holloway. Foto: DR<\/figcaption><\/figure>\n<p>Questa pubblicazione apre il sipario su una serie di brani poco conosciuti della musica incidentale di Purcell, con l'eccezione del celebre <em>Rondeau<\/em> da<em>Abdelazer<\/em>suonata qui in modo un po' frettoloso nella sua versione originale. Britten l'ha resa popolare nelle sue Variazioni e Fuga su un tema di Purcell (<em>Guida dei giovani all'orchestra<\/em>opus 34), la fonte del tema \u00e8 indicata nel titolo; il libretto, invece, insinua che Britten abbia preso il merito della composizione dal suo illustre predecessore, il che \u00e8 chiaramente sbagliato!<br \/>\nLa scena si apre con la continuazione di <em>Doppio mazziere,<\/em> e siamo subito sedotti dalla freschezza del suono, dall'energia danzante e dai contrasti cesellati dei giovani musicisti barocchi dell'Orchester Le Ph\u00e9nix. L'entusiasmo a volte prende il sopravvento sul fiato e gli esecutori non hanno ancora raggiunto l'articolazione meticolosa e la precisione affilata dei pi\u00f9 prestigiosi ensemble internazionali. Tuttavia, evitano qualsiasi tendenza a esagerare o a dare lezioni di autenticit\u00e0! La lusinghiera registrazione sonora, nella generosa acustica della chiesa del castello di Gr\u00fcningen, favorisce i primi violini e i bassi a svantaggio delle voci interne, il che riduce la chiarezza degli alti e dei secondi violini e impedisce di apprezzare appieno il dialogo inventivo del compositore-organista alla fine della sua breve vita a Westminster.<\/p>\n<p>L'ingresso dei narratori in <em>Abdelazer<\/em> (in tedesco sul CD1 e in inglese sul CD2) \u00e8 uno shock spiacevole! Non c'\u00e8 una prospettiva coerente con l'evento musicale e la vicinanza delle voci. L'atmosfera creata dai musicisti viene ogni volta rovinata da questi interventi quasi radiofonici. Inoltre, l'inglese soffre di una modernizzazione intimista dei testi di Aphra Behn (contemporanea di Purcell), simile alle banali traduzioni bibliche in voga nel secolo scorso, che sottolinea la contraddizione con l'autenticit\u00e0 degli strumenti antichi. La traduzione tedesca \u00e8 un po' meno fastidiosa. In ogni caso, la storia improbabile e brutale della tragedia di Abdelazer, con una serie di omicidi degni di Agatha Christie, \u00e8 divertente, ma va ascoltata una sola volta! L'idea di questa libera rievocazione pu\u00f2 essere interessante, ma i passaggi musicali scelti non sono sempre convincenti e l'ultima traccia finisce in una vera e propria coda di pesce. Purtroppo i testi sono difficili da rimuovere perch\u00e9 integrati nei brani in modo piuttosto casuale, per cui sarebbe pi\u00f9 che auspicabile un terzo CD dedicato esclusivamente alle performance dei giovani e comunicativi musicisti dell'Orchester Le Ph\u00e9nix.<\/p>\n<div class=\"text-section\">\n<dl class=\"picture media photo\">\n<dt><img decoding=\"async\" class=\"media photo aligncenter\" src=\"https:\/\/www.revuemusicale.ch\/wp-content\/uploads\/2023\/01\/Cover_Abdelazer_klein.jpg\" alt=\"Image \" \/><\/dt>\n<\/dl>\n<\/div>\n<p><em>Abdelazer. Suites di Henry Purcell dopo la tragedia di Aphra Behn. Orchester le Ph\u00e9nix. John Holloway, testo inglese; Linard Bardill, testo tedesco. Coviello Classics COV 21202 <\/em><\/p>\n<\/div>","protected":false},"excerpt":{"rendered":"<p><strong>Nel CD \"Abdelazer\", le esibizioni dell'Orchester Le Ph\u00e9nix sono intervallate dal racconto di una tragedia di Aphra Behn. <\/strong><\/p>","protected":false},"author":1,"featured_media":30583,"comment_status":"closed","ping_status":"closed","sticky":false,"template":"","format":"standard","meta":{"_acf_changed":false,"_relevanssi_hide_post":"","_relevanssi_hide_content":"","_relevanssi_pin_for_all":"","_relevanssi_pin_keywords":"","_relevanssi_unpin_keywords":"","_relevanssi_related_keywords":"","_relevanssi_related_include_ids":"","_relevanssi_related_exclude_ids":"","_relevanssi_related_no_append":"","_relevanssi_related_not_related":"","_relevanssi_related_posts":"","_relevanssi_noindex_reason":"","pgc_sgb_lightbox_settings":"","footnotes":""},"categories":[1614,1615],"tags":[],"class_list":["post-22875","post","type-post","status-publish","format-standard","has-post-thumbnail","hentry","category-critiques","category-disques"],"acf":[],"yoast_head":"<!-- This site is optimized with the Yoast SEO plugin v27.3 - https:\/\/yoast.com\/product\/yoast-seo-wordpress\/ -->\n<title>Purcell et une histoire brutale - Revue Musicale Suisse<\/title>\n<meta name=\"robots\" content=\"index, follow, max-snippet:-1, max-image-preview:large, max-video-preview:-1\" \/>\n<link rel=\"canonical\" href=\"https:\/\/www.revuemusicale.ch\/it\/critiques\/disques\/2012\/12\/purcell-et-une-histoire-brutale\/\" \/>\n<meta property=\"og:locale\" content=\"it_IT\" \/>\n<meta property=\"og:type\" content=\"article\" \/>\n<meta property=\"og:title\" content=\"Purcell et une histoire brutale - Revue Musicale Suisse\" \/>\n<meta property=\"og:description\" content=\"Sur le CD \u00abAbdelazer\u00bb les interpr\u00e9tations de l&#039;Orchester Le Ph\u00e9nix sont interompu par le r\u00e9cit d&#039;une trag\u00e9die d&#039;Aphra Behn.\" \/>\n<meta property=\"og:url\" content=\"https:\/\/www.revuemusicale.ch\/it\/critiques\/disques\/2012\/12\/purcell-et-une-histoire-brutale\/\" \/>\n<meta property=\"og:site_name\" content=\"Revue Musicale Suisse\" \/>\n<meta property=\"article:publisher\" content=\"https:\/\/www.facebook.com\/SchweizerMusikzeitung\/\" \/>\n<meta property=\"article:published_time\" content=\"2012-12-20T23:00:00+00:00\" \/>\n<meta property=\"article:modified_time\" content=\"2024-07-01T12:50:03+00:00\" \/>\n<meta property=\"og:image\" content=\"https:\/\/www.revuemusicale.ch\/wp-content\/uploads\/2012\/12\/probe-holloway.jpg\" \/>\n\t<meta property=\"og:image:width\" content=\"1333\" \/>\n\t<meta property=\"og:image:height\" content=\"1000\" \/>\n\t<meta property=\"og:image:type\" content=\"image\/jpeg\" \/>\n<meta name=\"author\" content=\"Musikzeitung-Redaktion\" \/>\n<meta name=\"twitter:card\" content=\"summary_large_image\" \/>\n<meta name=\"twitter:creator\" content=\"@smusikzeitung\" \/>\n<meta name=\"twitter:site\" content=\"@smusikzeitung\" \/>\n<meta name=\"twitter:label1\" content=\"Scritto da\" \/>\n\t<meta name=\"twitter:data1\" content=\"Musikzeitung-Redaktion\" \/>\n\t<meta name=\"twitter:label2\" content=\"Tempo di lettura stimato\" \/>\n\t<meta name=\"twitter:data2\" content=\"3 minuti\" \/>\n<script type=\"application\/ld+json\" class=\"yoast-schema-graph\">{\"@context\":\"https:\\\/\\\/schema.org\",\"@graph\":[{\"@type\":\"Article\",\"@id\":\"https:\\\/\\\/www.revuemusicale.ch\\\/critiques\\\/disques\\\/2012\\\/12\\\/purcell-et-une-histoire-brutale#article\",\"isPartOf\":{\"@id\":\"https:\\\/\\\/www.revuemusicale.ch\\\/critiques\\\/disques\\\/2012\\\/12\\\/purcell-et-une-histoire-brutale\"},\"author\":{\"name\":\"Musikzeitung-Redaktion\",\"@id\":\"https:\\\/\\\/www.revuemusicale.ch\\\/#\\\/schema\\\/person\\\/b2fd892c800856270b9dcc6001265712\"},\"headline\":\"Purcell et une histoire brutale\",\"datePublished\":\"2012-12-20T23:00:00+00:00\",\"dateModified\":\"2024-07-01T12:50:03+00:00\",\"mainEntityOfPage\":{\"@id\":\"https:\\\/\\\/www.revuemusicale.ch\\\/critiques\\\/disques\\\/2012\\\/12\\\/purcell-et-une-histoire-brutale\"},\"wordCount\":508,\"publisher\":{\"@id\":\"https:\\\/\\\/www.revuemusicale.ch\\\/#organization\"},\"image\":{\"@id\":\"https:\\\/\\\/www.revuemusicale.ch\\\/critiques\\\/disques\\\/2012\\\/12\\\/purcell-et-une-histoire-brutale#primaryimage\"},\"thumbnailUrl\":\"https:\\\/\\\/www.revuemusicale.ch\\\/wp-content\\\/uploads\\\/2012\\\/12\\\/probe-holloway.jpg\",\"articleSection\":[\"Critiques\",\"Disques\"],\"inLanguage\":\"it-IT\"},{\"@type\":\"WebPage\",\"@id\":\"https:\\\/\\\/www.revuemusicale.ch\\\/critiques\\\/disques\\\/2012\\\/12\\\/purcell-et-une-histoire-brutale\",\"url\":\"https:\\\/\\\/www.revuemusicale.ch\\\/critiques\\\/disques\\\/2012\\\/12\\\/purcell-et-une-histoire-brutale\",\"name\":\"Purcell et une histoire brutale - Revue Musicale Suisse\",\"isPartOf\":{\"@id\":\"https:\\\/\\\/www.revuemusicale.ch\\\/#website\"},\"primaryImageOfPage\":{\"@id\":\"https:\\\/\\\/www.revuemusicale.ch\\\/critiques\\\/disques\\\/2012\\\/12\\\/purcell-et-une-histoire-brutale#primaryimage\"},\"image\":{\"@id\":\"https:\\\/\\\/www.revuemusicale.ch\\\/critiques\\\/disques\\\/2012\\\/12\\\/purcell-et-une-histoire-brutale#primaryimage\"},\"thumbnailUrl\":\"https:\\\/\\\/www.revuemusicale.ch\\\/wp-content\\\/uploads\\\/2012\\\/12\\\/probe-holloway.jpg\",\"datePublished\":\"2012-12-20T23:00:00+00:00\",\"dateModified\":\"2024-07-01T12:50:03+00:00\",\"breadcrumb\":{\"@id\":\"https:\\\/\\\/www.revuemusicale.ch\\\/critiques\\\/disques\\\/2012\\\/12\\\/purcell-et-une-histoire-brutale#breadcrumb\"},\"inLanguage\":\"it-IT\",\"potentialAction\":[{\"@type\":\"ReadAction\",\"target\":[\"https:\\\/\\\/www.revuemusicale.ch\\\/critiques\\\/disques\\\/2012\\\/12\\\/purcell-et-une-histoire-brutale\"]}]},{\"@type\":\"ImageObject\",\"inLanguage\":\"it-IT\",\"@id\":\"https:\\\/\\\/www.revuemusicale.ch\\\/critiques\\\/disques\\\/2012\\\/12\\\/purcell-et-une-histoire-brutale#primaryimage\",\"url\":\"https:\\\/\\\/www.revuemusicale.ch\\\/wp-content\\\/uploads\\\/2012\\\/12\\\/probe-holloway.jpg\",\"contentUrl\":\"https:\\\/\\\/www.revuemusicale.ch\\\/wp-content\\\/uploads\\\/2012\\\/12\\\/probe-holloway.jpg\",\"width\":1333,\"height\":1000},{\"@type\":\"BreadcrumbList\",\"@id\":\"https:\\\/\\\/www.revuemusicale.ch\\\/critiques\\\/disques\\\/2012\\\/12\\\/purcell-et-une-histoire-brutale#breadcrumb\",\"itemListElement\":[{\"@type\":\"ListItem\",\"position\":1,\"name\":\"Home\",\"item\":\"https:\\\/\\\/www.revuemusicale.ch\\\/\"},{\"@type\":\"ListItem\",\"position\":2,\"name\":\"Purcell et une histoire brutale\"}]},{\"@type\":\"WebSite\",\"@id\":\"https:\\\/\\\/www.revuemusicale.ch\\\/#website\",\"url\":\"https:\\\/\\\/www.revuemusicale.ch\\\/\",\"name\":\"Revue Musicale Suisse\",\"description\":\"\",\"publisher\":{\"@id\":\"https:\\\/\\\/www.revuemusicale.ch\\\/#organization\"},\"potentialAction\":[{\"@type\":\"SearchAction\",\"target\":{\"@type\":\"EntryPoint\",\"urlTemplate\":\"https:\\\/\\\/www.revuemusicale.ch\\\/?s={search_term_string}\"},\"query-input\":{\"@type\":\"PropertyValueSpecification\",\"valueRequired\":true,\"valueName\":\"search_term_string\"}}],\"inLanguage\":\"it-IT\"},{\"@type\":\"Organization\",\"@id\":\"https:\\\/\\\/www.revuemusicale.ch\\\/#organization\",\"name\":\"Revue Musicale Suisse\",\"url\":\"https:\\\/\\\/www.revuemusicale.ch\\\/\",\"logo\":{\"@type\":\"ImageObject\",\"inLanguage\":\"it-IT\",\"@id\":\"https:\\\/\\\/www.revuemusicale.ch\\\/#\\\/schema\\\/logo\\\/image\\\/\",\"url\":\"https:\\\/\\\/www.revuemusicale.ch\\\/wp-content\\\/uploads\\\/2023\\\/01\\\/logo_revuemusicale_musikzeitung.jpg\",\"contentUrl\":\"https:\\\/\\\/www.revuemusicale.ch\\\/wp-content\\\/uploads\\\/2023\\\/01\\\/logo_revuemusicale_musikzeitung.jpg\",\"width\":1200,\"height\":243,\"caption\":\"Revue Musicale Suisse\"},\"image\":{\"@id\":\"https:\\\/\\\/www.revuemusicale.ch\\\/#\\\/schema\\\/logo\\\/image\\\/\"},\"sameAs\":[\"https:\\\/\\\/www.facebook.com\\\/SchweizerMusikzeitung\\\/\",\"https:\\\/\\\/x.com\\\/smusikzeitung\",\"https:\\\/\\\/www.instagram.com\\\/musikzeitung.ch\\\/?hl=de\"]},{\"@type\":\"Person\",\"@id\":\"https:\\\/\\\/www.revuemusicale.ch\\\/#\\\/schema\\\/person\\\/b2fd892c800856270b9dcc6001265712\",\"name\":\"Musikzeitung-Redaktion\",\"image\":{\"@type\":\"ImageObject\",\"inLanguage\":\"it-IT\",\"@id\":\"https:\\\/\\\/secure.gravatar.com\\\/avatar\\\/0c7e6a405862e402eb76a70f8a26fc732d07c32931e9fae9ab1582911d2e8a3b?s=96&d=mm&r=g\",\"url\":\"https:\\\/\\\/secure.gravatar.com\\\/avatar\\\/0c7e6a405862e402eb76a70f8a26fc732d07c32931e9fae9ab1582911d2e8a3b?s=96&d=mm&r=g\",\"contentUrl\":\"https:\\\/\\\/secure.gravatar.com\\\/avatar\\\/0c7e6a405862e402eb76a70f8a26fc732d07c32931e9fae9ab1582911d2e8a3b?s=96&d=mm&r=g\",\"caption\":\"Musikzeitung-Redaktion\"},\"sameAs\":[\"http:\\\/\\\/wundo-docker.io\"],\"url\":\"https:\\\/\\\/www.revuemusicale.ch\\\/it\\\/author\\\/admin\"}]}<\/script>\n<!-- \/ Yoast SEO plugin. -->","yoast_head_json":{"title":"Purcell et une histoire brutale - Revue Musicale Suisse","robots":{"index":"index","follow":"follow","max-snippet":"max-snippet:-1","max-image-preview":"max-image-preview:large","max-video-preview":"max-video-preview:-1"},"canonical":"https:\/\/www.revuemusicale.ch\/it\/critiques\/disques\/2012\/12\/purcell-et-une-histoire-brutale\/","og_locale":"it_IT","og_type":"article","og_title":"Purcell et une histoire brutale - Revue Musicale Suisse","og_description":"Sur le CD \u00abAbdelazer\u00bb les interpr\u00e9tations de l'Orchester Le Ph\u00e9nix sont interompu par le r\u00e9cit d'une trag\u00e9die d'Aphra Behn.","og_url":"https:\/\/www.revuemusicale.ch\/it\/critiques\/disques\/2012\/12\/purcell-et-une-histoire-brutale\/","og_site_name":"Revue Musicale Suisse","article_publisher":"https:\/\/www.facebook.com\/SchweizerMusikzeitung\/","article_published_time":"2012-12-20T23:00:00+00:00","article_modified_time":"2024-07-01T12:50:03+00:00","og_image":[{"width":1333,"height":1000,"url":"https:\/\/www.revuemusicale.ch\/wp-content\/uploads\/2012\/12\/probe-holloway.jpg","type":"image\/jpeg"}],"author":"Musikzeitung-Redaktion","twitter_card":"summary_large_image","twitter_creator":"@smusikzeitung","twitter_site":"@smusikzeitung","twitter_misc":{"Scritto da":"Musikzeitung-Redaktion","Tempo di lettura stimato":"3 minuti"},"schema":{"@context":"https:\/\/schema.org","@graph":[{"@type":"Article","@id":"https:\/\/www.revuemusicale.ch\/critiques\/disques\/2012\/12\/purcell-et-une-histoire-brutale#article","isPartOf":{"@id":"https:\/\/www.revuemusicale.ch\/critiques\/disques\/2012\/12\/purcell-et-une-histoire-brutale"},"author":{"name":"Musikzeitung-Redaktion","@id":"https:\/\/www.revuemusicale.ch\/#\/schema\/person\/b2fd892c800856270b9dcc6001265712"},"headline":"Purcell et une histoire brutale","datePublished":"2012-12-20T23:00:00+00:00","dateModified":"2024-07-01T12:50:03+00:00","mainEntityOfPage":{"@id":"https:\/\/www.revuemusicale.ch\/critiques\/disques\/2012\/12\/purcell-et-une-histoire-brutale"},"wordCount":508,"publisher":{"@id":"https:\/\/www.revuemusicale.ch\/#organization"},"image":{"@id":"https:\/\/www.revuemusicale.ch\/critiques\/disques\/2012\/12\/purcell-et-une-histoire-brutale#primaryimage"},"thumbnailUrl":"https:\/\/www.revuemusicale.ch\/wp-content\/uploads\/2012\/12\/probe-holloway.jpg","articleSection":["Critiques","Disques"],"inLanguage":"it-IT"},{"@type":"WebPage","@id":"https:\/\/www.revuemusicale.ch\/critiques\/disques\/2012\/12\/purcell-et-une-histoire-brutale","url":"https:\/\/www.revuemusicale.ch\/critiques\/disques\/2012\/12\/purcell-et-une-histoire-brutale","name":"Purcell et une histoire brutale - Revue Musicale Suisse","isPartOf":{"@id":"https:\/\/www.revuemusicale.ch\/#website"},"primaryImageOfPage":{"@id":"https:\/\/www.revuemusicale.ch\/critiques\/disques\/2012\/12\/purcell-et-une-histoire-brutale#primaryimage"},"image":{"@id":"https:\/\/www.revuemusicale.ch\/critiques\/disques\/2012\/12\/purcell-et-une-histoire-brutale#primaryimage"},"thumbnailUrl":"https:\/\/www.revuemusicale.ch\/wp-content\/uploads\/2012\/12\/probe-holloway.jpg","datePublished":"2012-12-20T23:00:00+00:00","dateModified":"2024-07-01T12:50:03+00:00","breadcrumb":{"@id":"https:\/\/www.revuemusicale.ch\/critiques\/disques\/2012\/12\/purcell-et-une-histoire-brutale#breadcrumb"},"inLanguage":"it-IT","potentialAction":[{"@type":"ReadAction","target":["https:\/\/www.revuemusicale.ch\/critiques\/disques\/2012\/12\/purcell-et-une-histoire-brutale"]}]},{"@type":"ImageObject","inLanguage":"it-IT","@id":"https:\/\/www.revuemusicale.ch\/critiques\/disques\/2012\/12\/purcell-et-une-histoire-brutale#primaryimage","url":"https:\/\/www.revuemusicale.ch\/wp-content\/uploads\/2012\/12\/probe-holloway.jpg","contentUrl":"https:\/\/www.revuemusicale.ch\/wp-content\/uploads\/2012\/12\/probe-holloway.jpg","width":1333,"height":1000},{"@type":"BreadcrumbList","@id":"https:\/\/www.revuemusicale.ch\/critiques\/disques\/2012\/12\/purcell-et-une-histoire-brutale#breadcrumb","itemListElement":[{"@type":"ListItem","position":1,"name":"Home","item":"https:\/\/www.revuemusicale.ch\/"},{"@type":"ListItem","position":2,"name":"Purcell et une histoire brutale"}]},{"@type":"WebSite","@id":"https:\/\/www.revuemusicale.ch\/#website","url":"https:\/\/www.revuemusicale.ch\/","name":"Rassegna musicale svizzera","description":"","publisher":{"@id":"https:\/\/www.revuemusicale.ch\/#organization"},"potentialAction":[{"@type":"SearchAction","target":{"@type":"EntryPoint","urlTemplate":"https:\/\/www.revuemusicale.ch\/?s={search_term_string}"},"query-input":{"@type":"PropertyValueSpecification","valueRequired":true,"valueName":"search_term_string"}}],"inLanguage":"it-IT"},{"@type":"Organization","@id":"https:\/\/www.revuemusicale.ch\/#organization","name":"Rassegna musicale svizzera","url":"https:\/\/www.revuemusicale.ch\/","logo":{"@type":"ImageObject","inLanguage":"it-IT","@id":"https:\/\/www.revuemusicale.ch\/#\/schema\/logo\/image\/","url":"https:\/\/www.revuemusicale.ch\/wp-content\/uploads\/2023\/01\/logo_revuemusicale_musikzeitung.jpg","contentUrl":"https:\/\/www.revuemusicale.ch\/wp-content\/uploads\/2023\/01\/logo_revuemusicale_musikzeitung.jpg","width":1200,"height":243,"caption":"Revue Musicale Suisse"},"image":{"@id":"https:\/\/www.revuemusicale.ch\/#\/schema\/logo\/image\/"},"sameAs":["https:\/\/www.facebook.com\/SchweizerMusikzeitung\/","https:\/\/x.com\/smusikzeitung","https:\/\/www.instagram.com\/musikzeitung.ch\/?hl=de"]},{"@type":"Person","@id":"https:\/\/www.revuemusicale.ch\/#\/schema\/person\/b2fd892c800856270b9dcc6001265712","name":"Musikzeitung-Redaktion","image":{"@type":"ImageObject","inLanguage":"it-IT","@id":"https:\/\/secure.gravatar.com\/avatar\/0c7e6a405862e402eb76a70f8a26fc732d07c32931e9fae9ab1582911d2e8a3b?s=96&d=mm&r=g","url":"https:\/\/secure.gravatar.com\/avatar\/0c7e6a405862e402eb76a70f8a26fc732d07c32931e9fae9ab1582911d2e8a3b?s=96&d=mm&r=g","contentUrl":"https:\/\/secure.gravatar.com\/avatar\/0c7e6a405862e402eb76a70f8a26fc732d07c32931e9fae9ab1582911d2e8a3b?s=96&d=mm&r=g","caption":"Musikzeitung-Redaktion"},"sameAs":["http:\/\/wundo-docker.io"],"url":"https:\/\/www.revuemusicale.ch\/it\/author\/admin"}]}},"publishpress_future_action":{"enabled":false,"date":"1970-01-01 01:00:00","action":"change-status","newStatus":"draft","terms":[],"taxonomy":"category","extraData":[]},"publishpress_future_workflow_manual_trigger":{"enabledWorkflows":[]},"_links":{"self":[{"href":"https:\/\/www.revuemusicale.ch\/it\/wp-json\/wp\/v2\/posts\/22875","targetHints":{"allow":["GET"]}}],"collection":[{"href":"https:\/\/www.revuemusicale.ch\/it\/wp-json\/wp\/v2\/posts"}],"about":[{"href":"https:\/\/www.revuemusicale.ch\/it\/wp-json\/wp\/v2\/types\/post"}],"author":[{"embeddable":true,"href":"https:\/\/www.revuemusicale.ch\/it\/wp-json\/wp\/v2\/users\/1"}],"replies":[{"embeddable":true,"href":"https:\/\/www.revuemusicale.ch\/it\/wp-json\/wp\/v2\/comments?post=22875"}],"version-history":[{"count":3,"href":"https:\/\/www.revuemusicale.ch\/it\/wp-json\/wp\/v2\/posts\/22875\/revisions"}],"predecessor-version":[{"id":30584,"href":"https:\/\/www.revuemusicale.ch\/it\/wp-json\/wp\/v2\/posts\/22875\/revisions\/30584"}],"wp:featuredmedia":[{"embeddable":true,"href":"https:\/\/www.revuemusicale.ch\/it\/wp-json\/wp\/v2\/media\/30583"}],"wp:attachment":[{"href":"https:\/\/www.revuemusicale.ch\/it\/wp-json\/wp\/v2\/media?parent=22875"}],"wp:term":[{"taxonomy":"category","embeddable":true,"href":"https:\/\/www.revuemusicale.ch\/it\/wp-json\/wp\/v2\/categories?post=22875"},{"taxonomy":"post_tag","embeddable":true,"href":"https:\/\/www.revuemusicale.ch\/it\/wp-json\/wp\/v2\/tags?post=22875"}],"curies":[{"name":"wp","href":"https:\/\/api.w.org\/{rel}","templated":true}]}}