{"id":22879,"date":"2013-03-04T00:00:00","date_gmt":"2013-03-03T23:00:00","guid":{"rendered":"https:\/\/www.revuemusicale.ch\/blog\/2013\/03\/04\/regard-leger-sur-des-sujets-qui-ne-le-sont-pas\/"},"modified":"2024-07-01T14:33:14","modified_gmt":"2024-07-01T12:33:14","slug":"regard-leger-sur-des-sujets-qui-ne-le-sont-pas","status":"publish","type":"post","link":"https:\/\/www.revuemusicale.ch\/it\/critiques\/disques\/2013\/03\/regard-leger-sur-des-sujets-qui-ne-le-sont-pas","title":{"rendered":"Uno sguardo scanzonato su argomenti che non sono cos\u00ec scanzonati"},"content":{"rendered":"<figure id=\"attachment_30575\" aria-describedby=\"caption-attachment-30575\" style=\"width: 1945px\" class=\"wp-caption alignnone\"><img loading=\"lazy\" decoding=\"async\" class=\"wp-image-30575 size-full\" src=\"https:\/\/www.revuemusicale.ch\/wp-content\/uploads\/2013\/03\/felicien_lia_2.jpg\" alt=\"\" width=\"1945\" height=\"1345\" srcset=\"https:\/\/www.revuemusicale.ch\/wp-content\/uploads\/2013\/03\/felicien_lia_2.jpg 1400w, https:\/\/www.revuemusicale.ch\/wp-content\/uploads\/2013\/03\/felicien_lia_2-300x207.jpg 300w, https:\/\/www.revuemusicale.ch\/wp-content\/uploads\/2013\/03\/felicien_lia_2-1024x708.jpg 1024w, https:\/\/www.revuemusicale.ch\/wp-content\/uploads\/2013\/03\/felicien_lia_2-768x531.jpg 768w, https:\/\/www.revuemusicale.ch\/wp-content\/uploads\/2013\/03\/felicien_lia_2-1536x1062.jpg 1536w, https:\/\/www.revuemusicale.ch\/wp-content\/uploads\/2013\/03\/felicien_lia_2-18x12.jpg 18w, https:\/\/www.revuemusicale.ch\/wp-content\/uploads\/2013\/03\/felicien_lia_2-253x175.jpg 253w, https:\/\/www.revuemusicale.ch\/wp-content\/uploads\/2013\/03\/felicien_lia_2-506x350.jpg 506w, https:\/\/www.revuemusicale.ch\/wp-content\/uploads\/2013\/03\/felicien_lia_2-1157x800.jpg 1157w, https:\/\/www.revuemusicale.ch\/wp-content\/uploads\/2013\/03\/felicien_lia_2-920x636.jpg 920w\" sizes=\"auto, (max-width: 1945px) 100vw, 1945px\" \/><figcaption id=\"caption-attachment-30575\" class=\"wp-caption-text\">F\u00e9licien Lia. Foto : Mehdi Benkler<\/figcaption><\/figure>\n<p>Francamente rock,<em> Asfalto <\/em>rende pienamente giustizia all'energia del giovane cantautore, che per l'occasione si \u00e8 circondato di una band creativa ed efficace. Il risultato \u00e8 un lavoro coerente, con arrangiamenti e suoni di alta qualit\u00e0 che creano l'atmosfera di un album poetico e dinamico.<\/p>\n<p>Nonostante alcune sfumature quasi ingenue, che flirtano con visioni utopiche di un ideale di mondo da sogno, non si pu\u00f2 accusare la materia di essere vuota. Con una poesia che riesce a far brillare alcune amare osservazioni sulla natura umana e sulla societ\u00e0, LiA non sta militando, sta semplicemente gettando uno sguardo scanzonato su argomenti che, alla fine, tanto scanzonati non sono, facendoci ingoiare la pillola con una sensibilit\u00e0 aggraziata che si rivela lentamente dietro l'apparenza ribelle. I testi meritano diversi ascolti, rivelando il loro fascino solo gradualmente.<\/p>\n<p>Uno dei progetti rock pi\u00f9 interessanti del momento sulla scena svizzera francofona, gli Asphalte ci mandano roba pesante, con sprazzi di luce nelle orecchie. Un bel punto di partenza per la carriera musicale di LiA, con tutte le caratteristiche di un futuro grande personaggio gi\u00e0 emergenti!<img decoding=\"async\" class=\"size-full aligncenter\" src=\"https:\/\/www.revuemusicale.ch\/wp-content\/uploads\/2023\/01\/REZ_res_rock_cd_Liakl.jpg\" alt=\"\" \/><br \/>\n<em>LiA: Asfalto. Distribuzione Disques Office.<\/em> <a href=\"http:\/\/www.liamusique.ch\">www.liamusique.ch<\/a><\/p>","protected":false},"excerpt":{"rendered":"<p>L'artista giurassiana LiA ha prodotto un album completo e promettente, con 10 tracce di musica attentamente studiata. <\/p>","protected":false},"author":1,"featured_media":30575,"comment_status":"closed","ping_status":"closed","sticky":false,"template":"","format":"standard","meta":{"_acf_changed":false,"_relevanssi_hide_post":"","_relevanssi_hide_content":"","_relevanssi_pin_for_all":"","_relevanssi_pin_keywords":"","_relevanssi_unpin_keywords":"","_relevanssi_related_keywords":"","_relevanssi_related_include_ids":"","_relevanssi_related_exclude_ids":"","_relevanssi_related_no_append":"","_relevanssi_related_not_related":"","_relevanssi_related_posts":"","_relevanssi_noindex_reason":"","pgc_sgb_lightbox_settings":"","footnotes":""},"categories":[1614,1615],"tags":[],"class_list":["post-22879","post","type-post","status-publish","format-standard","has-post-thumbnail","hentry","category-critiques","category-disques"],"acf":[],"yoast_head":"<!-- This site is optimized with the Yoast SEO plugin v27.3 - https:\/\/yoast.com\/product\/yoast-seo-wordpress\/ -->\n<title>Regard l\u00e9ger sur des sujets qui ne le sont pas - Revue Musicale Suisse<\/title>\n<meta name=\"robots\" content=\"index, follow, max-snippet:-1, max-image-preview:large, max-video-preview:-1\" \/>\n<link rel=\"canonical\" href=\"https:\/\/www.revuemusicale.ch\/it\/critiques\/disques\/2013\/03\/regard-leger-sur-des-sujets-qui-ne-le-sont-pas\/\" \/>\n<meta property=\"og:locale\" content=\"it_IT\" \/>\n<meta property=\"og:type\" content=\"article\" \/>\n<meta property=\"og:title\" content=\"Regard l\u00e9ger sur des sujets qui ne le sont pas - Revue Musicale Suisse\" \/>\n<meta property=\"og:description\" content=\"C\u2019est un album \u00e0 la fois abouti et prometteur que nous propose l\u2019artiste jurassien LiA, \u00e0 travers 10 morceaux r\u00e9v\u00e9lant un travail musical pos\u00e9ment r\u00e9fl\u00e9chi.\" \/>\n<meta property=\"og:url\" content=\"https:\/\/www.revuemusicale.ch\/it\/critiques\/disques\/2013\/03\/regard-leger-sur-des-sujets-qui-ne-le-sont-pas\/\" \/>\n<meta property=\"og:site_name\" content=\"Revue Musicale Suisse\" \/>\n<meta property=\"article:publisher\" content=\"https:\/\/www.facebook.com\/SchweizerMusikzeitung\/\" \/>\n<meta property=\"article:published_time\" content=\"2013-03-03T23:00:00+00:00\" \/>\n<meta property=\"article:modified_time\" content=\"2024-07-01T12:33:14+00:00\" \/>\n<meta property=\"og:image\" content=\"https:\/\/www.revuemusicale.ch\/wp-content\/uploads\/2013\/03\/felicien_lia_2.jpg\" \/>\n\t<meta property=\"og:image:width\" content=\"1400\" \/>\n\t<meta property=\"og:image:height\" content=\"968\" \/>\n\t<meta property=\"og:image:type\" content=\"image\/jpeg\" \/>\n<meta name=\"author\" content=\"Musikzeitung-Redaktion\" \/>\n<meta name=\"twitter:card\" content=\"summary_large_image\" \/>\n<meta name=\"twitter:creator\" content=\"@smusikzeitung\" \/>\n<meta name=\"twitter:site\" content=\"@smusikzeitung\" \/>\n<meta name=\"twitter:label1\" content=\"Scritto da\" \/>\n\t<meta name=\"twitter:data1\" content=\"Musikzeitung-Redaktion\" \/>\n\t<meta name=\"twitter:label2\" content=\"Tempo di lettura stimato\" \/>\n\t<meta name=\"twitter:data2\" content=\"1 minuto\" \/>\n<script type=\"application\/ld+json\" class=\"yoast-schema-graph\">{\"@context\":\"https:\\\/\\\/schema.org\",\"@graph\":[{\"@type\":\"Article\",\"@id\":\"https:\\\/\\\/www.revuemusicale.ch\\\/critiques\\\/disques\\\/2013\\\/03\\\/regard-leger-sur-des-sujets-qui-ne-le-sont-pas#article\",\"isPartOf\":{\"@id\":\"https:\\\/\\\/www.revuemusicale.ch\\\/critiques\\\/disques\\\/2013\\\/03\\\/regard-leger-sur-des-sujets-qui-ne-le-sont-pas\"},\"author\":{\"name\":\"Musikzeitung-Redaktion\",\"@id\":\"https:\\\/\\\/www.revuemusicale.ch\\\/#\\\/schema\\\/person\\\/b2fd892c800856270b9dcc6001265712\"},\"headline\":\"Regard l\u00e9ger sur des sujets qui ne le sont pas\",\"datePublished\":\"2013-03-03T23:00:00+00:00\",\"dateModified\":\"2024-07-01T12:33:14+00:00\",\"mainEntityOfPage\":{\"@id\":\"https:\\\/\\\/www.revuemusicale.ch\\\/critiques\\\/disques\\\/2013\\\/03\\\/regard-leger-sur-des-sujets-qui-ne-le-sont-pas\"},\"wordCount\":265,\"publisher\":{\"@id\":\"https:\\\/\\\/www.revuemusicale.ch\\\/#organization\"},\"image\":{\"@id\":\"https:\\\/\\\/www.revuemusicale.ch\\\/critiques\\\/disques\\\/2013\\\/03\\\/regard-leger-sur-des-sujets-qui-ne-le-sont-pas#primaryimage\"},\"thumbnailUrl\":\"https:\\\/\\\/www.revuemusicale.ch\\\/wp-content\\\/uploads\\\/2013\\\/03\\\/felicien_lia_2.jpg\",\"articleSection\":[\"Critiques\",\"Disques\"],\"inLanguage\":\"it-IT\"},{\"@type\":\"WebPage\",\"@id\":\"https:\\\/\\\/www.revuemusicale.ch\\\/critiques\\\/disques\\\/2013\\\/03\\\/regard-leger-sur-des-sujets-qui-ne-le-sont-pas\",\"url\":\"https:\\\/\\\/www.revuemusicale.ch\\\/critiques\\\/disques\\\/2013\\\/03\\\/regard-leger-sur-des-sujets-qui-ne-le-sont-pas\",\"name\":\"Regard l\u00e9ger sur des sujets qui ne le sont pas - Revue Musicale Suisse\",\"isPartOf\":{\"@id\":\"https:\\\/\\\/www.revuemusicale.ch\\\/#website\"},\"primaryImageOfPage\":{\"@id\":\"https:\\\/\\\/www.revuemusicale.ch\\\/critiques\\\/disques\\\/2013\\\/03\\\/regard-leger-sur-des-sujets-qui-ne-le-sont-pas#primaryimage\"},\"image\":{\"@id\":\"https:\\\/\\\/www.revuemusicale.ch\\\/critiques\\\/disques\\\/2013\\\/03\\\/regard-leger-sur-des-sujets-qui-ne-le-sont-pas#primaryimage\"},\"thumbnailUrl\":\"https:\\\/\\\/www.revuemusicale.ch\\\/wp-content\\\/uploads\\\/2013\\\/03\\\/felicien_lia_2.jpg\",\"datePublished\":\"2013-03-03T23:00:00+00:00\",\"dateModified\":\"2024-07-01T12:33:14+00:00\",\"breadcrumb\":{\"@id\":\"https:\\\/\\\/www.revuemusicale.ch\\\/critiques\\\/disques\\\/2013\\\/03\\\/regard-leger-sur-des-sujets-qui-ne-le-sont-pas#breadcrumb\"},\"inLanguage\":\"it-IT\",\"potentialAction\":[{\"@type\":\"ReadAction\",\"target\":[\"https:\\\/\\\/www.revuemusicale.ch\\\/critiques\\\/disques\\\/2013\\\/03\\\/regard-leger-sur-des-sujets-qui-ne-le-sont-pas\"]}]},{\"@type\":\"ImageObject\",\"inLanguage\":\"it-IT\",\"@id\":\"https:\\\/\\\/www.revuemusicale.ch\\\/critiques\\\/disques\\\/2013\\\/03\\\/regard-leger-sur-des-sujets-qui-ne-le-sont-pas#primaryimage\",\"url\":\"https:\\\/\\\/www.revuemusicale.ch\\\/wp-content\\\/uploads\\\/2013\\\/03\\\/felicien_lia_2.jpg\",\"contentUrl\":\"https:\\\/\\\/www.revuemusicale.ch\\\/wp-content\\\/uploads\\\/2013\\\/03\\\/felicien_lia_2.jpg\",\"width\":1400,\"height\":968},{\"@type\":\"BreadcrumbList\",\"@id\":\"https:\\\/\\\/www.revuemusicale.ch\\\/critiques\\\/disques\\\/2013\\\/03\\\/regard-leger-sur-des-sujets-qui-ne-le-sont-pas#breadcrumb\",\"itemListElement\":[{\"@type\":\"ListItem\",\"position\":1,\"name\":\"Home\",\"item\":\"https:\\\/\\\/www.revuemusicale.ch\\\/\"},{\"@type\":\"ListItem\",\"position\":2,\"name\":\"Regard l\u00e9ger sur des sujets qui ne le sont pas\"}]},{\"@type\":\"WebSite\",\"@id\":\"https:\\\/\\\/www.revuemusicale.ch\\\/#website\",\"url\":\"https:\\\/\\\/www.revuemusicale.ch\\\/\",\"name\":\"Revue Musicale Suisse\",\"description\":\"\",\"publisher\":{\"@id\":\"https:\\\/\\\/www.revuemusicale.ch\\\/#organization\"},\"potentialAction\":[{\"@type\":\"SearchAction\",\"target\":{\"@type\":\"EntryPoint\",\"urlTemplate\":\"https:\\\/\\\/www.revuemusicale.ch\\\/?s={search_term_string}\"},\"query-input\":{\"@type\":\"PropertyValueSpecification\",\"valueRequired\":true,\"valueName\":\"search_term_string\"}}],\"inLanguage\":\"it-IT\"},{\"@type\":\"Organization\",\"@id\":\"https:\\\/\\\/www.revuemusicale.ch\\\/#organization\",\"name\":\"Revue Musicale Suisse\",\"url\":\"https:\\\/\\\/www.revuemusicale.ch\\\/\",\"logo\":{\"@type\":\"ImageObject\",\"inLanguage\":\"it-IT\",\"@id\":\"https:\\\/\\\/www.revuemusicale.ch\\\/#\\\/schema\\\/logo\\\/image\\\/\",\"url\":\"https:\\\/\\\/www.revuemusicale.ch\\\/wp-content\\\/uploads\\\/2023\\\/01\\\/logo_revuemusicale_musikzeitung.jpg\",\"contentUrl\":\"https:\\\/\\\/www.revuemusicale.ch\\\/wp-content\\\/uploads\\\/2023\\\/01\\\/logo_revuemusicale_musikzeitung.jpg\",\"width\":1200,\"height\":243,\"caption\":\"Revue Musicale Suisse\"},\"image\":{\"@id\":\"https:\\\/\\\/www.revuemusicale.ch\\\/#\\\/schema\\\/logo\\\/image\\\/\"},\"sameAs\":[\"https:\\\/\\\/www.facebook.com\\\/SchweizerMusikzeitung\\\/\",\"https:\\\/\\\/x.com\\\/smusikzeitung\",\"https:\\\/\\\/www.instagram.com\\\/musikzeitung.ch\\\/?hl=de\"]},{\"@type\":\"Person\",\"@id\":\"https:\\\/\\\/www.revuemusicale.ch\\\/#\\\/schema\\\/person\\\/b2fd892c800856270b9dcc6001265712\",\"name\":\"Musikzeitung-Redaktion\",\"image\":{\"@type\":\"ImageObject\",\"inLanguage\":\"it-IT\",\"@id\":\"https:\\\/\\\/secure.gravatar.com\\\/avatar\\\/0c7e6a405862e402eb76a70f8a26fc732d07c32931e9fae9ab1582911d2e8a3b?s=96&d=mm&r=g\",\"url\":\"https:\\\/\\\/secure.gravatar.com\\\/avatar\\\/0c7e6a405862e402eb76a70f8a26fc732d07c32931e9fae9ab1582911d2e8a3b?s=96&d=mm&r=g\",\"contentUrl\":\"https:\\\/\\\/secure.gravatar.com\\\/avatar\\\/0c7e6a405862e402eb76a70f8a26fc732d07c32931e9fae9ab1582911d2e8a3b?s=96&d=mm&r=g\",\"caption\":\"Musikzeitung-Redaktion\"},\"sameAs\":[\"http:\\\/\\\/wundo-docker.io\"],\"url\":\"https:\\\/\\\/www.revuemusicale.ch\\\/it\\\/author\\\/admin\"}]}<\/script>\n<!-- \/ Yoast SEO plugin. -->","yoast_head_json":{"title":"Regard l\u00e9ger sur des sujets qui ne le sont pas - Revue Musicale Suisse","robots":{"index":"index","follow":"follow","max-snippet":"max-snippet:-1","max-image-preview":"max-image-preview:large","max-video-preview":"max-video-preview:-1"},"canonical":"https:\/\/www.revuemusicale.ch\/it\/critiques\/disques\/2013\/03\/regard-leger-sur-des-sujets-qui-ne-le-sont-pas\/","og_locale":"it_IT","og_type":"article","og_title":"Regard l\u00e9ger sur des sujets qui ne le sont pas - Revue Musicale Suisse","og_description":"C\u2019est un album \u00e0 la fois abouti et prometteur que nous propose l\u2019artiste jurassien LiA, \u00e0 travers 10 morceaux r\u00e9v\u00e9lant un travail musical pos\u00e9ment r\u00e9fl\u00e9chi.","og_url":"https:\/\/www.revuemusicale.ch\/it\/critiques\/disques\/2013\/03\/regard-leger-sur-des-sujets-qui-ne-le-sont-pas\/","og_site_name":"Revue Musicale Suisse","article_publisher":"https:\/\/www.facebook.com\/SchweizerMusikzeitung\/","article_published_time":"2013-03-03T23:00:00+00:00","article_modified_time":"2024-07-01T12:33:14+00:00","og_image":[{"width":1400,"height":968,"url":"https:\/\/www.revuemusicale.ch\/wp-content\/uploads\/2013\/03\/felicien_lia_2.jpg","type":"image\/jpeg"}],"author":"Musikzeitung-Redaktion","twitter_card":"summary_large_image","twitter_creator":"@smusikzeitung","twitter_site":"@smusikzeitung","twitter_misc":{"Scritto da":"Musikzeitung-Redaktion","Tempo di lettura stimato":"1 minuto"},"schema":{"@context":"https:\/\/schema.org","@graph":[{"@type":"Article","@id":"https:\/\/www.revuemusicale.ch\/critiques\/disques\/2013\/03\/regard-leger-sur-des-sujets-qui-ne-le-sont-pas#article","isPartOf":{"@id":"https:\/\/www.revuemusicale.ch\/critiques\/disques\/2013\/03\/regard-leger-sur-des-sujets-qui-ne-le-sont-pas"},"author":{"name":"Musikzeitung-Redaktion","@id":"https:\/\/www.revuemusicale.ch\/#\/schema\/person\/b2fd892c800856270b9dcc6001265712"},"headline":"Regard l\u00e9ger sur des sujets qui ne le sont pas","datePublished":"2013-03-03T23:00:00+00:00","dateModified":"2024-07-01T12:33:14+00:00","mainEntityOfPage":{"@id":"https:\/\/www.revuemusicale.ch\/critiques\/disques\/2013\/03\/regard-leger-sur-des-sujets-qui-ne-le-sont-pas"},"wordCount":265,"publisher":{"@id":"https:\/\/www.revuemusicale.ch\/#organization"},"image":{"@id":"https:\/\/www.revuemusicale.ch\/critiques\/disques\/2013\/03\/regard-leger-sur-des-sujets-qui-ne-le-sont-pas#primaryimage"},"thumbnailUrl":"https:\/\/www.revuemusicale.ch\/wp-content\/uploads\/2013\/03\/felicien_lia_2.jpg","articleSection":["Critiques","Disques"],"inLanguage":"it-IT"},{"@type":"WebPage","@id":"https:\/\/www.revuemusicale.ch\/critiques\/disques\/2013\/03\/regard-leger-sur-des-sujets-qui-ne-le-sont-pas","url":"https:\/\/www.revuemusicale.ch\/critiques\/disques\/2013\/03\/regard-leger-sur-des-sujets-qui-ne-le-sont-pas","name":"Regard l\u00e9ger sur des sujets qui ne le sont pas - Revue Musicale Suisse","isPartOf":{"@id":"https:\/\/www.revuemusicale.ch\/#website"},"primaryImageOfPage":{"@id":"https:\/\/www.revuemusicale.ch\/critiques\/disques\/2013\/03\/regard-leger-sur-des-sujets-qui-ne-le-sont-pas#primaryimage"},"image":{"@id":"https:\/\/www.revuemusicale.ch\/critiques\/disques\/2013\/03\/regard-leger-sur-des-sujets-qui-ne-le-sont-pas#primaryimage"},"thumbnailUrl":"https:\/\/www.revuemusicale.ch\/wp-content\/uploads\/2013\/03\/felicien_lia_2.jpg","datePublished":"2013-03-03T23:00:00+00:00","dateModified":"2024-07-01T12:33:14+00:00","breadcrumb":{"@id":"https:\/\/www.revuemusicale.ch\/critiques\/disques\/2013\/03\/regard-leger-sur-des-sujets-qui-ne-le-sont-pas#breadcrumb"},"inLanguage":"it-IT","potentialAction":[{"@type":"ReadAction","target":["https:\/\/www.revuemusicale.ch\/critiques\/disques\/2013\/03\/regard-leger-sur-des-sujets-qui-ne-le-sont-pas"]}]},{"@type":"ImageObject","inLanguage":"it-IT","@id":"https:\/\/www.revuemusicale.ch\/critiques\/disques\/2013\/03\/regard-leger-sur-des-sujets-qui-ne-le-sont-pas#primaryimage","url":"https:\/\/www.revuemusicale.ch\/wp-content\/uploads\/2013\/03\/felicien_lia_2.jpg","contentUrl":"https:\/\/www.revuemusicale.ch\/wp-content\/uploads\/2013\/03\/felicien_lia_2.jpg","width":1400,"height":968},{"@type":"BreadcrumbList","@id":"https:\/\/www.revuemusicale.ch\/critiques\/disques\/2013\/03\/regard-leger-sur-des-sujets-qui-ne-le-sont-pas#breadcrumb","itemListElement":[{"@type":"ListItem","position":1,"name":"Home","item":"https:\/\/www.revuemusicale.ch\/"},{"@type":"ListItem","position":2,"name":"Regard l\u00e9ger sur des sujets qui ne le sont pas"}]},{"@type":"WebSite","@id":"https:\/\/www.revuemusicale.ch\/#website","url":"https:\/\/www.revuemusicale.ch\/","name":"Rassegna musicale svizzera","description":"","publisher":{"@id":"https:\/\/www.revuemusicale.ch\/#organization"},"potentialAction":[{"@type":"SearchAction","target":{"@type":"EntryPoint","urlTemplate":"https:\/\/www.revuemusicale.ch\/?s={search_term_string}"},"query-input":{"@type":"PropertyValueSpecification","valueRequired":true,"valueName":"search_term_string"}}],"inLanguage":"it-IT"},{"@type":"Organization","@id":"https:\/\/www.revuemusicale.ch\/#organization","name":"Rassegna musicale svizzera","url":"https:\/\/www.revuemusicale.ch\/","logo":{"@type":"ImageObject","inLanguage":"it-IT","@id":"https:\/\/www.revuemusicale.ch\/#\/schema\/logo\/image\/","url":"https:\/\/www.revuemusicale.ch\/wp-content\/uploads\/2023\/01\/logo_revuemusicale_musikzeitung.jpg","contentUrl":"https:\/\/www.revuemusicale.ch\/wp-content\/uploads\/2023\/01\/logo_revuemusicale_musikzeitung.jpg","width":1200,"height":243,"caption":"Revue Musicale Suisse"},"image":{"@id":"https:\/\/www.revuemusicale.ch\/#\/schema\/logo\/image\/"},"sameAs":["https:\/\/www.facebook.com\/SchweizerMusikzeitung\/","https:\/\/x.com\/smusikzeitung","https:\/\/www.instagram.com\/musikzeitung.ch\/?hl=de"]},{"@type":"Person","@id":"https:\/\/www.revuemusicale.ch\/#\/schema\/person\/b2fd892c800856270b9dcc6001265712","name":"Musikzeitung-Redaktion","image":{"@type":"ImageObject","inLanguage":"it-IT","@id":"https:\/\/secure.gravatar.com\/avatar\/0c7e6a405862e402eb76a70f8a26fc732d07c32931e9fae9ab1582911d2e8a3b?s=96&d=mm&r=g","url":"https:\/\/secure.gravatar.com\/avatar\/0c7e6a405862e402eb76a70f8a26fc732d07c32931e9fae9ab1582911d2e8a3b?s=96&d=mm&r=g","contentUrl":"https:\/\/secure.gravatar.com\/avatar\/0c7e6a405862e402eb76a70f8a26fc732d07c32931e9fae9ab1582911d2e8a3b?s=96&d=mm&r=g","caption":"Musikzeitung-Redaktion"},"sameAs":["http:\/\/wundo-docker.io"],"url":"https:\/\/www.revuemusicale.ch\/it\/author\/admin"}]}},"publishpress_future_action":{"enabled":false,"date":"1970-01-01 01:00:00","action":"change-status","newStatus":"draft","terms":[],"taxonomy":"category","extraData":[]},"publishpress_future_workflow_manual_trigger":{"enabledWorkflows":[]},"_links":{"self":[{"href":"https:\/\/www.revuemusicale.ch\/it\/wp-json\/wp\/v2\/posts\/22879","targetHints":{"allow":["GET"]}}],"collection":[{"href":"https:\/\/www.revuemusicale.ch\/it\/wp-json\/wp\/v2\/posts"}],"about":[{"href":"https:\/\/www.revuemusicale.ch\/it\/wp-json\/wp\/v2\/types\/post"}],"author":[{"embeddable":true,"href":"https:\/\/www.revuemusicale.ch\/it\/wp-json\/wp\/v2\/users\/1"}],"replies":[{"embeddable":true,"href":"https:\/\/www.revuemusicale.ch\/it\/wp-json\/wp\/v2\/comments?post=22879"}],"version-history":[{"count":3,"href":"https:\/\/www.revuemusicale.ch\/it\/wp-json\/wp\/v2\/posts\/22879\/revisions"}],"predecessor-version":[{"id":30577,"href":"https:\/\/www.revuemusicale.ch\/it\/wp-json\/wp\/v2\/posts\/22879\/revisions\/30577"}],"wp:featuredmedia":[{"embeddable":true,"href":"https:\/\/www.revuemusicale.ch\/it\/wp-json\/wp\/v2\/media\/30575"}],"wp:attachment":[{"href":"https:\/\/www.revuemusicale.ch\/it\/wp-json\/wp\/v2\/media?parent=22879"}],"wp:term":[{"taxonomy":"category","embeddable":true,"href":"https:\/\/www.revuemusicale.ch\/it\/wp-json\/wp\/v2\/categories?post=22879"},{"taxonomy":"post_tag","embeddable":true,"href":"https:\/\/www.revuemusicale.ch\/it\/wp-json\/wp\/v2\/tags?post=22879"}],"curies":[{"name":"wp","href":"https:\/\/api.w.org\/{rel}","templated":true}]}}