{"id":22914,"date":"2016-02-23T00:00:00","date_gmt":"2016-02-22T23:00:00","guid":{"rendered":"https:\/\/www.revuemusicale.ch\/blog\/2016\/02\/23\/un-cycle-dapres-lorca\/"},"modified":"2024-06-27T10:54:54","modified_gmt":"2024-06-27T08:54:54","slug":"un-cycle-dapres-lorca","status":"publish","type":"post","link":"https:\/\/www.revuemusicale.ch\/it\/critiques\/disques\/2016\/02\/un-cycle-dapres-lorca","title":{"rendered":"Un ciclo dopo Lorca"},"content":{"rendered":"<p><img decoding=\"async\" class=\"size-full\" src=\"https:\/\/www.revuemusicale.ch\/wp-content\/uploads\/2023\/01\/Beethovenquartett.jpg\" alt=\"\" \/><\/p>\n<div class=\"text-section\">\n<p>L'edizione di questa prima audizione di un sottile lavoro di Jost Meier si presenta sotto forma di doppio album: un cd audio e un cd video blu-ray. Diciamo subito che quest'ultimo non aggiunge molto - una sola telecamera in un'inquadratura fissa, un brutto sipario grigio dietro gli interpreti - non \u00e8 molto eccitante dal punto di vista cinematografico... Il plus, invece, viene dall'intervista tra Manfred Osten e Jost Meier (in tedesco con sottotitoli in inglese).<\/p>\n<p>Jost Meier ha fatto sue le magnifiche poesie di Garc\u00eda Lorca. Ne penetra l'essenza, rendendole in musica in modo sottile, senza spagnolismi pittoreschi, in modo del tutto personale. E c'\u00e8 personalit\u00e0 in questa musica, il tipo di personalit\u00e0 che pu\u00f2 venire da un compositore libero che si \u00e8 distaccato da ogni influenza e dogmatismo. Queste magnifiche pagine sono molto dense, finemente cesellate, passando dalla melodia ragnesca a strati contrappuntistici molto densi. A rigore, non ci sono temi nel senso classico del termine, ma una successione di umori furtivi che ci tengono sul filo del rasoio. \u00c8 una musica impegnativa per l'ascoltatore: non si possono ascoltare queste poesie con un orecchio distratto mentre si fanno altre cose. Bisogna immergersi completamente in esse, entrare in un rapporto simbiotico con la partitura. \u00c8 una musica impegnativa anche per l'esecutore. Anche se i capricci dell'esecuzione dal vivo fanno s\u00ec che a volte ci sia qualche scoria nell'attacco di una nota, siamo travolti dal coinvolgimento emotivo di Franziska Hirzel, che va ben oltre il semplice virtuosismo vocale richiesto dalla musica di Meier. Il Quartetto Beethoven riesce pienamente a rendere tutti i colori caleidoscopici di queste pagine inaudite.<\/p>\n<p>Si tratta di una registrazione importante nel panorama musicale svizzero. Da non perdere!<img loading=\"lazy\" decoding=\"async\" class=\"size-full wp-image-22916 aligncenter\" src=\"https:\/\/www.revuemusicale.ch\/wp-content\/uploads\/2023\/01\/LorcaRand.jpg\" alt=\"\" width=\"180\" height=\"180\" srcset=\"https:\/\/www.revuemusicale.ch\/wp-content\/uploads\/2023\/01\/LorcaRand.jpg 180w, https:\/\/www.revuemusicale.ch\/wp-content\/uploads\/2023\/01\/LorcaRand-175x175.jpg 175w, https:\/\/www.revuemusicale.ch\/wp-content\/uploads\/2023\/01\/LorcaRand-150x150.jpg 150w, https:\/\/www.revuemusicale.ch\/wp-content\/uploads\/2023\/01\/LorcaRand-100x100.jpg 100w, https:\/\/www.revuemusicale.ch\/wp-content\/uploads\/2023\/01\/LorcaRand-24x24.jpg 24w, https:\/\/www.revuemusicale.ch\/wp-content\/uploads\/2023\/01\/LorcaRand-48x48.jpg 48w, https:\/\/www.revuemusicale.ch\/wp-content\/uploads\/2023\/01\/LorcaRand-96x96.jpg 96w\" sizes=\"auto, (max-width: 180px) 100vw, 180px\" \/><\/p>\n<p><em>Jost Meier: Ciclo di Lorca per quartetto d'archi e soprano. Quartetto Beethoven; Franziska Hirzel, Soprano; bmn-audiophil CD &amp; Blu-Ray 20155<\/em><\/p>\n<\/div>","protected":false},"excerpt":{"rendered":"<p><strong> Composizioni dense e sottili di Jost Meier per quartetto d'archi e soprano.<\/strong><\/p>","protected":false},"author":1,"featured_media":22915,"comment_status":"closed","ping_status":"closed","sticky":false,"template":"","format":"standard","meta":{"_acf_changed":false,"_relevanssi_hide_post":"","_relevanssi_hide_content":"","_relevanssi_pin_for_all":"","_relevanssi_pin_keywords":"","_relevanssi_unpin_keywords":"","_relevanssi_related_keywords":"","_relevanssi_related_include_ids":"","_relevanssi_related_exclude_ids":"","_relevanssi_related_no_append":"","_relevanssi_related_not_related":"","_relevanssi_related_posts":"","_relevanssi_noindex_reason":"","pgc_sgb_lightbox_settings":"","footnotes":""},"categories":[1614,1615],"tags":[],"class_list":["post-22914","post","type-post","status-publish","format-standard","has-post-thumbnail","hentry","category-critiques","category-disques"],"acf":[],"yoast_head":"<!-- This site is optimized with the Yoast SEO plugin v27.3 - https:\/\/yoast.com\/product\/yoast-seo-wordpress\/ -->\n<title>Un cycle d\u2019apr\u00e8s Lorca - Revue Musicale Suisse<\/title>\n<meta name=\"robots\" content=\"index, follow, max-snippet:-1, max-image-preview:large, max-video-preview:-1\" \/>\n<link rel=\"canonical\" href=\"https:\/\/www.revuemusicale.ch\/it\/critiques\/disques\/2016\/02\/un-cycle-dapres-lorca\/\" \/>\n<meta property=\"og:locale\" content=\"it_IT\" \/>\n<meta property=\"og:type\" content=\"article\" \/>\n<meta property=\"og:title\" content=\"Un cycle d\u2019apr\u00e8s Lorca - Revue Musicale Suisse\" \/>\n<meta property=\"og:description\" content=\"Compositions denses et subtiles de Jost Meier pour quatuor \u00e0 cordes et soprano.\" \/>\n<meta property=\"og:url\" content=\"https:\/\/www.revuemusicale.ch\/it\/critiques\/disques\/2016\/02\/un-cycle-dapres-lorca\/\" \/>\n<meta property=\"og:site_name\" content=\"Revue Musicale Suisse\" \/>\n<meta property=\"article:publisher\" content=\"https:\/\/www.facebook.com\/SchweizerMusikzeitung\/\" \/>\n<meta property=\"article:published_time\" content=\"2016-02-22T23:00:00+00:00\" \/>\n<meta property=\"article:modified_time\" content=\"2024-06-27T08:54:54+00:00\" \/>\n<meta property=\"og:image\" content=\"https:\/\/www.revuemusicale.ch\/wp-content\/uploads\/2023\/01\/Beethovenquartett.jpg\" \/>\n\t<meta property=\"og:image:width\" content=\"554\" \/>\n\t<meta property=\"og:image:height\" content=\"232\" \/>\n\t<meta property=\"og:image:type\" content=\"image\/jpeg\" \/>\n<meta name=\"author\" content=\"Musikzeitung-Redaktion\" \/>\n<meta name=\"twitter:card\" content=\"summary_large_image\" \/>\n<meta name=\"twitter:creator\" content=\"@smusikzeitung\" \/>\n<meta name=\"twitter:site\" content=\"@smusikzeitung\" \/>\n<meta name=\"twitter:label1\" content=\"Scritto da\" \/>\n\t<meta name=\"twitter:data1\" content=\"Musikzeitung-Redaktion\" \/>\n\t<meta name=\"twitter:label2\" content=\"Tempo di lettura stimato\" \/>\n\t<meta name=\"twitter:data2\" content=\"2 minuti\" \/>\n<script type=\"application\/ld+json\" class=\"yoast-schema-graph\">{\"@context\":\"https:\\\/\\\/schema.org\",\"@graph\":[{\"@type\":\"Article\",\"@id\":\"https:\\\/\\\/www.revuemusicale.ch\\\/critiques\\\/disques\\\/2016\\\/02\\\/un-cycle-dapres-lorca#article\",\"isPartOf\":{\"@id\":\"https:\\\/\\\/www.revuemusicale.ch\\\/critiques\\\/disques\\\/2016\\\/02\\\/un-cycle-dapres-lorca\"},\"author\":{\"name\":\"Musikzeitung-Redaktion\",\"@id\":\"https:\\\/\\\/www.revuemusicale.ch\\\/#\\\/schema\\\/person\\\/b2fd892c800856270b9dcc6001265712\"},\"headline\":\"Un cycle d\u2019apr\u00e8s Lorca\",\"datePublished\":\"2016-02-22T23:00:00+00:00\",\"dateModified\":\"2024-06-27T08:54:54+00:00\",\"mainEntityOfPage\":{\"@id\":\"https:\\\/\\\/www.revuemusicale.ch\\\/critiques\\\/disques\\\/2016\\\/02\\\/un-cycle-dapres-lorca\"},\"wordCount\":359,\"publisher\":{\"@id\":\"https:\\\/\\\/www.revuemusicale.ch\\\/#organization\"},\"image\":{\"@id\":\"https:\\\/\\\/www.revuemusicale.ch\\\/critiques\\\/disques\\\/2016\\\/02\\\/un-cycle-dapres-lorca#primaryimage\"},\"thumbnailUrl\":\"https:\\\/\\\/www.revuemusicale.ch\\\/wp-content\\\/uploads\\\/2023\\\/01\\\/Beethovenquartett.jpg\",\"articleSection\":[\"Critiques\",\"Disques\"],\"inLanguage\":\"it-IT\"},{\"@type\":\"WebPage\",\"@id\":\"https:\\\/\\\/www.revuemusicale.ch\\\/critiques\\\/disques\\\/2016\\\/02\\\/un-cycle-dapres-lorca\",\"url\":\"https:\\\/\\\/www.revuemusicale.ch\\\/critiques\\\/disques\\\/2016\\\/02\\\/un-cycle-dapres-lorca\",\"name\":\"Un cycle d\u2019apr\u00e8s Lorca - Revue Musicale Suisse\",\"isPartOf\":{\"@id\":\"https:\\\/\\\/www.revuemusicale.ch\\\/#website\"},\"primaryImageOfPage\":{\"@id\":\"https:\\\/\\\/www.revuemusicale.ch\\\/critiques\\\/disques\\\/2016\\\/02\\\/un-cycle-dapres-lorca#primaryimage\"},\"image\":{\"@id\":\"https:\\\/\\\/www.revuemusicale.ch\\\/critiques\\\/disques\\\/2016\\\/02\\\/un-cycle-dapres-lorca#primaryimage\"},\"thumbnailUrl\":\"https:\\\/\\\/www.revuemusicale.ch\\\/wp-content\\\/uploads\\\/2023\\\/01\\\/Beethovenquartett.jpg\",\"datePublished\":\"2016-02-22T23:00:00+00:00\",\"dateModified\":\"2024-06-27T08:54:54+00:00\",\"breadcrumb\":{\"@id\":\"https:\\\/\\\/www.revuemusicale.ch\\\/critiques\\\/disques\\\/2016\\\/02\\\/un-cycle-dapres-lorca#breadcrumb\"},\"inLanguage\":\"it-IT\",\"potentialAction\":[{\"@type\":\"ReadAction\",\"target\":[\"https:\\\/\\\/www.revuemusicale.ch\\\/critiques\\\/disques\\\/2016\\\/02\\\/un-cycle-dapres-lorca\"]}]},{\"@type\":\"ImageObject\",\"inLanguage\":\"it-IT\",\"@id\":\"https:\\\/\\\/www.revuemusicale.ch\\\/critiques\\\/disques\\\/2016\\\/02\\\/un-cycle-dapres-lorca#primaryimage\",\"url\":\"https:\\\/\\\/www.revuemusicale.ch\\\/wp-content\\\/uploads\\\/2023\\\/01\\\/Beethovenquartett.jpg\",\"contentUrl\":\"https:\\\/\\\/www.revuemusicale.ch\\\/wp-content\\\/uploads\\\/2023\\\/01\\\/Beethovenquartett.jpg\",\"width\":554,\"height\":232},{\"@type\":\"BreadcrumbList\",\"@id\":\"https:\\\/\\\/www.revuemusicale.ch\\\/critiques\\\/disques\\\/2016\\\/02\\\/un-cycle-dapres-lorca#breadcrumb\",\"itemListElement\":[{\"@type\":\"ListItem\",\"position\":1,\"name\":\"Home\",\"item\":\"https:\\\/\\\/www.revuemusicale.ch\\\/\"},{\"@type\":\"ListItem\",\"position\":2,\"name\":\"Un cycle d\u2019apr\u00e8s Lorca\"}]},{\"@type\":\"WebSite\",\"@id\":\"https:\\\/\\\/www.revuemusicale.ch\\\/#website\",\"url\":\"https:\\\/\\\/www.revuemusicale.ch\\\/\",\"name\":\"Revue Musicale Suisse\",\"description\":\"\",\"publisher\":{\"@id\":\"https:\\\/\\\/www.revuemusicale.ch\\\/#organization\"},\"potentialAction\":[{\"@type\":\"SearchAction\",\"target\":{\"@type\":\"EntryPoint\",\"urlTemplate\":\"https:\\\/\\\/www.revuemusicale.ch\\\/?s={search_term_string}\"},\"query-input\":{\"@type\":\"PropertyValueSpecification\",\"valueRequired\":true,\"valueName\":\"search_term_string\"}}],\"inLanguage\":\"it-IT\"},{\"@type\":\"Organization\",\"@id\":\"https:\\\/\\\/www.revuemusicale.ch\\\/#organization\",\"name\":\"Revue Musicale Suisse\",\"url\":\"https:\\\/\\\/www.revuemusicale.ch\\\/\",\"logo\":{\"@type\":\"ImageObject\",\"inLanguage\":\"it-IT\",\"@id\":\"https:\\\/\\\/www.revuemusicale.ch\\\/#\\\/schema\\\/logo\\\/image\\\/\",\"url\":\"https:\\\/\\\/www.revuemusicale.ch\\\/wp-content\\\/uploads\\\/2023\\\/01\\\/logo_revuemusicale_musikzeitung.jpg\",\"contentUrl\":\"https:\\\/\\\/www.revuemusicale.ch\\\/wp-content\\\/uploads\\\/2023\\\/01\\\/logo_revuemusicale_musikzeitung.jpg\",\"width\":1200,\"height\":243,\"caption\":\"Revue Musicale Suisse\"},\"image\":{\"@id\":\"https:\\\/\\\/www.revuemusicale.ch\\\/#\\\/schema\\\/logo\\\/image\\\/\"},\"sameAs\":[\"https:\\\/\\\/www.facebook.com\\\/SchweizerMusikzeitung\\\/\",\"https:\\\/\\\/x.com\\\/smusikzeitung\",\"https:\\\/\\\/www.instagram.com\\\/musikzeitung.ch\\\/?hl=de\"]},{\"@type\":\"Person\",\"@id\":\"https:\\\/\\\/www.revuemusicale.ch\\\/#\\\/schema\\\/person\\\/b2fd892c800856270b9dcc6001265712\",\"name\":\"Musikzeitung-Redaktion\",\"image\":{\"@type\":\"ImageObject\",\"inLanguage\":\"it-IT\",\"@id\":\"https:\\\/\\\/secure.gravatar.com\\\/avatar\\\/0c7e6a405862e402eb76a70f8a26fc732d07c32931e9fae9ab1582911d2e8a3b?s=96&d=mm&r=g\",\"url\":\"https:\\\/\\\/secure.gravatar.com\\\/avatar\\\/0c7e6a405862e402eb76a70f8a26fc732d07c32931e9fae9ab1582911d2e8a3b?s=96&d=mm&r=g\",\"contentUrl\":\"https:\\\/\\\/secure.gravatar.com\\\/avatar\\\/0c7e6a405862e402eb76a70f8a26fc732d07c32931e9fae9ab1582911d2e8a3b?s=96&d=mm&r=g\",\"caption\":\"Musikzeitung-Redaktion\"},\"sameAs\":[\"http:\\\/\\\/wundo-docker.io\"],\"url\":\"https:\\\/\\\/www.revuemusicale.ch\\\/it\\\/author\\\/admin\"}]}<\/script>\n<!-- \/ Yoast SEO plugin. -->","yoast_head_json":{"title":"Un cycle d\u2019apr\u00e8s Lorca - Revue Musicale Suisse","robots":{"index":"index","follow":"follow","max-snippet":"max-snippet:-1","max-image-preview":"max-image-preview:large","max-video-preview":"max-video-preview:-1"},"canonical":"https:\/\/www.revuemusicale.ch\/it\/critiques\/disques\/2016\/02\/un-cycle-dapres-lorca\/","og_locale":"it_IT","og_type":"article","og_title":"Un cycle d\u2019apr\u00e8s Lorca - Revue Musicale Suisse","og_description":"Compositions denses et subtiles de Jost Meier pour quatuor \u00e0 cordes et soprano.","og_url":"https:\/\/www.revuemusicale.ch\/it\/critiques\/disques\/2016\/02\/un-cycle-dapres-lorca\/","og_site_name":"Revue Musicale Suisse","article_publisher":"https:\/\/www.facebook.com\/SchweizerMusikzeitung\/","article_published_time":"2016-02-22T23:00:00+00:00","article_modified_time":"2024-06-27T08:54:54+00:00","og_image":[{"width":554,"height":232,"url":"https:\/\/www.revuemusicale.ch\/wp-content\/uploads\/2023\/01\/Beethovenquartett.jpg","type":"image\/jpeg"}],"author":"Musikzeitung-Redaktion","twitter_card":"summary_large_image","twitter_creator":"@smusikzeitung","twitter_site":"@smusikzeitung","twitter_misc":{"Scritto da":"Musikzeitung-Redaktion","Tempo di lettura stimato":"2 minuti"},"schema":{"@context":"https:\/\/schema.org","@graph":[{"@type":"Article","@id":"https:\/\/www.revuemusicale.ch\/critiques\/disques\/2016\/02\/un-cycle-dapres-lorca#article","isPartOf":{"@id":"https:\/\/www.revuemusicale.ch\/critiques\/disques\/2016\/02\/un-cycle-dapres-lorca"},"author":{"name":"Musikzeitung-Redaktion","@id":"https:\/\/www.revuemusicale.ch\/#\/schema\/person\/b2fd892c800856270b9dcc6001265712"},"headline":"Un cycle d\u2019apr\u00e8s Lorca","datePublished":"2016-02-22T23:00:00+00:00","dateModified":"2024-06-27T08:54:54+00:00","mainEntityOfPage":{"@id":"https:\/\/www.revuemusicale.ch\/critiques\/disques\/2016\/02\/un-cycle-dapres-lorca"},"wordCount":359,"publisher":{"@id":"https:\/\/www.revuemusicale.ch\/#organization"},"image":{"@id":"https:\/\/www.revuemusicale.ch\/critiques\/disques\/2016\/02\/un-cycle-dapres-lorca#primaryimage"},"thumbnailUrl":"https:\/\/www.revuemusicale.ch\/wp-content\/uploads\/2023\/01\/Beethovenquartett.jpg","articleSection":["Critiques","Disques"],"inLanguage":"it-IT"},{"@type":"WebPage","@id":"https:\/\/www.revuemusicale.ch\/critiques\/disques\/2016\/02\/un-cycle-dapres-lorca","url":"https:\/\/www.revuemusicale.ch\/critiques\/disques\/2016\/02\/un-cycle-dapres-lorca","name":"Un cycle d\u2019apr\u00e8s Lorca - Revue Musicale Suisse","isPartOf":{"@id":"https:\/\/www.revuemusicale.ch\/#website"},"primaryImageOfPage":{"@id":"https:\/\/www.revuemusicale.ch\/critiques\/disques\/2016\/02\/un-cycle-dapres-lorca#primaryimage"},"image":{"@id":"https:\/\/www.revuemusicale.ch\/critiques\/disques\/2016\/02\/un-cycle-dapres-lorca#primaryimage"},"thumbnailUrl":"https:\/\/www.revuemusicale.ch\/wp-content\/uploads\/2023\/01\/Beethovenquartett.jpg","datePublished":"2016-02-22T23:00:00+00:00","dateModified":"2024-06-27T08:54:54+00:00","breadcrumb":{"@id":"https:\/\/www.revuemusicale.ch\/critiques\/disques\/2016\/02\/un-cycle-dapres-lorca#breadcrumb"},"inLanguage":"it-IT","potentialAction":[{"@type":"ReadAction","target":["https:\/\/www.revuemusicale.ch\/critiques\/disques\/2016\/02\/un-cycle-dapres-lorca"]}]},{"@type":"ImageObject","inLanguage":"it-IT","@id":"https:\/\/www.revuemusicale.ch\/critiques\/disques\/2016\/02\/un-cycle-dapres-lorca#primaryimage","url":"https:\/\/www.revuemusicale.ch\/wp-content\/uploads\/2023\/01\/Beethovenquartett.jpg","contentUrl":"https:\/\/www.revuemusicale.ch\/wp-content\/uploads\/2023\/01\/Beethovenquartett.jpg","width":554,"height":232},{"@type":"BreadcrumbList","@id":"https:\/\/www.revuemusicale.ch\/critiques\/disques\/2016\/02\/un-cycle-dapres-lorca#breadcrumb","itemListElement":[{"@type":"ListItem","position":1,"name":"Home","item":"https:\/\/www.revuemusicale.ch\/"},{"@type":"ListItem","position":2,"name":"Un cycle d\u2019apr\u00e8s Lorca"}]},{"@type":"WebSite","@id":"https:\/\/www.revuemusicale.ch\/#website","url":"https:\/\/www.revuemusicale.ch\/","name":"Rassegna musicale svizzera","description":"","publisher":{"@id":"https:\/\/www.revuemusicale.ch\/#organization"},"potentialAction":[{"@type":"SearchAction","target":{"@type":"EntryPoint","urlTemplate":"https:\/\/www.revuemusicale.ch\/?s={search_term_string}"},"query-input":{"@type":"PropertyValueSpecification","valueRequired":true,"valueName":"search_term_string"}}],"inLanguage":"it-IT"},{"@type":"Organization","@id":"https:\/\/www.revuemusicale.ch\/#organization","name":"Rassegna musicale svizzera","url":"https:\/\/www.revuemusicale.ch\/","logo":{"@type":"ImageObject","inLanguage":"it-IT","@id":"https:\/\/www.revuemusicale.ch\/#\/schema\/logo\/image\/","url":"https:\/\/www.revuemusicale.ch\/wp-content\/uploads\/2023\/01\/logo_revuemusicale_musikzeitung.jpg","contentUrl":"https:\/\/www.revuemusicale.ch\/wp-content\/uploads\/2023\/01\/logo_revuemusicale_musikzeitung.jpg","width":1200,"height":243,"caption":"Revue Musicale Suisse"},"image":{"@id":"https:\/\/www.revuemusicale.ch\/#\/schema\/logo\/image\/"},"sameAs":["https:\/\/www.facebook.com\/SchweizerMusikzeitung\/","https:\/\/x.com\/smusikzeitung","https:\/\/www.instagram.com\/musikzeitung.ch\/?hl=de"]},{"@type":"Person","@id":"https:\/\/www.revuemusicale.ch\/#\/schema\/person\/b2fd892c800856270b9dcc6001265712","name":"Musikzeitung-Redaktion","image":{"@type":"ImageObject","inLanguage":"it-IT","@id":"https:\/\/secure.gravatar.com\/avatar\/0c7e6a405862e402eb76a70f8a26fc732d07c32931e9fae9ab1582911d2e8a3b?s=96&d=mm&r=g","url":"https:\/\/secure.gravatar.com\/avatar\/0c7e6a405862e402eb76a70f8a26fc732d07c32931e9fae9ab1582911d2e8a3b?s=96&d=mm&r=g","contentUrl":"https:\/\/secure.gravatar.com\/avatar\/0c7e6a405862e402eb76a70f8a26fc732d07c32931e9fae9ab1582911d2e8a3b?s=96&d=mm&r=g","caption":"Musikzeitung-Redaktion"},"sameAs":["http:\/\/wundo-docker.io"],"url":"https:\/\/www.revuemusicale.ch\/it\/author\/admin"}]}},"publishpress_future_action":{"enabled":false,"date":"1970-01-01 01:00:00","action":"change-status","newStatus":"draft","terms":[],"taxonomy":"category","extraData":[]},"publishpress_future_workflow_manual_trigger":{"enabledWorkflows":[]},"_links":{"self":[{"href":"https:\/\/www.revuemusicale.ch\/it\/wp-json\/wp\/v2\/posts\/22914","targetHints":{"allow":["GET"]}}],"collection":[{"href":"https:\/\/www.revuemusicale.ch\/it\/wp-json\/wp\/v2\/posts"}],"about":[{"href":"https:\/\/www.revuemusicale.ch\/it\/wp-json\/wp\/v2\/types\/post"}],"author":[{"embeddable":true,"href":"https:\/\/www.revuemusicale.ch\/it\/wp-json\/wp\/v2\/users\/1"}],"replies":[{"embeddable":true,"href":"https:\/\/www.revuemusicale.ch\/it\/wp-json\/wp\/v2\/comments?post=22914"}],"version-history":[{"count":3,"href":"https:\/\/www.revuemusicale.ch\/it\/wp-json\/wp\/v2\/posts\/22914\/revisions"}],"predecessor-version":[{"id":30419,"href":"https:\/\/www.revuemusicale.ch\/it\/wp-json\/wp\/v2\/posts\/22914\/revisions\/30419"}],"wp:featuredmedia":[{"embeddable":true,"href":"https:\/\/www.revuemusicale.ch\/it\/wp-json\/wp\/v2\/media\/22915"}],"wp:attachment":[{"href":"https:\/\/www.revuemusicale.ch\/it\/wp-json\/wp\/v2\/media?parent=22914"}],"wp:term":[{"taxonomy":"category","embeddable":true,"href":"https:\/\/www.revuemusicale.ch\/it\/wp-json\/wp\/v2\/categories?post=22914"},{"taxonomy":"post_tag","embeddable":true,"href":"https:\/\/www.revuemusicale.ch\/it\/wp-json\/wp\/v2\/tags?post=22914"}],"curies":[{"name":"wp","href":"https:\/\/api.w.org\/{rel}","templated":true}]}}