{"id":22990,"date":"2013-09-29T00:00:00","date_gmt":"2013-09-28T22:00:00","guid":{"rendered":"https:\/\/www.revuemusicale.ch\/blog\/2013\/09\/29\/la-musique-peut-modeler-le-cerveau-2\/"},"modified":"2024-08-16T15:07:46","modified_gmt":"2024-08-16T13:07:46","slug":"la-musique-peut-modeler-le-cerveau-2","status":"publish","type":"post","link":"https:\/\/www.revuemusicale.ch\/it\/critiques\/livres-et-partitions\/2013\/09\/la-musique-peut-modeler-le-cerveau-2","title":{"rendered":"La musica pu\u00f2 plasmare il cervello"},"content":{"rendered":"<figure style=\"width: 554px\" class=\"wp-caption alignnone\"><img loading=\"lazy\" decoding=\"async\" src=\"https:\/\/www.revuemusicale.ch\/wp-content\/uploads\/2023\/01\/616850_web_R_by_Rike_pixelio.de_-1.jpg\" alt=\"\" width=\"554\" height=\"403\" \/><figcaption class=\"wp-caption-text\">Foto: Rike \/ pixelio.de<\/figcaption><\/figure>\n<div class=\"text-section\">\n<p><strong>Mondi poco conosciuti e sorprendenti<\/strong><\/p>\n<p>Con il suo grande talento divulgativo, Oliver Sacks condivide le sue esperienze e conoscenze di neurologo particolarmente interessato alla musica e ai suoi effetti. Sebbene alcune osservazioni ingenue dimostrino che l'autore non ha una formazione musicale o musicologica professionale, i numerosi aneddoti ci danno accesso a mondi poco conosciuti e sorprendenti e ci aiutano a comprendere l'importanza fondamentale della musica per gli esseri umani.<\/p>\n<p>I casi riportati in questo affascinante libro sono molti, tra cui un compositore che riacquista un udito perfetto dopo aver composto un'opera complessa, un autistico che conosce a memoria 2.000 opere liriche, una persona con un'amnesia totale che tuttavia pu\u00f2 continuare a eseguire perfettamente il suo repertorio al pianoforte o all'organo e a dirigere cori, un'anziana signora che vegetava ascoltando solo musica pop e che improvvisamente torna a essere pi\u00f9 attiva dopo aver ascoltato musica classica, afasici che recuperano parte del loro linguaggio grazie alla musicoterapia, laddove la logopedia convenzionale aveva fallito. Ancora pi\u00f9 sorprendenti sono le persone che sono diventate improvvisamente sensibili alla musica, o addirittura musicisti, dopo essere stati colpiti da un fulmine, o i malati di Parkinson e di postencefalite che possono riacquistare movimenti normali ascoltando la musica, o addirittura essere in grado di suonare il pianoforte.<\/p>\n<p>Sacks descrive anche i diversi tipi di amusia: l'assenza del senso dell'altezza, la distimbria (che fa sembrare la musica pi\u00f9 bella un suono di pentole e padelle), l'incapacit\u00e0 di capire o riconoscere una melodia, l'impossibilit\u00e0 di comprendere le armonie come qualcosa di diverso da suoni sovrapposti e la pi\u00f9 rara disritmia. Tra le altre cose, ci dice che la sinestesia sembra essere pi\u00f9 comune di quanto si pensi, soprattutto nell'infanzia, e spesso scompare nell'adolescenza; descrive l'origine delle allucinazioni uditive, quando le persone credono di sentire davvero la musica al di fuori di loro, mentre in realt\u00e0 \u00e8 solo una creazione della loro mente. Infine, la reazione alla musica si conserva anche in uno stadio avanzato di demenza e la memoria musicale pu\u00f2 persistere a lungo dopo che tutte le altre forme di memoria sono scomparse. I pazienti che non sono in grado di reagire continuano a rispondere emotivamente alla musica e addirittura recuperano alcuni ricordi in questo modo.<\/p>\n<div class=\"text-section\">\n<dl class=\"picture media photo\">\n<dt><img decoding=\"async\" class=\"media photo aligncenter\" src=\"https:\/\/www.revuemusicale.ch\/wp-content\/uploads\/2023\/01\/9782020969765-1.jpg\" alt=\"Image \" \/><\/dt>\n<\/dl>\n<\/div>\n<\/div>\n<div class=\"text-section\">\n<p><em>Oliver Sacks, Musicofilia - La musica, il cervello e noi, traduzione dall'inglese di Christian Cler, 480 pagine, \u20ac 25,00, Editions du Seuil, Parigi 2012<\/em><em>Libro di poche pagine: 512 pagine, \u20ac 10,00<\/em><\/p>\n<\/div>\n<div>\n<hr \/>\n<\/div>\n<div class=\"text-section\">\n<p><strong>Musica dematerializzata<\/strong><\/p>\n<p>Il libro di Joseph Ghosn, che \u00e8 per met\u00e0 un inventario degli aspetti pratici e sociologici della digitalizzazione della musica, osservati nel campo della musica di variet\u00e0, e per met\u00e0 una panoramica giornalistica (con semplici riproduzioni di stralci di interviste), presenta il ritratto di un'epoca in cui la fama si costruisce ancor prima che esca il primo disco, e in cui un artista ha bisogno di migliaia di ascolti in streaming per guadagnare un solo franco. Un mondo in cui, su un sito come SoundCloud, vengono pubblicate in media dieci ore di suono al minuto, un accumulo esponenziale di musica a disposizione di tutti (come su Youtube) e disponibile al di fuori del contesto di un concerto, in una moltiplicazione di possibilit\u00e0. Con il passaggio dal vinile al CD e poi ai file mp3, la musica si \u00e8 gradualmente \"smaterializzata\". Diventa disponibile anche senza essere pubblicata. Questo approccio \"disinibito\" alla musica ha portato all'emergere di altre modalit\u00e0 di distribuzione, come ad esempio <em>Biofilia <\/em>di Bj\u00f6rk, concepito direttamente come una raccolta di applicazioni per iPad, o alcune situazioni che sfiorano l'assurdo, per esempio quando la vita quotidiana dei cantanti raccontata ai loro fan su Facebook a volte conta pi\u00f9 della loro produzione musicale.<\/p>\n<div class=\"text-section\">\n<dl class=\"picture media photo\">\n<dt><img decoding=\"async\" class=\"media photo aligncenter\" src=\"https:\/\/www.revuemusicale.ch\/wp-content\/uploads\/2023\/01\/9782021055276-1.jpg\" alt=\"Image \" \/><\/dt>\n<\/dl>\n<\/div>\n<\/div>\n<div class=\"text-section\">\n<p><em>Joseph Ghosn<\/em><em>Musiques num\u00e9riques - Essai sur la vie nomade de la musique, 224 pagine, \u20ac 19,50, Editions du Seuil, Paris 2013<\/em><\/p>\n<\/div>","protected":false},"excerpt":{"rendered":"<p><strong>Le Editions du Seuil hanno ripubblicato in versione tascabile un libro affascinante che fa il collegamento tra musica e neurologia. Hanno anche pubblicato un libro che fa il punto sulla musica digitale.<\/strong><\/p>","protected":false},"author":1,"featured_media":22991,"comment_status":"closed","ping_status":"closed","sticky":false,"template":"","format":"standard","meta":{"_acf_changed":false,"_relevanssi_hide_post":"","_relevanssi_hide_content":"","_relevanssi_pin_for_all":"","_relevanssi_pin_keywords":"","_relevanssi_unpin_keywords":"","_relevanssi_related_keywords":"","_relevanssi_related_include_ids":"","_relevanssi_related_exclude_ids":"","_relevanssi_related_no_append":"","_relevanssi_related_not_related":"","_relevanssi_related_posts":"","_relevanssi_noindex_reason":"","pgc_sgb_lightbox_settings":"","footnotes":""},"categories":[1614,1616],"tags":[],"class_list":["post-22990","post","type-post","status-publish","format-standard","has-post-thumbnail","hentry","category-critiques","category-livres-et-partitions"],"acf":[],"yoast_head":"<!-- This site is optimized with the Yoast SEO plugin v27.3 - https:\/\/yoast.com\/product\/yoast-seo-wordpress\/ -->\n<title>La musique peut modeler le cerveau - Revue Musicale Suisse<\/title>\n<meta name=\"robots\" content=\"index, follow, max-snippet:-1, max-image-preview:large, max-video-preview:-1\" \/>\n<link rel=\"canonical\" href=\"https:\/\/www.revuemusicale.ch\/it\/critiques\/livres-et-partitions\/2013\/09\/la-musique-peut-modeler-le-cerveau-2\/\" \/>\n<meta property=\"og:locale\" content=\"it_IT\" \/>\n<meta property=\"og:type\" content=\"article\" \/>\n<meta property=\"og:title\" content=\"La musique peut modeler le cerveau - Revue Musicale Suisse\" \/>\n<meta property=\"og:description\" content=\"Les \u00e9ditions du Seuil ont r\u00e9\u00e9dit\u00e9 en version de poche un ouvrage passionnant faisant le lien entre musique et neurologie. Par ailleurs, ils ont \u00e9galement sorti un livre qui fait l\u2019\u00e9tat des lieux des musiques num\u00e9riques.\" \/>\n<meta property=\"og:url\" content=\"https:\/\/www.revuemusicale.ch\/it\/critiques\/livres-et-partitions\/2013\/09\/la-musique-peut-modeler-le-cerveau-2\/\" \/>\n<meta property=\"og:site_name\" content=\"Revue Musicale Suisse\" \/>\n<meta property=\"article:publisher\" content=\"https:\/\/www.facebook.com\/SchweizerMusikzeitung\/\" \/>\n<meta property=\"article:published_time\" content=\"2013-09-28T22:00:00+00:00\" \/>\n<meta property=\"article:modified_time\" content=\"2024-08-16T13:07:46+00:00\" \/>\n<meta property=\"og:image\" content=\"https:\/\/www.revuemusicale.ch\/wp-content\/uploads\/2023\/01\/616850_web_R_by_Rike_pixelio.de_-1.jpg\" \/>\n\t<meta property=\"og:image:width\" content=\"554\" \/>\n\t<meta property=\"og:image:height\" content=\"403\" \/>\n\t<meta property=\"og:image:type\" content=\"image\/jpeg\" \/>\n<meta name=\"author\" content=\"Musikzeitung-Redaktion\" \/>\n<meta name=\"twitter:card\" content=\"summary_large_image\" \/>\n<meta name=\"twitter:creator\" content=\"@smusikzeitung\" \/>\n<meta name=\"twitter:site\" content=\"@smusikzeitung\" \/>\n<meta name=\"twitter:label1\" content=\"Scritto da\" \/>\n\t<meta name=\"twitter:data1\" content=\"Musikzeitung-Redaktion\" \/>\n\t<meta name=\"twitter:label2\" content=\"Tempo di lettura stimato\" \/>\n\t<meta name=\"twitter:data2\" content=\"4 minuti\" \/>\n<script type=\"application\/ld+json\" class=\"yoast-schema-graph\">{\"@context\":\"https:\\\/\\\/schema.org\",\"@graph\":[{\"@type\":\"Article\",\"@id\":\"https:\\\/\\\/www.revuemusicale.ch\\\/critiques\\\/livres-et-partitions\\\/2013\\\/09\\\/la-musique-peut-modeler-le-cerveau-2#article\",\"isPartOf\":{\"@id\":\"https:\\\/\\\/www.revuemusicale.ch\\\/critiques\\\/livres-et-partitions\\\/2013\\\/09\\\/la-musique-peut-modeler-le-cerveau-2\"},\"author\":{\"name\":\"Musikzeitung-Redaktion\",\"@id\":\"https:\\\/\\\/www.revuemusicale.ch\\\/#\\\/schema\\\/person\\\/b2fd892c800856270b9dcc6001265712\"},\"headline\":\"La musique peut modeler le cerveau\",\"datePublished\":\"2013-09-28T22:00:00+00:00\",\"dateModified\":\"2024-08-16T13:07:46+00:00\",\"mainEntityOfPage\":{\"@id\":\"https:\\\/\\\/www.revuemusicale.ch\\\/critiques\\\/livres-et-partitions\\\/2013\\\/09\\\/la-musique-peut-modeler-le-cerveau-2\"},\"wordCount\":704,\"publisher\":{\"@id\":\"https:\\\/\\\/www.revuemusicale.ch\\\/#organization\"},\"image\":{\"@id\":\"https:\\\/\\\/www.revuemusicale.ch\\\/critiques\\\/livres-et-partitions\\\/2013\\\/09\\\/la-musique-peut-modeler-le-cerveau-2#primaryimage\"},\"thumbnailUrl\":\"https:\\\/\\\/www.revuemusicale.ch\\\/wp-content\\\/uploads\\\/2023\\\/01\\\/616850_web_R_by_Rike_pixelio.de_-1.jpg\",\"articleSection\":[\"Critiques\",\"Livres et partitions\"],\"inLanguage\":\"it-IT\"},{\"@type\":\"WebPage\",\"@id\":\"https:\\\/\\\/www.revuemusicale.ch\\\/critiques\\\/livres-et-partitions\\\/2013\\\/09\\\/la-musique-peut-modeler-le-cerveau-2\",\"url\":\"https:\\\/\\\/www.revuemusicale.ch\\\/critiques\\\/livres-et-partitions\\\/2013\\\/09\\\/la-musique-peut-modeler-le-cerveau-2\",\"name\":\"La musique peut modeler le cerveau - Revue Musicale Suisse\",\"isPartOf\":{\"@id\":\"https:\\\/\\\/www.revuemusicale.ch\\\/#website\"},\"primaryImageOfPage\":{\"@id\":\"https:\\\/\\\/www.revuemusicale.ch\\\/critiques\\\/livres-et-partitions\\\/2013\\\/09\\\/la-musique-peut-modeler-le-cerveau-2#primaryimage\"},\"image\":{\"@id\":\"https:\\\/\\\/www.revuemusicale.ch\\\/critiques\\\/livres-et-partitions\\\/2013\\\/09\\\/la-musique-peut-modeler-le-cerveau-2#primaryimage\"},\"thumbnailUrl\":\"https:\\\/\\\/www.revuemusicale.ch\\\/wp-content\\\/uploads\\\/2023\\\/01\\\/616850_web_R_by_Rike_pixelio.de_-1.jpg\",\"datePublished\":\"2013-09-28T22:00:00+00:00\",\"dateModified\":\"2024-08-16T13:07:46+00:00\",\"breadcrumb\":{\"@id\":\"https:\\\/\\\/www.revuemusicale.ch\\\/critiques\\\/livres-et-partitions\\\/2013\\\/09\\\/la-musique-peut-modeler-le-cerveau-2#breadcrumb\"},\"inLanguage\":\"it-IT\",\"potentialAction\":[{\"@type\":\"ReadAction\",\"target\":[\"https:\\\/\\\/www.revuemusicale.ch\\\/critiques\\\/livres-et-partitions\\\/2013\\\/09\\\/la-musique-peut-modeler-le-cerveau-2\"]}]},{\"@type\":\"ImageObject\",\"inLanguage\":\"it-IT\",\"@id\":\"https:\\\/\\\/www.revuemusicale.ch\\\/critiques\\\/livres-et-partitions\\\/2013\\\/09\\\/la-musique-peut-modeler-le-cerveau-2#primaryimage\",\"url\":\"https:\\\/\\\/www.revuemusicale.ch\\\/wp-content\\\/uploads\\\/2023\\\/01\\\/616850_web_R_by_Rike_pixelio.de_-1.jpg\",\"contentUrl\":\"https:\\\/\\\/www.revuemusicale.ch\\\/wp-content\\\/uploads\\\/2023\\\/01\\\/616850_web_R_by_Rike_pixelio.de_-1.jpg\",\"width\":554,\"height\":403},{\"@type\":\"BreadcrumbList\",\"@id\":\"https:\\\/\\\/www.revuemusicale.ch\\\/critiques\\\/livres-et-partitions\\\/2013\\\/09\\\/la-musique-peut-modeler-le-cerveau-2#breadcrumb\",\"itemListElement\":[{\"@type\":\"ListItem\",\"position\":1,\"name\":\"Home\",\"item\":\"https:\\\/\\\/www.revuemusicale.ch\\\/\"},{\"@type\":\"ListItem\",\"position\":2,\"name\":\"La musique peut modeler le cerveau\"}]},{\"@type\":\"WebSite\",\"@id\":\"https:\\\/\\\/www.revuemusicale.ch\\\/#website\",\"url\":\"https:\\\/\\\/www.revuemusicale.ch\\\/\",\"name\":\"Revue Musicale Suisse\",\"description\":\"\",\"publisher\":{\"@id\":\"https:\\\/\\\/www.revuemusicale.ch\\\/#organization\"},\"potentialAction\":[{\"@type\":\"SearchAction\",\"target\":{\"@type\":\"EntryPoint\",\"urlTemplate\":\"https:\\\/\\\/www.revuemusicale.ch\\\/?s={search_term_string}\"},\"query-input\":{\"@type\":\"PropertyValueSpecification\",\"valueRequired\":true,\"valueName\":\"search_term_string\"}}],\"inLanguage\":\"it-IT\"},{\"@type\":\"Organization\",\"@id\":\"https:\\\/\\\/www.revuemusicale.ch\\\/#organization\",\"name\":\"Revue Musicale Suisse\",\"url\":\"https:\\\/\\\/www.revuemusicale.ch\\\/\",\"logo\":{\"@type\":\"ImageObject\",\"inLanguage\":\"it-IT\",\"@id\":\"https:\\\/\\\/www.revuemusicale.ch\\\/#\\\/schema\\\/logo\\\/image\\\/\",\"url\":\"https:\\\/\\\/www.revuemusicale.ch\\\/wp-content\\\/uploads\\\/2023\\\/01\\\/logo_revuemusicale_musikzeitung.jpg\",\"contentUrl\":\"https:\\\/\\\/www.revuemusicale.ch\\\/wp-content\\\/uploads\\\/2023\\\/01\\\/logo_revuemusicale_musikzeitung.jpg\",\"width\":1200,\"height\":243,\"caption\":\"Revue Musicale Suisse\"},\"image\":{\"@id\":\"https:\\\/\\\/www.revuemusicale.ch\\\/#\\\/schema\\\/logo\\\/image\\\/\"},\"sameAs\":[\"https:\\\/\\\/www.facebook.com\\\/SchweizerMusikzeitung\\\/\",\"https:\\\/\\\/x.com\\\/smusikzeitung\",\"https:\\\/\\\/www.instagram.com\\\/musikzeitung.ch\\\/?hl=de\"]},{\"@type\":\"Person\",\"@id\":\"https:\\\/\\\/www.revuemusicale.ch\\\/#\\\/schema\\\/person\\\/b2fd892c800856270b9dcc6001265712\",\"name\":\"Musikzeitung-Redaktion\",\"image\":{\"@type\":\"ImageObject\",\"inLanguage\":\"it-IT\",\"@id\":\"https:\\\/\\\/secure.gravatar.com\\\/avatar\\\/0c7e6a405862e402eb76a70f8a26fc732d07c32931e9fae9ab1582911d2e8a3b?s=96&d=mm&r=g\",\"url\":\"https:\\\/\\\/secure.gravatar.com\\\/avatar\\\/0c7e6a405862e402eb76a70f8a26fc732d07c32931e9fae9ab1582911d2e8a3b?s=96&d=mm&r=g\",\"contentUrl\":\"https:\\\/\\\/secure.gravatar.com\\\/avatar\\\/0c7e6a405862e402eb76a70f8a26fc732d07c32931e9fae9ab1582911d2e8a3b?s=96&d=mm&r=g\",\"caption\":\"Musikzeitung-Redaktion\"},\"sameAs\":[\"http:\\\/\\\/wundo-docker.io\"],\"url\":\"https:\\\/\\\/www.revuemusicale.ch\\\/it\\\/author\\\/admin\"}]}<\/script>\n<!-- \/ Yoast SEO plugin. -->","yoast_head_json":{"title":"La musique peut modeler le cerveau - Revue Musicale Suisse","robots":{"index":"index","follow":"follow","max-snippet":"max-snippet:-1","max-image-preview":"max-image-preview:large","max-video-preview":"max-video-preview:-1"},"canonical":"https:\/\/www.revuemusicale.ch\/it\/critiques\/livres-et-partitions\/2013\/09\/la-musique-peut-modeler-le-cerveau-2\/","og_locale":"it_IT","og_type":"article","og_title":"La musique peut modeler le cerveau - Revue Musicale Suisse","og_description":"Les \u00e9ditions du Seuil ont r\u00e9\u00e9dit\u00e9 en version de poche un ouvrage passionnant faisant le lien entre musique et neurologie. Par ailleurs, ils ont \u00e9galement sorti un livre qui fait l\u2019\u00e9tat des lieux des musiques num\u00e9riques.","og_url":"https:\/\/www.revuemusicale.ch\/it\/critiques\/livres-et-partitions\/2013\/09\/la-musique-peut-modeler-le-cerveau-2\/","og_site_name":"Revue Musicale Suisse","article_publisher":"https:\/\/www.facebook.com\/SchweizerMusikzeitung\/","article_published_time":"2013-09-28T22:00:00+00:00","article_modified_time":"2024-08-16T13:07:46+00:00","og_image":[{"width":554,"height":403,"url":"https:\/\/www.revuemusicale.ch\/wp-content\/uploads\/2023\/01\/616850_web_R_by_Rike_pixelio.de_-1.jpg","type":"image\/jpeg"}],"author":"Musikzeitung-Redaktion","twitter_card":"summary_large_image","twitter_creator":"@smusikzeitung","twitter_site":"@smusikzeitung","twitter_misc":{"Scritto da":"Musikzeitung-Redaktion","Tempo di lettura stimato":"4 minuti"},"schema":{"@context":"https:\/\/schema.org","@graph":[{"@type":"Article","@id":"https:\/\/www.revuemusicale.ch\/critiques\/livres-et-partitions\/2013\/09\/la-musique-peut-modeler-le-cerveau-2#article","isPartOf":{"@id":"https:\/\/www.revuemusicale.ch\/critiques\/livres-et-partitions\/2013\/09\/la-musique-peut-modeler-le-cerveau-2"},"author":{"name":"Musikzeitung-Redaktion","@id":"https:\/\/www.revuemusicale.ch\/#\/schema\/person\/b2fd892c800856270b9dcc6001265712"},"headline":"La musique peut modeler le cerveau","datePublished":"2013-09-28T22:00:00+00:00","dateModified":"2024-08-16T13:07:46+00:00","mainEntityOfPage":{"@id":"https:\/\/www.revuemusicale.ch\/critiques\/livres-et-partitions\/2013\/09\/la-musique-peut-modeler-le-cerveau-2"},"wordCount":704,"publisher":{"@id":"https:\/\/www.revuemusicale.ch\/#organization"},"image":{"@id":"https:\/\/www.revuemusicale.ch\/critiques\/livres-et-partitions\/2013\/09\/la-musique-peut-modeler-le-cerveau-2#primaryimage"},"thumbnailUrl":"https:\/\/www.revuemusicale.ch\/wp-content\/uploads\/2023\/01\/616850_web_R_by_Rike_pixelio.de_-1.jpg","articleSection":["Critiques","Livres et partitions"],"inLanguage":"it-IT"},{"@type":"WebPage","@id":"https:\/\/www.revuemusicale.ch\/critiques\/livres-et-partitions\/2013\/09\/la-musique-peut-modeler-le-cerveau-2","url":"https:\/\/www.revuemusicale.ch\/critiques\/livres-et-partitions\/2013\/09\/la-musique-peut-modeler-le-cerveau-2","name":"La musique peut modeler le cerveau - Revue Musicale Suisse","isPartOf":{"@id":"https:\/\/www.revuemusicale.ch\/#website"},"primaryImageOfPage":{"@id":"https:\/\/www.revuemusicale.ch\/critiques\/livres-et-partitions\/2013\/09\/la-musique-peut-modeler-le-cerveau-2#primaryimage"},"image":{"@id":"https:\/\/www.revuemusicale.ch\/critiques\/livres-et-partitions\/2013\/09\/la-musique-peut-modeler-le-cerveau-2#primaryimage"},"thumbnailUrl":"https:\/\/www.revuemusicale.ch\/wp-content\/uploads\/2023\/01\/616850_web_R_by_Rike_pixelio.de_-1.jpg","datePublished":"2013-09-28T22:00:00+00:00","dateModified":"2024-08-16T13:07:46+00:00","breadcrumb":{"@id":"https:\/\/www.revuemusicale.ch\/critiques\/livres-et-partitions\/2013\/09\/la-musique-peut-modeler-le-cerveau-2#breadcrumb"},"inLanguage":"it-IT","potentialAction":[{"@type":"ReadAction","target":["https:\/\/www.revuemusicale.ch\/critiques\/livres-et-partitions\/2013\/09\/la-musique-peut-modeler-le-cerveau-2"]}]},{"@type":"ImageObject","inLanguage":"it-IT","@id":"https:\/\/www.revuemusicale.ch\/critiques\/livres-et-partitions\/2013\/09\/la-musique-peut-modeler-le-cerveau-2#primaryimage","url":"https:\/\/www.revuemusicale.ch\/wp-content\/uploads\/2023\/01\/616850_web_R_by_Rike_pixelio.de_-1.jpg","contentUrl":"https:\/\/www.revuemusicale.ch\/wp-content\/uploads\/2023\/01\/616850_web_R_by_Rike_pixelio.de_-1.jpg","width":554,"height":403},{"@type":"BreadcrumbList","@id":"https:\/\/www.revuemusicale.ch\/critiques\/livres-et-partitions\/2013\/09\/la-musique-peut-modeler-le-cerveau-2#breadcrumb","itemListElement":[{"@type":"ListItem","position":1,"name":"Home","item":"https:\/\/www.revuemusicale.ch\/"},{"@type":"ListItem","position":2,"name":"La musique peut modeler le cerveau"}]},{"@type":"WebSite","@id":"https:\/\/www.revuemusicale.ch\/#website","url":"https:\/\/www.revuemusicale.ch\/","name":"Rassegna musicale svizzera","description":"","publisher":{"@id":"https:\/\/www.revuemusicale.ch\/#organization"},"potentialAction":[{"@type":"SearchAction","target":{"@type":"EntryPoint","urlTemplate":"https:\/\/www.revuemusicale.ch\/?s={search_term_string}"},"query-input":{"@type":"PropertyValueSpecification","valueRequired":true,"valueName":"search_term_string"}}],"inLanguage":"it-IT"},{"@type":"Organization","@id":"https:\/\/www.revuemusicale.ch\/#organization","name":"Rassegna musicale svizzera","url":"https:\/\/www.revuemusicale.ch\/","logo":{"@type":"ImageObject","inLanguage":"it-IT","@id":"https:\/\/www.revuemusicale.ch\/#\/schema\/logo\/image\/","url":"https:\/\/www.revuemusicale.ch\/wp-content\/uploads\/2023\/01\/logo_revuemusicale_musikzeitung.jpg","contentUrl":"https:\/\/www.revuemusicale.ch\/wp-content\/uploads\/2023\/01\/logo_revuemusicale_musikzeitung.jpg","width":1200,"height":243,"caption":"Revue Musicale Suisse"},"image":{"@id":"https:\/\/www.revuemusicale.ch\/#\/schema\/logo\/image\/"},"sameAs":["https:\/\/www.facebook.com\/SchweizerMusikzeitung\/","https:\/\/x.com\/smusikzeitung","https:\/\/www.instagram.com\/musikzeitung.ch\/?hl=de"]},{"@type":"Person","@id":"https:\/\/www.revuemusicale.ch\/#\/schema\/person\/b2fd892c800856270b9dcc6001265712","name":"Musikzeitung-Redaktion","image":{"@type":"ImageObject","inLanguage":"it-IT","@id":"https:\/\/secure.gravatar.com\/avatar\/0c7e6a405862e402eb76a70f8a26fc732d07c32931e9fae9ab1582911d2e8a3b?s=96&d=mm&r=g","url":"https:\/\/secure.gravatar.com\/avatar\/0c7e6a405862e402eb76a70f8a26fc732d07c32931e9fae9ab1582911d2e8a3b?s=96&d=mm&r=g","contentUrl":"https:\/\/secure.gravatar.com\/avatar\/0c7e6a405862e402eb76a70f8a26fc732d07c32931e9fae9ab1582911d2e8a3b?s=96&d=mm&r=g","caption":"Musikzeitung-Redaktion"},"sameAs":["http:\/\/wundo-docker.io"],"url":"https:\/\/www.revuemusicale.ch\/it\/author\/admin"}]}},"publishpress_future_action":{"enabled":false,"date":"1970-01-01 01:00:00","action":"change-status","newStatus":"draft","terms":[],"taxonomy":"category","extraData":[]},"publishpress_future_workflow_manual_trigger":{"enabledWorkflows":[]},"_links":{"self":[{"href":"https:\/\/www.revuemusicale.ch\/it\/wp-json\/wp\/v2\/posts\/22990","targetHints":{"allow":["GET"]}}],"collection":[{"href":"https:\/\/www.revuemusicale.ch\/it\/wp-json\/wp\/v2\/posts"}],"about":[{"href":"https:\/\/www.revuemusicale.ch\/it\/wp-json\/wp\/v2\/types\/post"}],"author":[{"embeddable":true,"href":"https:\/\/www.revuemusicale.ch\/it\/wp-json\/wp\/v2\/users\/1"}],"replies":[{"embeddable":true,"href":"https:\/\/www.revuemusicale.ch\/it\/wp-json\/wp\/v2\/comments?post=22990"}],"version-history":[{"count":3,"href":"https:\/\/www.revuemusicale.ch\/it\/wp-json\/wp\/v2\/posts\/22990\/revisions"}],"predecessor-version":[{"id":30839,"href":"https:\/\/www.revuemusicale.ch\/it\/wp-json\/wp\/v2\/posts\/22990\/revisions\/30839"}],"wp:featuredmedia":[{"embeddable":true,"href":"https:\/\/www.revuemusicale.ch\/it\/wp-json\/wp\/v2\/media\/22991"}],"wp:attachment":[{"href":"https:\/\/www.revuemusicale.ch\/it\/wp-json\/wp\/v2\/media?parent=22990"}],"wp:term":[{"taxonomy":"category","embeddable":true,"href":"https:\/\/www.revuemusicale.ch\/it\/wp-json\/wp\/v2\/categories?post=22990"},{"taxonomy":"post_tag","embeddable":true,"href":"https:\/\/www.revuemusicale.ch\/it\/wp-json\/wp\/v2\/tags?post=22990"}],"curies":[{"name":"wp","href":"https:\/\/api.w.org\/{rel}","templated":true}]}}