{"id":23337,"date":"2021-04-27T00:00:00","date_gmt":"2021-04-26T22:00:00","guid":{"rendered":"https:\/\/www.revuemusicale.ch\/blog\/2021\/04\/27\/bach-au-dela-des-mythes\/"},"modified":"2024-08-15T16:08:03","modified_gmt":"2024-08-15T14:08:03","slug":"bach-au-dela-des-mythes","status":"publish","type":"post","link":"https:\/\/www.revuemusicale.ch\/it\/critiques\/livres-et-partitions\/2021\/04\/bach-au-dela-des-mythes","title":{"rendered":"Bach oltre i miti"},"content":{"rendered":"<figure style=\"width: 554px\" class=\"wp-caption alignnone\"><img loading=\"lazy\" decoding=\"async\" src=\"https:\/\/www.revuemusicale.ch\/wp-content\/uploads\/2023\/01\/17a_Bachhaus_Eisenach_Bachikonographie_2014.jpg\" alt=\"\" width=\"554\" height=\"396\" \/><figcaption class=\"wp-caption-text\">Vari dipinti di Bach alla Bachhaus di Eisenach. Foto : <a href=\"https:\/\/commons.wikimedia.org\/wiki\/Category:Collection_in_the_Bachhaus_Museum#\/media\/File:17a_Bachhaus_Eisenach_Bachikonographie_2014.jpg\" target=\"_blank\" rel=\"noopener\">Bachhaus.eisenach \/ wikimedia commons<\/a><\/figcaption><\/figure>\n<div class=\"text-section\">\n<p>Incertezze ed errori, nonch\u00e9 approssimazioni e invenzioni fantasiose, hanno congelato alcuni illustri compositori in una ganga di falsit\u00e0 e leggende che sono state perpetuate da alcuni incauti musicografi. Questo \u00e8 in netto contrasto con l'ultima opera di Gilles Cantagrel, uno dei maggiori specialisti del Cantor di Lipsia, che si avvale di un approccio musicologico rigoroso, di testimonianze di prima mano e di documenti originali, alcuni dei quali sono venuti alla luce solo di recente, per qualificare, chiarire o correggere molte idee preconcette e imprecisioni, pur rimanendo una lettura estremamente piacevole. Nel corso di affascinanti capitoli, che possono essere letti in qualsiasi ordine, questa miniera di informazioni ci fornisce il contesto storico e sociale e descrive i luoghi in cui Bach soggiorn\u00f2 o visse - in particolare la Lipsia che lui conosceva, dinamica, moderna e francofila - cos\u00ec come la pratica vocale e strumentale onnipresente nella Germania del suo tempo. Oltre a vari aspetti che permettono di comprendere meglio la vita del compositore del<em>L'arte della fuga<\/em>Che si tratti della sua attivit\u00e0 musicale, dei suoi rapporti, in particolare con i membri della sua famiglia, della sua fede e dell'influenza che ebbe sul suo lavoro, della sua vocazione di insegnante, dei litigi e dei conflitti che dovette sopportare o della sua tardiva cecit\u00e0, l'eminente musicologo sfata il mito ancora troppo diffuso di un totale oblio seguito da un'improvvisa riscoperta delle sue composizioni. Tra gli innumerevoli argomenti trattati vi sono il rapporto di Bach con l'opera, la sua attivit\u00e0 di organizzatore di concerti a capo del suo Collegium Musicum, il destino della vedova e dei figli dopo la sua morte, l'erezione del primo monumento a lui dedicato su impulso di Mendelssohn, la lunga vicenda della riesumazione delle sue ossa, lo studio dei suoi manoscritti autografi e il loro delicato restauro. Questo libro \u00e8 un'eccellente dimostrazione che la profonda erudizione non esclude la capacit\u00e0 di essere accessibile e accattivante.<\/p>\n<\/div>\n<div class=\"text-section\">\n<dl class=\"picture media photo\">\n<dt><img decoding=\"async\" class=\"media photo aligncenter\" src=\"https:\/\/www.revuemusicale.ch\/wp-content\/uploads\/2023\/01\/05_crit_buch_Mettraux.jpg\" alt=\"Image \" \/><\/dt>\n<\/dl>\n<\/div>\n<div class=\"text-section\">\n<p><em>Gilles Cantagrel: Sur les traces de J.-S. Bach, 496 p., \u20ac 32,90, \u00c9ditions Buchet\/Chastel, Paris 2021, ISBN 978-2-283-03425-5<\/em><\/p>\n<\/div>","protected":false},"excerpt":{"rendered":"<p><strong>Un viaggio attraverso il tempo e il luogo per scoprire cosa sappiamo veramente della vita di Bach e delle persone a lui vicine, nonch\u00e9 della ricezione postuma della sua opera.<\/strong><\/p>","protected":false},"author":1,"featured_media":23338,"comment_status":"closed","ping_status":"closed","sticky":false,"template":"","format":"standard","meta":{"_acf_changed":false,"_relevanssi_hide_post":"","_relevanssi_hide_content":"","_relevanssi_pin_for_all":"","_relevanssi_pin_keywords":"","_relevanssi_unpin_keywords":"","_relevanssi_related_keywords":"","_relevanssi_related_include_ids":"","_relevanssi_related_exclude_ids":"","_relevanssi_related_no_append":"","_relevanssi_related_not_related":"","_relevanssi_related_posts":"","_relevanssi_noindex_reason":"","pgc_sgb_lightbox_settings":"","footnotes":""},"categories":[1614,1616],"tags":[],"class_list":["post-23337","post","type-post","status-publish","format-standard","has-post-thumbnail","hentry","category-critiques","category-livres-et-partitions"],"acf":[],"yoast_head":"<!-- This site is optimized with the Yoast SEO plugin v27.3 - https:\/\/yoast.com\/product\/yoast-seo-wordpress\/ -->\n<title>Bach au-del\u00e0 des mythes - Revue Musicale Suisse<\/title>\n<meta name=\"robots\" content=\"index, follow, max-snippet:-1, max-image-preview:large, max-video-preview:-1\" \/>\n<link rel=\"canonical\" href=\"https:\/\/www.revuemusicale.ch\/it\/critiques\/livres-et-partitions\/2021\/04\/bach-au-dela-des-mythes\/\" \/>\n<meta property=\"og:locale\" content=\"it_IT\" \/>\n<meta property=\"og:type\" content=\"article\" \/>\n<meta property=\"og:title\" content=\"Bach au-del\u00e0 des mythes - Revue Musicale Suisse\" \/>\n<meta property=\"og:description\" content=\"Un voyage \u00e0 travers le temps et les lieux pour discerner ce que nous savons r\u00e9ellement de la vie de Bach et de ses proches, ainsi que de la r\u00e9ception posthume de son \u0153uvre.\" \/>\n<meta property=\"og:url\" content=\"https:\/\/www.revuemusicale.ch\/it\/critiques\/livres-et-partitions\/2021\/04\/bach-au-dela-des-mythes\/\" \/>\n<meta property=\"og:site_name\" content=\"Revue Musicale Suisse\" \/>\n<meta property=\"article:publisher\" content=\"https:\/\/www.facebook.com\/SchweizerMusikzeitung\/\" \/>\n<meta property=\"article:published_time\" content=\"2021-04-26T22:00:00+00:00\" \/>\n<meta property=\"article:modified_time\" content=\"2024-08-15T14:08:03+00:00\" \/>\n<meta property=\"og:image\" content=\"https:\/\/www.revuemusicale.ch\/wp-content\/uploads\/2023\/01\/17a_Bachhaus_Eisenach_Bachikonographie_2014.jpg\" \/>\n\t<meta property=\"og:image:width\" content=\"554\" \/>\n\t<meta property=\"og:image:height\" content=\"396\" \/>\n\t<meta property=\"og:image:type\" content=\"image\/jpeg\" \/>\n<meta name=\"author\" content=\"Musikzeitung-Redaktion\" \/>\n<meta name=\"twitter:card\" content=\"summary_large_image\" \/>\n<meta name=\"twitter:creator\" content=\"@smusikzeitung\" \/>\n<meta name=\"twitter:site\" content=\"@smusikzeitung\" \/>\n<meta name=\"twitter:label1\" content=\"Scritto da\" \/>\n\t<meta name=\"twitter:data1\" content=\"Musikzeitung-Redaktion\" \/>\n\t<meta name=\"twitter:label2\" content=\"Tempo di lettura stimato\" \/>\n\t<meta name=\"twitter:data2\" content=\"3 minuti\" \/>\n<script type=\"application\/ld+json\" class=\"yoast-schema-graph\">{\"@context\":\"https:\\\/\\\/schema.org\",\"@graph\":[{\"@type\":\"Article\",\"@id\":\"https:\\\/\\\/www.revuemusicale.ch\\\/critiques\\\/livres-et-partitions\\\/2021\\\/04\\\/bach-au-dela-des-mythes#article\",\"isPartOf\":{\"@id\":\"https:\\\/\\\/www.revuemusicale.ch\\\/critiques\\\/livres-et-partitions\\\/2021\\\/04\\\/bach-au-dela-des-mythes\"},\"author\":{\"name\":\"Musikzeitung-Redaktion\",\"@id\":\"https:\\\/\\\/www.revuemusicale.ch\\\/#\\\/schema\\\/person\\\/b2fd892c800856270b9dcc6001265712\"},\"headline\":\"Bach au-del\u00e0 des mythes\",\"datePublished\":\"2021-04-26T22:00:00+00:00\",\"dateModified\":\"2024-08-15T14:08:03+00:00\",\"mainEntityOfPage\":{\"@id\":\"https:\\\/\\\/www.revuemusicale.ch\\\/critiques\\\/livres-et-partitions\\\/2021\\\/04\\\/bach-au-dela-des-mythes\"},\"wordCount\":416,\"publisher\":{\"@id\":\"https:\\\/\\\/www.revuemusicale.ch\\\/#organization\"},\"image\":{\"@id\":\"https:\\\/\\\/www.revuemusicale.ch\\\/critiques\\\/livres-et-partitions\\\/2021\\\/04\\\/bach-au-dela-des-mythes#primaryimage\"},\"thumbnailUrl\":\"https:\\\/\\\/www.revuemusicale.ch\\\/wp-content\\\/uploads\\\/2023\\\/01\\\/17a_Bachhaus_Eisenach_Bachikonographie_2014.jpg\",\"articleSection\":[\"Critiques\",\"Livres et partitions\"],\"inLanguage\":\"it-IT\"},{\"@type\":\"WebPage\",\"@id\":\"https:\\\/\\\/www.revuemusicale.ch\\\/critiques\\\/livres-et-partitions\\\/2021\\\/04\\\/bach-au-dela-des-mythes\",\"url\":\"https:\\\/\\\/www.revuemusicale.ch\\\/critiques\\\/livres-et-partitions\\\/2021\\\/04\\\/bach-au-dela-des-mythes\",\"name\":\"Bach au-del\u00e0 des mythes - Revue Musicale Suisse\",\"isPartOf\":{\"@id\":\"https:\\\/\\\/www.revuemusicale.ch\\\/#website\"},\"primaryImageOfPage\":{\"@id\":\"https:\\\/\\\/www.revuemusicale.ch\\\/critiques\\\/livres-et-partitions\\\/2021\\\/04\\\/bach-au-dela-des-mythes#primaryimage\"},\"image\":{\"@id\":\"https:\\\/\\\/www.revuemusicale.ch\\\/critiques\\\/livres-et-partitions\\\/2021\\\/04\\\/bach-au-dela-des-mythes#primaryimage\"},\"thumbnailUrl\":\"https:\\\/\\\/www.revuemusicale.ch\\\/wp-content\\\/uploads\\\/2023\\\/01\\\/17a_Bachhaus_Eisenach_Bachikonographie_2014.jpg\",\"datePublished\":\"2021-04-26T22:00:00+00:00\",\"dateModified\":\"2024-08-15T14:08:03+00:00\",\"breadcrumb\":{\"@id\":\"https:\\\/\\\/www.revuemusicale.ch\\\/critiques\\\/livres-et-partitions\\\/2021\\\/04\\\/bach-au-dela-des-mythes#breadcrumb\"},\"inLanguage\":\"it-IT\",\"potentialAction\":[{\"@type\":\"ReadAction\",\"target\":[\"https:\\\/\\\/www.revuemusicale.ch\\\/critiques\\\/livres-et-partitions\\\/2021\\\/04\\\/bach-au-dela-des-mythes\"]}]},{\"@type\":\"ImageObject\",\"inLanguage\":\"it-IT\",\"@id\":\"https:\\\/\\\/www.revuemusicale.ch\\\/critiques\\\/livres-et-partitions\\\/2021\\\/04\\\/bach-au-dela-des-mythes#primaryimage\",\"url\":\"https:\\\/\\\/www.revuemusicale.ch\\\/wp-content\\\/uploads\\\/2023\\\/01\\\/17a_Bachhaus_Eisenach_Bachikonographie_2014.jpg\",\"contentUrl\":\"https:\\\/\\\/www.revuemusicale.ch\\\/wp-content\\\/uploads\\\/2023\\\/01\\\/17a_Bachhaus_Eisenach_Bachikonographie_2014.jpg\",\"width\":554,\"height\":396},{\"@type\":\"BreadcrumbList\",\"@id\":\"https:\\\/\\\/www.revuemusicale.ch\\\/critiques\\\/livres-et-partitions\\\/2021\\\/04\\\/bach-au-dela-des-mythes#breadcrumb\",\"itemListElement\":[{\"@type\":\"ListItem\",\"position\":1,\"name\":\"Home\",\"item\":\"https:\\\/\\\/www.revuemusicale.ch\\\/\"},{\"@type\":\"ListItem\",\"position\":2,\"name\":\"Bach au-del\u00e0 des mythes\"}]},{\"@type\":\"WebSite\",\"@id\":\"https:\\\/\\\/www.revuemusicale.ch\\\/#website\",\"url\":\"https:\\\/\\\/www.revuemusicale.ch\\\/\",\"name\":\"Revue Musicale Suisse\",\"description\":\"\",\"publisher\":{\"@id\":\"https:\\\/\\\/www.revuemusicale.ch\\\/#organization\"},\"potentialAction\":[{\"@type\":\"SearchAction\",\"target\":{\"@type\":\"EntryPoint\",\"urlTemplate\":\"https:\\\/\\\/www.revuemusicale.ch\\\/?s={search_term_string}\"},\"query-input\":{\"@type\":\"PropertyValueSpecification\",\"valueRequired\":true,\"valueName\":\"search_term_string\"}}],\"inLanguage\":\"it-IT\"},{\"@type\":\"Organization\",\"@id\":\"https:\\\/\\\/www.revuemusicale.ch\\\/#organization\",\"name\":\"Revue Musicale Suisse\",\"url\":\"https:\\\/\\\/www.revuemusicale.ch\\\/\",\"logo\":{\"@type\":\"ImageObject\",\"inLanguage\":\"it-IT\",\"@id\":\"https:\\\/\\\/www.revuemusicale.ch\\\/#\\\/schema\\\/logo\\\/image\\\/\",\"url\":\"https:\\\/\\\/www.revuemusicale.ch\\\/wp-content\\\/uploads\\\/2023\\\/01\\\/logo_revuemusicale_musikzeitung.jpg\",\"contentUrl\":\"https:\\\/\\\/www.revuemusicale.ch\\\/wp-content\\\/uploads\\\/2023\\\/01\\\/logo_revuemusicale_musikzeitung.jpg\",\"width\":1200,\"height\":243,\"caption\":\"Revue Musicale Suisse\"},\"image\":{\"@id\":\"https:\\\/\\\/www.revuemusicale.ch\\\/#\\\/schema\\\/logo\\\/image\\\/\"},\"sameAs\":[\"https:\\\/\\\/www.facebook.com\\\/SchweizerMusikzeitung\\\/\",\"https:\\\/\\\/x.com\\\/smusikzeitung\",\"https:\\\/\\\/www.instagram.com\\\/musikzeitung.ch\\\/?hl=de\"]},{\"@type\":\"Person\",\"@id\":\"https:\\\/\\\/www.revuemusicale.ch\\\/#\\\/schema\\\/person\\\/b2fd892c800856270b9dcc6001265712\",\"name\":\"Musikzeitung-Redaktion\",\"image\":{\"@type\":\"ImageObject\",\"inLanguage\":\"it-IT\",\"@id\":\"https:\\\/\\\/secure.gravatar.com\\\/avatar\\\/0c7e6a405862e402eb76a70f8a26fc732d07c32931e9fae9ab1582911d2e8a3b?s=96&d=mm&r=g\",\"url\":\"https:\\\/\\\/secure.gravatar.com\\\/avatar\\\/0c7e6a405862e402eb76a70f8a26fc732d07c32931e9fae9ab1582911d2e8a3b?s=96&d=mm&r=g\",\"contentUrl\":\"https:\\\/\\\/secure.gravatar.com\\\/avatar\\\/0c7e6a405862e402eb76a70f8a26fc732d07c32931e9fae9ab1582911d2e8a3b?s=96&d=mm&r=g\",\"caption\":\"Musikzeitung-Redaktion\"},\"sameAs\":[\"http:\\\/\\\/wundo-docker.io\"],\"url\":\"https:\\\/\\\/www.revuemusicale.ch\\\/it\\\/author\\\/admin\"}]}<\/script>\n<!-- \/ Yoast SEO plugin. -->","yoast_head_json":{"title":"Bach au-del\u00e0 des mythes - Revue Musicale Suisse","robots":{"index":"index","follow":"follow","max-snippet":"max-snippet:-1","max-image-preview":"max-image-preview:large","max-video-preview":"max-video-preview:-1"},"canonical":"https:\/\/www.revuemusicale.ch\/it\/critiques\/livres-et-partitions\/2021\/04\/bach-au-dela-des-mythes\/","og_locale":"it_IT","og_type":"article","og_title":"Bach au-del\u00e0 des mythes - Revue Musicale Suisse","og_description":"Un voyage \u00e0 travers le temps et les lieux pour discerner ce que nous savons r\u00e9ellement de la vie de Bach et de ses proches, ainsi que de la r\u00e9ception posthume de son \u0153uvre.","og_url":"https:\/\/www.revuemusicale.ch\/it\/critiques\/livres-et-partitions\/2021\/04\/bach-au-dela-des-mythes\/","og_site_name":"Revue Musicale Suisse","article_publisher":"https:\/\/www.facebook.com\/SchweizerMusikzeitung\/","article_published_time":"2021-04-26T22:00:00+00:00","article_modified_time":"2024-08-15T14:08:03+00:00","og_image":[{"width":554,"height":396,"url":"https:\/\/www.revuemusicale.ch\/wp-content\/uploads\/2023\/01\/17a_Bachhaus_Eisenach_Bachikonographie_2014.jpg","type":"image\/jpeg"}],"author":"Musikzeitung-Redaktion","twitter_card":"summary_large_image","twitter_creator":"@smusikzeitung","twitter_site":"@smusikzeitung","twitter_misc":{"Scritto da":"Musikzeitung-Redaktion","Tempo di lettura stimato":"3 minuti"},"schema":{"@context":"https:\/\/schema.org","@graph":[{"@type":"Article","@id":"https:\/\/www.revuemusicale.ch\/critiques\/livres-et-partitions\/2021\/04\/bach-au-dela-des-mythes#article","isPartOf":{"@id":"https:\/\/www.revuemusicale.ch\/critiques\/livres-et-partitions\/2021\/04\/bach-au-dela-des-mythes"},"author":{"name":"Musikzeitung-Redaktion","@id":"https:\/\/www.revuemusicale.ch\/#\/schema\/person\/b2fd892c800856270b9dcc6001265712"},"headline":"Bach au-del\u00e0 des mythes","datePublished":"2021-04-26T22:00:00+00:00","dateModified":"2024-08-15T14:08:03+00:00","mainEntityOfPage":{"@id":"https:\/\/www.revuemusicale.ch\/critiques\/livres-et-partitions\/2021\/04\/bach-au-dela-des-mythes"},"wordCount":416,"publisher":{"@id":"https:\/\/www.revuemusicale.ch\/#organization"},"image":{"@id":"https:\/\/www.revuemusicale.ch\/critiques\/livres-et-partitions\/2021\/04\/bach-au-dela-des-mythes#primaryimage"},"thumbnailUrl":"https:\/\/www.revuemusicale.ch\/wp-content\/uploads\/2023\/01\/17a_Bachhaus_Eisenach_Bachikonographie_2014.jpg","articleSection":["Critiques","Livres et partitions"],"inLanguage":"it-IT"},{"@type":"WebPage","@id":"https:\/\/www.revuemusicale.ch\/critiques\/livres-et-partitions\/2021\/04\/bach-au-dela-des-mythes","url":"https:\/\/www.revuemusicale.ch\/critiques\/livres-et-partitions\/2021\/04\/bach-au-dela-des-mythes","name":"Bach au-del\u00e0 des mythes - Revue Musicale Suisse","isPartOf":{"@id":"https:\/\/www.revuemusicale.ch\/#website"},"primaryImageOfPage":{"@id":"https:\/\/www.revuemusicale.ch\/critiques\/livres-et-partitions\/2021\/04\/bach-au-dela-des-mythes#primaryimage"},"image":{"@id":"https:\/\/www.revuemusicale.ch\/critiques\/livres-et-partitions\/2021\/04\/bach-au-dela-des-mythes#primaryimage"},"thumbnailUrl":"https:\/\/www.revuemusicale.ch\/wp-content\/uploads\/2023\/01\/17a_Bachhaus_Eisenach_Bachikonographie_2014.jpg","datePublished":"2021-04-26T22:00:00+00:00","dateModified":"2024-08-15T14:08:03+00:00","breadcrumb":{"@id":"https:\/\/www.revuemusicale.ch\/critiques\/livres-et-partitions\/2021\/04\/bach-au-dela-des-mythes#breadcrumb"},"inLanguage":"it-IT","potentialAction":[{"@type":"ReadAction","target":["https:\/\/www.revuemusicale.ch\/critiques\/livres-et-partitions\/2021\/04\/bach-au-dela-des-mythes"]}]},{"@type":"ImageObject","inLanguage":"it-IT","@id":"https:\/\/www.revuemusicale.ch\/critiques\/livres-et-partitions\/2021\/04\/bach-au-dela-des-mythes#primaryimage","url":"https:\/\/www.revuemusicale.ch\/wp-content\/uploads\/2023\/01\/17a_Bachhaus_Eisenach_Bachikonographie_2014.jpg","contentUrl":"https:\/\/www.revuemusicale.ch\/wp-content\/uploads\/2023\/01\/17a_Bachhaus_Eisenach_Bachikonographie_2014.jpg","width":554,"height":396},{"@type":"BreadcrumbList","@id":"https:\/\/www.revuemusicale.ch\/critiques\/livres-et-partitions\/2021\/04\/bach-au-dela-des-mythes#breadcrumb","itemListElement":[{"@type":"ListItem","position":1,"name":"Home","item":"https:\/\/www.revuemusicale.ch\/"},{"@type":"ListItem","position":2,"name":"Bach au-del\u00e0 des mythes"}]},{"@type":"WebSite","@id":"https:\/\/www.revuemusicale.ch\/#website","url":"https:\/\/www.revuemusicale.ch\/","name":"Rassegna musicale svizzera","description":"","publisher":{"@id":"https:\/\/www.revuemusicale.ch\/#organization"},"potentialAction":[{"@type":"SearchAction","target":{"@type":"EntryPoint","urlTemplate":"https:\/\/www.revuemusicale.ch\/?s={search_term_string}"},"query-input":{"@type":"PropertyValueSpecification","valueRequired":true,"valueName":"search_term_string"}}],"inLanguage":"it-IT"},{"@type":"Organization","@id":"https:\/\/www.revuemusicale.ch\/#organization","name":"Rassegna musicale svizzera","url":"https:\/\/www.revuemusicale.ch\/","logo":{"@type":"ImageObject","inLanguage":"it-IT","@id":"https:\/\/www.revuemusicale.ch\/#\/schema\/logo\/image\/","url":"https:\/\/www.revuemusicale.ch\/wp-content\/uploads\/2023\/01\/logo_revuemusicale_musikzeitung.jpg","contentUrl":"https:\/\/www.revuemusicale.ch\/wp-content\/uploads\/2023\/01\/logo_revuemusicale_musikzeitung.jpg","width":1200,"height":243,"caption":"Revue Musicale Suisse"},"image":{"@id":"https:\/\/www.revuemusicale.ch\/#\/schema\/logo\/image\/"},"sameAs":["https:\/\/www.facebook.com\/SchweizerMusikzeitung\/","https:\/\/x.com\/smusikzeitung","https:\/\/www.instagram.com\/musikzeitung.ch\/?hl=de"]},{"@type":"Person","@id":"https:\/\/www.revuemusicale.ch\/#\/schema\/person\/b2fd892c800856270b9dcc6001265712","name":"Musikzeitung-Redaktion","image":{"@type":"ImageObject","inLanguage":"it-IT","@id":"https:\/\/secure.gravatar.com\/avatar\/0c7e6a405862e402eb76a70f8a26fc732d07c32931e9fae9ab1582911d2e8a3b?s=96&d=mm&r=g","url":"https:\/\/secure.gravatar.com\/avatar\/0c7e6a405862e402eb76a70f8a26fc732d07c32931e9fae9ab1582911d2e8a3b?s=96&d=mm&r=g","contentUrl":"https:\/\/secure.gravatar.com\/avatar\/0c7e6a405862e402eb76a70f8a26fc732d07c32931e9fae9ab1582911d2e8a3b?s=96&d=mm&r=g","caption":"Musikzeitung-Redaktion"},"sameAs":["http:\/\/wundo-docker.io"],"url":"https:\/\/www.revuemusicale.ch\/it\/author\/admin"}]}},"publishpress_future_action":{"enabled":false,"date":"1970-01-01 01:00:00","action":"change-status","newStatus":"draft","terms":[],"taxonomy":"category","extraData":[]},"publishpress_future_workflow_manual_trigger":{"enabledWorkflows":[]},"_links":{"self":[{"href":"https:\/\/www.revuemusicale.ch\/it\/wp-json\/wp\/v2\/posts\/23337","targetHints":{"allow":["GET"]}}],"collection":[{"href":"https:\/\/www.revuemusicale.ch\/it\/wp-json\/wp\/v2\/posts"}],"about":[{"href":"https:\/\/www.revuemusicale.ch\/it\/wp-json\/wp\/v2\/types\/post"}],"author":[{"embeddable":true,"href":"https:\/\/www.revuemusicale.ch\/it\/wp-json\/wp\/v2\/users\/1"}],"replies":[{"embeddable":true,"href":"https:\/\/www.revuemusicale.ch\/it\/wp-json\/wp\/v2\/comments?post=23337"}],"version-history":[{"count":4,"href":"https:\/\/www.revuemusicale.ch\/it\/wp-json\/wp\/v2\/posts\/23337\/revisions"}],"predecessor-version":[{"id":30646,"href":"https:\/\/www.revuemusicale.ch\/it\/wp-json\/wp\/v2\/posts\/23337\/revisions\/30646"}],"wp:featuredmedia":[{"embeddable":true,"href":"https:\/\/www.revuemusicale.ch\/it\/wp-json\/wp\/v2\/media\/23338"}],"wp:attachment":[{"href":"https:\/\/www.revuemusicale.ch\/it\/wp-json\/wp\/v2\/media?parent=23337"}],"wp:term":[{"taxonomy":"category","embeddable":true,"href":"https:\/\/www.revuemusicale.ch\/it\/wp-json\/wp\/v2\/categories?post=23337"},{"taxonomy":"post_tag","embeddable":true,"href":"https:\/\/www.revuemusicale.ch\/it\/wp-json\/wp\/v2\/tags?post=23337"}],"curies":[{"name":"wp","href":"https:\/\/api.w.org\/{rel}","templated":true}]}}