{"id":23439,"date":"2015-01-26T00:00:00","date_gmt":"2015-01-25T23:00:00","guid":{"rendered":"https:\/\/www.revuemusicale.ch\/blog\/2015\/01\/26\/le-centre-culturel-suisse-de-paris-fete-ses-30-ans\/"},"modified":"2023-01-18T17:45:32","modified_gmt":"2023-01-18T16:45:32","slug":"le-centre-culturel-suisse-de-paris-fete-ses-30-ans","status":"publish","type":"post","link":"https:\/\/www.revuemusicale.ch\/it\/politique\/2015\/01\/le-centre-culturel-suisse-de-paris-fete-ses-30-ans","title":{"rendered":"Il Centro culturale svizzero di Parigi celebra il suo 30\u00b0 anniversario"},"content":{"rendered":"<figure style=\"width: 1200px\" class=\"wp-caption alignnone\"><img decoding=\"async\" class=\"size-full\" src=\"https:\/\/www.revuemusicale.ch\/wp-content\/uploads\/2023\/01\/140217_Centre_culturel_suisse_Paris_Eingangstor__c__Sebastien_Borda_CC.jpg\" alt=\"\" \/><figcaption class=\"wp-caption-text\">Foto: Pro Helvetia<\/figcaption><\/figure>\n<div class='text-section'>\n<p>La celebrazione ufficiale dell'anniversario si terr\u00e0 a settembre alla presenza del Consigliere federale Alain Berset. Verr\u00e0 inaugurato \"PerformanceProcess\", un progetto interdisciplinare incentrato sull'arte performativa svizzera contemporanea, che inviter\u00e0 una serie di produzioni svizzere e sar\u00e0 uno dei momenti salienti dell'anno.<\/p>\n<p>Il programma dell'anniversario 2015 si apre a gennaio con l'artista vallesano Pierre Vadi e Nicolas Party, artista di origine svizzera che lavora a Bruxelles. Verr\u00e0 inoltre pubblicata una pubblicazione con 30 artisti svizzeri che hanno segnato i 30 anni di esistenza del CCS.<\/p>\n<p><strong>Un'istituzione consolidata nel cuore della vita culturale parigina<\/strong><\/p>\n<p>L'obiettivo del Centre culturel suisse de Paris \u00e8 promuovere la cultura svizzera contemporanea nella capitale francese e incoraggiare gli scambi tra le scene culturali dei due Paesi. Parigi \u00e8 tradizionalmente un importante centro culturale per la Svizzera francese. Ma anche gli artisti di altre regioni linguistiche vedono nel Centro un'importante opportunit\u00e0 di esibirsi in una metropoli culturale riconosciuta in tutto il mondo e in grado di favorire lo sviluppo di una carriera artistica.<\/p>\n<p>Il Centre culturel suisse di Parigi ha un significato particolare per la Svizzera. \u00c8 il pi\u00f9 antico centro culturale svizzero all'estero, fondato nel 1985.<\/p>\n<\/p><\/div>","protected":false},"excerpt":{"rendered":"<p><strong>Situato nel cuore del Marais, il Centre culturel suisse \u00e8 da 30 anni la vetrina dell'arte e della cultura svizzera a Parigi. Gestito da Pro Helvetia, il centro porta la cultura svizzera contemporanea nella capitale francese ed \u00e8 diventato parte integrante della scena culturale parigina, attirando ogni anno quasi 40.000 visitatori.<\/strong><\/p>","protected":false},"author":1,"featured_media":23440,"comment_status":"open","ping_status":"open","sticky":false,"template":"","format":"standard","meta":{"_acf_changed":false,"_relevanssi_hide_post":"","_relevanssi_hide_content":"","_relevanssi_pin_for_all":"","_relevanssi_pin_keywords":"","_relevanssi_unpin_keywords":"","_relevanssi_related_keywords":"","_relevanssi_related_include_ids":"","_relevanssi_related_exclude_ids":"","_relevanssi_related_no_append":"","_relevanssi_related_not_related":"","_relevanssi_related_posts":"","_relevanssi_noindex_reason":"","pgc_sgb_lightbox_settings":"","footnotes":""},"categories":[1617,1612],"tags":[],"class_list":["post-23439","post","type-post","status-publish","format-standard","has-post-thumbnail","hentry","category-international-politique","category-politique"],"acf":[],"yoast_head":"<!-- This site is optimized with the Yoast SEO plugin v27.3 - https:\/\/yoast.com\/product\/yoast-seo-wordpress\/ -->\n<title>Le Centre culturel suisse de Paris f\u00eate ses 30 ans - Revue Musicale Suisse<\/title>\n<meta name=\"robots\" content=\"index, follow, max-snippet:-1, max-image-preview:large, max-video-preview:-1\" \/>\n<link rel=\"canonical\" href=\"https:\/\/www.revuemusicale.ch\/it\/politique\/2015\/01\/le-centre-culturel-suisse-de-paris-fete-ses-30-ans\/\" \/>\n<meta property=\"og:locale\" content=\"it_IT\" \/>\n<meta property=\"og:type\" content=\"article\" \/>\n<meta property=\"og:title\" content=\"Le Centre culturel suisse de Paris f\u00eate ses 30 ans - Revue Musicale Suisse\" \/>\n<meta property=\"og:description\" content=\"Situ\u00e9 en plein c\u0153ur du Marais, le Centre culturel suisse est depuis 30 ans la vitrine parisienne de l\u2019art et de la culture helv\u00e9tiques. Ce centre g\u00e9r\u00e9 par Pro Helvetia, qui fait conna\u00eetre la culture contemporaine de Suisse dans la capitale fran\u00e7aise, fait maintenant partie int\u00e9grante de la sc\u00e8ne culturelle parisienne: pr\u00e8s de 40&#039;000 visiteurs s\u2019y rendent chaque ann\u00e9e.\" \/>\n<meta property=\"og:url\" content=\"https:\/\/www.revuemusicale.ch\/it\/politique\/2015\/01\/le-centre-culturel-suisse-de-paris-fete-ses-30-ans\/\" \/>\n<meta property=\"og:site_name\" content=\"Revue Musicale Suisse\" \/>\n<meta property=\"article:publisher\" content=\"https:\/\/www.facebook.com\/SchweizerMusikzeitung\/\" \/>\n<meta property=\"article:published_time\" content=\"2015-01-25T23:00:00+00:00\" \/>\n<meta property=\"article:modified_time\" content=\"2023-01-18T16:45:32+00:00\" \/>\n<meta property=\"og:image\" content=\"https:\/\/www.revuemusicale.ch\/wp-content\/uploads\/2023\/01\/140217_Centre_culturel_suisse_Paris_Eingangstor__c__Sebastien_Borda_CC.jpg\" \/>\n\t<meta property=\"og:image:width\" content=\"554\" \/>\n\t<meta property=\"og:image:height\" content=\"384\" \/>\n\t<meta property=\"og:image:type\" content=\"image\/jpeg\" \/>\n<meta name=\"author\" content=\"Musikzeitung-Redaktion\" \/>\n<meta name=\"twitter:card\" content=\"summary_large_image\" \/>\n<meta name=\"twitter:creator\" content=\"@smusikzeitung\" \/>\n<meta name=\"twitter:site\" content=\"@smusikzeitung\" \/>\n<meta name=\"twitter:label1\" content=\"Scritto da\" \/>\n\t<meta name=\"twitter:data1\" content=\"Musikzeitung-Redaktion\" \/>\n\t<meta name=\"twitter:label2\" content=\"Tempo di lettura stimato\" \/>\n\t<meta name=\"twitter:data2\" content=\"1 minuto\" \/>\n<script type=\"application\/ld+json\" class=\"yoast-schema-graph\">{\"@context\":\"https:\\\/\\\/schema.org\",\"@graph\":[{\"@type\":\"Article\",\"@id\":\"https:\\\/\\\/www.revuemusicale.ch\\\/politique\\\/2015\\\/01\\\/le-centre-culturel-suisse-de-paris-fete-ses-30-ans#article\",\"isPartOf\":{\"@id\":\"https:\\\/\\\/www.revuemusicale.ch\\\/politique\\\/2015\\\/01\\\/le-centre-culturel-suisse-de-paris-fete-ses-30-ans\"},\"author\":{\"name\":\"Musikzeitung-Redaktion\",\"@id\":\"https:\\\/\\\/www.revuemusicale.ch\\\/#\\\/schema\\\/person\\\/b2fd892c800856270b9dcc6001265712\"},\"headline\":\"Le Centre culturel suisse de Paris f\u00eate ses 30 ans\",\"datePublished\":\"2015-01-25T23:00:00+00:00\",\"dateModified\":\"2023-01-18T16:45:32+00:00\",\"mainEntityOfPage\":{\"@id\":\"https:\\\/\\\/www.revuemusicale.ch\\\/politique\\\/2015\\\/01\\\/le-centre-culturel-suisse-de-paris-fete-ses-30-ans\"},\"wordCount\":247,\"commentCount\":0,\"publisher\":{\"@id\":\"https:\\\/\\\/www.revuemusicale.ch\\\/#organization\"},\"image\":{\"@id\":\"https:\\\/\\\/www.revuemusicale.ch\\\/politique\\\/2015\\\/01\\\/le-centre-culturel-suisse-de-paris-fete-ses-30-ans#primaryimage\"},\"thumbnailUrl\":\"https:\\\/\\\/www.revuemusicale.ch\\\/wp-content\\\/uploads\\\/2023\\\/01\\\/140217_Centre_culturel_suisse_Paris_Eingangstor__c__Sebastien_Borda_CC.jpg\",\"articleSection\":[\"International\",\"Politique\"],\"inLanguage\":\"it-IT\"},{\"@type\":\"WebPage\",\"@id\":\"https:\\\/\\\/www.revuemusicale.ch\\\/politique\\\/2015\\\/01\\\/le-centre-culturel-suisse-de-paris-fete-ses-30-ans\",\"url\":\"https:\\\/\\\/www.revuemusicale.ch\\\/politique\\\/2015\\\/01\\\/le-centre-culturel-suisse-de-paris-fete-ses-30-ans\",\"name\":\"Le Centre culturel suisse de Paris f\u00eate ses 30 ans - Revue Musicale Suisse\",\"isPartOf\":{\"@id\":\"https:\\\/\\\/www.revuemusicale.ch\\\/#website\"},\"primaryImageOfPage\":{\"@id\":\"https:\\\/\\\/www.revuemusicale.ch\\\/politique\\\/2015\\\/01\\\/le-centre-culturel-suisse-de-paris-fete-ses-30-ans#primaryimage\"},\"image\":{\"@id\":\"https:\\\/\\\/www.revuemusicale.ch\\\/politique\\\/2015\\\/01\\\/le-centre-culturel-suisse-de-paris-fete-ses-30-ans#primaryimage\"},\"thumbnailUrl\":\"https:\\\/\\\/www.revuemusicale.ch\\\/wp-content\\\/uploads\\\/2023\\\/01\\\/140217_Centre_culturel_suisse_Paris_Eingangstor__c__Sebastien_Borda_CC.jpg\",\"datePublished\":\"2015-01-25T23:00:00+00:00\",\"dateModified\":\"2023-01-18T16:45:32+00:00\",\"breadcrumb\":{\"@id\":\"https:\\\/\\\/www.revuemusicale.ch\\\/politique\\\/2015\\\/01\\\/le-centre-culturel-suisse-de-paris-fete-ses-30-ans#breadcrumb\"},\"inLanguage\":\"it-IT\",\"potentialAction\":[{\"@type\":\"ReadAction\",\"target\":[\"https:\\\/\\\/www.revuemusicale.ch\\\/politique\\\/2015\\\/01\\\/le-centre-culturel-suisse-de-paris-fete-ses-30-ans\"]}]},{\"@type\":\"ImageObject\",\"inLanguage\":\"it-IT\",\"@id\":\"https:\\\/\\\/www.revuemusicale.ch\\\/politique\\\/2015\\\/01\\\/le-centre-culturel-suisse-de-paris-fete-ses-30-ans#primaryimage\",\"url\":\"https:\\\/\\\/www.revuemusicale.ch\\\/wp-content\\\/uploads\\\/2023\\\/01\\\/140217_Centre_culturel_suisse_Paris_Eingangstor__c__Sebastien_Borda_CC.jpg\",\"contentUrl\":\"https:\\\/\\\/www.revuemusicale.ch\\\/wp-content\\\/uploads\\\/2023\\\/01\\\/140217_Centre_culturel_suisse_Paris_Eingangstor__c__Sebastien_Borda_CC.jpg\",\"width\":554,\"height\":384},{\"@type\":\"BreadcrumbList\",\"@id\":\"https:\\\/\\\/www.revuemusicale.ch\\\/politique\\\/2015\\\/01\\\/le-centre-culturel-suisse-de-paris-fete-ses-30-ans#breadcrumb\",\"itemListElement\":[{\"@type\":\"ListItem\",\"position\":1,\"name\":\"Home\",\"item\":\"https:\\\/\\\/www.revuemusicale.ch\\\/\"},{\"@type\":\"ListItem\",\"position\":2,\"name\":\"Le Centre culturel suisse de Paris f\u00eate ses 30 ans\"}]},{\"@type\":\"WebSite\",\"@id\":\"https:\\\/\\\/www.revuemusicale.ch\\\/#website\",\"url\":\"https:\\\/\\\/www.revuemusicale.ch\\\/\",\"name\":\"Revue Musicale Suisse\",\"description\":\"\",\"publisher\":{\"@id\":\"https:\\\/\\\/www.revuemusicale.ch\\\/#organization\"},\"potentialAction\":[{\"@type\":\"SearchAction\",\"target\":{\"@type\":\"EntryPoint\",\"urlTemplate\":\"https:\\\/\\\/www.revuemusicale.ch\\\/?s={search_term_string}\"},\"query-input\":{\"@type\":\"PropertyValueSpecification\",\"valueRequired\":true,\"valueName\":\"search_term_string\"}}],\"inLanguage\":\"it-IT\"},{\"@type\":\"Organization\",\"@id\":\"https:\\\/\\\/www.revuemusicale.ch\\\/#organization\",\"name\":\"Revue Musicale Suisse\",\"url\":\"https:\\\/\\\/www.revuemusicale.ch\\\/\",\"logo\":{\"@type\":\"ImageObject\",\"inLanguage\":\"it-IT\",\"@id\":\"https:\\\/\\\/www.revuemusicale.ch\\\/#\\\/schema\\\/logo\\\/image\\\/\",\"url\":\"https:\\\/\\\/www.revuemusicale.ch\\\/wp-content\\\/uploads\\\/2023\\\/01\\\/logo_revuemusicale_musikzeitung.jpg\",\"contentUrl\":\"https:\\\/\\\/www.revuemusicale.ch\\\/wp-content\\\/uploads\\\/2023\\\/01\\\/logo_revuemusicale_musikzeitung.jpg\",\"width\":1200,\"height\":243,\"caption\":\"Revue Musicale Suisse\"},\"image\":{\"@id\":\"https:\\\/\\\/www.revuemusicale.ch\\\/#\\\/schema\\\/logo\\\/image\\\/\"},\"sameAs\":[\"https:\\\/\\\/www.facebook.com\\\/SchweizerMusikzeitung\\\/\",\"https:\\\/\\\/x.com\\\/smusikzeitung\",\"https:\\\/\\\/www.instagram.com\\\/musikzeitung.ch\\\/?hl=de\"]},{\"@type\":\"Person\",\"@id\":\"https:\\\/\\\/www.revuemusicale.ch\\\/#\\\/schema\\\/person\\\/b2fd892c800856270b9dcc6001265712\",\"name\":\"Musikzeitung-Redaktion\",\"image\":{\"@type\":\"ImageObject\",\"inLanguage\":\"it-IT\",\"@id\":\"https:\\\/\\\/secure.gravatar.com\\\/avatar\\\/0c7e6a405862e402eb76a70f8a26fc732d07c32931e9fae9ab1582911d2e8a3b?s=96&d=mm&r=g\",\"url\":\"https:\\\/\\\/secure.gravatar.com\\\/avatar\\\/0c7e6a405862e402eb76a70f8a26fc732d07c32931e9fae9ab1582911d2e8a3b?s=96&d=mm&r=g\",\"contentUrl\":\"https:\\\/\\\/secure.gravatar.com\\\/avatar\\\/0c7e6a405862e402eb76a70f8a26fc732d07c32931e9fae9ab1582911d2e8a3b?s=96&d=mm&r=g\",\"caption\":\"Musikzeitung-Redaktion\"},\"sameAs\":[\"http:\\\/\\\/wundo-docker.io\"],\"url\":\"https:\\\/\\\/www.revuemusicale.ch\\\/it\\\/author\\\/admin\"}]}<\/script>\n<!-- \/ Yoast SEO plugin. -->","yoast_head_json":{"title":"Le Centre culturel suisse de Paris f\u00eate ses 30 ans - Revue Musicale Suisse","robots":{"index":"index","follow":"follow","max-snippet":"max-snippet:-1","max-image-preview":"max-image-preview:large","max-video-preview":"max-video-preview:-1"},"canonical":"https:\/\/www.revuemusicale.ch\/it\/politique\/2015\/01\/le-centre-culturel-suisse-de-paris-fete-ses-30-ans\/","og_locale":"it_IT","og_type":"article","og_title":"Le Centre culturel suisse de Paris f\u00eate ses 30 ans - Revue Musicale Suisse","og_description":"Situ\u00e9 en plein c\u0153ur du Marais, le Centre culturel suisse est depuis 30 ans la vitrine parisienne de l\u2019art et de la culture helv\u00e9tiques. Ce centre g\u00e9r\u00e9 par Pro Helvetia, qui fait conna\u00eetre la culture contemporaine de Suisse dans la capitale fran\u00e7aise, fait maintenant partie int\u00e9grante de la sc\u00e8ne culturelle parisienne: pr\u00e8s de 40'000 visiteurs s\u2019y rendent chaque ann\u00e9e.","og_url":"https:\/\/www.revuemusicale.ch\/it\/politique\/2015\/01\/le-centre-culturel-suisse-de-paris-fete-ses-30-ans\/","og_site_name":"Revue Musicale Suisse","article_publisher":"https:\/\/www.facebook.com\/SchweizerMusikzeitung\/","article_published_time":"2015-01-25T23:00:00+00:00","article_modified_time":"2023-01-18T16:45:32+00:00","og_image":[{"width":554,"height":384,"url":"https:\/\/www.revuemusicale.ch\/wp-content\/uploads\/2023\/01\/140217_Centre_culturel_suisse_Paris_Eingangstor__c__Sebastien_Borda_CC.jpg","type":"image\/jpeg"}],"author":"Musikzeitung-Redaktion","twitter_card":"summary_large_image","twitter_creator":"@smusikzeitung","twitter_site":"@smusikzeitung","twitter_misc":{"Scritto da":"Musikzeitung-Redaktion","Tempo di lettura stimato":"1 minuto"},"schema":{"@context":"https:\/\/schema.org","@graph":[{"@type":"Article","@id":"https:\/\/www.revuemusicale.ch\/politique\/2015\/01\/le-centre-culturel-suisse-de-paris-fete-ses-30-ans#article","isPartOf":{"@id":"https:\/\/www.revuemusicale.ch\/politique\/2015\/01\/le-centre-culturel-suisse-de-paris-fete-ses-30-ans"},"author":{"name":"Musikzeitung-Redaktion","@id":"https:\/\/www.revuemusicale.ch\/#\/schema\/person\/b2fd892c800856270b9dcc6001265712"},"headline":"Le Centre culturel suisse de Paris f\u00eate ses 30 ans","datePublished":"2015-01-25T23:00:00+00:00","dateModified":"2023-01-18T16:45:32+00:00","mainEntityOfPage":{"@id":"https:\/\/www.revuemusicale.ch\/politique\/2015\/01\/le-centre-culturel-suisse-de-paris-fete-ses-30-ans"},"wordCount":247,"commentCount":0,"publisher":{"@id":"https:\/\/www.revuemusicale.ch\/#organization"},"image":{"@id":"https:\/\/www.revuemusicale.ch\/politique\/2015\/01\/le-centre-culturel-suisse-de-paris-fete-ses-30-ans#primaryimage"},"thumbnailUrl":"https:\/\/www.revuemusicale.ch\/wp-content\/uploads\/2023\/01\/140217_Centre_culturel_suisse_Paris_Eingangstor__c__Sebastien_Borda_CC.jpg","articleSection":["International","Politique"],"inLanguage":"it-IT"},{"@type":"WebPage","@id":"https:\/\/www.revuemusicale.ch\/politique\/2015\/01\/le-centre-culturel-suisse-de-paris-fete-ses-30-ans","url":"https:\/\/www.revuemusicale.ch\/politique\/2015\/01\/le-centre-culturel-suisse-de-paris-fete-ses-30-ans","name":"Le Centre culturel suisse de Paris f\u00eate ses 30 ans - Revue Musicale Suisse","isPartOf":{"@id":"https:\/\/www.revuemusicale.ch\/#website"},"primaryImageOfPage":{"@id":"https:\/\/www.revuemusicale.ch\/politique\/2015\/01\/le-centre-culturel-suisse-de-paris-fete-ses-30-ans#primaryimage"},"image":{"@id":"https:\/\/www.revuemusicale.ch\/politique\/2015\/01\/le-centre-culturel-suisse-de-paris-fete-ses-30-ans#primaryimage"},"thumbnailUrl":"https:\/\/www.revuemusicale.ch\/wp-content\/uploads\/2023\/01\/140217_Centre_culturel_suisse_Paris_Eingangstor__c__Sebastien_Borda_CC.jpg","datePublished":"2015-01-25T23:00:00+00:00","dateModified":"2023-01-18T16:45:32+00:00","breadcrumb":{"@id":"https:\/\/www.revuemusicale.ch\/politique\/2015\/01\/le-centre-culturel-suisse-de-paris-fete-ses-30-ans#breadcrumb"},"inLanguage":"it-IT","potentialAction":[{"@type":"ReadAction","target":["https:\/\/www.revuemusicale.ch\/politique\/2015\/01\/le-centre-culturel-suisse-de-paris-fete-ses-30-ans"]}]},{"@type":"ImageObject","inLanguage":"it-IT","@id":"https:\/\/www.revuemusicale.ch\/politique\/2015\/01\/le-centre-culturel-suisse-de-paris-fete-ses-30-ans#primaryimage","url":"https:\/\/www.revuemusicale.ch\/wp-content\/uploads\/2023\/01\/140217_Centre_culturel_suisse_Paris_Eingangstor__c__Sebastien_Borda_CC.jpg","contentUrl":"https:\/\/www.revuemusicale.ch\/wp-content\/uploads\/2023\/01\/140217_Centre_culturel_suisse_Paris_Eingangstor__c__Sebastien_Borda_CC.jpg","width":554,"height":384},{"@type":"BreadcrumbList","@id":"https:\/\/www.revuemusicale.ch\/politique\/2015\/01\/le-centre-culturel-suisse-de-paris-fete-ses-30-ans#breadcrumb","itemListElement":[{"@type":"ListItem","position":1,"name":"Home","item":"https:\/\/www.revuemusicale.ch\/"},{"@type":"ListItem","position":2,"name":"Le Centre culturel suisse de Paris f\u00eate ses 30 ans"}]},{"@type":"WebSite","@id":"https:\/\/www.revuemusicale.ch\/#website","url":"https:\/\/www.revuemusicale.ch\/","name":"Rassegna musicale svizzera","description":"","publisher":{"@id":"https:\/\/www.revuemusicale.ch\/#organization"},"potentialAction":[{"@type":"SearchAction","target":{"@type":"EntryPoint","urlTemplate":"https:\/\/www.revuemusicale.ch\/?s={search_term_string}"},"query-input":{"@type":"PropertyValueSpecification","valueRequired":true,"valueName":"search_term_string"}}],"inLanguage":"it-IT"},{"@type":"Organization","@id":"https:\/\/www.revuemusicale.ch\/#organization","name":"Rassegna musicale svizzera","url":"https:\/\/www.revuemusicale.ch\/","logo":{"@type":"ImageObject","inLanguage":"it-IT","@id":"https:\/\/www.revuemusicale.ch\/#\/schema\/logo\/image\/","url":"https:\/\/www.revuemusicale.ch\/wp-content\/uploads\/2023\/01\/logo_revuemusicale_musikzeitung.jpg","contentUrl":"https:\/\/www.revuemusicale.ch\/wp-content\/uploads\/2023\/01\/logo_revuemusicale_musikzeitung.jpg","width":1200,"height":243,"caption":"Revue Musicale Suisse"},"image":{"@id":"https:\/\/www.revuemusicale.ch\/#\/schema\/logo\/image\/"},"sameAs":["https:\/\/www.facebook.com\/SchweizerMusikzeitung\/","https:\/\/x.com\/smusikzeitung","https:\/\/www.instagram.com\/musikzeitung.ch\/?hl=de"]},{"@type":"Person","@id":"https:\/\/www.revuemusicale.ch\/#\/schema\/person\/b2fd892c800856270b9dcc6001265712","name":"Musikzeitung-Redaktion","image":{"@type":"ImageObject","inLanguage":"it-IT","@id":"https:\/\/secure.gravatar.com\/avatar\/0c7e6a405862e402eb76a70f8a26fc732d07c32931e9fae9ab1582911d2e8a3b?s=96&d=mm&r=g","url":"https:\/\/secure.gravatar.com\/avatar\/0c7e6a405862e402eb76a70f8a26fc732d07c32931e9fae9ab1582911d2e8a3b?s=96&d=mm&r=g","contentUrl":"https:\/\/secure.gravatar.com\/avatar\/0c7e6a405862e402eb76a70f8a26fc732d07c32931e9fae9ab1582911d2e8a3b?s=96&d=mm&r=g","caption":"Musikzeitung-Redaktion"},"sameAs":["http:\/\/wundo-docker.io"],"url":"https:\/\/www.revuemusicale.ch\/it\/author\/admin"}]}},"publishpress_future_action":{"enabled":false,"date":"1970-01-01 01:00:00","action":"change-status","newStatus":"draft","terms":[],"taxonomy":"category","extraData":[]},"publishpress_future_workflow_manual_trigger":{"enabledWorkflows":[]},"_links":{"self":[{"href":"https:\/\/www.revuemusicale.ch\/it\/wp-json\/wp\/v2\/posts\/23439","targetHints":{"allow":["GET"]}}],"collection":[{"href":"https:\/\/www.revuemusicale.ch\/it\/wp-json\/wp\/v2\/posts"}],"about":[{"href":"https:\/\/www.revuemusicale.ch\/it\/wp-json\/wp\/v2\/types\/post"}],"author":[{"embeddable":true,"href":"https:\/\/www.revuemusicale.ch\/it\/wp-json\/wp\/v2\/users\/1"}],"replies":[{"embeddable":true,"href":"https:\/\/www.revuemusicale.ch\/it\/wp-json\/wp\/v2\/comments?post=23439"}],"version-history":[{"count":1,"href":"https:\/\/www.revuemusicale.ch\/it\/wp-json\/wp\/v2\/posts\/23439\/revisions"}],"predecessor-version":[{"id":23441,"href":"https:\/\/www.revuemusicale.ch\/it\/wp-json\/wp\/v2\/posts\/23439\/revisions\/23441"}],"wp:featuredmedia":[{"embeddable":true,"href":"https:\/\/www.revuemusicale.ch\/it\/wp-json\/wp\/v2\/media\/23440"}],"wp:attachment":[{"href":"https:\/\/www.revuemusicale.ch\/it\/wp-json\/wp\/v2\/media?parent=23439"}],"wp:term":[{"taxonomy":"category","embeddable":true,"href":"https:\/\/www.revuemusicale.ch\/it\/wp-json\/wp\/v2\/categories?post=23439"},{"taxonomy":"post_tag","embeddable":true,"href":"https:\/\/www.revuemusicale.ch\/it\/wp-json\/wp\/v2\/tags?post=23439"}],"curies":[{"name":"wp","href":"https:\/\/api.w.org\/{rel}","templated":true}]}}