{"id":28916,"date":"2022-01-19T00:00:00","date_gmt":"2022-01-18T23:00:00","guid":{"rendered":"https:\/\/www.revuemusicale.ch\/blog\/2022\/01\/19\/les-nouveaux-visages-et-horizons-de-la-chems\/"},"modified":"2023-01-19T15:50:28","modified_gmt":"2023-01-19T14:50:28","slug":"les-nouveaux-visages-et-horizons-de-la-chems","status":"publish","type":"post","link":"https:\/\/www.revuemusicale.ch\/it\/basis\/2022\/01\/les-nouveaux-visages-et-horizons-de-la-chems","title":{"rendered":"I nuovi volti e orizzonti di CHEMS"},"content":{"rendered":"<p><img decoding=\"async\" class=\"size-full\" src=\"https:\/\/www.revuemusicale.ch\/wp-content\/uploads\/2023\/01\/Logo_KMHS-3.jpg\" alt=\"\" \/><\/p>\n<p><strong>All'inizio di quest'anno sono entrati a far parte della Conferenza delle Accademie di Musica Svizzere due nuovi membri, che vorremmo analizzare pi\u00f9 da vicino alla luce della strategia di sviluppo dell'associazione.<\/strong><\/p>\n<div class='text-section'>\n<p><i>Antoine Gilli\u00e9ron -<\/i> Un importante rinnovamento all'interno dell'associazione segna il passaggio al 2022. Queste nomine, alla guida di alcuni degli istituti di formazione musicale superiore della Svizzera, daranno nuovo impulso alla CHEMS, che si trova all'alba di una nuova fase nell'attuazione di una strategia volta ad aprire nuovi orizzonti per il settore della formazione musicale terziaria svizzera. <\/p>\n<\/p><\/div>\n<div class='text-section'> <strong>Prospettive condivise<\/strong><\/p>\n<p>La visione del CHEMS \u00e8 quella di contribuire a costruire la nostra societ\u00e0 in costante evoluzione, dal punto di vista sociale, culturale e intellettuale, diffondendo la conoscenza, la ricerca e le produzioni dell'istruzione musicale superiore. <\/p>\n<p>Come definito nel suo statuto, le missioni di CHEMS sono: <\/p>\n<p>- Il coordinamento dei compiti e dei problemi specifici dei licei musicali ; <\/p>\n<p>- Sviluppare la qualit\u00e0 dell'insegnamento e della ricerca musicale; <\/p>\n<p>- Difendere gli interessi dei licei musicali nei confronti delle universit\u00e0 svizzere e della Camera delle scuole universitarie professionali, della Segreteria di Stato per la formazione, la ricerca e l'innovazione (SEFRI) e della Conferenza dei ministri cantonali dell'educazione (CDPE), nonch\u00e9 dell'istruzione superiore e universitaria a livello nazionale e internazionale; <\/p>\n<p>- Lo scambio di esperienze tra istituti di istruzione superiore nazionali e internazionali, nonch\u00e9 la cooperazione con le Conferenze dei rettori dei Conservatori di musica e degli istituti di istruzione superiore tedeschi, francesi, italiani e austriaci, con l'Associazione europea dei Conservatori, con le Accademie di musica e le Musikhochschulen e con la Lega europea degli istituti d'arte; <\/p>\n<p>- Elaborare dichiarazioni e raccomandazioni di politica professionale ed educativa, diffonderle a livelli specifici di comunicazione o pubblicizzarle attraverso i media;<\/p>\n<p>- Mantenere forti legami con le organizzazioni musicali professionali e le associazioni musicali svizzere, come l'Association Suisse des Ecoles de Musique (ASEM) e SONART; <\/p>\n<p>- Coinvolgimento nella politica culturale ed educativa nell'interesse e nella promozione della musica, della creazione musicale, dell'educazione\/formazione musicale e della ricerca, nonch\u00e9 condizioni quadro adeguate per la promozione dei giovani musicisti e della loro formazione musicale iniziale e pre-professionale.<\/p>\n<\/p><\/div>\n<div class='text-section'> <strong>Una strategia da implementare<\/strong><\/p>\n<p>La Conferenza svizzera delle scuole di musica si \u00e8 recentemente dotata di uno strumento di gestione che le consentir\u00e0 di pianificare il suo sviluppo futuro in modo tanto armonioso quanto ambizioso. Di conseguenza, la sua visione e le sue missioni si basano su un credo che ne rafforzer\u00e0 l'impatto: coordinamento \/ previsione \/ federazione.<\/p>\n<p>Il CHEMS, nel suo ruolo di organizzazione nazionale e consapevole delle grandi sfide che deve affrontare, sar\u00e0 cos\u00ec in grado di progredire nel raggiungimento dei suoi obiettivi al servizio delle arti e del costante miglioramento della societ\u00e0. In questo modo, le universit\u00e0 musicali svizzere contribuiscono a costruire una societ\u00e0 basata sulla conoscenza, in cui la creativit\u00e0 \u00e8 uno dei valori fondamentali della Svizzera. <\/p>\n<p>Per questo motivo la nuova strategia si concentra sull'eccellente qualit\u00e0 dell'istruzione musicale e sui suoi legami con la produzione, la ricerca e l'innovazione. La strategia consiste nel definire chiare misure d'azione, con l'obiettivo di accrescere la legittimit\u00e0 e la visibilit\u00e0 dell'istruzione musicale superiore in Svizzera, nella speranza che le nuove persone con responsabilit\u00e0 al suo interno siano in grado di dare un contributo all'altezza del loro talento.<\/p>\n<\/p><\/div>\n<div class='text-section'> <strong>Michael B\u00fchler, Scuola di musica Kalaidos<\/strong><\/p>\n<p>Gem\u00e4ss einer Mitteilung der Kalaidos Fachhochschule Schweiz verf\u00fcgt Michael B\u00fchler \u00fcber eine breite professionelle Ausbildung musikalische, die er mit einem Executive MBA der Universit\u00e4ten Z\u00fcrich und Stanford (U.S.) sowie einem Doktorat an der University Gloucestershire (UK) erweitert hat. Per pi\u00f9 di sei anni \u00e8 stato direttore della Z\u00fcrcher Kammerorchester, mentre da allora \u00e8 stato direttore esecutivo della Stiftung Schweizerischer Jugendmusikwettbewerb e direttore d'orchestra all'Opernhaus Z\u00fcrich. Oltre a fornire una formazione musicale professionale, il nuovo direttore dar\u00e0 agli studenti della Kalaidos Musikhochschule l'opportunit\u00e0 di concentrarsi sulle \"unternehmerischen Herausforderungen des modernen Musikmarktes\".<\/p>\n<\/p><\/div>\n<div class='text-section'> <strong>B\u00e9atrice Zawodnik, HEM Ginevra - Neuch\u00e2tel<\/strong><\/p>\n<p>Nata a Losanna nel 1974, B\u00e9atrice Zawodnik \u00e8 una musicista-performer, insegnante, curatrice e manager con una carriera poliedrica impegnata nella cultura, nella creazione e nell'educazione. B\u00e9atrice Zawodnik ha conseguito tre lauree presso il Conservatorio di Ginevra in educazione musicale, pianoforte e oboe, e ha completato una serie di corsi post-laurea in Svizzera (oboe barocco) e in Germania con rinomati insegnanti di oboe, tra cui Heinz Holliger.<\/p>\n<p>Nel 2020, inoltre, ha ricevuto il premio per il miglior master in amministrazione pubblica dall'Institut de hautes \u00e9tudes en administration publique de l'Universit\u00e9 de Lausanne (IDHEAP). La sua carriera professionale \u00e8 segnata da una solida e sfaccettata esperienza sul campo, che riflette la ricchezza del suo background artistico, pedagogico e manageriale. Dal punto di vista musicale, B\u00e9atrice Zawodnik \u00e8 attiva da oltre vent'anni in numerose orchestre ed ensemble barocchi e contemporanei in Svizzera e all'estero, e collabora regolarmente con compositori per i quali ha eseguito in prima assoluta e registrato diverse opere. La sua attivit\u00e0 di insegnante per pi\u00f9 di dieci anni, in particolare come docente di oboe e didattica nelle scuole di musica di Ginevra e presso la Haute \u00e9cole de musique de Gen\u00e8ve e la Haute \u00e9cole de musique de Lausanne, le conferisce una solida conoscenza del settore dell'istruzione superiore.<\/p>\n<p>Infine, in termini di gestione, B\u00e9atrice Zawodnik ha dimostrato le sue capacit\u00e0 di direttore d'istituto durante i cinque anni trascorsi alla guida della sede di Losanna della Haute \u00e9cole de musique de Lausanne (HEMU). Dal 2018 \u00e8 responsabile del coordinamento dell'insegnamento presso l'HEM Gen\u00e8ve - Neuch\u00e2tel, di cui ha assunto la direzione nel gennaio 2022. <\/p>\n<p>Nel momento in cui non \u00e8 ancora stato nominato il prossimo direttore del dipartimento di musica della Hochschule der K\u00fcnste Bern, la CHEMS desidera augurare a Graziella Contratto, prima donna a far parte dell'associazione, i migliori auguri per il prosieguo della sua carriera, e a Frank-Thomas Mitschke e Philippe Dinkel il meritato pensionamento. Desideriamo inoltre ringraziare tutti e tre per il loro grande impegno nei confronti della CHEMS, che \u00e8 stato tanto positivo quanto efficace e duraturo.<\/p>\n<\/p><\/div>","protected":false},"excerpt":{"rendered":"<p>Ce d\u00e9but d\u2019ann\u00e9e voit l\u2019arriv\u00e9e de deux nouveaux membres \u00e0 la Conf\u00e9rence des Hautes \u00c9coles de Musique Suisses \u2013 portraits crois\u00e9s \u00e0 la lumi\u00e8re de la strat\u00e9gie de d\u00e9veloppement de l\u2019association. Antoine Gilli\u00e9ron \u2014 Un renouvellement important au sein de l\u2019association marque le passage en 2022. Ces nominations \u00e0 la t\u00eate de quelques institutions d\u2019enseignement [&hellip;]<\/p>\n","protected":false},"author":1,"featured_media":28838,"comment_status":"open","ping_status":"open","sticky":false,"template":"","format":"standard","meta":{"_acf_changed":false,"_relevanssi_hide_post":"","_relevanssi_hide_content":"","_relevanssi_pin_for_all":"","_relevanssi_pin_keywords":"","_relevanssi_unpin_keywords":"","_relevanssi_related_keywords":"","_relevanssi_related_include_ids":"","_relevanssi_related_exclude_ids":"","_relevanssi_related_no_append":"","_relevanssi_related_not_related":"","_relevanssi_related_posts":"","_relevanssi_noindex_reason":"","pgc_sgb_lightbox_settings":"","footnotes":""},"categories":[31,1563],"tags":[],"class_list":["post-28916","post","type-post","status-publish","format-standard","has-post-thumbnail","hentry","category-basis","category-chems"],"acf":[],"yoast_head":"<!-- This site is optimized with the Yoast SEO plugin v27.3 - https:\/\/yoast.com\/product\/yoast-seo-wordpress\/ -->\n<title>Les nouveaux visages et horizons de la CHEMS - Revue Musicale Suisse<\/title>\n<meta name=\"robots\" content=\"index, follow, max-snippet:-1, max-image-preview:large, max-video-preview:-1\" \/>\n<link rel=\"canonical\" href=\"https:\/\/www.revuemusicale.ch\/it\/basis\/2022\/01\/les-nouveaux-visages-et-horizons-de-la-chems\/\" \/>\n<meta property=\"og:locale\" content=\"it_IT\" \/>\n<meta property=\"og:type\" content=\"article\" \/>\n<meta property=\"og:title\" content=\"Les nouveaux visages et horizons de la CHEMS - Revue Musicale Suisse\" \/>\n<meta property=\"og:description\" content=\"Ce d\u00e9but d\u2019ann\u00e9e voit l\u2019arriv\u00e9e de deux nouveaux membres \u00e0 la Conf\u00e9rence des Hautes \u00c9coles de Musique Suisses \u2013 portraits crois\u00e9s \u00e0 la lumi\u00e8re de la strat\u00e9gie de d\u00e9veloppement de l\u2019association. Antoine Gilli\u00e9ron \u2014 Un renouvellement important au sein de l\u2019association marque le passage en 2022. Ces nominations \u00e0 la t\u00eate de quelques institutions d\u2019enseignement [&hellip;]\" \/>\n<meta property=\"og:url\" content=\"https:\/\/www.revuemusicale.ch\/it\/basis\/2022\/01\/les-nouveaux-visages-et-horizons-de-la-chems\/\" \/>\n<meta property=\"og:site_name\" content=\"Revue Musicale Suisse\" \/>\n<meta property=\"article:publisher\" content=\"https:\/\/www.facebook.com\/SchweizerMusikzeitung\/\" \/>\n<meta property=\"article:published_time\" content=\"2022-01-18T23:00:00+00:00\" \/>\n<meta property=\"article:modified_time\" content=\"2023-01-19T14:50:28+00:00\" \/>\n<meta property=\"og:image\" content=\"https:\/\/www.revuemusicale.ch\/wp-content\/uploads\/2023\/01\/Logo_KMHS-3.jpg\" \/>\n\t<meta property=\"og:image:width\" content=\"554\" \/>\n\t<meta property=\"og:image:height\" content=\"298\" \/>\n\t<meta property=\"og:image:type\" content=\"image\/jpeg\" \/>\n<meta name=\"author\" content=\"Musikzeitung-Redaktion\" \/>\n<meta name=\"twitter:card\" content=\"summary_large_image\" \/>\n<meta name=\"twitter:creator\" content=\"@smusikzeitung\" \/>\n<meta name=\"twitter:site\" content=\"@smusikzeitung\" \/>\n<meta name=\"twitter:label1\" content=\"Scritto da\" \/>\n\t<meta name=\"twitter:data1\" content=\"Musikzeitung-Redaktion\" \/>\n\t<meta name=\"twitter:label2\" content=\"Tempo di lettura stimato\" \/>\n\t<meta name=\"twitter:data2\" content=\"6 minuti\" \/>\n<script type=\"application\/ld+json\" class=\"yoast-schema-graph\">{\"@context\":\"https:\\\/\\\/schema.org\",\"@graph\":[{\"@type\":\"Article\",\"@id\":\"https:\\\/\\\/www.revuemusicale.ch\\\/basis\\\/2022\\\/01\\\/les-nouveaux-visages-et-horizons-de-la-chems#article\",\"isPartOf\":{\"@id\":\"https:\\\/\\\/www.revuemusicale.ch\\\/basis\\\/2022\\\/01\\\/les-nouveaux-visages-et-horizons-de-la-chems\"},\"author\":{\"name\":\"Musikzeitung-Redaktion\",\"@id\":\"https:\\\/\\\/www.revuemusicale.ch\\\/#\\\/schema\\\/person\\\/b2fd892c800856270b9dcc6001265712\"},\"headline\":\"Les nouveaux visages et horizons de la CHEMS\",\"datePublished\":\"2022-01-18T23:00:00+00:00\",\"dateModified\":\"2023-01-19T14:50:28+00:00\",\"mainEntityOfPage\":{\"@id\":\"https:\\\/\\\/www.revuemusicale.ch\\\/basis\\\/2022\\\/01\\\/les-nouveaux-visages-et-horizons-de-la-chems\"},\"wordCount\":1204,\"commentCount\":0,\"publisher\":{\"@id\":\"https:\\\/\\\/www.revuemusicale.ch\\\/#organization\"},\"image\":{\"@id\":\"https:\\\/\\\/www.revuemusicale.ch\\\/basis\\\/2022\\\/01\\\/les-nouveaux-visages-et-horizons-de-la-chems#primaryimage\"},\"thumbnailUrl\":\"https:\\\/\\\/www.revuemusicale.ch\\\/wp-content\\\/uploads\\\/2023\\\/01\\\/Logo_KMHS-3.jpg\",\"articleSection\":[\"Basis\",\"CHEMS\"],\"inLanguage\":\"it-IT\"},{\"@type\":\"WebPage\",\"@id\":\"https:\\\/\\\/www.revuemusicale.ch\\\/basis\\\/2022\\\/01\\\/les-nouveaux-visages-et-horizons-de-la-chems\",\"url\":\"https:\\\/\\\/www.revuemusicale.ch\\\/basis\\\/2022\\\/01\\\/les-nouveaux-visages-et-horizons-de-la-chems\",\"name\":\"Les nouveaux visages et horizons de la CHEMS - Revue Musicale Suisse\",\"isPartOf\":{\"@id\":\"https:\\\/\\\/www.revuemusicale.ch\\\/#website\"},\"primaryImageOfPage\":{\"@id\":\"https:\\\/\\\/www.revuemusicale.ch\\\/basis\\\/2022\\\/01\\\/les-nouveaux-visages-et-horizons-de-la-chems#primaryimage\"},\"image\":{\"@id\":\"https:\\\/\\\/www.revuemusicale.ch\\\/basis\\\/2022\\\/01\\\/les-nouveaux-visages-et-horizons-de-la-chems#primaryimage\"},\"thumbnailUrl\":\"https:\\\/\\\/www.revuemusicale.ch\\\/wp-content\\\/uploads\\\/2023\\\/01\\\/Logo_KMHS-3.jpg\",\"datePublished\":\"2022-01-18T23:00:00+00:00\",\"dateModified\":\"2023-01-19T14:50:28+00:00\",\"breadcrumb\":{\"@id\":\"https:\\\/\\\/www.revuemusicale.ch\\\/basis\\\/2022\\\/01\\\/les-nouveaux-visages-et-horizons-de-la-chems#breadcrumb\"},\"inLanguage\":\"it-IT\",\"potentialAction\":[{\"@type\":\"ReadAction\",\"target\":[\"https:\\\/\\\/www.revuemusicale.ch\\\/basis\\\/2022\\\/01\\\/les-nouveaux-visages-et-horizons-de-la-chems\"]}]},{\"@type\":\"ImageObject\",\"inLanguage\":\"it-IT\",\"@id\":\"https:\\\/\\\/www.revuemusicale.ch\\\/basis\\\/2022\\\/01\\\/les-nouveaux-visages-et-horizons-de-la-chems#primaryimage\",\"url\":\"https:\\\/\\\/www.revuemusicale.ch\\\/wp-content\\\/uploads\\\/2023\\\/01\\\/Logo_KMHS-3.jpg\",\"contentUrl\":\"https:\\\/\\\/www.revuemusicale.ch\\\/wp-content\\\/uploads\\\/2023\\\/01\\\/Logo_KMHS-3.jpg\",\"width\":554,\"height\":298},{\"@type\":\"BreadcrumbList\",\"@id\":\"https:\\\/\\\/www.revuemusicale.ch\\\/basis\\\/2022\\\/01\\\/les-nouveaux-visages-et-horizons-de-la-chems#breadcrumb\",\"itemListElement\":[{\"@type\":\"ListItem\",\"position\":1,\"name\":\"Home\",\"item\":\"https:\\\/\\\/www.revuemusicale.ch\\\/\"},{\"@type\":\"ListItem\",\"position\":2,\"name\":\"Les nouveaux visages et horizons de la CHEMS\"}]},{\"@type\":\"WebSite\",\"@id\":\"https:\\\/\\\/www.revuemusicale.ch\\\/#website\",\"url\":\"https:\\\/\\\/www.revuemusicale.ch\\\/\",\"name\":\"Revue Musicale Suisse\",\"description\":\"\",\"publisher\":{\"@id\":\"https:\\\/\\\/www.revuemusicale.ch\\\/#organization\"},\"potentialAction\":[{\"@type\":\"SearchAction\",\"target\":{\"@type\":\"EntryPoint\",\"urlTemplate\":\"https:\\\/\\\/www.revuemusicale.ch\\\/?s={search_term_string}\"},\"query-input\":{\"@type\":\"PropertyValueSpecification\",\"valueRequired\":true,\"valueName\":\"search_term_string\"}}],\"inLanguage\":\"it-IT\"},{\"@type\":\"Organization\",\"@id\":\"https:\\\/\\\/www.revuemusicale.ch\\\/#organization\",\"name\":\"Revue Musicale Suisse\",\"url\":\"https:\\\/\\\/www.revuemusicale.ch\\\/\",\"logo\":{\"@type\":\"ImageObject\",\"inLanguage\":\"it-IT\",\"@id\":\"https:\\\/\\\/www.revuemusicale.ch\\\/#\\\/schema\\\/logo\\\/image\\\/\",\"url\":\"https:\\\/\\\/www.revuemusicale.ch\\\/wp-content\\\/uploads\\\/2023\\\/01\\\/logo_revuemusicale_musikzeitung.jpg\",\"contentUrl\":\"https:\\\/\\\/www.revuemusicale.ch\\\/wp-content\\\/uploads\\\/2023\\\/01\\\/logo_revuemusicale_musikzeitung.jpg\",\"width\":1200,\"height\":243,\"caption\":\"Revue Musicale Suisse\"},\"image\":{\"@id\":\"https:\\\/\\\/www.revuemusicale.ch\\\/#\\\/schema\\\/logo\\\/image\\\/\"},\"sameAs\":[\"https:\\\/\\\/www.facebook.com\\\/SchweizerMusikzeitung\\\/\",\"https:\\\/\\\/x.com\\\/smusikzeitung\",\"https:\\\/\\\/www.instagram.com\\\/musikzeitung.ch\\\/?hl=de\"]},{\"@type\":\"Person\",\"@id\":\"https:\\\/\\\/www.revuemusicale.ch\\\/#\\\/schema\\\/person\\\/b2fd892c800856270b9dcc6001265712\",\"name\":\"Musikzeitung-Redaktion\",\"image\":{\"@type\":\"ImageObject\",\"inLanguage\":\"it-IT\",\"@id\":\"https:\\\/\\\/secure.gravatar.com\\\/avatar\\\/0c7e6a405862e402eb76a70f8a26fc732d07c32931e9fae9ab1582911d2e8a3b?s=96&d=mm&r=g\",\"url\":\"https:\\\/\\\/secure.gravatar.com\\\/avatar\\\/0c7e6a405862e402eb76a70f8a26fc732d07c32931e9fae9ab1582911d2e8a3b?s=96&d=mm&r=g\",\"contentUrl\":\"https:\\\/\\\/secure.gravatar.com\\\/avatar\\\/0c7e6a405862e402eb76a70f8a26fc732d07c32931e9fae9ab1582911d2e8a3b?s=96&d=mm&r=g\",\"caption\":\"Musikzeitung-Redaktion\"},\"sameAs\":[\"http:\\\/\\\/wundo-docker.io\"],\"url\":\"https:\\\/\\\/www.revuemusicale.ch\\\/it\\\/author\\\/admin\"}]}<\/script>\n<!-- \/ Yoast SEO plugin. -->","yoast_head_json":{"title":"Les nouveaux visages et horizons de la CHEMS - Revue Musicale Suisse","robots":{"index":"index","follow":"follow","max-snippet":"max-snippet:-1","max-image-preview":"max-image-preview:large","max-video-preview":"max-video-preview:-1"},"canonical":"https:\/\/www.revuemusicale.ch\/it\/basis\/2022\/01\/les-nouveaux-visages-et-horizons-de-la-chems\/","og_locale":"it_IT","og_type":"article","og_title":"Les nouveaux visages et horizons de la CHEMS - Revue Musicale Suisse","og_description":"Ce d\u00e9but d\u2019ann\u00e9e voit l\u2019arriv\u00e9e de deux nouveaux membres \u00e0 la Conf\u00e9rence des Hautes \u00c9coles de Musique Suisses \u2013 portraits crois\u00e9s \u00e0 la lumi\u00e8re de la strat\u00e9gie de d\u00e9veloppement de l\u2019association. Antoine Gilli\u00e9ron \u2014 Un renouvellement important au sein de l\u2019association marque le passage en 2022. Ces nominations \u00e0 la t\u00eate de quelques institutions d\u2019enseignement [&hellip;]","og_url":"https:\/\/www.revuemusicale.ch\/it\/basis\/2022\/01\/les-nouveaux-visages-et-horizons-de-la-chems\/","og_site_name":"Revue Musicale Suisse","article_publisher":"https:\/\/www.facebook.com\/SchweizerMusikzeitung\/","article_published_time":"2022-01-18T23:00:00+00:00","article_modified_time":"2023-01-19T14:50:28+00:00","og_image":[{"width":554,"height":298,"url":"https:\/\/www.revuemusicale.ch\/wp-content\/uploads\/2023\/01\/Logo_KMHS-3.jpg","type":"image\/jpeg"}],"author":"Musikzeitung-Redaktion","twitter_card":"summary_large_image","twitter_creator":"@smusikzeitung","twitter_site":"@smusikzeitung","twitter_misc":{"Scritto da":"Musikzeitung-Redaktion","Tempo di lettura stimato":"6 minuti"},"schema":{"@context":"https:\/\/schema.org","@graph":[{"@type":"Article","@id":"https:\/\/www.revuemusicale.ch\/basis\/2022\/01\/les-nouveaux-visages-et-horizons-de-la-chems#article","isPartOf":{"@id":"https:\/\/www.revuemusicale.ch\/basis\/2022\/01\/les-nouveaux-visages-et-horizons-de-la-chems"},"author":{"name":"Musikzeitung-Redaktion","@id":"https:\/\/www.revuemusicale.ch\/#\/schema\/person\/b2fd892c800856270b9dcc6001265712"},"headline":"Les nouveaux visages et horizons de la CHEMS","datePublished":"2022-01-18T23:00:00+00:00","dateModified":"2023-01-19T14:50:28+00:00","mainEntityOfPage":{"@id":"https:\/\/www.revuemusicale.ch\/basis\/2022\/01\/les-nouveaux-visages-et-horizons-de-la-chems"},"wordCount":1204,"commentCount":0,"publisher":{"@id":"https:\/\/www.revuemusicale.ch\/#organization"},"image":{"@id":"https:\/\/www.revuemusicale.ch\/basis\/2022\/01\/les-nouveaux-visages-et-horizons-de-la-chems#primaryimage"},"thumbnailUrl":"https:\/\/www.revuemusicale.ch\/wp-content\/uploads\/2023\/01\/Logo_KMHS-3.jpg","articleSection":["Basis","CHEMS"],"inLanguage":"it-IT"},{"@type":"WebPage","@id":"https:\/\/www.revuemusicale.ch\/basis\/2022\/01\/les-nouveaux-visages-et-horizons-de-la-chems","url":"https:\/\/www.revuemusicale.ch\/basis\/2022\/01\/les-nouveaux-visages-et-horizons-de-la-chems","name":"Les nouveaux visages et horizons de la CHEMS - Revue Musicale Suisse","isPartOf":{"@id":"https:\/\/www.revuemusicale.ch\/#website"},"primaryImageOfPage":{"@id":"https:\/\/www.revuemusicale.ch\/basis\/2022\/01\/les-nouveaux-visages-et-horizons-de-la-chems#primaryimage"},"image":{"@id":"https:\/\/www.revuemusicale.ch\/basis\/2022\/01\/les-nouveaux-visages-et-horizons-de-la-chems#primaryimage"},"thumbnailUrl":"https:\/\/www.revuemusicale.ch\/wp-content\/uploads\/2023\/01\/Logo_KMHS-3.jpg","datePublished":"2022-01-18T23:00:00+00:00","dateModified":"2023-01-19T14:50:28+00:00","breadcrumb":{"@id":"https:\/\/www.revuemusicale.ch\/basis\/2022\/01\/les-nouveaux-visages-et-horizons-de-la-chems#breadcrumb"},"inLanguage":"it-IT","potentialAction":[{"@type":"ReadAction","target":["https:\/\/www.revuemusicale.ch\/basis\/2022\/01\/les-nouveaux-visages-et-horizons-de-la-chems"]}]},{"@type":"ImageObject","inLanguage":"it-IT","@id":"https:\/\/www.revuemusicale.ch\/basis\/2022\/01\/les-nouveaux-visages-et-horizons-de-la-chems#primaryimage","url":"https:\/\/www.revuemusicale.ch\/wp-content\/uploads\/2023\/01\/Logo_KMHS-3.jpg","contentUrl":"https:\/\/www.revuemusicale.ch\/wp-content\/uploads\/2023\/01\/Logo_KMHS-3.jpg","width":554,"height":298},{"@type":"BreadcrumbList","@id":"https:\/\/www.revuemusicale.ch\/basis\/2022\/01\/les-nouveaux-visages-et-horizons-de-la-chems#breadcrumb","itemListElement":[{"@type":"ListItem","position":1,"name":"Home","item":"https:\/\/www.revuemusicale.ch\/"},{"@type":"ListItem","position":2,"name":"Les nouveaux visages et horizons de la CHEMS"}]},{"@type":"WebSite","@id":"https:\/\/www.revuemusicale.ch\/#website","url":"https:\/\/www.revuemusicale.ch\/","name":"Rassegna musicale svizzera","description":"","publisher":{"@id":"https:\/\/www.revuemusicale.ch\/#organization"},"potentialAction":[{"@type":"SearchAction","target":{"@type":"EntryPoint","urlTemplate":"https:\/\/www.revuemusicale.ch\/?s={search_term_string}"},"query-input":{"@type":"PropertyValueSpecification","valueRequired":true,"valueName":"search_term_string"}}],"inLanguage":"it-IT"},{"@type":"Organization","@id":"https:\/\/www.revuemusicale.ch\/#organization","name":"Rassegna musicale svizzera","url":"https:\/\/www.revuemusicale.ch\/","logo":{"@type":"ImageObject","inLanguage":"it-IT","@id":"https:\/\/www.revuemusicale.ch\/#\/schema\/logo\/image\/","url":"https:\/\/www.revuemusicale.ch\/wp-content\/uploads\/2023\/01\/logo_revuemusicale_musikzeitung.jpg","contentUrl":"https:\/\/www.revuemusicale.ch\/wp-content\/uploads\/2023\/01\/logo_revuemusicale_musikzeitung.jpg","width":1200,"height":243,"caption":"Revue Musicale Suisse"},"image":{"@id":"https:\/\/www.revuemusicale.ch\/#\/schema\/logo\/image\/"},"sameAs":["https:\/\/www.facebook.com\/SchweizerMusikzeitung\/","https:\/\/x.com\/smusikzeitung","https:\/\/www.instagram.com\/musikzeitung.ch\/?hl=de"]},{"@type":"Person","@id":"https:\/\/www.revuemusicale.ch\/#\/schema\/person\/b2fd892c800856270b9dcc6001265712","name":"Musikzeitung-Redaktion","image":{"@type":"ImageObject","inLanguage":"it-IT","@id":"https:\/\/secure.gravatar.com\/avatar\/0c7e6a405862e402eb76a70f8a26fc732d07c32931e9fae9ab1582911d2e8a3b?s=96&d=mm&r=g","url":"https:\/\/secure.gravatar.com\/avatar\/0c7e6a405862e402eb76a70f8a26fc732d07c32931e9fae9ab1582911d2e8a3b?s=96&d=mm&r=g","contentUrl":"https:\/\/secure.gravatar.com\/avatar\/0c7e6a405862e402eb76a70f8a26fc732d07c32931e9fae9ab1582911d2e8a3b?s=96&d=mm&r=g","caption":"Musikzeitung-Redaktion"},"sameAs":["http:\/\/wundo-docker.io"],"url":"https:\/\/www.revuemusicale.ch\/it\/author\/admin"}]}},"publishpress_future_action":{"enabled":false,"date":"1970-01-01 01:00:00","action":"change-status","newStatus":"draft","terms":[],"taxonomy":"category","extraData":[]},"publishpress_future_workflow_manual_trigger":{"enabledWorkflows":[]},"_links":{"self":[{"href":"https:\/\/www.revuemusicale.ch\/it\/wp-json\/wp\/v2\/posts\/28916","targetHints":{"allow":["GET"]}}],"collection":[{"href":"https:\/\/www.revuemusicale.ch\/it\/wp-json\/wp\/v2\/posts"}],"about":[{"href":"https:\/\/www.revuemusicale.ch\/it\/wp-json\/wp\/v2\/types\/post"}],"author":[{"embeddable":true,"href":"https:\/\/www.revuemusicale.ch\/it\/wp-json\/wp\/v2\/users\/1"}],"replies":[{"embeddable":true,"href":"https:\/\/www.revuemusicale.ch\/it\/wp-json\/wp\/v2\/comments?post=28916"}],"version-history":[{"count":1,"href":"https:\/\/www.revuemusicale.ch\/it\/wp-json\/wp\/v2\/posts\/28916\/revisions"}],"predecessor-version":[{"id":28917,"href":"https:\/\/www.revuemusicale.ch\/it\/wp-json\/wp\/v2\/posts\/28916\/revisions\/28917"}],"wp:featuredmedia":[{"embeddable":true,"href":"https:\/\/www.revuemusicale.ch\/it\/wp-json\/wp\/v2\/media\/28838"}],"wp:attachment":[{"href":"https:\/\/www.revuemusicale.ch\/it\/wp-json\/wp\/v2\/media?parent=28916"}],"wp:term":[{"taxonomy":"category","embeddable":true,"href":"https:\/\/www.revuemusicale.ch\/it\/wp-json\/wp\/v2\/categories?post=28916"},{"taxonomy":"post_tag","embeddable":true,"href":"https:\/\/www.revuemusicale.ch\/it\/wp-json\/wp\/v2\/tags?post=28916"}],"curies":[{"name":"wp","href":"https:\/\/api.w.org\/{rel}","templated":true}]}}