{"id":28935,"date":"2022-05-25T00:00:00","date_gmt":"2022-05-24T22:00:00","guid":{"rendered":"https:\/\/www.revuemusicale.ch\/blog\/2022\/05\/25\/imaginez-un-peu\/"},"modified":"2023-01-19T15:50:30","modified_gmt":"2023-01-19T14:50:30","slug":"imaginez-un-peu","status":"publish","type":"post","link":"https:\/\/www.revuemusicale.ch\/it\/basis\/2022\/05\/imaginez-un-peu","title":{"rendered":"Provate a immaginare!"},"content":{"rendered":"<p><img decoding=\"async\" class=\"size-full\" src=\"https:\/\/www.revuemusicale.ch\/wp-content\/uploads\/2023\/01\/lsw2-1.jpg\" alt=\"\" \/><\/p>","protected":false},"excerpt":{"rendered":"<div class='text-section'>\n<p>La crisi climatica sta spingendo anche i produttori di musica ad agire. Sebbene molti di loro si trovino in situazioni complesse di dipendenza, hanno un margine di manovra. Inoltre, sono chiamate in causa le loro competenze chiave: devono immaginare nuovi mondi.<\/p>\n<p> Come creatori di musica, le nostre realt\u00e0 sono molto diverse: dal produttore Future Beats nel suo studio casalingo, al trio jazz in tourn\u00e9e, al cantante di coro che canta lo jodel, operiamo in ecosistemi molto diversi. Ci\u00f2 che accomuna molti di noi sono le limitate risorse finanziarie con cui dobbiamo destreggiarci. Soprattutto dopo il COVID. Tra la pressione economica e le esigenze artistiche, l'urgenza della nostra missione comune pu\u00f2 passare in secondo piano. Questo \u00e8 comprensibile, ma fatale, perch\u00e9 il tempo sta per scadere. Se non riduciamo in modo significativo le emissioni globali di gas a effetto serra nei prossimi otto anni e se non limitiamo il riscaldamento globale a 1,5 gradi, le conseguenze a lungo termine saranno del seguente ordine di grandezza: l'India, un Paese di oltre 1,3 miliardi di persone, sar\u00e0 in gran parte inabitabile nel giro di pochi decenni perch\u00e9 semplicemente troppo calda. Come industria musicale, abbiamo la responsabilit\u00e0 collettiva, come tutti gli altri settori, di rompere con la nostra routine avida di risorse. Possiamo farlo!<\/p>\n<p> L'industria musicale \u00e8 quella che produce pi\u00f9 emissioni dovute alla mobilit\u00e0. Nel corso di un solo fine settimana, i DJ vengono trasportati da Londra a Varsavia, poi a Maiorca e infine a Berlino per l'afterhour, le band attraversano l'Europa in autobus piccoli o grandi e i fan si recano a migliaia ai loro concerti. Se vogliamo agire in modo pi\u00f9 sostenibile come musicisti, dobbiamo ripensare il nostro modo di viaggiare. <\/p>\n<p> Un volo di andata e ritorno da Zurigo a Londra genera circa 400 kg di CO2 a persona. Secondo l'organizzazione My Climate, si tratta di due terzi di quanto una persona pu\u00f2 emettere ogni anno se vogliamo fermare efficacemente (e congiuntamente) il riscaldamento globale. Attualmente, una persona media in Europa consuma circa 8,4 tonnellate di energia. A titolo di confronto, una persona che si reca a Londra in treno - passando per Parigi, in meno di otto ore - emette 40 kg di CO2. Rinunciare a volare \u00e8 uno dei modi pi\u00f9 efficaci per proteggere il clima. La compensazione delle emissioni di CO2 non offre una vera soluzione, anzi \u00e8 vero il contrario: \u00e8 controversa perch\u00e9 rinvia i risparmi al futuro. Un musicista tedesco che voleva compensare la sua tourn\u00e9e acquistando un appezzamento di bosco e piantando alberi ha dovuto scoprire poco dopo che i suoi alberi erano stati vittime di un parassita. Per assorbire le emissioni, avrebbero dovuto crescere per decenni. La regola generale \u00e8 quindi: prima evitare, poi ridurre e, solo alla fine, compensare il resto. <\/p>\n<p> Come musicisti (itineranti), siamo spesso coinvolti in una complessa rete di dipendenze socio-economiche. Siamo ancora pi\u00f9 dipendenti dal fatto che anche altri musicisti sono in movimento. Possiamo accelerare questo processo facendo della sostenibilit\u00e0 un tema. Sempre e comunque. Concretamente: chiedete al gestore del vostro locale se il riscaldamento a gasolio o a gas \u00e8 gi\u00e0 stato sostituito e se l'elettricit\u00e0 proviene da fonti rinnovabili; create il vostro catering rider utilizzando il modello \"Green Rider\", che potete usare per incoraggiare gli organizzatori a offrire pasti vegetariani e vegani o a smettere di usare bottiglie di plastica. Parlate con la vostra agenzia di booking per capire come organizzare in modo pi\u00f9 efficiente l'itinerario del vostro tour e discutete con i vostri colleghi musicisti se vale davvero la pena di percorrere centinaia di chilometri o di prendere un aereo per quell'unico concerto. Chiedete agli enti finanziatori di aiutarvi a viaggiare in modo pi\u00f9 sostenibile (noleggio di un furgone elettrico, biglietti del treno, alloggio extra). Da diverse interviste, sappiamo che le fondazioni vogliono che gli artisti facciano pi\u00f9 pressione su di loro. Unitevi a Music Declares Emergency o a un'altra organizzazione e poi rivolgetevi al pubblico: attraverso canzoni, annunci di concerti o social network, condividete le vostre preoccupazioni sul riscaldamento globale, formulate utopie. <br \/> \u00c8 qui che entra in gioco il nostro vero superpotere: come artisti, siamo specializzati nell'espansione della realt\u00e0. Attraverso la nostra musica, creiamo costantemente nuovi luoghi, da rifugi per sentimenti scomodi a paesaggi utopici. Nel contesto della crisi climatica, questa immaginazione \u00e8 molto richiesta. Non ci saranno mai abbastanza musicisti con la testa tra le nuvole, che si pongono domande e producono cambiamenti: che aspetto hanno i modelli alternativi di tourn\u00e9e? Come possono essere pi\u00f9 sostenibili dal punto di vista ecologico, meno stressanti e pi\u00f9 sensati dal punto di vista economico?<\/p>\n<p> E se, ad esempio, ogni sala da concerto avesse il proprio backline? Se i nostri bagagli venissero prelevati da biciclette cargo in sala prove, portati alla stazione e caricati dal servizio di trasporto dell'operatore ferroviario, e se potessimo anche viaggiare in treno in completo relax? E se in una tourn\u00e9e di tre settimane suonassimo in sei citt\u00e0 invece che in venti, ma restando ogni volta in una sede per quattro giorni e tenendo quattro concerti in quattro sedi? E se questi tour di residenza fossero incoraggiati? Se avessimo pi\u00f9 tempo per conoscere la scena musicale locale e avviare collaborazioni? <br \/> Formulare idee, anche incompiute, pu\u00f2 essere un primo passo importante. Alimenta le persone specializzate nel tradurre le nostre idee in realt\u00e0 politica.<\/p>\n<\/p><\/div>","protected":false},"author":1,"featured_media":28933,"comment_status":"open","ping_status":"open","sticky":false,"template":"","format":"standard","meta":{"_acf_changed":false,"_relevanssi_hide_post":"","_relevanssi_hide_content":"","_relevanssi_pin_for_all":"","_relevanssi_pin_keywords":"","_relevanssi_unpin_keywords":"","_relevanssi_related_keywords":"","_relevanssi_related_include_ids":"","_relevanssi_related_exclude_ids":"","_relevanssi_related_no_append":"","_relevanssi_related_not_related":"","_relevanssi_related_posts":"","_relevanssi_noindex_reason":"","pgc_sgb_lightbox_settings":"","footnotes":""},"categories":[31,54],"tags":[],"class_list":["post-28935","post","type-post","status-publish","format-standard","has-post-thumbnail","hentry","category-basis","category-sonart"],"acf":[],"yoast_head":"<!-- This site is optimized with the Yoast SEO plugin v27.3 - https:\/\/yoast.com\/product\/yoast-seo-wordpress\/ -->\n<title>Imaginez un peu ! - Revue Musicale Suisse<\/title>\n<meta name=\"robots\" content=\"index, follow, max-snippet:-1, max-image-preview:large, max-video-preview:-1\" \/>\n<link rel=\"canonical\" href=\"https:\/\/www.revuemusicale.ch\/it\/basis\/2022\/05\/imaginez-un-peu\/\" \/>\n<meta property=\"og:locale\" content=\"it_IT\" \/>\n<meta property=\"og:type\" content=\"article\" \/>\n<meta property=\"og:title\" content=\"Imaginez un peu ! - Revue Musicale Suisse\" \/>\n<meta property=\"og:description\" content=\"La crise climatique incite aussi les cr\u00e9ateur\u00b7trice\u00b7s de musique \u00e0 agir. Bien que nombre d&#039;entre eux\u00b7elles se trouvent dans des situations de d\u00e9pendance complexes, ils\u00b7elles disposent d&#039;une marge de man\u0153uvre. De plus, leurs comp\u00e9tences-cl\u00e9s sont sollicit\u00e9es : il s&#039;agit d\u2019imaginer des mondes nouveaux. En tant que cr\u00e9ateur\u00b7trice\u00b7s de musique, nos r\u00e9alit\u00e9s sont diff\u00e9rentes : de la productrice de Future Beats dans son home studio au trio de jazz en tourn\u00e9e, en passant par le chanteur de ch\u0153ur de yodel, nous \u00e9voluons dans des \u00e9cosyst\u00e8mes tr\u00e8s diff\u00e9rents. Ce qui r\u00e9unit beaucoup d&#039;entre nous, ce sont les moyens financiers limit\u00e9s avec lesquels nous devons jongler. Surtout apr\u00e8s COVID. Coinc\u00e9\u00b7e\u00b7s entre la pression \u00e9conomique et les exigences artistiques, l&#039;urgence de notre mission commune peut passer au second plan. C&#039;est compr\u00e9hensible mais fatal car, le temps, nous est compt\u00e9. Si nous ne r\u00e9duisons pas, de mani\u00e8re significative les \u00e9missions mondiales de gaz \u00e0 effet de serre au cours des huit prochaines ann\u00e9es et si nous ne limitons pas le r\u00e9chauffement de la plan\u00e8te \u00e0 1,5 degr\u00e9s, \u00e0 long terme, les cons\u00e9quences seront de l&#039;ordre de grandeur suivant : l&#039;Inde, pays de plus de 1,3 milliard d&#039;habitant\u00b7e\u00b7s, sera en grande partie inhabitable dans quelques d\u00e9cennies car il fera tout simplement trop chaud. En tant qu&#039;industrie musicale, nous avons, comme tous les autres secteurs, la responsabilit\u00e9 collective de rompre avec nos routines gourmandes en ressources. Nous pouvons le faire ! L&#039;industrie de la musique est celle qui produit le plus d&#039;\u00e9missions dues \u00e0 la mobilit\u00e9. Au cours d\u2019un seul week-end, les DJs sont transport\u00e9\u00b7e\u00b7s de Londres \u00e0 Varsovie, puis \u00e0 Majorque et enfin, \u00e0 Berlin, pour l&#039;afterhour, les groupes traversent l&#039;Europe en petits ou grands bus, les fans se rendent par milliers en voiture \u00e0 leurs concerts. Si l&#039;on veut agir de mani\u00e8re plus durable en tant que musicien\u00b7ne\u00b7s, il est indispensable de repenser notre mani\u00e8re de voyager.  Un vol aller-retour entre Zurich et Londres g\u00e9n\u00e8re environ 400 kg de CO2 par personne. C&#039;est deux tiers de ce qu&#039;une personne peut \u00e9mettre annuellement, selon l&#039;organisation My Climate, si nous voulons stopper efficacement (et solidairement) le r\u00e9chauffement climatique. Actuellement, en Europe, une personne consomme, en moyenne, environ 8,4 tonnes. \u00c0 titre de comparaison, une personne se rendant, \u00e0 Londres, en train - via Paris, en moins de huit heures - \u00e9met 40 kg de CO2. Renoncer \u00e0 prendre l&#039;avion fait partie de la protection climatique la plus efficace. Les compensations de CO2 n&#039;offrent pas de r\u00e9elle solution et c\u2019est m\u00eame le contraire : elles sont controvers\u00e9es car elles reportent les \u00e9conomies dans le futur. Un musicien allemand qui voulait compenser sa tourn\u00e9e en achetant une parcelle de for\u00eat et en plantant des arbres a d\u00fb constater, peu de temps apr\u00e8s, que ses arbres avaient \u00e9t\u00e9 victimes d&#039;un parasite. Pour absorber les \u00e9missions, ils auraient d\u00fb pousser pendant des d\u00e9cennies. La r\u00e8gle g\u00e9n\u00e9rale est donc la suivante : d&#039;abord \u00e9viter, puis r\u00e9duire et, seulement \u00e0 la toute fin, compenser le reste.  En tant que musicien\u00b7ne\u00b7s (en tourn\u00e9e), nous sommes souvent pris\u00b7ses dans un r\u00e9seau complexe de d\u00e9pendances socio-\u00e9conomiques. Nous sommes d&#039;autant plus tributaires du fait que les autres acteur\u00b7trice\u00b7s bougent \u00e9galement. Nous pouvons acc\u00e9l\u00e9rer ce processus en faisant de la durabilit\u00e9 un th\u00e8me. Encore et toujours. Tr\u00e8s concr\u00e8tement : demandez \u00e0 la directrice de votre salle de concert si le chauffage au mazout ou au gaz a d\u00e9j\u00e0 \u00e9t\u00e9 remplac\u00e9 et si l&#039;\u00e9lectricit\u00e9 provient de sources renouvelables, cr\u00e9ez votre propre catering rider \u00e0 l&#039;aide du mod\u00e8le \u00ab Green Rider \u00bb, avec lequel vous pouvez inciter les organisateur\u00b7trice\u00b7s \u00e0 proposer des repas v\u00e9g\u00e9tariens et v\u00e9g\u00e9taliens ou \u00e0 renoncer aux bouteilles en plastique. Discutez avec votre agence de booking de la mani\u00e8re dont le routing de votre tourn\u00e9e peut \u00eatre organis\u00e9 de mani\u00e8re plus efficace et discutez avec vos coll\u00e8gues musicien\u00b7ne\u00b7s de la question de savoir si cela vaut vraiment la peine de parcourir des centaines de kilom\u00e8tres ou m\u00eame de prendre l&#039;avion pour ce seul concert. Demandez \u00e0 des organismes de financement de vous aider \u00e0 voyager de mani\u00e8re plus durable (location d&#039;un van \u00e9lectrique, billets de train, h\u00e9bergement suppl\u00e9mentaire). D&#039;apr\u00e8s plusieurs entretiens, nous savons que les fondations souhaitent que les artistes fassent davantage pression. Rejoignez Music Declares Emergency ou une autre organisation et puis adressez-vous au public : que ce soit par le biais de chansons, d&#039;annonces de concert ou de r\u00e9seaux sociaux, partagez vos pr\u00e9occupations concernant le r\u00e9chauffement climatique, formulez des utopies. C&#039;est l\u00e0 qu&#039;intervient notre v\u00e9ritable superpuissance : en tant qu&#039;artistes, nous sommes sp\u00e9cialis\u00e9\u00b7e\u00b7s dans l&#039;\u00e9largissement des r\u00e9alit\u00e9s. Par le biais de notre musique, nous cr\u00e9ons, en permanence, de nouveaux lieux allant de l&#039;abri pour les sentiments inconfortables au paysage utopique. Dans le contexte de la crise climatique, cette imagination est tr\u00e8s sollicit\u00e9e. Il n&#039;y aura jamais assez de musicien\u00b7ne\u00b7s qui se mettent la t\u00eate dans les nuages, qui posent des questions et qui provoquent le changement : \u00e0 quoi ressemblent les mod\u00e8les de tourn\u00e9e alternatifs ? Comment peuvent-ils \u00eatre \u00e0 la fois plus durables sur le plan \u00e9cologique, moins stressants et plus judicieux sur le plan \u00e9conomique ? Que se passerait-il, par exemple, si chaque salle de concert disposait de sa propre backline ? Si nos bagages \u00e9taient pris en charge par des v\u00e9los cargos dans la salle de r\u00e9p\u00e9tition, amen\u00e9s \u00e0 la gare et charg\u00e9s par le service de transport de l&#039;op\u00e9rateur ferroviaire et si nous pouvions \u00e9galement voyager en train en toute d\u00e9contraction ? Si nous jouions dans six villes, au lieu de vingt, pendant une tourn\u00e9e de trois semaines mais que nous restions, \u00e0 chaque fois, quatre jours dans un lieu et donnions quatre concerts dans quatre lieux ? Si ces tourn\u00e9es de r\u00e9sidence \u00e9taient encourag\u00e9es ? Si nous avions plus de temps pour conna\u00eetre la sc\u00e8ne musicale locale et mettre en place des collaborations ? Formuler des id\u00e9es, m\u00eame non abouties, peut repr\u00e9senter un premier pas important. Cela nourrit les personnes qui sont sp\u00e9cialis\u00e9es dans la traduction de nos id\u00e9es en r\u00e9alit\u00e9s politiques.\" \/>\n<meta property=\"og:url\" content=\"https:\/\/www.revuemusicale.ch\/it\/basis\/2022\/05\/imaginez-un-peu\/\" \/>\n<meta property=\"og:site_name\" content=\"Revue Musicale Suisse\" \/>\n<meta property=\"article:publisher\" content=\"https:\/\/www.facebook.com\/SchweizerMusikzeitung\/\" \/>\n<meta property=\"article:published_time\" content=\"2022-05-24T22:00:00+00:00\" \/>\n<meta property=\"article:modified_time\" content=\"2023-01-19T14:50:30+00:00\" \/>\n<meta property=\"og:image\" content=\"https:\/\/www.revuemusicale.ch\/wp-content\/uploads\/2023\/01\/lsw2-1.jpg\" \/>\n\t<meta property=\"og:image:width\" content=\"554\" \/>\n\t<meta property=\"og:image:height\" content=\"575\" \/>\n\t<meta property=\"og:image:type\" content=\"image\/jpeg\" \/>\n<meta name=\"author\" content=\"Musikzeitung-Redaktion\" \/>\n<meta name=\"twitter:card\" content=\"summary_large_image\" \/>\n<meta name=\"twitter:creator\" content=\"@smusikzeitung\" \/>\n<meta name=\"twitter:site\" content=\"@smusikzeitung\" \/>\n<meta name=\"twitter:label1\" content=\"Scritto da\" \/>\n\t<meta name=\"twitter:data1\" content=\"Musikzeitung-Redaktion\" \/>\n<script type=\"application\/ld+json\" class=\"yoast-schema-graph\">{\"@context\":\"https:\\\/\\\/schema.org\",\"@graph\":[{\"@type\":\"Article\",\"@id\":\"https:\\\/\\\/www.revuemusicale.ch\\\/basis\\\/2022\\\/05\\\/imaginez-un-peu#article\",\"isPartOf\":{\"@id\":\"https:\\\/\\\/www.revuemusicale.ch\\\/basis\\\/2022\\\/05\\\/imaginez-un-peu\"},\"author\":{\"name\":\"Musikzeitung-Redaktion\",\"@id\":\"https:\\\/\\\/www.revuemusicale.ch\\\/#\\\/schema\\\/person\\\/b2fd892c800856270b9dcc6001265712\"},\"headline\":\"Imaginez un peu !\",\"datePublished\":\"2022-05-24T22:00:00+00:00\",\"dateModified\":\"2023-01-19T14:50:30+00:00\",\"mainEntityOfPage\":{\"@id\":\"https:\\\/\\\/www.revuemusicale.ch\\\/basis\\\/2022\\\/05\\\/imaginez-un-peu\"},\"wordCount\":3,\"commentCount\":0,\"publisher\":{\"@id\":\"https:\\\/\\\/www.revuemusicale.ch\\\/#organization\"},\"image\":{\"@id\":\"https:\\\/\\\/www.revuemusicale.ch\\\/basis\\\/2022\\\/05\\\/imaginez-un-peu#primaryimage\"},\"thumbnailUrl\":\"https:\\\/\\\/www.revuemusicale.ch\\\/wp-content\\\/uploads\\\/2023\\\/01\\\/lsw2-1.jpg\",\"articleSection\":[\"Basis\",\"SONART\"],\"inLanguage\":\"it-IT\"},{\"@type\":\"WebPage\",\"@id\":\"https:\\\/\\\/www.revuemusicale.ch\\\/basis\\\/2022\\\/05\\\/imaginez-un-peu\",\"url\":\"https:\\\/\\\/www.revuemusicale.ch\\\/basis\\\/2022\\\/05\\\/imaginez-un-peu\",\"name\":\"Imaginez un peu ! - Revue Musicale Suisse\",\"isPartOf\":{\"@id\":\"https:\\\/\\\/www.revuemusicale.ch\\\/#website\"},\"primaryImageOfPage\":{\"@id\":\"https:\\\/\\\/www.revuemusicale.ch\\\/basis\\\/2022\\\/05\\\/imaginez-un-peu#primaryimage\"},\"image\":{\"@id\":\"https:\\\/\\\/www.revuemusicale.ch\\\/basis\\\/2022\\\/05\\\/imaginez-un-peu#primaryimage\"},\"thumbnailUrl\":\"https:\\\/\\\/www.revuemusicale.ch\\\/wp-content\\\/uploads\\\/2023\\\/01\\\/lsw2-1.jpg\",\"datePublished\":\"2022-05-24T22:00:00+00:00\",\"dateModified\":\"2023-01-19T14:50:30+00:00\",\"breadcrumb\":{\"@id\":\"https:\\\/\\\/www.revuemusicale.ch\\\/basis\\\/2022\\\/05\\\/imaginez-un-peu#breadcrumb\"},\"inLanguage\":\"it-IT\",\"potentialAction\":[{\"@type\":\"ReadAction\",\"target\":[\"https:\\\/\\\/www.revuemusicale.ch\\\/basis\\\/2022\\\/05\\\/imaginez-un-peu\"]}]},{\"@type\":\"ImageObject\",\"inLanguage\":\"it-IT\",\"@id\":\"https:\\\/\\\/www.revuemusicale.ch\\\/basis\\\/2022\\\/05\\\/imaginez-un-peu#primaryimage\",\"url\":\"https:\\\/\\\/www.revuemusicale.ch\\\/wp-content\\\/uploads\\\/2023\\\/01\\\/lsw2-1.jpg\",\"contentUrl\":\"https:\\\/\\\/www.revuemusicale.ch\\\/wp-content\\\/uploads\\\/2023\\\/01\\\/lsw2-1.jpg\",\"width\":554,\"height\":575},{\"@type\":\"BreadcrumbList\",\"@id\":\"https:\\\/\\\/www.revuemusicale.ch\\\/basis\\\/2022\\\/05\\\/imaginez-un-peu#breadcrumb\",\"itemListElement\":[{\"@type\":\"ListItem\",\"position\":1,\"name\":\"Home\",\"item\":\"https:\\\/\\\/www.revuemusicale.ch\\\/\"},{\"@type\":\"ListItem\",\"position\":2,\"name\":\"Imaginez un peu !\"}]},{\"@type\":\"WebSite\",\"@id\":\"https:\\\/\\\/www.revuemusicale.ch\\\/#website\",\"url\":\"https:\\\/\\\/www.revuemusicale.ch\\\/\",\"name\":\"Revue Musicale Suisse\",\"description\":\"\",\"publisher\":{\"@id\":\"https:\\\/\\\/www.revuemusicale.ch\\\/#organization\"},\"potentialAction\":[{\"@type\":\"SearchAction\",\"target\":{\"@type\":\"EntryPoint\",\"urlTemplate\":\"https:\\\/\\\/www.revuemusicale.ch\\\/?s={search_term_string}\"},\"query-input\":{\"@type\":\"PropertyValueSpecification\",\"valueRequired\":true,\"valueName\":\"search_term_string\"}}],\"inLanguage\":\"it-IT\"},{\"@type\":\"Organization\",\"@id\":\"https:\\\/\\\/www.revuemusicale.ch\\\/#organization\",\"name\":\"Revue Musicale Suisse\",\"url\":\"https:\\\/\\\/www.revuemusicale.ch\\\/\",\"logo\":{\"@type\":\"ImageObject\",\"inLanguage\":\"it-IT\",\"@id\":\"https:\\\/\\\/www.revuemusicale.ch\\\/#\\\/schema\\\/logo\\\/image\\\/\",\"url\":\"https:\\\/\\\/www.revuemusicale.ch\\\/wp-content\\\/uploads\\\/2023\\\/01\\\/logo_revuemusicale_musikzeitung.jpg\",\"contentUrl\":\"https:\\\/\\\/www.revuemusicale.ch\\\/wp-content\\\/uploads\\\/2023\\\/01\\\/logo_revuemusicale_musikzeitung.jpg\",\"width\":1200,\"height\":243,\"caption\":\"Revue Musicale Suisse\"},\"image\":{\"@id\":\"https:\\\/\\\/www.revuemusicale.ch\\\/#\\\/schema\\\/logo\\\/image\\\/\"},\"sameAs\":[\"https:\\\/\\\/www.facebook.com\\\/SchweizerMusikzeitung\\\/\",\"https:\\\/\\\/x.com\\\/smusikzeitung\",\"https:\\\/\\\/www.instagram.com\\\/musikzeitung.ch\\\/?hl=de\"]},{\"@type\":\"Person\",\"@id\":\"https:\\\/\\\/www.revuemusicale.ch\\\/#\\\/schema\\\/person\\\/b2fd892c800856270b9dcc6001265712\",\"name\":\"Musikzeitung-Redaktion\",\"image\":{\"@type\":\"ImageObject\",\"inLanguage\":\"it-IT\",\"@id\":\"https:\\\/\\\/secure.gravatar.com\\\/avatar\\\/0c7e6a405862e402eb76a70f8a26fc732d07c32931e9fae9ab1582911d2e8a3b?s=96&d=mm&r=g\",\"url\":\"https:\\\/\\\/secure.gravatar.com\\\/avatar\\\/0c7e6a405862e402eb76a70f8a26fc732d07c32931e9fae9ab1582911d2e8a3b?s=96&d=mm&r=g\",\"contentUrl\":\"https:\\\/\\\/secure.gravatar.com\\\/avatar\\\/0c7e6a405862e402eb76a70f8a26fc732d07c32931e9fae9ab1582911d2e8a3b?s=96&d=mm&r=g\",\"caption\":\"Musikzeitung-Redaktion\"},\"sameAs\":[\"http:\\\/\\\/wundo-docker.io\"],\"url\":\"https:\\\/\\\/www.revuemusicale.ch\\\/it\\\/author\\\/admin\"}]}<\/script>\n<!-- \/ Yoast SEO plugin. -->","yoast_head_json":{"title":"Imaginez un peu ! - Revue Musicale Suisse","robots":{"index":"index","follow":"follow","max-snippet":"max-snippet:-1","max-image-preview":"max-image-preview:large","max-video-preview":"max-video-preview:-1"},"canonical":"https:\/\/www.revuemusicale.ch\/it\/basis\/2022\/05\/imaginez-un-peu\/","og_locale":"it_IT","og_type":"article","og_title":"Imaginez un peu ! - Revue Musicale Suisse","og_description":"La crise climatique incite aussi les cr\u00e9ateur\u00b7trice\u00b7s de musique \u00e0 agir. Bien que nombre d'entre eux\u00b7elles se trouvent dans des situations de d\u00e9pendance complexes, ils\u00b7elles disposent d'une marge de man\u0153uvre. De plus, leurs comp\u00e9tences-cl\u00e9s sont sollicit\u00e9es : il s'agit d\u2019imaginer des mondes nouveaux. En tant que cr\u00e9ateur\u00b7trice\u00b7s de musique, nos r\u00e9alit\u00e9s sont diff\u00e9rentes : de la productrice de Future Beats dans son home studio au trio de jazz en tourn\u00e9e, en passant par le chanteur de ch\u0153ur de yodel, nous \u00e9voluons dans des \u00e9cosyst\u00e8mes tr\u00e8s diff\u00e9rents. Ce qui r\u00e9unit beaucoup d'entre nous, ce sont les moyens financiers limit\u00e9s avec lesquels nous devons jongler. Surtout apr\u00e8s COVID. Coinc\u00e9\u00b7e\u00b7s entre la pression \u00e9conomique et les exigences artistiques, l'urgence de notre mission commune peut passer au second plan. C'est compr\u00e9hensible mais fatal car, le temps, nous est compt\u00e9. Si nous ne r\u00e9duisons pas, de mani\u00e8re significative les \u00e9missions mondiales de gaz \u00e0 effet de serre au cours des huit prochaines ann\u00e9es et si nous ne limitons pas le r\u00e9chauffement de la plan\u00e8te \u00e0 1,5 degr\u00e9s, \u00e0 long terme, les cons\u00e9quences seront de l'ordre de grandeur suivant : l'Inde, pays de plus de 1,3 milliard d'habitant\u00b7e\u00b7s, sera en grande partie inhabitable dans quelques d\u00e9cennies car il fera tout simplement trop chaud. En tant qu'industrie musicale, nous avons, comme tous les autres secteurs, la responsabilit\u00e9 collective de rompre avec nos routines gourmandes en ressources. Nous pouvons le faire ! L'industrie de la musique est celle qui produit le plus d'\u00e9missions dues \u00e0 la mobilit\u00e9. Au cours d\u2019un seul week-end, les DJs sont transport\u00e9\u00b7e\u00b7s de Londres \u00e0 Varsovie, puis \u00e0 Majorque et enfin, \u00e0 Berlin, pour l'afterhour, les groupes traversent l'Europe en petits ou grands bus, les fans se rendent par milliers en voiture \u00e0 leurs concerts. Si l'on veut agir de mani\u00e8re plus durable en tant que musicien\u00b7ne\u00b7s, il est indispensable de repenser notre mani\u00e8re de voyager.  Un vol aller-retour entre Zurich et Londres g\u00e9n\u00e8re environ 400 kg de CO2 par personne. C'est deux tiers de ce qu'une personne peut \u00e9mettre annuellement, selon l'organisation My Climate, si nous voulons stopper efficacement (et solidairement) le r\u00e9chauffement climatique. Actuellement, en Europe, une personne consomme, en moyenne, environ 8,4 tonnes. \u00c0 titre de comparaison, une personne se rendant, \u00e0 Londres, en train - via Paris, en moins de huit heures - \u00e9met 40 kg de CO2. Renoncer \u00e0 prendre l'avion fait partie de la protection climatique la plus efficace. Les compensations de CO2 n'offrent pas de r\u00e9elle solution et c\u2019est m\u00eame le contraire : elles sont controvers\u00e9es car elles reportent les \u00e9conomies dans le futur. Un musicien allemand qui voulait compenser sa tourn\u00e9e en achetant une parcelle de for\u00eat et en plantant des arbres a d\u00fb constater, peu de temps apr\u00e8s, que ses arbres avaient \u00e9t\u00e9 victimes d'un parasite. Pour absorber les \u00e9missions, ils auraient d\u00fb pousser pendant des d\u00e9cennies. La r\u00e8gle g\u00e9n\u00e9rale est donc la suivante : d'abord \u00e9viter, puis r\u00e9duire et, seulement \u00e0 la toute fin, compenser le reste.  En tant que musicien\u00b7ne\u00b7s (en tourn\u00e9e), nous sommes souvent pris\u00b7ses dans un r\u00e9seau complexe de d\u00e9pendances socio-\u00e9conomiques. Nous sommes d'autant plus tributaires du fait que les autres acteur\u00b7trice\u00b7s bougent \u00e9galement. Nous pouvons acc\u00e9l\u00e9rer ce processus en faisant de la durabilit\u00e9 un th\u00e8me. Encore et toujours. Tr\u00e8s concr\u00e8tement : demandez \u00e0 la directrice de votre salle de concert si le chauffage au mazout ou au gaz a d\u00e9j\u00e0 \u00e9t\u00e9 remplac\u00e9 et si l'\u00e9lectricit\u00e9 provient de sources renouvelables, cr\u00e9ez votre propre catering rider \u00e0 l'aide du mod\u00e8le \u00ab Green Rider \u00bb, avec lequel vous pouvez inciter les organisateur\u00b7trice\u00b7s \u00e0 proposer des repas v\u00e9g\u00e9tariens et v\u00e9g\u00e9taliens ou \u00e0 renoncer aux bouteilles en plastique. Discutez avec votre agence de booking de la mani\u00e8re dont le routing de votre tourn\u00e9e peut \u00eatre organis\u00e9 de mani\u00e8re plus efficace et discutez avec vos coll\u00e8gues musicien\u00b7ne\u00b7s de la question de savoir si cela vaut vraiment la peine de parcourir des centaines de kilom\u00e8tres ou m\u00eame de prendre l'avion pour ce seul concert. Demandez \u00e0 des organismes de financement de vous aider \u00e0 voyager de mani\u00e8re plus durable (location d'un van \u00e9lectrique, billets de train, h\u00e9bergement suppl\u00e9mentaire). D'apr\u00e8s plusieurs entretiens, nous savons que les fondations souhaitent que les artistes fassent davantage pression. Rejoignez Music Declares Emergency ou une autre organisation et puis adressez-vous au public : que ce soit par le biais de chansons, d'annonces de concert ou de r\u00e9seaux sociaux, partagez vos pr\u00e9occupations concernant le r\u00e9chauffement climatique, formulez des utopies. C'est l\u00e0 qu'intervient notre v\u00e9ritable superpuissance : en tant qu'artistes, nous sommes sp\u00e9cialis\u00e9\u00b7e\u00b7s dans l'\u00e9largissement des r\u00e9alit\u00e9s. Par le biais de notre musique, nous cr\u00e9ons, en permanence, de nouveaux lieux allant de l'abri pour les sentiments inconfortables au paysage utopique. Dans le contexte de la crise climatique, cette imagination est tr\u00e8s sollicit\u00e9e. Il n'y aura jamais assez de musicien\u00b7ne\u00b7s qui se mettent la t\u00eate dans les nuages, qui posent des questions et qui provoquent le changement : \u00e0 quoi ressemblent les mod\u00e8les de tourn\u00e9e alternatifs ? Comment peuvent-ils \u00eatre \u00e0 la fois plus durables sur le plan \u00e9cologique, moins stressants et plus judicieux sur le plan \u00e9conomique ? Que se passerait-il, par exemple, si chaque salle de concert disposait de sa propre backline ? Si nos bagages \u00e9taient pris en charge par des v\u00e9los cargos dans la salle de r\u00e9p\u00e9tition, amen\u00e9s \u00e0 la gare et charg\u00e9s par le service de transport de l'op\u00e9rateur ferroviaire et si nous pouvions \u00e9galement voyager en train en toute d\u00e9contraction ? Si nous jouions dans six villes, au lieu de vingt, pendant une tourn\u00e9e de trois semaines mais que nous restions, \u00e0 chaque fois, quatre jours dans un lieu et donnions quatre concerts dans quatre lieux ? Si ces tourn\u00e9es de r\u00e9sidence \u00e9taient encourag\u00e9es ? Si nous avions plus de temps pour conna\u00eetre la sc\u00e8ne musicale locale et mettre en place des collaborations ? Formuler des id\u00e9es, m\u00eame non abouties, peut repr\u00e9senter un premier pas important. Cela nourrit les personnes qui sont sp\u00e9cialis\u00e9es dans la traduction de nos id\u00e9es en r\u00e9alit\u00e9s politiques.","og_url":"https:\/\/www.revuemusicale.ch\/it\/basis\/2022\/05\/imaginez-un-peu\/","og_site_name":"Revue Musicale Suisse","article_publisher":"https:\/\/www.facebook.com\/SchweizerMusikzeitung\/","article_published_time":"2022-05-24T22:00:00+00:00","article_modified_time":"2023-01-19T14:50:30+00:00","og_image":[{"width":554,"height":575,"url":"https:\/\/www.revuemusicale.ch\/wp-content\/uploads\/2023\/01\/lsw2-1.jpg","type":"image\/jpeg"}],"author":"Musikzeitung-Redaktion","twitter_card":"summary_large_image","twitter_creator":"@smusikzeitung","twitter_site":"@smusikzeitung","twitter_misc":{"Scritto da":"Musikzeitung-Redaktion"},"schema":{"@context":"https:\/\/schema.org","@graph":[{"@type":"Article","@id":"https:\/\/www.revuemusicale.ch\/basis\/2022\/05\/imaginez-un-peu#article","isPartOf":{"@id":"https:\/\/www.revuemusicale.ch\/basis\/2022\/05\/imaginez-un-peu"},"author":{"name":"Musikzeitung-Redaktion","@id":"https:\/\/www.revuemusicale.ch\/#\/schema\/person\/b2fd892c800856270b9dcc6001265712"},"headline":"Imaginez un peu !","datePublished":"2022-05-24T22:00:00+00:00","dateModified":"2023-01-19T14:50:30+00:00","mainEntityOfPage":{"@id":"https:\/\/www.revuemusicale.ch\/basis\/2022\/05\/imaginez-un-peu"},"wordCount":3,"commentCount":0,"publisher":{"@id":"https:\/\/www.revuemusicale.ch\/#organization"},"image":{"@id":"https:\/\/www.revuemusicale.ch\/basis\/2022\/05\/imaginez-un-peu#primaryimage"},"thumbnailUrl":"https:\/\/www.revuemusicale.ch\/wp-content\/uploads\/2023\/01\/lsw2-1.jpg","articleSection":["Basis","SONART"],"inLanguage":"it-IT"},{"@type":"WebPage","@id":"https:\/\/www.revuemusicale.ch\/basis\/2022\/05\/imaginez-un-peu","url":"https:\/\/www.revuemusicale.ch\/basis\/2022\/05\/imaginez-un-peu","name":"Imaginez un peu ! - Revue Musicale Suisse","isPartOf":{"@id":"https:\/\/www.revuemusicale.ch\/#website"},"primaryImageOfPage":{"@id":"https:\/\/www.revuemusicale.ch\/basis\/2022\/05\/imaginez-un-peu#primaryimage"},"image":{"@id":"https:\/\/www.revuemusicale.ch\/basis\/2022\/05\/imaginez-un-peu#primaryimage"},"thumbnailUrl":"https:\/\/www.revuemusicale.ch\/wp-content\/uploads\/2023\/01\/lsw2-1.jpg","datePublished":"2022-05-24T22:00:00+00:00","dateModified":"2023-01-19T14:50:30+00:00","breadcrumb":{"@id":"https:\/\/www.revuemusicale.ch\/basis\/2022\/05\/imaginez-un-peu#breadcrumb"},"inLanguage":"it-IT","potentialAction":[{"@type":"ReadAction","target":["https:\/\/www.revuemusicale.ch\/basis\/2022\/05\/imaginez-un-peu"]}]},{"@type":"ImageObject","inLanguage":"it-IT","@id":"https:\/\/www.revuemusicale.ch\/basis\/2022\/05\/imaginez-un-peu#primaryimage","url":"https:\/\/www.revuemusicale.ch\/wp-content\/uploads\/2023\/01\/lsw2-1.jpg","contentUrl":"https:\/\/www.revuemusicale.ch\/wp-content\/uploads\/2023\/01\/lsw2-1.jpg","width":554,"height":575},{"@type":"BreadcrumbList","@id":"https:\/\/www.revuemusicale.ch\/basis\/2022\/05\/imaginez-un-peu#breadcrumb","itemListElement":[{"@type":"ListItem","position":1,"name":"Home","item":"https:\/\/www.revuemusicale.ch\/"},{"@type":"ListItem","position":2,"name":"Imaginez un peu !"}]},{"@type":"WebSite","@id":"https:\/\/www.revuemusicale.ch\/#website","url":"https:\/\/www.revuemusicale.ch\/","name":"Rassegna musicale svizzera","description":"","publisher":{"@id":"https:\/\/www.revuemusicale.ch\/#organization"},"potentialAction":[{"@type":"SearchAction","target":{"@type":"EntryPoint","urlTemplate":"https:\/\/www.revuemusicale.ch\/?s={search_term_string}"},"query-input":{"@type":"PropertyValueSpecification","valueRequired":true,"valueName":"search_term_string"}}],"inLanguage":"it-IT"},{"@type":"Organization","@id":"https:\/\/www.revuemusicale.ch\/#organization","name":"Rassegna musicale svizzera","url":"https:\/\/www.revuemusicale.ch\/","logo":{"@type":"ImageObject","inLanguage":"it-IT","@id":"https:\/\/www.revuemusicale.ch\/#\/schema\/logo\/image\/","url":"https:\/\/www.revuemusicale.ch\/wp-content\/uploads\/2023\/01\/logo_revuemusicale_musikzeitung.jpg","contentUrl":"https:\/\/www.revuemusicale.ch\/wp-content\/uploads\/2023\/01\/logo_revuemusicale_musikzeitung.jpg","width":1200,"height":243,"caption":"Revue Musicale Suisse"},"image":{"@id":"https:\/\/www.revuemusicale.ch\/#\/schema\/logo\/image\/"},"sameAs":["https:\/\/www.facebook.com\/SchweizerMusikzeitung\/","https:\/\/x.com\/smusikzeitung","https:\/\/www.instagram.com\/musikzeitung.ch\/?hl=de"]},{"@type":"Person","@id":"https:\/\/www.revuemusicale.ch\/#\/schema\/person\/b2fd892c800856270b9dcc6001265712","name":"Musikzeitung-Redaktion","image":{"@type":"ImageObject","inLanguage":"it-IT","@id":"https:\/\/secure.gravatar.com\/avatar\/0c7e6a405862e402eb76a70f8a26fc732d07c32931e9fae9ab1582911d2e8a3b?s=96&d=mm&r=g","url":"https:\/\/secure.gravatar.com\/avatar\/0c7e6a405862e402eb76a70f8a26fc732d07c32931e9fae9ab1582911d2e8a3b?s=96&d=mm&r=g","contentUrl":"https:\/\/secure.gravatar.com\/avatar\/0c7e6a405862e402eb76a70f8a26fc732d07c32931e9fae9ab1582911d2e8a3b?s=96&d=mm&r=g","caption":"Musikzeitung-Redaktion"},"sameAs":["http:\/\/wundo-docker.io"],"url":"https:\/\/www.revuemusicale.ch\/it\/author\/admin"}]}},"publishpress_future_action":{"enabled":false,"date":"1970-01-01 01:00:00","action":"change-status","newStatus":"draft","terms":[],"taxonomy":"category","extraData":[]},"publishpress_future_workflow_manual_trigger":{"enabledWorkflows":[]},"_links":{"self":[{"href":"https:\/\/www.revuemusicale.ch\/it\/wp-json\/wp\/v2\/posts\/28935","targetHints":{"allow":["GET"]}}],"collection":[{"href":"https:\/\/www.revuemusicale.ch\/it\/wp-json\/wp\/v2\/posts"}],"about":[{"href":"https:\/\/www.revuemusicale.ch\/it\/wp-json\/wp\/v2\/types\/post"}],"author":[{"embeddable":true,"href":"https:\/\/www.revuemusicale.ch\/it\/wp-json\/wp\/v2\/users\/1"}],"replies":[{"embeddable":true,"href":"https:\/\/www.revuemusicale.ch\/it\/wp-json\/wp\/v2\/comments?post=28935"}],"version-history":[{"count":1,"href":"https:\/\/www.revuemusicale.ch\/it\/wp-json\/wp\/v2\/posts\/28935\/revisions"}],"predecessor-version":[{"id":28936,"href":"https:\/\/www.revuemusicale.ch\/it\/wp-json\/wp\/v2\/posts\/28935\/revisions\/28936"}],"wp:featuredmedia":[{"embeddable":true,"href":"https:\/\/www.revuemusicale.ch\/it\/wp-json\/wp\/v2\/media\/28933"}],"wp:attachment":[{"href":"https:\/\/www.revuemusicale.ch\/it\/wp-json\/wp\/v2\/media?parent=28935"}],"wp:term":[{"taxonomy":"category","embeddable":true,"href":"https:\/\/www.revuemusicale.ch\/it\/wp-json\/wp\/v2\/categories?post=28935"},{"taxonomy":"post_tag","embeddable":true,"href":"https:\/\/www.revuemusicale.ch\/it\/wp-json\/wp\/v2\/tags?post=28935"}],"curies":[{"name":"wp","href":"https:\/\/api.w.org\/{rel}","templated":true}]}}