{"id":28939,"date":"2022-11-30T00:00:00","date_gmt":"2022-11-29T23:00:00","guid":{"rendered":"https:\/\/www.revuemusicale.ch\/blog\/2022\/11\/30\/de-musica-ticinensis-it\/"},"modified":"2023-01-19T15:50:30","modified_gmt":"2023-01-19T14:50:30","slug":"de-musica-ticinensis-it","status":"publish","type":"post","link":"https:\/\/www.revuemusicale.ch\/it\/basis\/2022\/11\/de-musica-ticinensis-it","title":{"rendered":"De musica ticinensis (IT)"},"content":{"rendered":"<p><img decoding=\"async\" class=\"size-full\" src=\"https:\/\/www.revuemusicale.ch\/wp-content\/uploads\/2023\/01\/lsw2-1.jpg\" alt=\"\" \/><\/p>\n<p><strong>Per parlare dello stato attuale della creazione musicale nella Svizzera italiana, abbiamo scelto di utilizzare una forma particolare di scrittura: il dialogo.<\/strong><\/p>\n<p>Il significato dell'indagine conoscitiva dialogica \u00e8 quello risalente ai luminosi esempi di Socrate e Platone, e lo abbiamo scelto perch\u00e9 la sua natura arcaica aiuta - meglio di altre - ad avvicinare una condizione che appare come assai poco moderna. Quello che segue \u00e8 quindi un dialogo - immaginario, ma non troppo - tra due musicisti svizzeroitaliani.<\/p>\n<p>Al tavolo del bar, in un angolo ombggiato della terrazza siede Fabio.<br \/> Con qualche minuto in ritardo lo raggiunge Zeno.<br \/> \"Cos\u00ec sei rientrato a vivere in Ticino!\" attacca Zeno. \"Ma chi te l'ha fatto fare?\".<br \/> \"Le imperscrutabili vicissitudini della vita! Ma perch\u00e9 dici \"chi te ha fatto fare?\" - vuoi forse suggerire che la vita in Ticino non \u00e8 consigliabile o augurabile?\".<br \/> \"Dipende dai punti di vista. Se ti giri e ammiri i riflessi del lago all'imbrunire oppure ti lasci solleticare da questo tiepido vento d'autunno, la vita in Ticino potrebbe effettivamente sembrare una delle pi\u00f9 desiderabili al mondo\".<br \/> \"Gi\u00e0 non \u00e8 poco! Cosa invece dovrebbe renderla sgradevole?\".<br \/> \"Vedi, Fabio. Tu sei cresciuto qui, hai iniziato a studiare musica e - ancora giovane - te ne sei andato nelle migliori accademie svizzere a nord delle Alpi. Tra la Romania e la Svizzera tedesca hai poi cominciato un percorso di musicista e creatore indipendente, in un contesto che ha saputo aiutarti e valorizzare le tue capacit\u00e0\".<br \/> \"S\u00ec, \u00e8 andata circa cos\u00ec. Ma quello che descrivete non dovrebbe essere possibile anche attorno a questo lago, nell'unica regione della terza cultura svizzera? Penso che le istituzioni siano cos\u00ec...\". L'espressione di Fabio sembrava colorata di preoccupazione.<br \/> \"Le istituzioni effettivamente ci sono, ma si occupano principalmente d'altro\".<br \/> \"In che senso?\"<br \/> Zeno fa un lungo respiro. Il respiro di chi non vuole, ma deve affrontare i nodi della vita. \"Dal punto di vista accademico, ad esempio, l'unica formazione musicale possibile \u00e8 quella in ambiente classico. Dal punto di vista del sostegno a chi - in qualsiasi genere - sceglie la strada professionale del creatore di musica, non esiste.<br \/> \"Ma davvero? Ho visto i resoconti, e il Canton Ticino spende ogni anno quasi 6 milioni di franchi per la musica!\".<br \/> \"Giusto. Ma la quasi totalit\u00e0 di quei soldi - parliamo di circa l'85% - va a chi si occupa di riproporre la musica del passato, senza alcun legame con la creazione musicale svizzeroitaliana di oggi\".<br \/> \"Beh, ma rimane almeno un 15%!\".<br \/> \"Di quello circa il 13% viene destinato agli organizzatori di eventi. Che per la maggior parte programmano musiche e musicisti invitati da fuori\".<br \/> \"Non sarai mica sciovinista, primatista e ticinesista!\".<br \/> \"Proprio no: adoro le musiche di tutto il mondo. Ma il dramma \u00e8 che siamo cresciuti in un posto dove si \u00e8 sempre creduto che l'unico modo di fare cultura musicale fosse quello di ripetere la musica del passato e ascoltare la musica degli altri\".<br \/> \"Effettivamente sembra avere poco senso...\".<br \/> \"\u00c8 la quintessenza del provincialismo, nonch\u00e9 la totale sottovalutazione di quello che la cultura \u00e8 e dovrebbe sempre essere\".<br \/> \"E cio\u00e8?\"<br \/> \"Una rappresentazione - dialettica e non univoca - di ci\u00f2 che noi siamo, in quanto esseri umani\".<br \/> \"Ma almeno i nostri Comuni e le nostre Citt\u00e0 faranno qualcosa per aiutare chi si occupa di creazione musicale!\".<br \/> \"Purtroppo no. Non esiste praticamente nessun programma di sostegno o accompagnamento alla creazione musicale. Niente di niente: siamo sotto il livello del radar che misura l'esistente\".<\/p>\n<p>Questo emozionante dialogo ha avuto luogo circa due anni fa. Fabio Pinto si \u00e8 comunque stabilito in Ticino, continua a far musica ed \u00e8 diventato responsabile del primo ufficio Sonart a sud delle Alpi. Pure Zeno Gabaglio continua a fare musica e ad essere presidente della Sottocommissione musica del Canton Ticino. Insieme stanno cercando di cambiare la situazione; qualche piccolo risultato \u00e8 stato raggiunto, ma la realt\u00e0 \u00e8 ancora molto loin di una condizione che potrebbe essere definita giusta e normale.<\/p>\n<\/p><\/div>","protected":false},"excerpt":{"rendered":"<div class='text-section'>","protected":false},"author":1,"featured_media":28933,"comment_status":"open","ping_status":"open","sticky":false,"template":"","format":"standard","meta":{"_acf_changed":false,"_relevanssi_hide_post":"","_relevanssi_hide_content":"","_relevanssi_pin_for_all":"","_relevanssi_pin_keywords":"","_relevanssi_unpin_keywords":"","_relevanssi_related_keywords":"","_relevanssi_related_include_ids":"","_relevanssi_related_exclude_ids":"","_relevanssi_related_no_append":"","_relevanssi_related_not_related":"","_relevanssi_related_posts":"","_relevanssi_noindex_reason":"","pgc_sgb_lightbox_settings":"","footnotes":""},"categories":[31,54],"tags":[],"class_list":["post-28939","post","type-post","status-publish","format-standard","has-post-thumbnail","hentry","category-basis","category-sonart"],"acf":[],"yoast_head":"<!-- This site is optimized with the Yoast SEO plugin v27.3 - https:\/\/yoast.com\/product\/yoast-seo-wordpress\/ -->\n<title>De musica ticinensis (IT) - Revue Musicale Suisse<\/title>\n<meta name=\"robots\" content=\"index, follow, max-snippet:-1, max-image-preview:large, max-video-preview:-1\" \/>\n<link rel=\"canonical\" href=\"https:\/\/www.revuemusicale.ch\/it\/basis\/2022\/11\/de-musica-ticinensis-it\/\" \/>\n<meta property=\"og:locale\" content=\"it_IT\" \/>\n<meta property=\"og:type\" content=\"article\" \/>\n<meta property=\"og:title\" content=\"De musica ticinensis (IT) - Revue Musicale Suisse\" \/>\n<meta property=\"og:url\" content=\"https:\/\/www.revuemusicale.ch\/it\/basis\/2022\/11\/de-musica-ticinensis-it\/\" \/>\n<meta property=\"og:site_name\" content=\"Revue Musicale Suisse\" \/>\n<meta property=\"article:publisher\" content=\"https:\/\/www.facebook.com\/SchweizerMusikzeitung\/\" \/>\n<meta property=\"article:published_time\" content=\"2022-11-29T23:00:00+00:00\" \/>\n<meta property=\"article:modified_time\" content=\"2023-01-19T14:50:30+00:00\" \/>\n<meta property=\"og:image\" content=\"https:\/\/www.revuemusicale.ch\/wp-content\/uploads\/2023\/01\/lsw2-1.jpg\" \/>\n\t<meta property=\"og:image:width\" content=\"554\" \/>\n\t<meta property=\"og:image:height\" content=\"575\" \/>\n\t<meta property=\"og:image:type\" content=\"image\/jpeg\" \/>\n<meta name=\"author\" content=\"Musikzeitung-Redaktion\" \/>\n<meta name=\"twitter:card\" content=\"summary_large_image\" \/>\n<meta name=\"twitter:creator\" content=\"@smusikzeitung\" \/>\n<meta name=\"twitter:site\" content=\"@smusikzeitung\" \/>\n<meta name=\"twitter:label1\" content=\"Scritto da\" \/>\n\t<meta name=\"twitter:data1\" content=\"Musikzeitung-Redaktion\" \/>\n\t<meta name=\"twitter:label2\" content=\"Tempo di lettura stimato\" \/>\n\t<meta name=\"twitter:data2\" content=\"3 minuti\" \/>\n<script type=\"application\/ld+json\" class=\"yoast-schema-graph\">{\"@context\":\"https:\\\/\\\/schema.org\",\"@graph\":[{\"@type\":\"Article\",\"@id\":\"https:\\\/\\\/www.revuemusicale.ch\\\/basis\\\/2022\\\/11\\\/de-musica-ticinensis-it#article\",\"isPartOf\":{\"@id\":\"https:\\\/\\\/www.revuemusicale.ch\\\/basis\\\/2022\\\/11\\\/de-musica-ticinensis-it\"},\"author\":{\"name\":\"Musikzeitung-Redaktion\",\"@id\":\"https:\\\/\\\/www.revuemusicale.ch\\\/#\\\/schema\\\/person\\\/b2fd892c800856270b9dcc6001265712\"},\"headline\":\"De musica ticinensis (IT)\",\"datePublished\":\"2022-11-29T23:00:00+00:00\",\"dateModified\":\"2023-01-19T14:50:30+00:00\",\"mainEntityOfPage\":{\"@id\":\"https:\\\/\\\/www.revuemusicale.ch\\\/basis\\\/2022\\\/11\\\/de-musica-ticinensis-it\"},\"wordCount\":641,\"commentCount\":0,\"publisher\":{\"@id\":\"https:\\\/\\\/www.revuemusicale.ch\\\/#organization\"},\"image\":{\"@id\":\"https:\\\/\\\/www.revuemusicale.ch\\\/basis\\\/2022\\\/11\\\/de-musica-ticinensis-it#primaryimage\"},\"thumbnailUrl\":\"https:\\\/\\\/www.revuemusicale.ch\\\/wp-content\\\/uploads\\\/2023\\\/01\\\/lsw2-1.jpg\",\"articleSection\":[\"Basis\",\"SONART\"],\"inLanguage\":\"it-IT\"},{\"@type\":\"WebPage\",\"@id\":\"https:\\\/\\\/www.revuemusicale.ch\\\/basis\\\/2022\\\/11\\\/de-musica-ticinensis-it\",\"url\":\"https:\\\/\\\/www.revuemusicale.ch\\\/basis\\\/2022\\\/11\\\/de-musica-ticinensis-it\",\"name\":\"De musica ticinensis (IT) - Revue Musicale Suisse\",\"isPartOf\":{\"@id\":\"https:\\\/\\\/www.revuemusicale.ch\\\/#website\"},\"primaryImageOfPage\":{\"@id\":\"https:\\\/\\\/www.revuemusicale.ch\\\/basis\\\/2022\\\/11\\\/de-musica-ticinensis-it#primaryimage\"},\"image\":{\"@id\":\"https:\\\/\\\/www.revuemusicale.ch\\\/basis\\\/2022\\\/11\\\/de-musica-ticinensis-it#primaryimage\"},\"thumbnailUrl\":\"https:\\\/\\\/www.revuemusicale.ch\\\/wp-content\\\/uploads\\\/2023\\\/01\\\/lsw2-1.jpg\",\"datePublished\":\"2022-11-29T23:00:00+00:00\",\"dateModified\":\"2023-01-19T14:50:30+00:00\",\"breadcrumb\":{\"@id\":\"https:\\\/\\\/www.revuemusicale.ch\\\/basis\\\/2022\\\/11\\\/de-musica-ticinensis-it#breadcrumb\"},\"inLanguage\":\"it-IT\",\"potentialAction\":[{\"@type\":\"ReadAction\",\"target\":[\"https:\\\/\\\/www.revuemusicale.ch\\\/basis\\\/2022\\\/11\\\/de-musica-ticinensis-it\"]}]},{\"@type\":\"ImageObject\",\"inLanguage\":\"it-IT\",\"@id\":\"https:\\\/\\\/www.revuemusicale.ch\\\/basis\\\/2022\\\/11\\\/de-musica-ticinensis-it#primaryimage\",\"url\":\"https:\\\/\\\/www.revuemusicale.ch\\\/wp-content\\\/uploads\\\/2023\\\/01\\\/lsw2-1.jpg\",\"contentUrl\":\"https:\\\/\\\/www.revuemusicale.ch\\\/wp-content\\\/uploads\\\/2023\\\/01\\\/lsw2-1.jpg\",\"width\":554,\"height\":575},{\"@type\":\"BreadcrumbList\",\"@id\":\"https:\\\/\\\/www.revuemusicale.ch\\\/basis\\\/2022\\\/11\\\/de-musica-ticinensis-it#breadcrumb\",\"itemListElement\":[{\"@type\":\"ListItem\",\"position\":1,\"name\":\"Home\",\"item\":\"https:\\\/\\\/www.revuemusicale.ch\\\/\"},{\"@type\":\"ListItem\",\"position\":2,\"name\":\"De musica ticinensis (IT)\"}]},{\"@type\":\"WebSite\",\"@id\":\"https:\\\/\\\/www.revuemusicale.ch\\\/#website\",\"url\":\"https:\\\/\\\/www.revuemusicale.ch\\\/\",\"name\":\"Revue Musicale Suisse\",\"description\":\"\",\"publisher\":{\"@id\":\"https:\\\/\\\/www.revuemusicale.ch\\\/#organization\"},\"potentialAction\":[{\"@type\":\"SearchAction\",\"target\":{\"@type\":\"EntryPoint\",\"urlTemplate\":\"https:\\\/\\\/www.revuemusicale.ch\\\/?s={search_term_string}\"},\"query-input\":{\"@type\":\"PropertyValueSpecification\",\"valueRequired\":true,\"valueName\":\"search_term_string\"}}],\"inLanguage\":\"it-IT\"},{\"@type\":\"Organization\",\"@id\":\"https:\\\/\\\/www.revuemusicale.ch\\\/#organization\",\"name\":\"Revue Musicale Suisse\",\"url\":\"https:\\\/\\\/www.revuemusicale.ch\\\/\",\"logo\":{\"@type\":\"ImageObject\",\"inLanguage\":\"it-IT\",\"@id\":\"https:\\\/\\\/www.revuemusicale.ch\\\/#\\\/schema\\\/logo\\\/image\\\/\",\"url\":\"https:\\\/\\\/www.revuemusicale.ch\\\/wp-content\\\/uploads\\\/2023\\\/01\\\/logo_revuemusicale_musikzeitung.jpg\",\"contentUrl\":\"https:\\\/\\\/www.revuemusicale.ch\\\/wp-content\\\/uploads\\\/2023\\\/01\\\/logo_revuemusicale_musikzeitung.jpg\",\"width\":1200,\"height\":243,\"caption\":\"Revue Musicale Suisse\"},\"image\":{\"@id\":\"https:\\\/\\\/www.revuemusicale.ch\\\/#\\\/schema\\\/logo\\\/image\\\/\"},\"sameAs\":[\"https:\\\/\\\/www.facebook.com\\\/SchweizerMusikzeitung\\\/\",\"https:\\\/\\\/x.com\\\/smusikzeitung\",\"https:\\\/\\\/www.instagram.com\\\/musikzeitung.ch\\\/?hl=de\"]},{\"@type\":\"Person\",\"@id\":\"https:\\\/\\\/www.revuemusicale.ch\\\/#\\\/schema\\\/person\\\/b2fd892c800856270b9dcc6001265712\",\"name\":\"Musikzeitung-Redaktion\",\"image\":{\"@type\":\"ImageObject\",\"inLanguage\":\"it-IT\",\"@id\":\"https:\\\/\\\/secure.gravatar.com\\\/avatar\\\/0c7e6a405862e402eb76a70f8a26fc732d07c32931e9fae9ab1582911d2e8a3b?s=96&d=mm&r=g\",\"url\":\"https:\\\/\\\/secure.gravatar.com\\\/avatar\\\/0c7e6a405862e402eb76a70f8a26fc732d07c32931e9fae9ab1582911d2e8a3b?s=96&d=mm&r=g\",\"contentUrl\":\"https:\\\/\\\/secure.gravatar.com\\\/avatar\\\/0c7e6a405862e402eb76a70f8a26fc732d07c32931e9fae9ab1582911d2e8a3b?s=96&d=mm&r=g\",\"caption\":\"Musikzeitung-Redaktion\"},\"sameAs\":[\"http:\\\/\\\/wundo-docker.io\"],\"url\":\"https:\\\/\\\/www.revuemusicale.ch\\\/it\\\/author\\\/admin\"}]}<\/script>\n<!-- \/ Yoast SEO plugin. -->","yoast_head_json":{"title":"De musica ticinensis (IT) - Revue Musicale Suisse","robots":{"index":"index","follow":"follow","max-snippet":"max-snippet:-1","max-image-preview":"max-image-preview:large","max-video-preview":"max-video-preview:-1"},"canonical":"https:\/\/www.revuemusicale.ch\/it\/basis\/2022\/11\/de-musica-ticinensis-it\/","og_locale":"it_IT","og_type":"article","og_title":"De musica ticinensis (IT) - Revue Musicale Suisse","og_url":"https:\/\/www.revuemusicale.ch\/it\/basis\/2022\/11\/de-musica-ticinensis-it\/","og_site_name":"Revue Musicale Suisse","article_publisher":"https:\/\/www.facebook.com\/SchweizerMusikzeitung\/","article_published_time":"2022-11-29T23:00:00+00:00","article_modified_time":"2023-01-19T14:50:30+00:00","og_image":[{"width":554,"height":575,"url":"https:\/\/www.revuemusicale.ch\/wp-content\/uploads\/2023\/01\/lsw2-1.jpg","type":"image\/jpeg"}],"author":"Musikzeitung-Redaktion","twitter_card":"summary_large_image","twitter_creator":"@smusikzeitung","twitter_site":"@smusikzeitung","twitter_misc":{"Scritto da":"Musikzeitung-Redaktion","Tempo di lettura stimato":"3 minuti"},"schema":{"@context":"https:\/\/schema.org","@graph":[{"@type":"Article","@id":"https:\/\/www.revuemusicale.ch\/basis\/2022\/11\/de-musica-ticinensis-it#article","isPartOf":{"@id":"https:\/\/www.revuemusicale.ch\/basis\/2022\/11\/de-musica-ticinensis-it"},"author":{"name":"Musikzeitung-Redaktion","@id":"https:\/\/www.revuemusicale.ch\/#\/schema\/person\/b2fd892c800856270b9dcc6001265712"},"headline":"De musica ticinensis (IT)","datePublished":"2022-11-29T23:00:00+00:00","dateModified":"2023-01-19T14:50:30+00:00","mainEntityOfPage":{"@id":"https:\/\/www.revuemusicale.ch\/basis\/2022\/11\/de-musica-ticinensis-it"},"wordCount":641,"commentCount":0,"publisher":{"@id":"https:\/\/www.revuemusicale.ch\/#organization"},"image":{"@id":"https:\/\/www.revuemusicale.ch\/basis\/2022\/11\/de-musica-ticinensis-it#primaryimage"},"thumbnailUrl":"https:\/\/www.revuemusicale.ch\/wp-content\/uploads\/2023\/01\/lsw2-1.jpg","articleSection":["Basis","SONART"],"inLanguage":"it-IT"},{"@type":"WebPage","@id":"https:\/\/www.revuemusicale.ch\/basis\/2022\/11\/de-musica-ticinensis-it","url":"https:\/\/www.revuemusicale.ch\/basis\/2022\/11\/de-musica-ticinensis-it","name":"De musica ticinensis (IT) - Revue Musicale Suisse","isPartOf":{"@id":"https:\/\/www.revuemusicale.ch\/#website"},"primaryImageOfPage":{"@id":"https:\/\/www.revuemusicale.ch\/basis\/2022\/11\/de-musica-ticinensis-it#primaryimage"},"image":{"@id":"https:\/\/www.revuemusicale.ch\/basis\/2022\/11\/de-musica-ticinensis-it#primaryimage"},"thumbnailUrl":"https:\/\/www.revuemusicale.ch\/wp-content\/uploads\/2023\/01\/lsw2-1.jpg","datePublished":"2022-11-29T23:00:00+00:00","dateModified":"2023-01-19T14:50:30+00:00","breadcrumb":{"@id":"https:\/\/www.revuemusicale.ch\/basis\/2022\/11\/de-musica-ticinensis-it#breadcrumb"},"inLanguage":"it-IT","potentialAction":[{"@type":"ReadAction","target":["https:\/\/www.revuemusicale.ch\/basis\/2022\/11\/de-musica-ticinensis-it"]}]},{"@type":"ImageObject","inLanguage":"it-IT","@id":"https:\/\/www.revuemusicale.ch\/basis\/2022\/11\/de-musica-ticinensis-it#primaryimage","url":"https:\/\/www.revuemusicale.ch\/wp-content\/uploads\/2023\/01\/lsw2-1.jpg","contentUrl":"https:\/\/www.revuemusicale.ch\/wp-content\/uploads\/2023\/01\/lsw2-1.jpg","width":554,"height":575},{"@type":"BreadcrumbList","@id":"https:\/\/www.revuemusicale.ch\/basis\/2022\/11\/de-musica-ticinensis-it#breadcrumb","itemListElement":[{"@type":"ListItem","position":1,"name":"Home","item":"https:\/\/www.revuemusicale.ch\/"},{"@type":"ListItem","position":2,"name":"De musica ticinensis (IT)"}]},{"@type":"WebSite","@id":"https:\/\/www.revuemusicale.ch\/#website","url":"https:\/\/www.revuemusicale.ch\/","name":"Rassegna musicale svizzera","description":"","publisher":{"@id":"https:\/\/www.revuemusicale.ch\/#organization"},"potentialAction":[{"@type":"SearchAction","target":{"@type":"EntryPoint","urlTemplate":"https:\/\/www.revuemusicale.ch\/?s={search_term_string}"},"query-input":{"@type":"PropertyValueSpecification","valueRequired":true,"valueName":"search_term_string"}}],"inLanguage":"it-IT"},{"@type":"Organization","@id":"https:\/\/www.revuemusicale.ch\/#organization","name":"Rassegna musicale svizzera","url":"https:\/\/www.revuemusicale.ch\/","logo":{"@type":"ImageObject","inLanguage":"it-IT","@id":"https:\/\/www.revuemusicale.ch\/#\/schema\/logo\/image\/","url":"https:\/\/www.revuemusicale.ch\/wp-content\/uploads\/2023\/01\/logo_revuemusicale_musikzeitung.jpg","contentUrl":"https:\/\/www.revuemusicale.ch\/wp-content\/uploads\/2023\/01\/logo_revuemusicale_musikzeitung.jpg","width":1200,"height":243,"caption":"Revue Musicale Suisse"},"image":{"@id":"https:\/\/www.revuemusicale.ch\/#\/schema\/logo\/image\/"},"sameAs":["https:\/\/www.facebook.com\/SchweizerMusikzeitung\/","https:\/\/x.com\/smusikzeitung","https:\/\/www.instagram.com\/musikzeitung.ch\/?hl=de"]},{"@type":"Person","@id":"https:\/\/www.revuemusicale.ch\/#\/schema\/person\/b2fd892c800856270b9dcc6001265712","name":"Musikzeitung-Redaktion","image":{"@type":"ImageObject","inLanguage":"it-IT","@id":"https:\/\/secure.gravatar.com\/avatar\/0c7e6a405862e402eb76a70f8a26fc732d07c32931e9fae9ab1582911d2e8a3b?s=96&d=mm&r=g","url":"https:\/\/secure.gravatar.com\/avatar\/0c7e6a405862e402eb76a70f8a26fc732d07c32931e9fae9ab1582911d2e8a3b?s=96&d=mm&r=g","contentUrl":"https:\/\/secure.gravatar.com\/avatar\/0c7e6a405862e402eb76a70f8a26fc732d07c32931e9fae9ab1582911d2e8a3b?s=96&d=mm&r=g","caption":"Musikzeitung-Redaktion"},"sameAs":["http:\/\/wundo-docker.io"],"url":"https:\/\/www.revuemusicale.ch\/it\/author\/admin"}]}},"publishpress_future_action":{"enabled":false,"date":"1970-01-01 01:00:00","action":"change-status","newStatus":"draft","terms":[],"taxonomy":"category","extraData":[]},"publishpress_future_workflow_manual_trigger":{"enabledWorkflows":[]},"_links":{"self":[{"href":"https:\/\/www.revuemusicale.ch\/it\/wp-json\/wp\/v2\/posts\/28939","targetHints":{"allow":["GET"]}}],"collection":[{"href":"https:\/\/www.revuemusicale.ch\/it\/wp-json\/wp\/v2\/posts"}],"about":[{"href":"https:\/\/www.revuemusicale.ch\/it\/wp-json\/wp\/v2\/types\/post"}],"author":[{"embeddable":true,"href":"https:\/\/www.revuemusicale.ch\/it\/wp-json\/wp\/v2\/users\/1"}],"replies":[{"embeddable":true,"href":"https:\/\/www.revuemusicale.ch\/it\/wp-json\/wp\/v2\/comments?post=28939"}],"version-history":[{"count":1,"href":"https:\/\/www.revuemusicale.ch\/it\/wp-json\/wp\/v2\/posts\/28939\/revisions"}],"predecessor-version":[{"id":28940,"href":"https:\/\/www.revuemusicale.ch\/it\/wp-json\/wp\/v2\/posts\/28939\/revisions\/28940"}],"wp:featuredmedia":[{"embeddable":true,"href":"https:\/\/www.revuemusicale.ch\/it\/wp-json\/wp\/v2\/media\/28933"}],"wp:attachment":[{"href":"https:\/\/www.revuemusicale.ch\/it\/wp-json\/wp\/v2\/media?parent=28939"}],"wp:term":[{"taxonomy":"category","embeddable":true,"href":"https:\/\/www.revuemusicale.ch\/it\/wp-json\/wp\/v2\/categories?post=28939"},{"taxonomy":"post_tag","embeddable":true,"href":"https:\/\/www.revuemusicale.ch\/it\/wp-json\/wp\/v2\/tags?post=28939"}],"curies":[{"name":"wp","href":"https:\/\/api.w.org\/{rel}","templated":true}]}}