{"id":28949,"date":"2013-10-07T00:00:00","date_gmt":"2013-10-06T22:00:00","guid":{"rendered":"https:\/\/www.revuemusicale.ch\/blog\/2013\/10\/07\/les-conditions-de-travail-des-professeurs-de-musique\/"},"modified":"2023-01-19T15:50:31","modified_gmt":"2023-01-19T14:50:31","slug":"les-conditions-de-travail-des-professeurs-de-musique","status":"publish","type":"post","link":"https:\/\/www.revuemusicale.ch\/it\/basis\/2013\/10\/les-conditions-de-travail-des-professeurs-de-musique","title":{"rendered":"Condizioni di lavoro degli insegnanti di musica"},"content":{"rendered":"<p><img decoding=\"async\" class=\"size-full\" src=\"https:\/\/www.revuemusicale.ch\/wp-content\/uploads\/2023\/01\/SMPV_national_farb-1.jpg\" alt=\"\" \/><\/p>\n<p><strong>Miglioramento dell'immagine attraverso l'associazione professionale<\/strong><br \/> Questo tipo di situazione pu\u00f2 essere riscontrata in altri settori professionali, come la logopedia, la psicoterapia e la consulenza. Quali condizioni devono essere soddisfatte affinch\u00e9 le lezioni impartite in un contesto \"privato\", non istituzionale, siano riconosciute come lavoro professionale e compensate di conseguenza? In generale, le lezioni vengono pagate su base individuale. Per sostenere la domanda, i professionisti si iscrivono a un'associazione. L'associazione ha standard elevati, ma migliora anche la loro immagine, in quanto viene vista dal pubblico come garante di alcuni criteri di qualit\u00e0 (diploma, formazione continua, adesione a un codice etico, reputazione, ecc.) Le associazioni professionali pubblicano i nomi e i dati di contatto dei loro membri per i potenziali clienti. L'elenco degli insegnanti privati di musica della SSPM fa parte di questo processo. Vi permette di scoprire gli insegnanti di musica, di accedere ai loro siti web e di informarvi sulla loro esperienza e sulle loro competenze professionali.<br \/> Oltre a fornire sostegno ai suoi membri, uno degli obiettivi principali dell'associazione \u00e8 la difesa della professione. Consente ai professionisti di definire gli standard e di affermarli attraverso negoziati e\/o campagne di sensibilizzazione. L'associazione fornisce loro una struttura attraverso la quale possono parlare con una sola voce e coordinare i loro sforzi per migliorare le condizioni di lavoro. \u00c8 anche un luogo in cui possono mettere in comune le loro conoscenze sulle migliori pratiche. \u00c8 importante ricordare che istituzioni come le scuole di musica, il cui finanziamento e organizzazione dipendono dal contesto comunale, non sempre difendono gli interessi dei professionisti. Quanti minuti dura una lezione? Di quanto tempo ha bisogno un insegnante di musica per la preparazione e il follow-up? La pratica non pu\u00f2 offrire condizioni ideali, ma pu\u00f2 sforzarsi di migliorarle. L'associazione definisce regole di buona pratica e ne chiede l'applicazione. Difende gli approcci innovativi e d\u00e0 loro voce. In quanto specialista, d\u00e0 un profilo alla professione e la difende.<\/p>\n<p><strong>La qualit\u00e0 dell'insegnamento<\/strong><br \/> Le scuole di musica procedono in modo simile. Adottano linee guida, definiscono l'organizzazione della gestione e delle procedure e garantiscono la qualit\u00e0 della loro offerta. Di conseguenza, richiedono ai futuri insegnanti di dimostrare di avere un'esperienza professionale di qualit\u00e0, ad esempio presentando un portfolio e superando un'audizione. Inoltre, assicurano che gli alunni o i loro genitori possano presentare reclami alla direzione della scuola in caso di problemi. C'\u00e8 anche lo sviluppo continuo degli insegnanti, documentato dalle valutazioni del personale. In definitiva, \u00e8 il legame con un'istituzione che crea un'esperienza professionale riconosciuta. Ma l'insegnamento privato non rappresenta un'esperienza professionale riconosciuta?<br \/> L'istituzione a cui gli insegnanti di musica privati possono fare riferimento \u00e8 la loro associazione professionale. La SSPM, ad esempio, fornisce loro un modello di contratto in cui vengono definiti gli obiettivi, l'ambito e la durata dell'insegnamento, le norme che regolano le assenze, ecc. Per gli insegnanti, questo contratto diventa qualcosa di pi\u00f9 di un \"semplice\" accordo vincolante con i propri alunni quando viene integrato da una documentazione sulle lezioni impartite e da una semplice prova di soddisfazione del cliente. Questo perch\u00e9 dimostra che \u00e8 stata acquisita un'esperienza professionale. Un altro elemento importante \u00e8 l'organo di ricorso. Qualsiasi attivit\u00e0 professionale che coinvolga due persone comporta il rischio di oltrepassare i limiti. Questi possono verificarsi volontariamente o inconsapevolmente, oppure possono essere solo finti. Nessuno \u00e8 immune da queste situazioni, che sono fonte di sofferenza e danneggiano la professione. Il fatto che gli insegnanti designino un organo di appello professionale e neutrale a cui tutti possono rivolgersi \u00e8 anche una testimonianza della qualit\u00e0 dell'istruzione privata. La creazione di tale organo potrebbe anche essere uno dei servizi dell'associazione, visto che la difesa della professione \u00e8 uno dei suoi obiettivi primari.<br \/> L'insegnamento privato sar\u00e0 presto riconosciuto come esperienza professionale a s\u00e9 stante, o lo \u00e8 gi\u00e0? Sarebbero sufficienti alcuni piccoli cambiamenti per ottenere questo riconoscimento? La Sezione di Zurigo accoglie con favore il dibattito su questo tema.<\/p>\n<p> <em>Per il Comitato della Sezione SSPM di Zurigo, Myrtha Meuli <\/em><br \/> \u00a0<\/p>\n<p>\u00a0<\/p>\n<\/p><\/div>","protected":false},"excerpt":{"rendered":"<div class='text-section'>\n<h4>L'insegnamento privato \u00e8 riconosciuto? Ogni insegnante di musica che entra in una scuola di musica e viene informato della sua posizione nella scala degli stipendi pu\u00f2 legittimamente porsi questa domanda. Che cosa conta esattamente come esperienza professionale?<\/h4>\n<p> <strong>Gli insegnanti di musica: un lavoro a geometria variabile<\/strong><br \/> La maggior parte degli insegnanti di musica affronta diversi semestri difficili con carichi orari variabili e spesso deve anche dividere il proprio lavoro tra diverse scuole di musica. Allo stesso tempo, impartiscono lezioni private, che possono rappresentare un'attivit\u00e0 complementare o la loro principale fonte di reddito. Di conseguenza, la loro esperienza professionale si basa in parte sugli anni di lavoro nelle scuole di musica, cio\u00e8 in un contesto istituzionale, e in parte sull'esperienza professionale acquisita attraverso le lezioni private, cio\u00e8 al di fuori di un istituto. Le opportunit\u00e0 di impegno variano a seconda dello strumento; gli insegnanti di chitarra, pianoforte e flauto hanno maggiori probabilit\u00e0 di ottenere carichi di lavoro orari fissi per diversi semestri rispetto ai colleghi che insegnano arpa o fagotto. Ma gli insegnanti di musica possono ottenere il riconoscimento di tutta l'esperienza professionale acquisita sia in ambito istituzionale che privato, ed essere retribuiti di conseguenza?<\/p>","protected":false},"author":1,"featured_media":28945,"comment_status":"open","ping_status":"open","sticky":false,"template":"","format":"standard","meta":{"_acf_changed":false,"_relevanssi_hide_post":"","_relevanssi_hide_content":"","_relevanssi_pin_for_all":"","_relevanssi_pin_keywords":"","_relevanssi_unpin_keywords":"","_relevanssi_related_keywords":"","_relevanssi_related_include_ids":"","_relevanssi_related_exclude_ids":"","_relevanssi_related_no_append":"","_relevanssi_related_not_related":"","_relevanssi_related_posts":"","_relevanssi_noindex_reason":"","pgc_sgb_lightbox_settings":"","footnotes":""},"categories":[31,51],"tags":[],"class_list":["post-28949","post","type-post","status-publish","format-standard","has-post-thumbnail","hentry","category-basis","category-sspm"],"acf":[],"yoast_head":"<!-- This site is optimized with the Yoast SEO plugin v27.3 - https:\/\/yoast.com\/product\/yoast-seo-wordpress\/ -->\n<title>Les conditions de travail des professeurs de musique - Revue Musicale Suisse<\/title>\n<meta name=\"robots\" content=\"index, follow, max-snippet:-1, max-image-preview:large, max-video-preview:-1\" \/>\n<link rel=\"canonical\" href=\"https:\/\/www.revuemusicale.ch\/it\/basis\/2013\/10\/les-conditions-de-travail-des-professeurs-de-musique\/\" \/>\n<meta property=\"og:locale\" content=\"it_IT\" \/>\n<meta property=\"og:type\" content=\"article\" \/>\n<meta property=\"og:title\" content=\"Les conditions de travail des professeurs de musique - Revue Musicale Suisse\" \/>\n<meta property=\"og:description\" content=\"L\u2019enseignement priv\u00e9 est-il reconnu? Cette question, le professeur de musique qui entre dans une \u00e9cole de musique et est inform\u00e9 de son classement dans l\u2019\u00e9chelle de traitement peut l\u00e9gitimement se la poser. Qu\u2019est-ce qui est consid\u00e9r\u00e9 au juste comme exp\u00e9rience pro-fessionnelle? Professeur de musique, une activit\u00e9 \u00e0 g\u00e9om\u00e9trie variable La plupart des professeurs de musique traversent plusieurs semestres difficiles avec des charges horaires variables, et doivent m\u00eame souvent partager leur emploi entre diff\u00e9rentes \u00e9coles de musique. Parall\u00e8lement, ils donnent des le\u00e7ons particuli\u00e8res, qui peuvent repr\u00e9-senter une activit\u00e9 compl\u00e9mentaire ou leur principale source de revenu. Par cons\u00e9quent, l\u2019exp\u00e9rience professionnelle r\u00e9sulte d\u2019une part des ann\u00e9es de pratique pass\u00e9es dans des \u00e9coles de musique, donc dans un cadre institutionnel, d\u2019autre part de l\u2019exp\u00e9rience profes-sionnelle acquise avec les cours particuliers, c\u2019est-\u00e0-dire en dehors d\u2019une institution. Les pos-sibilit\u00e9s d\u2019engagement diff\u00e8rent selon l\u2019instrument; les professeurs de guitare, de piano, de fl\u00fbte auront plus de chances d\u2019obtenir des charges horaires fixes sur plusieurs semestres que leurs coll\u00e8gues qui enseignent la harpe ou le basson. Mais les professeurs de musique peu-vent-ils faire reconna\u00eetre toute l\u2019exp\u00e9rience professionnelle acquise dans le cadre institu-tionnel et dans le cadre priv\u00e9 et obtenir un salaire en cons\u00e9quence ?\" \/>\n<meta property=\"og:url\" content=\"https:\/\/www.revuemusicale.ch\/it\/basis\/2013\/10\/les-conditions-de-travail-des-professeurs-de-musique\/\" \/>\n<meta property=\"og:site_name\" content=\"Revue Musicale Suisse\" \/>\n<meta property=\"article:publisher\" content=\"https:\/\/www.facebook.com\/SchweizerMusikzeitung\/\" \/>\n<meta property=\"article:published_time\" content=\"2013-10-06T22:00:00+00:00\" \/>\n<meta property=\"article:modified_time\" content=\"2023-01-19T14:50:31+00:00\" \/>\n<meta property=\"og:image\" content=\"https:\/\/www.revuemusicale.ch\/wp-content\/uploads\/2023\/01\/SMPV_national_farb-1.jpg\" \/>\n\t<meta property=\"og:image:width\" content=\"554\" \/>\n\t<meta property=\"og:image:height\" content=\"259\" \/>\n\t<meta property=\"og:image:type\" content=\"image\/jpeg\" \/>\n<meta name=\"author\" content=\"Musikzeitung-Redaktion\" \/>\n<meta name=\"twitter:card\" content=\"summary_large_image\" \/>\n<meta name=\"twitter:creator\" content=\"@smusikzeitung\" \/>\n<meta name=\"twitter:site\" content=\"@smusikzeitung\" \/>\n<meta name=\"twitter:label1\" content=\"Scritto da\" \/>\n\t<meta name=\"twitter:data1\" content=\"Musikzeitung-Redaktion\" \/>\n\t<meta name=\"twitter:label2\" content=\"Tempo di lettura stimato\" \/>\n\t<meta name=\"twitter:data2\" content=\"4 minuti\" \/>\n<script type=\"application\/ld+json\" class=\"yoast-schema-graph\">{\"@context\":\"https:\\\/\\\/schema.org\",\"@graph\":[{\"@type\":\"Article\",\"@id\":\"https:\\\/\\\/www.revuemusicale.ch\\\/basis\\\/2013\\\/10\\\/les-conditions-de-travail-des-professeurs-de-musique#article\",\"isPartOf\":{\"@id\":\"https:\\\/\\\/www.revuemusicale.ch\\\/basis\\\/2013\\\/10\\\/les-conditions-de-travail-des-professeurs-de-musique\"},\"author\":{\"name\":\"Musikzeitung-Redaktion\",\"@id\":\"https:\\\/\\\/www.revuemusicale.ch\\\/#\\\/schema\\\/person\\\/b2fd892c800856270b9dcc6001265712\"},\"headline\":\"Les conditions de travail des professeurs de musique\",\"datePublished\":\"2013-10-06T22:00:00+00:00\",\"dateModified\":\"2023-01-19T14:50:31+00:00\",\"mainEntityOfPage\":{\"@id\":\"https:\\\/\\\/www.revuemusicale.ch\\\/basis\\\/2013\\\/10\\\/les-conditions-de-travail-des-professeurs-de-musique\"},\"wordCount\":835,\"commentCount\":0,\"publisher\":{\"@id\":\"https:\\\/\\\/www.revuemusicale.ch\\\/#organization\"},\"image\":{\"@id\":\"https:\\\/\\\/www.revuemusicale.ch\\\/basis\\\/2013\\\/10\\\/les-conditions-de-travail-des-professeurs-de-musique#primaryimage\"},\"thumbnailUrl\":\"https:\\\/\\\/www.revuemusicale.ch\\\/wp-content\\\/uploads\\\/2023\\\/01\\\/SMPV_national_farb-1.jpg\",\"articleSection\":[\"Basis\",\"SSPM\"],\"inLanguage\":\"it-IT\"},{\"@type\":\"WebPage\",\"@id\":\"https:\\\/\\\/www.revuemusicale.ch\\\/basis\\\/2013\\\/10\\\/les-conditions-de-travail-des-professeurs-de-musique\",\"url\":\"https:\\\/\\\/www.revuemusicale.ch\\\/basis\\\/2013\\\/10\\\/les-conditions-de-travail-des-professeurs-de-musique\",\"name\":\"Les conditions de travail des professeurs de musique - Revue Musicale Suisse\",\"isPartOf\":{\"@id\":\"https:\\\/\\\/www.revuemusicale.ch\\\/#website\"},\"primaryImageOfPage\":{\"@id\":\"https:\\\/\\\/www.revuemusicale.ch\\\/basis\\\/2013\\\/10\\\/les-conditions-de-travail-des-professeurs-de-musique#primaryimage\"},\"image\":{\"@id\":\"https:\\\/\\\/www.revuemusicale.ch\\\/basis\\\/2013\\\/10\\\/les-conditions-de-travail-des-professeurs-de-musique#primaryimage\"},\"thumbnailUrl\":\"https:\\\/\\\/www.revuemusicale.ch\\\/wp-content\\\/uploads\\\/2023\\\/01\\\/SMPV_national_farb-1.jpg\",\"datePublished\":\"2013-10-06T22:00:00+00:00\",\"dateModified\":\"2023-01-19T14:50:31+00:00\",\"breadcrumb\":{\"@id\":\"https:\\\/\\\/www.revuemusicale.ch\\\/basis\\\/2013\\\/10\\\/les-conditions-de-travail-des-professeurs-de-musique#breadcrumb\"},\"inLanguage\":\"it-IT\",\"potentialAction\":[{\"@type\":\"ReadAction\",\"target\":[\"https:\\\/\\\/www.revuemusicale.ch\\\/basis\\\/2013\\\/10\\\/les-conditions-de-travail-des-professeurs-de-musique\"]}]},{\"@type\":\"ImageObject\",\"inLanguage\":\"it-IT\",\"@id\":\"https:\\\/\\\/www.revuemusicale.ch\\\/basis\\\/2013\\\/10\\\/les-conditions-de-travail-des-professeurs-de-musique#primaryimage\",\"url\":\"https:\\\/\\\/www.revuemusicale.ch\\\/wp-content\\\/uploads\\\/2023\\\/01\\\/SMPV_national_farb-1.jpg\",\"contentUrl\":\"https:\\\/\\\/www.revuemusicale.ch\\\/wp-content\\\/uploads\\\/2023\\\/01\\\/SMPV_national_farb-1.jpg\",\"width\":554,\"height\":259},{\"@type\":\"BreadcrumbList\",\"@id\":\"https:\\\/\\\/www.revuemusicale.ch\\\/basis\\\/2013\\\/10\\\/les-conditions-de-travail-des-professeurs-de-musique#breadcrumb\",\"itemListElement\":[{\"@type\":\"ListItem\",\"position\":1,\"name\":\"Home\",\"item\":\"https:\\\/\\\/www.revuemusicale.ch\\\/\"},{\"@type\":\"ListItem\",\"position\":2,\"name\":\"Les conditions de travail des professeurs de musique\"}]},{\"@type\":\"WebSite\",\"@id\":\"https:\\\/\\\/www.revuemusicale.ch\\\/#website\",\"url\":\"https:\\\/\\\/www.revuemusicale.ch\\\/\",\"name\":\"Revue Musicale Suisse\",\"description\":\"\",\"publisher\":{\"@id\":\"https:\\\/\\\/www.revuemusicale.ch\\\/#organization\"},\"potentialAction\":[{\"@type\":\"SearchAction\",\"target\":{\"@type\":\"EntryPoint\",\"urlTemplate\":\"https:\\\/\\\/www.revuemusicale.ch\\\/?s={search_term_string}\"},\"query-input\":{\"@type\":\"PropertyValueSpecification\",\"valueRequired\":true,\"valueName\":\"search_term_string\"}}],\"inLanguage\":\"it-IT\"},{\"@type\":\"Organization\",\"@id\":\"https:\\\/\\\/www.revuemusicale.ch\\\/#organization\",\"name\":\"Revue Musicale Suisse\",\"url\":\"https:\\\/\\\/www.revuemusicale.ch\\\/\",\"logo\":{\"@type\":\"ImageObject\",\"inLanguage\":\"it-IT\",\"@id\":\"https:\\\/\\\/www.revuemusicale.ch\\\/#\\\/schema\\\/logo\\\/image\\\/\",\"url\":\"https:\\\/\\\/www.revuemusicale.ch\\\/wp-content\\\/uploads\\\/2023\\\/01\\\/logo_revuemusicale_musikzeitung.jpg\",\"contentUrl\":\"https:\\\/\\\/www.revuemusicale.ch\\\/wp-content\\\/uploads\\\/2023\\\/01\\\/logo_revuemusicale_musikzeitung.jpg\",\"width\":1200,\"height\":243,\"caption\":\"Revue Musicale Suisse\"},\"image\":{\"@id\":\"https:\\\/\\\/www.revuemusicale.ch\\\/#\\\/schema\\\/logo\\\/image\\\/\"},\"sameAs\":[\"https:\\\/\\\/www.facebook.com\\\/SchweizerMusikzeitung\\\/\",\"https:\\\/\\\/x.com\\\/smusikzeitung\",\"https:\\\/\\\/www.instagram.com\\\/musikzeitung.ch\\\/?hl=de\"]},{\"@type\":\"Person\",\"@id\":\"https:\\\/\\\/www.revuemusicale.ch\\\/#\\\/schema\\\/person\\\/b2fd892c800856270b9dcc6001265712\",\"name\":\"Musikzeitung-Redaktion\",\"image\":{\"@type\":\"ImageObject\",\"inLanguage\":\"it-IT\",\"@id\":\"https:\\\/\\\/secure.gravatar.com\\\/avatar\\\/0c7e6a405862e402eb76a70f8a26fc732d07c32931e9fae9ab1582911d2e8a3b?s=96&d=mm&r=g\",\"url\":\"https:\\\/\\\/secure.gravatar.com\\\/avatar\\\/0c7e6a405862e402eb76a70f8a26fc732d07c32931e9fae9ab1582911d2e8a3b?s=96&d=mm&r=g\",\"contentUrl\":\"https:\\\/\\\/secure.gravatar.com\\\/avatar\\\/0c7e6a405862e402eb76a70f8a26fc732d07c32931e9fae9ab1582911d2e8a3b?s=96&d=mm&r=g\",\"caption\":\"Musikzeitung-Redaktion\"},\"sameAs\":[\"http:\\\/\\\/wundo-docker.io\"],\"url\":\"https:\\\/\\\/www.revuemusicale.ch\\\/it\\\/author\\\/admin\"}]}<\/script>\n<!-- \/ Yoast SEO plugin. -->","yoast_head_json":{"title":"Les conditions de travail des professeurs de musique - Revue Musicale Suisse","robots":{"index":"index","follow":"follow","max-snippet":"max-snippet:-1","max-image-preview":"max-image-preview:large","max-video-preview":"max-video-preview:-1"},"canonical":"https:\/\/www.revuemusicale.ch\/it\/basis\/2013\/10\/les-conditions-de-travail-des-professeurs-de-musique\/","og_locale":"it_IT","og_type":"article","og_title":"Les conditions de travail des professeurs de musique - Revue Musicale Suisse","og_description":"L\u2019enseignement priv\u00e9 est-il reconnu? Cette question, le professeur de musique qui entre dans une \u00e9cole de musique et est inform\u00e9 de son classement dans l\u2019\u00e9chelle de traitement peut l\u00e9gitimement se la poser. Qu\u2019est-ce qui est consid\u00e9r\u00e9 au juste comme exp\u00e9rience pro-fessionnelle? Professeur de musique, une activit\u00e9 \u00e0 g\u00e9om\u00e9trie variable La plupart des professeurs de musique traversent plusieurs semestres difficiles avec des charges horaires variables, et doivent m\u00eame souvent partager leur emploi entre diff\u00e9rentes \u00e9coles de musique. Parall\u00e8lement, ils donnent des le\u00e7ons particuli\u00e8res, qui peuvent repr\u00e9-senter une activit\u00e9 compl\u00e9mentaire ou leur principale source de revenu. Par cons\u00e9quent, l\u2019exp\u00e9rience professionnelle r\u00e9sulte d\u2019une part des ann\u00e9es de pratique pass\u00e9es dans des \u00e9coles de musique, donc dans un cadre institutionnel, d\u2019autre part de l\u2019exp\u00e9rience profes-sionnelle acquise avec les cours particuliers, c\u2019est-\u00e0-dire en dehors d\u2019une institution. Les pos-sibilit\u00e9s d\u2019engagement diff\u00e8rent selon l\u2019instrument; les professeurs de guitare, de piano, de fl\u00fbte auront plus de chances d\u2019obtenir des charges horaires fixes sur plusieurs semestres que leurs coll\u00e8gues qui enseignent la harpe ou le basson. Mais les professeurs de musique peu-vent-ils faire reconna\u00eetre toute l\u2019exp\u00e9rience professionnelle acquise dans le cadre institu-tionnel et dans le cadre priv\u00e9 et obtenir un salaire en cons\u00e9quence ?","og_url":"https:\/\/www.revuemusicale.ch\/it\/basis\/2013\/10\/les-conditions-de-travail-des-professeurs-de-musique\/","og_site_name":"Revue Musicale Suisse","article_publisher":"https:\/\/www.facebook.com\/SchweizerMusikzeitung\/","article_published_time":"2013-10-06T22:00:00+00:00","article_modified_time":"2023-01-19T14:50:31+00:00","og_image":[{"width":554,"height":259,"url":"https:\/\/www.revuemusicale.ch\/wp-content\/uploads\/2023\/01\/SMPV_national_farb-1.jpg","type":"image\/jpeg"}],"author":"Musikzeitung-Redaktion","twitter_card":"summary_large_image","twitter_creator":"@smusikzeitung","twitter_site":"@smusikzeitung","twitter_misc":{"Scritto da":"Musikzeitung-Redaktion","Tempo di lettura stimato":"4 minuti"},"schema":{"@context":"https:\/\/schema.org","@graph":[{"@type":"Article","@id":"https:\/\/www.revuemusicale.ch\/basis\/2013\/10\/les-conditions-de-travail-des-professeurs-de-musique#article","isPartOf":{"@id":"https:\/\/www.revuemusicale.ch\/basis\/2013\/10\/les-conditions-de-travail-des-professeurs-de-musique"},"author":{"name":"Musikzeitung-Redaktion","@id":"https:\/\/www.revuemusicale.ch\/#\/schema\/person\/b2fd892c800856270b9dcc6001265712"},"headline":"Les conditions de travail des professeurs de musique","datePublished":"2013-10-06T22:00:00+00:00","dateModified":"2023-01-19T14:50:31+00:00","mainEntityOfPage":{"@id":"https:\/\/www.revuemusicale.ch\/basis\/2013\/10\/les-conditions-de-travail-des-professeurs-de-musique"},"wordCount":835,"commentCount":0,"publisher":{"@id":"https:\/\/www.revuemusicale.ch\/#organization"},"image":{"@id":"https:\/\/www.revuemusicale.ch\/basis\/2013\/10\/les-conditions-de-travail-des-professeurs-de-musique#primaryimage"},"thumbnailUrl":"https:\/\/www.revuemusicale.ch\/wp-content\/uploads\/2023\/01\/SMPV_national_farb-1.jpg","articleSection":["Basis","SSPM"],"inLanguage":"it-IT"},{"@type":"WebPage","@id":"https:\/\/www.revuemusicale.ch\/basis\/2013\/10\/les-conditions-de-travail-des-professeurs-de-musique","url":"https:\/\/www.revuemusicale.ch\/basis\/2013\/10\/les-conditions-de-travail-des-professeurs-de-musique","name":"Les conditions de travail des professeurs de musique - Revue Musicale Suisse","isPartOf":{"@id":"https:\/\/www.revuemusicale.ch\/#website"},"primaryImageOfPage":{"@id":"https:\/\/www.revuemusicale.ch\/basis\/2013\/10\/les-conditions-de-travail-des-professeurs-de-musique#primaryimage"},"image":{"@id":"https:\/\/www.revuemusicale.ch\/basis\/2013\/10\/les-conditions-de-travail-des-professeurs-de-musique#primaryimage"},"thumbnailUrl":"https:\/\/www.revuemusicale.ch\/wp-content\/uploads\/2023\/01\/SMPV_national_farb-1.jpg","datePublished":"2013-10-06T22:00:00+00:00","dateModified":"2023-01-19T14:50:31+00:00","breadcrumb":{"@id":"https:\/\/www.revuemusicale.ch\/basis\/2013\/10\/les-conditions-de-travail-des-professeurs-de-musique#breadcrumb"},"inLanguage":"it-IT","potentialAction":[{"@type":"ReadAction","target":["https:\/\/www.revuemusicale.ch\/basis\/2013\/10\/les-conditions-de-travail-des-professeurs-de-musique"]}]},{"@type":"ImageObject","inLanguage":"it-IT","@id":"https:\/\/www.revuemusicale.ch\/basis\/2013\/10\/les-conditions-de-travail-des-professeurs-de-musique#primaryimage","url":"https:\/\/www.revuemusicale.ch\/wp-content\/uploads\/2023\/01\/SMPV_national_farb-1.jpg","contentUrl":"https:\/\/www.revuemusicale.ch\/wp-content\/uploads\/2023\/01\/SMPV_national_farb-1.jpg","width":554,"height":259},{"@type":"BreadcrumbList","@id":"https:\/\/www.revuemusicale.ch\/basis\/2013\/10\/les-conditions-de-travail-des-professeurs-de-musique#breadcrumb","itemListElement":[{"@type":"ListItem","position":1,"name":"Home","item":"https:\/\/www.revuemusicale.ch\/"},{"@type":"ListItem","position":2,"name":"Les conditions de travail des professeurs de musique"}]},{"@type":"WebSite","@id":"https:\/\/www.revuemusicale.ch\/#website","url":"https:\/\/www.revuemusicale.ch\/","name":"Rassegna musicale svizzera","description":"","publisher":{"@id":"https:\/\/www.revuemusicale.ch\/#organization"},"potentialAction":[{"@type":"SearchAction","target":{"@type":"EntryPoint","urlTemplate":"https:\/\/www.revuemusicale.ch\/?s={search_term_string}"},"query-input":{"@type":"PropertyValueSpecification","valueRequired":true,"valueName":"search_term_string"}}],"inLanguage":"it-IT"},{"@type":"Organization","@id":"https:\/\/www.revuemusicale.ch\/#organization","name":"Rassegna musicale svizzera","url":"https:\/\/www.revuemusicale.ch\/","logo":{"@type":"ImageObject","inLanguage":"it-IT","@id":"https:\/\/www.revuemusicale.ch\/#\/schema\/logo\/image\/","url":"https:\/\/www.revuemusicale.ch\/wp-content\/uploads\/2023\/01\/logo_revuemusicale_musikzeitung.jpg","contentUrl":"https:\/\/www.revuemusicale.ch\/wp-content\/uploads\/2023\/01\/logo_revuemusicale_musikzeitung.jpg","width":1200,"height":243,"caption":"Revue Musicale Suisse"},"image":{"@id":"https:\/\/www.revuemusicale.ch\/#\/schema\/logo\/image\/"},"sameAs":["https:\/\/www.facebook.com\/SchweizerMusikzeitung\/","https:\/\/x.com\/smusikzeitung","https:\/\/www.instagram.com\/musikzeitung.ch\/?hl=de"]},{"@type":"Person","@id":"https:\/\/www.revuemusicale.ch\/#\/schema\/person\/b2fd892c800856270b9dcc6001265712","name":"Musikzeitung-Redaktion","image":{"@type":"ImageObject","inLanguage":"it-IT","@id":"https:\/\/secure.gravatar.com\/avatar\/0c7e6a405862e402eb76a70f8a26fc732d07c32931e9fae9ab1582911d2e8a3b?s=96&d=mm&r=g","url":"https:\/\/secure.gravatar.com\/avatar\/0c7e6a405862e402eb76a70f8a26fc732d07c32931e9fae9ab1582911d2e8a3b?s=96&d=mm&r=g","contentUrl":"https:\/\/secure.gravatar.com\/avatar\/0c7e6a405862e402eb76a70f8a26fc732d07c32931e9fae9ab1582911d2e8a3b?s=96&d=mm&r=g","caption":"Musikzeitung-Redaktion"},"sameAs":["http:\/\/wundo-docker.io"],"url":"https:\/\/www.revuemusicale.ch\/it\/author\/admin"}]}},"publishpress_future_action":{"enabled":false,"date":"1970-01-01 01:00:00","action":"change-status","newStatus":"draft","terms":[],"taxonomy":"category","extraData":[]},"publishpress_future_workflow_manual_trigger":{"enabledWorkflows":[]},"_links":{"self":[{"href":"https:\/\/www.revuemusicale.ch\/it\/wp-json\/wp\/v2\/posts\/28949","targetHints":{"allow":["GET"]}}],"collection":[{"href":"https:\/\/www.revuemusicale.ch\/it\/wp-json\/wp\/v2\/posts"}],"about":[{"href":"https:\/\/www.revuemusicale.ch\/it\/wp-json\/wp\/v2\/types\/post"}],"author":[{"embeddable":true,"href":"https:\/\/www.revuemusicale.ch\/it\/wp-json\/wp\/v2\/users\/1"}],"replies":[{"embeddable":true,"href":"https:\/\/www.revuemusicale.ch\/it\/wp-json\/wp\/v2\/comments?post=28949"}],"version-history":[{"count":1,"href":"https:\/\/www.revuemusicale.ch\/it\/wp-json\/wp\/v2\/posts\/28949\/revisions"}],"predecessor-version":[{"id":28950,"href":"https:\/\/www.revuemusicale.ch\/it\/wp-json\/wp\/v2\/posts\/28949\/revisions\/28950"}],"wp:featuredmedia":[{"embeddable":true,"href":"https:\/\/www.revuemusicale.ch\/it\/wp-json\/wp\/v2\/media\/28945"}],"wp:attachment":[{"href":"https:\/\/www.revuemusicale.ch\/it\/wp-json\/wp\/v2\/media?parent=28949"}],"wp:term":[{"taxonomy":"category","embeddable":true,"href":"https:\/\/www.revuemusicale.ch\/it\/wp-json\/wp\/v2\/categories?post=28949"},{"taxonomy":"post_tag","embeddable":true,"href":"https:\/\/www.revuemusicale.ch\/it\/wp-json\/wp\/v2\/tags?post=28949"}],"curies":[{"name":"wp","href":"https:\/\/api.w.org\/{rel}","templated":true}]}}