{"id":29168,"date":"2020-01-03T00:00:00","date_gmt":"2020-01-02T23:00:00","guid":{"rendered":"https:\/\/www.revuemusicale.ch\/allgemein\/2020\/01\/glueck-zum-neuen-jahr"},"modified":"2023-01-20T14:46:40","modified_gmt":"2023-01-20T13:46:40","slug":"glueck-zum-neuen-jahr","status":"publish","type":"post","link":"https:\/\/www.revuemusicale.ch\/it\/dossiers\/2020\/01\/glueck-zum-neuen-jahr","title":{"rendered":"Auguri per il nuovo anno!"},"content":{"rendered":"<figure style=\"width: 1200px\" class=\"wp-caption alignnone\"><img decoding=\"async\" class=\"size-full\" src=\"https:\/\/www.revuemusicale.ch\/wp-content\/uploads\/2023\/01\/Zweig-Bleistift.jpg\" alt=\"\" \/><figcaption class=\"wp-caption-text\">Estratto da un ritratto di Beethoven di Joseph Karl Stieler, 1820 ca.<\/figcaption><\/figure>\n<div class='text-section'>\n<p>L'avrete notato anche voi: dall'inizio di dicembre a met\u00e0 gennaio, quasi tutte le e-mail terminano con gli auguri per le festivit\u00e0 e il nuovo anno. E il nostro buon vecchio ufficio postale ci invia cartoline di aziende che non sentiamo da undici mesi. Ma non siamo gli unici! Gi\u00e0 alla fine del XVIII secolo, questi scambi di complimenti erano considerati \"un vero e proprio peso, particolarmente pedante in Germania\". Gli auguri di Capodanno stampati, che erano molto di moda 30 anni fa, sembrano tuttavia in graduale declino, e stanno diventando un'usanza piuttosto confidenziale, un segno di eleganza\" (almeno cos\u00ec diceva il Lessico delle conversazioni di Brockhaus nel 1817).<\/p>\n<p>Ci sono due esempi di questi \"segni di eleganza\" nell'opera di Beethoven, scritti sulle parole \"Gl\u00fcck zum neuen Jahr\", l'espressione comune per indicare il buon anno dell'epoca. Il primo \u00e8 un movimento imitativo in quattro parti, una sorta di canone libero, scritto il 1\u00b0 gennaio 1815 per uno dei suoi mecenati e amici, il barone Jean-Baptiste de Pasqualati (WoO 165). Il secondo \u00e8 un vero e proprio canone in tre parti, dedicato il 31 dicembre 1819 alla contessa Maria von Erd\u00f6dy (WoO 176). Beethoven le aveva gi\u00e0 dedicato i trii per pianoforte op. 70 (1809) e le sonate per violoncello e pianoforte op. 102 (1819). Questi canoni, sia che siano misteriosamente annotati a una sola voce senza alcuna indicazione di dove debbano entrare le altre, sia che siano scritti in forma di partitura per pi\u00f9 voci, sono come molti altri esempi di piccole frasi musicali che Beethoven scrisse per il \"buon gusto\" della societ\u00e0 del suo tempo. Rimane da vedere se fossero cantate o se rimanessero \"musica per gli occhi\". In ogni caso, combinano in modo giocoso il senso delle buone maniere con una grande abilit\u00e0 nel contrappunto.<\/p>\n<\/p><\/div>\n<div>\n<hr>\n<\/div>\n<div>\n<blockquote class='text-section'>\n<h4>Aufnahme auf idagio<\/h4>\n<p><iframe src='https:\/\/app.idagio.com\/player?playlist_id=e4f9fc79-8050-4a82-bb85-b2debeb399aa' allowfullscreen='allowfullscreen' width='500' frameborder='0' height='400'><\/iframe><\/p>\n<\/blockquote><\/div>\n<div>\n<hr>\n<\/div>\n<div>\n<h3 class=''><span>Rimanere in contatto<\/span><\/h3>\n<\/p><\/div>\n<div class='text-section'>\n<p>Infine, una newsletter settimanale riveler\u00e0 l'ultima rubrica online. Potete iscrivervi inserendo il vostro indirizzo e-mail qui sotto, oppure abbonandovi al nostro feed RSS.<\/p>\n<\/p><\/div>\n<div class='text-section'>\n<div>\n<form class='js-cm-form' id='subForm' action='https:\/\/www.createsend.com\/t\/subscribeerror?description=' method='post' data-id='2BE4EF332AA2E32596E38B640E9056195C8888A8A23FD435BFB231E3012E1A71B68DA21970BF006750C89679CDF0BA5DC06285F34917F5B2B1B67E660081075D'>\n<fieldset style='border-top:0;'>\n<div class='control-group'><label for='fieldEmail'><span>E-mail <dfn title='richiesto'>*<\/dfn><\/span><\/label><input autocomplete='Email' aria-label='E-mail' class='js-cm-email-input' id='fieldEmail' maxlength='200' name='cm-giydtu-giydtu' placeholder='E-mail' required='' type='email' data-kpxc-id='fieldEmail'><select style='display:none;' aria-label='lingua' id='fieldyuaqu' name='cm-fo-yuaqu' required='' value=''><option disabled='' selected='' value=''>Selezionare...<\/option><option value='2605472'>da<\/option><option value='2605473' selected='selected'>it<\/option><\/select><\/div>\n<p> <button type='submit'>registro<\/button><\/fieldset>\n<\/p><\/form>\n<\/p><\/div>\n<p> <script type='text\/javascript' src='https:\/\/js.createsend1.com\/javascript\/copypastesubscribeformlogic.js'><\/script> <\/div>\n<div class='rss left'> <em> <a href='\/it\/contentFeeds\/content\/news\/fr\/dossiers\/personnes\/2020\/52xbeethoven\/' target='_blank' rel=\"noopener\">Flusso RSS<\/a> <\/em> <\/div>","protected":false},"excerpt":{"rendered":"<p><strong>Ogni venerd\u00ec, Beethoven \u00e8 qui. In occasione del 250\u00b0 anniversario della nascita di Beethoven, ogni settimana la Rivista Svizzera di Musica propone un'opera diversa del suo catalogo. Oggi due auguri di buon anno in musica.<\/strong><\/p>","protected":false},"author":1,"featured_media":29169,"comment_status":"open","ping_status":"open","sticky":false,"template":"","format":"standard","meta":{"_acf_changed":false,"_relevanssi_hide_post":"","_relevanssi_hide_content":"","_relevanssi_pin_for_all":"","_relevanssi_pin_keywords":"","_relevanssi_unpin_keywords":"","_relevanssi_related_keywords":"","_relevanssi_related_include_ids":"","_relevanssi_related_exclude_ids":"","_relevanssi_related_no_append":"","_relevanssi_related_not_related":"","_relevanssi_related_posts":"","_relevanssi_noindex_reason":"","pgc_sgb_lightbox_settings":"","footnotes":""},"categories":[1638,1639],"tags":[],"class_list":["post-29168","post","type-post","status-publish","format-standard","has-post-thumbnail","hentry","category-dossiers","category-personnes"],"acf":[],"yoast_head":"<!-- This site is optimized with the Yoast SEO plugin v27.3 - https:\/\/yoast.com\/product\/yoast-seo-wordpress\/ -->\n<title>Gl\u00fcck zum neuen Jahr! - Revue Musicale Suisse<\/title>\n<meta name=\"robots\" content=\"index, follow, max-snippet:-1, max-image-preview:large, max-video-preview:-1\" \/>\n<link rel=\"canonical\" href=\"https:\/\/www.revuemusicale.ch\/it\/allgemein\/2020\/01\/glueck-zum-neuen-jahr\/\" \/>\n<meta property=\"og:locale\" content=\"it_IT\" \/>\n<meta property=\"og:type\" content=\"article\" \/>\n<meta property=\"og:title\" content=\"Gl\u00fcck zum neuen Jahr! - Revue Musicale Suisse\" \/>\n<meta property=\"og:description\" content=\"Chacque vendredi, Beethoven est ici. Pour le 250e anniversaire de la naissance de Beethoven, la Revue Musicale Suisse jettera chaque semaine un \u0153il sur une \u0153uvre diff\u00e9rente de son catalogue. Aujourd&#039;hui pour deux voeux de nouvel an musicaux.\" \/>\n<meta property=\"og:url\" content=\"https:\/\/www.revuemusicale.ch\/it\/allgemein\/2020\/01\/glueck-zum-neuen-jahr\/\" \/>\n<meta property=\"og:site_name\" content=\"Revue Musicale Suisse\" \/>\n<meta property=\"article:publisher\" content=\"https:\/\/www.facebook.com\/SchweizerMusikzeitung\/\" \/>\n<meta property=\"article:published_time\" content=\"2020-01-02T23:00:00+00:00\" \/>\n<meta property=\"article:modified_time\" content=\"2023-01-20T13:46:40+00:00\" \/>\n<meta property=\"og:image\" content=\"https:\/\/www.revuemusicale.ch\/wp-content\/uploads\/2023\/01\/Zweig-Bleistift.jpg\" \/>\n\t<meta property=\"og:image:width\" content=\"554\" \/>\n\t<meta property=\"og:image:height\" content=\"291\" \/>\n\t<meta property=\"og:image:type\" content=\"image\/jpeg\" \/>\n<meta name=\"author\" content=\"Musikzeitung-Redaktion\" \/>\n<meta name=\"twitter:card\" content=\"summary_large_image\" \/>\n<meta name=\"twitter:creator\" content=\"@smusikzeitung\" \/>\n<meta name=\"twitter:site\" content=\"@smusikzeitung\" \/>\n<meta name=\"twitter:label1\" content=\"Scritto da\" \/>\n\t<meta name=\"twitter:data1\" content=\"Musikzeitung-Redaktion\" \/>\n\t<meta name=\"twitter:label2\" content=\"Tempo di lettura stimato\" \/>\n\t<meta name=\"twitter:data2\" content=\"2 minuti\" \/>\n<script type=\"application\/ld+json\" class=\"yoast-schema-graph\">{\"@context\":\"https:\\\/\\\/schema.org\",\"@graph\":[{\"@type\":\"Article\",\"@id\":\"https:\\\/\\\/www.revuemusicale.ch\\\/allgemein\\\/2020\\\/01\\\/glueck-zum-neuen-jahr#article\",\"isPartOf\":{\"@id\":\"https:\\\/\\\/www.revuemusicale.ch\\\/allgemein\\\/2020\\\/01\\\/glueck-zum-neuen-jahr\"},\"author\":{\"name\":\"Musikzeitung-Redaktion\",\"@id\":\"https:\\\/\\\/www.revuemusicale.ch\\\/#\\\/schema\\\/person\\\/b2fd892c800856270b9dcc6001265712\"},\"headline\":\"Gl\u00fcck zum neuen Jahr!\",\"datePublished\":\"2020-01-02T23:00:00+00:00\",\"dateModified\":\"2023-01-20T13:46:40+00:00\",\"mainEntityOfPage\":{\"@id\":\"https:\\\/\\\/www.revuemusicale.ch\\\/allgemein\\\/2020\\\/01\\\/glueck-zum-neuen-jahr\"},\"wordCount\":413,\"commentCount\":0,\"publisher\":{\"@id\":\"https:\\\/\\\/www.revuemusicale.ch\\\/#organization\"},\"image\":{\"@id\":\"https:\\\/\\\/www.revuemusicale.ch\\\/allgemein\\\/2020\\\/01\\\/glueck-zum-neuen-jahr#primaryimage\"},\"thumbnailUrl\":\"https:\\\/\\\/www.revuemusicale.ch\\\/wp-content\\\/uploads\\\/2023\\\/01\\\/Zweig-Bleistift.jpg\",\"articleSection\":[\"Dossiers\",\"Personnes\"],\"inLanguage\":\"it-IT\"},{\"@type\":\"WebPage\",\"@id\":\"https:\\\/\\\/www.revuemusicale.ch\\\/allgemein\\\/2020\\\/01\\\/glueck-zum-neuen-jahr\",\"url\":\"https:\\\/\\\/www.revuemusicale.ch\\\/allgemein\\\/2020\\\/01\\\/glueck-zum-neuen-jahr\",\"name\":\"Gl\u00fcck zum neuen Jahr! - Revue Musicale Suisse\",\"isPartOf\":{\"@id\":\"https:\\\/\\\/www.revuemusicale.ch\\\/#website\"},\"primaryImageOfPage\":{\"@id\":\"https:\\\/\\\/www.revuemusicale.ch\\\/allgemein\\\/2020\\\/01\\\/glueck-zum-neuen-jahr#primaryimage\"},\"image\":{\"@id\":\"https:\\\/\\\/www.revuemusicale.ch\\\/allgemein\\\/2020\\\/01\\\/glueck-zum-neuen-jahr#primaryimage\"},\"thumbnailUrl\":\"https:\\\/\\\/www.revuemusicale.ch\\\/wp-content\\\/uploads\\\/2023\\\/01\\\/Zweig-Bleistift.jpg\",\"datePublished\":\"2020-01-02T23:00:00+00:00\",\"dateModified\":\"2023-01-20T13:46:40+00:00\",\"breadcrumb\":{\"@id\":\"https:\\\/\\\/www.revuemusicale.ch\\\/allgemein\\\/2020\\\/01\\\/glueck-zum-neuen-jahr#breadcrumb\"},\"inLanguage\":\"it-IT\",\"potentialAction\":[{\"@type\":\"ReadAction\",\"target\":[\"https:\\\/\\\/www.revuemusicale.ch\\\/allgemein\\\/2020\\\/01\\\/glueck-zum-neuen-jahr\"]}]},{\"@type\":\"ImageObject\",\"inLanguage\":\"it-IT\",\"@id\":\"https:\\\/\\\/www.revuemusicale.ch\\\/allgemein\\\/2020\\\/01\\\/glueck-zum-neuen-jahr#primaryimage\",\"url\":\"https:\\\/\\\/www.revuemusicale.ch\\\/wp-content\\\/uploads\\\/2023\\\/01\\\/Zweig-Bleistift.jpg\",\"contentUrl\":\"https:\\\/\\\/www.revuemusicale.ch\\\/wp-content\\\/uploads\\\/2023\\\/01\\\/Zweig-Bleistift.jpg\",\"width\":554,\"height\":291},{\"@type\":\"BreadcrumbList\",\"@id\":\"https:\\\/\\\/www.revuemusicale.ch\\\/allgemein\\\/2020\\\/01\\\/glueck-zum-neuen-jahr#breadcrumb\",\"itemListElement\":[{\"@type\":\"ListItem\",\"position\":1,\"name\":\"Home\",\"item\":\"https:\\\/\\\/www.revuemusicale.ch\\\/\"},{\"@type\":\"ListItem\",\"position\":2,\"name\":\"Gl\u00fcck zum neuen Jahr!\"}]},{\"@type\":\"WebSite\",\"@id\":\"https:\\\/\\\/www.revuemusicale.ch\\\/#website\",\"url\":\"https:\\\/\\\/www.revuemusicale.ch\\\/\",\"name\":\"Revue Musicale Suisse\",\"description\":\"\",\"publisher\":{\"@id\":\"https:\\\/\\\/www.revuemusicale.ch\\\/#organization\"},\"potentialAction\":[{\"@type\":\"SearchAction\",\"target\":{\"@type\":\"EntryPoint\",\"urlTemplate\":\"https:\\\/\\\/www.revuemusicale.ch\\\/?s={search_term_string}\"},\"query-input\":{\"@type\":\"PropertyValueSpecification\",\"valueRequired\":true,\"valueName\":\"search_term_string\"}}],\"inLanguage\":\"it-IT\"},{\"@type\":\"Organization\",\"@id\":\"https:\\\/\\\/www.revuemusicale.ch\\\/#organization\",\"name\":\"Revue Musicale Suisse\",\"url\":\"https:\\\/\\\/www.revuemusicale.ch\\\/\",\"logo\":{\"@type\":\"ImageObject\",\"inLanguage\":\"it-IT\",\"@id\":\"https:\\\/\\\/www.revuemusicale.ch\\\/#\\\/schema\\\/logo\\\/image\\\/\",\"url\":\"https:\\\/\\\/www.revuemusicale.ch\\\/wp-content\\\/uploads\\\/2023\\\/01\\\/logo_revuemusicale_musikzeitung.jpg\",\"contentUrl\":\"https:\\\/\\\/www.revuemusicale.ch\\\/wp-content\\\/uploads\\\/2023\\\/01\\\/logo_revuemusicale_musikzeitung.jpg\",\"width\":1200,\"height\":243,\"caption\":\"Revue Musicale Suisse\"},\"image\":{\"@id\":\"https:\\\/\\\/www.revuemusicale.ch\\\/#\\\/schema\\\/logo\\\/image\\\/\"},\"sameAs\":[\"https:\\\/\\\/www.facebook.com\\\/SchweizerMusikzeitung\\\/\",\"https:\\\/\\\/x.com\\\/smusikzeitung\",\"https:\\\/\\\/www.instagram.com\\\/musikzeitung.ch\\\/?hl=de\"]},{\"@type\":\"Person\",\"@id\":\"https:\\\/\\\/www.revuemusicale.ch\\\/#\\\/schema\\\/person\\\/b2fd892c800856270b9dcc6001265712\",\"name\":\"Musikzeitung-Redaktion\",\"image\":{\"@type\":\"ImageObject\",\"inLanguage\":\"it-IT\",\"@id\":\"https:\\\/\\\/secure.gravatar.com\\\/avatar\\\/0c7e6a405862e402eb76a70f8a26fc732d07c32931e9fae9ab1582911d2e8a3b?s=96&d=mm&r=g\",\"url\":\"https:\\\/\\\/secure.gravatar.com\\\/avatar\\\/0c7e6a405862e402eb76a70f8a26fc732d07c32931e9fae9ab1582911d2e8a3b?s=96&d=mm&r=g\",\"contentUrl\":\"https:\\\/\\\/secure.gravatar.com\\\/avatar\\\/0c7e6a405862e402eb76a70f8a26fc732d07c32931e9fae9ab1582911d2e8a3b?s=96&d=mm&r=g\",\"caption\":\"Musikzeitung-Redaktion\"},\"sameAs\":[\"http:\\\/\\\/wundo-docker.io\"],\"url\":\"https:\\\/\\\/www.revuemusicale.ch\\\/it\\\/author\\\/admin\"}]}<\/script>\n<!-- \/ Yoast SEO plugin. -->","yoast_head_json":{"title":"Gl\u00fcck zum neuen Jahr! - Revue Musicale Suisse","robots":{"index":"index","follow":"follow","max-snippet":"max-snippet:-1","max-image-preview":"max-image-preview:large","max-video-preview":"max-video-preview:-1"},"canonical":"https:\/\/www.revuemusicale.ch\/it\/allgemein\/2020\/01\/glueck-zum-neuen-jahr\/","og_locale":"it_IT","og_type":"article","og_title":"Gl\u00fcck zum neuen Jahr! - Revue Musicale Suisse","og_description":"Chacque vendredi, Beethoven est ici. Pour le 250e anniversaire de la naissance de Beethoven, la Revue Musicale Suisse jettera chaque semaine un \u0153il sur une \u0153uvre diff\u00e9rente de son catalogue. Aujourd'hui pour deux voeux de nouvel an musicaux.","og_url":"https:\/\/www.revuemusicale.ch\/it\/allgemein\/2020\/01\/glueck-zum-neuen-jahr\/","og_site_name":"Revue Musicale Suisse","article_publisher":"https:\/\/www.facebook.com\/SchweizerMusikzeitung\/","article_published_time":"2020-01-02T23:00:00+00:00","article_modified_time":"2023-01-20T13:46:40+00:00","og_image":[{"width":554,"height":291,"url":"https:\/\/www.revuemusicale.ch\/wp-content\/uploads\/2023\/01\/Zweig-Bleistift.jpg","type":"image\/jpeg"}],"author":"Musikzeitung-Redaktion","twitter_card":"summary_large_image","twitter_creator":"@smusikzeitung","twitter_site":"@smusikzeitung","twitter_misc":{"Scritto da":"Musikzeitung-Redaktion","Tempo di lettura stimato":"2 minuti"},"schema":{"@context":"https:\/\/schema.org","@graph":[{"@type":"Article","@id":"https:\/\/www.revuemusicale.ch\/allgemein\/2020\/01\/glueck-zum-neuen-jahr#article","isPartOf":{"@id":"https:\/\/www.revuemusicale.ch\/allgemein\/2020\/01\/glueck-zum-neuen-jahr"},"author":{"name":"Musikzeitung-Redaktion","@id":"https:\/\/www.revuemusicale.ch\/#\/schema\/person\/b2fd892c800856270b9dcc6001265712"},"headline":"Gl\u00fcck zum neuen Jahr!","datePublished":"2020-01-02T23:00:00+00:00","dateModified":"2023-01-20T13:46:40+00:00","mainEntityOfPage":{"@id":"https:\/\/www.revuemusicale.ch\/allgemein\/2020\/01\/glueck-zum-neuen-jahr"},"wordCount":413,"commentCount":0,"publisher":{"@id":"https:\/\/www.revuemusicale.ch\/#organization"},"image":{"@id":"https:\/\/www.revuemusicale.ch\/allgemein\/2020\/01\/glueck-zum-neuen-jahr#primaryimage"},"thumbnailUrl":"https:\/\/www.revuemusicale.ch\/wp-content\/uploads\/2023\/01\/Zweig-Bleistift.jpg","articleSection":["Dossiers","Personnes"],"inLanguage":"it-IT"},{"@type":"WebPage","@id":"https:\/\/www.revuemusicale.ch\/allgemein\/2020\/01\/glueck-zum-neuen-jahr","url":"https:\/\/www.revuemusicale.ch\/allgemein\/2020\/01\/glueck-zum-neuen-jahr","name":"Gl\u00fcck zum neuen Jahr! - Revue Musicale Suisse","isPartOf":{"@id":"https:\/\/www.revuemusicale.ch\/#website"},"primaryImageOfPage":{"@id":"https:\/\/www.revuemusicale.ch\/allgemein\/2020\/01\/glueck-zum-neuen-jahr#primaryimage"},"image":{"@id":"https:\/\/www.revuemusicale.ch\/allgemein\/2020\/01\/glueck-zum-neuen-jahr#primaryimage"},"thumbnailUrl":"https:\/\/www.revuemusicale.ch\/wp-content\/uploads\/2023\/01\/Zweig-Bleistift.jpg","datePublished":"2020-01-02T23:00:00+00:00","dateModified":"2023-01-20T13:46:40+00:00","breadcrumb":{"@id":"https:\/\/www.revuemusicale.ch\/allgemein\/2020\/01\/glueck-zum-neuen-jahr#breadcrumb"},"inLanguage":"it-IT","potentialAction":[{"@type":"ReadAction","target":["https:\/\/www.revuemusicale.ch\/allgemein\/2020\/01\/glueck-zum-neuen-jahr"]}]},{"@type":"ImageObject","inLanguage":"it-IT","@id":"https:\/\/www.revuemusicale.ch\/allgemein\/2020\/01\/glueck-zum-neuen-jahr#primaryimage","url":"https:\/\/www.revuemusicale.ch\/wp-content\/uploads\/2023\/01\/Zweig-Bleistift.jpg","contentUrl":"https:\/\/www.revuemusicale.ch\/wp-content\/uploads\/2023\/01\/Zweig-Bleistift.jpg","width":554,"height":291},{"@type":"BreadcrumbList","@id":"https:\/\/www.revuemusicale.ch\/allgemein\/2020\/01\/glueck-zum-neuen-jahr#breadcrumb","itemListElement":[{"@type":"ListItem","position":1,"name":"Home","item":"https:\/\/www.revuemusicale.ch\/"},{"@type":"ListItem","position":2,"name":"Gl\u00fcck zum neuen Jahr!"}]},{"@type":"WebSite","@id":"https:\/\/www.revuemusicale.ch\/#website","url":"https:\/\/www.revuemusicale.ch\/","name":"Rassegna musicale svizzera","description":"","publisher":{"@id":"https:\/\/www.revuemusicale.ch\/#organization"},"potentialAction":[{"@type":"SearchAction","target":{"@type":"EntryPoint","urlTemplate":"https:\/\/www.revuemusicale.ch\/?s={search_term_string}"},"query-input":{"@type":"PropertyValueSpecification","valueRequired":true,"valueName":"search_term_string"}}],"inLanguage":"it-IT"},{"@type":"Organization","@id":"https:\/\/www.revuemusicale.ch\/#organization","name":"Rassegna musicale svizzera","url":"https:\/\/www.revuemusicale.ch\/","logo":{"@type":"ImageObject","inLanguage":"it-IT","@id":"https:\/\/www.revuemusicale.ch\/#\/schema\/logo\/image\/","url":"https:\/\/www.revuemusicale.ch\/wp-content\/uploads\/2023\/01\/logo_revuemusicale_musikzeitung.jpg","contentUrl":"https:\/\/www.revuemusicale.ch\/wp-content\/uploads\/2023\/01\/logo_revuemusicale_musikzeitung.jpg","width":1200,"height":243,"caption":"Revue Musicale Suisse"},"image":{"@id":"https:\/\/www.revuemusicale.ch\/#\/schema\/logo\/image\/"},"sameAs":["https:\/\/www.facebook.com\/SchweizerMusikzeitung\/","https:\/\/x.com\/smusikzeitung","https:\/\/www.instagram.com\/musikzeitung.ch\/?hl=de"]},{"@type":"Person","@id":"https:\/\/www.revuemusicale.ch\/#\/schema\/person\/b2fd892c800856270b9dcc6001265712","name":"Musikzeitung-Redaktion","image":{"@type":"ImageObject","inLanguage":"it-IT","@id":"https:\/\/secure.gravatar.com\/avatar\/0c7e6a405862e402eb76a70f8a26fc732d07c32931e9fae9ab1582911d2e8a3b?s=96&d=mm&r=g","url":"https:\/\/secure.gravatar.com\/avatar\/0c7e6a405862e402eb76a70f8a26fc732d07c32931e9fae9ab1582911d2e8a3b?s=96&d=mm&r=g","contentUrl":"https:\/\/secure.gravatar.com\/avatar\/0c7e6a405862e402eb76a70f8a26fc732d07c32931e9fae9ab1582911d2e8a3b?s=96&d=mm&r=g","caption":"Musikzeitung-Redaktion"},"sameAs":["http:\/\/wundo-docker.io"],"url":"https:\/\/www.revuemusicale.ch\/it\/author\/admin"}]}},"publishpress_future_action":{"enabled":false,"date":"1970-01-01 01:00:00","action":"change-status","newStatus":"draft","terms":[],"taxonomy":"category","extraData":[]},"publishpress_future_workflow_manual_trigger":{"enabledWorkflows":[]},"_links":{"self":[{"href":"https:\/\/www.revuemusicale.ch\/it\/wp-json\/wp\/v2\/posts\/29168","targetHints":{"allow":["GET"]}}],"collection":[{"href":"https:\/\/www.revuemusicale.ch\/it\/wp-json\/wp\/v2\/posts"}],"about":[{"href":"https:\/\/www.revuemusicale.ch\/it\/wp-json\/wp\/v2\/types\/post"}],"author":[{"embeddable":true,"href":"https:\/\/www.revuemusicale.ch\/it\/wp-json\/wp\/v2\/users\/1"}],"replies":[{"embeddable":true,"href":"https:\/\/www.revuemusicale.ch\/it\/wp-json\/wp\/v2\/comments?post=29168"}],"version-history":[{"count":1,"href":"https:\/\/www.revuemusicale.ch\/it\/wp-json\/wp\/v2\/posts\/29168\/revisions"}],"predecessor-version":[{"id":29170,"href":"https:\/\/www.revuemusicale.ch\/it\/wp-json\/wp\/v2\/posts\/29168\/revisions\/29170"}],"wp:featuredmedia":[{"embeddable":true,"href":"https:\/\/www.revuemusicale.ch\/it\/wp-json\/wp\/v2\/media\/29169"}],"wp:attachment":[{"href":"https:\/\/www.revuemusicale.ch\/it\/wp-json\/wp\/v2\/media?parent=29168"}],"wp:term":[{"taxonomy":"category","embeddable":true,"href":"https:\/\/www.revuemusicale.ch\/it\/wp-json\/wp\/v2\/categories?post=29168"},{"taxonomy":"post_tag","embeddable":true,"href":"https:\/\/www.revuemusicale.ch\/it\/wp-json\/wp\/v2\/tags?post=29168"}],"curies":[{"name":"wp","href":"https:\/\/api.w.org\/{rel}","templated":true}]}}