{"id":29442,"date":"2023-02-22T23:40:07","date_gmt":"2023-02-22T22:40:07","guid":{"rendered":"https:\/\/www.revuemusicale.ch\/?p=29442"},"modified":"2023-02-22T23:41:34","modified_gmt":"2023-02-22T22:41:34","slug":"travail-syndical-au-sein-de-la-sspm","status":"publish","type":"post","link":"https:\/\/www.revuemusicale.ch\/it\/basis\/sspm\/2023\/02\/travail-syndical-au-sein-de-la-sspm","title":{"rendered":"Lavoro sindacale presso la SSPM"},"content":{"rendered":"<p><em>Gli insegnanti di musica spesso non sono organizzati in un sindacato o in un'associazione professionale, nonostante il fatto che molte questioni del settore possano essere affrontate solo attraverso un sindacato.<\/em><\/p>\n<p>\"Non avevo idea che la SSPM fosse anche un'associazione di insegnanti di musica stipendiati\", mi ha detto il mio interlocutore al telefono la scorsa settimana. Mi aveva contattato perch\u00e9 aveva problemi con una catena di contratti di lavoro e la mancanza di copertura assicurativa da parte di un fondo pensione.  Due giorni dopo, Karen Kr\u00fcttli, co-presidente della sezione di Zurigo, mi ha detto: \"Sai, il problema principale del lavoro sindacale per gli insegnanti di musica \u00e8 che i colleghi si sono talmente abituati a fare i salti mortali e ad accettare condizioni di lavoro sfavorevoli che spesso non ci dicono, o ci dicono troppo tardi, dove sta il problema. Ad esempio, \u00e8 difficile intervenire sulla clausola di non concorrenza prevista dal regolamento di una certa scuola di musica quando ne veniamo informati molto tempo dopo che tre quarti degli insegnanti interessati hanno gi\u00e0 firmato il contratto rinnovato, perch\u00e9 temono di perdere il lavoro in caso contrario o semplicemente perch\u00e9 non sono consapevoli del problema\".<\/p>\n<p>La SSPM \u00e8 un'associazione professionale e non un semplice sindacato. Da molti anni, come fornitore di formazione musicale professionale privata, ha mantenuto servizi preziosi come l'organizzazione di corsi di musica, esami di livello, concorsi per talenti e un'ampia gamma di corsi di perfezionamento, e le piattaforme www.mein-musikunterricht.ch e anche in parte www.rent-a-musician.ch servono pi\u00f9 ai lavoratori autonomi che a quelli dipendenti, ma nel lavoro sindacale \u00e8 molto pi\u00f9 facile per la SSPM fare qualcosa per gli insegnanti di musica dipendenti che per i lavoratori autonomi. Ecco due esempi di questioni sindacali su cui la SSPM sta attualmente lavorando: Il problema della \"insidiosa riduzione dell'orario di lavoro nelle scuole di musica\" ci sembra risolvibile: una persona che diventa parzialmente disoccupata deve ridurre il proprio orario di lavoro di un'intera giornata - cio\u00e8 di 20% per un lavoro a tempo pieno - per avere diritto all'indennit\u00e0 di disoccupazione. Se un insegnante di musica perde 2 o 3 lezioni ogni semestre, non otterr\u00e0 questa riduzione di 20% in una sola volta, ma in un periodo di forse tre anni. Stiamo elaborando diverse proposte, ad esempio che il valore medio della perdita di tempo di lavoro in un determinato periodo, ad esempio tre anni, sia determinante per raggiungere questa soglia. D'altra parte, non vediamo una soluzione valida al problema della mancanza di un'assicurazione contro la disoccupazione per i lavoratori autonomi. Come si fa a dimostrare, ad esempio, di non aver ricevuto alcun ordine e di non averli semplicemente rifiutati tutti? Pur avendo preso atto degli sforzi di Syndicom per quanto riguarda il modello assicurativo senza mandato, vediamo difficolt\u00e0 ancora maggiori nella sua attuazione per gli insegnanti di musica freelance.<\/p>\n<p>Il lavoro sindacale \u00e8 un lavoro lento: bisogna analizzare un problema, elaborare una o pi\u00f9 proposte di soluzione che abbiano una possibilit\u00e0 di essere attuate, e poi avere dei partner che ci aiutino a presentare le nostre proposte nei luoghi politici giusti e a garantire che siamo ascoltati. Per la SSPM, questo significa innanzitutto l'USS e le sue federazioni cantonali. Poi ci sono i contatti politici personali dei nostri membri. Pi\u00f9 ci impegniamo, come hanno fatto le sezioni di Zurigo e OstS\u00fcdostschweiz, ad esempio, durante la stesura delle leggi cantonali sulle scuole di musica, pi\u00f9 la SSPM viene percepita come rappresentante degli interessi degli insegnanti di musica in Svizzera. Quest'ultimo punto ha dato i suoi frutti, ad esempio nella citt\u00e0 di Coira, dove c'era molta incertezza sul mantenimento della formazione musicale di base e sui contratti di servizio ad essa collegati. La Presidente dell'OSO Annette Dannecker \u00e8 stata invitata a partecipare alla \"tavola rotonda\" sull'educazione musicale.<\/p>\n<p>Le reti cantonali, regionali e nazionali continueranno ad aiutarci nel nostro lavoro sindacale, quando cercheremo soluzioni ai problemi di diritto del lavoro regionale dei nostri membri, quando ci dedicheremo seriamente alla grande questione del CLA, o quando ci battiamo affinch\u00e9 l'educazione musicale non sia politicamente etichettata come \"educazione\" o \"cultura\", a seconda dell'etichetta che costa meno, ma che l'educazione musicale e l'educazione artistica in generale siano viste come il legame essenziale tra educazione e cultura, e siano sovvenzionate di conseguenza.<\/p>\n<p>Il nostro settore \u00e8 quindi caratterizzato da numerose questioni sindacali e politiche. Ecco perch\u00e9 \u00e8 estremamente importante che un maggior numero di insegnanti di musica si iscriva a un sindacato o a un'associazione professionale, in modo che le associazioni impegnate a migliorare le condizioni di lavoro nel campo dell'educazione musicale possano dare maggior peso ai loro interventi. In questo contesto, ogni insegnante di musica dovrebbe valutare da solo quale associazione offre i maggiori vantaggi per lui\/lei. Se, ad esempio, una persona insegna a tempo parziale in una scuola di musica e lavora anche in una scuola dell'obbligo, l'iscrizione a un'associazione di insegnanti \u00e8 l'opzione pi\u00f9 appropriata. D'altra parte, se una persona lavora in una scuola di musica e allo stesso tempo insegna a qualche allievo privato, l'iscrizione alla SSPM \u00e8 sicuramente l'opzione pi\u00f9 adatta. I musicisti che tengono concerti e insegnano musica allo stesso tempo dovrebbero valutare quale associazione rappresenti meglio i loro interessi e quale offerta di servizi sia pi\u00f9 utile per loro.<\/p>\n<p>Se gli insegnanti di musica sono affiliati a un'associazione, devono richiamare tempestivamente l'attenzione della direzione dell'associazione sui problemi relativi al diritto del lavoro e presentare idee o proposte gi\u00e0 parzialmente sviluppate per migliorare le loro condizioni di lavoro.<\/p>\n<p>Inoltre, \u00e8 essenziale che le associazioni interessate si confrontino regolarmente sullo stato del loro lavoro e collaborino per apportare miglioramenti. In ogni caso, la SSPM \u00e8 pronta ad aiutare!<\/p>","protected":false},"excerpt":{"rendered":"<p>Gli insegnanti di musica spesso non sono organizzati in un sindacato o in un'associazione professionale, nonostante il fatto che molte questioni del settore possano essere affrontate solo attraverso un sindacato.<\/p>","protected":false},"author":21898,"featured_media":29443,"comment_status":"closed","ping_status":"closed","sticky":false,"template":"","format":"standard","meta":{"_acf_changed":false,"_relevanssi_hide_post":"","_relevanssi_hide_content":"","_relevanssi_pin_for_all":"","_relevanssi_pin_keywords":"","_relevanssi_unpin_keywords":"","_relevanssi_related_keywords":"","_relevanssi_related_include_ids":"","_relevanssi_related_exclude_ids":"","_relevanssi_related_no_append":"","_relevanssi_related_not_related":"","_relevanssi_related_posts":"","_relevanssi_noindex_reason":"","pgc_sgb_lightbox_settings":"","footnotes":""},"categories":[51],"tags":[1665,1667,1666,1668,1664],"class_list":["post-29442","post","type-post","status-publish","format-standard","has-post-thumbnail","hentry","category-sspm","tag-association-professionnelle","tag-conditions-de-travail","tag-droit-du-travail","tag-pedagogues-musicaux-musicales","tag-travail-syndical"],"acf":[],"yoast_head":"<!-- This site is optimized with the Yoast SEO plugin v27.3 - https:\/\/yoast.com\/product\/yoast-seo-wordpress\/ -->\n<title>Travail syndical au sein de la SSPM - Revue Musicale Suisse<\/title>\n<meta name=\"description\" content=\"La SSPM est une association professionnelle qui s&#039;engage pour de meilleures conditions de travail pour les p\u00e9dagogues musicaux.\" \/>\n<meta name=\"robots\" content=\"index, follow, max-snippet:-1, max-image-preview:large, max-video-preview:-1\" \/>\n<link rel=\"canonical\" href=\"https:\/\/www.revuemusicale.ch\/it\/basis\/sspm\/2023\/02\/travail-syndical-au-sein-de-la-sspm\/\" \/>\n<meta property=\"og:locale\" content=\"it_IT\" \/>\n<meta property=\"og:type\" content=\"article\" \/>\n<meta property=\"og:title\" content=\"Travail syndical au sein de la SSPM - Revue Musicale Suisse\" \/>\n<meta property=\"og:description\" content=\"La SSPM est une association professionnelle qui s&#039;engage pour de meilleures conditions de travail pour les p\u00e9dagogues musicaux.\" \/>\n<meta property=\"og:url\" content=\"https:\/\/www.revuemusicale.ch\/it\/basis\/sspm\/2023\/02\/travail-syndical-au-sein-de-la-sspm\/\" \/>\n<meta property=\"og:site_name\" content=\"Revue Musicale Suisse\" \/>\n<meta property=\"article:publisher\" content=\"https:\/\/www.facebook.com\/SchweizerMusikzeitung\/\" \/>\n<meta property=\"article:published_time\" content=\"2023-02-22T22:40:07+00:00\" \/>\n<meta property=\"article:modified_time\" content=\"2023-02-22T22:41:34+00:00\" \/>\n<meta property=\"og:image\" content=\"https:\/\/www.revuemusicale.ch\/wp-content\/uploads\/2023\/02\/20230222_210045.jpg\" \/>\n\t<meta property=\"og:image:width\" content=\"821\" \/>\n\t<meta property=\"og:image:height\" content=\"1000\" \/>\n\t<meta property=\"og:image:type\" content=\"image\/jpeg\" \/>\n<meta name=\"author\" content=\"Marianne W\u00e4lchli\" \/>\n<meta name=\"twitter:card\" content=\"summary_large_image\" \/>\n<meta name=\"twitter:creator\" content=\"@smusikzeitung\" \/>\n<meta name=\"twitter:site\" content=\"@smusikzeitung\" \/>\n<meta name=\"twitter:label1\" content=\"Scritto da\" \/>\n\t<meta name=\"twitter:data1\" content=\"Marianne W\u00e4lchli\" \/>\n\t<meta name=\"twitter:label2\" content=\"Tempo di lettura stimato\" \/>\n\t<meta name=\"twitter:data2\" content=\"6 minuti\" \/>\n<script type=\"application\/ld+json\" class=\"yoast-schema-graph\">{\"@context\":\"https:\\\/\\\/schema.org\",\"@graph\":[{\"@type\":\"Article\",\"@id\":\"https:\\\/\\\/www.revuemusicale.ch\\\/basis\\\/sspm\\\/2023\\\/02\\\/travail-syndical-au-sein-de-la-sspm#article\",\"isPartOf\":{\"@id\":\"https:\\\/\\\/www.revuemusicale.ch\\\/basis\\\/sspm\\\/2023\\\/02\\\/travail-syndical-au-sein-de-la-sspm\"},\"author\":{\"name\":\"Marianne W\u00e4lchli\",\"@id\":\"https:\\\/\\\/www.revuemusicale.ch\\\/#\\\/schema\\\/person\\\/aed9e141f1c6eabca23927825882e9bd\"},\"headline\":\"Travail syndical au sein de la SSPM\",\"datePublished\":\"2023-02-22T22:40:07+00:00\",\"dateModified\":\"2023-02-22T22:41:34+00:00\",\"mainEntityOfPage\":{\"@id\":\"https:\\\/\\\/www.revuemusicale.ch\\\/basis\\\/sspm\\\/2023\\\/02\\\/travail-syndical-au-sein-de-la-sspm\"},\"wordCount\":1167,\"publisher\":{\"@id\":\"https:\\\/\\\/www.revuemusicale.ch\\\/#organization\"},\"image\":{\"@id\":\"https:\\\/\\\/www.revuemusicale.ch\\\/basis\\\/sspm\\\/2023\\\/02\\\/travail-syndical-au-sein-de-la-sspm#primaryimage\"},\"thumbnailUrl\":\"https:\\\/\\\/www.revuemusicale.ch\\\/wp-content\\\/uploads\\\/2023\\\/02\\\/20230222_210045.jpg\",\"keywords\":[\"association professionnelle\",\"conditions de travail\",\"droit du travail\",\"p\u00e9dagogues musicaux\\\/musicales\",\"Travail syndical\"],\"articleSection\":[\"SSPM\"],\"inLanguage\":\"it-IT\"},{\"@type\":\"WebPage\",\"@id\":\"https:\\\/\\\/www.revuemusicale.ch\\\/basis\\\/sspm\\\/2023\\\/02\\\/travail-syndical-au-sein-de-la-sspm\",\"url\":\"https:\\\/\\\/www.revuemusicale.ch\\\/basis\\\/sspm\\\/2023\\\/02\\\/travail-syndical-au-sein-de-la-sspm\",\"name\":\"Travail syndical au sein de la SSPM - Revue Musicale Suisse\",\"isPartOf\":{\"@id\":\"https:\\\/\\\/www.revuemusicale.ch\\\/#website\"},\"primaryImageOfPage\":{\"@id\":\"https:\\\/\\\/www.revuemusicale.ch\\\/basis\\\/sspm\\\/2023\\\/02\\\/travail-syndical-au-sein-de-la-sspm#primaryimage\"},\"image\":{\"@id\":\"https:\\\/\\\/www.revuemusicale.ch\\\/basis\\\/sspm\\\/2023\\\/02\\\/travail-syndical-au-sein-de-la-sspm#primaryimage\"},\"thumbnailUrl\":\"https:\\\/\\\/www.revuemusicale.ch\\\/wp-content\\\/uploads\\\/2023\\\/02\\\/20230222_210045.jpg\",\"datePublished\":\"2023-02-22T22:40:07+00:00\",\"dateModified\":\"2023-02-22T22:41:34+00:00\",\"description\":\"La SSPM est une association professionnelle qui s'engage pour de meilleures conditions de travail pour les p\u00e9dagogues musicaux.\",\"breadcrumb\":{\"@id\":\"https:\\\/\\\/www.revuemusicale.ch\\\/basis\\\/sspm\\\/2023\\\/02\\\/travail-syndical-au-sein-de-la-sspm#breadcrumb\"},\"inLanguage\":\"it-IT\",\"potentialAction\":[{\"@type\":\"ReadAction\",\"target\":[\"https:\\\/\\\/www.revuemusicale.ch\\\/basis\\\/sspm\\\/2023\\\/02\\\/travail-syndical-au-sein-de-la-sspm\"]}]},{\"@type\":\"ImageObject\",\"inLanguage\":\"it-IT\",\"@id\":\"https:\\\/\\\/www.revuemusicale.ch\\\/basis\\\/sspm\\\/2023\\\/02\\\/travail-syndical-au-sein-de-la-sspm#primaryimage\",\"url\":\"https:\\\/\\\/www.revuemusicale.ch\\\/wp-content\\\/uploads\\\/2023\\\/02\\\/20230222_210045.jpg\",\"contentUrl\":\"https:\\\/\\\/www.revuemusicale.ch\\\/wp-content\\\/uploads\\\/2023\\\/02\\\/20230222_210045.jpg\",\"width\":821,\"height\":1000},{\"@type\":\"BreadcrumbList\",\"@id\":\"https:\\\/\\\/www.revuemusicale.ch\\\/basis\\\/sspm\\\/2023\\\/02\\\/travail-syndical-au-sein-de-la-sspm#breadcrumb\",\"itemListElement\":[{\"@type\":\"ListItem\",\"position\":1,\"name\":\"Home\",\"item\":\"https:\\\/\\\/www.revuemusicale.ch\\\/\"},{\"@type\":\"ListItem\",\"position\":2,\"name\":\"Travail syndical au sein de la SSPM\"}]},{\"@type\":\"WebSite\",\"@id\":\"https:\\\/\\\/www.revuemusicale.ch\\\/#website\",\"url\":\"https:\\\/\\\/www.revuemusicale.ch\\\/\",\"name\":\"Revue Musicale Suisse\",\"description\":\"\",\"publisher\":{\"@id\":\"https:\\\/\\\/www.revuemusicale.ch\\\/#organization\"},\"potentialAction\":[{\"@type\":\"SearchAction\",\"target\":{\"@type\":\"EntryPoint\",\"urlTemplate\":\"https:\\\/\\\/www.revuemusicale.ch\\\/?s={search_term_string}\"},\"query-input\":{\"@type\":\"PropertyValueSpecification\",\"valueRequired\":true,\"valueName\":\"search_term_string\"}}],\"inLanguage\":\"it-IT\"},{\"@type\":\"Organization\",\"@id\":\"https:\\\/\\\/www.revuemusicale.ch\\\/#organization\",\"name\":\"Revue Musicale Suisse\",\"url\":\"https:\\\/\\\/www.revuemusicale.ch\\\/\",\"logo\":{\"@type\":\"ImageObject\",\"inLanguage\":\"it-IT\",\"@id\":\"https:\\\/\\\/www.revuemusicale.ch\\\/#\\\/schema\\\/logo\\\/image\\\/\",\"url\":\"https:\\\/\\\/www.revuemusicale.ch\\\/wp-content\\\/uploads\\\/2023\\\/01\\\/logo_revuemusicale_musikzeitung.jpg\",\"contentUrl\":\"https:\\\/\\\/www.revuemusicale.ch\\\/wp-content\\\/uploads\\\/2023\\\/01\\\/logo_revuemusicale_musikzeitung.jpg\",\"width\":1200,\"height\":243,\"caption\":\"Revue Musicale Suisse\"},\"image\":{\"@id\":\"https:\\\/\\\/www.revuemusicale.ch\\\/#\\\/schema\\\/logo\\\/image\\\/\"},\"sameAs\":[\"https:\\\/\\\/www.facebook.com\\\/SchweizerMusikzeitung\\\/\",\"https:\\\/\\\/x.com\\\/smusikzeitung\",\"https:\\\/\\\/www.instagram.com\\\/musikzeitung.ch\\\/?hl=de\"]},{\"@type\":\"Person\",\"@id\":\"https:\\\/\\\/www.revuemusicale.ch\\\/#\\\/schema\\\/person\\\/aed9e141f1c6eabca23927825882e9bd\",\"name\":\"Marianne W\u00e4lchli\",\"image\":{\"@type\":\"ImageObject\",\"inLanguage\":\"it-IT\",\"@id\":\"https:\\\/\\\/secure.gravatar.com\\\/avatar\\\/38051b42066354b3387944d4858f0db38df9bd42750adce08eb2e6606490c55f?s=96&d=mm&r=g\",\"url\":\"https:\\\/\\\/secure.gravatar.com\\\/avatar\\\/38051b42066354b3387944d4858f0db38df9bd42750adce08eb2e6606490c55f?s=96&d=mm&r=g\",\"contentUrl\":\"https:\\\/\\\/secure.gravatar.com\\\/avatar\\\/38051b42066354b3387944d4858f0db38df9bd42750adce08eb2e6606490c55f?s=96&d=mm&r=g\",\"caption\":\"Marianne W\u00e4lchli\"},\"url\":\"https:\\\/\\\/www.revuemusicale.ch\\\/it\\\/author\\\/marianne-waelchli\"}]}<\/script>\n<!-- \/ Yoast SEO plugin. -->","yoast_head_json":{"title":"Travail syndical au sein de la SSPM - Revue Musicale Suisse","description":"La SSPM est une association professionnelle qui s'engage pour de meilleures conditions de travail pour les p\u00e9dagogues musicaux.","robots":{"index":"index","follow":"follow","max-snippet":"max-snippet:-1","max-image-preview":"max-image-preview:large","max-video-preview":"max-video-preview:-1"},"canonical":"https:\/\/www.revuemusicale.ch\/it\/basis\/sspm\/2023\/02\/travail-syndical-au-sein-de-la-sspm\/","og_locale":"it_IT","og_type":"article","og_title":"Travail syndical au sein de la SSPM - Revue Musicale Suisse","og_description":"La SSPM est une association professionnelle qui s'engage pour de meilleures conditions de travail pour les p\u00e9dagogues musicaux.","og_url":"https:\/\/www.revuemusicale.ch\/it\/basis\/sspm\/2023\/02\/travail-syndical-au-sein-de-la-sspm\/","og_site_name":"Revue Musicale Suisse","article_publisher":"https:\/\/www.facebook.com\/SchweizerMusikzeitung\/","article_published_time":"2023-02-22T22:40:07+00:00","article_modified_time":"2023-02-22T22:41:34+00:00","og_image":[{"width":821,"height":1000,"url":"https:\/\/www.revuemusicale.ch\/wp-content\/uploads\/2023\/02\/20230222_210045.jpg","type":"image\/jpeg"}],"author":"Marianne W\u00e4lchli","twitter_card":"summary_large_image","twitter_creator":"@smusikzeitung","twitter_site":"@smusikzeitung","twitter_misc":{"Scritto da":"Marianne W\u00e4lchli","Tempo di lettura stimato":"6 minuti"},"schema":{"@context":"https:\/\/schema.org","@graph":[{"@type":"Article","@id":"https:\/\/www.revuemusicale.ch\/basis\/sspm\/2023\/02\/travail-syndical-au-sein-de-la-sspm#article","isPartOf":{"@id":"https:\/\/www.revuemusicale.ch\/basis\/sspm\/2023\/02\/travail-syndical-au-sein-de-la-sspm"},"author":{"name":"Marianne W\u00e4lchli","@id":"https:\/\/www.revuemusicale.ch\/#\/schema\/person\/aed9e141f1c6eabca23927825882e9bd"},"headline":"Travail syndical au sein de la SSPM","datePublished":"2023-02-22T22:40:07+00:00","dateModified":"2023-02-22T22:41:34+00:00","mainEntityOfPage":{"@id":"https:\/\/www.revuemusicale.ch\/basis\/sspm\/2023\/02\/travail-syndical-au-sein-de-la-sspm"},"wordCount":1167,"publisher":{"@id":"https:\/\/www.revuemusicale.ch\/#organization"},"image":{"@id":"https:\/\/www.revuemusicale.ch\/basis\/sspm\/2023\/02\/travail-syndical-au-sein-de-la-sspm#primaryimage"},"thumbnailUrl":"https:\/\/www.revuemusicale.ch\/wp-content\/uploads\/2023\/02\/20230222_210045.jpg","keywords":["association professionnelle","conditions de travail","droit du travail","p\u00e9dagogues musicaux\/musicales","Travail syndical"],"articleSection":["SSPM"],"inLanguage":"it-IT"},{"@type":"WebPage","@id":"https:\/\/www.revuemusicale.ch\/basis\/sspm\/2023\/02\/travail-syndical-au-sein-de-la-sspm","url":"https:\/\/www.revuemusicale.ch\/basis\/sspm\/2023\/02\/travail-syndical-au-sein-de-la-sspm","name":"Travail syndical au sein de la SSPM - Revue Musicale Suisse","isPartOf":{"@id":"https:\/\/www.revuemusicale.ch\/#website"},"primaryImageOfPage":{"@id":"https:\/\/www.revuemusicale.ch\/basis\/sspm\/2023\/02\/travail-syndical-au-sein-de-la-sspm#primaryimage"},"image":{"@id":"https:\/\/www.revuemusicale.ch\/basis\/sspm\/2023\/02\/travail-syndical-au-sein-de-la-sspm#primaryimage"},"thumbnailUrl":"https:\/\/www.revuemusicale.ch\/wp-content\/uploads\/2023\/02\/20230222_210045.jpg","datePublished":"2023-02-22T22:40:07+00:00","dateModified":"2023-02-22T22:41:34+00:00","description":"La SSPM est une association professionnelle qui s'engage pour de meilleures conditions de travail pour les p\u00e9dagogues musicaux.","breadcrumb":{"@id":"https:\/\/www.revuemusicale.ch\/basis\/sspm\/2023\/02\/travail-syndical-au-sein-de-la-sspm#breadcrumb"},"inLanguage":"it-IT","potentialAction":[{"@type":"ReadAction","target":["https:\/\/www.revuemusicale.ch\/basis\/sspm\/2023\/02\/travail-syndical-au-sein-de-la-sspm"]}]},{"@type":"ImageObject","inLanguage":"it-IT","@id":"https:\/\/www.revuemusicale.ch\/basis\/sspm\/2023\/02\/travail-syndical-au-sein-de-la-sspm#primaryimage","url":"https:\/\/www.revuemusicale.ch\/wp-content\/uploads\/2023\/02\/20230222_210045.jpg","contentUrl":"https:\/\/www.revuemusicale.ch\/wp-content\/uploads\/2023\/02\/20230222_210045.jpg","width":821,"height":1000},{"@type":"BreadcrumbList","@id":"https:\/\/www.revuemusicale.ch\/basis\/sspm\/2023\/02\/travail-syndical-au-sein-de-la-sspm#breadcrumb","itemListElement":[{"@type":"ListItem","position":1,"name":"Home","item":"https:\/\/www.revuemusicale.ch\/"},{"@type":"ListItem","position":2,"name":"Travail syndical au sein de la SSPM"}]},{"@type":"WebSite","@id":"https:\/\/www.revuemusicale.ch\/#website","url":"https:\/\/www.revuemusicale.ch\/","name":"Rassegna musicale svizzera","description":"","publisher":{"@id":"https:\/\/www.revuemusicale.ch\/#organization"},"potentialAction":[{"@type":"SearchAction","target":{"@type":"EntryPoint","urlTemplate":"https:\/\/www.revuemusicale.ch\/?s={search_term_string}"},"query-input":{"@type":"PropertyValueSpecification","valueRequired":true,"valueName":"search_term_string"}}],"inLanguage":"it-IT"},{"@type":"Organization","@id":"https:\/\/www.revuemusicale.ch\/#organization","name":"Rassegna musicale svizzera","url":"https:\/\/www.revuemusicale.ch\/","logo":{"@type":"ImageObject","inLanguage":"it-IT","@id":"https:\/\/www.revuemusicale.ch\/#\/schema\/logo\/image\/","url":"https:\/\/www.revuemusicale.ch\/wp-content\/uploads\/2023\/01\/logo_revuemusicale_musikzeitung.jpg","contentUrl":"https:\/\/www.revuemusicale.ch\/wp-content\/uploads\/2023\/01\/logo_revuemusicale_musikzeitung.jpg","width":1200,"height":243,"caption":"Revue Musicale Suisse"},"image":{"@id":"https:\/\/www.revuemusicale.ch\/#\/schema\/logo\/image\/"},"sameAs":["https:\/\/www.facebook.com\/SchweizerMusikzeitung\/","https:\/\/x.com\/smusikzeitung","https:\/\/www.instagram.com\/musikzeitung.ch\/?hl=de"]},{"@type":"Person","@id":"https:\/\/www.revuemusicale.ch\/#\/schema\/person\/aed9e141f1c6eabca23927825882e9bd","name":"Marianne W\u00e4lchli","image":{"@type":"ImageObject","inLanguage":"it-IT","@id":"https:\/\/secure.gravatar.com\/avatar\/38051b42066354b3387944d4858f0db38df9bd42750adce08eb2e6606490c55f?s=96&d=mm&r=g","url":"https:\/\/secure.gravatar.com\/avatar\/38051b42066354b3387944d4858f0db38df9bd42750adce08eb2e6606490c55f?s=96&d=mm&r=g","contentUrl":"https:\/\/secure.gravatar.com\/avatar\/38051b42066354b3387944d4858f0db38df9bd42750adce08eb2e6606490c55f?s=96&d=mm&r=g","caption":"Marianne W\u00e4lchli"},"url":"https:\/\/www.revuemusicale.ch\/it\/author\/marianne-waelchli"}]}},"publishpress_future_action":{"enabled":false,"date":"1970-01-01 01:00:00","action":"change-status","newStatus":"draft","terms":[],"taxonomy":"category","extraData":[]},"publishpress_future_workflow_manual_trigger":{"enabledWorkflows":[]},"_links":{"self":[{"href":"https:\/\/www.revuemusicale.ch\/it\/wp-json\/wp\/v2\/posts\/29442","targetHints":{"allow":["GET"]}}],"collection":[{"href":"https:\/\/www.revuemusicale.ch\/it\/wp-json\/wp\/v2\/posts"}],"about":[{"href":"https:\/\/www.revuemusicale.ch\/it\/wp-json\/wp\/v2\/types\/post"}],"author":[{"embeddable":true,"href":"https:\/\/www.revuemusicale.ch\/it\/wp-json\/wp\/v2\/users\/21898"}],"replies":[{"embeddable":true,"href":"https:\/\/www.revuemusicale.ch\/it\/wp-json\/wp\/v2\/comments?post=29442"}],"version-history":[{"count":1,"href":"https:\/\/www.revuemusicale.ch\/it\/wp-json\/wp\/v2\/posts\/29442\/revisions"}],"predecessor-version":[{"id":29444,"href":"https:\/\/www.revuemusicale.ch\/it\/wp-json\/wp\/v2\/posts\/29442\/revisions\/29444"}],"wp:featuredmedia":[{"embeddable":true,"href":"https:\/\/www.revuemusicale.ch\/it\/wp-json\/wp\/v2\/media\/29443"}],"wp:attachment":[{"href":"https:\/\/www.revuemusicale.ch\/it\/wp-json\/wp\/v2\/media?parent=29442"}],"wp:term":[{"taxonomy":"category","embeddable":true,"href":"https:\/\/www.revuemusicale.ch\/it\/wp-json\/wp\/v2\/categories?post=29442"},{"taxonomy":"post_tag","embeddable":true,"href":"https:\/\/www.revuemusicale.ch\/it\/wp-json\/wp\/v2\/tags?post=29442"}],"curies":[{"name":"wp","href":"https:\/\/api.w.org\/{rel}","templated":true}]}}