{"id":29528,"date":"2023-03-30T12:03:05","date_gmt":"2023-03-30T10:03:05","guid":{"rendered":"https:\/\/www.revuemusicale.ch\/?p=29528"},"modified":"2023-03-30T12:03:05","modified_gmt":"2023-03-30T10:03:05","slug":"un-observatoire-pour-federer-les-milieux-culturels-en-suisse-romande","status":"publish","type":"post","link":"https:\/\/www.revuemusicale.ch\/it\/basis\/sonart\/2023\/03\/un-observatoire-pour-federer-les-milieux-culturels-en-suisse-romande","title":{"rendered":"Un osservatorio per unire i circoli culturali della Svizzera francese"},"content":{"rendered":"<p>Sovvenzioni, situazione precaria degli artisti, affluenza del pubblico: il mondo culturale della Svizzera francese si trova ad affrontare una serie di sfide. Le difficolt\u00e0 strutturali - evidenziate pi\u00f9 che mai dalla crisi sanitaria - hanno fatto emergere la necessit\u00e0, anzi l'urgenza, di decifrare la situazione degli attori di un ecosistema in fase di radicale cambiamento. Per rispondere a questa esigenza, l'Observatoire romand de la culture (ORC) accender\u00e0 i riflettori su questioni sociali, politiche e finanziarie attraverso studi condotti da un pool di esperti.<\/p>\n<p>Creato nel settembre 2022, l'ORC produrr\u00e0 analisi approfondite su un'ampia gamma di questioni che riguardano tutte le discipline (musica, arti dello spettacolo, cinema, musei e biblioteche). Il suo compito principale sar\u00e0 quello di raccogliere dati affidabili e verificabili dai settori interessati, per poi sintetizzarli in studi fondati e indipendenti.<\/p>\n<p>L'obiettivo? Offrire una serie di strumenti per sostenere le pratiche istituzionali e adeguare le politiche culturali. \"L'ORC sar\u00e0 responsabile dei dati pubblicati, ma non delle interpretazioni che gli attori culturali e le autorit\u00e0 politiche ne trarranno\", spiega Olivier Glassey, direttore dell'ORC e professore all'Institut de hautes \u00e9tudes en administration publique (IDHEAP).<\/p>\n<p>Sono gi\u00e0 stati avviati due studi: il primo analizza i finanziamenti pubblici per la cultura, mentre il secondo fornisce una panoramica sulle carriere degli artisti. I temi sono stati convalidati dal gruppo di supporto composto da membri delle organizzazioni ombrello e approvati dal comitato strategico.<\/p>\n<p>Allo stesso tempo, il team dell'ORC raccoglier\u00e0 gli studi e i meccanismi esistenti, che saranno riuniti in un portale digitale che, pur non essendo esaustivo, consentir\u00e0 di centralizzare e migliorare le informazioni disponibili. L'Osservatorio svolger\u00e0 anche mandati specifici, commissionati e finanziati dai suoi partner.<\/p>\n<p>Questa struttura - la prima in Svizzera - \u00e8 il frutto di un partenariato tra l'Universit\u00e0 di Losanna (UNIL), l'HES-SO, la Conferenza dei Capi Servizio e dei Delegati alla Cultura (CDAC) dei sette cantoni francofoni e quattordici citt\u00e0. Basato sul modello degli Osservatori di Grenoble e della Vallonia-Bruxelles, l'ORC si trova attualmente in una fase pilota di tre anni.<\/p>\n<p>L'ORC organizzer\u00e0 anche incontri per adempiere a una delle sue missioni principali: riunire le comunit\u00e0 culturali della Svizzera francese.<\/p>\n<p>&nbsp;<\/p>","protected":false},"excerpt":{"rendered":"<p>Creato nel settembre 2022, l'Observatoire romand de la culture (ORC) condurr\u00e0 studi per far luce su pratiche e questioni culturali. Una novit\u00e0 assoluta in Svizzera.<\/p>","protected":false},"author":21896,"featured_media":0,"comment_status":"closed","ping_status":"closed","sticky":false,"template":"","format":"standard","meta":{"_acf_changed":false,"_relevanssi_hide_post":"","_relevanssi_hide_content":"","_relevanssi_pin_for_all":"","_relevanssi_pin_keywords":"","_relevanssi_unpin_keywords":"","_relevanssi_related_keywords":"","_relevanssi_related_include_ids":"","_relevanssi_related_exclude_ids":"","_relevanssi_related_no_append":"","_relevanssi_related_not_related":"","_relevanssi_related_posts":"","_relevanssi_noindex_reason":"","pgc_sgb_lightbox_settings":"","footnotes":""},"categories":[54],"tags":[],"class_list":["post-29528","post","type-post","status-publish","format-standard","hentry","category-sonart"],"acf":[],"yoast_head":"<!-- This site is optimized with the Yoast SEO plugin v27.3 - https:\/\/yoast.com\/product\/yoast-seo-wordpress\/ -->\n<title>Un observatoire pour f\u00e9d\u00e9rer les milieux culturels en Suisse romande - Revue Musicale Suisse<\/title>\n<meta name=\"robots\" content=\"index, follow, max-snippet:-1, max-image-preview:large, max-video-preview:-1\" \/>\n<link rel=\"canonical\" href=\"https:\/\/www.revuemusicale.ch\/it\/basis\/sonart\/2023\/03\/un-observatoire-pour-federer-les-milieux-culturels-en-suisse-romande\/\" \/>\n<meta property=\"og:locale\" content=\"it_IT\" \/>\n<meta property=\"og:type\" content=\"article\" \/>\n<meta property=\"og:title\" content=\"Un observatoire pour f\u00e9d\u00e9rer les milieux culturels en Suisse romande - Revue Musicale Suisse\" \/>\n<meta property=\"og:description\" content=\"Cr\u00e9\u00e9 en septembre 2022, l\u2019Observatoire romand de la culture (ORC) m\u00e8nera des \u00e9tudes visant \u00e0 mettre en lumi\u00e8re les pratiques et enjeux culturels. Une premi\u00e8re en Suisse.\" \/>\n<meta property=\"og:url\" content=\"https:\/\/www.revuemusicale.ch\/it\/basis\/sonart\/2023\/03\/un-observatoire-pour-federer-les-milieux-culturels-en-suisse-romande\/\" \/>\n<meta property=\"og:site_name\" content=\"Revue Musicale Suisse\" \/>\n<meta property=\"article:publisher\" content=\"https:\/\/www.facebook.com\/SchweizerMusikzeitung\/\" \/>\n<meta property=\"article:published_time\" content=\"2023-03-30T10:03:05+00:00\" \/>\n<meta name=\"author\" content=\"Laura Thomann\" \/>\n<meta name=\"twitter:card\" content=\"summary_large_image\" \/>\n<meta name=\"twitter:creator\" content=\"@smusikzeitung\" \/>\n<meta name=\"twitter:site\" content=\"@smusikzeitung\" \/>\n<meta name=\"twitter:label1\" content=\"Scritto da\" \/>\n\t<meta name=\"twitter:data1\" content=\"Laura Thomann\" \/>\n\t<meta name=\"twitter:label2\" content=\"Tempo di lettura stimato\" \/>\n\t<meta name=\"twitter:data2\" content=\"2 minuti\" \/>\n<script type=\"application\/ld+json\" class=\"yoast-schema-graph\">{\"@context\":\"https:\\\/\\\/schema.org\",\"@graph\":[{\"@type\":\"Article\",\"@id\":\"https:\\\/\\\/www.revuemusicale.ch\\\/basis\\\/sonart\\\/2023\\\/03\\\/un-observatoire-pour-federer-les-milieux-culturels-en-suisse-romande#article\",\"isPartOf\":{\"@id\":\"https:\\\/\\\/www.revuemusicale.ch\\\/basis\\\/sonart\\\/2023\\\/03\\\/un-observatoire-pour-federer-les-milieux-culturels-en-suisse-romande\"},\"author\":{\"name\":\"Laura Thomann\",\"@id\":\"https:\\\/\\\/www.revuemusicale.ch\\\/#\\\/schema\\\/person\\\/d8aadc130e63e0bcbab8325989b57cb7\"},\"headline\":\"Un observatoire pour f\u00e9d\u00e9rer les milieux culturels en Suisse romande\",\"datePublished\":\"2023-03-30T10:03:05+00:00\",\"mainEntityOfPage\":{\"@id\":\"https:\\\/\\\/www.revuemusicale.ch\\\/basis\\\/sonart\\\/2023\\\/03\\\/un-observatoire-pour-federer-les-milieux-culturels-en-suisse-romande\"},\"wordCount\":433,\"publisher\":{\"@id\":\"https:\\\/\\\/www.revuemusicale.ch\\\/#organization\"},\"articleSection\":[\"SONART\"],\"inLanguage\":\"it-IT\"},{\"@type\":\"WebPage\",\"@id\":\"https:\\\/\\\/www.revuemusicale.ch\\\/basis\\\/sonart\\\/2023\\\/03\\\/un-observatoire-pour-federer-les-milieux-culturels-en-suisse-romande\",\"url\":\"https:\\\/\\\/www.revuemusicale.ch\\\/basis\\\/sonart\\\/2023\\\/03\\\/un-observatoire-pour-federer-les-milieux-culturels-en-suisse-romande\",\"name\":\"Un observatoire pour f\u00e9d\u00e9rer les milieux culturels en Suisse romande - Revue Musicale Suisse\",\"isPartOf\":{\"@id\":\"https:\\\/\\\/www.revuemusicale.ch\\\/#website\"},\"datePublished\":\"2023-03-30T10:03:05+00:00\",\"breadcrumb\":{\"@id\":\"https:\\\/\\\/www.revuemusicale.ch\\\/basis\\\/sonart\\\/2023\\\/03\\\/un-observatoire-pour-federer-les-milieux-culturels-en-suisse-romande#breadcrumb\"},\"inLanguage\":\"it-IT\",\"potentialAction\":[{\"@type\":\"ReadAction\",\"target\":[\"https:\\\/\\\/www.revuemusicale.ch\\\/basis\\\/sonart\\\/2023\\\/03\\\/un-observatoire-pour-federer-les-milieux-culturels-en-suisse-romande\"]}]},{\"@type\":\"BreadcrumbList\",\"@id\":\"https:\\\/\\\/www.revuemusicale.ch\\\/basis\\\/sonart\\\/2023\\\/03\\\/un-observatoire-pour-federer-les-milieux-culturels-en-suisse-romande#breadcrumb\",\"itemListElement\":[{\"@type\":\"ListItem\",\"position\":1,\"name\":\"Home\",\"item\":\"https:\\\/\\\/www.revuemusicale.ch\\\/\"},{\"@type\":\"ListItem\",\"position\":2,\"name\":\"Un observatoire pour f\u00e9d\u00e9rer les milieux culturels en Suisse romande\"}]},{\"@type\":\"WebSite\",\"@id\":\"https:\\\/\\\/www.revuemusicale.ch\\\/#website\",\"url\":\"https:\\\/\\\/www.revuemusicale.ch\\\/\",\"name\":\"Revue Musicale Suisse\",\"description\":\"\",\"publisher\":{\"@id\":\"https:\\\/\\\/www.revuemusicale.ch\\\/#organization\"},\"potentialAction\":[{\"@type\":\"SearchAction\",\"target\":{\"@type\":\"EntryPoint\",\"urlTemplate\":\"https:\\\/\\\/www.revuemusicale.ch\\\/?s={search_term_string}\"},\"query-input\":{\"@type\":\"PropertyValueSpecification\",\"valueRequired\":true,\"valueName\":\"search_term_string\"}}],\"inLanguage\":\"it-IT\"},{\"@type\":\"Organization\",\"@id\":\"https:\\\/\\\/www.revuemusicale.ch\\\/#organization\",\"name\":\"Revue Musicale Suisse\",\"url\":\"https:\\\/\\\/www.revuemusicale.ch\\\/\",\"logo\":{\"@type\":\"ImageObject\",\"inLanguage\":\"it-IT\",\"@id\":\"https:\\\/\\\/www.revuemusicale.ch\\\/#\\\/schema\\\/logo\\\/image\\\/\",\"url\":\"https:\\\/\\\/www.revuemusicale.ch\\\/wp-content\\\/uploads\\\/2023\\\/01\\\/logo_revuemusicale_musikzeitung.jpg\",\"contentUrl\":\"https:\\\/\\\/www.revuemusicale.ch\\\/wp-content\\\/uploads\\\/2023\\\/01\\\/logo_revuemusicale_musikzeitung.jpg\",\"width\":1200,\"height\":243,\"caption\":\"Revue Musicale Suisse\"},\"image\":{\"@id\":\"https:\\\/\\\/www.revuemusicale.ch\\\/#\\\/schema\\\/logo\\\/image\\\/\"},\"sameAs\":[\"https:\\\/\\\/www.facebook.com\\\/SchweizerMusikzeitung\\\/\",\"https:\\\/\\\/x.com\\\/smusikzeitung\",\"https:\\\/\\\/www.instagram.com\\\/musikzeitung.ch\\\/?hl=de\"]},{\"@type\":\"Person\",\"@id\":\"https:\\\/\\\/www.revuemusicale.ch\\\/#\\\/schema\\\/person\\\/d8aadc130e63e0bcbab8325989b57cb7\",\"name\":\"Laura Thomann\",\"image\":{\"@type\":\"ImageObject\",\"inLanguage\":\"it-IT\",\"@id\":\"https:\\\/\\\/secure.gravatar.com\\\/avatar\\\/0fc50b55bb91dfad077bb1c7566a1134a65718aac75f6caa3201223918e8abe9?s=96&d=mm&r=g\",\"url\":\"https:\\\/\\\/secure.gravatar.com\\\/avatar\\\/0fc50b55bb91dfad077bb1c7566a1134a65718aac75f6caa3201223918e8abe9?s=96&d=mm&r=g\",\"contentUrl\":\"https:\\\/\\\/secure.gravatar.com\\\/avatar\\\/0fc50b55bb91dfad077bb1c7566a1134a65718aac75f6caa3201223918e8abe9?s=96&d=mm&r=g\",\"caption\":\"Laura Thomann\"},\"url\":\"https:\\\/\\\/www.revuemusicale.ch\\\/it\\\/author\\\/laura-thomann\"}]}<\/script>\n<!-- \/ Yoast SEO plugin. -->","yoast_head_json":{"title":"Un observatoire pour f\u00e9d\u00e9rer les milieux culturels en Suisse romande - Revue Musicale Suisse","robots":{"index":"index","follow":"follow","max-snippet":"max-snippet:-1","max-image-preview":"max-image-preview:large","max-video-preview":"max-video-preview:-1"},"canonical":"https:\/\/www.revuemusicale.ch\/it\/basis\/sonart\/2023\/03\/un-observatoire-pour-federer-les-milieux-culturels-en-suisse-romande\/","og_locale":"it_IT","og_type":"article","og_title":"Un observatoire pour f\u00e9d\u00e9rer les milieux culturels en Suisse romande - Revue Musicale Suisse","og_description":"Cr\u00e9\u00e9 en septembre 2022, l\u2019Observatoire romand de la culture (ORC) m\u00e8nera des \u00e9tudes visant \u00e0 mettre en lumi\u00e8re les pratiques et enjeux culturels. Une premi\u00e8re en Suisse.","og_url":"https:\/\/www.revuemusicale.ch\/it\/basis\/sonart\/2023\/03\/un-observatoire-pour-federer-les-milieux-culturels-en-suisse-romande\/","og_site_name":"Revue Musicale Suisse","article_publisher":"https:\/\/www.facebook.com\/SchweizerMusikzeitung\/","article_published_time":"2023-03-30T10:03:05+00:00","author":"Laura Thomann","twitter_card":"summary_large_image","twitter_creator":"@smusikzeitung","twitter_site":"@smusikzeitung","twitter_misc":{"Scritto da":"Laura Thomann","Tempo di lettura stimato":"2 minuti"},"schema":{"@context":"https:\/\/schema.org","@graph":[{"@type":"Article","@id":"https:\/\/www.revuemusicale.ch\/basis\/sonart\/2023\/03\/un-observatoire-pour-federer-les-milieux-culturels-en-suisse-romande#article","isPartOf":{"@id":"https:\/\/www.revuemusicale.ch\/basis\/sonart\/2023\/03\/un-observatoire-pour-federer-les-milieux-culturels-en-suisse-romande"},"author":{"name":"Laura Thomann","@id":"https:\/\/www.revuemusicale.ch\/#\/schema\/person\/d8aadc130e63e0bcbab8325989b57cb7"},"headline":"Un observatoire pour f\u00e9d\u00e9rer les milieux culturels en Suisse romande","datePublished":"2023-03-30T10:03:05+00:00","mainEntityOfPage":{"@id":"https:\/\/www.revuemusicale.ch\/basis\/sonart\/2023\/03\/un-observatoire-pour-federer-les-milieux-culturels-en-suisse-romande"},"wordCount":433,"publisher":{"@id":"https:\/\/www.revuemusicale.ch\/#organization"},"articleSection":["SONART"],"inLanguage":"it-IT"},{"@type":"WebPage","@id":"https:\/\/www.revuemusicale.ch\/basis\/sonart\/2023\/03\/un-observatoire-pour-federer-les-milieux-culturels-en-suisse-romande","url":"https:\/\/www.revuemusicale.ch\/basis\/sonart\/2023\/03\/un-observatoire-pour-federer-les-milieux-culturels-en-suisse-romande","name":"Un observatoire pour f\u00e9d\u00e9rer les milieux culturels en Suisse romande - Revue Musicale Suisse","isPartOf":{"@id":"https:\/\/www.revuemusicale.ch\/#website"},"datePublished":"2023-03-30T10:03:05+00:00","breadcrumb":{"@id":"https:\/\/www.revuemusicale.ch\/basis\/sonart\/2023\/03\/un-observatoire-pour-federer-les-milieux-culturels-en-suisse-romande#breadcrumb"},"inLanguage":"it-IT","potentialAction":[{"@type":"ReadAction","target":["https:\/\/www.revuemusicale.ch\/basis\/sonart\/2023\/03\/un-observatoire-pour-federer-les-milieux-culturels-en-suisse-romande"]}]},{"@type":"BreadcrumbList","@id":"https:\/\/www.revuemusicale.ch\/basis\/sonart\/2023\/03\/un-observatoire-pour-federer-les-milieux-culturels-en-suisse-romande#breadcrumb","itemListElement":[{"@type":"ListItem","position":1,"name":"Home","item":"https:\/\/www.revuemusicale.ch\/"},{"@type":"ListItem","position":2,"name":"Un observatoire pour f\u00e9d\u00e9rer les milieux culturels en Suisse romande"}]},{"@type":"WebSite","@id":"https:\/\/www.revuemusicale.ch\/#website","url":"https:\/\/www.revuemusicale.ch\/","name":"Rassegna musicale svizzera","description":"","publisher":{"@id":"https:\/\/www.revuemusicale.ch\/#organization"},"potentialAction":[{"@type":"SearchAction","target":{"@type":"EntryPoint","urlTemplate":"https:\/\/www.revuemusicale.ch\/?s={search_term_string}"},"query-input":{"@type":"PropertyValueSpecification","valueRequired":true,"valueName":"search_term_string"}}],"inLanguage":"it-IT"},{"@type":"Organization","@id":"https:\/\/www.revuemusicale.ch\/#organization","name":"Rassegna musicale svizzera","url":"https:\/\/www.revuemusicale.ch\/","logo":{"@type":"ImageObject","inLanguage":"it-IT","@id":"https:\/\/www.revuemusicale.ch\/#\/schema\/logo\/image\/","url":"https:\/\/www.revuemusicale.ch\/wp-content\/uploads\/2023\/01\/logo_revuemusicale_musikzeitung.jpg","contentUrl":"https:\/\/www.revuemusicale.ch\/wp-content\/uploads\/2023\/01\/logo_revuemusicale_musikzeitung.jpg","width":1200,"height":243,"caption":"Revue Musicale Suisse"},"image":{"@id":"https:\/\/www.revuemusicale.ch\/#\/schema\/logo\/image\/"},"sameAs":["https:\/\/www.facebook.com\/SchweizerMusikzeitung\/","https:\/\/x.com\/smusikzeitung","https:\/\/www.instagram.com\/musikzeitung.ch\/?hl=de"]},{"@type":"Person","@id":"https:\/\/www.revuemusicale.ch\/#\/schema\/person\/d8aadc130e63e0bcbab8325989b57cb7","name":"Laura Thomann","image":{"@type":"ImageObject","inLanguage":"it-IT","@id":"https:\/\/secure.gravatar.com\/avatar\/0fc50b55bb91dfad077bb1c7566a1134a65718aac75f6caa3201223918e8abe9?s=96&d=mm&r=g","url":"https:\/\/secure.gravatar.com\/avatar\/0fc50b55bb91dfad077bb1c7566a1134a65718aac75f6caa3201223918e8abe9?s=96&d=mm&r=g","contentUrl":"https:\/\/secure.gravatar.com\/avatar\/0fc50b55bb91dfad077bb1c7566a1134a65718aac75f6caa3201223918e8abe9?s=96&d=mm&r=g","caption":"Laura Thomann"},"url":"https:\/\/www.revuemusicale.ch\/it\/author\/laura-thomann"}]}},"publishpress_future_action":{"enabled":false,"date":"1970-01-01 01:00:00","action":"change-status","newStatus":"draft","terms":[],"taxonomy":"category","extraData":[]},"publishpress_future_workflow_manual_trigger":{"enabledWorkflows":[]},"_links":{"self":[{"href":"https:\/\/www.revuemusicale.ch\/it\/wp-json\/wp\/v2\/posts\/29528","targetHints":{"allow":["GET"]}}],"collection":[{"href":"https:\/\/www.revuemusicale.ch\/it\/wp-json\/wp\/v2\/posts"}],"about":[{"href":"https:\/\/www.revuemusicale.ch\/it\/wp-json\/wp\/v2\/types\/post"}],"author":[{"embeddable":true,"href":"https:\/\/www.revuemusicale.ch\/it\/wp-json\/wp\/v2\/users\/21896"}],"replies":[{"embeddable":true,"href":"https:\/\/www.revuemusicale.ch\/it\/wp-json\/wp\/v2\/comments?post=29528"}],"version-history":[{"count":1,"href":"https:\/\/www.revuemusicale.ch\/it\/wp-json\/wp\/v2\/posts\/29528\/revisions"}],"predecessor-version":[{"id":29529,"href":"https:\/\/www.revuemusicale.ch\/it\/wp-json\/wp\/v2\/posts\/29528\/revisions\/29529"}],"wp:attachment":[{"href":"https:\/\/www.revuemusicale.ch\/it\/wp-json\/wp\/v2\/media?parent=29528"}],"wp:term":[{"taxonomy":"category","embeddable":true,"href":"https:\/\/www.revuemusicale.ch\/it\/wp-json\/wp\/v2\/categories?post=29528"},{"taxonomy":"post_tag","embeddable":true,"href":"https:\/\/www.revuemusicale.ch\/it\/wp-json\/wp\/v2\/tags?post=29528"}],"curies":[{"name":"wp","href":"https:\/\/api.w.org\/{rel}","templated":true}]}}