{"id":29688,"date":"2023-06-06T12:05:04","date_gmt":"2023-06-06T10:05:04","guid":{"rendered":"https:\/\/www.revuemusicale.ch\/?p=29688"},"modified":"2023-06-16T14:04:32","modified_gmt":"2023-06-16T12:04:32","slug":"greve-feministe-du-14-juin-2023","status":"publish","type":"post","link":"https:\/\/www.revuemusicale.ch\/it\/basis\/2023\/06\/greve-feministe-du-14-juin-2023","title":{"rendered":"Sciopero femminista del 14 giugno 2023"},"content":{"rendered":"<p><img loading=\"lazy\" decoding=\"async\" class=\"alignnone wp-image-29689 size-full\" src=\"https:\/\/www.revuemusicale.ch\/wp-content\/uploads\/2023\/06\/Fahne-drapeau-14.06.2023.png\" alt=\"\" width=\"913\" height=\"512\" srcset=\"https:\/\/www.revuemusicale.ch\/wp-content\/uploads\/2023\/06\/Fahne-drapeau-14.06.2023.png 913w, https:\/\/www.revuemusicale.ch\/wp-content\/uploads\/2023\/06\/Fahne-drapeau-14.06.2023-300x168.png 300w, https:\/\/www.revuemusicale.ch\/wp-content\/uploads\/2023\/06\/Fahne-drapeau-14.06.2023-768x431.png 768w, https:\/\/www.revuemusicale.ch\/wp-content\/uploads\/2023\/06\/Fahne-drapeau-14.06.2023-312x175.png 312w, https:\/\/www.revuemusicale.ch\/wp-content\/uploads\/2023\/06\/Fahne-drapeau-14.06.2023-624x350.png 624w\" sizes=\"auto, (max-width: 913px) 100vw, 913px\" \/>Essere una donna musicista nel mondo altamente competitivo delle arti \u00e8 doppiamente difficile rispetto all'essere uomo.<\/p>\n<h3><strong>Scrutato, giudicato<\/strong><\/h3>\n<p>In primo luogo, una donna sar\u00e0 sempre esaminata e giudicata. Essendo stata vittima di molestie, ho \"sperimentato\" con grande sgomento i dannosi giochi e abusi di potere, il potere che gli uomini cercano di mantenere a tutti i costi sulle donne per far capire che non potranno mai diventare loro pari. Questo \u00e8 ancora pi\u00f9 evidente quando si \u00e8 una musicista donna intermittente, dove la vulnerabilit\u00e0 del lavoro \u00e8 presente e il datore di lavoro ha il potere di scegliere, rifiutare, favorire o danneggiare una carriera. L'artista viene costantemente esaminata per la lunghezza della gonna, il colore delle scarpe, l'altezza dei tacchi e il suo bel viso (troppo o troppo poco trucco, il volume dei capelli...), e spesso si trova di fronte, senza poterli denunciare, ad altri commenti e gesti sessisti molto pi\u00f9 sgradevoli che creano un clima nocivo. Quindi rifiutare le avances o denunciare un abuso di potere \u00e8 ancora pericoloso per il resto della carriera, anche cinque anni dopo #MeToo.<\/p>\n<p>Quando si \u00e8 vittime, e in realt\u00e0 la vittima non \u00e8 mai colpevole, subentra un ingiustificato senso di vergogna. Pensando che a un certo punto siamo stati deboli e abbiamo \"lasciato che accadesse\", la molestia ci priva della nostra forza e del nostro potere, lasciandoci attoniti, senza parole, scioccati, paralizzati e senza sapere come reagire. Lucile Quillet, scrittrice e giornalista, spiega molto bene questo meccanismo: poich\u00e9 non vogliamo essere \"vittime di molestie\", il nostro riflesso \u00e8 quello di minimizzare la situazione, pensando che \"tollerandola\" abbiamo ancora un po' di potere su noi stessi. \u00c8 cos\u00ec che il cervello crea una strategia che purtroppo non pu\u00f2 essere sostenuta a lungo termine, dicendosi: \"Non \u00e8 grave. Non \u00e8 stato intenzionale. Non c'\u00e8 bisogno di farne un dramma...\". \u00c8 quindi assolutamente necessario iniziare a riconoscere le molestie per quello che sono, in modo da non doverle pi\u00f9 sopportare. Non dimentichiamo mai che le molestie non riassumeranno mai ci\u00f2 che siamo, n\u00e9 annulleranno le nostre qualit\u00e0. \u00c8 una prova molto difficile, ma non ci impedisce di avere un futuro... ed \u00e8 solo temporanea.<\/p>\n<h3><strong>Carte etiche<\/strong><\/h3>\n<p>A tal fine, incoraggerei tutte le organizzazioni e i luoghi di cultura ad agire sul campo esponendo in modo visibile carte etiche dettagliate. Sarebbe auspicabile che queste diventassero strumenti di sensibilizzazione sui limiti - che sono diversi per ognuno - e su ci\u00f2 che \u00e8 accettabile e ci\u00f2 che non lo \u00e8. Occorre eliminare ogni forma di discriminazione a favore della parit\u00e0 di trattamento e dare priorit\u00e0 alla salute fisica e mentale di ognuno, facendo dell'empatia e della benevolenza la regola di vita. Inoltre, la comunicazione non violenta deve diventare un'abitudine, i sentimenti di ognuno devono essere rispettati e si deve prendere coscienza e decostruire i propri modi e le proprie abitudini di pensiero: \"Che cosa mi appartiene e ha senso nel mio pensiero? D'altra parte, cosa sto ripetendo senza pensare che la societ\u00e0 pu\u00f2 aver insinuato in me? Non mettere pi\u00f9 in dubbio le parole di una vittima di abuso, qualunque esse siano, e alla fine crederle, perch\u00e9 ha troppo da perdere a parlare. Riconoscere che il rifiuto pu\u00f2 essere cos\u00ec forte da portare direttamente alla depressione; che la gentilezza deve essere vista come una qualit\u00e0 essenziale e non come una debolezza. In breve, si tratta di dare valore all'uguaglianza, alla sicurezza, al rispetto e alla realizzazione. Sarebbe inoltre opportuno che queste carte includessero una procedura da seguire in caso di abuso, specificando che ci si deve rivolgere internamente ai rappresentanti del personale o al medico del lavoro del cantone, ed esternamente all'ispettorato del lavoro del cantone o al proprio sindacato USDAM-SMV. Tutti questi servizi sono gratuiti!<\/p>\n<h3><strong>Sorority<\/strong><\/h3>\n<p>In secondo luogo, una donna non pu\u00f2 contare sul sostegno delle sue sorelle. Ma la sorellanza non deve essere vista come un'ingenua utopia! Anche nel mondo ferocemente competitivo della musica, credo che la sorellanza possa esistere e rivelarsi un potente antidoto al sessismo, che per sua natura divide e conquista. \u00c8 un potere, una pratica e una solida base per crescere insieme.<\/p>\n<p>Purtroppo, il riflesso di qualsiasi minoranza \u00e8 quello di considerare coloro che ci assomigliano come i pi\u00f9 diretti concorrenti. Dobbiamo riconoscerlo e non riprodurre questi noti codici maschili (ad esempio, ridere con compiacimento alle battute sessiste) per mostrare il \"cappello bianco\" e cercare di salire, a spese di altre donne, in una gerarchia influenzata dai codici patriarcali. Il mito del \"catfight\" associato alla rivalit\u00e0 femminile va decostruito attraverso la sensibilizzazione e l'analisi di piccoli riflessi e gesti quotidiani, e affrontando la nostra insicurezza: non dobbiamo vedere le altre donne come rivali, perch\u00e9 possono, al contrario, rivelarsi alleate! Amina Sow parla di una teoria dell'influenza: \"Ci\u00f2 che avvantaggia una donna avvantaggia indirettamente anche le altre\". Quindi, criticare una donna significa criticare se stessi; sabotare il lavoro di un'altra musicista significa minare la propria posizione.<\/p>\n<p>Nel mondo della musica, condividere la propria esperienza attraverso il mentoring, ad esempio, \u00e8 una cosa meravigliosa da fare, e molto pi\u00f9 rilevante che lasciare che il nuovo arrivato \"se la passi male, come ho fatto io all'epoca\". La sorellanza \u00e8 un modo per affrontare la disuguaglianza e il sessismo, decidere insieme di agire e lavorare per la parit\u00e0.<\/p>\n<p>Infine, come ho gi\u00e0 detto, il mondo della musica \u00e8 doppiamente difficile per una donna musicista, sia per l'abuso di potere che subisce sia per la mancanza di sostegno tra le donne. Gli uomini non saranno mai giudicati dalla lunghezza dei loro jeans e la solidariet\u00e0 maschile \u00e8 sempre stata molto potente. Sta a noi stare insieme, unirci, sostenerci, ascoltarci e consigliarci a vicenda! La scrittrice Chlo\u00e9 Delaume riassume tutto questo: \"La sorellanza \u00e8 un atteggiamento. Non fare mai deliberatamente del male a una donna. Mai criticare pubblicamente una donna, mai mostrare disprezzo per una donna. La sorellanza \u00e8 inclusiva, senza gerarchie o diritti di nascita. La sorellanza \u00e8 come un'etica di vita.<\/p>\n<p>Facciamo in modo che sia nel cuore di ogni donna il 14 giugno 2023!<\/p>\n<p><em>Muriel Noble, co-presidente USDAM - SMV, violinista OSR<\/em><\/p>","protected":false},"excerpt":{"rendered":"<p>\"I diritti delle donne sono ancora minacciati. Siate vigili, attenti, combattivi; non lasciate passare un gesto, una parola, una situazione che minacci la vostra dignit\u00e0. La vostra e quella di tutte le donne\". (Gis\u00e8le Halimi, avvocato e autrice)<\/p>","protected":false},"author":21897,"featured_media":29689,"comment_status":"closed","ping_status":"closed","sticky":false,"template":"","format":"standard","meta":{"_acf_changed":false,"_relevanssi_hide_post":"","_relevanssi_hide_content":"","_relevanssi_pin_for_all":"","_relevanssi_pin_keywords":"","_relevanssi_unpin_keywords":"","_relevanssi_related_keywords":"","_relevanssi_related_include_ids":"","_relevanssi_related_exclude_ids":"","_relevanssi_related_no_append":"","_relevanssi_related_not_related":"","_relevanssi_related_posts":"","_relevanssi_noindex_reason":"","pgc_sgb_lightbox_settings":"","footnotes":""},"categories":[31,53],"tags":[1734,1730,1733,1735],"class_list":["post-29688","post","type-post","status-publish","format-standard","has-post-thumbnail","hentry","category-basis","category-usdam","tag-abus-de-pouvoir","tag-droits-des-femmes","tag-solidarite-feminine","tag-sororite"],"acf":[],"yoast_head":"<!-- This site is optimized with the Yoast SEO plugin v27.3 - https:\/\/yoast.com\/product\/yoast-seo-wordpress\/ -->\n<title>Gr\u00e8ve f\u00e9ministe du 14 juin 2023 - Revue Musicale Suisse<\/title>\n<meta name=\"description\" content=\"\u00catre femme musicienne dans le milieu si comp\u00e9titif qu\u2019est le monde artistique est doublement difficile en comparaison avec cette m\u00eame situation chez un homme.\" \/>\n<meta name=\"robots\" content=\"index, follow, max-snippet:-1, max-image-preview:large, max-video-preview:-1\" \/>\n<link rel=\"canonical\" href=\"https:\/\/www.revuemusicale.ch\/it\/basis\/2023\/06\/greve-feministe-du-14-juin-2023\/\" \/>\n<meta property=\"og:locale\" content=\"it_IT\" \/>\n<meta property=\"og:type\" content=\"article\" \/>\n<meta property=\"og:title\" content=\"Gr\u00e8ve f\u00e9ministe du 14 juin 2023 - Revue Musicale Suisse\" \/>\n<meta property=\"og:description\" content=\"\u00catre femme musicienne dans le milieu si comp\u00e9titif qu\u2019est le monde artistique est doublement difficile en comparaison avec cette m\u00eame situation chez un homme.\" \/>\n<meta property=\"og:url\" content=\"https:\/\/www.revuemusicale.ch\/it\/basis\/2023\/06\/greve-feministe-du-14-juin-2023\/\" \/>\n<meta property=\"og:site_name\" content=\"Revue Musicale Suisse\" \/>\n<meta property=\"article:publisher\" content=\"https:\/\/www.facebook.com\/SchweizerMusikzeitung\/\" \/>\n<meta property=\"article:published_time\" content=\"2023-06-06T10:05:04+00:00\" \/>\n<meta property=\"article:modified_time\" content=\"2023-06-16T12:04:32+00:00\" \/>\n<meta property=\"og:image\" content=\"https:\/\/www.revuemusicale.ch\/wp-content\/uploads\/2023\/06\/Fahne-drapeau-14.06.2023.png\" \/>\n\t<meta property=\"og:image:width\" content=\"913\" \/>\n\t<meta property=\"og:image:height\" content=\"512\" \/>\n\t<meta property=\"og:image:type\" content=\"image\/png\" \/>\n<meta name=\"author\" content=\"Laurent Mettraux\" \/>\n<meta name=\"twitter:card\" content=\"summary_large_image\" \/>\n<meta name=\"twitter:creator\" content=\"@smusikzeitung\" \/>\n<meta name=\"twitter:site\" content=\"@smusikzeitung\" \/>\n<meta name=\"twitter:label1\" content=\"Scritto da\" \/>\n\t<meta name=\"twitter:data1\" content=\"Laurent Mettraux\" \/>\n\t<meta name=\"twitter:label2\" content=\"Tempo di lettura stimato\" \/>\n\t<meta name=\"twitter:data2\" content=\"6 minuti\" \/>\n<script type=\"application\/ld+json\" class=\"yoast-schema-graph\">{\"@context\":\"https:\\\/\\\/schema.org\",\"@graph\":[{\"@type\":\"Article\",\"@id\":\"https:\\\/\\\/www.revuemusicale.ch\\\/basis\\\/2023\\\/06\\\/greve-feministe-du-14-juin-2023#article\",\"isPartOf\":{\"@id\":\"https:\\\/\\\/www.revuemusicale.ch\\\/basis\\\/2023\\\/06\\\/greve-feministe-du-14-juin-2023\"},\"author\":{\"name\":\"Laurent Mettraux\",\"@id\":\"https:\\\/\\\/www.revuemusicale.ch\\\/#\\\/schema\\\/person\\\/fb6400330a942eecc4b494064fce59be\"},\"headline\":\"Gr\u00e8ve f\u00e9ministe du 14 juin 2023\",\"datePublished\":\"2023-06-06T10:05:04+00:00\",\"dateModified\":\"2023-06-16T12:04:32+00:00\",\"mainEntityOfPage\":{\"@id\":\"https:\\\/\\\/www.revuemusicale.ch\\\/basis\\\/2023\\\/06\\\/greve-feministe-du-14-juin-2023\"},\"wordCount\":1236,\"publisher\":{\"@id\":\"https:\\\/\\\/www.revuemusicale.ch\\\/#organization\"},\"image\":{\"@id\":\"https:\\\/\\\/www.revuemusicale.ch\\\/basis\\\/2023\\\/06\\\/greve-feministe-du-14-juin-2023#primaryimage\"},\"thumbnailUrl\":\"https:\\\/\\\/www.revuemusicale.ch\\\/wp-content\\\/uploads\\\/2023\\\/06\\\/Fahne-drapeau-14.06.2023.png\",\"keywords\":[\"abus de pouvoir\",\"droits des femmes\",\"solidarit\u00e9 f\u00e9minine\",\"sororit\u00e9\"],\"articleSection\":[\"Basis\",\"USDAM\"],\"inLanguage\":\"it-IT\"},{\"@type\":\"WebPage\",\"@id\":\"https:\\\/\\\/www.revuemusicale.ch\\\/basis\\\/2023\\\/06\\\/greve-feministe-du-14-juin-2023\",\"url\":\"https:\\\/\\\/www.revuemusicale.ch\\\/basis\\\/2023\\\/06\\\/greve-feministe-du-14-juin-2023\",\"name\":\"Gr\u00e8ve f\u00e9ministe du 14 juin 2023 - Revue Musicale Suisse\",\"isPartOf\":{\"@id\":\"https:\\\/\\\/www.revuemusicale.ch\\\/#website\"},\"primaryImageOfPage\":{\"@id\":\"https:\\\/\\\/www.revuemusicale.ch\\\/basis\\\/2023\\\/06\\\/greve-feministe-du-14-juin-2023#primaryimage\"},\"image\":{\"@id\":\"https:\\\/\\\/www.revuemusicale.ch\\\/basis\\\/2023\\\/06\\\/greve-feministe-du-14-juin-2023#primaryimage\"},\"thumbnailUrl\":\"https:\\\/\\\/www.revuemusicale.ch\\\/wp-content\\\/uploads\\\/2023\\\/06\\\/Fahne-drapeau-14.06.2023.png\",\"datePublished\":\"2023-06-06T10:05:04+00:00\",\"dateModified\":\"2023-06-16T12:04:32+00:00\",\"description\":\"\u00catre femme musicienne dans le milieu si comp\u00e9titif qu\u2019est le monde artistique est doublement difficile en comparaison avec cette m\u00eame situation chez un homme.\",\"breadcrumb\":{\"@id\":\"https:\\\/\\\/www.revuemusicale.ch\\\/basis\\\/2023\\\/06\\\/greve-feministe-du-14-juin-2023#breadcrumb\"},\"inLanguage\":\"it-IT\",\"potentialAction\":[{\"@type\":\"ReadAction\",\"target\":[\"https:\\\/\\\/www.revuemusicale.ch\\\/basis\\\/2023\\\/06\\\/greve-feministe-du-14-juin-2023\"]}]},{\"@type\":\"ImageObject\",\"inLanguage\":\"it-IT\",\"@id\":\"https:\\\/\\\/www.revuemusicale.ch\\\/basis\\\/2023\\\/06\\\/greve-feministe-du-14-juin-2023#primaryimage\",\"url\":\"https:\\\/\\\/www.revuemusicale.ch\\\/wp-content\\\/uploads\\\/2023\\\/06\\\/Fahne-drapeau-14.06.2023.png\",\"contentUrl\":\"https:\\\/\\\/www.revuemusicale.ch\\\/wp-content\\\/uploads\\\/2023\\\/06\\\/Fahne-drapeau-14.06.2023.png\",\"width\":913,\"height\":512},{\"@type\":\"BreadcrumbList\",\"@id\":\"https:\\\/\\\/www.revuemusicale.ch\\\/basis\\\/2023\\\/06\\\/greve-feministe-du-14-juin-2023#breadcrumb\",\"itemListElement\":[{\"@type\":\"ListItem\",\"position\":1,\"name\":\"Home\",\"item\":\"https:\\\/\\\/www.revuemusicale.ch\\\/\"},{\"@type\":\"ListItem\",\"position\":2,\"name\":\"Gr\u00e8ve f\u00e9ministe du 14 juin 2023\"}]},{\"@type\":\"WebSite\",\"@id\":\"https:\\\/\\\/www.revuemusicale.ch\\\/#website\",\"url\":\"https:\\\/\\\/www.revuemusicale.ch\\\/\",\"name\":\"Revue Musicale Suisse\",\"description\":\"\",\"publisher\":{\"@id\":\"https:\\\/\\\/www.revuemusicale.ch\\\/#organization\"},\"potentialAction\":[{\"@type\":\"SearchAction\",\"target\":{\"@type\":\"EntryPoint\",\"urlTemplate\":\"https:\\\/\\\/www.revuemusicale.ch\\\/?s={search_term_string}\"},\"query-input\":{\"@type\":\"PropertyValueSpecification\",\"valueRequired\":true,\"valueName\":\"search_term_string\"}}],\"inLanguage\":\"it-IT\"},{\"@type\":\"Organization\",\"@id\":\"https:\\\/\\\/www.revuemusicale.ch\\\/#organization\",\"name\":\"Revue Musicale Suisse\",\"url\":\"https:\\\/\\\/www.revuemusicale.ch\\\/\",\"logo\":{\"@type\":\"ImageObject\",\"inLanguage\":\"it-IT\",\"@id\":\"https:\\\/\\\/www.revuemusicale.ch\\\/#\\\/schema\\\/logo\\\/image\\\/\",\"url\":\"https:\\\/\\\/www.revuemusicale.ch\\\/wp-content\\\/uploads\\\/2023\\\/01\\\/logo_revuemusicale_musikzeitung.jpg\",\"contentUrl\":\"https:\\\/\\\/www.revuemusicale.ch\\\/wp-content\\\/uploads\\\/2023\\\/01\\\/logo_revuemusicale_musikzeitung.jpg\",\"width\":1200,\"height\":243,\"caption\":\"Revue Musicale Suisse\"},\"image\":{\"@id\":\"https:\\\/\\\/www.revuemusicale.ch\\\/#\\\/schema\\\/logo\\\/image\\\/\"},\"sameAs\":[\"https:\\\/\\\/www.facebook.com\\\/SchweizerMusikzeitung\\\/\",\"https:\\\/\\\/x.com\\\/smusikzeitung\",\"https:\\\/\\\/www.instagram.com\\\/musikzeitung.ch\\\/?hl=de\"]},{\"@type\":\"Person\",\"@id\":\"https:\\\/\\\/www.revuemusicale.ch\\\/#\\\/schema\\\/person\\\/fb6400330a942eecc4b494064fce59be\",\"name\":\"Laurent Mettraux\",\"image\":{\"@type\":\"ImageObject\",\"inLanguage\":\"it-IT\",\"@id\":\"https:\\\/\\\/secure.gravatar.com\\\/avatar\\\/0ff4c55a3beaca23cf8ac030f6a4d207c5c42f40aa03f3accbc97af09da0d956?s=96&d=mm&r=g\",\"url\":\"https:\\\/\\\/secure.gravatar.com\\\/avatar\\\/0ff4c55a3beaca23cf8ac030f6a4d207c5c42f40aa03f3accbc97af09da0d956?s=96&d=mm&r=g\",\"contentUrl\":\"https:\\\/\\\/secure.gravatar.com\\\/avatar\\\/0ff4c55a3beaca23cf8ac030f6a4d207c5c42f40aa03f3accbc97af09da0d956?s=96&d=mm&r=g\",\"caption\":\"Laurent Mettraux\"},\"url\":\"https:\\\/\\\/www.revuemusicale.ch\\\/it\\\/author\\\/laurent-mettraux\"}]}<\/script>\n<!-- \/ Yoast SEO plugin. -->","yoast_head_json":{"title":"Gr\u00e8ve f\u00e9ministe du 14 juin 2023 - Revue Musicale Suisse","description":"Essere una donna musicista nel mondo altamente competitivo delle arti \u00e8 doppiamente difficile rispetto all'essere uomo.","robots":{"index":"index","follow":"follow","max-snippet":"max-snippet:-1","max-image-preview":"max-image-preview:large","max-video-preview":"max-video-preview:-1"},"canonical":"https:\/\/www.revuemusicale.ch\/it\/basis\/2023\/06\/greve-feministe-du-14-juin-2023\/","og_locale":"it_IT","og_type":"article","og_title":"Gr\u00e8ve f\u00e9ministe du 14 juin 2023 - Revue Musicale Suisse","og_description":"\u00catre femme musicienne dans le milieu si comp\u00e9titif qu\u2019est le monde artistique est doublement difficile en comparaison avec cette m\u00eame situation chez un homme.","og_url":"https:\/\/www.revuemusicale.ch\/it\/basis\/2023\/06\/greve-feministe-du-14-juin-2023\/","og_site_name":"Revue Musicale Suisse","article_publisher":"https:\/\/www.facebook.com\/SchweizerMusikzeitung\/","article_published_time":"2023-06-06T10:05:04+00:00","article_modified_time":"2023-06-16T12:04:32+00:00","og_image":[{"width":913,"height":512,"url":"https:\/\/www.revuemusicale.ch\/wp-content\/uploads\/2023\/06\/Fahne-drapeau-14.06.2023.png","type":"image\/png"}],"author":"Laurent Mettraux","twitter_card":"summary_large_image","twitter_creator":"@smusikzeitung","twitter_site":"@smusikzeitung","twitter_misc":{"Scritto da":"Laurent Mettraux","Tempo di lettura stimato":"6 minuti"},"schema":{"@context":"https:\/\/schema.org","@graph":[{"@type":"Article","@id":"https:\/\/www.revuemusicale.ch\/basis\/2023\/06\/greve-feministe-du-14-juin-2023#article","isPartOf":{"@id":"https:\/\/www.revuemusicale.ch\/basis\/2023\/06\/greve-feministe-du-14-juin-2023"},"author":{"name":"Laurent Mettraux","@id":"https:\/\/www.revuemusicale.ch\/#\/schema\/person\/fb6400330a942eecc4b494064fce59be"},"headline":"Gr\u00e8ve f\u00e9ministe du 14 juin 2023","datePublished":"2023-06-06T10:05:04+00:00","dateModified":"2023-06-16T12:04:32+00:00","mainEntityOfPage":{"@id":"https:\/\/www.revuemusicale.ch\/basis\/2023\/06\/greve-feministe-du-14-juin-2023"},"wordCount":1236,"publisher":{"@id":"https:\/\/www.revuemusicale.ch\/#organization"},"image":{"@id":"https:\/\/www.revuemusicale.ch\/basis\/2023\/06\/greve-feministe-du-14-juin-2023#primaryimage"},"thumbnailUrl":"https:\/\/www.revuemusicale.ch\/wp-content\/uploads\/2023\/06\/Fahne-drapeau-14.06.2023.png","keywords":["abus de pouvoir","droits des femmes","solidarit\u00e9 f\u00e9minine","sororit\u00e9"],"articleSection":["Basis","USDAM"],"inLanguage":"it-IT"},{"@type":"WebPage","@id":"https:\/\/www.revuemusicale.ch\/basis\/2023\/06\/greve-feministe-du-14-juin-2023","url":"https:\/\/www.revuemusicale.ch\/basis\/2023\/06\/greve-feministe-du-14-juin-2023","name":"Gr\u00e8ve f\u00e9ministe du 14 juin 2023 - Revue Musicale Suisse","isPartOf":{"@id":"https:\/\/www.revuemusicale.ch\/#website"},"primaryImageOfPage":{"@id":"https:\/\/www.revuemusicale.ch\/basis\/2023\/06\/greve-feministe-du-14-juin-2023#primaryimage"},"image":{"@id":"https:\/\/www.revuemusicale.ch\/basis\/2023\/06\/greve-feministe-du-14-juin-2023#primaryimage"},"thumbnailUrl":"https:\/\/www.revuemusicale.ch\/wp-content\/uploads\/2023\/06\/Fahne-drapeau-14.06.2023.png","datePublished":"2023-06-06T10:05:04+00:00","dateModified":"2023-06-16T12:04:32+00:00","description":"Essere una donna musicista nel mondo altamente competitivo delle arti \u00e8 doppiamente difficile rispetto all'essere uomo.","breadcrumb":{"@id":"https:\/\/www.revuemusicale.ch\/basis\/2023\/06\/greve-feministe-du-14-juin-2023#breadcrumb"},"inLanguage":"it-IT","potentialAction":[{"@type":"ReadAction","target":["https:\/\/www.revuemusicale.ch\/basis\/2023\/06\/greve-feministe-du-14-juin-2023"]}]},{"@type":"ImageObject","inLanguage":"it-IT","@id":"https:\/\/www.revuemusicale.ch\/basis\/2023\/06\/greve-feministe-du-14-juin-2023#primaryimage","url":"https:\/\/www.revuemusicale.ch\/wp-content\/uploads\/2023\/06\/Fahne-drapeau-14.06.2023.png","contentUrl":"https:\/\/www.revuemusicale.ch\/wp-content\/uploads\/2023\/06\/Fahne-drapeau-14.06.2023.png","width":913,"height":512},{"@type":"BreadcrumbList","@id":"https:\/\/www.revuemusicale.ch\/basis\/2023\/06\/greve-feministe-du-14-juin-2023#breadcrumb","itemListElement":[{"@type":"ListItem","position":1,"name":"Home","item":"https:\/\/www.revuemusicale.ch\/"},{"@type":"ListItem","position":2,"name":"Gr\u00e8ve f\u00e9ministe du 14 juin 2023"}]},{"@type":"WebSite","@id":"https:\/\/www.revuemusicale.ch\/#website","url":"https:\/\/www.revuemusicale.ch\/","name":"Rassegna musicale svizzera","description":"","publisher":{"@id":"https:\/\/www.revuemusicale.ch\/#organization"},"potentialAction":[{"@type":"SearchAction","target":{"@type":"EntryPoint","urlTemplate":"https:\/\/www.revuemusicale.ch\/?s={search_term_string}"},"query-input":{"@type":"PropertyValueSpecification","valueRequired":true,"valueName":"search_term_string"}}],"inLanguage":"it-IT"},{"@type":"Organization","@id":"https:\/\/www.revuemusicale.ch\/#organization","name":"Rassegna musicale svizzera","url":"https:\/\/www.revuemusicale.ch\/","logo":{"@type":"ImageObject","inLanguage":"it-IT","@id":"https:\/\/www.revuemusicale.ch\/#\/schema\/logo\/image\/","url":"https:\/\/www.revuemusicale.ch\/wp-content\/uploads\/2023\/01\/logo_revuemusicale_musikzeitung.jpg","contentUrl":"https:\/\/www.revuemusicale.ch\/wp-content\/uploads\/2023\/01\/logo_revuemusicale_musikzeitung.jpg","width":1200,"height":243,"caption":"Revue Musicale Suisse"},"image":{"@id":"https:\/\/www.revuemusicale.ch\/#\/schema\/logo\/image\/"},"sameAs":["https:\/\/www.facebook.com\/SchweizerMusikzeitung\/","https:\/\/x.com\/smusikzeitung","https:\/\/www.instagram.com\/musikzeitung.ch\/?hl=de"]},{"@type":"Person","@id":"https:\/\/www.revuemusicale.ch\/#\/schema\/person\/fb6400330a942eecc4b494064fce59be","name":"Laurent Mettraux","image":{"@type":"ImageObject","inLanguage":"it-IT","@id":"https:\/\/secure.gravatar.com\/avatar\/0ff4c55a3beaca23cf8ac030f6a4d207c5c42f40aa03f3accbc97af09da0d956?s=96&d=mm&r=g","url":"https:\/\/secure.gravatar.com\/avatar\/0ff4c55a3beaca23cf8ac030f6a4d207c5c42f40aa03f3accbc97af09da0d956?s=96&d=mm&r=g","contentUrl":"https:\/\/secure.gravatar.com\/avatar\/0ff4c55a3beaca23cf8ac030f6a4d207c5c42f40aa03f3accbc97af09da0d956?s=96&d=mm&r=g","caption":"Laurent Mettraux"},"url":"https:\/\/www.revuemusicale.ch\/it\/author\/laurent-mettraux"}]}},"publishpress_future_action":{"enabled":false,"date":"1970-01-01 01:00:00","action":"change-status","newStatus":"draft","terms":[],"taxonomy":"category","extraData":[]},"publishpress_future_workflow_manual_trigger":{"enabledWorkflows":[]},"_links":{"self":[{"href":"https:\/\/www.revuemusicale.ch\/it\/wp-json\/wp\/v2\/posts\/29688","targetHints":{"allow":["GET"]}}],"collection":[{"href":"https:\/\/www.revuemusicale.ch\/it\/wp-json\/wp\/v2\/posts"}],"about":[{"href":"https:\/\/www.revuemusicale.ch\/it\/wp-json\/wp\/v2\/types\/post"}],"author":[{"embeddable":true,"href":"https:\/\/www.revuemusicale.ch\/it\/wp-json\/wp\/v2\/users\/21897"}],"replies":[{"embeddable":true,"href":"https:\/\/www.revuemusicale.ch\/it\/wp-json\/wp\/v2\/comments?post=29688"}],"version-history":[{"count":4,"href":"https:\/\/www.revuemusicale.ch\/it\/wp-json\/wp\/v2\/posts\/29688\/revisions"}],"predecessor-version":[{"id":29696,"href":"https:\/\/www.revuemusicale.ch\/it\/wp-json\/wp\/v2\/posts\/29688\/revisions\/29696"}],"wp:featuredmedia":[{"embeddable":true,"href":"https:\/\/www.revuemusicale.ch\/it\/wp-json\/wp\/v2\/media\/29689"}],"wp:attachment":[{"href":"https:\/\/www.revuemusicale.ch\/it\/wp-json\/wp\/v2\/media?parent=29688"}],"wp:term":[{"taxonomy":"category","embeddable":true,"href":"https:\/\/www.revuemusicale.ch\/it\/wp-json\/wp\/v2\/categories?post=29688"},{"taxonomy":"post_tag","embeddable":true,"href":"https:\/\/www.revuemusicale.ch\/it\/wp-json\/wp\/v2\/tags?post=29688"}],"curies":[{"name":"wp","href":"https:\/\/api.w.org\/{rel}","templated":true}]}}