{"id":29738,"date":"2018-12-04T14:13:05","date_gmt":"2018-12-04T13:13:05","guid":{"rendered":"https:\/\/www.revuemusicale.ch\/?p=29738"},"modified":"2023-07-19T14:38:49","modified_gmt":"2023-07-19T12:38:49","slug":"rene-gerber-compositeur-neuchatelois","status":"publish","type":"post","link":"https:\/\/www.revuemusicale.ch\/it\/dossiers\/2018\/12\/rene-gerber-compositeur-neuchatelois","title":{"rendered":"Ren\u00e9 Gerber, compositore di Neuch\u00e2tel"},"content":{"rendered":"<figure id=\"attachment_29740\" aria-describedby=\"caption-attachment-29740\" style=\"width: 1234px\" class=\"wp-caption alignnone\"><img loading=\"lazy\" decoding=\"async\" class=\"size-full wp-image-29740\" src=\"https:\/\/www.revuemusicale.ch\/wp-content\/uploads\/2023\/07\/12_res_Gerber.jpg\" alt=\"\" width=\"1234\" height=\"1038\" srcset=\"https:\/\/www.revuemusicale.ch\/wp-content\/uploads\/2023\/07\/12_res_Gerber.jpg 1189w, https:\/\/www.revuemusicale.ch\/wp-content\/uploads\/2023\/07\/12_res_Gerber-300x252.jpg 300w, https:\/\/www.revuemusicale.ch\/wp-content\/uploads\/2023\/07\/12_res_Gerber-1024x861.jpg 1024w, https:\/\/www.revuemusicale.ch\/wp-content\/uploads\/2023\/07\/12_res_Gerber-768x646.jpg 768w, https:\/\/www.revuemusicale.ch\/wp-content\/uploads\/2023\/07\/12_res_Gerber-208x175.jpg 208w, https:\/\/www.revuemusicale.ch\/wp-content\/uploads\/2023\/07\/12_res_Gerber-416x350.jpg 416w, https:\/\/www.revuemusicale.ch\/wp-content\/uploads\/2023\/07\/12_res_Gerber-951x800.jpg 951w, https:\/\/www.revuemusicale.ch\/wp-content\/uploads\/2023\/07\/12_res_Gerber-920x774.jpg 920w\" sizes=\"auto, (max-width: 1234px) 100vw, 1234px\" \/><figcaption id=\"caption-attachment-29740\" class=\"wp-caption-text\">Ren\u00e9 Gerber. Foto: DR<\/figcaption><\/figure>\n<p>Ren\u00e9 Gerber nasce a Travers il 29 giugno 1908 e si trasferisce a Peseux nel 1919, dove il padre, originario dell'Emmental, lavora come ebanista. Dopo aver conseguito il baccalaur\u00e9at scientifico a Neuch\u00e2tel, si iscrisse alla Facolt\u00e0 di Medicina di Zurigo, dove lo zio dentista pensava di farlo tornare a esercitare. Ma la sua mente era altrove. Il trapano da dentista, musica concreta prima del tempo, non lo commuoveva affatto, a differenza di quanto accadeva con il trapano da dentista. <em>Musica per orchestra<\/em> di Volkmar Andreae, che ascolt\u00f2 alla prima nel 1929 alla Tonhalle di Zurigo, dove assisteva regolarmente ai concerti mentre gi\u00e0 componeva (il suo 1\u00b0 Concerto per arpa e orchestra risale al 1931). Alla fine scelse la musica ed entr\u00f2 al Conservatorio di Zurigo, dove Volkmar Andreae gli insegn\u00f2 la composizione e il contrappunto di Paul M\u00fcller, ottenendo in soli 3 anni il diploma nel 1933.<\/p>\n<p>Attratto pi\u00f9 dallo spirito francese che dal post-romanticismo tedesco, nel 1934 si rec\u00f2 a Parigi per seguire l'insegnamento rigoroso e severo di Paul Dukas e Nadia Boulanger all'Ecole Normale. La Boulanger insisteva per ricevere regolarmente dai suoi allievi lavori di armonia durante le vacanze, che restituiva con le sue correzioni.<\/p>\n<p>Contemporaneamente si forma con Robert Siohan, compositore, direttore di coro all'Op\u00e9ra e insegnante al Conservatorio, e perfeziona la conoscenza degli strumenti a fiato con Pierre Dupont, tenente colonnello, direttore della Banda della Garde R\u00e9publicaine (che trascrive il Bol\u00e9ro di Ravel per banda di fiati, eseguito in presenza del compositore). Nello stesso anno spos\u00f2 Ruth Matthey-Doret, nativa di La Br\u00e9vine (Neuch\u00e2tel), una giovane pianista che, mentre il marito si dedicava alla scienza della composizione, prendeva lezioni da Alfred Cortot e Marie Panth\u00e8s. La coppia rimase amica di Marie Panth\u00e8s - famosa concertista dell'epoca e vincitrice del 1\u00b0 premio al Conservatorio di Parigi all'et\u00e0 di 14 anni - fino alla sua morte, avvenuta nel 1955.<\/p>\n<figure id=\"attachment_29741\" aria-describedby=\"caption-attachment-29741\" style=\"width: 248px\" class=\"wp-caption alignleft\"><img loading=\"lazy\" decoding=\"async\" class=\"wp-image-29741 size-medium\" src=\"https:\/\/www.revuemusicale.ch\/wp-content\/uploads\/2023\/07\/Gerber-Fig1-248x300.png\" alt=\"\" width=\"248\" height=\"300\" srcset=\"https:\/\/www.revuemusicale.ch\/wp-content\/uploads\/2023\/07\/Gerber-Fig1-248x300.png 248w, https:\/\/www.revuemusicale.ch\/wp-content\/uploads\/2023\/07\/Gerber-Fig1-145x175.png 145w, https:\/\/www.revuemusicale.ch\/wp-content\/uploads\/2023\/07\/Gerber-Fig1-290x350.png 290w, https:\/\/www.revuemusicale.ch\/wp-content\/uploads\/2023\/07\/Gerber-Fig1-300x363.png 300w, https:\/\/www.revuemusicale.ch\/wp-content\/uploads\/2023\/07\/Gerber-Fig1.png 590w\" sizes=\"auto, (max-width: 248px) 100vw, 248px\" \/><figcaption id=\"caption-attachment-29741\" class=\"wp-caption-text\">Marie Panth\u00e8s nel 1941. Foto: DR<\/figcaption><\/figure>\n<p>Ren\u00e9 Gerber racconta in modo toccante il suo incontro con Maurice Ravel:<br \/>\n\"Quando ero a Parigi nel 1934, andai a trovare Ravel, che viveva con suo fratello Edouard a Levallois-Perret. Mi ricevette con un gatto in braccio e mi invit\u00f2 a seguirlo nella sua stanza. Il suo eloquio era faticoso. A un certo punto mi disse che non aveva ancora scritto nessuna vera opera raveliana! Al che risposi che finora aveva lasciato solo capolavori. No, no\", continu\u00f2, \"ma durante la mia inattivit\u00e0, ho riunito in me tutti gli elementi del mio stile, quello stile che sarebbe diventato le mie opere successive\". Da quel momento in poi non compose pi\u00f9 nulla fino alla sua morte, avvenuta il 28 dicembre 1937.<\/p>\n<p>Dal 1940 al 1947 insegn\u00f2 musica al Coll\u00e8ge latin di Neuch\u00e2tel e, in quest'ultimo anno, divenne direttore del Conservatorio di musica di Neuch\u00e2tel, incarico che mantenne fino al 1951.<br \/>\nIn questo periodo fonda con l'amico Henri Schenk la Galerie Pro Arte, prima a Peseux e poi, dal 1959, a Bevaix, dove vive fino alla fine della sua vita.<\/p>\n<figure id=\"attachment_29739\" aria-describedby=\"caption-attachment-29739\" style=\"width: 943px\" class=\"wp-caption alignnone\"><img loading=\"lazy\" decoding=\"async\" class=\"size-full wp-image-29739\" src=\"https:\/\/www.revuemusicale.ch\/wp-content\/uploads\/2023\/07\/12_intro_Gerber.jpg\" alt=\"\" width=\"943\" height=\"714\" srcset=\"https:\/\/www.revuemusicale.ch\/wp-content\/uploads\/2023\/07\/12_intro_Gerber.jpg 943w, https:\/\/www.revuemusicale.ch\/wp-content\/uploads\/2023\/07\/12_intro_Gerber-300x227.jpg 300w, https:\/\/www.revuemusicale.ch\/wp-content\/uploads\/2023\/07\/12_intro_Gerber-768x581.jpg 768w, https:\/\/www.revuemusicale.ch\/wp-content\/uploads\/2023\/07\/12_intro_Gerber-231x175.jpg 231w, https:\/\/www.revuemusicale.ch\/wp-content\/uploads\/2023\/07\/12_intro_Gerber-462x350.jpg 462w, https:\/\/www.revuemusicale.ch\/wp-content\/uploads\/2023\/07\/12_intro_Gerber-920x697.jpg 920w\" sizes=\"auto, (max-width: 943px) 100vw, 943px\" \/><figcaption id=\"caption-attachment-29739\" class=\"wp-caption-text\">Ren\u00e9 Gerber nella sua galleria a Bevaix2. Foto : DR<\/figcaption><\/figure>\n<p>Oltre al piacere di vedere molti quadri e di conoscere molti pittori, tra cui il compianto Fran\u00e7ois Gall (1912-1987), le mostre della galleria, alcune delle quali dedicate ad artisti di Neuch\u00e2tel, gli diedero l'indipendenza materiale necessaria per dedicarsi alla composizione. Infatti, una costante della vita di Ren\u00e9 Gerber \u00e8 stata quella di non aver mai tirato la corda per ottenere un vantaggio, un'onorificenza o un'agevolazione di qualsiasi tipo. In questo atteggiamento e nel suo lavoro di compositore, fu molto aiutato dalla comprensione e dall'immancabile sostegno della moglie Ruth, che divenne insegnante di pianoforte con molti allievi.<\/p>\n<p>Oltre a creare musica, insegna composizione e scrive un libro sull'argomento. <em>Trattato di contrappunto<\/em>Scriveva: \"Il contrappunto, correttamente inteso, \u00e8 la fonte di ogni disciplina e liberazione nella scrittura musicale\". Il compositore losannese Julien-Fran\u00e7ois Zbinden (oggi 101 anni!), un caro amico, \u00e8 il suo pi\u00f9 vecchio allievo. Il rigore con cui si accostava a qualsiasi opera musicale non sua incoraggiava e stimolava i suoi allievi, portandolo al contempo ad apprezzare numerose partiture di compositori contemporanei, tra cui in particolare quelle dell'amico Richard Flury, morto prima di lui.<\/p>\n<div class=\"text-section\">\n<figure id=\"attachment_29742\" aria-describedby=\"caption-attachment-29742\" style=\"width: 882px\" class=\"wp-caption alignnone\"><img loading=\"lazy\" decoding=\"async\" class=\"size-full wp-image-29742\" src=\"https:\/\/www.revuemusicale.ch\/wp-content\/uploads\/2023\/07\/Gerber-Fig3.png\" alt=\"\" width=\"882\" height=\"714\" srcset=\"https:\/\/www.revuemusicale.ch\/wp-content\/uploads\/2023\/07\/Gerber-Fig3.png 882w, https:\/\/www.revuemusicale.ch\/wp-content\/uploads\/2023\/07\/Gerber-Fig3-300x243.png 300w, https:\/\/www.revuemusicale.ch\/wp-content\/uploads\/2023\/07\/Gerber-Fig3-768x622.png 768w, https:\/\/www.revuemusicale.ch\/wp-content\/uploads\/2023\/07\/Gerber-Fig3-216x175.png 216w, https:\/\/www.revuemusicale.ch\/wp-content\/uploads\/2023\/07\/Gerber-Fig3-432x350.png 432w\" sizes=\"auto, (max-width: 882px) 100vw, 882px\" \/><figcaption id=\"caption-attachment-29742\" class=\"wp-caption-text\">Ren\u00e9 Gerber e Julien-Fran\u00e7ois Zbinden nel 1999. Foto: DR<\/figcaption><\/figure>\n<p>Nel 1996 ha ricevuto il Prix de l'Institut neuch\u00e2telois. Nel 2003 ha pubblicato il suo \"testamento artistico\" Les Exigences de l'art, culmine di 60 anni di riflessione sull'arte.<\/p>\n<h3><strong>Il suo lavoro<\/strong><\/h3>\n<p>La produzione di Ren\u00e9 Gerber si estende per 70 anni (1931-2001) e abbraccia tutti i generi: musica da camera sotto forma di quartetti e sonate per quasi tutti gli strumenti orchestrali; concerti per violino, pianoforte, clarinetto, arpa, fagotto, corno inglese e tromba; musica per grande orchestra; opere vocali, tra cui due opere. Al momento della sua morte, avvenuta il 21 novembre 2006, il catalogo delle sue opere comprendeva 233 pezzi, molti dei quali sono stati pubblicati (Pizzicato Verlag Helvetia e Lausanne-Musique Disques VDE-GALLO).<\/p>\n<p>La sua scrittura, sia tonale che modale con prestiti dalla politonalit\u00e0, \u00e8 nella tradizione francese cos\u00ec meravigliosamente rappresentata da Debussy, Dukas, Ravel e Poulenc. I temi melodici sono brevi e il discorso chiaro e privo di fronzoli, dando a ogni strumento o gruppo di strumenti un ruolo specifico, spesso come solista all'interno dell'orchestra. Questa caratteristica si spiega senza dubbio con la percezione \"monofonica\" del compositore, che poteva sentire solo da un orecchio (il lato sinistro era privo di orecchio interno).<\/p>\n<p>Ci sono due tipi di estetica nella sua musica. La prima obbedisce a un impulso interiore: i temi emergono e vengono poi sviluppati e dati in forma: si tratta di un concerto, di una sonata o di un quartetto. La seconda deriva da una fonte extra-musicale: un paesaggio, un evento o un personaggio danno forma alla composizione, conferendole un aspetto particolare e un titolo: ad esempio, l'opera<em>l Moulin de la Galette, l'Ecole de Fontainebleau, le Ore di Francia<\/em>. Perch\u00e9, come suggeriscono questi titoli, ama la Francia, la sua cultura e il suo terroir. Un pellegrinaggio in un <em>Ruelle de Saint-Sorlin<\/em> (Ain), che conosceva fin dalla giovinezza (suo zio era tipografo a Lagnieu), e il nome fu dato a un pezzo per pianoforte. \u00c8 considerato \"il pi\u00f9 francese dei compositori svizzeri\".<\/p>\n<p>Creata nel 1990 dal compositore e dalla moglie, la Fondazione Ren\u00e9 Gerber, grazie alla dedizione e alla competenza di Claude Delley, direttore artistico, e di Olivier Buttex, direttore della casa discografica VDE-GALLO, ha prodotto finora 21 CD, oltre a organizzare o sostenere numerosi concerti in Svizzera e all'estero.<\/p>\n<p>Musicista di professione, appassionato di tutte le arti, di cui possedeva una conoscenza enciclopedica, Ren\u00e9 Gerber si ciment\u00f2 nella pittura figurativa con lo pseudonimo di Martel e, appassionato prosodista, scrisse 150 sonetti con lo pseudonimo di Ren\u00e9 Bourgogne.<\/p>\n<figure id=\"attachment_29743\" aria-describedby=\"caption-attachment-29743\" style=\"width: 590px\" class=\"wp-caption alignnone\"><img loading=\"lazy\" decoding=\"async\" class=\"size-full wp-image-29743\" src=\"https:\/\/www.revuemusicale.ch\/wp-content\/uploads\/2023\/07\/Gerber-Fig4.png\" alt=\"\" width=\"590\" height=\"479\" srcset=\"https:\/\/www.revuemusicale.ch\/wp-content\/uploads\/2023\/07\/Gerber-Fig4.png 590w, https:\/\/www.revuemusicale.ch\/wp-content\/uploads\/2023\/07\/Gerber-Fig4-300x244.png 300w, https:\/\/www.revuemusicale.ch\/wp-content\/uploads\/2023\/07\/Gerber-Fig4-216x175.png 216w, https:\/\/www.revuemusicale.ch\/wp-content\/uploads\/2023\/07\/Gerber-Fig4-431x350.png 431w\" sizes=\"auto, (max-width: 590px) 100vw, 590px\" \/><figcaption id=\"caption-attachment-29743\" class=\"wp-caption-text\">Martel: natura morta. Foto : DR<\/figcaption><\/figure>\n<p>Per pi\u00f9 di 30 anni, lui, mia moglie e io abbiamo goduto di una fruttuosa amicizia, coltivata attraverso viaggi e molte serate di vivaci discussioni. L'uomo era pieno di umorismo e la sua prontezza di spirito non perdeva mai l'occasione di trasparire. Ad esempio, in occasione di un dopo-concerto delle sue opere, comment\u00f2 il ricevimento di un grande mazzo di fiori da parte della moglie: \"\u00c8 un covone senza sembrare tale! Pamphleter esperto nella pratica della quartina, si fa beffe di certi egoismi e critica la pochezza dell'arte minimalista:<\/p>\n<p><strong>Angoscia in paradiso<br \/>\n<\/strong><em>Fratelli nella religione, pregate e gemete!<br \/>\nper l'Altissimo, nonostante la sua infinita saggezza<br \/>\n\u00e8 attualmente affetto da megalomania:<br \/>\npensa di essere niente meno che Pierre Boulez!\u00a0<\/em><\/p>\n<p><strong>Avanguardia<br \/>\n<\/strong><em>Non ho mai frequentato una scuola d'arte,<br \/>\nignora El Greco, Shakespeare e Mozart...<br \/>\nma vedere il mio genio come la mia mano pone<br \/>\nun punto nero al centro di una superficie bianca!<\/em><\/p>\n<h3><strong>I requisiti dell'arte<\/strong><\/h3>\n<p>Il titolo dato da Ren\u00e9 Gerber al suo libro riassume la sua concezione dell'arte. Di seguito sono riportati alcuni dei punti chiave del libro.<\/p>\n<p>L'arte \u00e8 \"indefinibile nella sua essenza, nella sua fonte affettiva e immaginativa\". Ma \u00e8 allo stesso tempo \"definibile nella sua realizzazione\". Un'opera finita richiede quindi al suo creatore, oltre all'ispirazione, un'abilit\u00e0, una tecnica e un senso critico paragonabili a quelli richiesti dalla scienza, ed \u00e8 quindi oggettivamente analizzabile.<\/p>\n<p>L'immaginazione creativa, qualunque sia la disciplina, per quanto fertile possa essere, non permette n\u00e9 la totale libert\u00e0 n\u00e9 la gratuit\u00e0: \"L'arte non \u00e8 soggetta a nessuna regola, l'opera d'arte \u00e8 soggetta a un certo numero di regole\". Un'opera diventa un capolavoro solo se soddisfa quattro condizioni: stile, forma, individualit\u00e0 e densit\u00e0. Poich\u00e9 la forma, ad esempio, garantisce l'unit\u00e0 dell'opera, ne consegue che la musica casuale o informale non pu\u00f2 pretendere di essere un'opera d'arte.<\/p>\n<p>Nel mondo dell'arte ci sono due tipi di protagonisti: i creatori, geniali o mediocri, e i critici, che raramente creano e che demoliscono o lodano a seconda della loro competenza e sincerit\u00e0. Molto spesso, per\u00f2, una parola di un grande maestro vale pi\u00f9 della prosa dei critici per la sua rilevanza. Leonardo da Vinci disse: \"L'arte vive di costrizione e muore di libert\u00e0\" o Claude Debussy: \"Quanto un'opera deve essere un capolavoro per resistere a tante interpretazioni\".<br \/>\nViene denunciata una confusione diffusa: la pittura non figurativa, come dovrebbe essere chiamata, non pu\u00f2 essere astratta perch\u00e9 l'astrazione, facolt\u00e0 suprema dell'artista, pu\u00f2 essere esercitata solo su un soggetto figurativo.<\/p>\n<p>I numerosi movimenti \"ismi\" del XX secolo (Fauvismo, Cubismo, Futurismo, Simultanismo, Suprematismo, Dadaismo, Surrealismo, Purismo, Costruttivismo, ecc.) cercano solo di rendere l'arte dipendente da dottrine spesso riduttive, mentre associazioni come \"pittura piena di musicalit\u00e0\" o \"sinfonia colorata\" sono gratuite.<\/p>\n<p>Cosa dobbiamo pensare della \"guerra di religione\" tra i compositori di musica tonale, attaccati al principio della tonica e della dominante, e i sostenitori della musica atonale, dodecafonica, elettroacustica o concreta, alcuni dei quali arrivano a spazzare via il patrimonio tradizionale? I due mondi sono inconciliabili? Ren\u00e9 Gerber d\u00e0 una risposta originale distinguendo tra due arti sonore. La prima rappresenta semplicemente la musica, un'arte tonale e quindi naturale, \"vincolata da una disciplina, soggetta a una sintassi\" e che trova la sua forma in se stessa. La seconda \u00e8 atonale, non fa ricorso a strumenti classici e non \u00e8 vincolata da alcuna grammatica. \"Informale per sua natura, \u00e8 praticabile solo in associazione con un'altra forma d'arte che le dia forma e significato\", come il cinema. \"Il grande equivoco degli adepti della seconda arte \u00e8 che si credono i continuatori della musica, di cui si vedono garanti della progressione\".<\/p>\n<p>Attraverso un'analisi dettagliata e sistematica del fenomeno artistico, a volte severa, a volte umoristica, sempre improntata a grande rigore, l'autore dimostra che \u00e8 possibile essere al tempo stesso creatore e critico.<\/p>\n<p><em><strong>Jean-Jacques Perrenoud<br \/>\n<\/strong>... \u00e8 presidente della Fondazione Ren\u00e9 Gerber ed ex professore alla Facolt\u00e0 di Medicina di Ginevra.<\/em><\/p>\n<h3><strong>Per saperne di pi\u00f9<\/strong><\/h3>\n<p>CD, catalogo di opere, partiture e libri di Ren\u00e9 Gerber:<br \/>\nClaude Delley, direttore artistico della Fondazione, chemin du Loclat 8, 2013 Colombier: <a href=\"mailto:cl.mt.delley@gmail.com\">cl.mt.delley@gmail.com<\/a><\/p>\n<p><strong>Sito web di VDE-GALLO per la discografia:<br \/>\n<\/strong><a href=\"http:\/\/vdegallo.com\/fr\/vde_composers\/rene-gerber\/\" target=\"_blank\" rel=\"noopener\">vdegallo.com\/it\/vde_composers\/rene-gerber\/<\/a><\/p>\n<p><strong>Sito web di Julien-Fran\u00e7ois Zbinden:<br \/>\n<\/strong><a href=\"http:\/\/www.jfzbinden.ch\/\" target=\"_blank\" rel=\"noopener\">www.jfzbinden.ch\/<\/a><\/p>\n<\/div>","protected":false},"excerpt":{"rendered":"<p>Ren\u00e9 Gerber, nato 110 anni fa, era un compositore e direttore del Conservatorio di Neuch\u00e2tel, ma anche un appassionato d'arte - aveva aperto una galleria. Alla fine della sua vita ha pubblicato \"Les exigences de l'art\", un libro che riassume 60 anni di riflessioni sul tema, a volte severe, a volte umoristiche, ma sempre intrise di grande rigore.<\/p>","protected":false},"author":1,"featured_media":29740,"comment_status":"closed","ping_status":"closed","sticky":false,"template":"","format":"standard","meta":{"_acf_changed":false,"_relevanssi_hide_post":"","_relevanssi_hide_content":"","_relevanssi_pin_for_all":"","_relevanssi_pin_keywords":"","_relevanssi_unpin_keywords":"","_relevanssi_related_keywords":"","_relevanssi_related_include_ids":"","_relevanssi_related_exclude_ids":"","_relevanssi_related_no_append":"","_relevanssi_related_not_related":"","_relevanssi_related_posts":"","_relevanssi_noindex_reason":"","pgc_sgb_lightbox_settings":"","footnotes":""},"categories":[1638,1639],"tags":[1758,1759,1757],"class_list":["post-29738","post","type-post","status-publish","format-standard","has-post-thumbnail","hentry","category-dossiers","category-personnes","tag-francois-zbinden","tag-jean-jacques-perrenoud","tag-rene-gerber"],"acf":[],"yoast_head":"<!-- This site is optimized with the Yoast SEO plugin v27.3 - https:\/\/yoast.com\/product\/yoast-seo-wordpress\/ -->\n<title>Ren\u00e9 Gerber, compositeur neuch\u00e2telois - Revue Musicale Suisse<\/title>\n<meta name=\"description\" content=\"L&#039;ancien directeur du Conservatoire de Neuch\u00e2tel, a aussi \u00e9t\u00e9 amateur d\u2019art \u2013 il avait cr\u00e9\u00e9 une galerie.\" \/>\n<meta name=\"robots\" content=\"index, follow, max-snippet:-1, max-image-preview:large, max-video-preview:-1\" \/>\n<link rel=\"canonical\" href=\"https:\/\/www.revuemusicale.ch\/it\/dossiers\/2018\/12\/rene-gerber-compositeur-neuchatelois\/\" \/>\n<meta property=\"og:locale\" content=\"it_IT\" \/>\n<meta property=\"og:type\" content=\"article\" \/>\n<meta property=\"og:title\" content=\"Ren\u00e9 Gerber, compositeur neuch\u00e2telois - Revue Musicale Suisse\" \/>\n<meta property=\"og:description\" content=\"L&#039;ancien directeur du Conservatoire de Neuch\u00e2tel, a aussi \u00e9t\u00e9 amateur d\u2019art \u2013 il avait cr\u00e9\u00e9 une galerie.\" \/>\n<meta property=\"og:url\" content=\"https:\/\/www.revuemusicale.ch\/it\/dossiers\/2018\/12\/rene-gerber-compositeur-neuchatelois\/\" \/>\n<meta property=\"og:site_name\" content=\"Revue Musicale Suisse\" \/>\n<meta property=\"article:publisher\" content=\"https:\/\/www.facebook.com\/SchweizerMusikzeitung\/\" \/>\n<meta property=\"article:published_time\" content=\"2018-12-04T13:13:05+00:00\" \/>\n<meta property=\"article:modified_time\" content=\"2023-07-19T12:38:49+00:00\" \/>\n<meta property=\"og:image\" content=\"https:\/\/www.revuemusicale.ch\/wp-content\/uploads\/2023\/07\/12_res_Gerber.jpg\" \/>\n\t<meta property=\"og:image:width\" content=\"1189\" \/>\n\t<meta property=\"og:image:height\" content=\"1000\" \/>\n\t<meta property=\"og:image:type\" content=\"image\/jpeg\" \/>\n<meta name=\"author\" content=\"Musikzeitung-Redaktion\" \/>\n<meta name=\"twitter:card\" content=\"summary_large_image\" \/>\n<meta name=\"twitter:creator\" content=\"@smusikzeitung\" \/>\n<meta name=\"twitter:site\" content=\"@smusikzeitung\" \/>\n<meta name=\"twitter:label1\" content=\"Scritto da\" \/>\n\t<meta name=\"twitter:data1\" content=\"Musikzeitung-Redaktion\" \/>\n\t<meta name=\"twitter:label2\" content=\"Tempo di lettura stimato\" \/>\n\t<meta name=\"twitter:data2\" content=\"10 minuti\" \/>\n<script type=\"application\/ld+json\" class=\"yoast-schema-graph\">{\"@context\":\"https:\\\/\\\/schema.org\",\"@graph\":[{\"@type\":\"Article\",\"@id\":\"https:\\\/\\\/www.revuemusicale.ch\\\/dossiers\\\/2018\\\/12\\\/rene-gerber-compositeur-neuchatelois#article\",\"isPartOf\":{\"@id\":\"https:\\\/\\\/www.revuemusicale.ch\\\/dossiers\\\/2018\\\/12\\\/rene-gerber-compositeur-neuchatelois\"},\"author\":{\"name\":\"Musikzeitung-Redaktion\",\"@id\":\"https:\\\/\\\/www.revuemusicale.ch\\\/#\\\/schema\\\/person\\\/b2fd892c800856270b9dcc6001265712\"},\"headline\":\"Ren\u00e9 Gerber, compositeur neuch\u00e2telois\",\"datePublished\":\"2018-12-04T13:13:05+00:00\",\"dateModified\":\"2023-07-19T12:38:49+00:00\",\"mainEntityOfPage\":{\"@id\":\"https:\\\/\\\/www.revuemusicale.ch\\\/dossiers\\\/2018\\\/12\\\/rene-gerber-compositeur-neuchatelois\"},\"wordCount\":2104,\"publisher\":{\"@id\":\"https:\\\/\\\/www.revuemusicale.ch\\\/#organization\"},\"image\":{\"@id\":\"https:\\\/\\\/www.revuemusicale.ch\\\/dossiers\\\/2018\\\/12\\\/rene-gerber-compositeur-neuchatelois#primaryimage\"},\"thumbnailUrl\":\"https:\\\/\\\/www.revuemusicale.ch\\\/wp-content\\\/uploads\\\/2023\\\/07\\\/12_res_Gerber.jpg\",\"keywords\":[\"Fran\u00e7ois Zbinden\",\"Jean-Jacques Perrenoud\",\"Ren\u00e9 Gerber\"],\"articleSection\":[\"Dossiers\",\"Personnes\"],\"inLanguage\":\"it-IT\"},{\"@type\":\"WebPage\",\"@id\":\"https:\\\/\\\/www.revuemusicale.ch\\\/dossiers\\\/2018\\\/12\\\/rene-gerber-compositeur-neuchatelois\",\"url\":\"https:\\\/\\\/www.revuemusicale.ch\\\/dossiers\\\/2018\\\/12\\\/rene-gerber-compositeur-neuchatelois\",\"name\":\"Ren\u00e9 Gerber, compositeur neuch\u00e2telois - Revue Musicale Suisse\",\"isPartOf\":{\"@id\":\"https:\\\/\\\/www.revuemusicale.ch\\\/#website\"},\"primaryImageOfPage\":{\"@id\":\"https:\\\/\\\/www.revuemusicale.ch\\\/dossiers\\\/2018\\\/12\\\/rene-gerber-compositeur-neuchatelois#primaryimage\"},\"image\":{\"@id\":\"https:\\\/\\\/www.revuemusicale.ch\\\/dossiers\\\/2018\\\/12\\\/rene-gerber-compositeur-neuchatelois#primaryimage\"},\"thumbnailUrl\":\"https:\\\/\\\/www.revuemusicale.ch\\\/wp-content\\\/uploads\\\/2023\\\/07\\\/12_res_Gerber.jpg\",\"datePublished\":\"2018-12-04T13:13:05+00:00\",\"dateModified\":\"2023-07-19T12:38:49+00:00\",\"description\":\"L'ancien directeur du Conservatoire de Neuch\u00e2tel, a aussi \u00e9t\u00e9 amateur d\u2019art \u2013 il avait cr\u00e9\u00e9 une galerie.\",\"breadcrumb\":{\"@id\":\"https:\\\/\\\/www.revuemusicale.ch\\\/dossiers\\\/2018\\\/12\\\/rene-gerber-compositeur-neuchatelois#breadcrumb\"},\"inLanguage\":\"it-IT\",\"potentialAction\":[{\"@type\":\"ReadAction\",\"target\":[\"https:\\\/\\\/www.revuemusicale.ch\\\/dossiers\\\/2018\\\/12\\\/rene-gerber-compositeur-neuchatelois\"]}]},{\"@type\":\"ImageObject\",\"inLanguage\":\"it-IT\",\"@id\":\"https:\\\/\\\/www.revuemusicale.ch\\\/dossiers\\\/2018\\\/12\\\/rene-gerber-compositeur-neuchatelois#primaryimage\",\"url\":\"https:\\\/\\\/www.revuemusicale.ch\\\/wp-content\\\/uploads\\\/2023\\\/07\\\/12_res_Gerber.jpg\",\"contentUrl\":\"https:\\\/\\\/www.revuemusicale.ch\\\/wp-content\\\/uploads\\\/2023\\\/07\\\/12_res_Gerber.jpg\",\"width\":1189,\"height\":1000,\"caption\":\"Ren\u00e9 Gerber. Photo : DR\"},{\"@type\":\"BreadcrumbList\",\"@id\":\"https:\\\/\\\/www.revuemusicale.ch\\\/dossiers\\\/2018\\\/12\\\/rene-gerber-compositeur-neuchatelois#breadcrumb\",\"itemListElement\":[{\"@type\":\"ListItem\",\"position\":1,\"name\":\"Home\",\"item\":\"https:\\\/\\\/www.revuemusicale.ch\\\/\"},{\"@type\":\"ListItem\",\"position\":2,\"name\":\"Ren\u00e9 Gerber, compositeur neuch\u00e2telois\"}]},{\"@type\":\"WebSite\",\"@id\":\"https:\\\/\\\/www.revuemusicale.ch\\\/#website\",\"url\":\"https:\\\/\\\/www.revuemusicale.ch\\\/\",\"name\":\"Revue Musicale Suisse\",\"description\":\"\",\"publisher\":{\"@id\":\"https:\\\/\\\/www.revuemusicale.ch\\\/#organization\"},\"potentialAction\":[{\"@type\":\"SearchAction\",\"target\":{\"@type\":\"EntryPoint\",\"urlTemplate\":\"https:\\\/\\\/www.revuemusicale.ch\\\/?s={search_term_string}\"},\"query-input\":{\"@type\":\"PropertyValueSpecification\",\"valueRequired\":true,\"valueName\":\"search_term_string\"}}],\"inLanguage\":\"it-IT\"},{\"@type\":\"Organization\",\"@id\":\"https:\\\/\\\/www.revuemusicale.ch\\\/#organization\",\"name\":\"Revue Musicale Suisse\",\"url\":\"https:\\\/\\\/www.revuemusicale.ch\\\/\",\"logo\":{\"@type\":\"ImageObject\",\"inLanguage\":\"it-IT\",\"@id\":\"https:\\\/\\\/www.revuemusicale.ch\\\/#\\\/schema\\\/logo\\\/image\\\/\",\"url\":\"https:\\\/\\\/www.revuemusicale.ch\\\/wp-content\\\/uploads\\\/2023\\\/01\\\/logo_revuemusicale_musikzeitung.jpg\",\"contentUrl\":\"https:\\\/\\\/www.revuemusicale.ch\\\/wp-content\\\/uploads\\\/2023\\\/01\\\/logo_revuemusicale_musikzeitung.jpg\",\"width\":1200,\"height\":243,\"caption\":\"Revue Musicale Suisse\"},\"image\":{\"@id\":\"https:\\\/\\\/www.revuemusicale.ch\\\/#\\\/schema\\\/logo\\\/image\\\/\"},\"sameAs\":[\"https:\\\/\\\/www.facebook.com\\\/SchweizerMusikzeitung\\\/\",\"https:\\\/\\\/x.com\\\/smusikzeitung\",\"https:\\\/\\\/www.instagram.com\\\/musikzeitung.ch\\\/?hl=de\"]},{\"@type\":\"Person\",\"@id\":\"https:\\\/\\\/www.revuemusicale.ch\\\/#\\\/schema\\\/person\\\/b2fd892c800856270b9dcc6001265712\",\"name\":\"Musikzeitung-Redaktion\",\"image\":{\"@type\":\"ImageObject\",\"inLanguage\":\"it-IT\",\"@id\":\"https:\\\/\\\/secure.gravatar.com\\\/avatar\\\/0c7e6a405862e402eb76a70f8a26fc732d07c32931e9fae9ab1582911d2e8a3b?s=96&d=mm&r=g\",\"url\":\"https:\\\/\\\/secure.gravatar.com\\\/avatar\\\/0c7e6a405862e402eb76a70f8a26fc732d07c32931e9fae9ab1582911d2e8a3b?s=96&d=mm&r=g\",\"contentUrl\":\"https:\\\/\\\/secure.gravatar.com\\\/avatar\\\/0c7e6a405862e402eb76a70f8a26fc732d07c32931e9fae9ab1582911d2e8a3b?s=96&d=mm&r=g\",\"caption\":\"Musikzeitung-Redaktion\"},\"sameAs\":[\"http:\\\/\\\/wundo-docker.io\"],\"url\":\"https:\\\/\\\/www.revuemusicale.ch\\\/it\\\/author\\\/admin\"}]}<\/script>\n<!-- \/ Yoast SEO plugin. -->","yoast_head_json":{"title":"Ren\u00e9 Gerber, compositore di Neuch\u00e2tel - Rassegna musicale svizzera","description":"L'ex direttore del Conservatorio di Neuch\u00e2tel era anche un appassionato d'arte e ha aperto una galleria.","robots":{"index":"index","follow":"follow","max-snippet":"max-snippet:-1","max-image-preview":"max-image-preview:large","max-video-preview":"max-video-preview:-1"},"canonical":"https:\/\/www.revuemusicale.ch\/it\/dossiers\/2018\/12\/rene-gerber-compositeur-neuchatelois\/","og_locale":"it_IT","og_type":"article","og_title":"Ren\u00e9 Gerber, compositeur neuch\u00e2telois - Revue Musicale Suisse","og_description":"L'ancien directeur du Conservatoire de Neuch\u00e2tel, a aussi \u00e9t\u00e9 amateur d\u2019art \u2013 il avait cr\u00e9\u00e9 une galerie.","og_url":"https:\/\/www.revuemusicale.ch\/it\/dossiers\/2018\/12\/rene-gerber-compositeur-neuchatelois\/","og_site_name":"Revue Musicale Suisse","article_publisher":"https:\/\/www.facebook.com\/SchweizerMusikzeitung\/","article_published_time":"2018-12-04T13:13:05+00:00","article_modified_time":"2023-07-19T12:38:49+00:00","og_image":[{"width":1189,"height":1000,"url":"https:\/\/www.revuemusicale.ch\/wp-content\/uploads\/2023\/07\/12_res_Gerber.jpg","type":"image\/jpeg"}],"author":"Musikzeitung-Redaktion","twitter_card":"summary_large_image","twitter_creator":"@smusikzeitung","twitter_site":"@smusikzeitung","twitter_misc":{"Scritto da":"Musikzeitung-Redaktion","Tempo di lettura stimato":"10 minuti"},"schema":{"@context":"https:\/\/schema.org","@graph":[{"@type":"Article","@id":"https:\/\/www.revuemusicale.ch\/dossiers\/2018\/12\/rene-gerber-compositeur-neuchatelois#article","isPartOf":{"@id":"https:\/\/www.revuemusicale.ch\/dossiers\/2018\/12\/rene-gerber-compositeur-neuchatelois"},"author":{"name":"Musikzeitung-Redaktion","@id":"https:\/\/www.revuemusicale.ch\/#\/schema\/person\/b2fd892c800856270b9dcc6001265712"},"headline":"Ren\u00e9 Gerber, compositeur neuch\u00e2telois","datePublished":"2018-12-04T13:13:05+00:00","dateModified":"2023-07-19T12:38:49+00:00","mainEntityOfPage":{"@id":"https:\/\/www.revuemusicale.ch\/dossiers\/2018\/12\/rene-gerber-compositeur-neuchatelois"},"wordCount":2104,"publisher":{"@id":"https:\/\/www.revuemusicale.ch\/#organization"},"image":{"@id":"https:\/\/www.revuemusicale.ch\/dossiers\/2018\/12\/rene-gerber-compositeur-neuchatelois#primaryimage"},"thumbnailUrl":"https:\/\/www.revuemusicale.ch\/wp-content\/uploads\/2023\/07\/12_res_Gerber.jpg","keywords":["Fran\u00e7ois Zbinden","Jean-Jacques Perrenoud","Ren\u00e9 Gerber"],"articleSection":["Dossiers","Personnes"],"inLanguage":"it-IT"},{"@type":"WebPage","@id":"https:\/\/www.revuemusicale.ch\/dossiers\/2018\/12\/rene-gerber-compositeur-neuchatelois","url":"https:\/\/www.revuemusicale.ch\/dossiers\/2018\/12\/rene-gerber-compositeur-neuchatelois","name":"Ren\u00e9 Gerber, compositore di Neuch\u00e2tel - Rassegna musicale svizzera","isPartOf":{"@id":"https:\/\/www.revuemusicale.ch\/#website"},"primaryImageOfPage":{"@id":"https:\/\/www.revuemusicale.ch\/dossiers\/2018\/12\/rene-gerber-compositeur-neuchatelois#primaryimage"},"image":{"@id":"https:\/\/www.revuemusicale.ch\/dossiers\/2018\/12\/rene-gerber-compositeur-neuchatelois#primaryimage"},"thumbnailUrl":"https:\/\/www.revuemusicale.ch\/wp-content\/uploads\/2023\/07\/12_res_Gerber.jpg","datePublished":"2018-12-04T13:13:05+00:00","dateModified":"2023-07-19T12:38:49+00:00","description":"L'ex direttore del Conservatorio di Neuch\u00e2tel era anche un appassionato d'arte e ha aperto una galleria.","breadcrumb":{"@id":"https:\/\/www.revuemusicale.ch\/dossiers\/2018\/12\/rene-gerber-compositeur-neuchatelois#breadcrumb"},"inLanguage":"it-IT","potentialAction":[{"@type":"ReadAction","target":["https:\/\/www.revuemusicale.ch\/dossiers\/2018\/12\/rene-gerber-compositeur-neuchatelois"]}]},{"@type":"ImageObject","inLanguage":"it-IT","@id":"https:\/\/www.revuemusicale.ch\/dossiers\/2018\/12\/rene-gerber-compositeur-neuchatelois#primaryimage","url":"https:\/\/www.revuemusicale.ch\/wp-content\/uploads\/2023\/07\/12_res_Gerber.jpg","contentUrl":"https:\/\/www.revuemusicale.ch\/wp-content\/uploads\/2023\/07\/12_res_Gerber.jpg","width":1189,"height":1000,"caption":"Ren\u00e9 Gerber. Photo : DR"},{"@type":"BreadcrumbList","@id":"https:\/\/www.revuemusicale.ch\/dossiers\/2018\/12\/rene-gerber-compositeur-neuchatelois#breadcrumb","itemListElement":[{"@type":"ListItem","position":1,"name":"Home","item":"https:\/\/www.revuemusicale.ch\/"},{"@type":"ListItem","position":2,"name":"Ren\u00e9 Gerber, compositeur neuch\u00e2telois"}]},{"@type":"WebSite","@id":"https:\/\/www.revuemusicale.ch\/#website","url":"https:\/\/www.revuemusicale.ch\/","name":"Rassegna musicale svizzera","description":"","publisher":{"@id":"https:\/\/www.revuemusicale.ch\/#organization"},"potentialAction":[{"@type":"SearchAction","target":{"@type":"EntryPoint","urlTemplate":"https:\/\/www.revuemusicale.ch\/?s={search_term_string}"},"query-input":{"@type":"PropertyValueSpecification","valueRequired":true,"valueName":"search_term_string"}}],"inLanguage":"it-IT"},{"@type":"Organization","@id":"https:\/\/www.revuemusicale.ch\/#organization","name":"Rassegna musicale svizzera","url":"https:\/\/www.revuemusicale.ch\/","logo":{"@type":"ImageObject","inLanguage":"it-IT","@id":"https:\/\/www.revuemusicale.ch\/#\/schema\/logo\/image\/","url":"https:\/\/www.revuemusicale.ch\/wp-content\/uploads\/2023\/01\/logo_revuemusicale_musikzeitung.jpg","contentUrl":"https:\/\/www.revuemusicale.ch\/wp-content\/uploads\/2023\/01\/logo_revuemusicale_musikzeitung.jpg","width":1200,"height":243,"caption":"Revue Musicale Suisse"},"image":{"@id":"https:\/\/www.revuemusicale.ch\/#\/schema\/logo\/image\/"},"sameAs":["https:\/\/www.facebook.com\/SchweizerMusikzeitung\/","https:\/\/x.com\/smusikzeitung","https:\/\/www.instagram.com\/musikzeitung.ch\/?hl=de"]},{"@type":"Person","@id":"https:\/\/www.revuemusicale.ch\/#\/schema\/person\/b2fd892c800856270b9dcc6001265712","name":"Musikzeitung-Redaktion","image":{"@type":"ImageObject","inLanguage":"it-IT","@id":"https:\/\/secure.gravatar.com\/avatar\/0c7e6a405862e402eb76a70f8a26fc732d07c32931e9fae9ab1582911d2e8a3b?s=96&d=mm&r=g","url":"https:\/\/secure.gravatar.com\/avatar\/0c7e6a405862e402eb76a70f8a26fc732d07c32931e9fae9ab1582911d2e8a3b?s=96&d=mm&r=g","contentUrl":"https:\/\/secure.gravatar.com\/avatar\/0c7e6a405862e402eb76a70f8a26fc732d07c32931e9fae9ab1582911d2e8a3b?s=96&d=mm&r=g","caption":"Musikzeitung-Redaktion"},"sameAs":["http:\/\/wundo-docker.io"],"url":"https:\/\/www.revuemusicale.ch\/it\/author\/admin"}]}},"publishpress_future_action":{"enabled":false,"date":"1970-01-01 01:00:00","action":"change-status","newStatus":"draft","terms":[],"taxonomy":"category","extraData":[]},"publishpress_future_workflow_manual_trigger":{"enabledWorkflows":[]},"_links":{"self":[{"href":"https:\/\/www.revuemusicale.ch\/it\/wp-json\/wp\/v2\/posts\/29738","targetHints":{"allow":["GET"]}}],"collection":[{"href":"https:\/\/www.revuemusicale.ch\/it\/wp-json\/wp\/v2\/posts"}],"about":[{"href":"https:\/\/www.revuemusicale.ch\/it\/wp-json\/wp\/v2\/types\/post"}],"author":[{"embeddable":true,"href":"https:\/\/www.revuemusicale.ch\/it\/wp-json\/wp\/v2\/users\/1"}],"replies":[{"embeddable":true,"href":"https:\/\/www.revuemusicale.ch\/it\/wp-json\/wp\/v2\/comments?post=29738"}],"version-history":[{"count":3,"href":"https:\/\/www.revuemusicale.ch\/it\/wp-json\/wp\/v2\/posts\/29738\/revisions"}],"predecessor-version":[{"id":29746,"href":"https:\/\/www.revuemusicale.ch\/it\/wp-json\/wp\/v2\/posts\/29738\/revisions\/29746"}],"wp:featuredmedia":[{"embeddable":true,"href":"https:\/\/www.revuemusicale.ch\/it\/wp-json\/wp\/v2\/media\/29740"}],"wp:attachment":[{"href":"https:\/\/www.revuemusicale.ch\/it\/wp-json\/wp\/v2\/media?parent=29738"}],"wp:term":[{"taxonomy":"category","embeddable":true,"href":"https:\/\/www.revuemusicale.ch\/it\/wp-json\/wp\/v2\/categories?post=29738"},{"taxonomy":"post_tag","embeddable":true,"href":"https:\/\/www.revuemusicale.ch\/it\/wp-json\/wp\/v2\/tags?post=29738"}],"curies":[{"name":"wp","href":"https:\/\/api.w.org\/{rel}","templated":true}]}}