{"id":29764,"date":"2023-09-05T11:26:57","date_gmt":"2023-09-05T09:26:57","guid":{"rendered":"https:\/\/www.revuemusicale.ch\/?p=29764"},"modified":"2023-09-05T11:26:57","modified_gmt":"2023-09-05T09:26:57","slug":"services-assurance-maladie-et-assurances-privees","status":"publish","type":"post","link":"https:\/\/www.revuemusicale.ch\/it\/basis\/asem\/2023\/09\/services-assurance-maladie-et-assurances-privees","title":{"rendered":"SERVIZI: assicurazione sanitaria e privata"},"content":{"rendered":"<p class=\"p1\"><span class=\"s1\"><b>Sanitas: <\/b><\/span><b>Lavorare insieme per la vostra salute<\/b><\/p>\n<p class=\"p1\">Volete un'assicurazione sanitaria su cui poter contare e un piano che risponda alle vostre esigenze? <b>Sanitas<\/b> \u00e8 l'assicurazione di cui avete bisogno. Grazie al nostro contratto quadro, beneficiate di eccellenti condizioni preferenziali. I vostri vantaggi con Sanitas:<\/p>\n<ul class=\"ul1\">\n<li class=\"li1\">Condizioni preferenziali per tutti i nostri pacchetti assicurativi grazie al contratto quadro Sanitas<\/li>\n<li class=\"li1\">Sanitas Assistance: consulenza e assistenza per le emergenze all'estero<\/li>\n<li class=\"li1\">Rimborso in soli sette giorni<\/li>\n<li class=\"li1\">Grazie al portale clienti, potete gestire le vostre polizze assicurative in tempi record e pagare facilmente le vostre fatture utilizzando TWINT, Apple Pay o la vostra carta di credito.<\/li>\n<\/ul>\n<p class=\"p1\"><b>Abbiamo suscitato il vostro interesse?<\/b> Saremo lieti di consigliarvi di persona o al telefono. Basta fissare un appuntamento:<\/p>\n<p><img loading=\"lazy\" decoding=\"async\" class=\"alignnone size-full wp-image-29765\" src=\"https:\/\/www.revuemusicale.ch\/wp-content\/uploads\/2023\/09\/QRCode-Sanitas_FR.png\" alt=\"\" width=\"256\" height=\"256\" srcset=\"https:\/\/www.revuemusicale.ch\/wp-content\/uploads\/2023\/09\/QRCode-Sanitas_FR.png 256w, https:\/\/www.revuemusicale.ch\/wp-content\/uploads\/2023\/09\/QRCode-Sanitas_FR-175x175.png 175w, https:\/\/www.revuemusicale.ch\/wp-content\/uploads\/2023\/09\/QRCode-Sanitas_FR-250x250.png 250w, https:\/\/www.revuemusicale.ch\/wp-content\/uploads\/2023\/09\/QRCode-Sanitas_FR-150x150.png 150w, https:\/\/www.revuemusicale.ch\/wp-content\/uploads\/2023\/09\/QRCode-Sanitas_FR-100x100.png 100w, https:\/\/www.revuemusicale.ch\/wp-content\/uploads\/2023\/09\/QRCode-Sanitas_FR-24x24.png 24w, https:\/\/www.revuemusicale.ch\/wp-content\/uploads\/2023\/09\/QRCode-Sanitas_FR-48x48.png 48w, https:\/\/www.revuemusicale.ch\/wp-content\/uploads\/2023\/09\/QRCode-Sanitas_FR-96x96.png 96w\" sizes=\"auto, (max-width: 256px) 100vw, 256px\" \/><\/p>\n<p>&nbsp;<\/p>\n<p><strong>AXA: assicurazione privata<\/strong><\/p>\n<p class=\"p1\">I membri del<span class=\"s1\">'<\/span>Gli ASEM beneficiano di sconti fino a 10% sulle assicurazioni per veicoli, casa, viaggi e immobili. Per saperne di pi\u00f9, leggete il nostro <a href=\"https:\/\/www.verband-musikschulen.ch\/fr\/service\/versicherungen\">istruzioni per il download.<\/a><\/p>","protected":false},"excerpt":{"rendered":"<p>Sanitas: Ensemble, pour votre sant\u00e9 Vous souhaitez avoir une assurance maladie sur laquelle vous pouvez compter, et une formule qui corresponde \u00e0 vos besoins? Sanitas est l\u2019assurance qu\u2019il vous faut. Gr\u00e2ce \u00e0 notre contrat-cadre, vous b\u00e9n\u00e9ficiez d\u2019excellentes conditions pr\u00e9f\u00e9rentielles. Vos avantages chez Sanitas: Des conditions pr\u00e9f\u00e9rentielles pour toutes nos formules d\u2019assurance gr\u00e2ce au contrat-cadre de [&hellip;]<\/p>\n","protected":false},"author":21891,"featured_media":0,"comment_status":"closed","ping_status":"closed","sticky":false,"template":"","format":"standard","meta":{"_acf_changed":false,"_relevanssi_hide_post":"","_relevanssi_hide_content":"","_relevanssi_pin_for_all":"","_relevanssi_pin_keywords":"","_relevanssi_unpin_keywords":"","_relevanssi_related_keywords":"","_relevanssi_related_include_ids":"","_relevanssi_related_exclude_ids":"","_relevanssi_related_no_append":"","_relevanssi_related_not_related":"","_relevanssi_related_posts":"","_relevanssi_noindex_reason":"","pgc_sgb_lightbox_settings":"","footnotes":""},"categories":[56],"tags":[],"class_list":["post-29764","post","type-post","status-publish","format-standard","hentry","category-asem"],"acf":[],"yoast_head":"<!-- This site is optimized with the Yoast SEO plugin v27.3 - https:\/\/yoast.com\/product\/yoast-seo-wordpress\/ -->\n<title>SERVICES: assurance maladie et assurances priv\u00e9es - Revue Musicale Suisse<\/title>\n<meta name=\"robots\" content=\"index, follow, max-snippet:-1, max-image-preview:large, max-video-preview:-1\" \/>\n<link rel=\"canonical\" href=\"https:\/\/www.revuemusicale.ch\/it\/basis\/asem\/2023\/09\/services-assurance-maladie-et-assurances-privees\/\" \/>\n<meta property=\"og:locale\" content=\"it_IT\" \/>\n<meta property=\"og:type\" content=\"article\" \/>\n<meta property=\"og:title\" content=\"SERVICES: assurance maladie et assurances priv\u00e9es - Revue Musicale Suisse\" \/>\n<meta property=\"og:description\" content=\"Sanitas: Ensemble, pour votre sant\u00e9 Vous souhaitez avoir une assurance maladie sur laquelle vous pouvez compter, et une formule qui corresponde \u00e0 vos besoins? Sanitas est l\u2019assurance qu\u2019il vous faut. Gr\u00e2ce \u00e0 notre contrat-cadre, vous b\u00e9n\u00e9ficiez d\u2019excellentes conditions pr\u00e9f\u00e9rentielles. Vos avantages chez Sanitas: Des conditions pr\u00e9f\u00e9rentielles pour toutes nos formules d\u2019assurance gr\u00e2ce au contrat-cadre de [&hellip;]\" \/>\n<meta property=\"og:url\" content=\"https:\/\/www.revuemusicale.ch\/it\/basis\/asem\/2023\/09\/services-assurance-maladie-et-assurances-privees\/\" \/>\n<meta property=\"og:site_name\" content=\"Revue Musicale Suisse\" \/>\n<meta property=\"article:publisher\" content=\"https:\/\/www.facebook.com\/SchweizerMusikzeitung\/\" \/>\n<meta property=\"article:published_time\" content=\"2023-09-05T09:26:57+00:00\" \/>\n<meta property=\"og:image\" content=\"https:\/\/www.revuemusicale.ch\/wp-content\/uploads\/2023\/09\/QRCode-Sanitas_FR.png\" \/>\n<meta name=\"author\" content=\"Anicia Kohler\" \/>\n<meta name=\"twitter:card\" content=\"summary_large_image\" \/>\n<meta name=\"twitter:creator\" content=\"@smusikzeitung\" \/>\n<meta name=\"twitter:site\" content=\"@smusikzeitung\" \/>\n<meta name=\"twitter:label1\" content=\"Scritto da\" \/>\n\t<meta name=\"twitter:data1\" content=\"Anicia Kohler\" \/>\n\t<meta name=\"twitter:label2\" content=\"Tempo di lettura stimato\" \/>\n\t<meta name=\"twitter:data2\" content=\"1 minuto\" \/>\n<script type=\"application\/ld+json\" class=\"yoast-schema-graph\">{\"@context\":\"https:\\\/\\\/schema.org\",\"@graph\":[{\"@type\":\"Article\",\"@id\":\"https:\\\/\\\/www.revuemusicale.ch\\\/basis\\\/asem\\\/2023\\\/09\\\/services-assurance-maladie-et-assurances-privees#article\",\"isPartOf\":{\"@id\":\"https:\\\/\\\/www.revuemusicale.ch\\\/basis\\\/asem\\\/2023\\\/09\\\/services-assurance-maladie-et-assurances-privees\"},\"author\":{\"name\":\"Anicia Kohler\",\"@id\":\"https:\\\/\\\/www.revuemusicale.ch\\\/#\\\/schema\\\/person\\\/e4ba37136bd24461e8c7874590a4762f\"},\"headline\":\"SERVICES: assurance maladie et assurances priv\u00e9es\",\"datePublished\":\"2023-09-05T09:26:57+00:00\",\"mainEntityOfPage\":{\"@id\":\"https:\\\/\\\/www.revuemusicale.ch\\\/basis\\\/asem\\\/2023\\\/09\\\/services-assurance-maladie-et-assurances-privees\"},\"wordCount\":194,\"publisher\":{\"@id\":\"https:\\\/\\\/www.revuemusicale.ch\\\/#organization\"},\"image\":{\"@id\":\"https:\\\/\\\/www.revuemusicale.ch\\\/basis\\\/asem\\\/2023\\\/09\\\/services-assurance-maladie-et-assurances-privees#primaryimage\"},\"thumbnailUrl\":\"https:\\\/\\\/www.revuemusicale.ch\\\/wp-content\\\/uploads\\\/2023\\\/09\\\/QRCode-Sanitas_FR.png\",\"articleSection\":[\"ASEM\"],\"inLanguage\":\"it-IT\"},{\"@type\":\"WebPage\",\"@id\":\"https:\\\/\\\/www.revuemusicale.ch\\\/basis\\\/asem\\\/2023\\\/09\\\/services-assurance-maladie-et-assurances-privees\",\"url\":\"https:\\\/\\\/www.revuemusicale.ch\\\/basis\\\/asem\\\/2023\\\/09\\\/services-assurance-maladie-et-assurances-privees\",\"name\":\"SERVICES: assurance maladie et assurances priv\u00e9es - Revue Musicale Suisse\",\"isPartOf\":{\"@id\":\"https:\\\/\\\/www.revuemusicale.ch\\\/#website\"},\"primaryImageOfPage\":{\"@id\":\"https:\\\/\\\/www.revuemusicale.ch\\\/basis\\\/asem\\\/2023\\\/09\\\/services-assurance-maladie-et-assurances-privees#primaryimage\"},\"image\":{\"@id\":\"https:\\\/\\\/www.revuemusicale.ch\\\/basis\\\/asem\\\/2023\\\/09\\\/services-assurance-maladie-et-assurances-privees#primaryimage\"},\"thumbnailUrl\":\"https:\\\/\\\/www.revuemusicale.ch\\\/wp-content\\\/uploads\\\/2023\\\/09\\\/QRCode-Sanitas_FR.png\",\"datePublished\":\"2023-09-05T09:26:57+00:00\",\"breadcrumb\":{\"@id\":\"https:\\\/\\\/www.revuemusicale.ch\\\/basis\\\/asem\\\/2023\\\/09\\\/services-assurance-maladie-et-assurances-privees#breadcrumb\"},\"inLanguage\":\"it-IT\",\"potentialAction\":[{\"@type\":\"ReadAction\",\"target\":[\"https:\\\/\\\/www.revuemusicale.ch\\\/basis\\\/asem\\\/2023\\\/09\\\/services-assurance-maladie-et-assurances-privees\"]}]},{\"@type\":\"ImageObject\",\"inLanguage\":\"it-IT\",\"@id\":\"https:\\\/\\\/www.revuemusicale.ch\\\/basis\\\/asem\\\/2023\\\/09\\\/services-assurance-maladie-et-assurances-privees#primaryimage\",\"url\":\"https:\\\/\\\/www.revuemusicale.ch\\\/wp-content\\\/uploads\\\/2023\\\/09\\\/QRCode-Sanitas_FR.png\",\"contentUrl\":\"https:\\\/\\\/www.revuemusicale.ch\\\/wp-content\\\/uploads\\\/2023\\\/09\\\/QRCode-Sanitas_FR.png\"},{\"@type\":\"BreadcrumbList\",\"@id\":\"https:\\\/\\\/www.revuemusicale.ch\\\/basis\\\/asem\\\/2023\\\/09\\\/services-assurance-maladie-et-assurances-privees#breadcrumb\",\"itemListElement\":[{\"@type\":\"ListItem\",\"position\":1,\"name\":\"Home\",\"item\":\"https:\\\/\\\/www.revuemusicale.ch\\\/\"},{\"@type\":\"ListItem\",\"position\":2,\"name\":\"SERVICES: assurance maladie et assurances priv\u00e9es\"}]},{\"@type\":\"WebSite\",\"@id\":\"https:\\\/\\\/www.revuemusicale.ch\\\/#website\",\"url\":\"https:\\\/\\\/www.revuemusicale.ch\\\/\",\"name\":\"Revue Musicale Suisse\",\"description\":\"\",\"publisher\":{\"@id\":\"https:\\\/\\\/www.revuemusicale.ch\\\/#organization\"},\"potentialAction\":[{\"@type\":\"SearchAction\",\"target\":{\"@type\":\"EntryPoint\",\"urlTemplate\":\"https:\\\/\\\/www.revuemusicale.ch\\\/?s={search_term_string}\"},\"query-input\":{\"@type\":\"PropertyValueSpecification\",\"valueRequired\":true,\"valueName\":\"search_term_string\"}}],\"inLanguage\":\"it-IT\"},{\"@type\":\"Organization\",\"@id\":\"https:\\\/\\\/www.revuemusicale.ch\\\/#organization\",\"name\":\"Revue Musicale Suisse\",\"url\":\"https:\\\/\\\/www.revuemusicale.ch\\\/\",\"logo\":{\"@type\":\"ImageObject\",\"inLanguage\":\"it-IT\",\"@id\":\"https:\\\/\\\/www.revuemusicale.ch\\\/#\\\/schema\\\/logo\\\/image\\\/\",\"url\":\"https:\\\/\\\/www.revuemusicale.ch\\\/wp-content\\\/uploads\\\/2023\\\/01\\\/logo_revuemusicale_musikzeitung.jpg\",\"contentUrl\":\"https:\\\/\\\/www.revuemusicale.ch\\\/wp-content\\\/uploads\\\/2023\\\/01\\\/logo_revuemusicale_musikzeitung.jpg\",\"width\":1200,\"height\":243,\"caption\":\"Revue Musicale Suisse\"},\"image\":{\"@id\":\"https:\\\/\\\/www.revuemusicale.ch\\\/#\\\/schema\\\/logo\\\/image\\\/\"},\"sameAs\":[\"https:\\\/\\\/www.facebook.com\\\/SchweizerMusikzeitung\\\/\",\"https:\\\/\\\/x.com\\\/smusikzeitung\",\"https:\\\/\\\/www.instagram.com\\\/musikzeitung.ch\\\/?hl=de\"]},{\"@type\":\"Person\",\"@id\":\"https:\\\/\\\/www.revuemusicale.ch\\\/#\\\/schema\\\/person\\\/e4ba37136bd24461e8c7874590a4762f\",\"name\":\"Anicia Kohler\",\"image\":{\"@type\":\"ImageObject\",\"inLanguage\":\"it-IT\",\"@id\":\"https:\\\/\\\/secure.gravatar.com\\\/avatar\\\/6ea00b417b00b657b92c811768262d33fd76a3d20dcab3e19ff7f2a1eedf1412?s=96&d=mm&r=g\",\"url\":\"https:\\\/\\\/secure.gravatar.com\\\/avatar\\\/6ea00b417b00b657b92c811768262d33fd76a3d20dcab3e19ff7f2a1eedf1412?s=96&d=mm&r=g\",\"contentUrl\":\"https:\\\/\\\/secure.gravatar.com\\\/avatar\\\/6ea00b417b00b657b92c811768262d33fd76a3d20dcab3e19ff7f2a1eedf1412?s=96&d=mm&r=g\",\"caption\":\"Anicia Kohler\"},\"url\":\"https:\\\/\\\/www.revuemusicale.ch\\\/it\\\/author\\\/anicia-kohler\"}]}<\/script>\n<!-- \/ Yoast SEO plugin. -->","yoast_head_json":{"title":"SERVICES: assurance maladie et assurances priv\u00e9es - Revue Musicale Suisse","robots":{"index":"index","follow":"follow","max-snippet":"max-snippet:-1","max-image-preview":"max-image-preview:large","max-video-preview":"max-video-preview:-1"},"canonical":"https:\/\/www.revuemusicale.ch\/it\/basis\/asem\/2023\/09\/services-assurance-maladie-et-assurances-privees\/","og_locale":"it_IT","og_type":"article","og_title":"SERVICES: assurance maladie et assurances priv\u00e9es - Revue Musicale Suisse","og_description":"Sanitas: Ensemble, pour votre sant\u00e9 Vous souhaitez avoir une assurance maladie sur laquelle vous pouvez compter, et une formule qui corresponde \u00e0 vos besoins? Sanitas est l\u2019assurance qu\u2019il vous faut. Gr\u00e2ce \u00e0 notre contrat-cadre, vous b\u00e9n\u00e9ficiez d\u2019excellentes conditions pr\u00e9f\u00e9rentielles. Vos avantages chez Sanitas: Des conditions pr\u00e9f\u00e9rentielles pour toutes nos formules d\u2019assurance gr\u00e2ce au contrat-cadre de [&hellip;]","og_url":"https:\/\/www.revuemusicale.ch\/it\/basis\/asem\/2023\/09\/services-assurance-maladie-et-assurances-privees\/","og_site_name":"Revue Musicale Suisse","article_publisher":"https:\/\/www.facebook.com\/SchweizerMusikzeitung\/","article_published_time":"2023-09-05T09:26:57+00:00","og_image":[{"url":"https:\/\/www.revuemusicale.ch\/wp-content\/uploads\/2023\/09\/QRCode-Sanitas_FR.png","type":"","width":"","height":""}],"author":"Anicia Kohler","twitter_card":"summary_large_image","twitter_creator":"@smusikzeitung","twitter_site":"@smusikzeitung","twitter_misc":{"Scritto da":"Anicia Kohler","Tempo di lettura stimato":"1 minuto"},"schema":{"@context":"https:\/\/schema.org","@graph":[{"@type":"Article","@id":"https:\/\/www.revuemusicale.ch\/basis\/asem\/2023\/09\/services-assurance-maladie-et-assurances-privees#article","isPartOf":{"@id":"https:\/\/www.revuemusicale.ch\/basis\/asem\/2023\/09\/services-assurance-maladie-et-assurances-privees"},"author":{"name":"Anicia Kohler","@id":"https:\/\/www.revuemusicale.ch\/#\/schema\/person\/e4ba37136bd24461e8c7874590a4762f"},"headline":"SERVICES: assurance maladie et assurances priv\u00e9es","datePublished":"2023-09-05T09:26:57+00:00","mainEntityOfPage":{"@id":"https:\/\/www.revuemusicale.ch\/basis\/asem\/2023\/09\/services-assurance-maladie-et-assurances-privees"},"wordCount":194,"publisher":{"@id":"https:\/\/www.revuemusicale.ch\/#organization"},"image":{"@id":"https:\/\/www.revuemusicale.ch\/basis\/asem\/2023\/09\/services-assurance-maladie-et-assurances-privees#primaryimage"},"thumbnailUrl":"https:\/\/www.revuemusicale.ch\/wp-content\/uploads\/2023\/09\/QRCode-Sanitas_FR.png","articleSection":["ASEM"],"inLanguage":"it-IT"},{"@type":"WebPage","@id":"https:\/\/www.revuemusicale.ch\/basis\/asem\/2023\/09\/services-assurance-maladie-et-assurances-privees","url":"https:\/\/www.revuemusicale.ch\/basis\/asem\/2023\/09\/services-assurance-maladie-et-assurances-privees","name":"SERVICES: assurance maladie et assurances priv\u00e9es - Revue Musicale Suisse","isPartOf":{"@id":"https:\/\/www.revuemusicale.ch\/#website"},"primaryImageOfPage":{"@id":"https:\/\/www.revuemusicale.ch\/basis\/asem\/2023\/09\/services-assurance-maladie-et-assurances-privees#primaryimage"},"image":{"@id":"https:\/\/www.revuemusicale.ch\/basis\/asem\/2023\/09\/services-assurance-maladie-et-assurances-privees#primaryimage"},"thumbnailUrl":"https:\/\/www.revuemusicale.ch\/wp-content\/uploads\/2023\/09\/QRCode-Sanitas_FR.png","datePublished":"2023-09-05T09:26:57+00:00","breadcrumb":{"@id":"https:\/\/www.revuemusicale.ch\/basis\/asem\/2023\/09\/services-assurance-maladie-et-assurances-privees#breadcrumb"},"inLanguage":"it-IT","potentialAction":[{"@type":"ReadAction","target":["https:\/\/www.revuemusicale.ch\/basis\/asem\/2023\/09\/services-assurance-maladie-et-assurances-privees"]}]},{"@type":"ImageObject","inLanguage":"it-IT","@id":"https:\/\/www.revuemusicale.ch\/basis\/asem\/2023\/09\/services-assurance-maladie-et-assurances-privees#primaryimage","url":"https:\/\/www.revuemusicale.ch\/wp-content\/uploads\/2023\/09\/QRCode-Sanitas_FR.png","contentUrl":"https:\/\/www.revuemusicale.ch\/wp-content\/uploads\/2023\/09\/QRCode-Sanitas_FR.png"},{"@type":"BreadcrumbList","@id":"https:\/\/www.revuemusicale.ch\/basis\/asem\/2023\/09\/services-assurance-maladie-et-assurances-privees#breadcrumb","itemListElement":[{"@type":"ListItem","position":1,"name":"Home","item":"https:\/\/www.revuemusicale.ch\/"},{"@type":"ListItem","position":2,"name":"SERVICES: assurance maladie et assurances priv\u00e9es"}]},{"@type":"WebSite","@id":"https:\/\/www.revuemusicale.ch\/#website","url":"https:\/\/www.revuemusicale.ch\/","name":"Rassegna musicale svizzera","description":"","publisher":{"@id":"https:\/\/www.revuemusicale.ch\/#organization"},"potentialAction":[{"@type":"SearchAction","target":{"@type":"EntryPoint","urlTemplate":"https:\/\/www.revuemusicale.ch\/?s={search_term_string}"},"query-input":{"@type":"PropertyValueSpecification","valueRequired":true,"valueName":"search_term_string"}}],"inLanguage":"it-IT"},{"@type":"Organization","@id":"https:\/\/www.revuemusicale.ch\/#organization","name":"Rassegna musicale svizzera","url":"https:\/\/www.revuemusicale.ch\/","logo":{"@type":"ImageObject","inLanguage":"it-IT","@id":"https:\/\/www.revuemusicale.ch\/#\/schema\/logo\/image\/","url":"https:\/\/www.revuemusicale.ch\/wp-content\/uploads\/2023\/01\/logo_revuemusicale_musikzeitung.jpg","contentUrl":"https:\/\/www.revuemusicale.ch\/wp-content\/uploads\/2023\/01\/logo_revuemusicale_musikzeitung.jpg","width":1200,"height":243,"caption":"Revue Musicale Suisse"},"image":{"@id":"https:\/\/www.revuemusicale.ch\/#\/schema\/logo\/image\/"},"sameAs":["https:\/\/www.facebook.com\/SchweizerMusikzeitung\/","https:\/\/x.com\/smusikzeitung","https:\/\/www.instagram.com\/musikzeitung.ch\/?hl=de"]},{"@type":"Person","@id":"https:\/\/www.revuemusicale.ch\/#\/schema\/person\/e4ba37136bd24461e8c7874590a4762f","name":"Anicia Kohler","image":{"@type":"ImageObject","inLanguage":"it-IT","@id":"https:\/\/secure.gravatar.com\/avatar\/6ea00b417b00b657b92c811768262d33fd76a3d20dcab3e19ff7f2a1eedf1412?s=96&d=mm&r=g","url":"https:\/\/secure.gravatar.com\/avatar\/6ea00b417b00b657b92c811768262d33fd76a3d20dcab3e19ff7f2a1eedf1412?s=96&d=mm&r=g","contentUrl":"https:\/\/secure.gravatar.com\/avatar\/6ea00b417b00b657b92c811768262d33fd76a3d20dcab3e19ff7f2a1eedf1412?s=96&d=mm&r=g","caption":"Anicia Kohler"},"url":"https:\/\/www.revuemusicale.ch\/it\/author\/anicia-kohler"}]}},"publishpress_future_action":{"enabled":false,"date":"1970-01-01 01:00:00","action":"change-status","newStatus":"draft","terms":[],"taxonomy":"category","extraData":[]},"publishpress_future_workflow_manual_trigger":{"enabledWorkflows":[]},"_links":{"self":[{"href":"https:\/\/www.revuemusicale.ch\/it\/wp-json\/wp\/v2\/posts\/29764","targetHints":{"allow":["GET"]}}],"collection":[{"href":"https:\/\/www.revuemusicale.ch\/it\/wp-json\/wp\/v2\/posts"}],"about":[{"href":"https:\/\/www.revuemusicale.ch\/it\/wp-json\/wp\/v2\/types\/post"}],"author":[{"embeddable":true,"href":"https:\/\/www.revuemusicale.ch\/it\/wp-json\/wp\/v2\/users\/21891"}],"replies":[{"embeddable":true,"href":"https:\/\/www.revuemusicale.ch\/it\/wp-json\/wp\/v2\/comments?post=29764"}],"version-history":[{"count":1,"href":"https:\/\/www.revuemusicale.ch\/it\/wp-json\/wp\/v2\/posts\/29764\/revisions"}],"predecessor-version":[{"id":29766,"href":"https:\/\/www.revuemusicale.ch\/it\/wp-json\/wp\/v2\/posts\/29764\/revisions\/29766"}],"wp:attachment":[{"href":"https:\/\/www.revuemusicale.ch\/it\/wp-json\/wp\/v2\/media?parent=29764"}],"wp:term":[{"taxonomy":"category","embeddable":true,"href":"https:\/\/www.revuemusicale.ch\/it\/wp-json\/wp\/v2\/categories?post=29764"},{"taxonomy":"post_tag","embeddable":true,"href":"https:\/\/www.revuemusicale.ch\/it\/wp-json\/wp\/v2\/tags?post=29764"}],"curies":[{"name":"wp","href":"https:\/\/api.w.org\/{rel}","templated":true}]}}