{"id":29793,"date":"2023-09-07T02:51:08","date_gmt":"2023-09-07T00:51:08","guid":{"rendered":"https:\/\/www.revuemusicale.ch\/?p=29793"},"modified":"2023-09-07T02:54:01","modified_gmt":"2023-09-07T00:54:01","slug":"travail-et-sante","status":"publish","type":"post","link":"https:\/\/www.revuemusicale.ch\/it\/basis\/usdam\/2023\/09\/travail-et-sante","title":{"rendered":"Lavoro e salute"},"content":{"rendered":"<p>Nel 2000, la Segreteria di Stato per l'economia ha pubblicato uno studio sullo stress, da cui \u00e8 emerso che poco pi\u00f9 di un quarto dei lavoratori svizzeri si sente stressato spesso o molto spesso. Da allora, la situazione non \u00e8 migliorata di molto, con il recente <em>Indagine europea sulle condizioni di lavoro<\/em> comunica alcuni dati preoccupanti: in Svizzera, la percentuale di lavoratori che dichiarano scadenze molto strette e molto brevi da un lato, e ritmi di lavoro elevati spesso o sempre dall'altro, \u00e8 rispettivamente del 51,6 e del 58,5 %. Per quanto riguarda la salute, i dolori muscolari agli arti superiori e al collo sono avvertiti da ben 54,9% dei dipendenti, 47,5% dei quali lamentano mal di testa e affaticamento degli occhi e 45,8% mal di schiena. Inoltre, 20,61 % si trovano spesso o sempre esausti fisicamente alla fine della giornata lavorativa, 4 % spesso o sempre emotivamente esausti e 9,2 % combinano le due forme di esaurimento. Inoltre, 23,2 % affermano che il loro lavoro minaccia la loro sicurezza o il loro stato di salute. Nel campo della salute, questi risultati sono generalmente appena inferiori alla media europea, ma fattori come l'accesso alle cure, anche nel settore paramedico, e la stabilit\u00e0 economica o occupazionale hanno probabilmente un'influenza positiva sui risultati svizzeri. Il fatto che un Paese ricco come la Svizzera non ottenga risultati migliori in materia di salute dei lavoratori \u00e8 piuttosto deludente e rende ancora pi\u00f9 importante evitare che le condizioni di lavoro e quelle strutturali peggiorino ulteriormente. Le elezioni federali del prossimo autunno saranno particolarmente decisive, soprattutto per il Consiglio degli Stati. Non solo alcune forze politiche sono molto restie a migliorare l'attuale legislazione sul lavoro, ma i loro rappresentanti vogliono procedere a un suo graduale smantellamento, nonostante la flessibilit\u00e0 della legge attuale, nonostante il fatto che una chiara demarcazione tra tempo dedicato al lavoro e tempo dedicato al riposo sia essenziale per il benessere fisico e psicologico dei dipendenti.<\/p>","protected":false},"excerpt":{"rendered":"<p>Troppi dipendenti soffrono di stress e di danni alla salute.<\/p>","protected":false},"author":21897,"featured_media":29796,"comment_status":"closed","ping_status":"closed","sticky":false,"template":"","format":"standard","meta":{"_acf_changed":false,"_relevanssi_hide_post":"","_relevanssi_hide_content":"","_relevanssi_pin_for_all":"","_relevanssi_pin_keywords":"","_relevanssi_unpin_keywords":"","_relevanssi_related_keywords":"","_relevanssi_related_include_ids":"","_relevanssi_related_exclude_ids":"","_relevanssi_related_no_append":"","_relevanssi_related_not_related":"","_relevanssi_related_posts":"","_relevanssi_noindex_reason":"","pgc_sgb_lightbox_settings":"","footnotes":""},"categories":[53],"tags":[1667,1666,1793],"class_list":["post-29793","post","type-post","status-publish","format-standard","has-post-thumbnail","hentry","category-usdam","tag-conditions-de-travail","tag-droit-du-travail","tag-sante"],"acf":[],"yoast_head":"<!-- This site is optimized with the Yoast SEO plugin v27.3 - https:\/\/yoast.com\/product\/yoast-seo-wordpress\/ -->\n<title>Travail et sant\u00e9 - Revue Musicale Suisse<\/title>\n<meta name=\"robots\" content=\"index, follow, max-snippet:-1, max-image-preview:large, max-video-preview:-1\" \/>\n<link rel=\"canonical\" href=\"https:\/\/www.revuemusicale.ch\/it\/basis\/usdam\/2023\/09\/travail-et-sante\/\" \/>\n<meta property=\"og:locale\" content=\"it_IT\" \/>\n<meta property=\"og:type\" content=\"article\" \/>\n<meta property=\"og:title\" content=\"Travail et sant\u00e9 - Revue Musicale Suisse\" \/>\n<meta property=\"og:description\" content=\"Un nombre trop important d\u2019employ\u00e9s subissent stress et atteintes \u00e0 la sant\u00e9.\" \/>\n<meta property=\"og:url\" content=\"https:\/\/www.revuemusicale.ch\/it\/basis\/usdam\/2023\/09\/travail-et-sante\/\" \/>\n<meta property=\"og:site_name\" content=\"Revue Musicale Suisse\" \/>\n<meta property=\"article:publisher\" content=\"https:\/\/www.facebook.com\/SchweizerMusikzeitung\/\" \/>\n<meta property=\"article:published_time\" content=\"2023-09-07T00:51:08+00:00\" \/>\n<meta property=\"article:modified_time\" content=\"2023-09-07T00:54:01+00:00\" \/>\n<meta property=\"og:image\" content=\"https:\/\/www.revuemusicale.ch\/wp-content\/uploads\/2023\/09\/Conditions-de-travail-et-sante-en-Suisse-et-en-Europe.jpg\" \/>\n\t<meta property=\"og:image:width\" content=\"679\" \/>\n\t<meta property=\"og:image:height\" content=\"558\" \/>\n\t<meta property=\"og:image:type\" content=\"image\/jpeg\" \/>\n<meta name=\"author\" content=\"Laurent Mettraux\" \/>\n<meta name=\"twitter:card\" content=\"summary_large_image\" \/>\n<meta name=\"twitter:creator\" content=\"@smusikzeitung\" \/>\n<meta name=\"twitter:site\" content=\"@smusikzeitung\" \/>\n<meta name=\"twitter:label1\" content=\"Scritto da\" \/>\n\t<meta name=\"twitter:data1\" content=\"Laurent Mettraux\" \/>\n\t<meta name=\"twitter:label2\" content=\"Tempo di lettura stimato\" \/>\n\t<meta name=\"twitter:data2\" content=\"2 minuti\" \/>\n<script type=\"application\/ld+json\" class=\"yoast-schema-graph\">{\"@context\":\"https:\\\/\\\/schema.org\",\"@graph\":[{\"@type\":\"Article\",\"@id\":\"https:\\\/\\\/www.revuemusicale.ch\\\/basis\\\/usdam\\\/2023\\\/09\\\/travail-et-sante#article\",\"isPartOf\":{\"@id\":\"https:\\\/\\\/www.revuemusicale.ch\\\/basis\\\/usdam\\\/2023\\\/09\\\/travail-et-sante\"},\"author\":{\"name\":\"Laurent Mettraux\",\"@id\":\"https:\\\/\\\/www.revuemusicale.ch\\\/#\\\/schema\\\/person\\\/fb6400330a942eecc4b494064fce59be\"},\"headline\":\"Travail et sant\u00e9\",\"datePublished\":\"2023-09-07T00:51:08+00:00\",\"dateModified\":\"2023-09-07T00:54:01+00:00\",\"mainEntityOfPage\":{\"@id\":\"https:\\\/\\\/www.revuemusicale.ch\\\/basis\\\/usdam\\\/2023\\\/09\\\/travail-et-sante\"},\"wordCount\":415,\"publisher\":{\"@id\":\"https:\\\/\\\/www.revuemusicale.ch\\\/#organization\"},\"image\":{\"@id\":\"https:\\\/\\\/www.revuemusicale.ch\\\/basis\\\/usdam\\\/2023\\\/09\\\/travail-et-sante#primaryimage\"},\"thumbnailUrl\":\"https:\\\/\\\/www.revuemusicale.ch\\\/wp-content\\\/uploads\\\/2023\\\/09\\\/Conditions-de-travail-et-sante-en-Suisse-et-en-Europe.jpg\",\"keywords\":[\"conditions de travail\",\"droit du travail\",\"sant\u00e9\"],\"articleSection\":[\"USDAM\"],\"inLanguage\":\"it-IT\"},{\"@type\":\"WebPage\",\"@id\":\"https:\\\/\\\/www.revuemusicale.ch\\\/basis\\\/usdam\\\/2023\\\/09\\\/travail-et-sante\",\"url\":\"https:\\\/\\\/www.revuemusicale.ch\\\/basis\\\/usdam\\\/2023\\\/09\\\/travail-et-sante\",\"name\":\"Travail et sant\u00e9 - Revue Musicale Suisse\",\"isPartOf\":{\"@id\":\"https:\\\/\\\/www.revuemusicale.ch\\\/#website\"},\"primaryImageOfPage\":{\"@id\":\"https:\\\/\\\/www.revuemusicale.ch\\\/basis\\\/usdam\\\/2023\\\/09\\\/travail-et-sante#primaryimage\"},\"image\":{\"@id\":\"https:\\\/\\\/www.revuemusicale.ch\\\/basis\\\/usdam\\\/2023\\\/09\\\/travail-et-sante#primaryimage\"},\"thumbnailUrl\":\"https:\\\/\\\/www.revuemusicale.ch\\\/wp-content\\\/uploads\\\/2023\\\/09\\\/Conditions-de-travail-et-sante-en-Suisse-et-en-Europe.jpg\",\"datePublished\":\"2023-09-07T00:51:08+00:00\",\"dateModified\":\"2023-09-07T00:54:01+00:00\",\"breadcrumb\":{\"@id\":\"https:\\\/\\\/www.revuemusicale.ch\\\/basis\\\/usdam\\\/2023\\\/09\\\/travail-et-sante#breadcrumb\"},\"inLanguage\":\"it-IT\",\"potentialAction\":[{\"@type\":\"ReadAction\",\"target\":[\"https:\\\/\\\/www.revuemusicale.ch\\\/basis\\\/usdam\\\/2023\\\/09\\\/travail-et-sante\"]}]},{\"@type\":\"ImageObject\",\"inLanguage\":\"it-IT\",\"@id\":\"https:\\\/\\\/www.revuemusicale.ch\\\/basis\\\/usdam\\\/2023\\\/09\\\/travail-et-sante#primaryimage\",\"url\":\"https:\\\/\\\/www.revuemusicale.ch\\\/wp-content\\\/uploads\\\/2023\\\/09\\\/Conditions-de-travail-et-sante-en-Suisse-et-en-Europe.jpg\",\"contentUrl\":\"https:\\\/\\\/www.revuemusicale.ch\\\/wp-content\\\/uploads\\\/2023\\\/09\\\/Conditions-de-travail-et-sante-en-Suisse-et-en-Europe.jpg\",\"width\":679,\"height\":558},{\"@type\":\"BreadcrumbList\",\"@id\":\"https:\\\/\\\/www.revuemusicale.ch\\\/basis\\\/usdam\\\/2023\\\/09\\\/travail-et-sante#breadcrumb\",\"itemListElement\":[{\"@type\":\"ListItem\",\"position\":1,\"name\":\"Home\",\"item\":\"https:\\\/\\\/www.revuemusicale.ch\\\/\"},{\"@type\":\"ListItem\",\"position\":2,\"name\":\"Travail et sant\u00e9\"}]},{\"@type\":\"WebSite\",\"@id\":\"https:\\\/\\\/www.revuemusicale.ch\\\/#website\",\"url\":\"https:\\\/\\\/www.revuemusicale.ch\\\/\",\"name\":\"Revue Musicale Suisse\",\"description\":\"\",\"publisher\":{\"@id\":\"https:\\\/\\\/www.revuemusicale.ch\\\/#organization\"},\"potentialAction\":[{\"@type\":\"SearchAction\",\"target\":{\"@type\":\"EntryPoint\",\"urlTemplate\":\"https:\\\/\\\/www.revuemusicale.ch\\\/?s={search_term_string}\"},\"query-input\":{\"@type\":\"PropertyValueSpecification\",\"valueRequired\":true,\"valueName\":\"search_term_string\"}}],\"inLanguage\":\"it-IT\"},{\"@type\":\"Organization\",\"@id\":\"https:\\\/\\\/www.revuemusicale.ch\\\/#organization\",\"name\":\"Revue Musicale Suisse\",\"url\":\"https:\\\/\\\/www.revuemusicale.ch\\\/\",\"logo\":{\"@type\":\"ImageObject\",\"inLanguage\":\"it-IT\",\"@id\":\"https:\\\/\\\/www.revuemusicale.ch\\\/#\\\/schema\\\/logo\\\/image\\\/\",\"url\":\"https:\\\/\\\/www.revuemusicale.ch\\\/wp-content\\\/uploads\\\/2023\\\/01\\\/logo_revuemusicale_musikzeitung.jpg\",\"contentUrl\":\"https:\\\/\\\/www.revuemusicale.ch\\\/wp-content\\\/uploads\\\/2023\\\/01\\\/logo_revuemusicale_musikzeitung.jpg\",\"width\":1200,\"height\":243,\"caption\":\"Revue Musicale Suisse\"},\"image\":{\"@id\":\"https:\\\/\\\/www.revuemusicale.ch\\\/#\\\/schema\\\/logo\\\/image\\\/\"},\"sameAs\":[\"https:\\\/\\\/www.facebook.com\\\/SchweizerMusikzeitung\\\/\",\"https:\\\/\\\/x.com\\\/smusikzeitung\",\"https:\\\/\\\/www.instagram.com\\\/musikzeitung.ch\\\/?hl=de\"]},{\"@type\":\"Person\",\"@id\":\"https:\\\/\\\/www.revuemusicale.ch\\\/#\\\/schema\\\/person\\\/fb6400330a942eecc4b494064fce59be\",\"name\":\"Laurent Mettraux\",\"image\":{\"@type\":\"ImageObject\",\"inLanguage\":\"it-IT\",\"@id\":\"https:\\\/\\\/secure.gravatar.com\\\/avatar\\\/0ff4c55a3beaca23cf8ac030f6a4d207c5c42f40aa03f3accbc97af09da0d956?s=96&d=mm&r=g\",\"url\":\"https:\\\/\\\/secure.gravatar.com\\\/avatar\\\/0ff4c55a3beaca23cf8ac030f6a4d207c5c42f40aa03f3accbc97af09da0d956?s=96&d=mm&r=g\",\"contentUrl\":\"https:\\\/\\\/secure.gravatar.com\\\/avatar\\\/0ff4c55a3beaca23cf8ac030f6a4d207c5c42f40aa03f3accbc97af09da0d956?s=96&d=mm&r=g\",\"caption\":\"Laurent Mettraux\"},\"url\":\"https:\\\/\\\/www.revuemusicale.ch\\\/it\\\/author\\\/laurent-mettraux\"}]}<\/script>\n<!-- \/ Yoast SEO plugin. -->","yoast_head_json":{"title":"Travail et sant\u00e9 - Revue Musicale Suisse","robots":{"index":"index","follow":"follow","max-snippet":"max-snippet:-1","max-image-preview":"max-image-preview:large","max-video-preview":"max-video-preview:-1"},"canonical":"https:\/\/www.revuemusicale.ch\/it\/basis\/usdam\/2023\/09\/travail-et-sante\/","og_locale":"it_IT","og_type":"article","og_title":"Travail et sant\u00e9 - Revue Musicale Suisse","og_description":"Un nombre trop important d\u2019employ\u00e9s subissent stress et atteintes \u00e0 la sant\u00e9.","og_url":"https:\/\/www.revuemusicale.ch\/it\/basis\/usdam\/2023\/09\/travail-et-sante\/","og_site_name":"Revue Musicale Suisse","article_publisher":"https:\/\/www.facebook.com\/SchweizerMusikzeitung\/","article_published_time":"2023-09-07T00:51:08+00:00","article_modified_time":"2023-09-07T00:54:01+00:00","og_image":[{"width":679,"height":558,"url":"https:\/\/www.revuemusicale.ch\/wp-content\/uploads\/2023\/09\/Conditions-de-travail-et-sante-en-Suisse-et-en-Europe.jpg","type":"image\/jpeg"}],"author":"Laurent Mettraux","twitter_card":"summary_large_image","twitter_creator":"@smusikzeitung","twitter_site":"@smusikzeitung","twitter_misc":{"Scritto da":"Laurent Mettraux","Tempo di lettura stimato":"2 minuti"},"schema":{"@context":"https:\/\/schema.org","@graph":[{"@type":"Article","@id":"https:\/\/www.revuemusicale.ch\/basis\/usdam\/2023\/09\/travail-et-sante#article","isPartOf":{"@id":"https:\/\/www.revuemusicale.ch\/basis\/usdam\/2023\/09\/travail-et-sante"},"author":{"name":"Laurent Mettraux","@id":"https:\/\/www.revuemusicale.ch\/#\/schema\/person\/fb6400330a942eecc4b494064fce59be"},"headline":"Travail et sant\u00e9","datePublished":"2023-09-07T00:51:08+00:00","dateModified":"2023-09-07T00:54:01+00:00","mainEntityOfPage":{"@id":"https:\/\/www.revuemusicale.ch\/basis\/usdam\/2023\/09\/travail-et-sante"},"wordCount":415,"publisher":{"@id":"https:\/\/www.revuemusicale.ch\/#organization"},"image":{"@id":"https:\/\/www.revuemusicale.ch\/basis\/usdam\/2023\/09\/travail-et-sante#primaryimage"},"thumbnailUrl":"https:\/\/www.revuemusicale.ch\/wp-content\/uploads\/2023\/09\/Conditions-de-travail-et-sante-en-Suisse-et-en-Europe.jpg","keywords":["conditions de travail","droit du travail","sant\u00e9"],"articleSection":["USDAM"],"inLanguage":"it-IT"},{"@type":"WebPage","@id":"https:\/\/www.revuemusicale.ch\/basis\/usdam\/2023\/09\/travail-et-sante","url":"https:\/\/www.revuemusicale.ch\/basis\/usdam\/2023\/09\/travail-et-sante","name":"Travail et sant\u00e9 - Revue Musicale Suisse","isPartOf":{"@id":"https:\/\/www.revuemusicale.ch\/#website"},"primaryImageOfPage":{"@id":"https:\/\/www.revuemusicale.ch\/basis\/usdam\/2023\/09\/travail-et-sante#primaryimage"},"image":{"@id":"https:\/\/www.revuemusicale.ch\/basis\/usdam\/2023\/09\/travail-et-sante#primaryimage"},"thumbnailUrl":"https:\/\/www.revuemusicale.ch\/wp-content\/uploads\/2023\/09\/Conditions-de-travail-et-sante-en-Suisse-et-en-Europe.jpg","datePublished":"2023-09-07T00:51:08+00:00","dateModified":"2023-09-07T00:54:01+00:00","breadcrumb":{"@id":"https:\/\/www.revuemusicale.ch\/basis\/usdam\/2023\/09\/travail-et-sante#breadcrumb"},"inLanguage":"it-IT","potentialAction":[{"@type":"ReadAction","target":["https:\/\/www.revuemusicale.ch\/basis\/usdam\/2023\/09\/travail-et-sante"]}]},{"@type":"ImageObject","inLanguage":"it-IT","@id":"https:\/\/www.revuemusicale.ch\/basis\/usdam\/2023\/09\/travail-et-sante#primaryimage","url":"https:\/\/www.revuemusicale.ch\/wp-content\/uploads\/2023\/09\/Conditions-de-travail-et-sante-en-Suisse-et-en-Europe.jpg","contentUrl":"https:\/\/www.revuemusicale.ch\/wp-content\/uploads\/2023\/09\/Conditions-de-travail-et-sante-en-Suisse-et-en-Europe.jpg","width":679,"height":558},{"@type":"BreadcrumbList","@id":"https:\/\/www.revuemusicale.ch\/basis\/usdam\/2023\/09\/travail-et-sante#breadcrumb","itemListElement":[{"@type":"ListItem","position":1,"name":"Home","item":"https:\/\/www.revuemusicale.ch\/"},{"@type":"ListItem","position":2,"name":"Travail et sant\u00e9"}]},{"@type":"WebSite","@id":"https:\/\/www.revuemusicale.ch\/#website","url":"https:\/\/www.revuemusicale.ch\/","name":"Rassegna musicale svizzera","description":"","publisher":{"@id":"https:\/\/www.revuemusicale.ch\/#organization"},"potentialAction":[{"@type":"SearchAction","target":{"@type":"EntryPoint","urlTemplate":"https:\/\/www.revuemusicale.ch\/?s={search_term_string}"},"query-input":{"@type":"PropertyValueSpecification","valueRequired":true,"valueName":"search_term_string"}}],"inLanguage":"it-IT"},{"@type":"Organization","@id":"https:\/\/www.revuemusicale.ch\/#organization","name":"Rassegna musicale svizzera","url":"https:\/\/www.revuemusicale.ch\/","logo":{"@type":"ImageObject","inLanguage":"it-IT","@id":"https:\/\/www.revuemusicale.ch\/#\/schema\/logo\/image\/","url":"https:\/\/www.revuemusicale.ch\/wp-content\/uploads\/2023\/01\/logo_revuemusicale_musikzeitung.jpg","contentUrl":"https:\/\/www.revuemusicale.ch\/wp-content\/uploads\/2023\/01\/logo_revuemusicale_musikzeitung.jpg","width":1200,"height":243,"caption":"Revue Musicale Suisse"},"image":{"@id":"https:\/\/www.revuemusicale.ch\/#\/schema\/logo\/image\/"},"sameAs":["https:\/\/www.facebook.com\/SchweizerMusikzeitung\/","https:\/\/x.com\/smusikzeitung","https:\/\/www.instagram.com\/musikzeitung.ch\/?hl=de"]},{"@type":"Person","@id":"https:\/\/www.revuemusicale.ch\/#\/schema\/person\/fb6400330a942eecc4b494064fce59be","name":"Laurent Mettraux","image":{"@type":"ImageObject","inLanguage":"it-IT","@id":"https:\/\/secure.gravatar.com\/avatar\/0ff4c55a3beaca23cf8ac030f6a4d207c5c42f40aa03f3accbc97af09da0d956?s=96&d=mm&r=g","url":"https:\/\/secure.gravatar.com\/avatar\/0ff4c55a3beaca23cf8ac030f6a4d207c5c42f40aa03f3accbc97af09da0d956?s=96&d=mm&r=g","contentUrl":"https:\/\/secure.gravatar.com\/avatar\/0ff4c55a3beaca23cf8ac030f6a4d207c5c42f40aa03f3accbc97af09da0d956?s=96&d=mm&r=g","caption":"Laurent Mettraux"},"url":"https:\/\/www.revuemusicale.ch\/it\/author\/laurent-mettraux"}]}},"publishpress_future_action":{"enabled":false,"date":"1970-01-01 01:00:00","action":"change-status","newStatus":"draft","terms":[],"taxonomy":"category","extraData":[]},"publishpress_future_workflow_manual_trigger":{"enabledWorkflows":[]},"_links":{"self":[{"href":"https:\/\/www.revuemusicale.ch\/it\/wp-json\/wp\/v2\/posts\/29793","targetHints":{"allow":["GET"]}}],"collection":[{"href":"https:\/\/www.revuemusicale.ch\/it\/wp-json\/wp\/v2\/posts"}],"about":[{"href":"https:\/\/www.revuemusicale.ch\/it\/wp-json\/wp\/v2\/types\/post"}],"author":[{"embeddable":true,"href":"https:\/\/www.revuemusicale.ch\/it\/wp-json\/wp\/v2\/users\/21897"}],"replies":[{"embeddable":true,"href":"https:\/\/www.revuemusicale.ch\/it\/wp-json\/wp\/v2\/comments?post=29793"}],"version-history":[{"count":1,"href":"https:\/\/www.revuemusicale.ch\/it\/wp-json\/wp\/v2\/posts\/29793\/revisions"}],"predecessor-version":[{"id":29795,"href":"https:\/\/www.revuemusicale.ch\/it\/wp-json\/wp\/v2\/posts\/29793\/revisions\/29795"}],"wp:featuredmedia":[{"embeddable":true,"href":"https:\/\/www.revuemusicale.ch\/it\/wp-json\/wp\/v2\/media\/29796"}],"wp:attachment":[{"href":"https:\/\/www.revuemusicale.ch\/it\/wp-json\/wp\/v2\/media?parent=29793"}],"wp:term":[{"taxonomy":"category","embeddable":true,"href":"https:\/\/www.revuemusicale.ch\/it\/wp-json\/wp\/v2\/categories?post=29793"},{"taxonomy":"post_tag","embeddable":true,"href":"https:\/\/www.revuemusicale.ch\/it\/wp-json\/wp\/v2\/tags?post=29793"}],"curies":[{"name":"wp","href":"https:\/\/api.w.org\/{rel}","templated":true}]}}