{"id":29829,"date":"2023-10-23T10:57:19","date_gmt":"2023-10-23T08:57:19","guid":{"rendered":"https:\/\/www.revuemusicale.ch\/?p=29829"},"modified":"2023-10-23T10:57:19","modified_gmt":"2023-10-23T08:57:19","slug":"les-ecoles-de-musique-vaudoises","status":"publish","type":"post","link":"https:\/\/www.revuemusicale.ch\/it\/basis\/asem\/2023\/10\/les-ecoles-de-musique-vaudoises","title":{"rendered":"Scuole di musica a Vaud"},"content":{"rendered":"<figure id=\"attachment_29830\" aria-describedby=\"caption-attachment-29830\" style=\"width: 1024px\" class=\"wp-caption alignnone\"><img loading=\"lazy\" decoding=\"async\" class=\"size-full wp-image-29830\" src=\"https:\/\/www.revuemusicale.ch\/wp-content\/uploads\/2023\/10\/AVCEM.jpeg\" alt=\"\" width=\"1024\" height=\"768\" srcset=\"https:\/\/www.revuemusicale.ch\/wp-content\/uploads\/2023\/10\/AVCEM.jpeg 1024w, https:\/\/www.revuemusicale.ch\/wp-content\/uploads\/2023\/10\/AVCEM-300x225.jpeg 300w, https:\/\/www.revuemusicale.ch\/wp-content\/uploads\/2023\/10\/AVCEM-768x576.jpeg 768w, https:\/\/www.revuemusicale.ch\/wp-content\/uploads\/2023\/10\/AVCEM-233x175.jpeg 233w, https:\/\/www.revuemusicale.ch\/wp-content\/uploads\/2023\/10\/AVCEM-467x350.jpeg 467w, https:\/\/www.revuemusicale.ch\/wp-content\/uploads\/2023\/10\/AVCEM-920x690.jpeg 920w\" sizes=\"auto, (max-width: 1024px) 100vw, 1024px\" \/><figcaption id=\"caption-attachment-29830\" class=\"wp-caption-text\"><br \/><em>Les Petites voix de l'Ecole de musique de Lausanne, membro dell'ACVEM.<\/em><br \/><em>Foto : EML<\/em><\/figcaption><\/figure>\n<p class=\"p1\"><a href=\"http:\/\/www.avcem.ch\">L'AVCEM<\/a> si \u00e8 battuta per decenni per ottenere una legge cantonale sulle scuole di musica, essendo Vaud uno degli ultimi cantoni della Svizzera a non averne una. La legge \u00e8 stata finalmente approvata nel 2011 e mira a garantire un insegnamento di alta qualit\u00e0 per gli studenti e un riconoscimento per gli insegnanti.<\/p>\n<p class=\"p1\">Dodici anni dopo, mentre la gamma di corsi disponibili per gli studenti \u00e8 cresciuta notevolmente, il numero di studenti non \u00e8 aumentato. I temi delicati delle tasse universitarie e dell'accessibilit\u00e0 per tutti rimangono ricorrenti. L'insegnamento strumentale diventer\u00e0 un lusso? No. Al contrario, credo che la musica debba essere una scelta per l'istruzione e la societ\u00e0. Sta a noi rendere consapevoli i politici che il sostegno educato non sar\u00e0 sufficiente per raggiungere gli obiettivi fissati anche dall'articolo costituzionale 67a\", risponde Vincent Baroni, Presidente dell'AVCEM.<\/p>\n<p class=\"p1\">Lo status del personale docente \u00e8 stato notevolmente modificato e riconosciuto. Una scala salariale fornisce un quadro pi\u00f9 chiaro del percorso di carriera. \"Come corollario a questo riconoscimento, il quadro esigente della legge, in particolare per quanto riguarda i prerequisiti per l'assunzione degli insegnanti, \u00e8 un ostacolo durante il processo di reclutamento. Ed \u00e8 vero che trattare tutte le scuole allo stesso modo non riflette le realt\u00e0 molto diverse di ciascuna\", aggiunge Vincent Baroni.<\/p>\n<p class=\"p1\">Tra le sfide da affrontare, l'AVCEM vuole garantire un finanziamento sostenibile, in particolare per quanto riguarda le indicizzazioni salariali imposte dal Cantone. Vuole inoltre garantire che l'insegnamento della musica sia accessibile a tutti, attraverso tasse adeguate, e consentire alle scuole di svilupparsi nonostante il contesto giuridico piuttosto rigido. \u00c8 interessato al ruolo della tecnologia digitale nell'insegnamento e vorrebbe perseguire la professionalizzazione dell'amministrazione in tutte le scuole.<\/p>\n<p class=\"p1\">Un altro obiettivo sancito dallo statuto dell'associazione \u00e8 quello di stimolare le relazioni tra le scuole. L'AVCEM incoraggia la collaborazione artistica (concerti e progetti comuni) e pedagogica (esami comuni). La Conferenza dei Direttori offre l'opportunit\u00e0 di discutere personalmente i problemi comuni, in uno sforzo costante di trovare modi per armonizzare piuttosto che standardizzare. Infine, le scuole di musica sono invitate a partecipare a giornate di formazione continua per insegnanti e direttori.<\/p>","protected":false},"excerpt":{"rendered":"<p>Da circa quarant'anni, le scuole di musica del Cantone di Vaud sono raggruppate sotto un'organizzazione ombrello: l'Association vaudoise des conservatoires et \u00e9coles de musique (AVCEM).<\/p>","protected":false},"author":21891,"featured_media":29830,"comment_status":"closed","ping_status":"closed","sticky":false,"template":"","format":"standard","meta":{"_acf_changed":false,"_relevanssi_hide_post":"","_relevanssi_hide_content":"","_relevanssi_pin_for_all":"","_relevanssi_pin_keywords":"","_relevanssi_unpin_keywords":"","_relevanssi_related_keywords":"","_relevanssi_related_include_ids":"","_relevanssi_related_exclude_ids":"","_relevanssi_related_no_append":"","_relevanssi_related_not_related":"","_relevanssi_related_posts":"","_relevanssi_noindex_reason":"","pgc_sgb_lightbox_settings":"","footnotes":""},"categories":[56],"tags":[],"class_list":["post-29829","post","type-post","status-publish","format-standard","has-post-thumbnail","hentry","category-asem"],"acf":[],"yoast_head":"<!-- This site is optimized with the Yoast SEO plugin v27.3 - https:\/\/yoast.com\/product\/yoast-seo-wordpress\/ -->\n<title>Les \u00e9coles de musique vaudoises - Revue Musicale Suisse<\/title>\n<meta name=\"robots\" content=\"index, follow, max-snippet:-1, max-image-preview:large, max-video-preview:-1\" \/>\n<link rel=\"canonical\" href=\"https:\/\/www.revuemusicale.ch\/it\/basis\/asem\/2023\/10\/les-ecoles-de-musique-vaudoises\/\" \/>\n<meta property=\"og:locale\" content=\"it_IT\" \/>\n<meta property=\"og:type\" content=\"article\" \/>\n<meta property=\"og:title\" content=\"Les \u00e9coles de musique vaudoises - Revue Musicale Suisse\" \/>\n<meta property=\"og:description\" content=\"Depuis une quarantaine d\u2019ann\u00e9es, les \u00e9coles de musique vaudoises sont regroup\u00e9es autour d\u2019une fa\u00eeti\u00e8re\u00a0: l\u2019Association vaudoise des conservatoires et \u00e9coles de musique (AVCEM).\" \/>\n<meta property=\"og:url\" content=\"https:\/\/www.revuemusicale.ch\/it\/basis\/asem\/2023\/10\/les-ecoles-de-musique-vaudoises\/\" \/>\n<meta property=\"og:site_name\" content=\"Revue Musicale Suisse\" \/>\n<meta property=\"article:publisher\" content=\"https:\/\/www.facebook.com\/SchweizerMusikzeitung\/\" \/>\n<meta property=\"article:published_time\" content=\"2023-10-23T08:57:19+00:00\" \/>\n<meta property=\"og:image\" content=\"https:\/\/www.revuemusicale.ch\/wp-content\/uploads\/2023\/10\/AVCEM.jpeg\" \/>\n\t<meta property=\"og:image:width\" content=\"1024\" \/>\n\t<meta property=\"og:image:height\" content=\"768\" \/>\n\t<meta property=\"og:image:type\" content=\"image\/jpeg\" \/>\n<meta name=\"author\" content=\"Anicia Kohler\" \/>\n<meta name=\"twitter:card\" content=\"summary_large_image\" \/>\n<meta name=\"twitter:creator\" content=\"@smusikzeitung\" \/>\n<meta name=\"twitter:site\" content=\"@smusikzeitung\" \/>\n<meta name=\"twitter:label1\" content=\"Scritto da\" \/>\n\t<meta name=\"twitter:data1\" content=\"Anicia Kohler\" \/>\n\t<meta name=\"twitter:label2\" content=\"Tempo di lettura stimato\" \/>\n\t<meta name=\"twitter:data2\" content=\"2 minuti\" \/>\n<script type=\"application\/ld+json\" class=\"yoast-schema-graph\">{\"@context\":\"https:\\\/\\\/schema.org\",\"@graph\":[{\"@type\":\"Article\",\"@id\":\"https:\\\/\\\/www.revuemusicale.ch\\\/basis\\\/asem\\\/2023\\\/10\\\/les-ecoles-de-musique-vaudoises#article\",\"isPartOf\":{\"@id\":\"https:\\\/\\\/www.revuemusicale.ch\\\/basis\\\/asem\\\/2023\\\/10\\\/les-ecoles-de-musique-vaudoises\"},\"author\":{\"name\":\"Anicia Kohler\",\"@id\":\"https:\\\/\\\/www.revuemusicale.ch\\\/#\\\/schema\\\/person\\\/e4ba37136bd24461e8c7874590a4762f\"},\"headline\":\"Les \u00e9coles de musique vaudoises\",\"datePublished\":\"2023-10-23T08:57:19+00:00\",\"mainEntityOfPage\":{\"@id\":\"https:\\\/\\\/www.revuemusicale.ch\\\/basis\\\/asem\\\/2023\\\/10\\\/les-ecoles-de-musique-vaudoises\"},\"wordCount\":460,\"publisher\":{\"@id\":\"https:\\\/\\\/www.revuemusicale.ch\\\/#organization\"},\"image\":{\"@id\":\"https:\\\/\\\/www.revuemusicale.ch\\\/basis\\\/asem\\\/2023\\\/10\\\/les-ecoles-de-musique-vaudoises#primaryimage\"},\"thumbnailUrl\":\"https:\\\/\\\/www.revuemusicale.ch\\\/wp-content\\\/uploads\\\/2023\\\/10\\\/AVCEM.jpeg\",\"articleSection\":[\"ASEM\"],\"inLanguage\":\"it-IT\"},{\"@type\":\"WebPage\",\"@id\":\"https:\\\/\\\/www.revuemusicale.ch\\\/basis\\\/asem\\\/2023\\\/10\\\/les-ecoles-de-musique-vaudoises\",\"url\":\"https:\\\/\\\/www.revuemusicale.ch\\\/basis\\\/asem\\\/2023\\\/10\\\/les-ecoles-de-musique-vaudoises\",\"name\":\"Les \u00e9coles de musique vaudoises - Revue Musicale Suisse\",\"isPartOf\":{\"@id\":\"https:\\\/\\\/www.revuemusicale.ch\\\/#website\"},\"primaryImageOfPage\":{\"@id\":\"https:\\\/\\\/www.revuemusicale.ch\\\/basis\\\/asem\\\/2023\\\/10\\\/les-ecoles-de-musique-vaudoises#primaryimage\"},\"image\":{\"@id\":\"https:\\\/\\\/www.revuemusicale.ch\\\/basis\\\/asem\\\/2023\\\/10\\\/les-ecoles-de-musique-vaudoises#primaryimage\"},\"thumbnailUrl\":\"https:\\\/\\\/www.revuemusicale.ch\\\/wp-content\\\/uploads\\\/2023\\\/10\\\/AVCEM.jpeg\",\"datePublished\":\"2023-10-23T08:57:19+00:00\",\"breadcrumb\":{\"@id\":\"https:\\\/\\\/www.revuemusicale.ch\\\/basis\\\/asem\\\/2023\\\/10\\\/les-ecoles-de-musique-vaudoises#breadcrumb\"},\"inLanguage\":\"it-IT\",\"potentialAction\":[{\"@type\":\"ReadAction\",\"target\":[\"https:\\\/\\\/www.revuemusicale.ch\\\/basis\\\/asem\\\/2023\\\/10\\\/les-ecoles-de-musique-vaudoises\"]}]},{\"@type\":\"ImageObject\",\"inLanguage\":\"it-IT\",\"@id\":\"https:\\\/\\\/www.revuemusicale.ch\\\/basis\\\/asem\\\/2023\\\/10\\\/les-ecoles-de-musique-vaudoises#primaryimage\",\"url\":\"https:\\\/\\\/www.revuemusicale.ch\\\/wp-content\\\/uploads\\\/2023\\\/10\\\/AVCEM.jpeg\",\"contentUrl\":\"https:\\\/\\\/www.revuemusicale.ch\\\/wp-content\\\/uploads\\\/2023\\\/10\\\/AVCEM.jpeg\",\"width\":1024,\"height\":768,\"caption\":\"Les Petites voix de l\u2019Ecole de musique de Lausanne, membre de l\u2019ACVEM. Photo\u00a0: EML\"},{\"@type\":\"BreadcrumbList\",\"@id\":\"https:\\\/\\\/www.revuemusicale.ch\\\/basis\\\/asem\\\/2023\\\/10\\\/les-ecoles-de-musique-vaudoises#breadcrumb\",\"itemListElement\":[{\"@type\":\"ListItem\",\"position\":1,\"name\":\"Home\",\"item\":\"https:\\\/\\\/www.revuemusicale.ch\\\/\"},{\"@type\":\"ListItem\",\"position\":2,\"name\":\"Les \u00e9coles de musique vaudoises\"}]},{\"@type\":\"WebSite\",\"@id\":\"https:\\\/\\\/www.revuemusicale.ch\\\/#website\",\"url\":\"https:\\\/\\\/www.revuemusicale.ch\\\/\",\"name\":\"Revue Musicale Suisse\",\"description\":\"\",\"publisher\":{\"@id\":\"https:\\\/\\\/www.revuemusicale.ch\\\/#organization\"},\"potentialAction\":[{\"@type\":\"SearchAction\",\"target\":{\"@type\":\"EntryPoint\",\"urlTemplate\":\"https:\\\/\\\/www.revuemusicale.ch\\\/?s={search_term_string}\"},\"query-input\":{\"@type\":\"PropertyValueSpecification\",\"valueRequired\":true,\"valueName\":\"search_term_string\"}}],\"inLanguage\":\"it-IT\"},{\"@type\":\"Organization\",\"@id\":\"https:\\\/\\\/www.revuemusicale.ch\\\/#organization\",\"name\":\"Revue Musicale Suisse\",\"url\":\"https:\\\/\\\/www.revuemusicale.ch\\\/\",\"logo\":{\"@type\":\"ImageObject\",\"inLanguage\":\"it-IT\",\"@id\":\"https:\\\/\\\/www.revuemusicale.ch\\\/#\\\/schema\\\/logo\\\/image\\\/\",\"url\":\"https:\\\/\\\/www.revuemusicale.ch\\\/wp-content\\\/uploads\\\/2023\\\/01\\\/logo_revuemusicale_musikzeitung.jpg\",\"contentUrl\":\"https:\\\/\\\/www.revuemusicale.ch\\\/wp-content\\\/uploads\\\/2023\\\/01\\\/logo_revuemusicale_musikzeitung.jpg\",\"width\":1200,\"height\":243,\"caption\":\"Revue Musicale Suisse\"},\"image\":{\"@id\":\"https:\\\/\\\/www.revuemusicale.ch\\\/#\\\/schema\\\/logo\\\/image\\\/\"},\"sameAs\":[\"https:\\\/\\\/www.facebook.com\\\/SchweizerMusikzeitung\\\/\",\"https:\\\/\\\/x.com\\\/smusikzeitung\",\"https:\\\/\\\/www.instagram.com\\\/musikzeitung.ch\\\/?hl=de\"]},{\"@type\":\"Person\",\"@id\":\"https:\\\/\\\/www.revuemusicale.ch\\\/#\\\/schema\\\/person\\\/e4ba37136bd24461e8c7874590a4762f\",\"name\":\"Anicia Kohler\",\"image\":{\"@type\":\"ImageObject\",\"inLanguage\":\"it-IT\",\"@id\":\"https:\\\/\\\/secure.gravatar.com\\\/avatar\\\/6ea00b417b00b657b92c811768262d33fd76a3d20dcab3e19ff7f2a1eedf1412?s=96&d=mm&r=g\",\"url\":\"https:\\\/\\\/secure.gravatar.com\\\/avatar\\\/6ea00b417b00b657b92c811768262d33fd76a3d20dcab3e19ff7f2a1eedf1412?s=96&d=mm&r=g\",\"contentUrl\":\"https:\\\/\\\/secure.gravatar.com\\\/avatar\\\/6ea00b417b00b657b92c811768262d33fd76a3d20dcab3e19ff7f2a1eedf1412?s=96&d=mm&r=g\",\"caption\":\"Anicia Kohler\"},\"url\":\"https:\\\/\\\/www.revuemusicale.ch\\\/it\\\/author\\\/anicia-kohler\"}]}<\/script>\n<!-- \/ Yoast SEO plugin. -->","yoast_head_json":{"title":"Les \u00e9coles de musique vaudoises - Revue Musicale Suisse","robots":{"index":"index","follow":"follow","max-snippet":"max-snippet:-1","max-image-preview":"max-image-preview:large","max-video-preview":"max-video-preview:-1"},"canonical":"https:\/\/www.revuemusicale.ch\/it\/basis\/asem\/2023\/10\/les-ecoles-de-musique-vaudoises\/","og_locale":"it_IT","og_type":"article","og_title":"Les \u00e9coles de musique vaudoises - Revue Musicale Suisse","og_description":"Depuis une quarantaine d\u2019ann\u00e9es, les \u00e9coles de musique vaudoises sont regroup\u00e9es autour d\u2019une fa\u00eeti\u00e8re\u00a0: l\u2019Association vaudoise des conservatoires et \u00e9coles de musique (AVCEM).","og_url":"https:\/\/www.revuemusicale.ch\/it\/basis\/asem\/2023\/10\/les-ecoles-de-musique-vaudoises\/","og_site_name":"Revue Musicale Suisse","article_publisher":"https:\/\/www.facebook.com\/SchweizerMusikzeitung\/","article_published_time":"2023-10-23T08:57:19+00:00","og_image":[{"width":1024,"height":768,"url":"https:\/\/www.revuemusicale.ch\/wp-content\/uploads\/2023\/10\/AVCEM.jpeg","type":"image\/jpeg"}],"author":"Anicia Kohler","twitter_card":"summary_large_image","twitter_creator":"@smusikzeitung","twitter_site":"@smusikzeitung","twitter_misc":{"Scritto da":"Anicia Kohler","Tempo di lettura stimato":"2 minuti"},"schema":{"@context":"https:\/\/schema.org","@graph":[{"@type":"Article","@id":"https:\/\/www.revuemusicale.ch\/basis\/asem\/2023\/10\/les-ecoles-de-musique-vaudoises#article","isPartOf":{"@id":"https:\/\/www.revuemusicale.ch\/basis\/asem\/2023\/10\/les-ecoles-de-musique-vaudoises"},"author":{"name":"Anicia Kohler","@id":"https:\/\/www.revuemusicale.ch\/#\/schema\/person\/e4ba37136bd24461e8c7874590a4762f"},"headline":"Les \u00e9coles de musique vaudoises","datePublished":"2023-10-23T08:57:19+00:00","mainEntityOfPage":{"@id":"https:\/\/www.revuemusicale.ch\/basis\/asem\/2023\/10\/les-ecoles-de-musique-vaudoises"},"wordCount":460,"publisher":{"@id":"https:\/\/www.revuemusicale.ch\/#organization"},"image":{"@id":"https:\/\/www.revuemusicale.ch\/basis\/asem\/2023\/10\/les-ecoles-de-musique-vaudoises#primaryimage"},"thumbnailUrl":"https:\/\/www.revuemusicale.ch\/wp-content\/uploads\/2023\/10\/AVCEM.jpeg","articleSection":["ASEM"],"inLanguage":"it-IT"},{"@type":"WebPage","@id":"https:\/\/www.revuemusicale.ch\/basis\/asem\/2023\/10\/les-ecoles-de-musique-vaudoises","url":"https:\/\/www.revuemusicale.ch\/basis\/asem\/2023\/10\/les-ecoles-de-musique-vaudoises","name":"Les \u00e9coles de musique vaudoises - Revue Musicale Suisse","isPartOf":{"@id":"https:\/\/www.revuemusicale.ch\/#website"},"primaryImageOfPage":{"@id":"https:\/\/www.revuemusicale.ch\/basis\/asem\/2023\/10\/les-ecoles-de-musique-vaudoises#primaryimage"},"image":{"@id":"https:\/\/www.revuemusicale.ch\/basis\/asem\/2023\/10\/les-ecoles-de-musique-vaudoises#primaryimage"},"thumbnailUrl":"https:\/\/www.revuemusicale.ch\/wp-content\/uploads\/2023\/10\/AVCEM.jpeg","datePublished":"2023-10-23T08:57:19+00:00","breadcrumb":{"@id":"https:\/\/www.revuemusicale.ch\/basis\/asem\/2023\/10\/les-ecoles-de-musique-vaudoises#breadcrumb"},"inLanguage":"it-IT","potentialAction":[{"@type":"ReadAction","target":["https:\/\/www.revuemusicale.ch\/basis\/asem\/2023\/10\/les-ecoles-de-musique-vaudoises"]}]},{"@type":"ImageObject","inLanguage":"it-IT","@id":"https:\/\/www.revuemusicale.ch\/basis\/asem\/2023\/10\/les-ecoles-de-musique-vaudoises#primaryimage","url":"https:\/\/www.revuemusicale.ch\/wp-content\/uploads\/2023\/10\/AVCEM.jpeg","contentUrl":"https:\/\/www.revuemusicale.ch\/wp-content\/uploads\/2023\/10\/AVCEM.jpeg","width":1024,"height":768,"caption":"Les Petites voix de l\u2019Ecole de musique de Lausanne, membre de l\u2019ACVEM. Photo\u00a0: EML"},{"@type":"BreadcrumbList","@id":"https:\/\/www.revuemusicale.ch\/basis\/asem\/2023\/10\/les-ecoles-de-musique-vaudoises#breadcrumb","itemListElement":[{"@type":"ListItem","position":1,"name":"Home","item":"https:\/\/www.revuemusicale.ch\/"},{"@type":"ListItem","position":2,"name":"Les \u00e9coles de musique vaudoises"}]},{"@type":"WebSite","@id":"https:\/\/www.revuemusicale.ch\/#website","url":"https:\/\/www.revuemusicale.ch\/","name":"Rassegna musicale svizzera","description":"","publisher":{"@id":"https:\/\/www.revuemusicale.ch\/#organization"},"potentialAction":[{"@type":"SearchAction","target":{"@type":"EntryPoint","urlTemplate":"https:\/\/www.revuemusicale.ch\/?s={search_term_string}"},"query-input":{"@type":"PropertyValueSpecification","valueRequired":true,"valueName":"search_term_string"}}],"inLanguage":"it-IT"},{"@type":"Organization","@id":"https:\/\/www.revuemusicale.ch\/#organization","name":"Rassegna musicale svizzera","url":"https:\/\/www.revuemusicale.ch\/","logo":{"@type":"ImageObject","inLanguage":"it-IT","@id":"https:\/\/www.revuemusicale.ch\/#\/schema\/logo\/image\/","url":"https:\/\/www.revuemusicale.ch\/wp-content\/uploads\/2023\/01\/logo_revuemusicale_musikzeitung.jpg","contentUrl":"https:\/\/www.revuemusicale.ch\/wp-content\/uploads\/2023\/01\/logo_revuemusicale_musikzeitung.jpg","width":1200,"height":243,"caption":"Revue Musicale Suisse"},"image":{"@id":"https:\/\/www.revuemusicale.ch\/#\/schema\/logo\/image\/"},"sameAs":["https:\/\/www.facebook.com\/SchweizerMusikzeitung\/","https:\/\/x.com\/smusikzeitung","https:\/\/www.instagram.com\/musikzeitung.ch\/?hl=de"]},{"@type":"Person","@id":"https:\/\/www.revuemusicale.ch\/#\/schema\/person\/e4ba37136bd24461e8c7874590a4762f","name":"Anicia Kohler","image":{"@type":"ImageObject","inLanguage":"it-IT","@id":"https:\/\/secure.gravatar.com\/avatar\/6ea00b417b00b657b92c811768262d33fd76a3d20dcab3e19ff7f2a1eedf1412?s=96&d=mm&r=g","url":"https:\/\/secure.gravatar.com\/avatar\/6ea00b417b00b657b92c811768262d33fd76a3d20dcab3e19ff7f2a1eedf1412?s=96&d=mm&r=g","contentUrl":"https:\/\/secure.gravatar.com\/avatar\/6ea00b417b00b657b92c811768262d33fd76a3d20dcab3e19ff7f2a1eedf1412?s=96&d=mm&r=g","caption":"Anicia Kohler"},"url":"https:\/\/www.revuemusicale.ch\/it\/author\/anicia-kohler"}]}},"publishpress_future_action":{"enabled":false,"date":"1970-01-01 01:00:00","action":"change-status","newStatus":"draft","terms":[],"taxonomy":"category","extraData":[]},"publishpress_future_workflow_manual_trigger":{"enabledWorkflows":[]},"_links":{"self":[{"href":"https:\/\/www.revuemusicale.ch\/it\/wp-json\/wp\/v2\/posts\/29829","targetHints":{"allow":["GET"]}}],"collection":[{"href":"https:\/\/www.revuemusicale.ch\/it\/wp-json\/wp\/v2\/posts"}],"about":[{"href":"https:\/\/www.revuemusicale.ch\/it\/wp-json\/wp\/v2\/types\/post"}],"author":[{"embeddable":true,"href":"https:\/\/www.revuemusicale.ch\/it\/wp-json\/wp\/v2\/users\/21891"}],"replies":[{"embeddable":true,"href":"https:\/\/www.revuemusicale.ch\/it\/wp-json\/wp\/v2\/comments?post=29829"}],"version-history":[{"count":1,"href":"https:\/\/www.revuemusicale.ch\/it\/wp-json\/wp\/v2\/posts\/29829\/revisions"}],"predecessor-version":[{"id":29831,"href":"https:\/\/www.revuemusicale.ch\/it\/wp-json\/wp\/v2\/posts\/29829\/revisions\/29831"}],"wp:featuredmedia":[{"embeddable":true,"href":"https:\/\/www.revuemusicale.ch\/it\/wp-json\/wp\/v2\/media\/29830"}],"wp:attachment":[{"href":"https:\/\/www.revuemusicale.ch\/it\/wp-json\/wp\/v2\/media?parent=29829"}],"wp:term":[{"taxonomy":"category","embeddable":true,"href":"https:\/\/www.revuemusicale.ch\/it\/wp-json\/wp\/v2\/categories?post=29829"},{"taxonomy":"post_tag","embeddable":true,"href":"https:\/\/www.revuemusicale.ch\/it\/wp-json\/wp\/v2\/tags?post=29829"}],"curies":[{"name":"wp","href":"https:\/\/api.w.org\/{rel}","templated":true}]}}