{"id":29870,"date":"2023-10-26T15:25:48","date_gmt":"2023-10-26T13:25:48","guid":{"rendered":"https:\/\/www.revuemusicale.ch\/?p=29870"},"modified":"2023-11-19T17:35:54","modified_gmt":"2023-11-19T16:35:54","slug":"concours-nicati-2023","status":"publish","type":"post","link":"https:\/\/www.revuemusicale.ch\/it\/service\/2023\/10\/concours-nicati-2023","title":{"rendered":"Concorso Nicati 2023"},"content":{"rendered":"<figure id=\"attachment_29929\" aria-describedby=\"caption-attachment-29929\" style=\"width: 1400px\" class=\"wp-caption alignnone\"><img loading=\"lazy\" decoding=\"async\" class=\"size-full wp-image-29929\" src=\"https:\/\/www.revuemusicale.ch\/wp-content\/uploads\/2023\/10\/CN1.jpg\" alt=\"\" width=\"1400\" height=\"754\" srcset=\"https:\/\/www.revuemusicale.ch\/wp-content\/uploads\/2023\/10\/CN1.jpg 1400w, https:\/\/www.revuemusicale.ch\/wp-content\/uploads\/2023\/10\/CN1-300x162.jpg 300w, https:\/\/www.revuemusicale.ch\/wp-content\/uploads\/2023\/10\/CN1-1024x551.jpg 1024w, https:\/\/www.revuemusicale.ch\/wp-content\/uploads\/2023\/10\/CN1-768x414.jpg 768w, https:\/\/www.revuemusicale.ch\/wp-content\/uploads\/2023\/10\/CN1-1536x827.jpg 1536w, https:\/\/www.revuemusicale.ch\/wp-content\/uploads\/2023\/10\/CN1-2048x1103.jpg 2048w, https:\/\/www.revuemusicale.ch\/wp-content\/uploads\/2023\/10\/CN1-325x175.jpg 325w, https:\/\/www.revuemusicale.ch\/wp-content\/uploads\/2023\/10\/CN1-650x350.jpg 650w, https:\/\/www.revuemusicale.ch\/wp-content\/uploads\/2023\/10\/CN1-1485x800.jpg 1485w, https:\/\/www.revuemusicale.ch\/wp-content\/uploads\/2023\/10\/CN1-920x495.jpg 920w\" sizes=\"auto, (max-width: 1400px) 100vw, 1400px\" \/><figcaption id=\"caption-attachment-29929\" class=\"wp-caption-text\"><a href=\"https:\/\/www.nicati.ch\" target=\"_blank\" rel=\"noopener\">https:\/\/www.nicati.ch<\/a>. Progettista grafico: Thomas Hirter<\/figcaption><\/figure>\n<p>La decima edizione del Concorso Nicati, il concorso svizzero di musica contemporanea organizzato dalla Fondazione Nicati-de Luze, si \u00e8 svolta a Lucerna dal 21 al 27 agosto. \u00c8 stato ospitato da HSLU-Musik, partner dell'evento. Le categorie erano tre: Solo ed Ensemble, dove i candidati hanno eseguito composizioni svizzere e internazionali scritte dopo il 1945, e la categoria Open Space, con creazioni che non hanno assunto la forma di un concerto convenzionale. Il Concorso ha riunito molti aspetti della musica contemporanea: brani strumentali e vocali, teatro musicale, elettronica, opere multimediali e performance multidisciplinari.<\/p>\n<p>Sono stati selezionati 6 ensemble, 14 solisti e 9 progetti Open Space provenienti da tutta la Svizzera. Nell'arco di 7 giorni, il pubblico ha potuto assistere gratuitamente a 26 concerti e 11 spettacoli, comprese le finali seguite da aperitivi per tutti.<\/p>\n<p>I finalisti riceveranno un premio in denaro di 48.000 franchi svizzeri, oltre all'opportunit\u00e0 per i primi classificati di esibirsi nelle stagioni dell'IGNM di Berna, dell'SMC di Losanna e dell'FNML di Lucerna.<\/p>\n<h3>Elenco premi 2023<\/h3>\n<p><strong>Premio per l'esecuzione di un ensemble<\/strong><\/p>\n<p><strong>1a<\/strong> Duetto 2.26. Clara Giner Franco (flauto), H\u00e8ctor Rodr\u00edguez Palacios (flauto)<\/p>\n<figure id=\"attachment_29933\" aria-describedby=\"caption-attachment-29933\" style=\"width: 2362px\" class=\"wp-caption alignnone\"><img loading=\"lazy\" decoding=\"async\" class=\"wp-image-29933 size-full\" src=\"https:\/\/www.revuemusicale.ch\/wp-content\/uploads\/2023\/10\/CN2.jpg\" alt=\"\" width=\"2362\" height=\"1890\" srcset=\"https:\/\/www.revuemusicale.ch\/wp-content\/uploads\/2023\/10\/CN2.jpg 1250w, https:\/\/www.revuemusicale.ch\/wp-content\/uploads\/2023\/10\/CN2-300x240.jpg 300w, https:\/\/www.revuemusicale.ch\/wp-content\/uploads\/2023\/10\/CN2-1024x819.jpg 1024w, https:\/\/www.revuemusicale.ch\/wp-content\/uploads\/2023\/10\/CN2-768x615.jpg 768w, https:\/\/www.revuemusicale.ch\/wp-content\/uploads\/2023\/10\/CN2-1536x1229.jpg 1536w, https:\/\/www.revuemusicale.ch\/wp-content\/uploads\/2023\/10\/CN2-2048x1639.jpg 2048w, https:\/\/www.revuemusicale.ch\/wp-content\/uploads\/2023\/10\/CN2-219x175.jpg 219w, https:\/\/www.revuemusicale.ch\/wp-content\/uploads\/2023\/10\/CN2-437x350.jpg 437w, https:\/\/www.revuemusicale.ch\/wp-content\/uploads\/2023\/10\/CN2-1000x800.jpg 1000w, https:\/\/www.revuemusicale.ch\/wp-content\/uploads\/2023\/10\/CN2-920x736.jpg 920w, https:\/\/www.revuemusicale.ch\/wp-content\/uploads\/2023\/10\/CN2-1400x1120.jpg 1400w\" sizes=\"auto, (max-width: 2362px) 100vw, 2362px\" \/><figcaption id=\"caption-attachment-29933\" class=\"wp-caption-text\">Duetto 2.26. Foto: Erwin Fonseca<\/figcaption><\/figure>\n<p><strong>2a<\/strong> Duo Signal. Adri\u00e1n Albaladejo D\u00edaz (trombone), Alejandro Oliv\u00e1n Lopez (sassofoni)<\/p>\n<figure id=\"attachment_29934\" aria-describedby=\"caption-attachment-29934\" style=\"width: 1920px\" class=\"wp-caption alignnone\"><img loading=\"lazy\" decoding=\"async\" class=\"wp-image-29934 size-full\" src=\"https:\/\/www.revuemusicale.ch\/wp-content\/uploads\/2023\/10\/CN3.jpg\" alt=\"\" width=\"1920\" height=\"1080\" srcset=\"https:\/\/www.revuemusicale.ch\/wp-content\/uploads\/2023\/10\/CN3.jpg 1400w, https:\/\/www.revuemusicale.ch\/wp-content\/uploads\/2023\/10\/CN3-300x169.jpg 300w, https:\/\/www.revuemusicale.ch\/wp-content\/uploads\/2023\/10\/CN3-1024x576.jpg 1024w, https:\/\/www.revuemusicale.ch\/wp-content\/uploads\/2023\/10\/CN3-768x432.jpg 768w, https:\/\/www.revuemusicale.ch\/wp-content\/uploads\/2023\/10\/CN3-1536x864.jpg 1536w, https:\/\/www.revuemusicale.ch\/wp-content\/uploads\/2023\/10\/CN3-311x175.jpg 311w, https:\/\/www.revuemusicale.ch\/wp-content\/uploads\/2023\/10\/CN3-622x350.jpg 622w, https:\/\/www.revuemusicale.ch\/wp-content\/uploads\/2023\/10\/CN3-1422x800.jpg 1422w, https:\/\/www.revuemusicale.ch\/wp-content\/uploads\/2023\/10\/CN3-920x518.jpg 920w\" sizes=\"auto, (max-width: 1920px) 100vw, 1920px\" \/><figcaption id=\"caption-attachment-29934\" class=\"wp-caption-text\">Duo Signal. Foto: Erwin Fonseca<\/figcaption><\/figure>\n<p><strong>3a<\/strong> Moser String Quartet. Ariadna Bataller Calatayud (viola), Lea Galasso (violoncello), Kanon Miyashita (violino), Patricia Muro Francia (violino)<\/p>\n<figure id=\"attachment_29935\" aria-describedby=\"caption-attachment-29935\" style=\"width: 2268px\" class=\"wp-caption alignnone\"><img loading=\"lazy\" decoding=\"async\" class=\"wp-image-29935 size-full\" src=\"https:\/\/www.revuemusicale.ch\/wp-content\/uploads\/2023\/10\/CN4.jpg\" alt=\"\" width=\"2268\" height=\"1276\" srcset=\"https:\/\/www.revuemusicale.ch\/wp-content\/uploads\/2023\/10\/CN4.jpg 1400w, https:\/\/www.revuemusicale.ch\/wp-content\/uploads\/2023\/10\/CN4-300x169.jpg 300w, https:\/\/www.revuemusicale.ch\/wp-content\/uploads\/2023\/10\/CN4-1024x576.jpg 1024w, https:\/\/www.revuemusicale.ch\/wp-content\/uploads\/2023\/10\/CN4-768x432.jpg 768w, https:\/\/www.revuemusicale.ch\/wp-content\/uploads\/2023\/10\/CN4-1536x864.jpg 1536w, https:\/\/www.revuemusicale.ch\/wp-content\/uploads\/2023\/10\/CN4-2048x1152.jpg 2048w, https:\/\/www.revuemusicale.ch\/wp-content\/uploads\/2023\/10\/CN4-311x175.jpg 311w, https:\/\/www.revuemusicale.ch\/wp-content\/uploads\/2023\/10\/CN4-622x350.jpg 622w, https:\/\/www.revuemusicale.ch\/wp-content\/uploads\/2023\/10\/CN4-1422x800.jpg 1422w, https:\/\/www.revuemusicale.ch\/wp-content\/uploads\/2023\/10\/CN4-920x518.jpg 920w\" sizes=\"auto, (max-width: 2268px) 100vw, 2268px\" \/><figcaption id=\"caption-attachment-29935\" class=\"wp-caption-text\">Quartetto d'archi Moser. Foto: Erwin Fonseca<\/figcaption><\/figure>\n<p><strong>Premio per la performance solista<\/strong><\/p>\n<p><strong>1a<\/strong> Francesco Palmieri (chitarra)<\/p>\n<figure id=\"attachment_29936\" aria-describedby=\"caption-attachment-29936\" style=\"width: 2268px\" class=\"wp-caption alignnone\"><img loading=\"lazy\" decoding=\"async\" class=\"wp-image-29936 size-full\" src=\"https:\/\/www.revuemusicale.ch\/wp-content\/uploads\/2023\/10\/CN5.jpg\" alt=\"\" width=\"2268\" height=\"1512\" srcset=\"https:\/\/www.revuemusicale.ch\/wp-content\/uploads\/2023\/10\/CN5.jpg 1400w, https:\/\/www.revuemusicale.ch\/wp-content\/uploads\/2023\/10\/CN5-300x200.jpg 300w, https:\/\/www.revuemusicale.ch\/wp-content\/uploads\/2023\/10\/CN5-1024x683.jpg 1024w, https:\/\/www.revuemusicale.ch\/wp-content\/uploads\/2023\/10\/CN5-600x400.jpg 600w, https:\/\/www.revuemusicale.ch\/wp-content\/uploads\/2023\/10\/CN5-768x512.jpg 768w, https:\/\/www.revuemusicale.ch\/wp-content\/uploads\/2023\/10\/CN5-1536x1024.jpg 1536w, https:\/\/www.revuemusicale.ch\/wp-content\/uploads\/2023\/10\/CN5-2048x1365.jpg 2048w, https:\/\/www.revuemusicale.ch\/wp-content\/uploads\/2023\/10\/CN5-263x175.jpg 263w, https:\/\/www.revuemusicale.ch\/wp-content\/uploads\/2023\/10\/CN5-525x350.jpg 525w, https:\/\/www.revuemusicale.ch\/wp-content\/uploads\/2023\/10\/CN5-1200x800.jpg 1200w, https:\/\/www.revuemusicale.ch\/wp-content\/uploads\/2023\/10\/CN5-920x613.jpg 920w\" sizes=\"auto, (max-width: 2268px) 100vw, 2268px\" \/><figcaption id=\"caption-attachment-29936\" class=\"wp-caption-text\">Francesco Palmieri. Foto: Erwin Fonseca<\/figcaption><\/figure>\n<p><strong>2a<\/strong> Alexandre Ferreira Silva (percussioni)<\/p>\n<figure id=\"attachment_29937\" aria-describedby=\"caption-attachment-29937\" style=\"width: 1400px\" class=\"wp-caption alignnone\"><img loading=\"lazy\" decoding=\"async\" class=\"wp-image-29937 size-full\" src=\"https:\/\/www.revuemusicale.ch\/wp-content\/uploads\/2023\/10\/CN6.jpg\" alt=\"\" width=\"1400\" height=\"788\" srcset=\"https:\/\/www.revuemusicale.ch\/wp-content\/uploads\/2023\/10\/CN6.jpg 1400w, https:\/\/www.revuemusicale.ch\/wp-content\/uploads\/2023\/10\/CN6-300x169.jpg 300w, https:\/\/www.revuemusicale.ch\/wp-content\/uploads\/2023\/10\/CN6-1024x576.jpg 1024w, https:\/\/www.revuemusicale.ch\/wp-content\/uploads\/2023\/10\/CN6-768x432.jpg 768w, https:\/\/www.revuemusicale.ch\/wp-content\/uploads\/2023\/10\/CN6-1536x864.jpg 1536w, https:\/\/www.revuemusicale.ch\/wp-content\/uploads\/2023\/10\/CN6-311x175.jpg 311w, https:\/\/www.revuemusicale.ch\/wp-content\/uploads\/2023\/10\/CN6-622x350.jpg 622w, https:\/\/www.revuemusicale.ch\/wp-content\/uploads\/2023\/10\/CN6-1422x800.jpg 1422w, https:\/\/www.revuemusicale.ch\/wp-content\/uploads\/2023\/10\/CN6-920x518.jpg 920w\" sizes=\"auto, (max-width: 1400px) 100vw, 1400px\" \/><figcaption id=\"caption-attachment-29937\" class=\"wp-caption-text\">Alexandre Ferreira Silva. Foto: Erwin Fonseca<\/figcaption><\/figure>\n<p><strong>3a<\/strong> Nora Bertogg (voce)<\/p>\n<figure id=\"attachment_29938\" aria-describedby=\"caption-attachment-29938\" style=\"width: 2268px\" class=\"wp-caption alignnone\"><img loading=\"lazy\" decoding=\"async\" class=\"wp-image-29938 size-full\" src=\"https:\/\/www.revuemusicale.ch\/wp-content\/uploads\/2023\/10\/CN7.jpg\" alt=\"\" width=\"2268\" height=\"1512\" srcset=\"https:\/\/www.revuemusicale.ch\/wp-content\/uploads\/2023\/10\/CN7.jpg 1400w, https:\/\/www.revuemusicale.ch\/wp-content\/uploads\/2023\/10\/CN7-300x200.jpg 300w, https:\/\/www.revuemusicale.ch\/wp-content\/uploads\/2023\/10\/CN7-1024x683.jpg 1024w, https:\/\/www.revuemusicale.ch\/wp-content\/uploads\/2023\/10\/CN7-600x400.jpg 600w, https:\/\/www.revuemusicale.ch\/wp-content\/uploads\/2023\/10\/CN7-768x512.jpg 768w, https:\/\/www.revuemusicale.ch\/wp-content\/uploads\/2023\/10\/CN7-1536x1024.jpg 1536w, https:\/\/www.revuemusicale.ch\/wp-content\/uploads\/2023\/10\/CN7-2048x1365.jpg 2048w, https:\/\/www.revuemusicale.ch\/wp-content\/uploads\/2023\/10\/CN7-263x175.jpg 263w, https:\/\/www.revuemusicale.ch\/wp-content\/uploads\/2023\/10\/CN7-525x350.jpg 525w, https:\/\/www.revuemusicale.ch\/wp-content\/uploads\/2023\/10\/CN7-1200x800.jpg 1200w, https:\/\/www.revuemusicale.ch\/wp-content\/uploads\/2023\/10\/CN7-920x613.jpg 920w\" sizes=\"auto, (max-width: 2268px) 100vw, 2268px\" \/><figcaption id=\"caption-attachment-29938\" class=\"wp-caption-text\">Nora Bertogg. Foto: Erwin Fonseca<\/figcaption><\/figure>\n<p>&nbsp;<\/p>\n<p><strong>Premio per lo spazio aperto<\/strong><\/p>\n<p><strong>1a<\/strong> Can Etterlin (composizione e performance)<\/p>\n<figure id=\"attachment_29939\" aria-describedby=\"caption-attachment-29939\" style=\"width: 2268px\" class=\"wp-caption alignnone\"><img loading=\"lazy\" decoding=\"async\" class=\"wp-image-29939 size-full\" src=\"https:\/\/www.revuemusicale.ch\/wp-content\/uploads\/2023\/10\/CN8.jpg\" alt=\"\" width=\"2268\" height=\"1512\" srcset=\"https:\/\/www.revuemusicale.ch\/wp-content\/uploads\/2023\/10\/CN8.jpg 1400w, https:\/\/www.revuemusicale.ch\/wp-content\/uploads\/2023\/10\/CN8-300x200.jpg 300w, https:\/\/www.revuemusicale.ch\/wp-content\/uploads\/2023\/10\/CN8-1024x683.jpg 1024w, https:\/\/www.revuemusicale.ch\/wp-content\/uploads\/2023\/10\/CN8-600x400.jpg 600w, https:\/\/www.revuemusicale.ch\/wp-content\/uploads\/2023\/10\/CN8-768x512.jpg 768w, https:\/\/www.revuemusicale.ch\/wp-content\/uploads\/2023\/10\/CN8-1536x1024.jpg 1536w, https:\/\/www.revuemusicale.ch\/wp-content\/uploads\/2023\/10\/CN8-2048x1365.jpg 2048w, https:\/\/www.revuemusicale.ch\/wp-content\/uploads\/2023\/10\/CN8-263x175.jpg 263w, https:\/\/www.revuemusicale.ch\/wp-content\/uploads\/2023\/10\/CN8-525x350.jpg 525w, https:\/\/www.revuemusicale.ch\/wp-content\/uploads\/2023\/10\/CN8-1200x800.jpg 1200w, https:\/\/www.revuemusicale.ch\/wp-content\/uploads\/2023\/10\/CN8-920x613.jpg 920w\" sizes=\"auto, (max-width: 2268px) 100vw, 2268px\" \/><figcaption id=\"caption-attachment-29939\" class=\"wp-caption-text\">Can Etterlin. Foto: Erwin Fonseca<\/figcaption><\/figure>\n<p><strong>2a<\/strong> Ludmilla Mercier e Andrea Zamengo (composizione e performance)<\/p>\n<figure id=\"attachment_29940\" aria-describedby=\"caption-attachment-29940\" style=\"width: 1920px\" class=\"wp-caption alignnone\"><img loading=\"lazy\" decoding=\"async\" class=\"wp-image-29940 size-full\" src=\"https:\/\/www.revuemusicale.ch\/wp-content\/uploads\/2023\/10\/CN9.jpg\" alt=\"\" width=\"1920\" height=\"1080\" srcset=\"https:\/\/www.revuemusicale.ch\/wp-content\/uploads\/2023\/10\/CN9.jpg 1400w, https:\/\/www.revuemusicale.ch\/wp-content\/uploads\/2023\/10\/CN9-300x169.jpg 300w, https:\/\/www.revuemusicale.ch\/wp-content\/uploads\/2023\/10\/CN9-1024x576.jpg 1024w, https:\/\/www.revuemusicale.ch\/wp-content\/uploads\/2023\/10\/CN9-768x432.jpg 768w, https:\/\/www.revuemusicale.ch\/wp-content\/uploads\/2023\/10\/CN9-1536x864.jpg 1536w, https:\/\/www.revuemusicale.ch\/wp-content\/uploads\/2023\/10\/CN9-311x175.jpg 311w, https:\/\/www.revuemusicale.ch\/wp-content\/uploads\/2023\/10\/CN9-622x350.jpg 622w, https:\/\/www.revuemusicale.ch\/wp-content\/uploads\/2023\/10\/CN9-1422x800.jpg 1422w, https:\/\/www.revuemusicale.ch\/wp-content\/uploads\/2023\/10\/CN9-920x518.jpg 920w\" sizes=\"auto, (max-width: 1920px) 100vw, 1920px\" \/><figcaption id=\"caption-attachment-29940\" class=\"wp-caption-text\">Andrea Zamengo e Ludmilla Mercier. Foto: Erwin Fonseca<\/figcaption><\/figure>\n<p>&nbsp;<\/p>\n<p>La prossima edizione \u00e8 prevista per il 2025.<\/p>\n<p>&nbsp;<\/p>\n<p><strong>Sito web : <a href=\"http:\/\/nicati.ch\" target=\"_blank\" rel=\"noopener\">nicati.ch<\/a><\/strong><\/p>\n<p><strong>Instagram: concoursnicati2023<\/strong><\/p>\n<p>&nbsp;<\/p>","protected":false},"excerpt":{"rendered":"<p>Un'edizione nuova e lungimirante.<\/p>","protected":false},"author":1,"featured_media":29929,"comment_status":"closed","ping_status":"closed","sticky":false,"template":"","format":"standard","meta":{"_acf_changed":false,"_relevanssi_hide_post":"","_relevanssi_hide_content":"","_relevanssi_pin_for_all":"","_relevanssi_pin_keywords":"","_relevanssi_unpin_keywords":"","_relevanssi_related_keywords":"","_relevanssi_related_include_ids":"","_relevanssi_related_exclude_ids":"","_relevanssi_related_no_append":"","_relevanssi_related_not_related":"","_relevanssi_related_posts":"","_relevanssi_noindex_reason":"","pgc_sgb_lightbox_settings":"","footnotes":""},"categories":[1693,30],"tags":[1838],"class_list":["post-29870","post","type-post","status-publish","format-standard","has-post-thumbnail","hentry","category-concours","category-service","tag-concours-nicati"],"acf":[],"yoast_head":"<!-- This site is optimized with the Yoast SEO plugin v27.3 - https:\/\/yoast.com\/product\/yoast-seo-wordpress\/ -->\n<title>Concours Nicati 2023 - Revue Musicale Suisse<\/title>\n<meta name=\"description\" content=\"Une nouvelle \u00e9dition tourn\u00e9e vers l&#039;avenir.\" \/>\n<meta name=\"robots\" content=\"index, follow, max-snippet:-1, max-image-preview:large, max-video-preview:-1\" \/>\n<link rel=\"canonical\" href=\"https:\/\/www.revuemusicale.ch\/it\/service\/2023\/10\/concours-nicati-2023\/\" \/>\n<meta property=\"og:locale\" content=\"it_IT\" \/>\n<meta property=\"og:type\" content=\"article\" \/>\n<meta property=\"og:title\" content=\"Concours Nicati 2023 - Revue Musicale Suisse\" \/>\n<meta property=\"og:description\" content=\"Une nouvelle \u00e9dition tourn\u00e9e vers l&#039;avenir.\" \/>\n<meta property=\"og:url\" content=\"https:\/\/www.revuemusicale.ch\/it\/service\/2023\/10\/concours-nicati-2023\/\" \/>\n<meta property=\"og:site_name\" content=\"Revue Musicale Suisse\" \/>\n<meta property=\"article:publisher\" content=\"https:\/\/www.facebook.com\/SchweizerMusikzeitung\/\" \/>\n<meta property=\"article:published_time\" content=\"2023-10-26T13:25:48+00:00\" \/>\n<meta property=\"article:modified_time\" content=\"2023-11-19T16:35:54+00:00\" \/>\n<meta property=\"og:image\" content=\"https:\/\/www.revuemusicale.ch\/wp-content\/uploads\/2023\/10\/CN1.jpg\" \/>\n\t<meta property=\"og:image:width\" content=\"1400\" \/>\n\t<meta property=\"og:image:height\" content=\"754\" \/>\n\t<meta property=\"og:image:type\" content=\"image\/jpeg\" \/>\n<meta name=\"author\" content=\"Musikzeitung-Redaktion\" \/>\n<meta name=\"twitter:card\" content=\"summary_large_image\" \/>\n<meta name=\"twitter:creator\" content=\"@smusikzeitung\" \/>\n<meta name=\"twitter:site\" content=\"@smusikzeitung\" \/>\n<meta name=\"twitter:label1\" content=\"Scritto da\" \/>\n\t<meta name=\"twitter:data1\" content=\"Musikzeitung-Redaktion\" \/>\n\t<meta name=\"twitter:label2\" content=\"Tempo di lettura stimato\" \/>\n\t<meta name=\"twitter:data2\" content=\"2 minuti\" \/>\n<script type=\"application\/ld+json\" class=\"yoast-schema-graph\">{\"@context\":\"https:\\\/\\\/schema.org\",\"@graph\":[{\"@type\":\"Article\",\"@id\":\"https:\\\/\\\/www.revuemusicale.ch\\\/service\\\/2023\\\/10\\\/concours-nicati-2023#article\",\"isPartOf\":{\"@id\":\"https:\\\/\\\/www.revuemusicale.ch\\\/service\\\/2023\\\/10\\\/concours-nicati-2023\"},\"author\":{\"name\":\"Musikzeitung-Redaktion\",\"@id\":\"https:\\\/\\\/www.revuemusicale.ch\\\/#\\\/schema\\\/person\\\/b2fd892c800856270b9dcc6001265712\"},\"headline\":\"Concours Nicati 2023\",\"datePublished\":\"2023-10-26T13:25:48+00:00\",\"dateModified\":\"2023-11-19T16:35:54+00:00\",\"mainEntityOfPage\":{\"@id\":\"https:\\\/\\\/www.revuemusicale.ch\\\/service\\\/2023\\\/10\\\/concours-nicati-2023\"},\"wordCount\":397,\"publisher\":{\"@id\":\"https:\\\/\\\/www.revuemusicale.ch\\\/#organization\"},\"image\":{\"@id\":\"https:\\\/\\\/www.revuemusicale.ch\\\/service\\\/2023\\\/10\\\/concours-nicati-2023#primaryimage\"},\"thumbnailUrl\":\"https:\\\/\\\/www.revuemusicale.ch\\\/wp-content\\\/uploads\\\/2023\\\/10\\\/CN1.jpg\",\"keywords\":[\"Concours Nicati\"],\"articleSection\":[\"Concours\",\"Service\"],\"inLanguage\":\"it-IT\"},{\"@type\":\"WebPage\",\"@id\":\"https:\\\/\\\/www.revuemusicale.ch\\\/service\\\/2023\\\/10\\\/concours-nicati-2023\",\"url\":\"https:\\\/\\\/www.revuemusicale.ch\\\/service\\\/2023\\\/10\\\/concours-nicati-2023\",\"name\":\"Concours Nicati 2023 - Revue Musicale Suisse\",\"isPartOf\":{\"@id\":\"https:\\\/\\\/www.revuemusicale.ch\\\/#website\"},\"primaryImageOfPage\":{\"@id\":\"https:\\\/\\\/www.revuemusicale.ch\\\/service\\\/2023\\\/10\\\/concours-nicati-2023#primaryimage\"},\"image\":{\"@id\":\"https:\\\/\\\/www.revuemusicale.ch\\\/service\\\/2023\\\/10\\\/concours-nicati-2023#primaryimage\"},\"thumbnailUrl\":\"https:\\\/\\\/www.revuemusicale.ch\\\/wp-content\\\/uploads\\\/2023\\\/10\\\/CN1.jpg\",\"datePublished\":\"2023-10-26T13:25:48+00:00\",\"dateModified\":\"2023-11-19T16:35:54+00:00\",\"description\":\"Une nouvelle \u00e9dition tourn\u00e9e vers l'avenir.\",\"breadcrumb\":{\"@id\":\"https:\\\/\\\/www.revuemusicale.ch\\\/service\\\/2023\\\/10\\\/concours-nicati-2023#breadcrumb\"},\"inLanguage\":\"it-IT\",\"potentialAction\":[{\"@type\":\"ReadAction\",\"target\":[\"https:\\\/\\\/www.revuemusicale.ch\\\/service\\\/2023\\\/10\\\/concours-nicati-2023\"]}]},{\"@type\":\"ImageObject\",\"inLanguage\":\"it-IT\",\"@id\":\"https:\\\/\\\/www.revuemusicale.ch\\\/service\\\/2023\\\/10\\\/concours-nicati-2023#primaryimage\",\"url\":\"https:\\\/\\\/www.revuemusicale.ch\\\/wp-content\\\/uploads\\\/2023\\\/10\\\/CN1.jpg\",\"contentUrl\":\"https:\\\/\\\/www.revuemusicale.ch\\\/wp-content\\\/uploads\\\/2023\\\/10\\\/CN1.jpg\",\"width\":1400,\"height\":754,\"caption\":\"https:\\\/\\\/www.nicati.ch. Photo : Thomas Hirter\"},{\"@type\":\"BreadcrumbList\",\"@id\":\"https:\\\/\\\/www.revuemusicale.ch\\\/service\\\/2023\\\/10\\\/concours-nicati-2023#breadcrumb\",\"itemListElement\":[{\"@type\":\"ListItem\",\"position\":1,\"name\":\"Home\",\"item\":\"https:\\\/\\\/www.revuemusicale.ch\\\/\"},{\"@type\":\"ListItem\",\"position\":2,\"name\":\"Concours Nicati 2023\"}]},{\"@type\":\"WebSite\",\"@id\":\"https:\\\/\\\/www.revuemusicale.ch\\\/#website\",\"url\":\"https:\\\/\\\/www.revuemusicale.ch\\\/\",\"name\":\"Revue Musicale Suisse\",\"description\":\"\",\"publisher\":{\"@id\":\"https:\\\/\\\/www.revuemusicale.ch\\\/#organization\"},\"potentialAction\":[{\"@type\":\"SearchAction\",\"target\":{\"@type\":\"EntryPoint\",\"urlTemplate\":\"https:\\\/\\\/www.revuemusicale.ch\\\/?s={search_term_string}\"},\"query-input\":{\"@type\":\"PropertyValueSpecification\",\"valueRequired\":true,\"valueName\":\"search_term_string\"}}],\"inLanguage\":\"it-IT\"},{\"@type\":\"Organization\",\"@id\":\"https:\\\/\\\/www.revuemusicale.ch\\\/#organization\",\"name\":\"Revue Musicale Suisse\",\"url\":\"https:\\\/\\\/www.revuemusicale.ch\\\/\",\"logo\":{\"@type\":\"ImageObject\",\"inLanguage\":\"it-IT\",\"@id\":\"https:\\\/\\\/www.revuemusicale.ch\\\/#\\\/schema\\\/logo\\\/image\\\/\",\"url\":\"https:\\\/\\\/www.revuemusicale.ch\\\/wp-content\\\/uploads\\\/2023\\\/01\\\/logo_revuemusicale_musikzeitung.jpg\",\"contentUrl\":\"https:\\\/\\\/www.revuemusicale.ch\\\/wp-content\\\/uploads\\\/2023\\\/01\\\/logo_revuemusicale_musikzeitung.jpg\",\"width\":1200,\"height\":243,\"caption\":\"Revue Musicale Suisse\"},\"image\":{\"@id\":\"https:\\\/\\\/www.revuemusicale.ch\\\/#\\\/schema\\\/logo\\\/image\\\/\"},\"sameAs\":[\"https:\\\/\\\/www.facebook.com\\\/SchweizerMusikzeitung\\\/\",\"https:\\\/\\\/x.com\\\/smusikzeitung\",\"https:\\\/\\\/www.instagram.com\\\/musikzeitung.ch\\\/?hl=de\"]},{\"@type\":\"Person\",\"@id\":\"https:\\\/\\\/www.revuemusicale.ch\\\/#\\\/schema\\\/person\\\/b2fd892c800856270b9dcc6001265712\",\"name\":\"Musikzeitung-Redaktion\",\"image\":{\"@type\":\"ImageObject\",\"inLanguage\":\"it-IT\",\"@id\":\"https:\\\/\\\/secure.gravatar.com\\\/avatar\\\/0c7e6a405862e402eb76a70f8a26fc732d07c32931e9fae9ab1582911d2e8a3b?s=96&d=mm&r=g\",\"url\":\"https:\\\/\\\/secure.gravatar.com\\\/avatar\\\/0c7e6a405862e402eb76a70f8a26fc732d07c32931e9fae9ab1582911d2e8a3b?s=96&d=mm&r=g\",\"contentUrl\":\"https:\\\/\\\/secure.gravatar.com\\\/avatar\\\/0c7e6a405862e402eb76a70f8a26fc732d07c32931e9fae9ab1582911d2e8a3b?s=96&d=mm&r=g\",\"caption\":\"Musikzeitung-Redaktion\"},\"sameAs\":[\"http:\\\/\\\/wundo-docker.io\"],\"url\":\"https:\\\/\\\/www.revuemusicale.ch\\\/it\\\/author\\\/admin\"}]}<\/script>\n<!-- \/ Yoast SEO plugin. -->","yoast_head_json":{"title":"Concours Nicati 2023 - Revue Musicale Suisse","description":"Un'edizione nuova e lungimirante.","robots":{"index":"index","follow":"follow","max-snippet":"max-snippet:-1","max-image-preview":"max-image-preview:large","max-video-preview":"max-video-preview:-1"},"canonical":"https:\/\/www.revuemusicale.ch\/it\/service\/2023\/10\/concours-nicati-2023\/","og_locale":"it_IT","og_type":"article","og_title":"Concours Nicati 2023 - Revue Musicale Suisse","og_description":"Une nouvelle \u00e9dition tourn\u00e9e vers l'avenir.","og_url":"https:\/\/www.revuemusicale.ch\/it\/service\/2023\/10\/concours-nicati-2023\/","og_site_name":"Revue Musicale Suisse","article_publisher":"https:\/\/www.facebook.com\/SchweizerMusikzeitung\/","article_published_time":"2023-10-26T13:25:48+00:00","article_modified_time":"2023-11-19T16:35:54+00:00","og_image":[{"width":1400,"height":754,"url":"https:\/\/www.revuemusicale.ch\/wp-content\/uploads\/2023\/10\/CN1.jpg","type":"image\/jpeg"}],"author":"Musikzeitung-Redaktion","twitter_card":"summary_large_image","twitter_creator":"@smusikzeitung","twitter_site":"@smusikzeitung","twitter_misc":{"Scritto da":"Musikzeitung-Redaktion","Tempo di lettura stimato":"2 minuti"},"schema":{"@context":"https:\/\/schema.org","@graph":[{"@type":"Article","@id":"https:\/\/www.revuemusicale.ch\/service\/2023\/10\/concours-nicati-2023#article","isPartOf":{"@id":"https:\/\/www.revuemusicale.ch\/service\/2023\/10\/concours-nicati-2023"},"author":{"name":"Musikzeitung-Redaktion","@id":"https:\/\/www.revuemusicale.ch\/#\/schema\/person\/b2fd892c800856270b9dcc6001265712"},"headline":"Concours Nicati 2023","datePublished":"2023-10-26T13:25:48+00:00","dateModified":"2023-11-19T16:35:54+00:00","mainEntityOfPage":{"@id":"https:\/\/www.revuemusicale.ch\/service\/2023\/10\/concours-nicati-2023"},"wordCount":397,"publisher":{"@id":"https:\/\/www.revuemusicale.ch\/#organization"},"image":{"@id":"https:\/\/www.revuemusicale.ch\/service\/2023\/10\/concours-nicati-2023#primaryimage"},"thumbnailUrl":"https:\/\/www.revuemusicale.ch\/wp-content\/uploads\/2023\/10\/CN1.jpg","keywords":["Concours Nicati"],"articleSection":["Concours","Service"],"inLanguage":"it-IT"},{"@type":"WebPage","@id":"https:\/\/www.revuemusicale.ch\/service\/2023\/10\/concours-nicati-2023","url":"https:\/\/www.revuemusicale.ch\/service\/2023\/10\/concours-nicati-2023","name":"Concours Nicati 2023 - Revue Musicale Suisse","isPartOf":{"@id":"https:\/\/www.revuemusicale.ch\/#website"},"primaryImageOfPage":{"@id":"https:\/\/www.revuemusicale.ch\/service\/2023\/10\/concours-nicati-2023#primaryimage"},"image":{"@id":"https:\/\/www.revuemusicale.ch\/service\/2023\/10\/concours-nicati-2023#primaryimage"},"thumbnailUrl":"https:\/\/www.revuemusicale.ch\/wp-content\/uploads\/2023\/10\/CN1.jpg","datePublished":"2023-10-26T13:25:48+00:00","dateModified":"2023-11-19T16:35:54+00:00","description":"Un'edizione nuova e lungimirante.","breadcrumb":{"@id":"https:\/\/www.revuemusicale.ch\/service\/2023\/10\/concours-nicati-2023#breadcrumb"},"inLanguage":"it-IT","potentialAction":[{"@type":"ReadAction","target":["https:\/\/www.revuemusicale.ch\/service\/2023\/10\/concours-nicati-2023"]}]},{"@type":"ImageObject","inLanguage":"it-IT","@id":"https:\/\/www.revuemusicale.ch\/service\/2023\/10\/concours-nicati-2023#primaryimage","url":"https:\/\/www.revuemusicale.ch\/wp-content\/uploads\/2023\/10\/CN1.jpg","contentUrl":"https:\/\/www.revuemusicale.ch\/wp-content\/uploads\/2023\/10\/CN1.jpg","width":1400,"height":754,"caption":"https:\/\/www.nicati.ch. Photo : Thomas Hirter"},{"@type":"BreadcrumbList","@id":"https:\/\/www.revuemusicale.ch\/service\/2023\/10\/concours-nicati-2023#breadcrumb","itemListElement":[{"@type":"ListItem","position":1,"name":"Home","item":"https:\/\/www.revuemusicale.ch\/"},{"@type":"ListItem","position":2,"name":"Concours Nicati 2023"}]},{"@type":"WebSite","@id":"https:\/\/www.revuemusicale.ch\/#website","url":"https:\/\/www.revuemusicale.ch\/","name":"Rassegna musicale svizzera","description":"","publisher":{"@id":"https:\/\/www.revuemusicale.ch\/#organization"},"potentialAction":[{"@type":"SearchAction","target":{"@type":"EntryPoint","urlTemplate":"https:\/\/www.revuemusicale.ch\/?s={search_term_string}"},"query-input":{"@type":"PropertyValueSpecification","valueRequired":true,"valueName":"search_term_string"}}],"inLanguage":"it-IT"},{"@type":"Organization","@id":"https:\/\/www.revuemusicale.ch\/#organization","name":"Rassegna musicale svizzera","url":"https:\/\/www.revuemusicale.ch\/","logo":{"@type":"ImageObject","inLanguage":"it-IT","@id":"https:\/\/www.revuemusicale.ch\/#\/schema\/logo\/image\/","url":"https:\/\/www.revuemusicale.ch\/wp-content\/uploads\/2023\/01\/logo_revuemusicale_musikzeitung.jpg","contentUrl":"https:\/\/www.revuemusicale.ch\/wp-content\/uploads\/2023\/01\/logo_revuemusicale_musikzeitung.jpg","width":1200,"height":243,"caption":"Revue Musicale Suisse"},"image":{"@id":"https:\/\/www.revuemusicale.ch\/#\/schema\/logo\/image\/"},"sameAs":["https:\/\/www.facebook.com\/SchweizerMusikzeitung\/","https:\/\/x.com\/smusikzeitung","https:\/\/www.instagram.com\/musikzeitung.ch\/?hl=de"]},{"@type":"Person","@id":"https:\/\/www.revuemusicale.ch\/#\/schema\/person\/b2fd892c800856270b9dcc6001265712","name":"Musikzeitung-Redaktion","image":{"@type":"ImageObject","inLanguage":"it-IT","@id":"https:\/\/secure.gravatar.com\/avatar\/0c7e6a405862e402eb76a70f8a26fc732d07c32931e9fae9ab1582911d2e8a3b?s=96&d=mm&r=g","url":"https:\/\/secure.gravatar.com\/avatar\/0c7e6a405862e402eb76a70f8a26fc732d07c32931e9fae9ab1582911d2e8a3b?s=96&d=mm&r=g","contentUrl":"https:\/\/secure.gravatar.com\/avatar\/0c7e6a405862e402eb76a70f8a26fc732d07c32931e9fae9ab1582911d2e8a3b?s=96&d=mm&r=g","caption":"Musikzeitung-Redaktion"},"sameAs":["http:\/\/wundo-docker.io"],"url":"https:\/\/www.revuemusicale.ch\/it\/author\/admin"}]}},"publishpress_future_action":{"enabled":false,"date":"1970-01-01 01:00:00","action":"change-status","newStatus":"draft","terms":[],"taxonomy":"category","extraData":[]},"publishpress_future_workflow_manual_trigger":{"enabledWorkflows":[]},"_links":{"self":[{"href":"https:\/\/www.revuemusicale.ch\/it\/wp-json\/wp\/v2\/posts\/29870","targetHints":{"allow":["GET"]}}],"collection":[{"href":"https:\/\/www.revuemusicale.ch\/it\/wp-json\/wp\/v2\/posts"}],"about":[{"href":"https:\/\/www.revuemusicale.ch\/it\/wp-json\/wp\/v2\/types\/post"}],"author":[{"embeddable":true,"href":"https:\/\/www.revuemusicale.ch\/it\/wp-json\/wp\/v2\/users\/1"}],"replies":[{"embeddable":true,"href":"https:\/\/www.revuemusicale.ch\/it\/wp-json\/wp\/v2\/comments?post=29870"}],"version-history":[{"count":6,"href":"https:\/\/www.revuemusicale.ch\/it\/wp-json\/wp\/v2\/posts\/29870\/revisions"}],"predecessor-version":[{"id":29942,"href":"https:\/\/www.revuemusicale.ch\/it\/wp-json\/wp\/v2\/posts\/29870\/revisions\/29942"}],"wp:featuredmedia":[{"embeddable":true,"href":"https:\/\/www.revuemusicale.ch\/it\/wp-json\/wp\/v2\/media\/29929"}],"wp:attachment":[{"href":"https:\/\/www.revuemusicale.ch\/it\/wp-json\/wp\/v2\/media?parent=29870"}],"wp:term":[{"taxonomy":"category","embeddable":true,"href":"https:\/\/www.revuemusicale.ch\/it\/wp-json\/wp\/v2\/categories?post=29870"},{"taxonomy":"post_tag","embeddable":true,"href":"https:\/\/www.revuemusicale.ch\/it\/wp-json\/wp\/v2\/tags?post=29870"}],"curies":[{"name":"wp","href":"https:\/\/api.w.org\/{rel}","templated":true}]}}