{"id":29874,"date":"2023-10-27T01:21:24","date_gmt":"2023-10-26T23:21:24","guid":{"rendered":"https:\/\/www.revuemusicale.ch\/?p=29874"},"modified":"2023-10-27T01:21:24","modified_gmt":"2023-10-26T23:21:24","slug":"ordres-tarifaires-de-lusdam-adaptes-et-completes","status":"publish","type":"post","link":"https:\/\/www.revuemusicale.ch\/it\/basis\/usdam\/2023\/10\/ordres-tarifaires-de-lusdam-adaptes-et-completes","title":{"rendered":"Ordini tariffari USDAM adattati e integrati"},"content":{"rendered":"<p>Frutto di un calcolo meticoloso che tiene conto di diversi fattori, le tariffe dell'USDAM vengono regolarmente adeguate per tenere il passo con la realt\u00e0 dei musicisti e con i cambiamenti della loro professione e della societ\u00e0. Le tariffe erano gi\u00e0 state aumentate di recente per adeguarle all'aumento del costo della vita. \u00c8 stata appena pubblicata una versione riveduta degli ordini tariffari, valida dal 1\u00b0 gennaio 2010.<sup>er<\/sup> settembre di quest'anno, con una nuova formulazione. Inoltre, sono state introdotte nuove aliquote per le esecuzioni relativamente brevi e per le registrazioni sonore e audiovisive di ensemble fino a 12 musicisti (aliquote BK e CK, che si applicano anche quando le prove e i concerti sono registrati o filmati). Sono state fornite ulteriori informazioni su indennit\u00e0 e spese. Il documento pdf contenente gli ordini tariffari pu\u00f2 essere consultato selezionando la scheda \"servizi\" sul sito web dell'USDAM, quindi cliccando su \"tariffe\". Sulla stessa pagina si trovano i calcolatori delle tariffe online, aggiornati di conseguenza e utili sia per i musicisti che per gli organizzatori. Vale la pena sottolineare che tutti gli ordini tariffari si applicano a tutti gli stili di musica, non solo a quella classica.<\/p>\n<p>\u00c8 importante ricordare l'importanza di fissare tariffe minime per evitare la sottoquotazione dei salari. Non verrebbe mai in mente a nessuno di sottopagare un ingegnere o un insegnante con un titolo di studio superiore, quando il loro stipendio \u00e8 spesso almeno il doppio di quello della maggior parte dei musicisti professionisti autonomi. Tuttavia, questi ultimi possiedono entrambe le qualit\u00e0 di un artista e di un artigiano di alto livello e hanno seguito un corso di studi a livello universitario, spesso post-laurea. Per questo motivo, le tariffe fissate dall'USDAM rappresentano il minimo di un'equa remunerazione per i servizi musicali forniti durante gli ingaggi temporanei e dovrebbero essere prese in considerazione da tutti gli organizzatori di concerti e progetti.<\/p>","protected":false},"excerpt":{"rendered":"<p>Le tariffe minime dell'USDAM, utilizzate come punto di riferimento per l'industria musicale svizzera, sono state aggiornate.<\/p>","protected":false},"author":21897,"featured_media":29875,"comment_status":"closed","ping_status":"closed","sticky":false,"template":"","format":"standard","meta":{"_acf_changed":false,"_relevanssi_hide_post":"","_relevanssi_hide_content":"","_relevanssi_pin_for_all":"","_relevanssi_pin_keywords":"","_relevanssi_unpin_keywords":"","_relevanssi_related_keywords":"","_relevanssi_related_include_ids":"","_relevanssi_related_exclude_ids":"","_relevanssi_related_no_append":"","_relevanssi_related_not_related":"","_relevanssi_related_posts":"","_relevanssi_noindex_reason":"","pgc_sgb_lightbox_settings":"","footnotes":""},"categories":[53],"tags":[1840,1841,1839],"class_list":["post-29874","post","type-post","status-publish","format-standard","has-post-thumbnail","hentry","category-usdam","tag-ordre-tarifaire-usdam","tag-remuneration-equitable","tag-tarifs-minimaux"],"acf":[],"yoast_head":"<!-- This site is optimized with the Yoast SEO plugin v27.3 - https:\/\/yoast.com\/product\/yoast-seo-wordpress\/ -->\n<title>Ordres tarifaires de l\u2019USDAM adapt\u00e9s et compl\u00e9t\u00e9s - Revue Musicale Suisse<\/title>\n<meta name=\"robots\" content=\"index, follow, max-snippet:-1, max-image-preview:large, max-video-preview:-1\" \/>\n<link rel=\"canonical\" href=\"https:\/\/www.revuemusicale.ch\/it\/basis\/usdam\/2023\/10\/ordres-tarifaires-de-lusdam-adaptes-et-completes\/\" \/>\n<meta property=\"og:locale\" content=\"it_IT\" \/>\n<meta property=\"og:type\" content=\"article\" \/>\n<meta property=\"og:title\" content=\"Ordres tarifaires de l\u2019USDAM adapt\u00e9s et compl\u00e9t\u00e9s - Revue Musicale Suisse\" \/>\n<meta property=\"og:description\" content=\"Utilis\u00e9s comme r\u00e9f\u00e9rence pour le milieu de la musique en Suisse, les tarifs minimaux de l\u2019USDAM ont \u00e9t\u00e9 mis \u00e0 jour.\" \/>\n<meta property=\"og:url\" content=\"https:\/\/www.revuemusicale.ch\/it\/basis\/usdam\/2023\/10\/ordres-tarifaires-de-lusdam-adaptes-et-completes\/\" \/>\n<meta property=\"og:site_name\" content=\"Revue Musicale Suisse\" \/>\n<meta property=\"article:publisher\" content=\"https:\/\/www.facebook.com\/SchweizerMusikzeitung\/\" \/>\n<meta property=\"article:published_time\" content=\"2023-10-26T23:21:24+00:00\" \/>\n<meta property=\"og:image\" content=\"https:\/\/www.revuemusicale.ch\/wp-content\/uploads\/2023\/10\/ordres-tarifaires.jpg\" \/>\n\t<meta property=\"og:image:width\" content=\"1219\" \/>\n\t<meta property=\"og:image:height\" content=\"889\" \/>\n\t<meta property=\"og:image:type\" content=\"image\/jpeg\" \/>\n<meta name=\"author\" content=\"Laurent Mettraux\" \/>\n<meta name=\"twitter:card\" content=\"summary_large_image\" \/>\n<meta name=\"twitter:creator\" content=\"@smusikzeitung\" \/>\n<meta name=\"twitter:site\" content=\"@smusikzeitung\" \/>\n<meta name=\"twitter:label1\" content=\"Scritto da\" \/>\n\t<meta name=\"twitter:data1\" content=\"Laurent Mettraux\" \/>\n\t<meta name=\"twitter:label2\" content=\"Tempo di lettura stimato\" \/>\n\t<meta name=\"twitter:data2\" content=\"2 minuti\" \/>\n<script type=\"application\/ld+json\" class=\"yoast-schema-graph\">{\"@context\":\"https:\\\/\\\/schema.org\",\"@graph\":[{\"@type\":\"Article\",\"@id\":\"https:\\\/\\\/www.revuemusicale.ch\\\/basis\\\/usdam\\\/2023\\\/10\\\/ordres-tarifaires-de-lusdam-adaptes-et-completes#article\",\"isPartOf\":{\"@id\":\"https:\\\/\\\/www.revuemusicale.ch\\\/basis\\\/usdam\\\/2023\\\/10\\\/ordres-tarifaires-de-lusdam-adaptes-et-completes\"},\"author\":{\"name\":\"Laurent Mettraux\",\"@id\":\"https:\\\/\\\/www.revuemusicale.ch\\\/#\\\/schema\\\/person\\\/fb6400330a942eecc4b494064fce59be\"},\"headline\":\"Ordres tarifaires de l\u2019USDAM adapt\u00e9s et compl\u00e9t\u00e9s\",\"datePublished\":\"2023-10-26T23:21:24+00:00\",\"mainEntityOfPage\":{\"@id\":\"https:\\\/\\\/www.revuemusicale.ch\\\/basis\\\/usdam\\\/2023\\\/10\\\/ordres-tarifaires-de-lusdam-adaptes-et-completes\"},\"wordCount\":389,\"publisher\":{\"@id\":\"https:\\\/\\\/www.revuemusicale.ch\\\/#organization\"},\"image\":{\"@id\":\"https:\\\/\\\/www.revuemusicale.ch\\\/basis\\\/usdam\\\/2023\\\/10\\\/ordres-tarifaires-de-lusdam-adaptes-et-completes#primaryimage\"},\"thumbnailUrl\":\"https:\\\/\\\/www.revuemusicale.ch\\\/wp-content\\\/uploads\\\/2023\\\/10\\\/ordres-tarifaires.jpg\",\"keywords\":[\"ordre tarifaire USDAM\",\"r\u00e9mun\u00e9ration \u00e9quitable\",\"tarifs minimaux\"],\"articleSection\":[\"USDAM\"],\"inLanguage\":\"it-IT\"},{\"@type\":\"WebPage\",\"@id\":\"https:\\\/\\\/www.revuemusicale.ch\\\/basis\\\/usdam\\\/2023\\\/10\\\/ordres-tarifaires-de-lusdam-adaptes-et-completes\",\"url\":\"https:\\\/\\\/www.revuemusicale.ch\\\/basis\\\/usdam\\\/2023\\\/10\\\/ordres-tarifaires-de-lusdam-adaptes-et-completes\",\"name\":\"Ordres tarifaires de l\u2019USDAM adapt\u00e9s et compl\u00e9t\u00e9s - Revue Musicale Suisse\",\"isPartOf\":{\"@id\":\"https:\\\/\\\/www.revuemusicale.ch\\\/#website\"},\"primaryImageOfPage\":{\"@id\":\"https:\\\/\\\/www.revuemusicale.ch\\\/basis\\\/usdam\\\/2023\\\/10\\\/ordres-tarifaires-de-lusdam-adaptes-et-completes#primaryimage\"},\"image\":{\"@id\":\"https:\\\/\\\/www.revuemusicale.ch\\\/basis\\\/usdam\\\/2023\\\/10\\\/ordres-tarifaires-de-lusdam-adaptes-et-completes#primaryimage\"},\"thumbnailUrl\":\"https:\\\/\\\/www.revuemusicale.ch\\\/wp-content\\\/uploads\\\/2023\\\/10\\\/ordres-tarifaires.jpg\",\"datePublished\":\"2023-10-26T23:21:24+00:00\",\"breadcrumb\":{\"@id\":\"https:\\\/\\\/www.revuemusicale.ch\\\/basis\\\/usdam\\\/2023\\\/10\\\/ordres-tarifaires-de-lusdam-adaptes-et-completes#breadcrumb\"},\"inLanguage\":\"it-IT\",\"potentialAction\":[{\"@type\":\"ReadAction\",\"target\":[\"https:\\\/\\\/www.revuemusicale.ch\\\/basis\\\/usdam\\\/2023\\\/10\\\/ordres-tarifaires-de-lusdam-adaptes-et-completes\"]}]},{\"@type\":\"ImageObject\",\"inLanguage\":\"it-IT\",\"@id\":\"https:\\\/\\\/www.revuemusicale.ch\\\/basis\\\/usdam\\\/2023\\\/10\\\/ordres-tarifaires-de-lusdam-adaptes-et-completes#primaryimage\",\"url\":\"https:\\\/\\\/www.revuemusicale.ch\\\/wp-content\\\/uploads\\\/2023\\\/10\\\/ordres-tarifaires.jpg\",\"contentUrl\":\"https:\\\/\\\/www.revuemusicale.ch\\\/wp-content\\\/uploads\\\/2023\\\/10\\\/ordres-tarifaires.jpg\",\"width\":1219,\"height\":889},{\"@type\":\"BreadcrumbList\",\"@id\":\"https:\\\/\\\/www.revuemusicale.ch\\\/basis\\\/usdam\\\/2023\\\/10\\\/ordres-tarifaires-de-lusdam-adaptes-et-completes#breadcrumb\",\"itemListElement\":[{\"@type\":\"ListItem\",\"position\":1,\"name\":\"Home\",\"item\":\"https:\\\/\\\/www.revuemusicale.ch\\\/\"},{\"@type\":\"ListItem\",\"position\":2,\"name\":\"Ordres tarifaires de l\u2019USDAM adapt\u00e9s et compl\u00e9t\u00e9s\"}]},{\"@type\":\"WebSite\",\"@id\":\"https:\\\/\\\/www.revuemusicale.ch\\\/#website\",\"url\":\"https:\\\/\\\/www.revuemusicale.ch\\\/\",\"name\":\"Revue Musicale Suisse\",\"description\":\"\",\"publisher\":{\"@id\":\"https:\\\/\\\/www.revuemusicale.ch\\\/#organization\"},\"potentialAction\":[{\"@type\":\"SearchAction\",\"target\":{\"@type\":\"EntryPoint\",\"urlTemplate\":\"https:\\\/\\\/www.revuemusicale.ch\\\/?s={search_term_string}\"},\"query-input\":{\"@type\":\"PropertyValueSpecification\",\"valueRequired\":true,\"valueName\":\"search_term_string\"}}],\"inLanguage\":\"it-IT\"},{\"@type\":\"Organization\",\"@id\":\"https:\\\/\\\/www.revuemusicale.ch\\\/#organization\",\"name\":\"Revue Musicale Suisse\",\"url\":\"https:\\\/\\\/www.revuemusicale.ch\\\/\",\"logo\":{\"@type\":\"ImageObject\",\"inLanguage\":\"it-IT\",\"@id\":\"https:\\\/\\\/www.revuemusicale.ch\\\/#\\\/schema\\\/logo\\\/image\\\/\",\"url\":\"https:\\\/\\\/www.revuemusicale.ch\\\/wp-content\\\/uploads\\\/2023\\\/01\\\/logo_revuemusicale_musikzeitung.jpg\",\"contentUrl\":\"https:\\\/\\\/www.revuemusicale.ch\\\/wp-content\\\/uploads\\\/2023\\\/01\\\/logo_revuemusicale_musikzeitung.jpg\",\"width\":1200,\"height\":243,\"caption\":\"Revue Musicale Suisse\"},\"image\":{\"@id\":\"https:\\\/\\\/www.revuemusicale.ch\\\/#\\\/schema\\\/logo\\\/image\\\/\"},\"sameAs\":[\"https:\\\/\\\/www.facebook.com\\\/SchweizerMusikzeitung\\\/\",\"https:\\\/\\\/x.com\\\/smusikzeitung\",\"https:\\\/\\\/www.instagram.com\\\/musikzeitung.ch\\\/?hl=de\"]},{\"@type\":\"Person\",\"@id\":\"https:\\\/\\\/www.revuemusicale.ch\\\/#\\\/schema\\\/person\\\/fb6400330a942eecc4b494064fce59be\",\"name\":\"Laurent Mettraux\",\"image\":{\"@type\":\"ImageObject\",\"inLanguage\":\"it-IT\",\"@id\":\"https:\\\/\\\/secure.gravatar.com\\\/avatar\\\/0ff4c55a3beaca23cf8ac030f6a4d207c5c42f40aa03f3accbc97af09da0d956?s=96&d=mm&r=g\",\"url\":\"https:\\\/\\\/secure.gravatar.com\\\/avatar\\\/0ff4c55a3beaca23cf8ac030f6a4d207c5c42f40aa03f3accbc97af09da0d956?s=96&d=mm&r=g\",\"contentUrl\":\"https:\\\/\\\/secure.gravatar.com\\\/avatar\\\/0ff4c55a3beaca23cf8ac030f6a4d207c5c42f40aa03f3accbc97af09da0d956?s=96&d=mm&r=g\",\"caption\":\"Laurent Mettraux\"},\"url\":\"https:\\\/\\\/www.revuemusicale.ch\\\/it\\\/author\\\/laurent-mettraux\"}]}<\/script>\n<!-- \/ Yoast SEO plugin. -->","yoast_head_json":{"title":"Ordres tarifaires de l\u2019USDAM adapt\u00e9s et compl\u00e9t\u00e9s - Revue Musicale Suisse","robots":{"index":"index","follow":"follow","max-snippet":"max-snippet:-1","max-image-preview":"max-image-preview:large","max-video-preview":"max-video-preview:-1"},"canonical":"https:\/\/www.revuemusicale.ch\/it\/basis\/usdam\/2023\/10\/ordres-tarifaires-de-lusdam-adaptes-et-completes\/","og_locale":"it_IT","og_type":"article","og_title":"Ordres tarifaires de l\u2019USDAM adapt\u00e9s et compl\u00e9t\u00e9s - Revue Musicale Suisse","og_description":"Utilis\u00e9s comme r\u00e9f\u00e9rence pour le milieu de la musique en Suisse, les tarifs minimaux de l\u2019USDAM ont \u00e9t\u00e9 mis \u00e0 jour.","og_url":"https:\/\/www.revuemusicale.ch\/it\/basis\/usdam\/2023\/10\/ordres-tarifaires-de-lusdam-adaptes-et-completes\/","og_site_name":"Revue Musicale Suisse","article_publisher":"https:\/\/www.facebook.com\/SchweizerMusikzeitung\/","article_published_time":"2023-10-26T23:21:24+00:00","og_image":[{"width":1219,"height":889,"url":"https:\/\/www.revuemusicale.ch\/wp-content\/uploads\/2023\/10\/ordres-tarifaires.jpg","type":"image\/jpeg"}],"author":"Laurent Mettraux","twitter_card":"summary_large_image","twitter_creator":"@smusikzeitung","twitter_site":"@smusikzeitung","twitter_misc":{"Scritto da":"Laurent Mettraux","Tempo di lettura stimato":"2 minuti"},"schema":{"@context":"https:\/\/schema.org","@graph":[{"@type":"Article","@id":"https:\/\/www.revuemusicale.ch\/basis\/usdam\/2023\/10\/ordres-tarifaires-de-lusdam-adaptes-et-completes#article","isPartOf":{"@id":"https:\/\/www.revuemusicale.ch\/basis\/usdam\/2023\/10\/ordres-tarifaires-de-lusdam-adaptes-et-completes"},"author":{"name":"Laurent Mettraux","@id":"https:\/\/www.revuemusicale.ch\/#\/schema\/person\/fb6400330a942eecc4b494064fce59be"},"headline":"Ordres tarifaires de l\u2019USDAM adapt\u00e9s et compl\u00e9t\u00e9s","datePublished":"2023-10-26T23:21:24+00:00","mainEntityOfPage":{"@id":"https:\/\/www.revuemusicale.ch\/basis\/usdam\/2023\/10\/ordres-tarifaires-de-lusdam-adaptes-et-completes"},"wordCount":389,"publisher":{"@id":"https:\/\/www.revuemusicale.ch\/#organization"},"image":{"@id":"https:\/\/www.revuemusicale.ch\/basis\/usdam\/2023\/10\/ordres-tarifaires-de-lusdam-adaptes-et-completes#primaryimage"},"thumbnailUrl":"https:\/\/www.revuemusicale.ch\/wp-content\/uploads\/2023\/10\/ordres-tarifaires.jpg","keywords":["ordre tarifaire USDAM","r\u00e9mun\u00e9ration \u00e9quitable","tarifs minimaux"],"articleSection":["USDAM"],"inLanguage":"it-IT"},{"@type":"WebPage","@id":"https:\/\/www.revuemusicale.ch\/basis\/usdam\/2023\/10\/ordres-tarifaires-de-lusdam-adaptes-et-completes","url":"https:\/\/www.revuemusicale.ch\/basis\/usdam\/2023\/10\/ordres-tarifaires-de-lusdam-adaptes-et-completes","name":"Ordres tarifaires de l\u2019USDAM adapt\u00e9s et compl\u00e9t\u00e9s - Revue Musicale Suisse","isPartOf":{"@id":"https:\/\/www.revuemusicale.ch\/#website"},"primaryImageOfPage":{"@id":"https:\/\/www.revuemusicale.ch\/basis\/usdam\/2023\/10\/ordres-tarifaires-de-lusdam-adaptes-et-completes#primaryimage"},"image":{"@id":"https:\/\/www.revuemusicale.ch\/basis\/usdam\/2023\/10\/ordres-tarifaires-de-lusdam-adaptes-et-completes#primaryimage"},"thumbnailUrl":"https:\/\/www.revuemusicale.ch\/wp-content\/uploads\/2023\/10\/ordres-tarifaires.jpg","datePublished":"2023-10-26T23:21:24+00:00","breadcrumb":{"@id":"https:\/\/www.revuemusicale.ch\/basis\/usdam\/2023\/10\/ordres-tarifaires-de-lusdam-adaptes-et-completes#breadcrumb"},"inLanguage":"it-IT","potentialAction":[{"@type":"ReadAction","target":["https:\/\/www.revuemusicale.ch\/basis\/usdam\/2023\/10\/ordres-tarifaires-de-lusdam-adaptes-et-completes"]}]},{"@type":"ImageObject","inLanguage":"it-IT","@id":"https:\/\/www.revuemusicale.ch\/basis\/usdam\/2023\/10\/ordres-tarifaires-de-lusdam-adaptes-et-completes#primaryimage","url":"https:\/\/www.revuemusicale.ch\/wp-content\/uploads\/2023\/10\/ordres-tarifaires.jpg","contentUrl":"https:\/\/www.revuemusicale.ch\/wp-content\/uploads\/2023\/10\/ordres-tarifaires.jpg","width":1219,"height":889},{"@type":"BreadcrumbList","@id":"https:\/\/www.revuemusicale.ch\/basis\/usdam\/2023\/10\/ordres-tarifaires-de-lusdam-adaptes-et-completes#breadcrumb","itemListElement":[{"@type":"ListItem","position":1,"name":"Home","item":"https:\/\/www.revuemusicale.ch\/"},{"@type":"ListItem","position":2,"name":"Ordres tarifaires de l\u2019USDAM adapt\u00e9s et compl\u00e9t\u00e9s"}]},{"@type":"WebSite","@id":"https:\/\/www.revuemusicale.ch\/#website","url":"https:\/\/www.revuemusicale.ch\/","name":"Rassegna musicale svizzera","description":"","publisher":{"@id":"https:\/\/www.revuemusicale.ch\/#organization"},"potentialAction":[{"@type":"SearchAction","target":{"@type":"EntryPoint","urlTemplate":"https:\/\/www.revuemusicale.ch\/?s={search_term_string}"},"query-input":{"@type":"PropertyValueSpecification","valueRequired":true,"valueName":"search_term_string"}}],"inLanguage":"it-IT"},{"@type":"Organization","@id":"https:\/\/www.revuemusicale.ch\/#organization","name":"Rassegna musicale svizzera","url":"https:\/\/www.revuemusicale.ch\/","logo":{"@type":"ImageObject","inLanguage":"it-IT","@id":"https:\/\/www.revuemusicale.ch\/#\/schema\/logo\/image\/","url":"https:\/\/www.revuemusicale.ch\/wp-content\/uploads\/2023\/01\/logo_revuemusicale_musikzeitung.jpg","contentUrl":"https:\/\/www.revuemusicale.ch\/wp-content\/uploads\/2023\/01\/logo_revuemusicale_musikzeitung.jpg","width":1200,"height":243,"caption":"Revue Musicale Suisse"},"image":{"@id":"https:\/\/www.revuemusicale.ch\/#\/schema\/logo\/image\/"},"sameAs":["https:\/\/www.facebook.com\/SchweizerMusikzeitung\/","https:\/\/x.com\/smusikzeitung","https:\/\/www.instagram.com\/musikzeitung.ch\/?hl=de"]},{"@type":"Person","@id":"https:\/\/www.revuemusicale.ch\/#\/schema\/person\/fb6400330a942eecc4b494064fce59be","name":"Laurent Mettraux","image":{"@type":"ImageObject","inLanguage":"it-IT","@id":"https:\/\/secure.gravatar.com\/avatar\/0ff4c55a3beaca23cf8ac030f6a4d207c5c42f40aa03f3accbc97af09da0d956?s=96&d=mm&r=g","url":"https:\/\/secure.gravatar.com\/avatar\/0ff4c55a3beaca23cf8ac030f6a4d207c5c42f40aa03f3accbc97af09da0d956?s=96&d=mm&r=g","contentUrl":"https:\/\/secure.gravatar.com\/avatar\/0ff4c55a3beaca23cf8ac030f6a4d207c5c42f40aa03f3accbc97af09da0d956?s=96&d=mm&r=g","caption":"Laurent Mettraux"},"url":"https:\/\/www.revuemusicale.ch\/it\/author\/laurent-mettraux"}]}},"publishpress_future_action":{"enabled":false,"date":"1970-01-01 01:00:00","action":"change-status","newStatus":"draft","terms":[],"taxonomy":"category","extraData":[]},"publishpress_future_workflow_manual_trigger":{"enabledWorkflows":[]},"_links":{"self":[{"href":"https:\/\/www.revuemusicale.ch\/it\/wp-json\/wp\/v2\/posts\/29874","targetHints":{"allow":["GET"]}}],"collection":[{"href":"https:\/\/www.revuemusicale.ch\/it\/wp-json\/wp\/v2\/posts"}],"about":[{"href":"https:\/\/www.revuemusicale.ch\/it\/wp-json\/wp\/v2\/types\/post"}],"author":[{"embeddable":true,"href":"https:\/\/www.revuemusicale.ch\/it\/wp-json\/wp\/v2\/users\/21897"}],"replies":[{"embeddable":true,"href":"https:\/\/www.revuemusicale.ch\/it\/wp-json\/wp\/v2\/comments?post=29874"}],"version-history":[{"count":1,"href":"https:\/\/www.revuemusicale.ch\/it\/wp-json\/wp\/v2\/posts\/29874\/revisions"}],"predecessor-version":[{"id":29876,"href":"https:\/\/www.revuemusicale.ch\/it\/wp-json\/wp\/v2\/posts\/29874\/revisions\/29876"}],"wp:featuredmedia":[{"embeddable":true,"href":"https:\/\/www.revuemusicale.ch\/it\/wp-json\/wp\/v2\/media\/29875"}],"wp:attachment":[{"href":"https:\/\/www.revuemusicale.ch\/it\/wp-json\/wp\/v2\/media?parent=29874"}],"wp:term":[{"taxonomy":"category","embeddable":true,"href":"https:\/\/www.revuemusicale.ch\/it\/wp-json\/wp\/v2\/categories?post=29874"},{"taxonomy":"post_tag","embeddable":true,"href":"https:\/\/www.revuemusicale.ch\/it\/wp-json\/wp\/v2\/tags?post=29874"}],"curies":[{"name":"wp","href":"https:\/\/api.w.org\/{rel}","templated":true}]}}