{"id":29994,"date":"2023-11-28T14:29:08","date_gmt":"2023-11-28T13:29:08","guid":{"rendered":"https:\/\/www.revuemusicale.ch\/?p=29994"},"modified":"2023-11-28T15:00:04","modified_gmt":"2023-11-28T14:00:04","slug":"profil-pedagogie-musicale","status":"publish","type":"post","link":"https:\/\/www.revuemusicale.ch\/it\/news\/pedagogie\/2023\/11\/profil-pedagogie-musicale","title":{"rendered":"\"Panorama a 360 gradi della formazione musicale\"."},"content":{"rendered":"<figure id=\"attachment_29995\" aria-describedby=\"caption-attachment-29995\" style=\"width: 1000px\" class=\"wp-caption alignnone\"><img loading=\"lazy\" decoding=\"async\" class=\"size-full wp-image-29995\" src=\"https:\/\/www.revuemusicale.ch\/wp-content\/uploads\/2023\/11\/Depositphotos_159479256_S.jpg\" alt=\"\" width=\"1000\" height=\"667\" srcset=\"https:\/\/www.revuemusicale.ch\/wp-content\/uploads\/2023\/11\/Depositphotos_159479256_S.jpg 1000w, https:\/\/www.revuemusicale.ch\/wp-content\/uploads\/2023\/11\/Depositphotos_159479256_S-300x200.jpg 300w, https:\/\/www.revuemusicale.ch\/wp-content\/uploads\/2023\/11\/Depositphotos_159479256_S-600x400.jpg 600w, https:\/\/www.revuemusicale.ch\/wp-content\/uploads\/2023\/11\/Depositphotos_159479256_S-768x512.jpg 768w, https:\/\/www.revuemusicale.ch\/wp-content\/uploads\/2023\/11\/Depositphotos_159479256_S-262x175.jpg 262w, https:\/\/www.revuemusicale.ch\/wp-content\/uploads\/2023\/11\/Depositphotos_159479256_S-525x350.jpg 525w, https:\/\/www.revuemusicale.ch\/wp-content\/uploads\/2023\/11\/Depositphotos_159479256_S-920x614.jpg 920w\" sizes=\"auto, (max-width: 1000px) 100vw, 1000px\" \/><figcaption id=\"caption-attachment-29995\" class=\"wp-caption-text\">Immagine simbolica. Foto: fransz\/depositphotos.com<\/figcaption><\/figure>\n<p>Il percorso dei futuri insegnanti di musica \u00e8 chiaro. Dopo aver superato gli esami di ammissione all'universit\u00e0, gli studenti conseguono una laurea o un master, quest'ultimo incentrato sull'educazione musicale e su metodi di insegnamento specializzati. In seguito, insegnano come liberi professionisti o in una scuola di musica, spesso a tempo parziale, in modo da avere spazio sufficiente per il proprio lavoro artistico. Questa breve sintesi non rende giustizia alle numerose possibilit\u00e0 che si aprono dopo la laurea. Cosa significa esattamente insegnare musica? Insegnamento strumentale individuale per bambini in et\u00e0 scolare? Gestire un programma di musica e movimento? Dirigere un laboratorio di canto per genitori e figli, un ensemble di anziani, un'orchestra giovanile o gruppi musicali di qualsiasi stile?  Insegnamento in team con gli insegnanti della scuola dell'obbligo? Organizzare e dirigere musical e concerti? Sviluppare una gamma di musica creativa su smartphone e computer?<\/p>\n<h3><strong>Unificare la comprensione della professione<\/strong><\/h3>\n<p>Nel novembre 2023, il gruppo di lavoro, composto da membri di varie associazioni e da rappresentanti di universit\u00e0 e scuole di musica di tutta la Svizzera, ha pubblicato la <em>Profilo professionale - Insegnante di musica<\/em>. Questo documento vuole essere un riferimento per gli studenti di musica, i licei musicali, le autorit\u00e0 educative e i politici. Concepito come un aggiornamento delle linee guida redatte nel 2006, fornisce una panoramica in quattro capitoli su argomenti quali la missione educativa, la formazione professionale e continua, l'insegnamento e l'apprendimento della musica.<\/p>\n<h3><strong>Lo studente al centro<\/strong><\/h3>\n<p>Il gruppo di lavoro ha attribuito particolare importanza al principio dell'approccio \"centrato sullo studente\". Gli insegnanti di musica devono adattarsi alla persona a cui insegnano. In particolare, devono tenere conto delle diverse biografie e delle esperienze individuali dei loro studenti. Per fare questo, gli insegnanti devono adottare un approccio inclusivo ed essere consapevoli della diversit\u00e0 dei bisogni e dei profili di apprendimento particolari. Come sottolinea C\u00e9line Shuler, responsabile del segretariato di Rythmique suisse, questo approccio, in particolare quando incorpora la dimensione fisica, \u00e8 di importanza decisiva nel campo della musica e del movimento.<\/p>\n<h3><strong>Sostegno generale e sostegno al talento: musica per tutti<\/strong><\/h3>\n<p>Il profilo professionale sottolinea inoltre che gli insegnanti di musica sono ambasciatori dell'educazione musicale e si impegnano per le pari opportunit\u00e0. Secondo Marcel Blanchard, direttore della Scuola di Musica del Conservatorio di Zurigo, \"gli insegnanti di musica incoraggiano i loro studenti a praticare la musica in modo ampio e ad alto livello\". Allo stesso modo, Matteo Piazza, presidente della FeSMuT (Federazione delle Scuole di Musica Ticinesi), associazione delle scuole di musica del Ticino, sottolinea l'importanza delle pari opportunit\u00e0 nell'educazione musicale, come sancito dall'articolo 67a della Costituzione federale.<\/p>\n<h3><strong>Continuare a evolvere e riflettere<\/strong><\/h3>\n<p>Il principio dell'apprendimento permanente si applica anche all'educazione musicale. Questo apprendimento pu\u00f2 assumere varie forme. Le linee guida menzionano il coaching, l'insegnamento in team e la partecipazione a programmi di formazione continua sia in campo pedagogico che artistico.<\/p>\n<h3><strong>Sensibilizzazione del pubblico<\/strong><\/h3>\n<p>Gli insegnanti di musica nel senso del profilo professionale sono persone creative, modelli musicali, motivatori, hanno capacit\u00e0 organizzative e di gestione dei progetti, ma possono anche essere spontanei se necessario, sono interessati agli sviluppi attuali e sono in grado di lavorare in diversi team. Ma esistono insegnanti di musica che soddisfano questi standard elevati? \"S\u00ec, certo, molti aspetti del lavoro non sono nuovi e sono gi\u00e0 stati sperimentati in questo modo\", afferma Christian Braun, direttore della Scuola di Musica di San Gallo. \"Purtroppo molti aspetti di questa straordinaria professione non sono ancora noti al pubblico\", aggiunge Philippe M\u00fcller, direttore del Cercle L\u00e9manique d'\u00c9tudes Musicales di Lutry. Julien Feltin, direttore dell'Ecole de Jazz et de Musique Actuelle di Losanna, descrive il documento come un \"panorama a 360 gradi dell'educazione musicale in Svizzera\". Per il gruppo di lavoro \u00e8 chiaro che il profilo professionale deve servire come fonte di ispirazione e come base per la riflessione e lo sviluppo. Allo stesso tempo, deve evidenziare il potenziale dell'educazione musicale, con l'obiettivo di continuare e migliorare l'integrazione dell'offerta in tutta la Svizzera, sia a livello strutturale che politico.<\/p>\n<p>&nbsp;<\/p>\n<p>Il profilo professionale \u00e8 disponibile<br \/>\nin tedesco <a href=\"https:\/\/www.verband-musikschulen.ch\/de\/musikschule\/musikpaedagogik\/berufsleitbild\" target=\"_blank\" rel=\"noopener\">https:\/\/www.verband-musikschulen.ch\/de\/musikschule\/musikpaedagogik\/berufsleitbild<\/a><br \/>\nin francese <a href=\"https:\/\/www.verband-musikschulen.ch\/fr\/musikschule\/musikpaedagogik\/berufsleitbild\" target=\"_blank\" rel=\"noopener\">https:\/\/www.verband-musikschulen.ch\/fr\/musikschule\/musikpaedagogik\/berufsleitbild<\/a><br \/>\nin italiano <a href=\"https:\/\/www.verband-musikschulen.ch\/it\/musikschule\/musikpaedagogik\/berufsleitbild\" target=\"_blank\" rel=\"noopener\">https:\/\/www.verband-musikschulen.ch\/it\/musikschule\/musikpaedagogik\/berufsleitbild<\/a><\/p>","protected":false},"excerpt":{"rendered":"<p>Do-re-mi per due in una piccola stanza: \u00e8 questo che fa ogni giorno un insegnante di musica? Dal giugno 2021, un gruppo di lavoro allargato guidato dall'Associazione Svizzera delle Scuole di Musica ha analizzato da vicino la professione e ha sviluppato un profilo professionale moderno. <\/p>","protected":false},"author":1,"featured_media":29995,"comment_status":"closed","ping_status":"closed","sticky":false,"template":"","format":"standard","meta":{"_acf_changed":false,"_relevanssi_hide_post":"","_relevanssi_hide_content":"","_relevanssi_pin_for_all":"","_relevanssi_pin_keywords":"","_relevanssi_unpin_keywords":"","_relevanssi_related_keywords":"","_relevanssi_related_include_ids":"","_relevanssi_related_exclude_ids":"","_relevanssi_related_no_append":"","_relevanssi_related_not_related":"","_relevanssi_related_posts":"","_relevanssi_noindex_reason":"","pgc_sgb_lightbox_settings":"","footnotes":""},"categories":[1884,27,1883],"tags":[1886,1887,1891,1888,1889,1890,1885],"class_list":["post-29994","post","type-post","status-publish","format-standard","has-post-thumbnail","hentry","category-formation-initiale-et-continue","category-news","category-pedagogie","tag-asem","tag-association-suisse-des-ecoles-de-musique","tag-formation-musicale","tag-pedagogie-musicale","tag-professeur-de-musique","tag-professeure-de-musique","tag-profil-professionnel"],"acf":[],"yoast_head":"<!-- This site is optimized with the Yoast SEO plugin v27.3 - https:\/\/yoast.com\/product\/yoast-seo-wordpress\/ -->\n<title>\u00abPanorama \u00e0 360 degr\u00e9s de la formation musicale\u00bb - Revue Musicale Suisse<\/title>\n<meta name=\"robots\" content=\"index, follow, max-snippet:-1, max-image-preview:large, max-video-preview:-1\" \/>\n<link rel=\"canonical\" href=\"https:\/\/www.revuemusicale.ch\/it\/news\/pedagogie\/2023\/11\/profil-pedagogie-musicale\/\" \/>\n<meta property=\"og:locale\" content=\"it_IT\" \/>\n<meta property=\"og:type\" content=\"article\" \/>\n<meta property=\"og:title\" content=\"\u00abPanorama \u00e0 360 degr\u00e9s de la formation musicale\u00bb - Revue Musicale Suisse\" \/>\n<meta property=\"og:description\" content=\"Do-r\u00e9-mi \u00e0 deux dans une petite salle: est-ce cela le quotidien d\u2019une professeure, d\u2019un professeur de musique? Depuis juin 2021, un groupe de travail \u00e9largi plac\u00e9 sous la direction de l\u2019Association suisse des \u00e9coles de musique s\u2019est pench\u00e9 attentivement sur la profession et a d\u00e9velopp\u00e9 une profil professionnel moderne.\" \/>\n<meta property=\"og:url\" content=\"https:\/\/www.revuemusicale.ch\/it\/news\/pedagogie\/2023\/11\/profil-pedagogie-musicale\/\" \/>\n<meta property=\"og:site_name\" content=\"Revue Musicale Suisse\" \/>\n<meta property=\"article:publisher\" content=\"https:\/\/www.facebook.com\/SchweizerMusikzeitung\/\" \/>\n<meta property=\"article:published_time\" content=\"2023-11-28T13:29:08+00:00\" \/>\n<meta property=\"article:modified_time\" content=\"2023-11-28T14:00:04+00:00\" \/>\n<meta property=\"og:image\" content=\"https:\/\/www.revuemusicale.ch\/wp-content\/uploads\/2023\/11\/Depositphotos_159479256_S.jpg\" \/>\n\t<meta property=\"og:image:width\" content=\"1000\" \/>\n\t<meta property=\"og:image:height\" content=\"667\" \/>\n\t<meta property=\"og:image:type\" content=\"image\/jpeg\" \/>\n<meta name=\"author\" content=\"Musikzeitung-Redaktion\" \/>\n<meta name=\"twitter:card\" content=\"summary_large_image\" \/>\n<meta name=\"twitter:creator\" content=\"@smusikzeitung\" \/>\n<meta name=\"twitter:site\" content=\"@smusikzeitung\" \/>\n<meta name=\"twitter:label1\" content=\"Scritto da\" \/>\n\t<meta name=\"twitter:data1\" content=\"Musikzeitung-Redaktion\" \/>\n\t<meta name=\"twitter:label2\" content=\"Tempo di lettura stimato\" \/>\n\t<meta name=\"twitter:data2\" content=\"5 minuti\" \/>\n<script type=\"application\/ld+json\" class=\"yoast-schema-graph\">{\"@context\":\"https:\\\/\\\/schema.org\",\"@graph\":[{\"@type\":\"Article\",\"@id\":\"https:\\\/\\\/www.revuemusicale.ch\\\/news\\\/pedagogie\\\/2023\\\/11\\\/profil-pedagogie-musicale#article\",\"isPartOf\":{\"@id\":\"https:\\\/\\\/www.revuemusicale.ch\\\/news\\\/pedagogie\\\/2023\\\/11\\\/profil-pedagogie-musicale\"},\"author\":{\"name\":\"Musikzeitung-Redaktion\",\"@id\":\"https:\\\/\\\/www.revuemusicale.ch\\\/#\\\/schema\\\/person\\\/b2fd892c800856270b9dcc6001265712\"},\"headline\":\"\u00abPanorama \u00e0 360 degr\u00e9s de la formation musicale\u00bb\",\"datePublished\":\"2023-11-28T13:29:08+00:00\",\"dateModified\":\"2023-11-28T14:00:04+00:00\",\"mainEntityOfPage\":{\"@id\":\"https:\\\/\\\/www.revuemusicale.ch\\\/news\\\/pedagogie\\\/2023\\\/11\\\/profil-pedagogie-musicale\"},\"wordCount\":932,\"publisher\":{\"@id\":\"https:\\\/\\\/www.revuemusicale.ch\\\/#organization\"},\"image\":{\"@id\":\"https:\\\/\\\/www.revuemusicale.ch\\\/news\\\/pedagogie\\\/2023\\\/11\\\/profil-pedagogie-musicale#primaryimage\"},\"thumbnailUrl\":\"https:\\\/\\\/www.revuemusicale.ch\\\/wp-content\\\/uploads\\\/2023\\\/11\\\/Depositphotos_159479256_S.jpg\",\"keywords\":[\"ASEM\",\"Association suisse des \u00e9coles de musique\",\"formation musicale\",\"p\u00e9dagogie musicale\",\"professeur de musique\",\"professeure de musique\",\"Profil professionnel\"],\"articleSection\":[\"Formation initiale et continue\",\"News\",\"P\u00e9dagogie\"],\"inLanguage\":\"it-IT\"},{\"@type\":\"WebPage\",\"@id\":\"https:\\\/\\\/www.revuemusicale.ch\\\/news\\\/pedagogie\\\/2023\\\/11\\\/profil-pedagogie-musicale\",\"url\":\"https:\\\/\\\/www.revuemusicale.ch\\\/news\\\/pedagogie\\\/2023\\\/11\\\/profil-pedagogie-musicale\",\"name\":\"\u00abPanorama \u00e0 360 degr\u00e9s de la formation musicale\u00bb - Revue Musicale Suisse\",\"isPartOf\":{\"@id\":\"https:\\\/\\\/www.revuemusicale.ch\\\/#website\"},\"primaryImageOfPage\":{\"@id\":\"https:\\\/\\\/www.revuemusicale.ch\\\/news\\\/pedagogie\\\/2023\\\/11\\\/profil-pedagogie-musicale#primaryimage\"},\"image\":{\"@id\":\"https:\\\/\\\/www.revuemusicale.ch\\\/news\\\/pedagogie\\\/2023\\\/11\\\/profil-pedagogie-musicale#primaryimage\"},\"thumbnailUrl\":\"https:\\\/\\\/www.revuemusicale.ch\\\/wp-content\\\/uploads\\\/2023\\\/11\\\/Depositphotos_159479256_S.jpg\",\"datePublished\":\"2023-11-28T13:29:08+00:00\",\"dateModified\":\"2023-11-28T14:00:04+00:00\",\"breadcrumb\":{\"@id\":\"https:\\\/\\\/www.revuemusicale.ch\\\/news\\\/pedagogie\\\/2023\\\/11\\\/profil-pedagogie-musicale#breadcrumb\"},\"inLanguage\":\"it-IT\",\"potentialAction\":[{\"@type\":\"ReadAction\",\"target\":[\"https:\\\/\\\/www.revuemusicale.ch\\\/news\\\/pedagogie\\\/2023\\\/11\\\/profil-pedagogie-musicale\"]}]},{\"@type\":\"ImageObject\",\"inLanguage\":\"it-IT\",\"@id\":\"https:\\\/\\\/www.revuemusicale.ch\\\/news\\\/pedagogie\\\/2023\\\/11\\\/profil-pedagogie-musicale#primaryimage\",\"url\":\"https:\\\/\\\/www.revuemusicale.ch\\\/wp-content\\\/uploads\\\/2023\\\/11\\\/Depositphotos_159479256_S.jpg\",\"contentUrl\":\"https:\\\/\\\/www.revuemusicale.ch\\\/wp-content\\\/uploads\\\/2023\\\/11\\\/Depositphotos_159479256_S.jpg\",\"width\":1000,\"height\":667,\"caption\":\"Learning to play the guitar. Music education and extracurricular lessons. Guitarist\"},{\"@type\":\"BreadcrumbList\",\"@id\":\"https:\\\/\\\/www.revuemusicale.ch\\\/news\\\/pedagogie\\\/2023\\\/11\\\/profil-pedagogie-musicale#breadcrumb\",\"itemListElement\":[{\"@type\":\"ListItem\",\"position\":1,\"name\":\"Home\",\"item\":\"https:\\\/\\\/www.revuemusicale.ch\\\/\"},{\"@type\":\"ListItem\",\"position\":2,\"name\":\"\u00abPanorama \u00e0 360 degr\u00e9s de la formation musicale\u00bb\"}]},{\"@type\":\"WebSite\",\"@id\":\"https:\\\/\\\/www.revuemusicale.ch\\\/#website\",\"url\":\"https:\\\/\\\/www.revuemusicale.ch\\\/\",\"name\":\"Revue Musicale Suisse\",\"description\":\"\",\"publisher\":{\"@id\":\"https:\\\/\\\/www.revuemusicale.ch\\\/#organization\"},\"potentialAction\":[{\"@type\":\"SearchAction\",\"target\":{\"@type\":\"EntryPoint\",\"urlTemplate\":\"https:\\\/\\\/www.revuemusicale.ch\\\/?s={search_term_string}\"},\"query-input\":{\"@type\":\"PropertyValueSpecification\",\"valueRequired\":true,\"valueName\":\"search_term_string\"}}],\"inLanguage\":\"it-IT\"},{\"@type\":\"Organization\",\"@id\":\"https:\\\/\\\/www.revuemusicale.ch\\\/#organization\",\"name\":\"Revue Musicale Suisse\",\"url\":\"https:\\\/\\\/www.revuemusicale.ch\\\/\",\"logo\":{\"@type\":\"ImageObject\",\"inLanguage\":\"it-IT\",\"@id\":\"https:\\\/\\\/www.revuemusicale.ch\\\/#\\\/schema\\\/logo\\\/image\\\/\",\"url\":\"https:\\\/\\\/www.revuemusicale.ch\\\/wp-content\\\/uploads\\\/2023\\\/01\\\/logo_revuemusicale_musikzeitung.jpg\",\"contentUrl\":\"https:\\\/\\\/www.revuemusicale.ch\\\/wp-content\\\/uploads\\\/2023\\\/01\\\/logo_revuemusicale_musikzeitung.jpg\",\"width\":1200,\"height\":243,\"caption\":\"Revue Musicale Suisse\"},\"image\":{\"@id\":\"https:\\\/\\\/www.revuemusicale.ch\\\/#\\\/schema\\\/logo\\\/image\\\/\"},\"sameAs\":[\"https:\\\/\\\/www.facebook.com\\\/SchweizerMusikzeitung\\\/\",\"https:\\\/\\\/x.com\\\/smusikzeitung\",\"https:\\\/\\\/www.instagram.com\\\/musikzeitung.ch\\\/?hl=de\"]},{\"@type\":\"Person\",\"@id\":\"https:\\\/\\\/www.revuemusicale.ch\\\/#\\\/schema\\\/person\\\/b2fd892c800856270b9dcc6001265712\",\"name\":\"Musikzeitung-Redaktion\",\"image\":{\"@type\":\"ImageObject\",\"inLanguage\":\"it-IT\",\"@id\":\"https:\\\/\\\/secure.gravatar.com\\\/avatar\\\/0c7e6a405862e402eb76a70f8a26fc732d07c32931e9fae9ab1582911d2e8a3b?s=96&d=mm&r=g\",\"url\":\"https:\\\/\\\/secure.gravatar.com\\\/avatar\\\/0c7e6a405862e402eb76a70f8a26fc732d07c32931e9fae9ab1582911d2e8a3b?s=96&d=mm&r=g\",\"contentUrl\":\"https:\\\/\\\/secure.gravatar.com\\\/avatar\\\/0c7e6a405862e402eb76a70f8a26fc732d07c32931e9fae9ab1582911d2e8a3b?s=96&d=mm&r=g\",\"caption\":\"Musikzeitung-Redaktion\"},\"sameAs\":[\"http:\\\/\\\/wundo-docker.io\"],\"url\":\"https:\\\/\\\/www.revuemusicale.ch\\\/it\\\/author\\\/admin\"}]}<\/script>\n<!-- \/ Yoast SEO plugin. -->","yoast_head_json":{"title":"\u00abPanorama \u00e0 360 degr\u00e9s de la formation musicale\u00bb - Revue Musicale Suisse","robots":{"index":"index","follow":"follow","max-snippet":"max-snippet:-1","max-image-preview":"max-image-preview:large","max-video-preview":"max-video-preview:-1"},"canonical":"https:\/\/www.revuemusicale.ch\/it\/news\/pedagogie\/2023\/11\/profil-pedagogie-musicale\/","og_locale":"it_IT","og_type":"article","og_title":"\u00abPanorama \u00e0 360 degr\u00e9s de la formation musicale\u00bb - Revue Musicale Suisse","og_description":"Do-r\u00e9-mi \u00e0 deux dans une petite salle: est-ce cela le quotidien d\u2019une professeure, d\u2019un professeur de musique? Depuis juin 2021, un groupe de travail \u00e9largi plac\u00e9 sous la direction de l\u2019Association suisse des \u00e9coles de musique s\u2019est pench\u00e9 attentivement sur la profession et a d\u00e9velopp\u00e9 une profil professionnel moderne.","og_url":"https:\/\/www.revuemusicale.ch\/it\/news\/pedagogie\/2023\/11\/profil-pedagogie-musicale\/","og_site_name":"Revue Musicale Suisse","article_publisher":"https:\/\/www.facebook.com\/SchweizerMusikzeitung\/","article_published_time":"2023-11-28T13:29:08+00:00","article_modified_time":"2023-11-28T14:00:04+00:00","og_image":[{"width":1000,"height":667,"url":"https:\/\/www.revuemusicale.ch\/wp-content\/uploads\/2023\/11\/Depositphotos_159479256_S.jpg","type":"image\/jpeg"}],"author":"Musikzeitung-Redaktion","twitter_card":"summary_large_image","twitter_creator":"@smusikzeitung","twitter_site":"@smusikzeitung","twitter_misc":{"Scritto da":"Musikzeitung-Redaktion","Tempo di lettura stimato":"5 minuti"},"schema":{"@context":"https:\/\/schema.org","@graph":[{"@type":"Article","@id":"https:\/\/www.revuemusicale.ch\/news\/pedagogie\/2023\/11\/profil-pedagogie-musicale#article","isPartOf":{"@id":"https:\/\/www.revuemusicale.ch\/news\/pedagogie\/2023\/11\/profil-pedagogie-musicale"},"author":{"name":"Musikzeitung-Redaktion","@id":"https:\/\/www.revuemusicale.ch\/#\/schema\/person\/b2fd892c800856270b9dcc6001265712"},"headline":"\u00abPanorama \u00e0 360 degr\u00e9s de la formation musicale\u00bb","datePublished":"2023-11-28T13:29:08+00:00","dateModified":"2023-11-28T14:00:04+00:00","mainEntityOfPage":{"@id":"https:\/\/www.revuemusicale.ch\/news\/pedagogie\/2023\/11\/profil-pedagogie-musicale"},"wordCount":932,"publisher":{"@id":"https:\/\/www.revuemusicale.ch\/#organization"},"image":{"@id":"https:\/\/www.revuemusicale.ch\/news\/pedagogie\/2023\/11\/profil-pedagogie-musicale#primaryimage"},"thumbnailUrl":"https:\/\/www.revuemusicale.ch\/wp-content\/uploads\/2023\/11\/Depositphotos_159479256_S.jpg","keywords":["ASEM","Association suisse des \u00e9coles de musique","formation musicale","p\u00e9dagogie musicale","professeur de musique","professeure de musique","Profil professionnel"],"articleSection":["Formation initiale et continue","News","P\u00e9dagogie"],"inLanguage":"it-IT"},{"@type":"WebPage","@id":"https:\/\/www.revuemusicale.ch\/news\/pedagogie\/2023\/11\/profil-pedagogie-musicale","url":"https:\/\/www.revuemusicale.ch\/news\/pedagogie\/2023\/11\/profil-pedagogie-musicale","name":"\u00abPanorama \u00e0 360 degr\u00e9s de la formation musicale\u00bb - Revue Musicale Suisse","isPartOf":{"@id":"https:\/\/www.revuemusicale.ch\/#website"},"primaryImageOfPage":{"@id":"https:\/\/www.revuemusicale.ch\/news\/pedagogie\/2023\/11\/profil-pedagogie-musicale#primaryimage"},"image":{"@id":"https:\/\/www.revuemusicale.ch\/news\/pedagogie\/2023\/11\/profil-pedagogie-musicale#primaryimage"},"thumbnailUrl":"https:\/\/www.revuemusicale.ch\/wp-content\/uploads\/2023\/11\/Depositphotos_159479256_S.jpg","datePublished":"2023-11-28T13:29:08+00:00","dateModified":"2023-11-28T14:00:04+00:00","breadcrumb":{"@id":"https:\/\/www.revuemusicale.ch\/news\/pedagogie\/2023\/11\/profil-pedagogie-musicale#breadcrumb"},"inLanguage":"it-IT","potentialAction":[{"@type":"ReadAction","target":["https:\/\/www.revuemusicale.ch\/news\/pedagogie\/2023\/11\/profil-pedagogie-musicale"]}]},{"@type":"ImageObject","inLanguage":"it-IT","@id":"https:\/\/www.revuemusicale.ch\/news\/pedagogie\/2023\/11\/profil-pedagogie-musicale#primaryimage","url":"https:\/\/www.revuemusicale.ch\/wp-content\/uploads\/2023\/11\/Depositphotos_159479256_S.jpg","contentUrl":"https:\/\/www.revuemusicale.ch\/wp-content\/uploads\/2023\/11\/Depositphotos_159479256_S.jpg","width":1000,"height":667,"caption":"Learning to play the guitar. Music education and extracurricular lessons. Guitarist"},{"@type":"BreadcrumbList","@id":"https:\/\/www.revuemusicale.ch\/news\/pedagogie\/2023\/11\/profil-pedagogie-musicale#breadcrumb","itemListElement":[{"@type":"ListItem","position":1,"name":"Home","item":"https:\/\/www.revuemusicale.ch\/"},{"@type":"ListItem","position":2,"name":"\u00abPanorama \u00e0 360 degr\u00e9s de la formation musicale\u00bb"}]},{"@type":"WebSite","@id":"https:\/\/www.revuemusicale.ch\/#website","url":"https:\/\/www.revuemusicale.ch\/","name":"Rassegna musicale svizzera","description":"","publisher":{"@id":"https:\/\/www.revuemusicale.ch\/#organization"},"potentialAction":[{"@type":"SearchAction","target":{"@type":"EntryPoint","urlTemplate":"https:\/\/www.revuemusicale.ch\/?s={search_term_string}"},"query-input":{"@type":"PropertyValueSpecification","valueRequired":true,"valueName":"search_term_string"}}],"inLanguage":"it-IT"},{"@type":"Organization","@id":"https:\/\/www.revuemusicale.ch\/#organization","name":"Rassegna musicale svizzera","url":"https:\/\/www.revuemusicale.ch\/","logo":{"@type":"ImageObject","inLanguage":"it-IT","@id":"https:\/\/www.revuemusicale.ch\/#\/schema\/logo\/image\/","url":"https:\/\/www.revuemusicale.ch\/wp-content\/uploads\/2023\/01\/logo_revuemusicale_musikzeitung.jpg","contentUrl":"https:\/\/www.revuemusicale.ch\/wp-content\/uploads\/2023\/01\/logo_revuemusicale_musikzeitung.jpg","width":1200,"height":243,"caption":"Revue Musicale Suisse"},"image":{"@id":"https:\/\/www.revuemusicale.ch\/#\/schema\/logo\/image\/"},"sameAs":["https:\/\/www.facebook.com\/SchweizerMusikzeitung\/","https:\/\/x.com\/smusikzeitung","https:\/\/www.instagram.com\/musikzeitung.ch\/?hl=de"]},{"@type":"Person","@id":"https:\/\/www.revuemusicale.ch\/#\/schema\/person\/b2fd892c800856270b9dcc6001265712","name":"Musikzeitung-Redaktion","image":{"@type":"ImageObject","inLanguage":"it-IT","@id":"https:\/\/secure.gravatar.com\/avatar\/0c7e6a405862e402eb76a70f8a26fc732d07c32931e9fae9ab1582911d2e8a3b?s=96&d=mm&r=g","url":"https:\/\/secure.gravatar.com\/avatar\/0c7e6a405862e402eb76a70f8a26fc732d07c32931e9fae9ab1582911d2e8a3b?s=96&d=mm&r=g","contentUrl":"https:\/\/secure.gravatar.com\/avatar\/0c7e6a405862e402eb76a70f8a26fc732d07c32931e9fae9ab1582911d2e8a3b?s=96&d=mm&r=g","caption":"Musikzeitung-Redaktion"},"sameAs":["http:\/\/wundo-docker.io"],"url":"https:\/\/www.revuemusicale.ch\/it\/author\/admin"}]}},"publishpress_future_action":{"enabled":false,"date":"1970-01-01 01:00:00","action":"change-status","newStatus":"draft","terms":[],"taxonomy":"category","extraData":[]},"publishpress_future_workflow_manual_trigger":{"enabledWorkflows":[]},"_links":{"self":[{"href":"https:\/\/www.revuemusicale.ch\/it\/wp-json\/wp\/v2\/posts\/29994","targetHints":{"allow":["GET"]}}],"collection":[{"href":"https:\/\/www.revuemusicale.ch\/it\/wp-json\/wp\/v2\/posts"}],"about":[{"href":"https:\/\/www.revuemusicale.ch\/it\/wp-json\/wp\/v2\/types\/post"}],"author":[{"embeddable":true,"href":"https:\/\/www.revuemusicale.ch\/it\/wp-json\/wp\/v2\/users\/1"}],"replies":[{"embeddable":true,"href":"https:\/\/www.revuemusicale.ch\/it\/wp-json\/wp\/v2\/comments?post=29994"}],"version-history":[{"count":3,"href":"https:\/\/www.revuemusicale.ch\/it\/wp-json\/wp\/v2\/posts\/29994\/revisions"}],"predecessor-version":[{"id":29998,"href":"https:\/\/www.revuemusicale.ch\/it\/wp-json\/wp\/v2\/posts\/29994\/revisions\/29998"}],"wp:featuredmedia":[{"embeddable":true,"href":"https:\/\/www.revuemusicale.ch\/it\/wp-json\/wp\/v2\/media\/29995"}],"wp:attachment":[{"href":"https:\/\/www.revuemusicale.ch\/it\/wp-json\/wp\/v2\/media?parent=29994"}],"wp:term":[{"taxonomy":"category","embeddable":true,"href":"https:\/\/www.revuemusicale.ch\/it\/wp-json\/wp\/v2\/categories?post=29994"},{"taxonomy":"post_tag","embeddable":true,"href":"https:\/\/www.revuemusicale.ch\/it\/wp-json\/wp\/v2\/tags?post=29994"}],"curies":[{"name":"wp","href":"https:\/\/api.w.org\/{rel}","templated":true}]}}