{"id":29999,"date":"2023-11-29T09:00:18","date_gmt":"2023-11-29T08:00:18","guid":{"rendered":"https:\/\/www.revuemusicale.ch\/?p=29999"},"modified":"2024-01-24T11:04:25","modified_gmt":"2024-01-24T10:04:25","slug":"numero-12-2023-focus-cadeau","status":"publish","type":"post","link":"https:\/\/www.revuemusicale.ch\/it\/smz\/2023\/11\/numero-12-2023-focus-cadeau","title":{"rendered":"Edizione 12\/2023 - Focus sui regali"},"content":{"rendered":"<h3><img loading=\"lazy\" decoding=\"async\" class=\"alignnone size-full wp-image-49834\" src=\"https:\/\/www.musikzeitung.ch\/wp-content\/uploads\/2023\/11\/Titelbild_12_23.jpg\" alt=\"\" width=\"4134\" height=\"2816\" \/><\/h3>\n<h3>Indice dei contenuti<\/h3>\n<h3><strong>Focus<\/strong><\/h3>\n<p class=\"p1\"><span class=\"s1\"><i><strong>Il talento \u00e8 un dono<\/strong><br \/>\n<\/i><\/span><span class=\"s1\"><i>spiega Michael Eidenbenz<\/i><\/span><\/p>\n<p class=\"p1\"><span class=\"s1\"><strong>Regalare la musica a Natale<\/strong><br \/>\n<\/span><span class=\"s1\">Regali musicali oltre i CD e i vinili<\/span><\/p>\n<p class=\"p1\"><span class=\"s1\"><strong>Quando la musica diventa un'offerta<\/strong><br \/>\n<\/span><span class=\"s1\">Dediche musicali<\/span><\/p>\n<p class=\"p1\"><span class=\"s1\"><i><strong>Mistero nella doccia<\/strong><br \/>\n<\/i><\/span><span class=\"s1\"><i>Il dono dell'ispirazione<\/i><\/span><\/p>\n<p><em>\u00a0<\/em><em>(in corsivo = sintesi francese dell'articolo originale tedesco)<\/em><\/p>\n<p>&nbsp;<\/p>\n<h3><strong>Recensioni<\/strong><\/h3>\n<p><a href=\"https:\/\/www.musikzeitung.ch\/kategorie\/rezensionen\" target=\"_blank\" rel=\"noopener\">Rezensionen von Tontr\u00e4gern, B\u00fcchern, Noten<\/a><\/p>\n<p>&nbsp;<\/p>\n<h3><strong>Eco<\/strong><\/h3>\n<p><strong>Maria Schmidt e Theodor Kirchner<\/strong><br \/>\nZum Geburtstag des Komponisten die Erstver\u00f6ffentlichung eines Portr\u00e4ts seiner Frau<\/p>\n<p><a href=\"https:\/\/www.revuemusicale.ch\/it\/hefti\/\" target=\"_blank\" rel=\"noopener\"><strong>\"Il punteggio mi permette di entrare in contatto con gli altri\".<\/strong><\/a><br \/>\nIntervista con David Philip Hefti<\/p>\n<p><a href=\"https:\/\/www.rts.ch\/audio-podcast\/2023\/audio\/spectres-27180302.html\" target=\"_blank\" rel=\"noopener\"><strong>Radio Francesco<br \/>\n<\/strong>Spettri | <em>Geister<\/em><\/a><\/p>\n<p><strong>Il risveglio della musica addormentata<\/strong><br \/>\nSono stati appena pubblicati libri di vecchie melodie da ballo<\/p>\n<p><strong>Chatten \u00fcber ...<\/strong><br \/>\nStrumenti musicali come strumento di lavoro<\/p>\n<p><strong>Bach, lo Stato e Spotify: Carte blanche<\/strong><br \/>\nper Zeno Gabaglio<\/p>\n<h3><strong><br \/>\nBase<\/strong><\/h3>\n<p>Articoli e notizie dalle associazioni<\/p>\n<p><a href=\"https:\/\/www.musikzeitung.ch\/basis\/eov\/\" target=\"_blank\" rel=\"noopener\">Eidgen\u00f6ssischer Orchesterverband (EOV) \/ Soci\u00e9t\u00e9 F\u00e9d\u00e9rale des Orchestres (SFO)<\/a><\/p>\n<p><a href=\"https:\/\/www.musikzeitung.ch\/basis\/kmhs\" target=\"_blank\" rel=\"noopener\">Konferenz Musikhochschulen Schweiz (KMHS) \/ Conferenza delle universit\u00e0 svizzere di musica (CHEMS)<\/a><\/p>\n<p><a href=\"https:\/\/www.musikzeitung.ch\/basis\/kalaidos\/\" target=\"_blank\" rel=\"noopener\">Kalaidos Musikhochschule \/ Collegio di musica Kalaidos<\/a><\/p>\n<p><a href=\"https:\/\/www.musikzeitung.ch\/basis\/smr\/\" target=\"_blank\" rel=\"noopener\">Schweizer Musikrat (SMR) \/ Consiglio svizzero della musica (CSM)<\/a><\/p>\n<p><a href=\"https:\/\/www.musikzeitung.ch\/basis\/chorama\/\" target=\"_blank\" rel=\"noopener\">CHorama<\/a><\/p>\n<p><a href=\"https:\/\/www.musikzeitung.ch\/basis\/smm\/\" target=\"_blank\" rel=\"noopener\">Schweizerische Gesellschaft f\u00fcr Musik-Medizin (SMM) \/ Associazione svizzera di medicina musicale (SMM)<\/a><\/p>\n<p><a href=\"https:\/\/www.musikzeitung.ch\/basis\/smg\/\" target=\"_blank\" rel=\"noopener\">Schweizerische Musikforschende Gesellschaft (SMG) \/ Societ\u00e0 svizzera di musicologia (SSM)<\/a><\/p>\n<p><a href=\"https:\/\/www.musikzeitung.ch\/basis\/smv\/\" target=\"_blank\" rel=\"noopener\">Schweizerischer Musikerverband (SMV) \/ Unione Svizzera dei Musicisti (USDAM)<\/a><\/p>\n<p><a href=\"https:\/\/www.musikzeitung.ch\/basis\/smpv\/\" target=\"_blank\" rel=\"noopener\">Schweizerischer Musikp\u00e4dagogischer Verband (SMPV) \/ Societ\u00e0 svizzera di pedagogia musicale (SSPM)<\/a><\/p>\n<p><a href=\"https:\/\/www.musikzeitung.ch\/basis\/sonart\/\" target=\"_blank\" rel=\"noopener\">SONART - Musikschaffende Schweiz<\/a><\/p>\n<p><a href=\"https:\/\/www.musikzeitung.ch\/basis\/sjmw\/\" target=\"_blank\" rel=\"noopener\">Stiftung Schweizerischer Jugendmusikwettbewerb (SJMW)<\/a><\/p>\n<p><a href=\"https:\/\/www.musikzeitung.ch\/basis\/arosa-kultur\/\" target=\"_blank\" rel=\"noopener\">Arosa Kultur<\/a><\/p>\n<p><a href=\"https:\/\/www.musikzeitung.ch\/basis\/suisa\/\" target=\"_blank\" rel=\"noopener\">SUISA - Societ\u00e0 dei musicisti e dei lettori di musica<\/a><\/p>\n<p><a href=\"https:\/\/www.musikzeitung.ch\/basis\/vms\/\" target=\"_blank\" rel=\"noopener\">Verband Musikschulen Schweiz (VMS) \/ Associazione svizzera delle scuole di musica (ASEM)<\/a><\/p>\n<p>&nbsp;<\/p>\n<p><strong>Donazione segreta di organi<br \/>\n<\/strong>L'indovinello di Michael Kube<\/p>\n<p>________________________________________<\/p>\n<p><a href=\"mailto:contact@musikzeitung.ch\"><strong>Ordinate questo numero per CHF 8.- (+ CHF 2.- di spese postali)<\/strong><\/a><\/p>","protected":false},"excerpt":{"rendered":"<p>Table des mati\u00e8res Focus Le talent est un cadeau explique Michael Eidenbenz Offrir de la musique pour No\u00ebl Cadeaux musicaux au-del\u00e0 des CD et autres vinyles Quand la musique se d\u00e9cline en offrandes D\u00e9dicaces musicales Myst\u00e8re sous la douche Le cadeau de l\u2019inspiration \u00a0(en italique = r\u00e9sum\u00e9 en fran\u00e7ais de l&rsquo;article original en allemand) &nbsp; [&hellip;]<\/p>\n","protected":false},"author":1,"featured_media":30001,"comment_status":"closed","ping_status":"closed","sticky":false,"template":"","format":"standard","meta":{"_acf_changed":false,"_relevanssi_hide_post":"","_relevanssi_hide_content":"","_relevanssi_pin_for_all":"","_relevanssi_pin_keywords":"","_relevanssi_unpin_keywords":"","_relevanssi_related_keywords":"","_relevanssi_related_include_ids":"","_relevanssi_related_exclude_ids":"","_relevanssi_related_no_append":"","_relevanssi_related_not_related":"","_relevanssi_related_posts":"","_relevanssi_noindex_reason":"","pgc_sgb_lightbox_settings":"","footnotes":""},"categories":[1565],"tags":[1892,1898,1893,1894,1895,1896,1901,1897,1899,1900],"class_list":["post-29999","post","type-post","status-publish","format-standard","has-post-thumbnail","hentry","category-smz","tag-don","tag-fondation-orpheum","tag-grisons","tag-inspiration","tag-maria-schmidt","tag-michael-eidenbenz","tag-musique-populaire","tag-musiques-endormies","tag-talent","tag-theodor-kirchner"],"acf":[],"yoast_head":"<!-- This site is optimized with the Yoast SEO plugin v27.3 - https:\/\/yoast.com\/product\/yoast-seo-wordpress\/ -->\n<title>Num\u00e9ro 12\/2023 \u2013 Focus \u00abcadeau\u00bb - Revue Musicale Suisse<\/title>\n<meta name=\"robots\" content=\"index, follow, max-snippet:-1, max-image-preview:large, max-video-preview:-1\" \/>\n<link rel=\"canonical\" href=\"https:\/\/www.revuemusicale.ch\/it\/smz\/2023\/11\/numero-12-2023-focus-cadeau\/\" \/>\n<meta property=\"og:locale\" content=\"it_IT\" \/>\n<meta property=\"og:type\" content=\"article\" \/>\n<meta property=\"og:title\" content=\"Num\u00e9ro 12\/2023 \u2013 Focus \u00abcadeau\u00bb - Revue Musicale Suisse\" \/>\n<meta property=\"og:description\" content=\"Table des mati\u00e8res Focus Le talent est un cadeau explique Michael Eidenbenz Offrir de la musique pour No\u00ebl Cadeaux musicaux au-del\u00e0 des CD et autres vinyles Quand la musique se d\u00e9cline en offrandes D\u00e9dicaces musicales Myst\u00e8re sous la douche Le cadeau de l\u2019inspiration \u00a0(en italique = r\u00e9sum\u00e9 en fran\u00e7ais de l&rsquo;article original en allemand) &nbsp; [&hellip;]\" \/>\n<meta property=\"og:url\" content=\"https:\/\/www.revuemusicale.ch\/it\/smz\/2023\/11\/numero-12-2023-focus-cadeau\/\" \/>\n<meta property=\"og:site_name\" content=\"Revue Musicale Suisse\" \/>\n<meta property=\"article:publisher\" content=\"https:\/\/www.facebook.com\/SchweizerMusikzeitung\/\" \/>\n<meta property=\"article:published_time\" content=\"2023-11-29T08:00:18+00:00\" \/>\n<meta property=\"article:modified_time\" content=\"2024-01-24T10:04:25+00:00\" \/>\n<meta property=\"og:image\" content=\"https:\/\/www.revuemusicale.ch\/wp-content\/uploads\/2023\/11\/Titelbild_12_23.jpeg\" \/>\n\t<meta property=\"og:image:width\" content=\"1400\" \/>\n\t<meta property=\"og:image:height\" content=\"954\" \/>\n\t<meta property=\"og:image:type\" content=\"image\/jpeg\" \/>\n<meta name=\"author\" content=\"Musikzeitung-Redaktion\" \/>\n<meta name=\"twitter:card\" content=\"summary_large_image\" \/>\n<meta name=\"twitter:creator\" content=\"@smusikzeitung\" \/>\n<meta name=\"twitter:site\" content=\"@smusikzeitung\" \/>\n<meta name=\"twitter:label1\" content=\"Scritto da\" \/>\n\t<meta name=\"twitter:data1\" content=\"Musikzeitung-Redaktion\" \/>\n\t<meta name=\"twitter:label2\" content=\"Tempo di lettura stimato\" \/>\n\t<meta name=\"twitter:data2\" content=\"1 minuto\" \/>\n<script type=\"application\/ld+json\" class=\"yoast-schema-graph\">{\"@context\":\"https:\\\/\\\/schema.org\",\"@graph\":[{\"@type\":\"Article\",\"@id\":\"https:\\\/\\\/www.revuemusicale.ch\\\/smz\\\/2023\\\/11\\\/numero-12-2023-focus-cadeau#article\",\"isPartOf\":{\"@id\":\"https:\\\/\\\/www.revuemusicale.ch\\\/smz\\\/2023\\\/11\\\/numero-12-2023-focus-cadeau\"},\"author\":{\"name\":\"Musikzeitung-Redaktion\",\"@id\":\"https:\\\/\\\/www.revuemusicale.ch\\\/#\\\/schema\\\/person\\\/b2fd892c800856270b9dcc6001265712\"},\"headline\":\"Num\u00e9ro 12\\\/2023 \u2013 Focus \u00abcadeau\u00bb\",\"datePublished\":\"2023-11-29T08:00:18+00:00\",\"dateModified\":\"2024-01-24T10:04:25+00:00\",\"mainEntityOfPage\":{\"@id\":\"https:\\\/\\\/www.revuemusicale.ch\\\/smz\\\/2023\\\/11\\\/numero-12-2023-focus-cadeau\"},\"wordCount\":289,\"publisher\":{\"@id\":\"https:\\\/\\\/www.revuemusicale.ch\\\/#organization\"},\"image\":{\"@id\":\"https:\\\/\\\/www.revuemusicale.ch\\\/smz\\\/2023\\\/11\\\/numero-12-2023-focus-cadeau#primaryimage\"},\"thumbnailUrl\":\"https:\\\/\\\/www.revuemusicale.ch\\\/wp-content\\\/uploads\\\/2023\\\/11\\\/Titelbild_12_23.jpeg\",\"keywords\":[\"Don\",\"Fondation Orpheum\",\"Grisons\",\"Inspiration\",\"Maria Schmidt\",\"Michael Eidenbenz\",\"Musique populaire\",\"musiques endormies\",\"Talent\",\"Theodor Kirchner\"],\"articleSection\":[\"SMZ\"],\"inLanguage\":\"it-IT\"},{\"@type\":\"WebPage\",\"@id\":\"https:\\\/\\\/www.revuemusicale.ch\\\/smz\\\/2023\\\/11\\\/numero-12-2023-focus-cadeau\",\"url\":\"https:\\\/\\\/www.revuemusicale.ch\\\/smz\\\/2023\\\/11\\\/numero-12-2023-focus-cadeau\",\"name\":\"Num\u00e9ro 12\\\/2023 \u2013 Focus \u00abcadeau\u00bb - Revue Musicale Suisse\",\"isPartOf\":{\"@id\":\"https:\\\/\\\/www.revuemusicale.ch\\\/#website\"},\"primaryImageOfPage\":{\"@id\":\"https:\\\/\\\/www.revuemusicale.ch\\\/smz\\\/2023\\\/11\\\/numero-12-2023-focus-cadeau#primaryimage\"},\"image\":{\"@id\":\"https:\\\/\\\/www.revuemusicale.ch\\\/smz\\\/2023\\\/11\\\/numero-12-2023-focus-cadeau#primaryimage\"},\"thumbnailUrl\":\"https:\\\/\\\/www.revuemusicale.ch\\\/wp-content\\\/uploads\\\/2023\\\/11\\\/Titelbild_12_23.jpeg\",\"datePublished\":\"2023-11-29T08:00:18+00:00\",\"dateModified\":\"2024-01-24T10:04:25+00:00\",\"breadcrumb\":{\"@id\":\"https:\\\/\\\/www.revuemusicale.ch\\\/smz\\\/2023\\\/11\\\/numero-12-2023-focus-cadeau#breadcrumb\"},\"inLanguage\":\"it-IT\",\"potentialAction\":[{\"@type\":\"ReadAction\",\"target\":[\"https:\\\/\\\/www.revuemusicale.ch\\\/smz\\\/2023\\\/11\\\/numero-12-2023-focus-cadeau\"]}]},{\"@type\":\"ImageObject\",\"inLanguage\":\"it-IT\",\"@id\":\"https:\\\/\\\/www.revuemusicale.ch\\\/smz\\\/2023\\\/11\\\/numero-12-2023-focus-cadeau#primaryimage\",\"url\":\"https:\\\/\\\/www.revuemusicale.ch\\\/wp-content\\\/uploads\\\/2023\\\/11\\\/Titelbild_12_23.jpeg\",\"contentUrl\":\"https:\\\/\\\/www.revuemusicale.ch\\\/wp-content\\\/uploads\\\/2023\\\/11\\\/Titelbild_12_23.jpeg\",\"width\":1400,\"height\":954},{\"@type\":\"BreadcrumbList\",\"@id\":\"https:\\\/\\\/www.revuemusicale.ch\\\/smz\\\/2023\\\/11\\\/numero-12-2023-focus-cadeau#breadcrumb\",\"itemListElement\":[{\"@type\":\"ListItem\",\"position\":1,\"name\":\"Home\",\"item\":\"https:\\\/\\\/www.revuemusicale.ch\\\/\"},{\"@type\":\"ListItem\",\"position\":2,\"name\":\"Num\u00e9ro 12\\\/2023 \u2013 Focus \u00abcadeau\u00bb\"}]},{\"@type\":\"WebSite\",\"@id\":\"https:\\\/\\\/www.revuemusicale.ch\\\/#website\",\"url\":\"https:\\\/\\\/www.revuemusicale.ch\\\/\",\"name\":\"Revue Musicale Suisse\",\"description\":\"\",\"publisher\":{\"@id\":\"https:\\\/\\\/www.revuemusicale.ch\\\/#organization\"},\"potentialAction\":[{\"@type\":\"SearchAction\",\"target\":{\"@type\":\"EntryPoint\",\"urlTemplate\":\"https:\\\/\\\/www.revuemusicale.ch\\\/?s={search_term_string}\"},\"query-input\":{\"@type\":\"PropertyValueSpecification\",\"valueRequired\":true,\"valueName\":\"search_term_string\"}}],\"inLanguage\":\"it-IT\"},{\"@type\":\"Organization\",\"@id\":\"https:\\\/\\\/www.revuemusicale.ch\\\/#organization\",\"name\":\"Revue Musicale Suisse\",\"url\":\"https:\\\/\\\/www.revuemusicale.ch\\\/\",\"logo\":{\"@type\":\"ImageObject\",\"inLanguage\":\"it-IT\",\"@id\":\"https:\\\/\\\/www.revuemusicale.ch\\\/#\\\/schema\\\/logo\\\/image\\\/\",\"url\":\"https:\\\/\\\/www.revuemusicale.ch\\\/wp-content\\\/uploads\\\/2023\\\/01\\\/logo_revuemusicale_musikzeitung.jpg\",\"contentUrl\":\"https:\\\/\\\/www.revuemusicale.ch\\\/wp-content\\\/uploads\\\/2023\\\/01\\\/logo_revuemusicale_musikzeitung.jpg\",\"width\":1200,\"height\":243,\"caption\":\"Revue Musicale Suisse\"},\"image\":{\"@id\":\"https:\\\/\\\/www.revuemusicale.ch\\\/#\\\/schema\\\/logo\\\/image\\\/\"},\"sameAs\":[\"https:\\\/\\\/www.facebook.com\\\/SchweizerMusikzeitung\\\/\",\"https:\\\/\\\/x.com\\\/smusikzeitung\",\"https:\\\/\\\/www.instagram.com\\\/musikzeitung.ch\\\/?hl=de\"]},{\"@type\":\"Person\",\"@id\":\"https:\\\/\\\/www.revuemusicale.ch\\\/#\\\/schema\\\/person\\\/b2fd892c800856270b9dcc6001265712\",\"name\":\"Musikzeitung-Redaktion\",\"image\":{\"@type\":\"ImageObject\",\"inLanguage\":\"it-IT\",\"@id\":\"https:\\\/\\\/secure.gravatar.com\\\/avatar\\\/0c7e6a405862e402eb76a70f8a26fc732d07c32931e9fae9ab1582911d2e8a3b?s=96&d=mm&r=g\",\"url\":\"https:\\\/\\\/secure.gravatar.com\\\/avatar\\\/0c7e6a405862e402eb76a70f8a26fc732d07c32931e9fae9ab1582911d2e8a3b?s=96&d=mm&r=g\",\"contentUrl\":\"https:\\\/\\\/secure.gravatar.com\\\/avatar\\\/0c7e6a405862e402eb76a70f8a26fc732d07c32931e9fae9ab1582911d2e8a3b?s=96&d=mm&r=g\",\"caption\":\"Musikzeitung-Redaktion\"},\"sameAs\":[\"http:\\\/\\\/wundo-docker.io\"],\"url\":\"https:\\\/\\\/www.revuemusicale.ch\\\/it\\\/author\\\/admin\"}]}<\/script>\n<!-- \/ Yoast SEO plugin. -->","yoast_head_json":{"title":"Num\u00e9ro 12\/2023 \u2013 Focus \u00abcadeau\u00bb - Revue Musicale Suisse","robots":{"index":"index","follow":"follow","max-snippet":"max-snippet:-1","max-image-preview":"max-image-preview:large","max-video-preview":"max-video-preview:-1"},"canonical":"https:\/\/www.revuemusicale.ch\/it\/smz\/2023\/11\/numero-12-2023-focus-cadeau\/","og_locale":"it_IT","og_type":"article","og_title":"Num\u00e9ro 12\/2023 \u2013 Focus \u00abcadeau\u00bb - Revue Musicale Suisse","og_description":"Table des mati\u00e8res Focus Le talent est un cadeau explique Michael Eidenbenz Offrir de la musique pour No\u00ebl Cadeaux musicaux au-del\u00e0 des CD et autres vinyles Quand la musique se d\u00e9cline en offrandes D\u00e9dicaces musicales Myst\u00e8re sous la douche Le cadeau de l\u2019inspiration \u00a0(en italique = r\u00e9sum\u00e9 en fran\u00e7ais de l&rsquo;article original en allemand) &nbsp; [&hellip;]","og_url":"https:\/\/www.revuemusicale.ch\/it\/smz\/2023\/11\/numero-12-2023-focus-cadeau\/","og_site_name":"Revue Musicale Suisse","article_publisher":"https:\/\/www.facebook.com\/SchweizerMusikzeitung\/","article_published_time":"2023-11-29T08:00:18+00:00","article_modified_time":"2024-01-24T10:04:25+00:00","og_image":[{"width":1400,"height":954,"url":"https:\/\/www.revuemusicale.ch\/wp-content\/uploads\/2023\/11\/Titelbild_12_23.jpeg","type":"image\/jpeg"}],"author":"Musikzeitung-Redaktion","twitter_card":"summary_large_image","twitter_creator":"@smusikzeitung","twitter_site":"@smusikzeitung","twitter_misc":{"Scritto da":"Musikzeitung-Redaktion","Tempo di lettura stimato":"1 minuto"},"schema":{"@context":"https:\/\/schema.org","@graph":[{"@type":"Article","@id":"https:\/\/www.revuemusicale.ch\/smz\/2023\/11\/numero-12-2023-focus-cadeau#article","isPartOf":{"@id":"https:\/\/www.revuemusicale.ch\/smz\/2023\/11\/numero-12-2023-focus-cadeau"},"author":{"name":"Musikzeitung-Redaktion","@id":"https:\/\/www.revuemusicale.ch\/#\/schema\/person\/b2fd892c800856270b9dcc6001265712"},"headline":"Num\u00e9ro 12\/2023 \u2013 Focus \u00abcadeau\u00bb","datePublished":"2023-11-29T08:00:18+00:00","dateModified":"2024-01-24T10:04:25+00:00","mainEntityOfPage":{"@id":"https:\/\/www.revuemusicale.ch\/smz\/2023\/11\/numero-12-2023-focus-cadeau"},"wordCount":289,"publisher":{"@id":"https:\/\/www.revuemusicale.ch\/#organization"},"image":{"@id":"https:\/\/www.revuemusicale.ch\/smz\/2023\/11\/numero-12-2023-focus-cadeau#primaryimage"},"thumbnailUrl":"https:\/\/www.revuemusicale.ch\/wp-content\/uploads\/2023\/11\/Titelbild_12_23.jpeg","keywords":["Don","Fondation Orpheum","Grisons","Inspiration","Maria Schmidt","Michael Eidenbenz","Musique populaire","musiques endormies","Talent","Theodor Kirchner"],"articleSection":["SMZ"],"inLanguage":"it-IT"},{"@type":"WebPage","@id":"https:\/\/www.revuemusicale.ch\/smz\/2023\/11\/numero-12-2023-focus-cadeau","url":"https:\/\/www.revuemusicale.ch\/smz\/2023\/11\/numero-12-2023-focus-cadeau","name":"Num\u00e9ro 12\/2023 \u2013 Focus \u00abcadeau\u00bb - Revue Musicale Suisse","isPartOf":{"@id":"https:\/\/www.revuemusicale.ch\/#website"},"primaryImageOfPage":{"@id":"https:\/\/www.revuemusicale.ch\/smz\/2023\/11\/numero-12-2023-focus-cadeau#primaryimage"},"image":{"@id":"https:\/\/www.revuemusicale.ch\/smz\/2023\/11\/numero-12-2023-focus-cadeau#primaryimage"},"thumbnailUrl":"https:\/\/www.revuemusicale.ch\/wp-content\/uploads\/2023\/11\/Titelbild_12_23.jpeg","datePublished":"2023-11-29T08:00:18+00:00","dateModified":"2024-01-24T10:04:25+00:00","breadcrumb":{"@id":"https:\/\/www.revuemusicale.ch\/smz\/2023\/11\/numero-12-2023-focus-cadeau#breadcrumb"},"inLanguage":"it-IT","potentialAction":[{"@type":"ReadAction","target":["https:\/\/www.revuemusicale.ch\/smz\/2023\/11\/numero-12-2023-focus-cadeau"]}]},{"@type":"ImageObject","inLanguage":"it-IT","@id":"https:\/\/www.revuemusicale.ch\/smz\/2023\/11\/numero-12-2023-focus-cadeau#primaryimage","url":"https:\/\/www.revuemusicale.ch\/wp-content\/uploads\/2023\/11\/Titelbild_12_23.jpeg","contentUrl":"https:\/\/www.revuemusicale.ch\/wp-content\/uploads\/2023\/11\/Titelbild_12_23.jpeg","width":1400,"height":954},{"@type":"BreadcrumbList","@id":"https:\/\/www.revuemusicale.ch\/smz\/2023\/11\/numero-12-2023-focus-cadeau#breadcrumb","itemListElement":[{"@type":"ListItem","position":1,"name":"Home","item":"https:\/\/www.revuemusicale.ch\/"},{"@type":"ListItem","position":2,"name":"Num\u00e9ro 12\/2023 \u2013 Focus \u00abcadeau\u00bb"}]},{"@type":"WebSite","@id":"https:\/\/www.revuemusicale.ch\/#website","url":"https:\/\/www.revuemusicale.ch\/","name":"Rassegna musicale svizzera","description":"","publisher":{"@id":"https:\/\/www.revuemusicale.ch\/#organization"},"potentialAction":[{"@type":"SearchAction","target":{"@type":"EntryPoint","urlTemplate":"https:\/\/www.revuemusicale.ch\/?s={search_term_string}"},"query-input":{"@type":"PropertyValueSpecification","valueRequired":true,"valueName":"search_term_string"}}],"inLanguage":"it-IT"},{"@type":"Organization","@id":"https:\/\/www.revuemusicale.ch\/#organization","name":"Rassegna musicale svizzera","url":"https:\/\/www.revuemusicale.ch\/","logo":{"@type":"ImageObject","inLanguage":"it-IT","@id":"https:\/\/www.revuemusicale.ch\/#\/schema\/logo\/image\/","url":"https:\/\/www.revuemusicale.ch\/wp-content\/uploads\/2023\/01\/logo_revuemusicale_musikzeitung.jpg","contentUrl":"https:\/\/www.revuemusicale.ch\/wp-content\/uploads\/2023\/01\/logo_revuemusicale_musikzeitung.jpg","width":1200,"height":243,"caption":"Revue Musicale Suisse"},"image":{"@id":"https:\/\/www.revuemusicale.ch\/#\/schema\/logo\/image\/"},"sameAs":["https:\/\/www.facebook.com\/SchweizerMusikzeitung\/","https:\/\/x.com\/smusikzeitung","https:\/\/www.instagram.com\/musikzeitung.ch\/?hl=de"]},{"@type":"Person","@id":"https:\/\/www.revuemusicale.ch\/#\/schema\/person\/b2fd892c800856270b9dcc6001265712","name":"Musikzeitung-Redaktion","image":{"@type":"ImageObject","inLanguage":"it-IT","@id":"https:\/\/secure.gravatar.com\/avatar\/0c7e6a405862e402eb76a70f8a26fc732d07c32931e9fae9ab1582911d2e8a3b?s=96&d=mm&r=g","url":"https:\/\/secure.gravatar.com\/avatar\/0c7e6a405862e402eb76a70f8a26fc732d07c32931e9fae9ab1582911d2e8a3b?s=96&d=mm&r=g","contentUrl":"https:\/\/secure.gravatar.com\/avatar\/0c7e6a405862e402eb76a70f8a26fc732d07c32931e9fae9ab1582911d2e8a3b?s=96&d=mm&r=g","caption":"Musikzeitung-Redaktion"},"sameAs":["http:\/\/wundo-docker.io"],"url":"https:\/\/www.revuemusicale.ch\/it\/author\/admin"}]}},"publishpress_future_action":{"enabled":false,"date":"1970-01-01 01:00:00","action":"change-status","newStatus":"draft","terms":[],"taxonomy":"category","extraData":[]},"publishpress_future_workflow_manual_trigger":{"enabledWorkflows":[]},"_links":{"self":[{"href":"https:\/\/www.revuemusicale.ch\/it\/wp-json\/wp\/v2\/posts\/29999","targetHints":{"allow":["GET"]}}],"collection":[{"href":"https:\/\/www.revuemusicale.ch\/it\/wp-json\/wp\/v2\/posts"}],"about":[{"href":"https:\/\/www.revuemusicale.ch\/it\/wp-json\/wp\/v2\/types\/post"}],"author":[{"embeddable":true,"href":"https:\/\/www.revuemusicale.ch\/it\/wp-json\/wp\/v2\/users\/1"}],"replies":[{"embeddable":true,"href":"https:\/\/www.revuemusicale.ch\/it\/wp-json\/wp\/v2\/comments?post=29999"}],"version-history":[{"count":7,"href":"https:\/\/www.revuemusicale.ch\/it\/wp-json\/wp\/v2\/posts\/29999\/revisions"}],"predecessor-version":[{"id":30129,"href":"https:\/\/www.revuemusicale.ch\/it\/wp-json\/wp\/v2\/posts\/29999\/revisions\/30129"}],"wp:featuredmedia":[{"embeddable":true,"href":"https:\/\/www.revuemusicale.ch\/it\/wp-json\/wp\/v2\/media\/30001"}],"wp:attachment":[{"href":"https:\/\/www.revuemusicale.ch\/it\/wp-json\/wp\/v2\/media?parent=29999"}],"wp:term":[{"taxonomy":"category","embeddable":true,"href":"https:\/\/www.revuemusicale.ch\/it\/wp-json\/wp\/v2\/categories?post=29999"},{"taxonomy":"post_tag","embeddable":true,"href":"https:\/\/www.revuemusicale.ch\/it\/wp-json\/wp\/v2\/tags?post=29999"}],"curies":[{"name":"wp","href":"https:\/\/api.w.org\/{rel}","templated":true}]}}