{"id":30039,"date":"2024-01-23T10:46:30","date_gmt":"2024-01-23T09:46:30","guid":{"rendered":"https:\/\/www.revuemusicale.ch\/?p=30039"},"modified":"2024-03-27T10:32:21","modified_gmt":"2024-03-27T09:32:21","slug":"bach-et-lopera-allemand","status":"publish","type":"post","link":"https:\/\/www.revuemusicale.ch\/it\/critiques\/livres-et-partitions\/2024\/01\/bach-et-lopera-allemand","title":{"rendered":"Bach e l'opera tedesca - Rossini senza favola"},"content":{"rendered":"<figure id=\"attachment_30043\" aria-describedby=\"caption-attachment-30043\" style=\"width: 1429px\" class=\"wp-caption alignnone\"><img loading=\"lazy\" decoding=\"async\" class=\"wp-image-30043 size-full\" src=\"https:\/\/www.revuemusicale.ch\/wp-content\/uploads\/2024\/01\/Bach-und-Rossini.jpeg\" alt=\"\" width=\"1429\" height=\"942\" srcset=\"https:\/\/www.revuemusicale.ch\/wp-content\/uploads\/2024\/01\/Bach-und-Rossini.jpeg 1400w, https:\/\/www.revuemusicale.ch\/wp-content\/uploads\/2024\/01\/Bach-und-Rossini-300x198.jpeg 300w, https:\/\/www.revuemusicale.ch\/wp-content\/uploads\/2024\/01\/Bach-und-Rossini-1024x675.jpeg 1024w, https:\/\/www.revuemusicale.ch\/wp-content\/uploads\/2024\/01\/Bach-und-Rossini-768x506.jpeg 768w, https:\/\/www.revuemusicale.ch\/wp-content\/uploads\/2024\/01\/Bach-und-Rossini-265x175.jpeg 265w, https:\/\/www.revuemusicale.ch\/wp-content\/uploads\/2024\/01\/Bach-und-Rossini-531x350.jpeg 531w, https:\/\/www.revuemusicale.ch\/wp-content\/uploads\/2024\/01\/Bach-und-Rossini-1214x800.jpeg 1214w, https:\/\/www.revuemusicale.ch\/wp-content\/uploads\/2024\/01\/Bach-und-Rossini-920x606.jpeg 920w\" sizes=\"auto, (max-width: 1429px) 100vw, 1429px\" \/><figcaption id=\"caption-attachment-30043\" class=\"wp-caption-text\">Johann Sebastian Bach, dipinto da Elias Gottlob Haussmann, e Gioachino Rossini, fotografato da Nadar. Wikimedia commons<\/figcaption><\/figure>\n<p>Un'opera concisa, densa ed erudita, pubblicata da Les Belles Lettres e scritta da Gilles Cantagrel, analizza le ragioni per cui Bach, di cui \u00e8 uno specialista riconosciuto, non ha lasciato opere sceniche. Inizia con una panoramica del repertorio operistico tedesco, dai suoi lenti inizi (<em>Dafne<\/em> di Sch\u00fctz, la cui partitura \u00e8 andata perduta, nel 1627; il primo teatro lirico apr\u00ec ad Amburgo solo nel 1677) a met\u00e0 del XVIII secolo.<sup>e<\/sup> La scrittura per il palcoscenico di Bach, realizzata a met\u00e0 del XIX secolo, comprende compositori dimenticati come Johann Wolfgang Franck, Johann Sigismund Kusser e Nicolaus Adam Strungk, ma anche compositori pi\u00f9 illustri come Carl Heinrich Graun, Reinhard Keiser e Telemann. Sebbene Bach si recasse volentieri a Dresda per ascoltare le opere di Hasse, che conosceva bene, a quanto pare la scrittura per il palcoscenico non lo tentava. Tuttavia, sia nelle cantate profane che in quelle sacre, il cantore di Lipsia sapeva come rappresentare con finezza uno stato psicologico. Nella codificazione dell'epoca si trovano persino brani operistici veri e propri: intermezzi pastorali, tempeste, arie di sonno come<em> La sicurezza pu\u00f2 essere assicurata<\/em> nella cantata cyn\u00e9g\u00e9tique BWV 208, un lamento amoroso come <em>Con il Verlangen druck'ich deine zarten Wangen<\/em> dove Ph\u00e9bus-Apollon piange la morte dell'amata Hyacinthe (estratto dal dramma per musica BWV 201), o un autentico intermezzo come il <em>Caff\u00e8 cantato<\/em>. Ma l'autore sottolinea quanto le due monumentali passioni formino azioni drammatiche la cui teatralit\u00e0 ed espressivit\u00e0 superano quelle di altri oratori barocchi. Se Bach non compose un'opera, forse fu semplicemente perch\u00e9 non ne sentiva il bisogno.<img loading=\"lazy\" decoding=\"async\" class=\"size-medium wp-image-30044 aligncenter\" src=\"https:\/\/www.revuemusicale.ch\/wp-content\/uploads\/2024\/01\/01_02_crit_buch_Mettraux_Bach-189x300.jpg\" alt=\"\" width=\"189\" height=\"300\" srcset=\"https:\/\/www.revuemusicale.ch\/wp-content\/uploads\/2024\/01\/01_02_crit_buch_Mettraux_Bach-189x300.jpg 189w, https:\/\/www.revuemusicale.ch\/wp-content\/uploads\/2024\/01\/01_02_crit_buch_Mettraux_Bach-647x1024.jpg 647w, https:\/\/www.revuemusicale.ch\/wp-content\/uploads\/2024\/01\/01_02_crit_buch_Mettraux_Bach-768x1216.jpg 768w, https:\/\/www.revuemusicale.ch\/wp-content\/uploads\/2024\/01\/01_02_crit_buch_Mettraux_Bach-970x1536.jpg 970w, https:\/\/www.revuemusicale.ch\/wp-content\/uploads\/2024\/01\/01_02_crit_buch_Mettraux_Bach-111x175.jpg 111w, https:\/\/www.revuemusicale.ch\/wp-content\/uploads\/2024\/01\/01_02_crit_buch_Mettraux_Bach-221x350.jpg 221w, https:\/\/www.revuemusicale.ch\/wp-content\/uploads\/2024\/01\/01_02_crit_buch_Mettraux_Bach-505x800.jpg 505w, https:\/\/www.revuemusicale.ch\/wp-content\/uploads\/2024\/01\/01_02_crit_buch_Mettraux_Bach-920x1457.jpg 920w, https:\/\/www.revuemusicale.ch\/wp-content\/uploads\/2024\/01\/01_02_crit_buch_Mettraux_Bach-300x475.jpg 300w, https:\/\/www.revuemusicale.ch\/wp-content\/uploads\/2024\/01\/01_02_crit_buch_Mettraux_Bach.jpg 632w\" sizes=\"auto, (max-width: 189px) 100vw, 189px\" \/><em>Gilles Cantagrel: Bach n'a pas \u00e9crit d'op\u00e9ra, 116 p., \u20ac 11,50, Les Belles Lettres, Paris 2023, ISBN 978-2-251-45444-3<\/em><\/p>\n<p>Sebbene abbia trascorso gran parte della sua vita in Francia, dove furono rappresentate le sue ultime opere, Rossini \u00e8 stato a lungo trascurato dalla musicografia, tranne che nel periodo romantico, quando fiorirono le biografie romanzate, come quella scritta da Stendhal. La monografia dello storico Gr\u00e9goire Ayala, recentemente pubblicata dalle Editions Premi\u00e8res Loges, \u00e8 un'esplorazione inedita della vita del maestro pesarese nel mondo francofono, liberata da un lato da aneddoti generalmente fittizi e messa in luce dall'altro dalla sua corrispondenza, una fonte finora poco sfruttata che getta una luce inaspettata sul suo destino, la sua opera e il suo pensiero. Sebbene il biografo non si addentri nello studio musicale dettagliato delle composizioni, spiega come sono nate e come sono state realizzate, fornendo un contesto storico dell'arte di Rossini. Rivela inoltre la sensibilit\u00e0, la profondit\u00e0 e le contraddizioni dell'autore di <em>Guglielmo Tell<\/em> (spesso offuscato tanto da un atteggiamento falsamente disinvolto dell'artista stesso quanto da persistenti luoghi comuni), introducendo il lettore nell'intimit\u00e0 di Rossini, dalla sua giovinezza in un ambiente operaio al suo lungo ritiro, pi\u00f9 attivo di quanto sembri, passando per la sua fulminea carriera che ha rivoluzionato il palcoscenico in meno di due decenni.<img loading=\"lazy\" decoding=\"async\" class=\"size-medium wp-image-30045 aligncenter\" src=\"https:\/\/www.revuemusicale.ch\/wp-content\/uploads\/2024\/01\/01_02_crit_buch_Mettraux_Rossini-202x300.jpg\" alt=\"\" width=\"202\" height=\"300\" srcset=\"https:\/\/www.revuemusicale.ch\/wp-content\/uploads\/2024\/01\/01_02_crit_buch_Mettraux_Rossini-202x300.jpg 202w, https:\/\/www.revuemusicale.ch\/wp-content\/uploads\/2024\/01\/01_02_crit_buch_Mettraux_Rossini-118x175.jpg 118w, https:\/\/www.revuemusicale.ch\/wp-content\/uploads\/2024\/01\/01_02_crit_buch_Mettraux_Rossini-236x350.jpg 236w, https:\/\/www.revuemusicale.ch\/wp-content\/uploads\/2024\/01\/01_02_crit_buch_Mettraux_Rossini-300x446.jpg 300w, https:\/\/www.revuemusicale.ch\/wp-content\/uploads\/2024\/01\/01_02_crit_buch_Mettraux_Rossini.jpg 500w\" sizes=\"auto, (max-width: 202px) 100vw, 202px\" \/><\/p>\n<p><em>Gr\u00e9goire Ayala: Rossini \u00e0 la lettre, 446 p., \u20ac 25,00, Premi\u00e8res Loges, Paris 2023, ISBN 978-2-84385-438-5<\/em><\/p>","protected":false},"excerpt":{"rendered":"<p>Due recenti pubblicazioni cercano di risolvere le seguenti questioni: Perch\u00e9 Bach non ha composto un'opera? Qual era la vera personalit\u00e0 di Rossini?<\/p>","protected":false},"author":1,"featured_media":30043,"comment_status":"closed","ping_status":"closed","sticky":false,"template":"","format":"standard","meta":{"_acf_changed":false,"_relevanssi_hide_post":"","_relevanssi_hide_content":"","_relevanssi_pin_for_all":"","_relevanssi_pin_keywords":"","_relevanssi_unpin_keywords":"","_relevanssi_related_keywords":"","_relevanssi_related_include_ids":"","_relevanssi_related_exclude_ids":"","_relevanssi_related_no_append":"","_relevanssi_related_not_related":"","_relevanssi_related_posts":"","_relevanssi_noindex_reason":"","pgc_sgb_lightbox_settings":"","footnotes":""},"categories":[1614,1616],"tags":[1911,1906,1908,1909,1907,1910],"class_list":["post-30039","post","type-post","status-publish","format-standard","has-post-thumbnail","hentry","category-critiques","category-livres-et-partitions","tag-biographie","tag-gilles-cantagrel","tag-gioachino-rossini","tag-gregoire-ayala","tag-johann-sebastian-bach","tag-opera"],"acf":[],"yoast_head":"<!-- This site is optimized with the Yoast SEO plugin v27.3 - https:\/\/yoast.com\/product\/yoast-seo-wordpress\/ -->\n<title>Bach et l\u2019op\u00e9ra allemand \u2013 Rossini sans fable - Revue Musicale Suisse<\/title>\n<meta name=\"robots\" content=\"index, follow, max-snippet:-1, max-image-preview:large, max-video-preview:-1\" \/>\n<link rel=\"canonical\" href=\"https:\/\/www.revuemusicale.ch\/it\/critiques\/livres-et-partitions\/2024\/01\/bach-et-lopera-allemand\/\" \/>\n<meta property=\"og:locale\" content=\"it_IT\" \/>\n<meta property=\"og:type\" content=\"article\" \/>\n<meta property=\"og:title\" content=\"Bach et l\u2019op\u00e9ra allemand \u2013 Rossini sans fable - Revue Musicale Suisse\" \/>\n<meta property=\"og:description\" content=\"Deux publications r\u00e9centes s\u2019attachent \u00e0 r\u00e9soudre les questions suivantes : Pourquoi Bach n\u2019a-t-il pas compos\u00e9 d\u2019op\u00e9ra ? Quelle est la v\u00e9ritable personnalit\u00e9 de Rossini ?\" \/>\n<meta property=\"og:url\" content=\"https:\/\/www.revuemusicale.ch\/it\/critiques\/livres-et-partitions\/2024\/01\/bach-et-lopera-allemand\/\" \/>\n<meta property=\"og:site_name\" content=\"Revue Musicale Suisse\" \/>\n<meta property=\"article:publisher\" content=\"https:\/\/www.facebook.com\/SchweizerMusikzeitung\/\" \/>\n<meta property=\"article:published_time\" content=\"2024-01-23T09:46:30+00:00\" \/>\n<meta property=\"article:modified_time\" content=\"2024-03-27T09:32:21+00:00\" \/>\n<meta property=\"og:image\" content=\"https:\/\/www.revuemusicale.ch\/wp-content\/uploads\/2024\/01\/Bach-und-Rossini.jpeg\" \/>\n\t<meta property=\"og:image:width\" content=\"1400\" \/>\n\t<meta property=\"og:image:height\" content=\"923\" \/>\n\t<meta property=\"og:image:type\" content=\"image\/jpeg\" \/>\n<meta name=\"author\" content=\"Musikzeitung-Redaktion\" \/>\n<meta name=\"twitter:card\" content=\"summary_large_image\" \/>\n<meta name=\"twitter:creator\" content=\"@smusikzeitung\" \/>\n<meta name=\"twitter:site\" content=\"@smusikzeitung\" \/>\n<meta name=\"twitter:label1\" content=\"Scritto da\" \/>\n\t<meta name=\"twitter:data1\" content=\"Musikzeitung-Redaktion\" \/>\n\t<meta name=\"twitter:label2\" content=\"Tempo di lettura stimato\" \/>\n\t<meta name=\"twitter:data2\" content=\"3 minuti\" \/>\n<script type=\"application\/ld+json\" class=\"yoast-schema-graph\">{\"@context\":\"https:\\\/\\\/schema.org\",\"@graph\":[{\"@type\":\"Article\",\"@id\":\"https:\\\/\\\/www.revuemusicale.ch\\\/critiques\\\/livres-et-partitions\\\/2024\\\/01\\\/bach-et-lopera-allemand#article\",\"isPartOf\":{\"@id\":\"https:\\\/\\\/www.revuemusicale.ch\\\/critiques\\\/livres-et-partitions\\\/2024\\\/01\\\/bach-et-lopera-allemand\"},\"author\":{\"name\":\"Musikzeitung-Redaktion\",\"@id\":\"https:\\\/\\\/www.revuemusicale.ch\\\/#\\\/schema\\\/person\\\/b2fd892c800856270b9dcc6001265712\"},\"headline\":\"Bach et l\u2019op\u00e9ra allemand \u2013 Rossini sans fable\",\"datePublished\":\"2024-01-23T09:46:30+00:00\",\"dateModified\":\"2024-03-27T09:32:21+00:00\",\"mainEntityOfPage\":{\"@id\":\"https:\\\/\\\/www.revuemusicale.ch\\\/critiques\\\/livres-et-partitions\\\/2024\\\/01\\\/bach-et-lopera-allemand\"},\"wordCount\":609,\"publisher\":{\"@id\":\"https:\\\/\\\/www.revuemusicale.ch\\\/#organization\"},\"image\":{\"@id\":\"https:\\\/\\\/www.revuemusicale.ch\\\/critiques\\\/livres-et-partitions\\\/2024\\\/01\\\/bach-et-lopera-allemand#primaryimage\"},\"thumbnailUrl\":\"https:\\\/\\\/www.revuemusicale.ch\\\/wp-content\\\/uploads\\\/2024\\\/01\\\/Bach-und-Rossini.jpeg\",\"keywords\":[\"Biographie\",\"Gilles Cantagrel\",\"Gioachino Rossini\",\"Gr\u00e9goire Ayala\",\"Johann Sebastian Bach\",\"Op\u00e9ra\"],\"articleSection\":[\"Critiques\",\"Livres et partitions\"],\"inLanguage\":\"it-IT\"},{\"@type\":\"WebPage\",\"@id\":\"https:\\\/\\\/www.revuemusicale.ch\\\/critiques\\\/livres-et-partitions\\\/2024\\\/01\\\/bach-et-lopera-allemand\",\"url\":\"https:\\\/\\\/www.revuemusicale.ch\\\/critiques\\\/livres-et-partitions\\\/2024\\\/01\\\/bach-et-lopera-allemand\",\"name\":\"Bach et l\u2019op\u00e9ra allemand \u2013 Rossini sans fable - Revue Musicale Suisse\",\"isPartOf\":{\"@id\":\"https:\\\/\\\/www.revuemusicale.ch\\\/#website\"},\"primaryImageOfPage\":{\"@id\":\"https:\\\/\\\/www.revuemusicale.ch\\\/critiques\\\/livres-et-partitions\\\/2024\\\/01\\\/bach-et-lopera-allemand#primaryimage\"},\"image\":{\"@id\":\"https:\\\/\\\/www.revuemusicale.ch\\\/critiques\\\/livres-et-partitions\\\/2024\\\/01\\\/bach-et-lopera-allemand#primaryimage\"},\"thumbnailUrl\":\"https:\\\/\\\/www.revuemusicale.ch\\\/wp-content\\\/uploads\\\/2024\\\/01\\\/Bach-und-Rossini.jpeg\",\"datePublished\":\"2024-01-23T09:46:30+00:00\",\"dateModified\":\"2024-03-27T09:32:21+00:00\",\"breadcrumb\":{\"@id\":\"https:\\\/\\\/www.revuemusicale.ch\\\/critiques\\\/livres-et-partitions\\\/2024\\\/01\\\/bach-et-lopera-allemand#breadcrumb\"},\"inLanguage\":\"it-IT\",\"potentialAction\":[{\"@type\":\"ReadAction\",\"target\":[\"https:\\\/\\\/www.revuemusicale.ch\\\/critiques\\\/livres-et-partitions\\\/2024\\\/01\\\/bach-et-lopera-allemand\"]}]},{\"@type\":\"ImageObject\",\"inLanguage\":\"it-IT\",\"@id\":\"https:\\\/\\\/www.revuemusicale.ch\\\/critiques\\\/livres-et-partitions\\\/2024\\\/01\\\/bach-et-lopera-allemand#primaryimage\",\"url\":\"https:\\\/\\\/www.revuemusicale.ch\\\/wp-content\\\/uploads\\\/2024\\\/01\\\/Bach-und-Rossini.jpeg\",\"contentUrl\":\"https:\\\/\\\/www.revuemusicale.ch\\\/wp-content\\\/uploads\\\/2024\\\/01\\\/Bach-und-Rossini.jpeg\",\"width\":1400,\"height\":923},{\"@type\":\"BreadcrumbList\",\"@id\":\"https:\\\/\\\/www.revuemusicale.ch\\\/critiques\\\/livres-et-partitions\\\/2024\\\/01\\\/bach-et-lopera-allemand#breadcrumb\",\"itemListElement\":[{\"@type\":\"ListItem\",\"position\":1,\"name\":\"Home\",\"item\":\"https:\\\/\\\/www.revuemusicale.ch\\\/\"},{\"@type\":\"ListItem\",\"position\":2,\"name\":\"Bach et l\u2019op\u00e9ra allemand \u2013 Rossini sans fable\"}]},{\"@type\":\"WebSite\",\"@id\":\"https:\\\/\\\/www.revuemusicale.ch\\\/#website\",\"url\":\"https:\\\/\\\/www.revuemusicale.ch\\\/\",\"name\":\"Revue Musicale Suisse\",\"description\":\"\",\"publisher\":{\"@id\":\"https:\\\/\\\/www.revuemusicale.ch\\\/#organization\"},\"potentialAction\":[{\"@type\":\"SearchAction\",\"target\":{\"@type\":\"EntryPoint\",\"urlTemplate\":\"https:\\\/\\\/www.revuemusicale.ch\\\/?s={search_term_string}\"},\"query-input\":{\"@type\":\"PropertyValueSpecification\",\"valueRequired\":true,\"valueName\":\"search_term_string\"}}],\"inLanguage\":\"it-IT\"},{\"@type\":\"Organization\",\"@id\":\"https:\\\/\\\/www.revuemusicale.ch\\\/#organization\",\"name\":\"Revue Musicale Suisse\",\"url\":\"https:\\\/\\\/www.revuemusicale.ch\\\/\",\"logo\":{\"@type\":\"ImageObject\",\"inLanguage\":\"it-IT\",\"@id\":\"https:\\\/\\\/www.revuemusicale.ch\\\/#\\\/schema\\\/logo\\\/image\\\/\",\"url\":\"https:\\\/\\\/www.revuemusicale.ch\\\/wp-content\\\/uploads\\\/2023\\\/01\\\/logo_revuemusicale_musikzeitung.jpg\",\"contentUrl\":\"https:\\\/\\\/www.revuemusicale.ch\\\/wp-content\\\/uploads\\\/2023\\\/01\\\/logo_revuemusicale_musikzeitung.jpg\",\"width\":1200,\"height\":243,\"caption\":\"Revue Musicale Suisse\"},\"image\":{\"@id\":\"https:\\\/\\\/www.revuemusicale.ch\\\/#\\\/schema\\\/logo\\\/image\\\/\"},\"sameAs\":[\"https:\\\/\\\/www.facebook.com\\\/SchweizerMusikzeitung\\\/\",\"https:\\\/\\\/x.com\\\/smusikzeitung\",\"https:\\\/\\\/www.instagram.com\\\/musikzeitung.ch\\\/?hl=de\"]},{\"@type\":\"Person\",\"@id\":\"https:\\\/\\\/www.revuemusicale.ch\\\/#\\\/schema\\\/person\\\/b2fd892c800856270b9dcc6001265712\",\"name\":\"Musikzeitung-Redaktion\",\"image\":{\"@type\":\"ImageObject\",\"inLanguage\":\"it-IT\",\"@id\":\"https:\\\/\\\/secure.gravatar.com\\\/avatar\\\/0c7e6a405862e402eb76a70f8a26fc732d07c32931e9fae9ab1582911d2e8a3b?s=96&d=mm&r=g\",\"url\":\"https:\\\/\\\/secure.gravatar.com\\\/avatar\\\/0c7e6a405862e402eb76a70f8a26fc732d07c32931e9fae9ab1582911d2e8a3b?s=96&d=mm&r=g\",\"contentUrl\":\"https:\\\/\\\/secure.gravatar.com\\\/avatar\\\/0c7e6a405862e402eb76a70f8a26fc732d07c32931e9fae9ab1582911d2e8a3b?s=96&d=mm&r=g\",\"caption\":\"Musikzeitung-Redaktion\"},\"sameAs\":[\"http:\\\/\\\/wundo-docker.io\"],\"url\":\"https:\\\/\\\/www.revuemusicale.ch\\\/it\\\/author\\\/admin\"}]}<\/script>\n<!-- \/ Yoast SEO plugin. -->","yoast_head_json":{"title":"Bach et l\u2019op\u00e9ra allemand \u2013 Rossini sans fable - Revue Musicale Suisse","robots":{"index":"index","follow":"follow","max-snippet":"max-snippet:-1","max-image-preview":"max-image-preview:large","max-video-preview":"max-video-preview:-1"},"canonical":"https:\/\/www.revuemusicale.ch\/it\/critiques\/livres-et-partitions\/2024\/01\/bach-et-lopera-allemand\/","og_locale":"it_IT","og_type":"article","og_title":"Bach et l\u2019op\u00e9ra allemand \u2013 Rossini sans fable - Revue Musicale Suisse","og_description":"Deux publications r\u00e9centes s\u2019attachent \u00e0 r\u00e9soudre les questions suivantes : Pourquoi Bach n\u2019a-t-il pas compos\u00e9 d\u2019op\u00e9ra ? Quelle est la v\u00e9ritable personnalit\u00e9 de Rossini ?","og_url":"https:\/\/www.revuemusicale.ch\/it\/critiques\/livres-et-partitions\/2024\/01\/bach-et-lopera-allemand\/","og_site_name":"Revue Musicale Suisse","article_publisher":"https:\/\/www.facebook.com\/SchweizerMusikzeitung\/","article_published_time":"2024-01-23T09:46:30+00:00","article_modified_time":"2024-03-27T09:32:21+00:00","og_image":[{"width":1400,"height":923,"url":"https:\/\/www.revuemusicale.ch\/wp-content\/uploads\/2024\/01\/Bach-und-Rossini.jpeg","type":"image\/jpeg"}],"author":"Musikzeitung-Redaktion","twitter_card":"summary_large_image","twitter_creator":"@smusikzeitung","twitter_site":"@smusikzeitung","twitter_misc":{"Scritto da":"Musikzeitung-Redaktion","Tempo di lettura stimato":"3 minuti"},"schema":{"@context":"https:\/\/schema.org","@graph":[{"@type":"Article","@id":"https:\/\/www.revuemusicale.ch\/critiques\/livres-et-partitions\/2024\/01\/bach-et-lopera-allemand#article","isPartOf":{"@id":"https:\/\/www.revuemusicale.ch\/critiques\/livres-et-partitions\/2024\/01\/bach-et-lopera-allemand"},"author":{"name":"Musikzeitung-Redaktion","@id":"https:\/\/www.revuemusicale.ch\/#\/schema\/person\/b2fd892c800856270b9dcc6001265712"},"headline":"Bach et l\u2019op\u00e9ra allemand \u2013 Rossini sans fable","datePublished":"2024-01-23T09:46:30+00:00","dateModified":"2024-03-27T09:32:21+00:00","mainEntityOfPage":{"@id":"https:\/\/www.revuemusicale.ch\/critiques\/livres-et-partitions\/2024\/01\/bach-et-lopera-allemand"},"wordCount":609,"publisher":{"@id":"https:\/\/www.revuemusicale.ch\/#organization"},"image":{"@id":"https:\/\/www.revuemusicale.ch\/critiques\/livres-et-partitions\/2024\/01\/bach-et-lopera-allemand#primaryimage"},"thumbnailUrl":"https:\/\/www.revuemusicale.ch\/wp-content\/uploads\/2024\/01\/Bach-und-Rossini.jpeg","keywords":["Biographie","Gilles Cantagrel","Gioachino Rossini","Gr\u00e9goire Ayala","Johann Sebastian Bach","Op\u00e9ra"],"articleSection":["Critiques","Livres et partitions"],"inLanguage":"it-IT"},{"@type":"WebPage","@id":"https:\/\/www.revuemusicale.ch\/critiques\/livres-et-partitions\/2024\/01\/bach-et-lopera-allemand","url":"https:\/\/www.revuemusicale.ch\/critiques\/livres-et-partitions\/2024\/01\/bach-et-lopera-allemand","name":"Bach et l\u2019op\u00e9ra allemand \u2013 Rossini sans fable - Revue Musicale Suisse","isPartOf":{"@id":"https:\/\/www.revuemusicale.ch\/#website"},"primaryImageOfPage":{"@id":"https:\/\/www.revuemusicale.ch\/critiques\/livres-et-partitions\/2024\/01\/bach-et-lopera-allemand#primaryimage"},"image":{"@id":"https:\/\/www.revuemusicale.ch\/critiques\/livres-et-partitions\/2024\/01\/bach-et-lopera-allemand#primaryimage"},"thumbnailUrl":"https:\/\/www.revuemusicale.ch\/wp-content\/uploads\/2024\/01\/Bach-und-Rossini.jpeg","datePublished":"2024-01-23T09:46:30+00:00","dateModified":"2024-03-27T09:32:21+00:00","breadcrumb":{"@id":"https:\/\/www.revuemusicale.ch\/critiques\/livres-et-partitions\/2024\/01\/bach-et-lopera-allemand#breadcrumb"},"inLanguage":"it-IT","potentialAction":[{"@type":"ReadAction","target":["https:\/\/www.revuemusicale.ch\/critiques\/livres-et-partitions\/2024\/01\/bach-et-lopera-allemand"]}]},{"@type":"ImageObject","inLanguage":"it-IT","@id":"https:\/\/www.revuemusicale.ch\/critiques\/livres-et-partitions\/2024\/01\/bach-et-lopera-allemand#primaryimage","url":"https:\/\/www.revuemusicale.ch\/wp-content\/uploads\/2024\/01\/Bach-und-Rossini.jpeg","contentUrl":"https:\/\/www.revuemusicale.ch\/wp-content\/uploads\/2024\/01\/Bach-und-Rossini.jpeg","width":1400,"height":923},{"@type":"BreadcrumbList","@id":"https:\/\/www.revuemusicale.ch\/critiques\/livres-et-partitions\/2024\/01\/bach-et-lopera-allemand#breadcrumb","itemListElement":[{"@type":"ListItem","position":1,"name":"Home","item":"https:\/\/www.revuemusicale.ch\/"},{"@type":"ListItem","position":2,"name":"Bach et l\u2019op\u00e9ra allemand \u2013 Rossini sans fable"}]},{"@type":"WebSite","@id":"https:\/\/www.revuemusicale.ch\/#website","url":"https:\/\/www.revuemusicale.ch\/","name":"Rassegna musicale svizzera","description":"","publisher":{"@id":"https:\/\/www.revuemusicale.ch\/#organization"},"potentialAction":[{"@type":"SearchAction","target":{"@type":"EntryPoint","urlTemplate":"https:\/\/www.revuemusicale.ch\/?s={search_term_string}"},"query-input":{"@type":"PropertyValueSpecification","valueRequired":true,"valueName":"search_term_string"}}],"inLanguage":"it-IT"},{"@type":"Organization","@id":"https:\/\/www.revuemusicale.ch\/#organization","name":"Rassegna musicale svizzera","url":"https:\/\/www.revuemusicale.ch\/","logo":{"@type":"ImageObject","inLanguage":"it-IT","@id":"https:\/\/www.revuemusicale.ch\/#\/schema\/logo\/image\/","url":"https:\/\/www.revuemusicale.ch\/wp-content\/uploads\/2023\/01\/logo_revuemusicale_musikzeitung.jpg","contentUrl":"https:\/\/www.revuemusicale.ch\/wp-content\/uploads\/2023\/01\/logo_revuemusicale_musikzeitung.jpg","width":1200,"height":243,"caption":"Revue Musicale Suisse"},"image":{"@id":"https:\/\/www.revuemusicale.ch\/#\/schema\/logo\/image\/"},"sameAs":["https:\/\/www.facebook.com\/SchweizerMusikzeitung\/","https:\/\/x.com\/smusikzeitung","https:\/\/www.instagram.com\/musikzeitung.ch\/?hl=de"]},{"@type":"Person","@id":"https:\/\/www.revuemusicale.ch\/#\/schema\/person\/b2fd892c800856270b9dcc6001265712","name":"Musikzeitung-Redaktion","image":{"@type":"ImageObject","inLanguage":"it-IT","@id":"https:\/\/secure.gravatar.com\/avatar\/0c7e6a405862e402eb76a70f8a26fc732d07c32931e9fae9ab1582911d2e8a3b?s=96&d=mm&r=g","url":"https:\/\/secure.gravatar.com\/avatar\/0c7e6a405862e402eb76a70f8a26fc732d07c32931e9fae9ab1582911d2e8a3b?s=96&d=mm&r=g","contentUrl":"https:\/\/secure.gravatar.com\/avatar\/0c7e6a405862e402eb76a70f8a26fc732d07c32931e9fae9ab1582911d2e8a3b?s=96&d=mm&r=g","caption":"Musikzeitung-Redaktion"},"sameAs":["http:\/\/wundo-docker.io"],"url":"https:\/\/www.revuemusicale.ch\/it\/author\/admin"}]}},"publishpress_future_action":{"enabled":false,"date":"1970-01-01 01:00:00","action":"change-status","newStatus":"draft","terms":[],"taxonomy":"category","extraData":[]},"publishpress_future_workflow_manual_trigger":{"enabledWorkflows":[]},"_links":{"self":[{"href":"https:\/\/www.revuemusicale.ch\/it\/wp-json\/wp\/v2\/posts\/30039","targetHints":{"allow":["GET"]}}],"collection":[{"href":"https:\/\/www.revuemusicale.ch\/it\/wp-json\/wp\/v2\/posts"}],"about":[{"href":"https:\/\/www.revuemusicale.ch\/it\/wp-json\/wp\/v2\/types\/post"}],"author":[{"embeddable":true,"href":"https:\/\/www.revuemusicale.ch\/it\/wp-json\/wp\/v2\/users\/1"}],"replies":[{"embeddable":true,"href":"https:\/\/www.revuemusicale.ch\/it\/wp-json\/wp\/v2\/comments?post=30039"}],"version-history":[{"count":5,"href":"https:\/\/www.revuemusicale.ch\/it\/wp-json\/wp\/v2\/posts\/30039\/revisions"}],"predecessor-version":[{"id":30047,"href":"https:\/\/www.revuemusicale.ch\/it\/wp-json\/wp\/v2\/posts\/30039\/revisions\/30047"}],"wp:featuredmedia":[{"embeddable":true,"href":"https:\/\/www.revuemusicale.ch\/it\/wp-json\/wp\/v2\/media\/30043"}],"wp:attachment":[{"href":"https:\/\/www.revuemusicale.ch\/it\/wp-json\/wp\/v2\/media?parent=30039"}],"wp:term":[{"taxonomy":"category","embeddable":true,"href":"https:\/\/www.revuemusicale.ch\/it\/wp-json\/wp\/v2\/categories?post=30039"},{"taxonomy":"post_tag","embeddable":true,"href":"https:\/\/www.revuemusicale.ch\/it\/wp-json\/wp\/v2\/tags?post=30039"}],"curies":[{"name":"wp","href":"https:\/\/api.w.org\/{rel}","templated":true}]}}