{"id":30073,"date":"2024-01-24T21:59:08","date_gmt":"2024-01-24T20:59:08","guid":{"rendered":"https:\/\/www.revuemusicale.ch\/?p=30073"},"modified":"2024-01-24T21:59:08","modified_gmt":"2024-01-24T20:59:08","slug":"en-memoire-de-franz-martin-kung-1948-2023","status":"publish","type":"post","link":"https:\/\/www.revuemusicale.ch\/it\/basis\/sspm\/2024\/01\/en-memoire-de-franz-martin-kung-1948-2023","title":{"rendered":"In memoria di Franz Martin K\u00fcng (1948-2023)"},"content":{"rendered":"<p>In casa K\u00fcng la cultura e soprattutto la musica erano molto importanti. La madre di Franz Martin era insegnante di pianoforte e il padre era un parrucchiere molto richiesto a Baden e un parrucchiere per l'industria del cinema muto. Il piccolo Franz accompagnava il padre, appassionato di musica, all'opera fin da piccolo e, nella sua collezione di dischi in gommalacca che cresceva sempre di pi\u00f9, era in grado di riconoscere dai solchi i brani che stava ascoltando, ancor prima di saper leggere le scritte sulle copertine.<\/p>\n<p>Da studente prende lezioni di danza classica, il suo talento viene scoperto e riesce a partecipare a spettacoli al Teatro dell'Opera di Zurigo. Solo quando and\u00f2 in collegio a Zug, dove si form\u00f2 come insegnante di scuola elementare, Franz cap\u00ec che la sua vocazione era quella di diventare un pianista piuttosto che un ballerino. Si esercita per molte ore al giorno con il suo strumento e finisce per studiare pianoforte privatamente con Irma Schaichet alla SSPM.<\/p>\n<p>Pare che stesse suonando il Primo Concerto per pianoforte di Beethoven durante una lezione di pianoforte a casa della signora Schaichet, quando G\u00e9za Anda suon\u00f2 per parlarle. La signora gli chiese di aspettare in giardino fino alla fine della lezione e fu l\u00ec che G\u00e9za Anda sent\u00ec Franz Martin suonare il pianoforte attraverso la finestra aperta. Il fatto che egli stesse cercando un sostituto per il 1\u00b0 Beethoven in Croazia fu una felice coincidenza per il giovane pianista, che accett\u00f2 volentieri l'incarico. La sua successiva carriera internazionale lo port\u00f2 da Londra ad Atene, Stoccolma e Roma. Amava particolarmente raccontare l'esecuzione del 3\u00b0 Concerto per pianoforte e orchestra di Beethoven sotto la direzione di Ricardo Muti. Nonostante il suo amore per il pianoforte e per i concerti, scopr\u00ec anche il lato negativo di una simile carriera: i continui viaggi, la conseguente solitudine e la grande fatica fisica gli pesavano sempre di pi\u00f9. Mentre avrebbe dovuto tenere innumerevoli concerti con un unico programma \"come un operaio della catena di montaggio\" per ottenere un contratto discografico, si rese conto di non essere tagliato per questo.<\/p>\n<p>Assunse quindi l'incarico di insegnante di pianoforte a Kanti Baden e trov\u00f2 la sua vera vocazione di insegnante appassionato. Se uno dei suoi allievi si distingueva per il suo \"talento originale\", era particolarmente severo. Sapeva che per esercitare questa professione non bisognava solo essere dotati e lavorare sodo, ma anche avere una volont\u00e0 di ferro. Pretendeva molto da loro, ma li sosteneva anche facendo capire loro che credeva in loro e che avrebbero potuto fare qualsiasi cosa se si fossero impegnati. E poich\u00e9 sapeva quanto fosse importante l'esperienza del palcoscenico, ogni anno organizzava diversi concerti per i giovani artisti.<\/p>\n<p>Fin dai suoi studi, si \u00e8 sentito molto vicino alla SSPM. \u00c8 stato eletto nel comitato della sezione argoviese e alla fine ne ha assunto la presidenza. Naturalmente, ha spesso svolto il ruolo di esperto agli esami di diploma, dove ha giudicato con competenza, rigore e simpatia. La \"vecchia\" SSPM con la sua formazione professionale era la \"sua\" SSPM. Dopo che quest'ultima fu interamente affidata al Kalaidos HEM, rimase fedele alla SSPM, ma mi disse a margine di una conferenza presidenziale: \"Ah, sa, forse sono un po' fuori tempo; \u00e8 bene che lo faccia ora\". Il 24 novembre - gravemente segnato dalla malattia - consegn\u00f2 i documenti della sezione argoviese al suo successore, appena due giorni prima della sua morte.<\/p>\n<p>&nbsp;<\/p>","protected":false},"excerpt":{"rendered":"<p>Il nostro collega Franz Martin K\u00fcng \u00e8 morto il 26 novembre 2023 dopo una grave malattia. \u00c8 stato presidente della Sezione Argovia e ha organizzato innumerevoli concerti per giovani artisti di talento.<\/p>","protected":false},"author":21898,"featured_media":30074,"comment_status":"closed","ping_status":"closed","sticky":false,"template":"","format":"standard","meta":{"_acf_changed":false,"_relevanssi_hide_post":"","_relevanssi_hide_content":"","_relevanssi_pin_for_all":"","_relevanssi_pin_keywords":"","_relevanssi_unpin_keywords":"","_relevanssi_related_keywords":"","_relevanssi_related_include_ids":"","_relevanssi_related_exclude_ids":"","_relevanssi_related_no_append":"","_relevanssi_related_not_related":"","_relevanssi_related_posts":"","_relevanssi_noindex_reason":"","pgc_sgb_lightbox_settings":"","footnotes":""},"categories":[51],"tags":[],"class_list":["post-30073","post","type-post","status-publish","format-standard","has-post-thumbnail","hentry","category-sspm"],"acf":[],"yoast_head":"<!-- This site is optimized with the Yoast SEO plugin v27.3 - https:\/\/yoast.com\/product\/yoast-seo-wordpress\/ -->\n<title>En m\u00e9moire de Franz Martin K\u00fcng (1948 - 2023) - Revue Musicale Suisse<\/title>\n<meta name=\"description\" content=\"Franz Martin K\u00fcng, est d\u00e9c\u00e9d\u00e9 le 26 novembre 2023 suite \u00e0 une grave maladie.\" \/>\n<meta name=\"robots\" content=\"index, follow, max-snippet:-1, max-image-preview:large, max-video-preview:-1\" \/>\n<link rel=\"canonical\" href=\"https:\/\/www.revuemusicale.ch\/it\/basis\/sspm\/2024\/01\/en-memoire-de-franz-martin-kung-1948-2023\/\" \/>\n<meta property=\"og:locale\" content=\"it_IT\" \/>\n<meta property=\"og:type\" content=\"article\" \/>\n<meta property=\"og:title\" content=\"En m\u00e9moire de Franz Martin K\u00fcng (1948 - 2023) - Revue Musicale Suisse\" \/>\n<meta property=\"og:description\" content=\"Franz Martin K\u00fcng, est d\u00e9c\u00e9d\u00e9 le 26 novembre 2023 suite \u00e0 une grave maladie.\" \/>\n<meta property=\"og:url\" content=\"https:\/\/www.revuemusicale.ch\/it\/basis\/sspm\/2024\/01\/en-memoire-de-franz-martin-kung-1948-2023\/\" \/>\n<meta property=\"og:site_name\" content=\"Revue Musicale Suisse\" \/>\n<meta property=\"article:publisher\" content=\"https:\/\/www.facebook.com\/SchweizerMusikzeitung\/\" \/>\n<meta property=\"article:published_time\" content=\"2024-01-24T20:59:08+00:00\" \/>\n<meta property=\"og:image\" content=\"https:\/\/www.revuemusicale.ch\/wp-content\/uploads\/2024\/01\/Bildschirm\u00adfoto-2024-01-24-um-21.47.16.png\" \/>\n\t<meta property=\"og:image:width\" content=\"856\" \/>\n\t<meta property=\"og:image:height\" content=\"892\" \/>\n\t<meta property=\"og:image:type\" content=\"image\/png\" \/>\n<meta name=\"author\" content=\"Marianne W\u00e4lchli\" \/>\n<meta name=\"twitter:card\" content=\"summary_large_image\" \/>\n<meta name=\"twitter:creator\" content=\"@smusikzeitung\" \/>\n<meta name=\"twitter:site\" content=\"@smusikzeitung\" \/>\n<meta name=\"twitter:label1\" content=\"Scritto da\" \/>\n\t<meta name=\"twitter:data1\" content=\"Marianne W\u00e4lchli\" \/>\n\t<meta name=\"twitter:label2\" content=\"Tempo di lettura stimato\" \/>\n\t<meta name=\"twitter:data2\" content=\"3 minuti\" \/>\n<script type=\"application\/ld+json\" class=\"yoast-schema-graph\">{\"@context\":\"https:\\\/\\\/schema.org\",\"@graph\":[{\"@type\":\"Article\",\"@id\":\"https:\\\/\\\/www.revuemusicale.ch\\\/basis\\\/sspm\\\/2024\\\/01\\\/en-memoire-de-franz-martin-kung-1948-2023#article\",\"isPartOf\":{\"@id\":\"https:\\\/\\\/www.revuemusicale.ch\\\/basis\\\/sspm\\\/2024\\\/01\\\/en-memoire-de-franz-martin-kung-1948-2023\"},\"author\":{\"name\":\"Marianne W\u00e4lchli\",\"@id\":\"https:\\\/\\\/www.revuemusicale.ch\\\/#\\\/schema\\\/person\\\/aed9e141f1c6eabca23927825882e9bd\"},\"headline\":\"En m\u00e9moire de Franz Martin K\u00fcng (1948 &#8211; 2023)\",\"datePublished\":\"2024-01-24T20:59:08+00:00\",\"mainEntityOfPage\":{\"@id\":\"https:\\\/\\\/www.revuemusicale.ch\\\/basis\\\/sspm\\\/2024\\\/01\\\/en-memoire-de-franz-martin-kung-1948-2023\"},\"wordCount\":673,\"publisher\":{\"@id\":\"https:\\\/\\\/www.revuemusicale.ch\\\/#organization\"},\"image\":{\"@id\":\"https:\\\/\\\/www.revuemusicale.ch\\\/basis\\\/sspm\\\/2024\\\/01\\\/en-memoire-de-franz-martin-kung-1948-2023#primaryimage\"},\"thumbnailUrl\":\"https:\\\/\\\/www.revuemusicale.ch\\\/wp-content\\\/uploads\\\/2024\\\/01\\\/Bildschirm\u00adfoto-2024-01-24-um-21.47.16.png\",\"articleSection\":[\"SSPM\"],\"inLanguage\":\"it-IT\"},{\"@type\":\"WebPage\",\"@id\":\"https:\\\/\\\/www.revuemusicale.ch\\\/basis\\\/sspm\\\/2024\\\/01\\\/en-memoire-de-franz-martin-kung-1948-2023\",\"url\":\"https:\\\/\\\/www.revuemusicale.ch\\\/basis\\\/sspm\\\/2024\\\/01\\\/en-memoire-de-franz-martin-kung-1948-2023\",\"name\":\"En m\u00e9moire de Franz Martin K\u00fcng (1948 - 2023) - Revue Musicale Suisse\",\"isPartOf\":{\"@id\":\"https:\\\/\\\/www.revuemusicale.ch\\\/#website\"},\"primaryImageOfPage\":{\"@id\":\"https:\\\/\\\/www.revuemusicale.ch\\\/basis\\\/sspm\\\/2024\\\/01\\\/en-memoire-de-franz-martin-kung-1948-2023#primaryimage\"},\"image\":{\"@id\":\"https:\\\/\\\/www.revuemusicale.ch\\\/basis\\\/sspm\\\/2024\\\/01\\\/en-memoire-de-franz-martin-kung-1948-2023#primaryimage\"},\"thumbnailUrl\":\"https:\\\/\\\/www.revuemusicale.ch\\\/wp-content\\\/uploads\\\/2024\\\/01\\\/Bildschirm\u00adfoto-2024-01-24-um-21.47.16.png\",\"datePublished\":\"2024-01-24T20:59:08+00:00\",\"description\":\"Franz Martin K\u00fcng, est d\u00e9c\u00e9d\u00e9 le 26 novembre 2023 suite \u00e0 une grave maladie.\",\"breadcrumb\":{\"@id\":\"https:\\\/\\\/www.revuemusicale.ch\\\/basis\\\/sspm\\\/2024\\\/01\\\/en-memoire-de-franz-martin-kung-1948-2023#breadcrumb\"},\"inLanguage\":\"it-IT\",\"potentialAction\":[{\"@type\":\"ReadAction\",\"target\":[\"https:\\\/\\\/www.revuemusicale.ch\\\/basis\\\/sspm\\\/2024\\\/01\\\/en-memoire-de-franz-martin-kung-1948-2023\"]}]},{\"@type\":\"ImageObject\",\"inLanguage\":\"it-IT\",\"@id\":\"https:\\\/\\\/www.revuemusicale.ch\\\/basis\\\/sspm\\\/2024\\\/01\\\/en-memoire-de-franz-martin-kung-1948-2023#primaryimage\",\"url\":\"https:\\\/\\\/www.revuemusicale.ch\\\/wp-content\\\/uploads\\\/2024\\\/01\\\/Bildschirm\u00adfoto-2024-01-24-um-21.47.16.png\",\"contentUrl\":\"https:\\\/\\\/www.revuemusicale.ch\\\/wp-content\\\/uploads\\\/2024\\\/01\\\/Bildschirm\u00adfoto-2024-01-24-um-21.47.16.png\",\"width\":856,\"height\":892},{\"@type\":\"BreadcrumbList\",\"@id\":\"https:\\\/\\\/www.revuemusicale.ch\\\/basis\\\/sspm\\\/2024\\\/01\\\/en-memoire-de-franz-martin-kung-1948-2023#breadcrumb\",\"itemListElement\":[{\"@type\":\"ListItem\",\"position\":1,\"name\":\"Home\",\"item\":\"https:\\\/\\\/www.revuemusicale.ch\\\/\"},{\"@type\":\"ListItem\",\"position\":2,\"name\":\"En m\u00e9moire de Franz Martin K\u00fcng (1948 &#8211; 2023)\"}]},{\"@type\":\"WebSite\",\"@id\":\"https:\\\/\\\/www.revuemusicale.ch\\\/#website\",\"url\":\"https:\\\/\\\/www.revuemusicale.ch\\\/\",\"name\":\"Revue Musicale Suisse\",\"description\":\"\",\"publisher\":{\"@id\":\"https:\\\/\\\/www.revuemusicale.ch\\\/#organization\"},\"potentialAction\":[{\"@type\":\"SearchAction\",\"target\":{\"@type\":\"EntryPoint\",\"urlTemplate\":\"https:\\\/\\\/www.revuemusicale.ch\\\/?s={search_term_string}\"},\"query-input\":{\"@type\":\"PropertyValueSpecification\",\"valueRequired\":true,\"valueName\":\"search_term_string\"}}],\"inLanguage\":\"it-IT\"},{\"@type\":\"Organization\",\"@id\":\"https:\\\/\\\/www.revuemusicale.ch\\\/#organization\",\"name\":\"Revue Musicale Suisse\",\"url\":\"https:\\\/\\\/www.revuemusicale.ch\\\/\",\"logo\":{\"@type\":\"ImageObject\",\"inLanguage\":\"it-IT\",\"@id\":\"https:\\\/\\\/www.revuemusicale.ch\\\/#\\\/schema\\\/logo\\\/image\\\/\",\"url\":\"https:\\\/\\\/www.revuemusicale.ch\\\/wp-content\\\/uploads\\\/2023\\\/01\\\/logo_revuemusicale_musikzeitung.jpg\",\"contentUrl\":\"https:\\\/\\\/www.revuemusicale.ch\\\/wp-content\\\/uploads\\\/2023\\\/01\\\/logo_revuemusicale_musikzeitung.jpg\",\"width\":1200,\"height\":243,\"caption\":\"Revue Musicale Suisse\"},\"image\":{\"@id\":\"https:\\\/\\\/www.revuemusicale.ch\\\/#\\\/schema\\\/logo\\\/image\\\/\"},\"sameAs\":[\"https:\\\/\\\/www.facebook.com\\\/SchweizerMusikzeitung\\\/\",\"https:\\\/\\\/x.com\\\/smusikzeitung\",\"https:\\\/\\\/www.instagram.com\\\/musikzeitung.ch\\\/?hl=de\"]},{\"@type\":\"Person\",\"@id\":\"https:\\\/\\\/www.revuemusicale.ch\\\/#\\\/schema\\\/person\\\/aed9e141f1c6eabca23927825882e9bd\",\"name\":\"Marianne W\u00e4lchli\",\"image\":{\"@type\":\"ImageObject\",\"inLanguage\":\"it-IT\",\"@id\":\"https:\\\/\\\/secure.gravatar.com\\\/avatar\\\/38051b42066354b3387944d4858f0db38df9bd42750adce08eb2e6606490c55f?s=96&d=mm&r=g\",\"url\":\"https:\\\/\\\/secure.gravatar.com\\\/avatar\\\/38051b42066354b3387944d4858f0db38df9bd42750adce08eb2e6606490c55f?s=96&d=mm&r=g\",\"contentUrl\":\"https:\\\/\\\/secure.gravatar.com\\\/avatar\\\/38051b42066354b3387944d4858f0db38df9bd42750adce08eb2e6606490c55f?s=96&d=mm&r=g\",\"caption\":\"Marianne W\u00e4lchli\"},\"url\":\"https:\\\/\\\/www.revuemusicale.ch\\\/it\\\/author\\\/marianne-waelchli\"}]}<\/script>\n<!-- \/ Yoast SEO plugin. -->","yoast_head_json":{"title":"En m\u00e9moire de Franz Martin K\u00fcng (1948 - 2023) - Revue Musicale Suisse","description":"Franz Martin K\u00fcng, est d\u00e9c\u00e9d\u00e9 le 26 novembre 2023 suite \u00e0 une grave maladie.","robots":{"index":"index","follow":"follow","max-snippet":"max-snippet:-1","max-image-preview":"max-image-preview:large","max-video-preview":"max-video-preview:-1"},"canonical":"https:\/\/www.revuemusicale.ch\/it\/basis\/sspm\/2024\/01\/en-memoire-de-franz-martin-kung-1948-2023\/","og_locale":"it_IT","og_type":"article","og_title":"En m\u00e9moire de Franz Martin K\u00fcng (1948 - 2023) - Revue Musicale Suisse","og_description":"Franz Martin K\u00fcng, est d\u00e9c\u00e9d\u00e9 le 26 novembre 2023 suite \u00e0 une grave maladie.","og_url":"https:\/\/www.revuemusicale.ch\/it\/basis\/sspm\/2024\/01\/en-memoire-de-franz-martin-kung-1948-2023\/","og_site_name":"Revue Musicale Suisse","article_publisher":"https:\/\/www.facebook.com\/SchweizerMusikzeitung\/","article_published_time":"2024-01-24T20:59:08+00:00","og_image":[{"width":856,"height":892,"url":"https:\/\/www.revuemusicale.ch\/wp-content\/uploads\/2024\/01\/Bildschirm\u00adfoto-2024-01-24-um-21.47.16.png","type":"image\/png"}],"author":"Marianne W\u00e4lchli","twitter_card":"summary_large_image","twitter_creator":"@smusikzeitung","twitter_site":"@smusikzeitung","twitter_misc":{"Scritto da":"Marianne W\u00e4lchli","Tempo di lettura stimato":"3 minuti"},"schema":{"@context":"https:\/\/schema.org","@graph":[{"@type":"Article","@id":"https:\/\/www.revuemusicale.ch\/basis\/sspm\/2024\/01\/en-memoire-de-franz-martin-kung-1948-2023#article","isPartOf":{"@id":"https:\/\/www.revuemusicale.ch\/basis\/sspm\/2024\/01\/en-memoire-de-franz-martin-kung-1948-2023"},"author":{"name":"Marianne W\u00e4lchli","@id":"https:\/\/www.revuemusicale.ch\/#\/schema\/person\/aed9e141f1c6eabca23927825882e9bd"},"headline":"En m\u00e9moire de Franz Martin K\u00fcng (1948 &#8211; 2023)","datePublished":"2024-01-24T20:59:08+00:00","mainEntityOfPage":{"@id":"https:\/\/www.revuemusicale.ch\/basis\/sspm\/2024\/01\/en-memoire-de-franz-martin-kung-1948-2023"},"wordCount":673,"publisher":{"@id":"https:\/\/www.revuemusicale.ch\/#organization"},"image":{"@id":"https:\/\/www.revuemusicale.ch\/basis\/sspm\/2024\/01\/en-memoire-de-franz-martin-kung-1948-2023#primaryimage"},"thumbnailUrl":"https:\/\/www.revuemusicale.ch\/wp-content\/uploads\/2024\/01\/Bildschirm\u00adfoto-2024-01-24-um-21.47.16.png","articleSection":["SSPM"],"inLanguage":"it-IT"},{"@type":"WebPage","@id":"https:\/\/www.revuemusicale.ch\/basis\/sspm\/2024\/01\/en-memoire-de-franz-martin-kung-1948-2023","url":"https:\/\/www.revuemusicale.ch\/basis\/sspm\/2024\/01\/en-memoire-de-franz-martin-kung-1948-2023","name":"En m\u00e9moire de Franz Martin K\u00fcng (1948 - 2023) - Revue Musicale Suisse","isPartOf":{"@id":"https:\/\/www.revuemusicale.ch\/#website"},"primaryImageOfPage":{"@id":"https:\/\/www.revuemusicale.ch\/basis\/sspm\/2024\/01\/en-memoire-de-franz-martin-kung-1948-2023#primaryimage"},"image":{"@id":"https:\/\/www.revuemusicale.ch\/basis\/sspm\/2024\/01\/en-memoire-de-franz-martin-kung-1948-2023#primaryimage"},"thumbnailUrl":"https:\/\/www.revuemusicale.ch\/wp-content\/uploads\/2024\/01\/Bildschirm\u00adfoto-2024-01-24-um-21.47.16.png","datePublished":"2024-01-24T20:59:08+00:00","description":"Franz Martin K\u00fcng, est d\u00e9c\u00e9d\u00e9 le 26 novembre 2023 suite \u00e0 une grave maladie.","breadcrumb":{"@id":"https:\/\/www.revuemusicale.ch\/basis\/sspm\/2024\/01\/en-memoire-de-franz-martin-kung-1948-2023#breadcrumb"},"inLanguage":"it-IT","potentialAction":[{"@type":"ReadAction","target":["https:\/\/www.revuemusicale.ch\/basis\/sspm\/2024\/01\/en-memoire-de-franz-martin-kung-1948-2023"]}]},{"@type":"ImageObject","inLanguage":"it-IT","@id":"https:\/\/www.revuemusicale.ch\/basis\/sspm\/2024\/01\/en-memoire-de-franz-martin-kung-1948-2023#primaryimage","url":"https:\/\/www.revuemusicale.ch\/wp-content\/uploads\/2024\/01\/Bildschirm\u00adfoto-2024-01-24-um-21.47.16.png","contentUrl":"https:\/\/www.revuemusicale.ch\/wp-content\/uploads\/2024\/01\/Bildschirm\u00adfoto-2024-01-24-um-21.47.16.png","width":856,"height":892},{"@type":"BreadcrumbList","@id":"https:\/\/www.revuemusicale.ch\/basis\/sspm\/2024\/01\/en-memoire-de-franz-martin-kung-1948-2023#breadcrumb","itemListElement":[{"@type":"ListItem","position":1,"name":"Home","item":"https:\/\/www.revuemusicale.ch\/"},{"@type":"ListItem","position":2,"name":"En m\u00e9moire de Franz Martin K\u00fcng (1948 &#8211; 2023)"}]},{"@type":"WebSite","@id":"https:\/\/www.revuemusicale.ch\/#website","url":"https:\/\/www.revuemusicale.ch\/","name":"Rassegna musicale svizzera","description":"","publisher":{"@id":"https:\/\/www.revuemusicale.ch\/#organization"},"potentialAction":[{"@type":"SearchAction","target":{"@type":"EntryPoint","urlTemplate":"https:\/\/www.revuemusicale.ch\/?s={search_term_string}"},"query-input":{"@type":"PropertyValueSpecification","valueRequired":true,"valueName":"search_term_string"}}],"inLanguage":"it-IT"},{"@type":"Organization","@id":"https:\/\/www.revuemusicale.ch\/#organization","name":"Rassegna musicale svizzera","url":"https:\/\/www.revuemusicale.ch\/","logo":{"@type":"ImageObject","inLanguage":"it-IT","@id":"https:\/\/www.revuemusicale.ch\/#\/schema\/logo\/image\/","url":"https:\/\/www.revuemusicale.ch\/wp-content\/uploads\/2023\/01\/logo_revuemusicale_musikzeitung.jpg","contentUrl":"https:\/\/www.revuemusicale.ch\/wp-content\/uploads\/2023\/01\/logo_revuemusicale_musikzeitung.jpg","width":1200,"height":243,"caption":"Revue Musicale Suisse"},"image":{"@id":"https:\/\/www.revuemusicale.ch\/#\/schema\/logo\/image\/"},"sameAs":["https:\/\/www.facebook.com\/SchweizerMusikzeitung\/","https:\/\/x.com\/smusikzeitung","https:\/\/www.instagram.com\/musikzeitung.ch\/?hl=de"]},{"@type":"Person","@id":"https:\/\/www.revuemusicale.ch\/#\/schema\/person\/aed9e141f1c6eabca23927825882e9bd","name":"Marianne W\u00e4lchli","image":{"@type":"ImageObject","inLanguage":"it-IT","@id":"https:\/\/secure.gravatar.com\/avatar\/38051b42066354b3387944d4858f0db38df9bd42750adce08eb2e6606490c55f?s=96&d=mm&r=g","url":"https:\/\/secure.gravatar.com\/avatar\/38051b42066354b3387944d4858f0db38df9bd42750adce08eb2e6606490c55f?s=96&d=mm&r=g","contentUrl":"https:\/\/secure.gravatar.com\/avatar\/38051b42066354b3387944d4858f0db38df9bd42750adce08eb2e6606490c55f?s=96&d=mm&r=g","caption":"Marianne W\u00e4lchli"},"url":"https:\/\/www.revuemusicale.ch\/it\/author\/marianne-waelchli"}]}},"publishpress_future_action":{"enabled":false,"date":"1970-01-01 01:00:00","action":"change-status","newStatus":"draft","terms":[],"taxonomy":"category","extraData":[]},"publishpress_future_workflow_manual_trigger":{"enabledWorkflows":[]},"_links":{"self":[{"href":"https:\/\/www.revuemusicale.ch\/it\/wp-json\/wp\/v2\/posts\/30073","targetHints":{"allow":["GET"]}}],"collection":[{"href":"https:\/\/www.revuemusicale.ch\/it\/wp-json\/wp\/v2\/posts"}],"about":[{"href":"https:\/\/www.revuemusicale.ch\/it\/wp-json\/wp\/v2\/types\/post"}],"author":[{"embeddable":true,"href":"https:\/\/www.revuemusicale.ch\/it\/wp-json\/wp\/v2\/users\/21898"}],"replies":[{"embeddable":true,"href":"https:\/\/www.revuemusicale.ch\/it\/wp-json\/wp\/v2\/comments?post=30073"}],"version-history":[{"count":1,"href":"https:\/\/www.revuemusicale.ch\/it\/wp-json\/wp\/v2\/posts\/30073\/revisions"}],"predecessor-version":[{"id":30075,"href":"https:\/\/www.revuemusicale.ch\/it\/wp-json\/wp\/v2\/posts\/30073\/revisions\/30075"}],"wp:featuredmedia":[{"embeddable":true,"href":"https:\/\/www.revuemusicale.ch\/it\/wp-json\/wp\/v2\/media\/30074"}],"wp:attachment":[{"href":"https:\/\/www.revuemusicale.ch\/it\/wp-json\/wp\/v2\/media?parent=30073"}],"wp:term":[{"taxonomy":"category","embeddable":true,"href":"https:\/\/www.revuemusicale.ch\/it\/wp-json\/wp\/v2\/categories?post=30073"},{"taxonomy":"post_tag","embeddable":true,"href":"https:\/\/www.revuemusicale.ch\/it\/wp-json\/wp\/v2\/tags?post=30073"}],"curies":[{"name":"wp","href":"https:\/\/api.w.org\/{rel}","templated":true}]}}